{"id":24998,"date":"2024-06-17T15:50:08","date_gmt":"2024-06-17T13:50:08","guid":{"rendered":"https:\/\/blog.ccc.eu\/pl\/?p=24998"},"modified":"2024-06-17T15:50:10","modified_gmt":"2024-06-17T13:50:10","slug":"wybor-redaktorki-modowej-ccc-najlepsze-sandaly-do-pracy-top-3","status":"publish","type":"post","link":"https:\/\/blog.ccc.eu\/pl\/wybor-redaktorki-modowej-ccc-najlepsze-sandaly-do-pracy-top-3\/","title":{"rendered":"Wyb\u00f3r redaktorki modowej CCC: najlepsze sanda\u0142y do pracy! TOP 3"},"content":{"rendered":"\n<p><strong>Upalne, gor\u0105ce miesi\u0105ce dopiero s\u0105 przed nami. Skomponowanie komfortowej, a przy okazji modnej stylizacji wcale nie jest takie proste. Szczeg\u00f3lnie, je\u017celi chodzi o buty. Gdy dress code jest wymagany, czy mo\u017cemy pozwoli\u0107 sobie na jakie\u015b odst\u0119pstwa? A mo\u017ce istniej\u0105 eleganckie sanda\u0142y do pracy, kt\u00f3re b\u0119d\u0105 wsp\u00f3\u0142gra\u0142y z oficjalnym lookiem i pogodow\u0105 aur\u0105? Sprawdzi\u0142am ofert\u0119 CCC i znalaz\u0142am w niej idealne sanda\u0142y do pracy w biurze. Zobacz, z kt\u00f3rymi modelami stworzysz letnie miejskie outfty, kt\u00f3re sprawdz\u0105 si\u0119 nie tylko w godzinach pracy, ale te\u017c i poza ni\u0105!<\/strong><\/p>\n\n\n\n<div class=\"wp-block-group is-nowrap is-layout-flex wp-container-core-group-is-layout-ad2f72ca wp-block-group-is-layout-flex\">\n<figure class=\"wp-block-image size-full\"><img loading=\"lazy\" decoding=\"async\" width=\"533\" height=\"800\" src=\"https:\/\/blog.ccc.eu\/pl\/wp-content\/uploads\/2024\/06\/CCC_5905588530480_02M_Copy.jpg\" alt=\"sanda\u0142y do pracy stylizacja\" class=\"wp-image-25000\" srcset=\"https:\/\/blog.ccc.eu\/pl\/wp-content\/uploads\/2024\/06\/CCC_5905588530480_02M_Copy.jpg 533w, https:\/\/blog.ccc.eu\/pl\/wp-content\/uploads\/2024\/06\/CCC_5905588530480_02M_Copy-200x300.jpg 200w, https:\/\/blog.ccc.eu\/pl\/wp-content\/uploads\/2024\/06\/CCC_5905588530480_02M_Copy-100x150.jpg 100w\" sizes=\"auto, (max-width: 533px) 100vw, 533px\" \/><\/figure>\n\n\n\n<figure class=\"wp-block-image size-full\"><img loading=\"lazy\" decoding=\"async\" width=\"533\" height=\"800\" src=\"https:\/\/blog.ccc.eu\/pl\/wp-content\/uploads\/2024\/06\/CCC_5905588517368_02M_Copy.jpg\" alt=\"z\u0142ote sanda\u0142y na obcasie \" class=\"wp-image-25001\" srcset=\"https:\/\/blog.ccc.eu\/pl\/wp-content\/uploads\/2024\/06\/CCC_5905588517368_02M_Copy.jpg 533w, https:\/\/blog.ccc.eu\/pl\/wp-content\/uploads\/2024\/06\/CCC_5905588517368_02M_Copy-200x300.jpg 200w, https:\/\/blog.ccc.eu\/pl\/wp-content\/uploads\/2024\/06\/CCC_5905588517368_02M_Copy-100x150.jpg 100w\" sizes=\"auto, (max-width: 533px) 100vw, 533px\" \/><\/figure>\n<\/div>\n\n\n\n<h2 class=\"wp-block-heading\">#1 Eleganckie sanda\u0142y do pracy<\/h2>\n\n\n\n<p>Do damskiego garnituru, nawet tego lnianego doskonale sprawdz\u0105 si\u0119 eleganckie sanda\u0142y, szczeg\u00f3lnie modele wykonane ze sk\u00f3ry naturalnej. Mo\u017cna \u0142\u0105czy\u0107 je te\u017c z szerokimi spodniami i koszul\u0105 z a\u017curowym haftem. Jakie modele znalaz\u0142am w CCC? <strong>Pi\u0119kne i wyj\u0105tkowe sanda\u0142y od marki Lasocki, kt\u00f3re maj\u0105 u\u0142o\u017cone na krzy\u017c szerokie pasy tworz\u0105ce cholewk\u0119.<\/strong> Zar\u00f3wno czarne jak i be\u017cowe prezentuj\u0105 si\u0119 bardzo dostojnie.<\/p>\n\n\n\n<p>Moj\u0105 uwag\u0119 zwr\u00f3ci\u0142a te\u017c kolekcja Gino Rossi, a w niej nowocze\u015bnie zaprojektowane sanda\u0142y, w kt\u00f3rych projektanci zestawili szerszy pasek, z tym zupe\u0142nie w\u0105skim, co daje niesamowity efekt! Buty s\u0105 eleganckie i bardzo stylowe. W\u015br\u00f3d eleganckiego minimalistycznego obuwia mo\u017cna te\u017c zwr\u00f3ci\u0107 uwag\u0119 na propozycje od Sarah Karen z do\u015b\u0107 mocno zabudowan\u0105 cholewk\u0105 lub wr\u0119cz przeciwnie \u2013 totalny minimalizm w pi\u0119knej formie od Sergio Bardi.<\/p>\n\n\n\n<figure class=\"wp-block-image size-large is-resized\"><img loading=\"lazy\" decoding=\"async\" width=\"1024\" height=\"683\" src=\"https:\/\/blog.ccc.eu\/pl\/wp-content\/uploads\/2024\/06\/240228_CCC_NINEWEST_SS24_1200_Copy-1024x683.jpg\" alt=\"eleganckie sanda\u0142y do pracy nine west\" class=\"wp-image-24999\" style=\"width:840px;height:auto\" srcset=\"https:\/\/blog.ccc.eu\/pl\/wp-content\/uploads\/2024\/06\/240228_CCC_NINEWEST_SS24_1200_Copy-1024x683.jpg 1024w, https:\/\/blog.ccc.eu\/pl\/wp-content\/uploads\/2024\/06\/240228_CCC_NINEWEST_SS24_1200_Copy-300x200.jpg 300w, https:\/\/blog.ccc.eu\/pl\/wp-content\/uploads\/2024\/06\/240228_CCC_NINEWEST_SS24_1200_Copy-768x512.jpg 768w, https:\/\/blog.ccc.eu\/pl\/wp-content\/uploads\/2024\/06\/240228_CCC_NINEWEST_SS24_1200_Copy-100x67.jpg 100w, https:\/\/blog.ccc.eu\/pl\/wp-content\/uploads\/2024\/06\/240228_CCC_NINEWEST_SS24_1200_Copy.jpg 1200w\" sizes=\"auto, (max-width: 1024px) 100vw, 1024px\" \/><\/figure>\n\n\n\n<!-- BEGIN - feed broker -->\n<div class=\"feedbroker\" consumer-code-id=\"2Or81MOE2jYwNzTcw0mz\"><script src=\"https:\/\/app.feed.broker\/consumer\/feedbroker-consumer-script.umd.js?v=1.0.1\" defer=\"\"><\/script><\/div>\n<!-- END - feed broker -->\n\n\n\n<p><\/p>\n\n\n\n<h2 class=\"wp-block-heading\">#2 Sanda\u0142y do pracy w biurze? Modele z zakrytymi pi\u0119tami!<\/h2>\n\n\n\n<p>A co powiesz na sanda\u0142y z zakrytymi pi\u0119tami, na p\u0142askiej podeszwie lub niewysokim obcasie typu klocek? <strong>Te buty s\u0105 hitem tego sezonu, a my odkrywamy ich funkcjonalno\u015b\u0107 ukryt\u0105 w pi\u0119knym minimalizmie i ponadczasowych projektach.<\/strong> Bardzo proste cholewki, sk\u0142adaj\u0105ce si\u0119 zazwyczaj z pojedynczego paska i do tego zakryte piety.<\/p>\n\n\n\n<p>Te buty bardzo dobrze zaprezentuj\u0105 si\u0119 w zestawie z szarymi spodniami w kant i bia\u0142\u0105 a\u017curow\u0105 koszul\u0105 o okaza\u0142ych ramionach. Uzupe\u0142ni\u0105 te\u017c eleganckie spodnie z szerokimi nogawkami lub satynow\u0105 letni\u0105 sp\u00f3dnic\u0119. Rewelacyjne sanda\u0142y z zakrytymi pi\u0119tami widzia\u0142am u Clary Barson czy Jenny Fairy.<\/p>\n\n\n\n<!-- BEGIN - feed broker -->\n<div class=\"feedbroker\" consumer-code-id=\"c7LmFzMht8T3aE8pnVEg\"><script src=\"https:\/\/app.feed.broker\/consumer\/feedbroker-consumer-script.umd.js?v=1.0.1\" defer=\"\"><\/script><\/div>\n<!-- END - feed broker -->\n\n\n\n<p><\/p>\n\n\n\n<h2 class=\"wp-block-heading\">#3 Sanda\u0142y do pracy na s\u0142upku<\/h2>\n\n\n\n<p>W tym rodzaju sanda\u0142\u00f3w widz\u0119 najwi\u0119kszy potencja\u0142, a wszystko za spraw\u0105 tego, \u017ce <strong>buty na s\u0142upkowym obcasie, o minimalistycznej cholewce \u015bwietnie dopasowuj\u0105 si\u0119 nie tylko do okre\u015blonego dress codu, ale te\u017c bardzo dobrze funkcjonuj\u0105 w modzie codziennej.<\/strong> Wybieraj\u0105c sanda\u0142y na s\u0142upku do stylizacji biurowych warto postawi\u0107 na modele w kolorze czarnym, bia\u0142ym lub odcieniach be\u017cy i br\u0105zu.<\/p>\n\n\n\n<p>Dopasuj\u0105 si\u0119 do obowi\u0105zuj\u0105cej mody, ale te\u017c i klasyki. \u015awietnie sprawdz\u0105 si\u0119 modele z paskiem wok\u00f3\u0142 kostki, kt\u00f3ry jest teraz bardzo modny. Mo\u017cesz zestawia\u0107 je z o\u0142\u00f3wkowymi sp\u00f3dnicami midi. Do kr\u00f3tszych spodni, ale te\u017c i bardziej rozkloszowanych sp\u00f3dnic wybieraj sanda\u0142y, w kt\u00f3rych cholewka si\u0119 krzy\u017cuje, a palce i pi\u0119ty s\u0105 ods\u0142oni\u0119te. Takie modele but\u00f3w widzia\u0142am w kolekcji marek Lasocki, Clara Barson czy Nine West New York.<\/p>\n\n\n\n<div class=\"wp-block-group is-nowrap is-layout-flex wp-container-core-group-is-layout-ad2f72ca wp-block-group-is-layout-flex\">\n<figure class=\"wp-block-image size-large\"><img loading=\"lazy\" decoding=\"async\" width=\"683\" height=\"1024\" src=\"https:\/\/blog.ccc.eu\/pl\/wp-content\/uploads\/2024\/06\/CCC_5905588689539_02_Mpop-683x1024.jpg\" alt=\"sanda\u0142y do pracy na s\u0142upku stylizacja\" class=\"wp-image-25002\" srcset=\"https:\/\/blog.ccc.eu\/pl\/wp-content\/uploads\/2024\/06\/CCC_5905588689539_02_Mpop-683x1024.jpg 683w, https:\/\/blog.ccc.eu\/pl\/wp-content\/uploads\/2024\/06\/CCC_5905588689539_02_Mpop-200x300.jpg 200w, https:\/\/blog.ccc.eu\/pl\/wp-content\/uploads\/2024\/06\/CCC_5905588689539_02_Mpop-768x1152.jpg 768w, https:\/\/blog.ccc.eu\/pl\/wp-content\/uploads\/2024\/06\/CCC_5905588689539_02_Mpop-100x150.jpg 100w, https:\/\/blog.ccc.eu\/pl\/wp-content\/uploads\/2024\/06\/CCC_5905588689539_02_Mpop.jpg 876w\" sizes=\"auto, (max-width: 683px) 100vw, 683px\" \/><\/figure>\n\n\n\n<figure class=\"wp-block-image size-large\"><img loading=\"lazy\" decoding=\"async\" width=\"683\" height=\"1024\" src=\"https:\/\/blog.ccc.eu\/pl\/wp-content\/uploads\/2024\/06\/CCC_5905588689539_01-1-683x1024.jpg\" alt=\"br\u0105zowe sanda\u0142y lasocki na s\u0142upku\" class=\"wp-image-25004\" srcset=\"https:\/\/blog.ccc.eu\/pl\/wp-content\/uploads\/2024\/06\/CCC_5905588689539_01-1-683x1024.jpg 683w, https:\/\/blog.ccc.eu\/pl\/wp-content\/uploads\/2024\/06\/CCC_5905588689539_01-1-200x300.jpg 200w, https:\/\/blog.ccc.eu\/pl\/wp-content\/uploads\/2024\/06\/CCC_5905588689539_01-1-768x1152.jpg 768w, https:\/\/blog.ccc.eu\/pl\/wp-content\/uploads\/2024\/06\/CCC_5905588689539_01-1-100x150.jpg 100w, https:\/\/blog.ccc.eu\/pl\/wp-content\/uploads\/2024\/06\/CCC_5905588689539_01-1.jpg 876w\" sizes=\"auto, (max-width: 683px) 100vw, 683px\" \/><\/figure>\n<\/div>\n\n\n\n<!-- BEGIN - feed broker -->\n<div class=\"feedbroker\" consumer-code-id=\"xkCl2wBcKcaWv3JbDfYs\"><script src=\"https:\/\/app.feed.broker\/consumer\/feedbroker-consumer-script.umd.js?v=1.0.1\" defer=\"\"><\/script><\/div>\n<!-- END - feed broker -->\n\n\n\n<p><\/p>\n\n\n\n<h2 class=\"wp-block-heading\">Idealne sanda\u0142y do pracy znajdziesz w CCC!<\/h2>\n\n\n\n<p>W kolekcjach naszych marek czeka na Ciebie naprawd\u0119 rozbudowany asortyment, w kt\u00f3rym kr\u00f3luje ponadczasowa klasyka, ale te\u017c i trendy. <strong>Minimalistyczne sanda\u0142y o prostej budowie wykorzystasz nie tylko w pracy, ale te\u017c i podczas spotkania z przyjaci\u00f3\u0142mi, wieczornego wyj\u015bcia czy codziennego spaceru.<\/strong><\/p>\n\n\n\n<p>Sanda\u0142y do pracy mo\u017cesz \u0142\u0105czy\u0107 z oficjalnym dress codem, ale te\u017c i z bardziej lu\u017aniejszymi stylizacjami, je\u017celi masz bardziej swobodn\u0105 prac\u0119. Wybieraj\u0105c takie buty zawsze zwr\u00f3\u0107 uwag\u0119 na sw\u00f3j komfort. Ni\u017cszy obcas i ciekawie zaprojektowana cholewka sprzyjaj\u0105 wygodnemu noszeniu nawet przez ca\u0142y dzie\u0144. Najlepsze sanda\u0142y do pracy znajdziesz w naszych salonach CCC, na ccc.eu i w aplikacji.<\/p>\n","protected":false},"excerpt":{"rendered":"<p>Upalne, gor\u0105ce miesi\u0105ce dopiero s\u0105 przed nami. Skomponowanie komfortowej, a przy okazji modnej stylizacji wcale nie jest takie proste. Szczeg\u00f3lnie, je\u017celi chodzi o buty. Gdy dress code jest wymagany, czy mo\u017cemy pozwoli\u0107 sobie na jakie\u015b odst\u0119pstwa? A mo\u017ce istniej\u0105 eleganckie sanda\u0142y do pracy, kt\u00f3re b\u0119d\u0105 wsp\u00f3\u0142gra\u0142y z oficjalnym lookiem i pogodow\u0105 aur\u0105? Sprawdzi\u0142am ofert\u0119 CCC [&hellip;]<\/p>\n","protected":false},"author":17,"featured_media":25000,"comment_status":"open","ping_status":"closed","sticky":false,"template":"","format":"standard","meta":{"_acf_changed":false,"footnotes":""},"categories":[1575],"tags":[],"class_list":["post-24998","post","type-post","status-publish","format-standard","has-post-thumbnail","hentry","category-modne-sandaly"],"acf":[],"_links":{"self":[{"href":"https:\/\/blog.ccc.eu\/pl\/wp-json\/wp\/v2\/posts\/24998","targetHints":{"allow":["GET"]}}],"collection":[{"href":"https:\/\/blog.ccc.eu\/pl\/wp-json\/wp\/v2\/posts"}],"about":[{"href":"https:\/\/blog.ccc.eu\/pl\/wp-json\/wp\/v2\/types\/post"}],"author":[{"embeddable":true,"href":"https:\/\/blog.ccc.eu\/pl\/wp-json\/wp\/v2\/users\/17"}],"replies":[{"embeddable":true,"href":"https:\/\/blog.ccc.eu\/pl\/wp-json\/wp\/v2\/comments?post=24998"}],"version-history":[{"count":1,"href":"https:\/\/blog.ccc.eu\/pl\/wp-json\/wp\/v2\/posts\/24998\/revisions"}],"predecessor-version":[{"id":25005,"href":"https:\/\/blog.ccc.eu\/pl\/wp-json\/wp\/v2\/posts\/24998\/revisions\/25005"}],"wp:featuredmedia":[{"embeddable":true,"href":"https:\/\/blog.ccc.eu\/pl\/wp-json\/wp\/v2\/media\/25000"}],"wp:attachment":[{"href":"https:\/\/blog.ccc.eu\/pl\/wp-json\/wp\/v2\/media?parent=24998"}],"wp:term":[{"taxonomy":"category","embeddable":true,"href":"https:\/\/blog.ccc.eu\/pl\/wp-json\/wp\/v2\/categories?post=24998"},{"taxonomy":"post_tag","embeddable":true,"href":"https:\/\/blog.ccc.eu\/pl\/wp-json\/wp\/v2\/tags?post=24998"}],"curies":[{"name":"wp","href":"https:\/\/api.w.org\/{rel}","templated":true}]}}