{"id":25218,"date":"2024-06-28T14:29:10","date_gmt":"2024-06-28T12:29:10","guid":{"rendered":"https:\/\/blog.ccc.eu\/pl\/?p=25218"},"modified":"2024-06-28T14:29:11","modified_gmt":"2024-06-28T12:29:11","slug":"jak-nosic-dwie-torebki-jednoczesnie","status":"publish","type":"post","link":"https:\/\/blog.ccc.eu\/pl\/jak-nosic-dwie-torebki-jednoczesnie\/","title":{"rendered":"Jak nosi\u0107 dwie torebki jednocze\u015bnie?"},"content":{"rendered":"\n<p><strong>Moda na po\u0142\u0105czenie dw\u00f3ch torebek w jednej stylizacji narodzi\u0142a si\u0119 ju\u017c w 2019 roku, gdy na pokazie Chanel modelki dumie kroczy\u0142y z po\u0142\u0105czonymi dwoma torebkami, dopasowanymi do kreacji. Nie by\u0142o to tylko pokazanie szeregu mo\u017cliwo\u015bci jakie daje stylizacja, a pokazanie nowej formy wyra\u017cania siebie. Coco Chanel s\u0142yn\u0119\u0142a z praktycznego podej\u015bcia do mody, a zestaw dw\u00f3ch torebek jednocze\u015bnie doskonale spe\u0142nia\u0142by wszelkie potrzeby przenoszenia przedmiot\u00f3w. W \u015blad za mark\u0105 Chanel posz\u0142y inne domy mody i cho\u0107 trend na dwie lub wi\u0119cej torebek jednocze\u015bnie nale\u017ca\u0142 do rzadko spotykanych, to w 2024 roku w sezonie wiosenno-letnim zdecydowanie wyszed\u0142 na prowadzenie, daj\u0105c now\u0105 form\u0119 modowego wyrazu.<\/strong><\/p>\n\n\n\n<div class=\"wp-block-group is-nowrap is-layout-flex wp-container-core-group-is-layout-ad2f72ca wp-block-group-is-layout-flex\">\n<figure class=\"wp-block-image size-large\"><img loading=\"lazy\" decoding=\"async\" width=\"683\" height=\"1024\" src=\"https:\/\/blog.ccc.eu\/pl\/wp-content\/uploads\/2024\/06\/CCC_5904248552954_02M_1-683x1024.jpg\" alt=\"b\u0142\u0119kitna torebka stylizacja\" class=\"wp-image-25231\" srcset=\"https:\/\/blog.ccc.eu\/pl\/wp-content\/uploads\/2024\/06\/CCC_5904248552954_02M_1-683x1024.jpg 683w, https:\/\/blog.ccc.eu\/pl\/wp-content\/uploads\/2024\/06\/CCC_5904248552954_02M_1-200x300.jpg 200w, https:\/\/blog.ccc.eu\/pl\/wp-content\/uploads\/2024\/06\/CCC_5904248552954_02M_1-768x1152.jpg 768w, https:\/\/blog.ccc.eu\/pl\/wp-content\/uploads\/2024\/06\/CCC_5904248552954_02M_1-100x150.jpg 100w, https:\/\/blog.ccc.eu\/pl\/wp-content\/uploads\/2024\/06\/CCC_5904248552954_02M_1.jpg 876w\" sizes=\"auto, (max-width: 683px) 100vw, 683px\" \/><\/figure>\n\n\n\n<figure class=\"wp-block-image size-large\"><img loading=\"lazy\" decoding=\"async\" width=\"683\" height=\"1024\" src=\"https:\/\/blog.ccc.eu\/pl\/wp-content\/uploads\/2024\/06\/CCC_5904248552954_01_LR-683x1024.jpg\" alt=\"niebieska torebka z zawieszk\u0105\" class=\"wp-image-25232\" srcset=\"https:\/\/blog.ccc.eu\/pl\/wp-content\/uploads\/2024\/06\/CCC_5904248552954_01_LR-683x1024.jpg 683w, https:\/\/blog.ccc.eu\/pl\/wp-content\/uploads\/2024\/06\/CCC_5904248552954_01_LR-200x300.jpg 200w, https:\/\/blog.ccc.eu\/pl\/wp-content\/uploads\/2024\/06\/CCC_5904248552954_01_LR-768x1152.jpg 768w, https:\/\/blog.ccc.eu\/pl\/wp-content\/uploads\/2024\/06\/CCC_5904248552954_01_LR-100x150.jpg 100w, https:\/\/blog.ccc.eu\/pl\/wp-content\/uploads\/2024\/06\/CCC_5904248552954_01_LR.jpg 876w\" sizes=\"auto, (max-width: 683px) 100vw, 683px\" \/><\/figure>\n<\/div>\n\n\n\n<h2 class=\"wp-block-heading\">Dwie torebki w jednej stylizacji \u2013 propozycje od najwa\u017cniejszych projektant\u00f3w \u015bwiata mody<\/h2>\n\n\n\n<p>W czasach, gdy panuje nieograniczona moda na rozmiar torebki, szukamy z\u0142otego \u015brodka, kt\u00f3ry pozwoli wyr\u00f3\u017cni\u0107 si\u0119 w szarej miejskiej estetyce. Gdy torebka mini jest zbyt ma\u0142a, gigatorebka zbyt du\u017ca, a model \u015brednich rozmiar\u00f3w nie pasuje nam do wszystkiego, <strong>jest tylko jedno wyj\u015bcie. Po\u0142\u0105czy\u0107 dwie torebki w jednej stylizacji.<\/strong><\/p>\n\n\n\n<p>Opr\u00f3cz domu mody Chanel, takie rozwi\u0105zanie proponuje te\u017c Fendi i Bottega Veneta, kt\u00f3rzy oferuj\u0105 doskona\u0142e zestawy, \u0142\u0105cz\u0105ce w sobie pi\u0119kny design, ale te\u017c i wygod\u0119. Projektanci przekonuj\u0105, \u017ce tego typu duety wcale nie musz\u0105 by\u0107 r\u00f3\u017cnych rozmiar\u00f3w. Mog\u0105 by\u0107 takie same, r\u00f3\u017cni\u0105ce si\u0119 kolorem faktur\u0105 czy wzorem. Najwa\u017cniejsze, by pasowa\u0142y do ca\u0142ej stylizacji, ale te\u017c i do siebie.<\/p>\n\n\n\n<div class=\"wp-block-group is-nowrap is-layout-flex wp-container-core-group-is-layout-ad2f72ca wp-block-group-is-layout-flex\">\n<figure class=\"wp-block-image size-full\"><img loading=\"lazy\" decoding=\"async\" width=\"533\" height=\"800\" src=\"https:\/\/blog.ccc.eu\/pl\/wp-content\/uploads\/2024\/06\/CCC_5905588575672_02M_1241_Copy-1.jpg\" alt=\"dwie torebki jednocze\u015bnie\" class=\"wp-image-25229\" srcset=\"https:\/\/blog.ccc.eu\/pl\/wp-content\/uploads\/2024\/06\/CCC_5905588575672_02M_1241_Copy-1.jpg 533w, https:\/\/blog.ccc.eu\/pl\/wp-content\/uploads\/2024\/06\/CCC_5905588575672_02M_1241_Copy-1-200x300.jpg 200w, https:\/\/blog.ccc.eu\/pl\/wp-content\/uploads\/2024\/06\/CCC_5905588575672_02M_1241_Copy-1-100x150.jpg 100w\" sizes=\"auto, (max-width: 533px) 100vw, 533px\" \/><\/figure>\n\n\n\n<figure class=\"wp-block-image size-full\"><img loading=\"lazy\" decoding=\"async\" width=\"533\" height=\"800\" src=\"https:\/\/blog.ccc.eu\/pl\/wp-content\/uploads\/2024\/06\/CCC_5905588250173_02M_0026_Copy.jpg\" alt=\"dwie torebki na raz\" class=\"wp-image-25230\" srcset=\"https:\/\/blog.ccc.eu\/pl\/wp-content\/uploads\/2024\/06\/CCC_5905588250173_02M_0026_Copy.jpg 533w, https:\/\/blog.ccc.eu\/pl\/wp-content\/uploads\/2024\/06\/CCC_5905588250173_02M_0026_Copy-200x300.jpg 200w, https:\/\/blog.ccc.eu\/pl\/wp-content\/uploads\/2024\/06\/CCC_5905588250173_02M_0026_Copy-100x150.jpg 100w\" sizes=\"auto, (max-width: 533px) 100vw, 533px\" \/><\/figure>\n<\/div>\n\n\n\n<h2 class=\"wp-block-heading\">Dwie torebki jednocze\u015bnie \u2013 dlaczego chcemy je nosi\u0107?<\/h2>\n\n\n\n<p>To zdecydowanie zas\u0142uga projektant\u00f3w, kt\u00f3rzy przez wiele sezon\u00f3w forsowali pi\u0119kne, ale bardzo malutkie torebki, mieszcz\u0105ce jedynie telefon (cho\u0107 nie zawsze!) szmink\u0119 i chusteczki. <strong>Posiadanie drugiej torebki, kt\u00f3ra jest nieco wi\u0119kszych rozmiar\u00f3w ratowa\u0142oby ca\u0142\u0105 sytuacj\u0119.<\/strong><\/p>\n\n\n\n<p>Noszenie dw\u00f3ch torebek jednocze\u015bnie wymusi\u0142a te\u017c praca zdalna i hybrydowa, przez kt\u00f3r\u0105 nieustannie musimy porusza\u0107 si\u0119 z laptopem, kt\u00f3ry potrzebuje dedykowanej torby na laptopa b\u0105d\u017a miejsca w poka\u017anej shopperce czy tote bag.<\/p>\n\n\n\n<h2 class=\"wp-block-heading\">Jak nosi\u0107 dwie torebki jednocze\u015bnie?<\/h2>\n\n\n\n<p>Projektanci i styli\u015bci daj\u0105 mn\u00f3stwo modowych rozwi\u0105za\u0144. <strong>Mo\u017cesz \u0142\u0105czy\u0107 klasyczn\u0105 shopperk\u0119 z bardziej ekstrawaganck\u0105 hobo bag i obie nosi\u0107 na jednym ramieniu!<\/strong> Masz te\u017c mo\u017cliwo\u015b\u0107 noszenia dw\u00f3ch podobnych do siebie listonoszek. Dopasuj pasek tak, by nie nak\u0142ada\u0142y si\u0119 na siebie. \u0141\u0105cz style, faktury i wzory.<\/p>\n\n\n\n<p>Pikowan\u0105 materia\u0142ow\u0105 shopperk\u0119 z kr\u00f3tkimi r\u0105czkami mo\u017cesz zestawia\u0107 z mniejszym r\u00f3wnie miejskim egzemplarzem. Twoje dwie torebki opr\u00f3cz tego, \u017ce musz\u0105 pasowa\u0107 do siebie, to r\u00f3wnie\u017c do stylizacji. Najlepiej b\u0119d\u0105 wygl\u0105da\u0142y, gdy b\u0119dziesz nosi\u0142a je po tej samej stronie.<\/p>\n\n\n\n<h2 class=\"wp-block-heading\">Modne po\u0142\u0105czenia dw\u00f3ch torebek z CCC!<\/h2>\n\n\n\n<p>W CCC znajdziesz mn\u00f3stwo torebek, kt\u00f3re mog\u0105 stworzy\u0107 bardzo udane duety w jednej stylizacji! Mo\u017cesz doskonale po\u0142\u0105czy\u0107 klasyk\u0119 z trendowymi wersjami lub pozwoli\u0107 sobie na dwa takie same egzemplarze, r\u00f3\u017cni\u0105ce si\u0119 jedynie kolorem.<strong> Znajd\u017a wsp\u00f3lny motyw i pozw\u00f3l swoim torebkom wybrzmie\u0107.<\/strong> Zainspiruj si\u0119 modnymi po\u0142\u0105czeniami.<\/p>\n\n\n\n<h3 class=\"wp-block-heading\">Torebka du\u017ca i torebka ma\u0142a jednocze\u015bnie<\/h3>\n\n\n\n<p>To jedno z najpopularniejszych po\u0142\u0105cze\u0144, kt\u00f3re ch\u0119tnie wybieramy, szczeg\u00f3lnie latem. W mojej propozycji znalaz\u0142y si\u0119 dwie torebki, kt\u00f3re \u0142\u0105czy sp\u00f3jna kolorystyka, kt\u00f3ra idealnie uzupe\u0142ni stylizacj\u0119 do biura, czy sprawdzi si\u0119 w miejskim szyku. Jako du\u017c\u0105 torebk\u0119 wybra\u0142am wakacyjny dwukolorowy <a href=\"https:\/\/ccc.eu\/pl\/torby\/torby-damskie\/torebka-badura-tyl0201-bialy\" target=\"_blank\" rel=\"noreferrer noopener\">pleciony model od marki Badura<\/a>.<\/p>\n\n\n\n<p>\u015awietnie sprawdzi si\u0119 w zestawie z <a href=\"https:\/\/ccc.eu\/pl\/torby\/torby-damskie\/torebka-gino-rossi-tylo-166-bezowy\" target=\"_blank\" data-type=\"link\" data-id=\"https:\/\/ccc.eu\/pl\/torby\/torby-damskie\/torebka-gino-rossi-tylo-166-bezowy\" rel=\"noreferrer noopener\">ma\u0142\u0105 torebk\u0105 hobo bag od Gino Rossi w be\u017cowym kolorze<\/a>, kt\u00f3ry doskonale b\u0119dzie wsp\u00f3\u0142gra\u0107 nie tylko kolorem, ale te\u017c i stylem. <strong>T\u0119 mniejsz\u0105 torebk\u0119 mo\u017cesz po\u0142\u0105czy\u0107 te\u017c z zupe\u0142nie g\u0142adkim plecionym koszykiem<\/strong>, ale te\u017c i z du\u017c\u0105 bia\u0142\u0105 shopperk\u0105.<\/p>\n\n\n\n<div class=\"wp-block-group is-nowrap is-layout-flex wp-container-core-group-is-layout-ad2f72ca wp-block-group-is-layout-flex\">\n<figure class=\"wp-block-image size-large\"><img loading=\"lazy\" decoding=\"async\" width=\"683\" height=\"1024\" src=\"https:\/\/blog.ccc.eu\/pl\/wp-content\/uploads\/2024\/06\/1-18-683x1024.jpg\" alt=\"torebka s\u0142omiana shopper\" class=\"wp-image-25219\" srcset=\"https:\/\/blog.ccc.eu\/pl\/wp-content\/uploads\/2024\/06\/1-18-683x1024.jpg 683w, https:\/\/blog.ccc.eu\/pl\/wp-content\/uploads\/2024\/06\/1-18-200x300.jpg 200w, https:\/\/blog.ccc.eu\/pl\/wp-content\/uploads\/2024\/06\/1-18-768x1152.jpg 768w, https:\/\/blog.ccc.eu\/pl\/wp-content\/uploads\/2024\/06\/1-18-100x150.jpg 100w, https:\/\/blog.ccc.eu\/pl\/wp-content\/uploads\/2024\/06\/1-18.jpg 876w\" sizes=\"auto, (max-width: 683px) 100vw, 683px\" \/><\/figure>\n\n\n\n<figure class=\"wp-block-image size-large\"><img loading=\"lazy\" decoding=\"async\" width=\"683\" height=\"1024\" src=\"https:\/\/blog.ccc.eu\/pl\/wp-content\/uploads\/2024\/06\/1a-683x1024.jpg\" alt=\"ma\u0142a be\u017cowa torebka gino rossi\" class=\"wp-image-25220\" srcset=\"https:\/\/blog.ccc.eu\/pl\/wp-content\/uploads\/2024\/06\/1a-683x1024.jpg 683w, https:\/\/blog.ccc.eu\/pl\/wp-content\/uploads\/2024\/06\/1a-200x300.jpg 200w, https:\/\/blog.ccc.eu\/pl\/wp-content\/uploads\/2024\/06\/1a-768x1152.jpg 768w, https:\/\/blog.ccc.eu\/pl\/wp-content\/uploads\/2024\/06\/1a-100x150.jpg 100w, https:\/\/blog.ccc.eu\/pl\/wp-content\/uploads\/2024\/06\/1a.jpg 876w\" sizes=\"auto, (max-width: 683px) 100vw, 683px\" \/><\/figure>\n<\/div>\n\n\n\n<p><\/p>\n\n\n\n<h3 class=\"wp-block-heading\">Dwie takie same torebki w innych kolorach<\/h3>\n\n\n\n<p>To doskona\u0142a i bardzo oryginalna propozycja, kt\u00f3ra pozwoli Ci r\u00f3wnomiernie roz\u0142o\u017cy\u0107 najpotrzebniejsze przedmioty. Wybra\u0142am torebki z kolekcji Gino Rossi, kt\u00f3re s\u0105 <strong>z jednej strony bardzo minimalistyczne z drugiej zwracaj\u0105 na siebie uwag\u0119 geometryczn\u0105 nowoczesn\u0105 form\u0105.<\/strong><\/p>\n\n\n\n<p>Ten model torebki marka proponuje w kilku kolorach, dlatego mo\u017cesz postawi\u0107 na duety w Twoich ulubionych barwach. Do lnianego kompletu z koszul\u0105 i szortami w kolorach ziemi \u015bwietnie dopasuje si\u0119 <a href=\"https:\/\/ccc.eu\/pl\/torby\/torby-damskie\/torebka-gino-rossi-oj-82716-czerwony\" target=\"_blank\" rel=\"noopener\">bordowa torebka Gino Rossi<\/a> i <a href=\"https:\/\/ccc.eu\/pl\/torby\/torby-damskie\/torebka-gino-rossi-oj-82716-camel\" target=\"_blank\" rel=\"noreferrer noopener\">br\u0105zowy model od tego brandu<\/a>. W torebkach uszeregujesz przedmioty wed\u0142ug swoich potrzeb.<\/p>\n\n\n\n<div class=\"wp-block-group is-nowrap is-layout-flex wp-container-core-group-is-layout-ad2f72ca wp-block-group-is-layout-flex\">\n<figure class=\"wp-block-image size-large\"><img loading=\"lazy\" decoding=\"async\" width=\"683\" height=\"1024\" src=\"https:\/\/blog.ccc.eu\/pl\/wp-content\/uploads\/2024\/06\/3-13-683x1024.jpg\" alt=\"ma\u0142a br\u0105zowa torebka na d\u0142ugim pasku\" class=\"wp-image-25223\" srcset=\"https:\/\/blog.ccc.eu\/pl\/wp-content\/uploads\/2024\/06\/3-13-683x1024.jpg 683w, https:\/\/blog.ccc.eu\/pl\/wp-content\/uploads\/2024\/06\/3-13-200x300.jpg 200w, https:\/\/blog.ccc.eu\/pl\/wp-content\/uploads\/2024\/06\/3-13-768x1152.jpg 768w, https:\/\/blog.ccc.eu\/pl\/wp-content\/uploads\/2024\/06\/3-13-100x150.jpg 100w, https:\/\/blog.ccc.eu\/pl\/wp-content\/uploads\/2024\/06\/3-13.jpg 876w\" sizes=\"auto, (max-width: 683px) 100vw, 683px\" \/><\/figure>\n\n\n\n<figure class=\"wp-block-image size-large\"><img loading=\"lazy\" decoding=\"async\" width=\"683\" height=\"1024\" src=\"https:\/\/blog.ccc.eu\/pl\/wp-content\/uploads\/2024\/06\/3a-683x1024.jpg\" alt=\"czerwona ma\u0142a torebka gino rossi\" class=\"wp-image-25224\" srcset=\"https:\/\/blog.ccc.eu\/pl\/wp-content\/uploads\/2024\/06\/3a-683x1024.jpg 683w, https:\/\/blog.ccc.eu\/pl\/wp-content\/uploads\/2024\/06\/3a-200x300.jpg 200w, https:\/\/blog.ccc.eu\/pl\/wp-content\/uploads\/2024\/06\/3a-768x1152.jpg 768w, https:\/\/blog.ccc.eu\/pl\/wp-content\/uploads\/2024\/06\/3a-100x150.jpg 100w, https:\/\/blog.ccc.eu\/pl\/wp-content\/uploads\/2024\/06\/3a.jpg 876w\" sizes=\"auto, (max-width: 683px) 100vw, 683px\" \/><\/figure>\n<\/div>\n\n\n\n<h3 class=\"wp-block-heading\">Te same rodzaje torebek, ale r\u00f3\u017cne modele<\/h3>\n\n\n\n<p>Przyjrza\u0142am si\u0119 kopert\u00f3wkom, kt\u00f3re maj\u0105 sp\u00f3jny styl, minimalistyczny charakter, ale znacz\u0105co r\u00f3\u017cni\u0105 si\u0119 detalami. Obie pochodz\u0105 z kolekcji Gino Rossi i \u015bwietnie sprawdz\u0105 si\u0119 w oryginalnych stylizacjach glamour z tiulem na czele, ale te\u017c i w eleganckich koronkowych czy dzierganych kompozycjach. <\/p>\n\n\n\n<p><a href=\"https:\/\/ccc.eu\/pl\/torby\/torby-damskie\/torebka-gino-rossi-tylo-183-czarny-2\" target=\"_blank\" rel=\"noreferrer noopener\">Pierwsza z torebek jest klasyczna, czarna i lakierowana<\/a>, na tradycyjnym pasku, kt\u00f3ry mo\u017cesz na tyle skr\u00f3ci\u0107, by pod ni\u0105 zmie\u015bci\u0142a si\u0119 druga torebka. <a href=\"https:\/\/ccc.eu\/pl\/torby\/torby-damskie\/torebka-jenny-fairy-mls-e-072-05-srebrny\" target=\"_blank\" rel=\"noreferrer noopener\">Model do tego duetu jest srebrny<\/a> i na z\u0142otym \u0142a\u0144cuszku, kt\u00f3ry doda ekstrawagancji ca\u0142ej stylizacji.<\/p>\n\n\n\n<div class=\"wp-block-group is-nowrap is-layout-flex wp-container-core-group-is-layout-ad2f72ca wp-block-group-is-layout-flex\">\n<figure class=\"wp-block-image size-large\"><img loading=\"lazy\" decoding=\"async\" width=\"683\" height=\"1024\" src=\"https:\/\/blog.ccc.eu\/pl\/wp-content\/uploads\/2024\/06\/2-17-683x1024.jpg\" alt=\"ma\u0142a torebka srebrna na \u0142a\u0144cuszku\" class=\"wp-image-25221\" srcset=\"https:\/\/blog.ccc.eu\/pl\/wp-content\/uploads\/2024\/06\/2-17-683x1024.jpg 683w, https:\/\/blog.ccc.eu\/pl\/wp-content\/uploads\/2024\/06\/2-17-200x300.jpg 200w, https:\/\/blog.ccc.eu\/pl\/wp-content\/uploads\/2024\/06\/2-17-768x1152.jpg 768w, https:\/\/blog.ccc.eu\/pl\/wp-content\/uploads\/2024\/06\/2-17-100x150.jpg 100w, https:\/\/blog.ccc.eu\/pl\/wp-content\/uploads\/2024\/06\/2-17.jpg 876w\" sizes=\"auto, (max-width: 683px) 100vw, 683px\" \/><\/figure>\n\n\n\n<figure class=\"wp-block-image size-large\"><img loading=\"lazy\" decoding=\"async\" width=\"683\" height=\"1024\" src=\"https:\/\/blog.ccc.eu\/pl\/wp-content\/uploads\/2024\/06\/2a-683x1024.jpg\" alt=\"czarna ma\u0142a torebka stylizacja\" class=\"wp-image-25222\" srcset=\"https:\/\/blog.ccc.eu\/pl\/wp-content\/uploads\/2024\/06\/2a-683x1024.jpg 683w, https:\/\/blog.ccc.eu\/pl\/wp-content\/uploads\/2024\/06\/2a-200x300.jpg 200w, https:\/\/blog.ccc.eu\/pl\/wp-content\/uploads\/2024\/06\/2a-768x1152.jpg 768w, https:\/\/blog.ccc.eu\/pl\/wp-content\/uploads\/2024\/06\/2a-100x150.jpg 100w, https:\/\/blog.ccc.eu\/pl\/wp-content\/uploads\/2024\/06\/2a.jpg 876w\" sizes=\"auto, (max-width: 683px) 100vw, 683px\" \/><\/figure>\n<\/div>\n\n\n\n<h3 class=\"wp-block-heading\">Dwie r\u00f3\u017cne torebki<\/h3>\n\n\n\n<p>Nie zawsze wszystko musi ze sob\u0105 pasowa\u0107 na pierwszy rzut oka. <strong>Mo\u017cesz postawi\u0107 na dwie oryginalne i bardzo trendowe torebki, kt\u00f3re stworz\u0105 perfekcyjn\u0105 ca\u0142o\u015b\u0107 z Twoj\u0105 stylizacj\u0105.<\/strong> B\u0119d\u0105 doskonale pasowa\u0107 do sukienki w panterk\u0119 albo zestawu z zamszowym d\u0142ugim p\u0142aszczem. <a href=\"https:\/\/ccc.eu\/pl\/torby\/torby-damskie\/torebka-gino-rossi-tylo-2-bezowy\" target=\"_blank\" data-type=\"link\" data-id=\"https:\/\/ccc.eu\/pl\/torby\/torby-damskie\/torebka-gino-rossi-tylo-2-bezowy\" rel=\"noreferrer noopener\">Pierwsza, wi\u0119ksza torebka pochodzi z kolekcji Gino Rossi<\/a>.<\/p>\n\n\n\n<p>Zachwyca architektoniczn\u0105 form\u0105 i przede wszystkim plecionym wykonaniem, kt\u00f3re jest bardzo trendy. <a href=\"https:\/\/ccc.eu\/pl\/torby\/torby-damskie\/torebka-deezee-mls-e-082-05-czarny\" target=\"_blank\" rel=\"noreferrer noopener\">Druga, tym razem z kolekcji DeeZee<\/a>, od razu przykuwa wzrok modnymi detalami i akcentami w postaci \u0142a\u0144cuszk\u00f3w. Ciekawe po\u0142\u0105czenie, kt\u00f3re sprawi, \u017ce Twoja stylizacja b\u0119dzie bardzo efektowna.<\/p>\n\n\n\n<div class=\"wp-block-group is-nowrap is-layout-flex wp-container-core-group-is-layout-ad2f72ca wp-block-group-is-layout-flex\">\n<figure class=\"wp-block-image size-large\"><img loading=\"lazy\" decoding=\"async\" width=\"683\" height=\"1024\" src=\"https:\/\/blog.ccc.eu\/pl\/wp-content\/uploads\/2024\/06\/4-12-683x1024.jpg\" alt=\"du\u017ca pleciona torebka gino rossi\" class=\"wp-image-25225\" srcset=\"https:\/\/blog.ccc.eu\/pl\/wp-content\/uploads\/2024\/06\/4-12-683x1024.jpg 683w, https:\/\/blog.ccc.eu\/pl\/wp-content\/uploads\/2024\/06\/4-12-200x300.jpg 200w, https:\/\/blog.ccc.eu\/pl\/wp-content\/uploads\/2024\/06\/4-12-768x1152.jpg 768w, https:\/\/blog.ccc.eu\/pl\/wp-content\/uploads\/2024\/06\/4-12-100x150.jpg 100w, https:\/\/blog.ccc.eu\/pl\/wp-content\/uploads\/2024\/06\/4-12.jpg 876w\" sizes=\"auto, (max-width: 683px) 100vw, 683px\" \/><\/figure>\n\n\n\n<figure class=\"wp-block-image size-large\"><img loading=\"lazy\" decoding=\"async\" width=\"683\" height=\"1024\" src=\"https:\/\/blog.ccc.eu\/pl\/wp-content\/uploads\/2024\/06\/4a-683x1024.jpg\" alt=\"czarna torebka bagietka stylizacja\" class=\"wp-image-25226\" srcset=\"https:\/\/blog.ccc.eu\/pl\/wp-content\/uploads\/2024\/06\/4a-683x1024.jpg 683w, https:\/\/blog.ccc.eu\/pl\/wp-content\/uploads\/2024\/06\/4a-200x300.jpg 200w, https:\/\/blog.ccc.eu\/pl\/wp-content\/uploads\/2024\/06\/4a-768x1152.jpg 768w, https:\/\/blog.ccc.eu\/pl\/wp-content\/uploads\/2024\/06\/4a-100x150.jpg 100w, https:\/\/blog.ccc.eu\/pl\/wp-content\/uploads\/2024\/06\/4a.jpg 876w\" sizes=\"auto, (max-width: 683px) 100vw, 683px\" \/><\/figure>\n<\/div>\n\n\n\n<h3 class=\"wp-block-heading\">Torebka z wbudowan\u0105 torebk\u0105<\/h3>\n\n\n\n<p>Je\u017celi nie wiesz, jak po\u0142\u0105czy\u0107 ze sob\u0105 torebki, skorzystaj z gotowych propozycji. W CCC w kolekcji Jenny Fairy znajdziesz zestawy dw\u00f3ch torebek jednocze\u015bnie, kt\u00f3re \u0142\u0105czy wsp\u00f3lny motyw. Na lato wybierz pla\u017cow\u0105 plecion\u0105 <a href=\"https:\/\/ccc.eu\/pl\/torby\/torby-damskie\/torebka-jenny-fairy-mjt-j-107-25-01-pomaranczowy\" target=\"_blank\" data-type=\"link\" data-id=\"https:\/\/ccc.eu\/pl\/torby\/torby-damskie\/torebka-jenny-fairy-mjt-j-107-25-01-pomaranczowy\" rel=\"noreferrer noopener\">shopperk\u0119, do kt\u00f3rej do\u0142\u0105czona jest ma\u0142a lakierowana pomara\u0144czowa torebka<\/a>, kt\u00f3ra w\u0142a\u015bnie detalem w postaci koloru \u0142\u0105czy si\u0119 z wi\u0119kszym modelem.<\/p>\n\n\n\n<p>Sprawd\u017a te\u017c b\u0142\u0119kitn\u0105 torebk\u0119 tej samej marki, do kt\u00f3rej doczepiona jest jej miniaturowa wersja w tym samym kolorze. Doskona\u0142y zestaw na pocz\u0105tek Twojej przygody z \u0142\u0105czeniem torebek.<\/p>\n\n\n\n<div class=\"wp-block-group is-nowrap is-layout-flex wp-container-core-group-is-layout-ad2f72ca wp-block-group-is-layout-flex\">\n<figure class=\"wp-block-image size-large\"><img loading=\"lazy\" decoding=\"async\" width=\"683\" height=\"1024\" src=\"https:\/\/blog.ccc.eu\/pl\/wp-content\/uploads\/2024\/06\/5a_1-683x1024.jpg\" alt=\"torebka shopperka z zawieszk\u0105\" class=\"wp-image-25227\" srcset=\"https:\/\/blog.ccc.eu\/pl\/wp-content\/uploads\/2024\/06\/5a_1-683x1024.jpg 683w, https:\/\/blog.ccc.eu\/pl\/wp-content\/uploads\/2024\/06\/5a_1-200x300.jpg 200w, https:\/\/blog.ccc.eu\/pl\/wp-content\/uploads\/2024\/06\/5a_1-768x1152.jpg 768w, https:\/\/blog.ccc.eu\/pl\/wp-content\/uploads\/2024\/06\/5a_1-100x150.jpg 100w, https:\/\/blog.ccc.eu\/pl\/wp-content\/uploads\/2024\/06\/5a_1.jpg 876w\" sizes=\"auto, (max-width: 683px) 100vw, 683px\" \/><\/figure>\n\n\n\n<figure class=\"wp-block-image size-large\"><img loading=\"lazy\" decoding=\"async\" width=\"683\" height=\"1024\" src=\"https:\/\/blog.ccc.eu\/pl\/wp-content\/uploads\/2024\/06\/5a_2-683x1024.jpg\" alt=\"pleciona shopperka z zawieszk\u0105\" class=\"wp-image-25228\" srcset=\"https:\/\/blog.ccc.eu\/pl\/wp-content\/uploads\/2024\/06\/5a_2-683x1024.jpg 683w, https:\/\/blog.ccc.eu\/pl\/wp-content\/uploads\/2024\/06\/5a_2-200x300.jpg 200w, https:\/\/blog.ccc.eu\/pl\/wp-content\/uploads\/2024\/06\/5a_2-768x1152.jpg 768w, https:\/\/blog.ccc.eu\/pl\/wp-content\/uploads\/2024\/06\/5a_2-100x150.jpg 100w, https:\/\/blog.ccc.eu\/pl\/wp-content\/uploads\/2024\/06\/5a_2.jpg 876w\" sizes=\"auto, (max-width: 683px) 100vw, 683px\" \/><\/figure>\n<\/div>\n\n\n\n<h2 class=\"wp-block-heading\">Dwie i wi\u0119cej torebek na raz!<\/h2>\n\n\n\n<p>Projektanci zgodnie przekonuj\u0105, \u017ce torebkowe duety to nie koniec ekstrawaganckich po\u0142\u0105cze\u0144! Mo\u017cesz nosi\u0107 jednocze\u015bnie nawet i trzy torebki, tworz\u0105c perfekcyjn\u0105 ca\u0142o\u015b\u0107 stylizacyjn\u0105, a torebki traktuj\u0105c nie tylko jako dodatki przenosz\u0105ce przedmioty, ale przede wszystkim jako g\u0142\u00f3wne elementy stylizacji.<\/p>\n\n\n\n<p><strong>\u0141\u0105cz\u0105c torebki szukaj wsp\u00f3lnych mianownik\u00f3w i punkt\u00f3w, kt\u00f3re sprawi\u0105, \u017ce b\u0119d\u0105 do siebie pasowa\u0142y,<\/strong> a ka\u017cda Twoja stylizacja b\u0119dzie udana! Niesko\u0144czenie wiele torebek znajdziesz w naszych salonach CCC, na ccc.eu i w aplikacji.<\/p>\n","protected":false},"excerpt":{"rendered":"<p>Moda na po\u0142\u0105czenie dw\u00f3ch torebek w jednej stylizacji narodzi\u0142a si\u0119 ju\u017c w 2019 roku, gdy na pokazie Chanel modelki dumie kroczy\u0142y z po\u0142\u0105czonymi dwoma torebkami, dopasowanymi do kreacji. Nie by\u0142o to tylko pokazanie szeregu mo\u017cliwo\u015bci jakie daje stylizacja, a pokazanie nowej formy wyra\u017cania siebie. Coco Chanel s\u0142yn\u0119\u0142a z praktycznego podej\u015bcia do mody, a zestaw dw\u00f3ch [&hellip;]<\/p>\n","protected":false},"author":17,"featured_media":25229,"comment_status":"open","ping_status":"closed","sticky":false,"template":"","format":"standard","meta":{"_acf_changed":false,"footnotes":""},"categories":[6],"tags":[],"class_list":["post-25218","post","type-post","status-publish","format-standard","has-post-thumbnail","hentry","category-trendy"],"acf":[],"_links":{"self":[{"href":"https:\/\/blog.ccc.eu\/pl\/wp-json\/wp\/v2\/posts\/25218","targetHints":{"allow":["GET"]}}],"collection":[{"href":"https:\/\/blog.ccc.eu\/pl\/wp-json\/wp\/v2\/posts"}],"about":[{"href":"https:\/\/blog.ccc.eu\/pl\/wp-json\/wp\/v2\/types\/post"}],"author":[{"embeddable":true,"href":"https:\/\/blog.ccc.eu\/pl\/wp-json\/wp\/v2\/users\/17"}],"replies":[{"embeddable":true,"href":"https:\/\/blog.ccc.eu\/pl\/wp-json\/wp\/v2\/comments?post=25218"}],"version-history":[{"count":2,"href":"https:\/\/blog.ccc.eu\/pl\/wp-json\/wp\/v2\/posts\/25218\/revisions"}],"predecessor-version":[{"id":25242,"href":"https:\/\/blog.ccc.eu\/pl\/wp-json\/wp\/v2\/posts\/25218\/revisions\/25242"}],"wp:featuredmedia":[{"embeddable":true,"href":"https:\/\/blog.ccc.eu\/pl\/wp-json\/wp\/v2\/media\/25229"}],"wp:attachment":[{"href":"https:\/\/blog.ccc.eu\/pl\/wp-json\/wp\/v2\/media?parent=25218"}],"wp:term":[{"taxonomy":"category","embeddable":true,"href":"https:\/\/blog.ccc.eu\/pl\/wp-json\/wp\/v2\/categories?post=25218"},{"taxonomy":"post_tag","embeddable":true,"href":"https:\/\/blog.ccc.eu\/pl\/wp-json\/wp\/v2\/tags?post=25218"}],"curies":[{"name":"wp","href":"https:\/\/api.w.org\/{rel}","templated":true}]}}