{"id":25243,"date":"2024-06-28T15:02:50","date_gmt":"2024-06-28T13:02:50","guid":{"rendered":"https:\/\/blog.ccc.eu\/pl\/?p=25243"},"modified":"2024-06-28T15:02:51","modified_gmt":"2024-06-28T13:02:51","slug":"torebki-do-biura-ktore-sprawdza-sie-latem-top-5","status":"publish","type":"post","link":"https:\/\/blog.ccc.eu\/pl\/torebki-do-biura-ktore-sprawdza-sie-latem-top-5\/","title":{"rendered":"Torebki do biura: oto 5 TOP modeli, kt\u00f3re sprawdz\u0105 si\u0119 latem!"},"content":{"rendered":"\n<p><strong>Lato to idealny czas na od\u015bwie\u017cenie swojej garderoby, w tym akcesori\u00f3w takich jak torebki. Czarne, masywne modele, kt\u00f3re nosimy przez wi\u0119ksz\u0105 cz\u0119\u015b\u0107 roku, warto w tym czasie schowa\u0107 na sp\u00f3d szafy, by zrobi\u0107 miejsce dodatkom doskonale podkre\u015blaj\u0105cym letnie stylizacje. Oto pi\u0119\u0107 typ\u00f3w torebek, kt\u00f3re \u015bwietnie sprawdz\u0105 si\u0119 w biurze latem. S\u0105 eleganckie, a jednocze\u015bnie sezonowe. Poznaj ich zalety i wybierz spo\u015br\u00f3d nich t\u0119, kt\u00f3ra najlepiej pasuje do Twojego stylu!<\/strong><\/p>\n\n\n\n<div class=\"wp-block-group is-nowrap is-layout-flex wp-container-core-group-is-layout-ad2f72ca wp-block-group-is-layout-flex\">\n<figure class=\"wp-block-image size-full\"><img loading=\"lazy\" decoding=\"async\" width=\"622\" height=\"933\" src=\"https:\/\/blog.ccc.eu\/pl\/wp-content\/uploads\/2024\/06\/glowne-18.jpg\" alt=\"\" class=\"wp-image-25244\" srcset=\"https:\/\/blog.ccc.eu\/pl\/wp-content\/uploads\/2024\/06\/glowne-18.jpg 622w, https:\/\/blog.ccc.eu\/pl\/wp-content\/uploads\/2024\/06\/glowne-18-200x300.jpg 200w, https:\/\/blog.ccc.eu\/pl\/wp-content\/uploads\/2024\/06\/glowne-18-100x150.jpg 100w\" sizes=\"auto, (max-width: 622px) 100vw, 622px\" \/><\/figure>\n\n\n\n<figure class=\"wp-block-image size-full\"><img loading=\"lazy\" decoding=\"async\" width=\"622\" height=\"933\" src=\"https:\/\/blog.ccc.eu\/pl\/wp-content\/uploads\/2024\/06\/glowne1-15.jpg\" alt=\"torebka do biura na lato\" class=\"wp-image-25245\" srcset=\"https:\/\/blog.ccc.eu\/pl\/wp-content\/uploads\/2024\/06\/glowne1-15.jpg 622w, https:\/\/blog.ccc.eu\/pl\/wp-content\/uploads\/2024\/06\/glowne1-15-200x300.jpg 200w, https:\/\/blog.ccc.eu\/pl\/wp-content\/uploads\/2024\/06\/glowne1-15-100x150.jpg 100w\" sizes=\"auto, (max-width: 622px) 100vw, 622px\" \/><\/figure>\n<\/div>\n\n\n\n<h2 class=\"wp-block-heading\">#1 P\u0142\u00f3cienna torebka typu worek<\/h2>\n\n\n\n<p>P\u0142\u00f3cienna torebka typu worek od Gino Rossi jest bardzo pojemna, co pozwala na wygodne przenoszenie w niej laptopa, dokument\u00f3w i innych niezb\u0119dnych do pracy przedmiot\u00f3w. Proste, klasyczne logo marki dodaje jej elegancji i profesjonalizmu, a stonowana kolorystyka pasuje do r\u00f3\u017cnych stylizacji \u2013 od formalnych, damskich garnitur\u00f3w po casualowe sukienki. W dodatku wykonanie z materia\u0142u w\u0142\u00f3kienniczego oraz jego jasna kolorystyka nadaj\u0105 torebce letni charakter. To doskona\u0142a propozycja zar\u00f3wno do noszenia do pracy, ale tak\u017ce na zakupy lub na letnie podr\u00f3\u017ce. Pokochasz j\u0105 za jej uniwersalny wygl\u0105d i funkcjonalno\u015b\u0107. Co wi\u0119cej, <strong>to model, kt\u00f3ry nie jest sztywno osadzony w aktualnych trendach, dzi\u0119ki czemu z powodzeniem pos\u0142u\u017cy Ci przez<\/strong> <strong>wiele sezon\u00f3w<\/strong>.<\/p>\n\n\n\n<div class=\"wp-block-group is-nowrap is-layout-flex wp-container-core-group-is-layout-ad2f72ca wp-block-group-is-layout-flex\">\n<figure class=\"wp-block-image size-large\"><img loading=\"lazy\" decoding=\"async\" width=\"683\" height=\"1024\" src=\"https:\/\/blog.ccc.eu\/pl\/wp-content\/uploads\/2024\/06\/CCC_5905588563075_01_M-683x1024.jpg\" alt=\"p\u0142\u00f3cienna torebka gino rossi\" class=\"wp-image-25246\" srcset=\"https:\/\/blog.ccc.eu\/pl\/wp-content\/uploads\/2024\/06\/CCC_5905588563075_01_M-683x1024.jpg 683w, https:\/\/blog.ccc.eu\/pl\/wp-content\/uploads\/2024\/06\/CCC_5905588563075_01_M-200x300.jpg 200w, https:\/\/blog.ccc.eu\/pl\/wp-content\/uploads\/2024\/06\/CCC_5905588563075_01_M-768x1152.jpg 768w, https:\/\/blog.ccc.eu\/pl\/wp-content\/uploads\/2024\/06\/CCC_5905588563075_01_M-100x150.jpg 100w, https:\/\/blog.ccc.eu\/pl\/wp-content\/uploads\/2024\/06\/CCC_5905588563075_01_M.jpg 876w\" sizes=\"auto, (max-width: 683px) 100vw, 683px\" \/><\/figure>\n\n\n\n<figure class=\"wp-block-image size-large\"><img loading=\"lazy\" decoding=\"async\" width=\"683\" height=\"1024\" src=\"https:\/\/blog.ccc.eu\/pl\/wp-content\/uploads\/2024\/06\/CCC_5905588563075_03-683x1024.jpg\" alt=\"torebka worek gino rossi\" class=\"wp-image-25247\" srcset=\"https:\/\/blog.ccc.eu\/pl\/wp-content\/uploads\/2024\/06\/CCC_5905588563075_03-683x1024.jpg 683w, https:\/\/blog.ccc.eu\/pl\/wp-content\/uploads\/2024\/06\/CCC_5905588563075_03-200x300.jpg 200w, https:\/\/blog.ccc.eu\/pl\/wp-content\/uploads\/2024\/06\/CCC_5905588563075_03-768x1152.jpg 768w, https:\/\/blog.ccc.eu\/pl\/wp-content\/uploads\/2024\/06\/CCC_5905588563075_03-100x150.jpg 100w, https:\/\/blog.ccc.eu\/pl\/wp-content\/uploads\/2024\/06\/CCC_5905588563075_03.jpg 876w\" sizes=\"auto, (max-width: 683px) 100vw, 683px\" \/><\/figure>\n<\/div>\n\n\n\n<div class=\"wp-block-buttons is-content-justification-center is-layout-flex wp-container-core-buttons-is-layout-16018d1d wp-block-buttons-is-layout-flex\">\n<div class=\"wp-block-button\"><a class=\"wp-block-button__link wp-element-button\" href=\"https:\/\/ccc.eu\/pl\/torby\/torby-damskie\/torebka-gino-rossi-tylo-lauren-bialy\" target=\"_blank\" rel=\"noreferrer noopener\">Zam\u00f3w p\u0142\u00f3cienn\u0105 torebk\u0119 Gino Rossi w CCC<\/a><\/div>\n<\/div>\n\n\n\n<p><\/p>\n\n\n\n<h2 class=\"wp-block-heading\">#2 Torba XL w letnie paski<\/h2>\n\n\n\n<p>Poszukujesz du\u017cej torebki do pracy? Polska marka Badura stworzy\u0142a model w rozmiarze XL, utrzymany w wakacyjnym klimacie! Wszystko za spraw\u0105 pionowych, bia\u0142o-czarnych pask\u00f3w, kt\u00f3re nadaj\u0105 torebce letni charakter. Paski s\u0105 jednak utrzymane w stonowanych barwach, dlatego dobrze uzupe\u0142ni\u0105 eleganckie stylizacje do pracy.<\/p>\n\n\n\n<p>Na uwag\u0119 zas\u0142uguje nie tylko oryginalny design torebki, ale tak\u017ce jej kr\u00f3j oraz wn\u0119trze. Ciekawa forma przyci\u0105ga spojrzenia, a jej \u015brodek zaskakuje pojemn\u0105 komor\u0105, kieszonk\u0105 na dokumenty lub drobiazgi i troczkami, kt\u00f3re dobrze chroni\u0105 jej zawarto\u015b\u0107.<\/p>\n\n\n\n<p>Warto doda\u0107, \u017ce dzi\u0119ki mi\u0119kkim materia\u0142om, torebka jest wygodna w noszeniu. Doskonale dopasowuje si\u0119 do cia\u0142a i jest lekka. <strong>To idealny model do ca\u0142odniowego noszenia!<\/strong><\/p>\n\n\n\n<div class=\"wp-block-group is-nowrap is-layout-flex wp-container-core-group-is-layout-ad2f72ca wp-block-group-is-layout-flex\">\n<figure class=\"wp-block-image size-large\"><img loading=\"lazy\" decoding=\"async\" width=\"683\" height=\"1024\" src=\"https:\/\/blog.ccc.eu\/pl\/wp-content\/uploads\/2024\/06\/CCC_5905588510215_01_Mpop-1-683x1024.jpg\" alt=\"torebka XL badura\" class=\"wp-image-25248\" srcset=\"https:\/\/blog.ccc.eu\/pl\/wp-content\/uploads\/2024\/06\/CCC_5905588510215_01_Mpop-1-683x1024.jpg 683w, https:\/\/blog.ccc.eu\/pl\/wp-content\/uploads\/2024\/06\/CCC_5905588510215_01_Mpop-1-200x300.jpg 200w, https:\/\/blog.ccc.eu\/pl\/wp-content\/uploads\/2024\/06\/CCC_5905588510215_01_Mpop-1-768x1152.jpg 768w, https:\/\/blog.ccc.eu\/pl\/wp-content\/uploads\/2024\/06\/CCC_5905588510215_01_Mpop-1-100x150.jpg 100w, https:\/\/blog.ccc.eu\/pl\/wp-content\/uploads\/2024\/06\/CCC_5905588510215_01_Mpop-1.jpg 876w\" sizes=\"auto, (max-width: 683px) 100vw, 683px\" \/><\/figure>\n\n\n\n<figure class=\"wp-block-image size-large\"><img loading=\"lazy\" decoding=\"async\" width=\"683\" height=\"1024\" src=\"https:\/\/blog.ccc.eu\/pl\/wp-content\/uploads\/2024\/06\/CCC_5905588510215_03-683x1024.jpg\" alt=\"du\u017ca torebka shopperka\" class=\"wp-image-25249\" srcset=\"https:\/\/blog.ccc.eu\/pl\/wp-content\/uploads\/2024\/06\/CCC_5905588510215_03-683x1024.jpg 683w, https:\/\/blog.ccc.eu\/pl\/wp-content\/uploads\/2024\/06\/CCC_5905588510215_03-200x300.jpg 200w, https:\/\/blog.ccc.eu\/pl\/wp-content\/uploads\/2024\/06\/CCC_5905588510215_03-768x1152.jpg 768w, https:\/\/blog.ccc.eu\/pl\/wp-content\/uploads\/2024\/06\/CCC_5905588510215_03-100x150.jpg 100w, https:\/\/blog.ccc.eu\/pl\/wp-content\/uploads\/2024\/06\/CCC_5905588510215_03.jpg 876w\" sizes=\"auto, (max-width: 683px) 100vw, 683px\" \/><\/figure>\n<\/div>\n\n\n\n<div class=\"wp-block-buttons is-content-justification-center is-layout-flex wp-container-core-buttons-is-layout-16018d1d wp-block-buttons-is-layout-flex\">\n<div class=\"wp-block-button\"><a class=\"wp-block-button__link wp-element-button\" href=\"https:\/\/ccc.eu\/pl\/torby\/torby-damskie\/torebka-badura-tyl0201-czarny\" target=\"_blank\" rel=\"noreferrer noopener\">Zam\u00f3w torebk\u0119 Badura w paski w CCC<\/a><\/div>\n<\/div>\n\n\n\n<p><\/p>\n\n\n\n<h2 class=\"wp-block-heading\">#3 Bia\u0142y plecak jako alternatywa dla torby<\/h2>\n\n\n\n<p>Latem pozw\u00f3l sobie na wi\u0119cej, je\u015bli chodzi o stylizacje do pracy.<strong> Zamiast torebki wybierz plecak w bia\u0142ym kolorze, kt\u00f3ry doskonale roz\u015bwietli ka\u017cdy str\u00f3j. <\/strong>Ponadto jego noszenie r\u00f3wnomiernie rozk\u0142ada ci\u0119\u017car na oba ramiona, co jest korzystne dla plec\u00f3w. Model od marki DeeZee kryje w sobie pojemn\u0105 komor\u0119, idealn\u0105 do przenoszenia biurowych rzeczy. Co wi\u0119cej, jest stylowy, przykuwa uwag\u0119, a jego ponadczasowy kr\u00f3j daje gwarancj\u0119, \u017ce zostanie z Tob\u0105 na d\u0142ugo!<\/p>\n\n\n\n<div class=\"wp-block-group is-nowrap is-layout-flex wp-container-core-group-is-layout-ad2f72ca wp-block-group-is-layout-flex\">\n<figure class=\"wp-block-image size-large\"><img loading=\"lazy\" decoding=\"async\" width=\"683\" height=\"1024\" src=\"https:\/\/blog.ccc.eu\/pl\/wp-content\/uploads\/2024\/06\/CCC_5905588636274_01_M-683x1024.jpg\" alt=\"bia\u0142y plecak miejski\" class=\"wp-image-25250\" srcset=\"https:\/\/blog.ccc.eu\/pl\/wp-content\/uploads\/2024\/06\/CCC_5905588636274_01_M-683x1024.jpg 683w, https:\/\/blog.ccc.eu\/pl\/wp-content\/uploads\/2024\/06\/CCC_5905588636274_01_M-200x300.jpg 200w, https:\/\/blog.ccc.eu\/pl\/wp-content\/uploads\/2024\/06\/CCC_5905588636274_01_M-768x1152.jpg 768w, https:\/\/blog.ccc.eu\/pl\/wp-content\/uploads\/2024\/06\/CCC_5905588636274_01_M-100x150.jpg 100w, https:\/\/blog.ccc.eu\/pl\/wp-content\/uploads\/2024\/06\/CCC_5905588636274_01_M.jpg 876w\" sizes=\"auto, (max-width: 683px) 100vw, 683px\" \/><\/figure>\n\n\n\n<figure class=\"wp-block-image size-large\"><img loading=\"lazy\" decoding=\"async\" width=\"683\" height=\"1024\" src=\"https:\/\/blog.ccc.eu\/pl\/wp-content\/uploads\/2024\/06\/CCC_5905588636274_03-683x1024.jpg\" alt=\"bia\u0142y plecak damski deezee\" class=\"wp-image-25251\" srcset=\"https:\/\/blog.ccc.eu\/pl\/wp-content\/uploads\/2024\/06\/CCC_5905588636274_03-683x1024.jpg 683w, https:\/\/blog.ccc.eu\/pl\/wp-content\/uploads\/2024\/06\/CCC_5905588636274_03-200x300.jpg 200w, https:\/\/blog.ccc.eu\/pl\/wp-content\/uploads\/2024\/06\/CCC_5905588636274_03-768x1152.jpg 768w, https:\/\/blog.ccc.eu\/pl\/wp-content\/uploads\/2024\/06\/CCC_5905588636274_03-100x150.jpg 100w, https:\/\/blog.ccc.eu\/pl\/wp-content\/uploads\/2024\/06\/CCC_5905588636274_03.jpg 876w\" sizes=\"auto, (max-width: 683px) 100vw, 683px\" \/><\/figure>\n<\/div>\n\n\n\n<div class=\"wp-block-buttons is-content-justification-center is-layout-flex wp-container-core-buttons-is-layout-16018d1d wp-block-buttons-is-layout-flex\">\n<div class=\"wp-block-button\"><a class=\"wp-block-button__link wp-element-button\" href=\"https:\/\/ccc.eu\/pl\/plecaki\/plecak-deezee-rx5056-bialy\" target=\"_blank\" rel=\"noreferrer noopener\">Zam\u00f3w bia\u0142y plecak DeeZee w CCC<\/a><\/div>\n<\/div>\n\n\n\n<p><\/p>\n\n\n\n<h2 class=\"wp-block-heading\">#4 Klasyczna torebka shopperka w \u015bwie\u017cym, pastelowym kolorze<\/h2>\n\n\n\n<p>Klasyczna torebka shopperka w pastelowym kolorze to doskona\u0142y wyb\u00f3r do pracy latem. Jest znana ze swojej pojemno\u015bci i dodatkowych kieszeni wewn\u0119trznych, kt\u00f3re u\u0142atwiaj\u0105 organizacj\u0119 wszystkich potrzebnych przedmiot\u00f3w.<\/p>\n\n\n\n<p><strong>B\u0142\u0119kitna, sk\u00f3rzana shopperka od marki Lasocki to niezwykle elegancka propozycja, kt\u00f3ra zarazem doda lekko\u015bci i \u015bwie\u017co\u015bci ka\u017cdej letniej stylizacji do biura.<\/strong> Sk\u00f3ra odpowiada natomiast za jej trwa\u0142o\u015b\u0107 i odporno\u015b\u0107 na jej codzienne zu\u017cycie.<\/p>\n\n\n\n<p>Ze wzgl\u0119du na jej pastelow\u0105 barw\u0119, sprawdzi si\u0119 tak\u017ce na codzienne wyj\u015bcia. Doskonale dope\u0142ni stylizacje z jeansowymi szortami lub letnimi sukienkami. To must-have w szafie ka\u017cdej mi\u0142o\u015bniczki uniwersalnego stylu!<\/p>\n\n\n\n<div class=\"wp-block-group is-nowrap is-layout-flex wp-container-core-group-is-layout-ad2f72ca wp-block-group-is-layout-flex\">\n<figure class=\"wp-block-image size-large\"><img loading=\"lazy\" decoding=\"async\" width=\"683\" height=\"1024\" src=\"https:\/\/blog.ccc.eu\/pl\/wp-content\/uploads\/2024\/06\/CCC_5905588613770_01_M-683x1024.jpg\" alt=\"shopperka mexx stylizacja\" class=\"wp-image-25252\" srcset=\"https:\/\/blog.ccc.eu\/pl\/wp-content\/uploads\/2024\/06\/CCC_5905588613770_01_M-683x1024.jpg 683w, https:\/\/blog.ccc.eu\/pl\/wp-content\/uploads\/2024\/06\/CCC_5905588613770_01_M-200x300.jpg 200w, https:\/\/blog.ccc.eu\/pl\/wp-content\/uploads\/2024\/06\/CCC_5905588613770_01_M-768x1152.jpg 768w, https:\/\/blog.ccc.eu\/pl\/wp-content\/uploads\/2024\/06\/CCC_5905588613770_01_M-100x150.jpg 100w, https:\/\/blog.ccc.eu\/pl\/wp-content\/uploads\/2024\/06\/CCC_5905588613770_01_M.jpg 876w\" sizes=\"auto, (max-width: 683px) 100vw, 683px\" \/><\/figure>\n\n\n\n<figure class=\"wp-block-image size-large\"><img loading=\"lazy\" decoding=\"async\" width=\"683\" height=\"1024\" src=\"https:\/\/blog.ccc.eu\/pl\/wp-content\/uploads\/2024\/06\/CCC_5905588613770_03-683x1024.jpg\" alt=\"torebka shopper niebieska\" class=\"wp-image-25253\" srcset=\"https:\/\/blog.ccc.eu\/pl\/wp-content\/uploads\/2024\/06\/CCC_5905588613770_03-683x1024.jpg 683w, https:\/\/blog.ccc.eu\/pl\/wp-content\/uploads\/2024\/06\/CCC_5905588613770_03-200x300.jpg 200w, https:\/\/blog.ccc.eu\/pl\/wp-content\/uploads\/2024\/06\/CCC_5905588613770_03-768x1152.jpg 768w, https:\/\/blog.ccc.eu\/pl\/wp-content\/uploads\/2024\/06\/CCC_5905588613770_03-100x150.jpg 100w, https:\/\/blog.ccc.eu\/pl\/wp-content\/uploads\/2024\/06\/CCC_5905588613770_03.jpg 876w\" sizes=\"auto, (max-width: 683px) 100vw, 683px\" \/><\/figure>\n<\/div>\n\n\n\n<div class=\"wp-block-buttons is-content-justification-center is-layout-flex wp-container-core-buttons-is-layout-16018d1d wp-block-buttons-is-layout-flex\">\n<div class=\"wp-block-button\"><a class=\"wp-block-button__link wp-element-button\" href=\"https:\/\/ccc.eu\/pl\/torby\/torby-damskie\/torebka-mexx-mexx-e-026-05-niebieski\" target=\"_blank\" rel=\"noreferrer noopener\">Zam\u00f3w shopperk\u0119 Mexx w CCC<\/a><\/div>\n<\/div>\n\n\n\n<p><\/p>\n\n\n\n<h2 class=\"wp-block-heading\">#5 Ma\u0142a torebka jak z wybiegu<\/h2>\n\n\n\n<p>Wyb\u00f3r ma\u0142ej, trendowej torebki do pracy ma wiele zalet, zar\u00f3wno praktycznych, jak i estetycznych. Taki model zmusza do ograniczenia ilo\u015bci noszonych przedmiot\u00f3w, co jest jego ogromn\u0105 zalet\u0105, bo l\u017cejsza torebka jest wygodniejsza w noszeniu, zw\u0142aszcza w ciep\u0142e dni.<\/p>\n\n\n\n<p>Ma\u0142e torebki s\u0105 aktualnie w modzie, a model ze sk\u00f3ry, o oryginalnym kroju i utrzymany w intensywnej a zarazem oryginalnej barwie od marki Gino Rossi poinformuje otoczenie, \u017ce wiesz, co w trendach piszczy! <strong>Je\u015bli chcesz wyr\u00f3\u017cni\u0107 si\u0119 z t\u0142umu, ta torebka Ci w tym pomo\u017ce<\/strong>. Zawsze mo\u017cesz dope\u0142ni\u0107 j\u0105 o bawe\u0142nian\u0105 tote bag i to w niej zabra\u0107 ze sob\u0105 wi\u0119ksze przedmioty, a w razie potrzeby \u2013 z\u0142o\u017cy\u0107 j\u0105 i schowa\u0107 do ma\u0142ej torebki!<\/p>\n\n\n\n<div class=\"wp-block-group is-nowrap is-layout-flex wp-container-core-group-is-layout-ad2f72ca wp-block-group-is-layout-flex\">\n<figure class=\"wp-block-image size-large\"><img loading=\"lazy\" decoding=\"async\" width=\"683\" height=\"1024\" src=\"https:\/\/blog.ccc.eu\/pl\/wp-content\/uploads\/2024\/06\/CCC_5905588602729_01_M-683x1024.jpg\" alt=\"ma\u0142a br\u0105zowa torebka gino rossi\" class=\"wp-image-25254\" srcset=\"https:\/\/blog.ccc.eu\/pl\/wp-content\/uploads\/2024\/06\/CCC_5905588602729_01_M-683x1024.jpg 683w, https:\/\/blog.ccc.eu\/pl\/wp-content\/uploads\/2024\/06\/CCC_5905588602729_01_M-200x300.jpg 200w, https:\/\/blog.ccc.eu\/pl\/wp-content\/uploads\/2024\/06\/CCC_5905588602729_01_M-768x1152.jpg 768w, https:\/\/blog.ccc.eu\/pl\/wp-content\/uploads\/2024\/06\/CCC_5905588602729_01_M-100x150.jpg 100w, https:\/\/blog.ccc.eu\/pl\/wp-content\/uploads\/2024\/06\/CCC_5905588602729_01_M.jpg 876w\" sizes=\"auto, (max-width: 683px) 100vw, 683px\" \/><\/figure>\n\n\n\n<figure class=\"wp-block-image size-large\"><img loading=\"lazy\" decoding=\"async\" width=\"683\" height=\"1024\" src=\"https:\/\/blog.ccc.eu\/pl\/wp-content\/uploads\/2024\/06\/CCC_5905588602729_03-683x1024.jpg\" alt=\"torebka camel ma\u0142a\" class=\"wp-image-25255\" srcset=\"https:\/\/blog.ccc.eu\/pl\/wp-content\/uploads\/2024\/06\/CCC_5905588602729_03-683x1024.jpg 683w, https:\/\/blog.ccc.eu\/pl\/wp-content\/uploads\/2024\/06\/CCC_5905588602729_03-200x300.jpg 200w, https:\/\/blog.ccc.eu\/pl\/wp-content\/uploads\/2024\/06\/CCC_5905588602729_03-768x1152.jpg 768w, https:\/\/blog.ccc.eu\/pl\/wp-content\/uploads\/2024\/06\/CCC_5905588602729_03-100x150.jpg 100w, https:\/\/blog.ccc.eu\/pl\/wp-content\/uploads\/2024\/06\/CCC_5905588602729_03.jpg 876w\" sizes=\"auto, (max-width: 683px) 100vw, 683px\" \/><\/figure>\n<\/div>\n\n\n\n<div class=\"wp-block-buttons is-content-justification-center is-layout-flex wp-container-core-buttons-is-layout-16018d1d wp-block-buttons-is-layout-flex\">\n<div class=\"wp-block-button\"><a class=\"wp-block-button__link wp-element-button\" href=\"https:\/\/ccc.eu\/pl\/torby\/torby-damskie\/torebka-gino-rossi-oj-82717-camel\" target=\"_blank\" rel=\"noreferrer noopener\">Zam\u00f3w ma\u0142\u0105 torebk\u0119 Gino Rossi w CCC<\/a><\/div>\n<\/div>\n\n\n\n<p><\/p>\n\n\n\n<h2 class=\"wp-block-heading\">Najmodniejsze i najbardziej praktyczne torebki do biura kupisz w CCC!<\/h2>\n\n\n\n<p>Ju\u017c wiesz, jakie torebki do pracy najlepiej sprawdz\u0105 si\u0119 latem. Po wskazane w artykule modele (i znacznie wi\u0119cej) udaj si\u0119 do stacjonarnych sklep\u00f3w CCC, na ccc.eu b\u0105d\u017a do aplikacji. Nie zapomnij, \u017ce w CCC trwaj\u0105 obecnie wyprzeda\u017ce! To oznacza, \u017ce Twoj\u0105 wymarzon\u0105 torebk\u0119 lub plecak mo\u017cesz kupi\u0107 w atrakcyjnej cenie. Udanych zakup\u00f3w!<\/p>\n","protected":false},"excerpt":{"rendered":"<p>Lato to idealny czas na od\u015bwie\u017cenie swojej garderoby, w tym akcesori\u00f3w takich jak torebki. Czarne, masywne modele, kt\u00f3re nosimy przez wi\u0119ksz\u0105 cz\u0119\u015b\u0107 roku, warto w tym czasie schowa\u0107 na sp\u00f3d szafy, by zrobi\u0107 miejsce dodatkom doskonale podkre\u015blaj\u0105cym letnie stylizacje. Oto pi\u0119\u0107 typ\u00f3w torebek, kt\u00f3re \u015bwietnie sprawdz\u0105 si\u0119 w biurze latem. S\u0105 eleganckie, a jednocze\u015bnie sezonowe. [&hellip;]<\/p>\n","protected":false},"author":20,"featured_media":25244,"comment_status":"open","ping_status":"closed","sticky":false,"template":"","format":"standard","meta":{"_acf_changed":false,"footnotes":""},"categories":[1574,1332],"tags":[],"class_list":["post-25243","post","type-post","status-publish","format-standard","has-post-thumbnail","hentry","category-modne-torebki","category-trendy-na-lato"],"acf":[],"_links":{"self":[{"href":"https:\/\/blog.ccc.eu\/pl\/wp-json\/wp\/v2\/posts\/25243","targetHints":{"allow":["GET"]}}],"collection":[{"href":"https:\/\/blog.ccc.eu\/pl\/wp-json\/wp\/v2\/posts"}],"about":[{"href":"https:\/\/blog.ccc.eu\/pl\/wp-json\/wp\/v2\/types\/post"}],"author":[{"embeddable":true,"href":"https:\/\/blog.ccc.eu\/pl\/wp-json\/wp\/v2\/users\/20"}],"replies":[{"embeddable":true,"href":"https:\/\/blog.ccc.eu\/pl\/wp-json\/wp\/v2\/comments?post=25243"}],"version-history":[{"count":1,"href":"https:\/\/blog.ccc.eu\/pl\/wp-json\/wp\/v2\/posts\/25243\/revisions"}],"predecessor-version":[{"id":25256,"href":"https:\/\/blog.ccc.eu\/pl\/wp-json\/wp\/v2\/posts\/25243\/revisions\/25256"}],"wp:featuredmedia":[{"embeddable":true,"href":"https:\/\/blog.ccc.eu\/pl\/wp-json\/wp\/v2\/media\/25244"}],"wp:attachment":[{"href":"https:\/\/blog.ccc.eu\/pl\/wp-json\/wp\/v2\/media?parent=25243"}],"wp:term":[{"taxonomy":"category","embeddable":true,"href":"https:\/\/blog.ccc.eu\/pl\/wp-json\/wp\/v2\/categories?post=25243"},{"taxonomy":"post_tag","embeddable":true,"href":"https:\/\/blog.ccc.eu\/pl\/wp-json\/wp\/v2\/tags?post=25243"}],"curies":[{"name":"wp","href":"https:\/\/api.w.org\/{rel}","templated":true}]}}