{"id":25257,"date":"2024-06-28T15:21:40","date_gmt":"2024-06-28T13:21:40","guid":{"rendered":"https:\/\/blog.ccc.eu\/pl\/?p=25257"},"modified":"2024-07-26T14:37:12","modified_gmt":"2024-07-26T12:37:12","slug":"najgoretsze-trendy-obuwnicze-lata","status":"publish","type":"post","link":"https:\/\/blog.ccc.eu\/pl\/najgoretsze-trendy-obuwnicze-lata\/","title":{"rendered":"Oto 5 najgor\u0119tszych obuwniczych mikrotrend\u00f3w lata 2024!"},"content":{"rendered":"\n<p><strong>Lato 2024 przynosi wiele ciekawych mikrotrend\u00f3w w modzie obuwniczej, kt\u00f3re \u0142\u0105cz\u0105 styl, wygod\u0119 i oryginalno\u015b\u0107. Od delikatnych paseczk\u00f3w na cholewkach przez platformy po metaliczne akcenty \u2013 te trendy pozwalaj\u0105 na eksperymentowanie z mod\u0105 i wyra\u017cania w\u0142asnego stylu. Ka\u017cdy z nich oferuje co\u015b wyj\u0105tkowego, co czyni to lato jedynym w swoim rodzaju. Przedstawiamy 5 typ\u00f3w obuwia zgodnych z mikrotrendami, kt\u00f3re nadadz\u0105 charakter Twoim wakacyjnym stylizacjom i wyr\u00f3\u017cni\u0105 Ci\u0119 w t\u0142umu!<\/strong><\/p>\n\n\n\n<div class=\"wp-block-group is-nowrap is-layout-flex wp-container-core-group-is-layout-ad2f72ca wp-block-group-is-layout-flex\">\n<figure class=\"wp-block-image size-full\"><img loading=\"lazy\" decoding=\"async\" width=\"533\" height=\"800\" src=\"https:\/\/blog.ccc.eu\/pl\/wp-content\/uploads\/2024\/06\/glowne-1-3.jpg\" alt=\"gumowe sanda\u0142y hunter\" class=\"wp-image-25268\" srcset=\"https:\/\/blog.ccc.eu\/pl\/wp-content\/uploads\/2024\/06\/glowne-1-3.jpg 533w, https:\/\/blog.ccc.eu\/pl\/wp-content\/uploads\/2024\/06\/glowne-1-3-200x300.jpg 200w, https:\/\/blog.ccc.eu\/pl\/wp-content\/uploads\/2024\/06\/glowne-1-3-100x150.jpg 100w\" sizes=\"auto, (max-width: 533px) 100vw, 533px\" \/><\/figure>\n\n\n\n<figure class=\"wp-block-image size-full\"><img loading=\"lazy\" decoding=\"async\" width=\"533\" height=\"800\" src=\"https:\/\/blog.ccc.eu\/pl\/wp-content\/uploads\/2024\/06\/glowne1-1-3.jpg\" alt=\"klapki na platformie i pikowana torebka\" class=\"wp-image-25269\" srcset=\"https:\/\/blog.ccc.eu\/pl\/wp-content\/uploads\/2024\/06\/glowne1-1-3.jpg 533w, https:\/\/blog.ccc.eu\/pl\/wp-content\/uploads\/2024\/06\/glowne1-1-3-200x300.jpg 200w, https:\/\/blog.ccc.eu\/pl\/wp-content\/uploads\/2024\/06\/glowne1-1-3-100x150.jpg 100w\" sizes=\"auto, (max-width: 533px) 100vw, 533px\" \/><\/figure>\n<\/div>\n\n\n\n<h2 class=\"wp-block-heading\">#1 Sanda\u0142y z delikatnymi paseczkami na cholewkach<\/h2>\n\n\n\n<p>Sanda\u0142y z cienkimi paskami wpisuj\u0105 si\u0119 w minimalistyczny trend, kt\u00f3ry nawi\u0105zuje do popularnych w mediach spo\u0142eczno\u015bciowych estetyk, takich jak: Old Money, Quiet Luxury i wielu innych. <strong>Maj\u0105 elegancki, subtelny wygl\u0105d, dlatego stanowi\u0105 doskona\u0142e dope\u0142nienie zar\u00f3wno szykownych stylizacji<\/strong>, jak i tych zupe\u0142nie casualowych, w kt\u00f3rych stanowi\u0105 oryginalny kontrapunkt dla reszty stroju.<\/p>\n\n\n\n<p>Najmodniejsze sanda\u0142y z delikatnymi paskami? To te utrzymane w klasycznych, stonowanych barwach. Dlaczego? Bo tutaj chodzi przede wszystkim o elegancj\u0119! Nawet latem postaw wi\u0119c na czarne modele, a je\u015bli chcesz doda\u0107 \u015bwie\u017co\u015bci swojemu outfitowi, wybierz bia\u0142e lub be\u017cowe. Par\u0105 sanda\u0142\u00f3w o wyrazistej barwie, kt\u00f3ra jest akceptowalna w tym miktrotrendzie, s\u0105 czerwone sanda\u0142y z delikatnymi paskami. Unikaj noszenia z nimi innych dodatk\u00f3w w tym samym kolorze \u2013 te buty lubi\u0105 gra\u0107 pierwsze skrzypce!<\/p>\n\n\n\n<div class=\"wp-block-group is-nowrap is-layout-flex wp-container-core-group-is-layout-ad2f72ca wp-block-group-is-layout-flex\">\n<figure class=\"wp-block-image size-large\"><img loading=\"lazy\" decoding=\"async\" width=\"683\" height=\"1024\" src=\"https:\/\/blog.ccc.eu\/pl\/wp-content\/uploads\/2024\/06\/CCC_5904862636290_04-683x1024.jpg\" alt=\"sanda\u0142y na obcasie gino rossi\" class=\"wp-image-25258\" srcset=\"https:\/\/blog.ccc.eu\/pl\/wp-content\/uploads\/2024\/06\/CCC_5904862636290_04-683x1024.jpg 683w, https:\/\/blog.ccc.eu\/pl\/wp-content\/uploads\/2024\/06\/CCC_5904862636290_04-200x300.jpg 200w, https:\/\/blog.ccc.eu\/pl\/wp-content\/uploads\/2024\/06\/CCC_5904862636290_04-768x1152.jpg 768w, https:\/\/blog.ccc.eu\/pl\/wp-content\/uploads\/2024\/06\/CCC_5904862636290_04-100x150.jpg 100w, https:\/\/blog.ccc.eu\/pl\/wp-content\/uploads\/2024\/06\/CCC_5904862636290_04.jpg 876w\" sizes=\"auto, (max-width: 683px) 100vw, 683px\" \/><\/figure>\n\n\n\n<figure class=\"wp-block-image size-large\"><img loading=\"lazy\" decoding=\"async\" width=\"683\" height=\"1024\" src=\"https:\/\/blog.ccc.eu\/pl\/wp-content\/uploads\/2024\/06\/CCC_5904862636290_02K-683x1024.jpg\" alt=\"sk\u00f3rzane sanda\u0142y na obcasie gino rossi\" class=\"wp-image-25259\" srcset=\"https:\/\/blog.ccc.eu\/pl\/wp-content\/uploads\/2024\/06\/CCC_5904862636290_02K-683x1024.jpg 683w, https:\/\/blog.ccc.eu\/pl\/wp-content\/uploads\/2024\/06\/CCC_5904862636290_02K-200x300.jpg 200w, https:\/\/blog.ccc.eu\/pl\/wp-content\/uploads\/2024\/06\/CCC_5904862636290_02K-768x1152.jpg 768w, https:\/\/blog.ccc.eu\/pl\/wp-content\/uploads\/2024\/06\/CCC_5904862636290_02K-100x150.jpg 100w, https:\/\/blog.ccc.eu\/pl\/wp-content\/uploads\/2024\/06\/CCC_5904862636290_02K.jpg 876w\" sizes=\"auto, (max-width: 683px) 100vw, 683px\" \/><\/figure>\n<\/div>\n\n\n\n<div class=\"wp-block-buttons is-content-justification-center is-layout-flex wp-container-core-buttons-is-layout-16018d1d wp-block-buttons-is-layout-flex\">\n<div class=\"wp-block-button\"><a class=\"wp-block-button__link wp-element-button\" href=\"https:\/\/ccc.eu\/pl\/damskie\/buty\/sandaly\/sandaly-gino-rossi-v908-57-2-czarny-1\" target=\"_blank\" rel=\"noreferrer noopener\">Zam\u00f3w czarne sanda\u0142y Gino Rossi w CCC<\/a><\/div>\n<\/div>\n\n\n\n<p><\/p>\n\n\n\n<h2 class=\"wp-block-heading\">#2 Sanda\u0142y na platformie<\/h2>\n\n\n\n<p>Sanda\u0142y na platformie mia\u0142y sw\u00f3j moment s\u0142awy kilka sezon\u00f3w temu. Teraz powracaj\u0105 jako mikrotrend na lato 2024, kt\u00f3ry musisz mie\u0107 w swojej szafie!<\/p>\n\n\n\n<p><strong>Sanda\u0142y na platformie, za spraw\u0105 charakterystycznej, grubej podeszwy, wci\u0105\u017c s\u0105 postrzegane jako bardziej niszowe<\/strong>. Do tego optycznie wyd\u0142u\u017caj\u0105 sylwetk\u0119, niczym buty na obcasie, jednocze\u015bnie zapewniaj\u0105c wygod\u0119 podczas chodzenia (jak p\u0142askie obuwie). W tym sezonie najbardziej cenione s\u0105 modele z wieloma cienkimi paskami na cholewkach. Brzmi znajomo? To przecie\u017c kolejny mikrotrend!<\/p>\n\n\n\n<div class=\"wp-block-group is-nowrap is-layout-flex wp-container-core-group-is-layout-ad2f72ca wp-block-group-is-layout-flex\">\n<figure class=\"wp-block-image size-large\"><img loading=\"lazy\" decoding=\"async\" width=\"683\" height=\"1024\" src=\"https:\/\/blog.ccc.eu\/pl\/wp-content\/uploads\/2024\/06\/CCC_5905588494584_04-683x1024.jpg\" alt=\"sanda\u0142y na platformie badura\" class=\"wp-image-25260\" srcset=\"https:\/\/blog.ccc.eu\/pl\/wp-content\/uploads\/2024\/06\/CCC_5905588494584_04-683x1024.jpg 683w, https:\/\/blog.ccc.eu\/pl\/wp-content\/uploads\/2024\/06\/CCC_5905588494584_04-200x300.jpg 200w, https:\/\/blog.ccc.eu\/pl\/wp-content\/uploads\/2024\/06\/CCC_5905588494584_04-768x1152.jpg 768w, https:\/\/blog.ccc.eu\/pl\/wp-content\/uploads\/2024\/06\/CCC_5905588494584_04-100x150.jpg 100w, https:\/\/blog.ccc.eu\/pl\/wp-content\/uploads\/2024\/06\/CCC_5905588494584_04.jpg 876w\" sizes=\"auto, (max-width: 683px) 100vw, 683px\" \/><\/figure>\n\n\n\n<figure class=\"wp-block-image size-large\"><img loading=\"lazy\" decoding=\"async\" width=\"683\" height=\"1024\" src=\"https:\/\/blog.ccc.eu\/pl\/wp-content\/uploads\/2024\/06\/CCC_5905588494584_02K-683x1024.jpg\" alt=\"sanda\u0142y na grubej podeszwie badura\" class=\"wp-image-25261\" srcset=\"https:\/\/blog.ccc.eu\/pl\/wp-content\/uploads\/2024\/06\/CCC_5905588494584_02K-683x1024.jpg 683w, https:\/\/blog.ccc.eu\/pl\/wp-content\/uploads\/2024\/06\/CCC_5905588494584_02K-200x300.jpg 200w, https:\/\/blog.ccc.eu\/pl\/wp-content\/uploads\/2024\/06\/CCC_5905588494584_02K-768x1152.jpg 768w, https:\/\/blog.ccc.eu\/pl\/wp-content\/uploads\/2024\/06\/CCC_5905588494584_02K-100x150.jpg 100w, https:\/\/blog.ccc.eu\/pl\/wp-content\/uploads\/2024\/06\/CCC_5905588494584_02K.jpg 876w\" sizes=\"auto, (max-width: 683px) 100vw, 683px\" \/><\/figure>\n<\/div>\n\n\n\n<div class=\"wp-block-buttons is-content-justification-center is-layout-flex wp-container-core-buttons-is-layout-16018d1d wp-block-buttons-is-layout-flex\">\n<div class=\"wp-block-button\"><a class=\"wp-block-button__link wp-element-button\" href=\"https:\/\/ccc.eu\/pl\/damskie\/buty\/sandaly\/sandaly-badura-wyl3857-2-bialy\" target=\"_blank\" rel=\"noreferrer noopener\">Zam\u00f3w sanda\u0142y na platformie Badura w CCC<\/a><\/div>\n<\/div>\n\n\n\n<p><\/p>\n\n\n\n<h2 class=\"wp-block-heading\">#3 Gumowe klapki na grubej podeszwie<\/h2>\n\n\n\n<p>Unikalny design gumowych klapk\u00f3w na grubej podeszwie sprawia, \u017ce s\u0105 one obecnie jednymi z najch\u0119tniej kupowanych but\u00f3w na lato 2024. <strong>Po\u0142\u0105czenie minimalistycznej cholewki z wysok\u0105 podeszw\u0105, wykonanie z gumy i intensywno\u015b\u0107 kolor\u00f3w sprawiaj\u0105, \u017ce obok tych modeli wprost nie da si\u0119 przej\u015b\u0107 oboj\u0119tnie!<\/strong><\/p>\n\n\n\n<p>Wykonane z gumy klapki s\u0105 jednak nie tylko efektowne, ale tak\u017ce \u0142atwe w piel\u0119gnacji, odporne na wilgo\u0107 i wygodne w noszeniu. Doskonale sprawdz\u0105 si\u0119 zar\u00f3wno do noszenia po mie\u015bcie, jak i podczas wakacyjnych podr\u00f3\u017cy. Mimo swojej wyrazisto\u015bci, maj\u0105 uniwersalny design, dlatego doskonale dopasuj\u0105 si\u0119 do wi\u0119kszo\u015bci codziennych stroj\u00f3w. Pokochasz je za t\u0119 wszechstronno\u015b\u0107!<\/p>\n\n\n\n<div class=\"wp-block-group is-nowrap is-layout-flex wp-container-core-group-is-layout-ad2f72ca wp-block-group-is-layout-flex\">\n<figure class=\"wp-block-image size-large\"><img loading=\"lazy\" decoding=\"async\" width=\"683\" height=\"1024\" src=\"https:\/\/blog.ccc.eu\/pl\/wp-content\/uploads\/2024\/06\/CCC_5905588458739_04-683x1024.jpg\" alt=\"gumowe klapki hunter\" class=\"wp-image-25262\" srcset=\"https:\/\/blog.ccc.eu\/pl\/wp-content\/uploads\/2024\/06\/CCC_5905588458739_04-683x1024.jpg 683w, https:\/\/blog.ccc.eu\/pl\/wp-content\/uploads\/2024\/06\/CCC_5905588458739_04-200x300.jpg 200w, https:\/\/blog.ccc.eu\/pl\/wp-content\/uploads\/2024\/06\/CCC_5905588458739_04-768x1152.jpg 768w, https:\/\/blog.ccc.eu\/pl\/wp-content\/uploads\/2024\/06\/CCC_5905588458739_04-100x150.jpg 100w, https:\/\/blog.ccc.eu\/pl\/wp-content\/uploads\/2024\/06\/CCC_5905588458739_04.jpg 876w\" sizes=\"auto, (max-width: 683px) 100vw, 683px\" \/><\/figure>\n\n\n\n<figure class=\"wp-block-image size-large\"><img loading=\"lazy\" decoding=\"async\" width=\"683\" height=\"1024\" src=\"https:\/\/blog.ccc.eu\/pl\/wp-content\/uploads\/2024\/06\/CCC_5905588458739_02-683x1024.jpg\" alt=\"hunter klapki na platformie\" class=\"wp-image-25263\" srcset=\"https:\/\/blog.ccc.eu\/pl\/wp-content\/uploads\/2024\/06\/CCC_5905588458739_02-683x1024.jpg 683w, https:\/\/blog.ccc.eu\/pl\/wp-content\/uploads\/2024\/06\/CCC_5905588458739_02-200x300.jpg 200w, https:\/\/blog.ccc.eu\/pl\/wp-content\/uploads\/2024\/06\/CCC_5905588458739_02-768x1152.jpg 768w, https:\/\/blog.ccc.eu\/pl\/wp-content\/uploads\/2024\/06\/CCC_5905588458739_02-100x150.jpg 100w, https:\/\/blog.ccc.eu\/pl\/wp-content\/uploads\/2024\/06\/CCC_5905588458739_02.jpg 876w\" sizes=\"auto, (max-width: 683px) 100vw, 683px\" \/><\/figure>\n<\/div>\n\n\n\n<div class=\"wp-block-buttons is-content-justification-center is-layout-flex wp-container-core-buttons-is-layout-16018d1d wp-block-buttons-is-layout-flex\">\n<div class=\"wp-block-button\"><a class=\"wp-block-button__link wp-element-button\" href=\"https:\/\/ccc.eu\/pl\/damskie\/buty\/klapki\/klapki-basenowe\/klapki-basenowe-hunter-s55796-i-fioletowy\" target=\"_blank\" rel=\"noreferrer noopener\">Zam\u00f3w gumowe klapki Hunter w CCC<\/a><\/div>\n<\/div>\n\n\n\n<p><\/p>\n\n\n\n<h2 class=\"wp-block-heading\">#4 Sneakersy w stylu retro<\/h2>\n\n\n\n<p>Sneakersy w stylu retro odnosz\u0105 si\u0119 do styl\u00f3w obuwia popularnych w przesz\u0142o\u015bci, co w niekt\u00f3rych kupuj\u0105cych wywo\u0142uje uczucie nostalgii. Ten mikrotrend jednak zyska\u0142 popularno\u015b\u0107 tak\u017ce u os\u00f3b, kt\u00f3re nie mog\u0105 pami\u0119ta\u0107 lat \u015bwietno\u015bci ich pierwowzor\u00f3w. S\u0105 wi\u0119c atrakcyjne i ch\u0119tnie wybierane przez r\u00f3\u017cne grupy wiekowe. Czym zawdzi\u0119czaj\u0105 swoj\u0105 popularno\u015b\u0107?<\/p>\n\n\n\n<p>Sneakersy w stylu retro maj\u0105 unikaln\u0105 estetyk\u0119, ale ze wzgl\u0119du na do\u015b\u0107 minimalistyczn\u0105 form\u0119, s\u0105 uniwersalnym obuwiem, kt\u00f3re tak samo dobrze b\u0119dzie prezentowa\u0107 si\u0119 z klasycznymi jeansami, co bieli\u017anian\u0105 sukienk\u0105. S\u0105 r\u00f3wnie\u017c wygodne w noszeniu, <strong>a z racji tego, \u017ce<\/strong> <strong>s\u0105 inspirowane ikonicznymi modelami but\u00f3w z lat 80. i 90.<\/strong> <strong>\u2013 maj\u0105 kultowy design<\/strong>! Czego chcie\u0107 wi\u0119cej?<\/p>\n\n\n\n<div class=\"wp-block-group is-nowrap is-layout-flex wp-container-core-group-is-layout-ad2f72ca wp-block-group-is-layout-flex\">\n<figure class=\"wp-block-image size-large\"><img loading=\"lazy\" decoding=\"async\" width=\"683\" height=\"1024\" src=\"https:\/\/blog.ccc.eu\/pl\/wp-content\/uploads\/2024\/06\/CCC_5905588732280_04pop-683x1024.jpg\" alt=\"bia\u0142e sneakersy retro\" class=\"wp-image-25264\" srcset=\"https:\/\/blog.ccc.eu\/pl\/wp-content\/uploads\/2024\/06\/CCC_5905588732280_04pop-683x1024.jpg 683w, https:\/\/blog.ccc.eu\/pl\/wp-content\/uploads\/2024\/06\/CCC_5905588732280_04pop-200x300.jpg 200w, https:\/\/blog.ccc.eu\/pl\/wp-content\/uploads\/2024\/06\/CCC_5905588732280_04pop-768x1152.jpg 768w, https:\/\/blog.ccc.eu\/pl\/wp-content\/uploads\/2024\/06\/CCC_5905588732280_04pop-100x150.jpg 100w, https:\/\/blog.ccc.eu\/pl\/wp-content\/uploads\/2024\/06\/CCC_5905588732280_04pop.jpg 876w\" sizes=\"auto, (max-width: 683px) 100vw, 683px\" \/><\/figure>\n\n\n\n<figure class=\"wp-block-image size-large\"><img loading=\"lazy\" decoding=\"async\" width=\"683\" height=\"1024\" src=\"https:\/\/blog.ccc.eu\/pl\/wp-content\/uploads\/2024\/06\/CCC_5905588732280_02K-683x1024.jpg\" alt=\"adidas sneakersy bia\u0142e\" class=\"wp-image-25265\" srcset=\"https:\/\/blog.ccc.eu\/pl\/wp-content\/uploads\/2024\/06\/CCC_5905588732280_02K-683x1024.jpg 683w, https:\/\/blog.ccc.eu\/pl\/wp-content\/uploads\/2024\/06\/CCC_5905588732280_02K-200x300.jpg 200w, https:\/\/blog.ccc.eu\/pl\/wp-content\/uploads\/2024\/06\/CCC_5905588732280_02K-768x1152.jpg 768w, https:\/\/blog.ccc.eu\/pl\/wp-content\/uploads\/2024\/06\/CCC_5905588732280_02K-100x150.jpg 100w, https:\/\/blog.ccc.eu\/pl\/wp-content\/uploads\/2024\/06\/CCC_5905588732280_02K.jpg 876w\" sizes=\"auto, (max-width: 683px) 100vw, 683px\" \/><\/figure>\n<\/div>\n\n\n\n<div class=\"wp-block-buttons is-content-justification-center is-layout-flex wp-container-core-buttons-is-layout-16018d1d wp-block-buttons-is-layout-flex\">\n<div class=\"wp-block-button\"><a class=\"wp-block-button__link wp-element-button\" href=\"https:\/\/ccc.eu\/pl\/damskie\/buty\/sportowe\/obuwie-sportowe-adidas-vl-court-3-0-id6285-bialy\" target=\"_blank\" rel=\"noreferrer noopener\">Zam\u00f3w retro sneakersy adidas w CCC<\/a><\/div>\n<\/div>\n\n\n\n<p><\/p>\n\n\n\n<h2 class=\"wp-block-heading\">#5 Espadryle z wi\u0105zaniami<\/h2>\n\n\n\n<p>Szukasz but\u00f3w o letnim charakterze, kt\u00f3re b\u0119d\u0105 robi\u0107 wra\u017cenie, a jednocze\u015bnie b\u0119d\u0105 wygodne w noszeniu przez ca\u0142y dzie\u0144? W mikrotrendach utrzymane s\u0105 m.in. espradryle z wi\u0105zaniami. <strong>S\u0105 lekkie, komfortowe, a do tego wyr\u00f3\u017cniaj\u0105 si\u0119 nietuzinkowym wygl\u0105dem.<\/strong> Doskonale sprawdz\u0105 si\u0119 zar\u00f3wno do noszenia w ci\u0105gu dnia z casualowymi zestawami, jak i na wieczorne okazje. Pokochasz te letnie niezb\u0119dniki za ich nieko\u0144cz\u0105ce si\u0119 zalety!<\/p>\n\n\n\n<div class=\"wp-block-group is-nowrap is-layout-flex wp-container-core-group-is-layout-ad2f72ca wp-block-group-is-layout-flex\">\n<figure class=\"wp-block-image size-large\"><img loading=\"lazy\" decoding=\"async\" width=\"683\" height=\"1024\" src=\"https:\/\/blog.ccc.eu\/pl\/wp-content\/uploads\/2024\/06\/CCC_5905588543299_04-683x1024.jpg\" alt=\"wi\u0105zane espadryle deezee\" class=\"wp-image-25266\" srcset=\"https:\/\/blog.ccc.eu\/pl\/wp-content\/uploads\/2024\/06\/CCC_5905588543299_04-683x1024.jpg 683w, https:\/\/blog.ccc.eu\/pl\/wp-content\/uploads\/2024\/06\/CCC_5905588543299_04-200x300.jpg 200w, https:\/\/blog.ccc.eu\/pl\/wp-content\/uploads\/2024\/06\/CCC_5905588543299_04-768x1152.jpg 768w, https:\/\/blog.ccc.eu\/pl\/wp-content\/uploads\/2024\/06\/CCC_5905588543299_04-100x150.jpg 100w, https:\/\/blog.ccc.eu\/pl\/wp-content\/uploads\/2024\/06\/CCC_5905588543299_04.jpg 876w\" sizes=\"auto, (max-width: 683px) 100vw, 683px\" \/><\/figure>\n\n\n\n<figure class=\"wp-block-image size-large\"><img loading=\"lazy\" decoding=\"async\" width=\"683\" height=\"1024\" src=\"https:\/\/blog.ccc.eu\/pl\/wp-content\/uploads\/2024\/06\/CCC_5905588543299_02-683x1024.jpg\" alt=\"sanda\u0142y espadryle wi\u0105zane deezee\" class=\"wp-image-25267\" srcset=\"https:\/\/blog.ccc.eu\/pl\/wp-content\/uploads\/2024\/06\/CCC_5905588543299_02-683x1024.jpg 683w, https:\/\/blog.ccc.eu\/pl\/wp-content\/uploads\/2024\/06\/CCC_5905588543299_02-200x300.jpg 200w, https:\/\/blog.ccc.eu\/pl\/wp-content\/uploads\/2024\/06\/CCC_5905588543299_02-768x1152.jpg 768w, https:\/\/blog.ccc.eu\/pl\/wp-content\/uploads\/2024\/06\/CCC_5905588543299_02-100x150.jpg 100w, https:\/\/blog.ccc.eu\/pl\/wp-content\/uploads\/2024\/06\/CCC_5905588543299_02.jpg 876w\" sizes=\"auto, (max-width: 683px) 100vw, 683px\" \/><\/figure>\n<\/div>\n\n\n\n<div class=\"wp-block-buttons is-content-justification-center is-layout-flex wp-container-core-buttons-is-layout-16018d1d wp-block-buttons-is-layout-flex\">\n<div class=\"wp-block-button\"><a class=\"wp-block-button__link wp-element-button\" href=\"https:\/\/ccc.eu\/pl\/damskie\/buty\/polbuty\/espadryle\/espadryle-deezee-ws2509-001-czarny\" target=\"_blank\" rel=\"noreferrer noopener\">Zam\u00f3w wi\u0105zane espadryle DeeZee w CCC<\/a><\/div>\n<\/div>\n\n\n\n<p><\/p>\n\n\n\n<h2 class=\"wp-block-heading\">Trendowe buty na lato kupisz w CCC!<\/h2>\n\n\n\n<p>Ju\u017c wiesz, jakie buty na lato 2024 s\u0105 utrzymane w mikrotrendach, a co za tym idzie \u2013 s\u0105 zarazem najpopularniejsze! Wszystkie wskazane w artykule modele s\u0105 dost\u0119pne zar\u00f3wno w stacjonarnych sklepach CCC, jak i na ccc.eu oraz w aplikacji. Pami\u0119taj, \u017ce trwa obecnie czas gor\u0105cych wyprzeda\u017cy! Sprawd\u017a, czy wybrana przez Ciebie para but\u00f3w jest obj\u0119ta promocj\u0105 \u2013 je\u015bli tak, kupisz j\u0105 w jeszcze bardziej atrakcyjnej cenie!<\/p>\n","protected":false},"excerpt":{"rendered":"<p>Lato 2024 przynosi wiele ciekawych mikrotrend\u00f3w w modzie obuwniczej, kt\u00f3re \u0142\u0105cz\u0105 styl, wygod\u0119 i oryginalno\u015b\u0107. Od delikatnych paseczk\u00f3w na cholewkach przez platformy po metaliczne akcenty \u2013 te trendy pozwalaj\u0105 na eksperymentowanie z mod\u0105 i wyra\u017cania w\u0142asnego stylu. Ka\u017cdy z nich oferuje co\u015b wyj\u0105tkowego, co czyni to lato jedynym w swoim rodzaju. Przedstawiamy 5 typ\u00f3w obuwia [&hellip;]<\/p>\n","protected":false},"author":20,"featured_media":25269,"comment_status":"open","ping_status":"closed","sticky":false,"template":"","format":"standard","meta":{"_acf_changed":false,"footnotes":""},"categories":[1332],"tags":[],"class_list":["post-25257","post","type-post","status-publish","format-standard","has-post-thumbnail","hentry","category-trendy-na-lato"],"acf":[],"_links":{"self":[{"href":"https:\/\/blog.ccc.eu\/pl\/wp-json\/wp\/v2\/posts\/25257","targetHints":{"allow":["GET"]}}],"collection":[{"href":"https:\/\/blog.ccc.eu\/pl\/wp-json\/wp\/v2\/posts"}],"about":[{"href":"https:\/\/blog.ccc.eu\/pl\/wp-json\/wp\/v2\/types\/post"}],"author":[{"embeddable":true,"href":"https:\/\/blog.ccc.eu\/pl\/wp-json\/wp\/v2\/users\/20"}],"replies":[{"embeddable":true,"href":"https:\/\/blog.ccc.eu\/pl\/wp-json\/wp\/v2\/comments?post=25257"}],"version-history":[{"count":2,"href":"https:\/\/blog.ccc.eu\/pl\/wp-json\/wp\/v2\/posts\/25257\/revisions"}],"predecessor-version":[{"id":25859,"href":"https:\/\/blog.ccc.eu\/pl\/wp-json\/wp\/v2\/posts\/25257\/revisions\/25859"}],"wp:featuredmedia":[{"embeddable":true,"href":"https:\/\/blog.ccc.eu\/pl\/wp-json\/wp\/v2\/media\/25269"}],"wp:attachment":[{"href":"https:\/\/blog.ccc.eu\/pl\/wp-json\/wp\/v2\/media?parent=25257"}],"wp:term":[{"taxonomy":"category","embeddable":true,"href":"https:\/\/blog.ccc.eu\/pl\/wp-json\/wp\/v2\/categories?post=25257"},{"taxonomy":"post_tag","embeddable":true,"href":"https:\/\/blog.ccc.eu\/pl\/wp-json\/wp\/v2\/tags?post=25257"}],"curies":[{"name":"wp","href":"https:\/\/api.w.org\/{rel}","templated":true}]}}