{"id":25515,"date":"2024-07-17T12:00:00","date_gmt":"2024-07-17T10:00:00","guid":{"rendered":"https:\/\/blog.ccc.eu\/pl\/?p=25515"},"modified":"2024-07-12T12:29:25","modified_gmt":"2024-07-12T10:29:25","slug":"szydelkowe-buty-perelki-na-lato","status":"publish","type":"post","link":"https:\/\/blog.ccc.eu\/pl\/szydelkowe-buty-perelki-na-lato\/","title":{"rendered":"Szyde\u0142kowe buty \u2013 pere\u0142ki lata 2024!"},"content":{"rendered":"\n<p><strong>Trend\u00f3w lata 2024 jest ju\u017c pe\u0142na lista. Od niebieskich but\u00f3w, po modele nawi\u0105zuj\u0105ce do estetyki ecletic grandma, czy tych wykonanych z siateczki, kt\u00f3re zelektryzowa\u0142y \u015bwiat mody ju\u017c na pocz\u0105tku roku. Nie da si\u0119 nie zauwa\u017cy\u0107, \u017ce na stopy b\u0119dziemy patrze\u0107 przez transparentne materia\u0142y. W tym sezonie ogromny rozw\u00f3j maj\u0105 a\u017curowe buty pod ka\u017cd\u0105 postaci\u0105. Projektanci postanowili stworzy\u0107 letnie wersje nawi\u0105zuj\u0105ce do stylu boho i typowo pla\u017cowej estetyki. Pod\u0105\u017caj\u0105c za dzierganymi topami i kompletami powsta\u0142y szyde\u0142kowe buty w bardzo naturalnej ods\u0142onie. Ich pomys\u0142odawca J.W. Anderson zaproponowa\u0142 je w swojej wiosenno-letniej kolekcji. Sprawdzam, czy szyde\u0142kowe buty maj\u0105 szans\u0119 uzyska\u0107 status gwiazdy lata!<\/strong><\/p>\n\n\n\n<div class=\"wp-block-group is-nowrap is-layout-flex wp-container-core-group-is-layout-ad2f72ca wp-block-group-is-layout-flex\">\n<figure class=\"wp-block-image size-large\"><img loading=\"lazy\" decoding=\"async\" width=\"683\" height=\"1024\" src=\"https:\/\/blog.ccc.eu\/pl\/wp-content\/uploads\/2024\/07\/CCC_5905588227007_04-683x1024.jpg\" alt=\"z\u0142ote szyde\u0142kowe buty \" class=\"wp-image-25516\" srcset=\"https:\/\/blog.ccc.eu\/pl\/wp-content\/uploads\/2024\/07\/CCC_5905588227007_04-683x1024.jpg 683w, https:\/\/blog.ccc.eu\/pl\/wp-content\/uploads\/2024\/07\/CCC_5905588227007_04-200x300.jpg 200w, https:\/\/blog.ccc.eu\/pl\/wp-content\/uploads\/2024\/07\/CCC_5905588227007_04-768x1152.jpg 768w, https:\/\/blog.ccc.eu\/pl\/wp-content\/uploads\/2024\/07\/CCC_5905588227007_04-100x150.jpg 100w, https:\/\/blog.ccc.eu\/pl\/wp-content\/uploads\/2024\/07\/CCC_5905588227007_04.jpg 876w\" sizes=\"auto, (max-width: 683px) 100vw, 683px\" \/><\/figure>\n\n\n\n<figure class=\"wp-block-image size-large\"><img loading=\"lazy\" decoding=\"async\" width=\"683\" height=\"1024\" src=\"https:\/\/blog.ccc.eu\/pl\/wp-content\/uploads\/2024\/07\/CCC_5905588227007_02-683x1024.jpg\" alt=\"szyde\u0142kowe buty baleriny\" class=\"wp-image-25517\" srcset=\"https:\/\/blog.ccc.eu\/pl\/wp-content\/uploads\/2024\/07\/CCC_5905588227007_02-683x1024.jpg 683w, https:\/\/blog.ccc.eu\/pl\/wp-content\/uploads\/2024\/07\/CCC_5905588227007_02-200x300.jpg 200w, https:\/\/blog.ccc.eu\/pl\/wp-content\/uploads\/2024\/07\/CCC_5905588227007_02-768x1152.jpg 768w, https:\/\/blog.ccc.eu\/pl\/wp-content\/uploads\/2024\/07\/CCC_5905588227007_02-100x150.jpg 100w, https:\/\/blog.ccc.eu\/pl\/wp-content\/uploads\/2024\/07\/CCC_5905588227007_02.jpg 876w\" sizes=\"auto, (max-width: 683px) 100vw, 683px\" \/><\/figure>\n<\/div>\n\n\n\n<h2 class=\"wp-block-heading\">Szyde\u0142kowe buty \u2013 trend 2024 prosto z pokaz\u00f3w mody<\/h2>\n\n\n\n<p>Kiedy my\u015blisz, \u017ce w \u015bwiecie mody by\u0142o ju\u017c wszystko nagle kto\u015b (J.W. Anderson) u\u015bwiadamia Ci\u0119, \u017ce zawsze mo\u017ce pojawi\u0107 si\u0119 co\u015b nowego. Tak by\u0142o w przypadku bardzo specyficznych but\u00f3w, wykonanych na szyde\u0142ku, kt\u00f3re zaprezentowa\u0142 w swojej wiosenno-letniej kolekcji. Jak si\u0119 okaza\u0142o projektant marki Loewe nie by\u0142 jedyny!<\/p>\n\n\n\n<p><strong>Dziergane buty wygl\u0105daj\u0105ce jak siatka rybacka lub pleciona torba boho na zakupy pojawi\u0142y si\u0119 te\u017c w kolekcji Stelli McCartney, kt\u00f3ra pokaza\u0142a je w bardzo naturalnej surowej wersji. <\/strong>W \u015blad za nimi posz\u0142a te\u017c marka Prada, kt\u00f3ra ju\u017c od jakiego\u015b czasu wprowadza to swoich kolekcji dziergane akcesoria. W tym roku pad\u0142o na s\u0142omkowe mokasyny. Efektowne i nowocze\u015bnie wygl\u0105daj\u0105ce buty zaproponowa\u0142a te\u017c Magda Butrym i Loro Piana \u2013 przedstawiciele wsp\u00f3\u0142czesnego quiet luxury.<\/p>\n\n\n\n<h2 class=\"wp-block-heading\">Jak wygl\u0105daj\u0105 szyde\u0142kowe buty?<\/h2>\n\n\n\n<p>Obserwuj\u0105c kolekcje najwa\u017cniejszych dom\u00f3w mody od razu mo\u017cna zauwa\u017cy\u0107, \u017ce ka\u017cdy mia\u0142 swoj\u0105 wizj\u0119 dzierganego obuwia. <strong>J.W. Anderson postawi\u0142 na plecion\u0105 do\u015b\u0107 \u201eciasno\u201d rafi\u0119, z kolei Stella McCartney zdecydowa\u0142a si\u0119 zaprezentowa\u0107 buty wykonane na szyde\u0142ku o do\u015b\u0107 szerokich oczkach.<\/strong> W szyde\u0142kowym obuwiu liczy si\u0119 to, by cholewka by\u0142a dziergana.<\/p>\n\n\n\n<p>Spleciona z naturalnych sznurk\u00f3w czy traw, tworz\u0105c bardzo charakterystyczn\u0105 sie\u0107. Dziergane buty doskonale prezentuj\u0105 si\u0119 na balerinach, ale te\u017c i zabudowanych sanda\u0142ach, gdzie mamy mo\u017cliwo\u015b\u0107 dok\u0142adnie zaprezentowa\u0107 cholewk\u0119.<\/p>\n\n\n\n<div class=\"wp-block-group is-nowrap is-layout-flex wp-container-core-group-is-layout-ad2f72ca wp-block-group-is-layout-flex\">\n<figure class=\"wp-block-image size-large\"><img loading=\"lazy\" decoding=\"async\" width=\"683\" height=\"1024\" src=\"https:\/\/blog.ccc.eu\/pl\/wp-content\/uploads\/2024\/07\/CCC_2230056147628_06-683x1024.jpg\" alt=\"szyde\u0142kowe buty sanda\u0142y \" class=\"wp-image-25518\" srcset=\"https:\/\/blog.ccc.eu\/pl\/wp-content\/uploads\/2024\/07\/CCC_2230056147628_06-683x1024.jpg 683w, https:\/\/blog.ccc.eu\/pl\/wp-content\/uploads\/2024\/07\/CCC_2230056147628_06-200x300.jpg 200w, https:\/\/blog.ccc.eu\/pl\/wp-content\/uploads\/2024\/07\/CCC_2230056147628_06-768x1152.jpg 768w, https:\/\/blog.ccc.eu\/pl\/wp-content\/uploads\/2024\/07\/CCC_2230056147628_06-100x150.jpg 100w, https:\/\/blog.ccc.eu\/pl\/wp-content\/uploads\/2024\/07\/CCC_2230056147628_06.jpg 876w\" sizes=\"auto, (max-width: 683px) 100vw, 683px\" \/><\/figure>\n\n\n\n<figure class=\"wp-block-image size-large\"><img loading=\"lazy\" decoding=\"async\" width=\"683\" height=\"1024\" src=\"https:\/\/blog.ccc.eu\/pl\/wp-content\/uploads\/2024\/07\/CCC_2230056147628_02-683x1024.jpg\" alt=\"szyde\u0142kowe sanda\u0142y na s\u0142upku\" class=\"wp-image-25519\" srcset=\"https:\/\/blog.ccc.eu\/pl\/wp-content\/uploads\/2024\/07\/CCC_2230056147628_02-683x1024.jpg 683w, https:\/\/blog.ccc.eu\/pl\/wp-content\/uploads\/2024\/07\/CCC_2230056147628_02-200x300.jpg 200w, https:\/\/blog.ccc.eu\/pl\/wp-content\/uploads\/2024\/07\/CCC_2230056147628_02-768x1152.jpg 768w, https:\/\/blog.ccc.eu\/pl\/wp-content\/uploads\/2024\/07\/CCC_2230056147628_02-100x150.jpg 100w, https:\/\/blog.ccc.eu\/pl\/wp-content\/uploads\/2024\/07\/CCC_2230056147628_02.jpg 876w\" sizes=\"auto, (max-width: 683px) 100vw, 683px\" \/><\/figure>\n<\/div>\n\n\n\n<h2 class=\"wp-block-heading\">Szyde\u0142kowe buty \u2013 takie modele znajdziesz w CCC<\/h2>\n\n\n\n<p>W ofercie CCC znalaz\u0142am szyde\u0142kowe buty, kt\u00f3re wprost zachwycaj\u0105 swoim oryginalnym designem, ale te\u017c i wysok\u0105 jako\u015bci\u0105. Nasze najlepsze marki stworzy\u0142y wersje w swoim stylu. Warto zwr\u00f3ci\u0107 uwag\u0119 na Sergio Bardi. <strong>W\u0142oski brand proponuje szyde\u0142kowe baleriny w kolorze z\u0142ota, wykonane ze sk\u00f3ry. Splot cholewki jest tu\u017c przy nosku bardzo g\u0119sty, przechodz\u0105c w szersze oczka, kt\u00f3re zdecydowanie zwracaj\u0105 na siebie uwag\u0119.<\/strong> Opr\u00f3cz tego modelu, kt\u00f3ry dost\u0119pny jest w dw\u00f3ch wersjach, warto zwr\u00f3ci\u0107 uwag\u0119 na be\u017cowe sk\u00f3rzane sanda\u0142y z przeplataj\u0105cych si\u0119 pask\u00f3w niczym szyde\u0142kowa rob\u00f3tka.<\/p>\n\n\n\n<p>Du\u017ce wra\u017cenie zrobi\u0142y na mnie sanda\u0142y Rieker z wysok\u0105 zabudowan\u0105 cholewk\u0105, ods\u0142oni\u0119t\u0105 pi\u0119t\u0105 i palcami. Buty wygl\u0105daj\u0105 jak uplecione z trawy, rafii lub w\u0142a\u015bnie doskonale splecionej w\u0142\u00f3czki. Do r\u00f3wnie efektownych modeli mo\u017cna zaliczy\u0107 czarne sanda\u0142y Jenny Fairy, wykonane z plecionego sznurka.<\/p>\n\n\n\n<h2 class=\"wp-block-heading\">Jak nosi\u0107 szyde\u0142kowe buty latem 2024?<\/h2>\n\n\n\n<p>Szyde\u0142kowe buty to idealne obuwie na lato! \u015awietnie sprawdz\u0105 si\u0119 w nadmorskim kurorcie w stylizacjach etno czy boho. Idealnie po\u0142\u0105cz\u0105 si\u0119 z dzierganymi kompletami, ale warto te\u017c wple\u015b\u0107 je do zupe\u0142nie innych estetyk. Szyde\u0142kowe sanda\u0142y b\u0119d\u0105 doskona\u0142ym towarzystwem dla bia\u0142ych zwiewnych sukienek. Mo\u017cesz te\u017c je dopasowa\u0107 do sp\u00f3dnicy bombki i kr\u00f3tkiego topu.<\/p>\n\n\n\n<p><strong>Bardzo dobrze po\u0142\u0105cz\u0105 si\u0119 z szortami i z wakacyjn\u0105 lnian\u0105 koszul\u0105. Postaw na naturalne barwy i ich odcienie. Kolory ziemi b\u0119d\u0105 strza\u0142em w dziesi\u0105tk\u0119.<\/strong> Szyde\u0142kowe buty uzupe\u0142ni\u0105 codzienny miejski look i b\u0119d\u0105 dobrze wygl\u0105da\u0142y w lnianych surowych materia\u0142ach czy w zestawie z p\u0142\u00f3tnem.<\/p>\n","protected":false},"excerpt":{"rendered":"<p>Trend\u00f3w lata 2024 jest ju\u017c pe\u0142na lista. Od niebieskich but\u00f3w, po modele nawi\u0105zuj\u0105ce do estetyki ecletic grandma, czy tych wykonanych z siateczki, kt\u00f3re zelektryzowa\u0142y \u015bwiat mody ju\u017c na pocz\u0105tku roku. Nie da si\u0119 nie zauwa\u017cy\u0107, \u017ce na stopy b\u0119dziemy patrze\u0107 przez transparentne materia\u0142y. W tym sezonie ogromny rozw\u00f3j maj\u0105 a\u017curowe buty pod ka\u017cd\u0105 postaci\u0105. Projektanci [&hellip;]<\/p>\n","protected":false},"author":17,"featured_media":25517,"comment_status":"open","ping_status":"closed","sticky":false,"template":"","format":"standard","meta":{"_acf_changed":false,"footnotes":""},"categories":[1332],"tags":[],"class_list":["post-25515","post","type-post","status-publish","format-standard","has-post-thumbnail","hentry","category-trendy-na-lato"],"acf":[],"_links":{"self":[{"href":"https:\/\/blog.ccc.eu\/pl\/wp-json\/wp\/v2\/posts\/25515","targetHints":{"allow":["GET"]}}],"collection":[{"href":"https:\/\/blog.ccc.eu\/pl\/wp-json\/wp\/v2\/posts"}],"about":[{"href":"https:\/\/blog.ccc.eu\/pl\/wp-json\/wp\/v2\/types\/post"}],"author":[{"embeddable":true,"href":"https:\/\/blog.ccc.eu\/pl\/wp-json\/wp\/v2\/users\/17"}],"replies":[{"embeddable":true,"href":"https:\/\/blog.ccc.eu\/pl\/wp-json\/wp\/v2\/comments?post=25515"}],"version-history":[{"count":1,"href":"https:\/\/blog.ccc.eu\/pl\/wp-json\/wp\/v2\/posts\/25515\/revisions"}],"predecessor-version":[{"id":25520,"href":"https:\/\/blog.ccc.eu\/pl\/wp-json\/wp\/v2\/posts\/25515\/revisions\/25520"}],"wp:featuredmedia":[{"embeddable":true,"href":"https:\/\/blog.ccc.eu\/pl\/wp-json\/wp\/v2\/media\/25517"}],"wp:attachment":[{"href":"https:\/\/blog.ccc.eu\/pl\/wp-json\/wp\/v2\/media?parent=25515"}],"wp:term":[{"taxonomy":"category","embeddable":true,"href":"https:\/\/blog.ccc.eu\/pl\/wp-json\/wp\/v2\/categories?post=25515"},{"taxonomy":"post_tag","embeddable":true,"href":"https:\/\/blog.ccc.eu\/pl\/wp-json\/wp\/v2\/tags?post=25515"}],"curies":[{"name":"wp","href":"https:\/\/api.w.org\/{rel}","templated":true}]}}