{"id":25710,"date":"2024-07-23T09:58:56","date_gmt":"2024-07-23T07:58:56","guid":{"rendered":"https:\/\/blog.ccc.eu\/pl\/?p=25710"},"modified":"2024-07-23T09:58:58","modified_gmt":"2024-07-23T07:58:58","slug":"lookbook-najmodniejsze-torebki-mexx","status":"publish","type":"post","link":"https:\/\/blog.ccc.eu\/pl\/lookbook-najmodniejsze-torebki-mexx\/","title":{"rendered":"Zobacz nasz lookbook z najmodniejszymi torebkami marki Mexx!"},"content":{"rendered":"\n<p><strong>Czy trzeba przedstawia\u0107 mark\u0119 Mexx? Znana na ca\u0142ym \u015bwiecie ze swojego odwa\u017cnego podej\u015bcia do mody i produkowania wysokiej jako\u015bci akcesori\u00f3w, w tym torebek, wci\u0105\u017c zdobywa nowych mi\u0142o\u015bnik\u00f3w! Ka\u017cda torebka Mexx to po\u0142\u0105czenie designu, funkcjonalno\u015bci i wyj\u0105tkowej jako\u015bci, kt\u00f3re czyni\u0105 je niezast\u0105pionymi elementami garderoby. Przygl\u0105damy si\u0119 modelom z najnowszej oferty marki i opisujemy ich zalety \u2013 to znacznie pomo\u017ce Ci wybra\u0107 t\u0119 najlepiej pasuj\u0105c\u0105 do Twojego stylu!<\/strong><\/p>\n\n\n\n<div class=\"wp-block-group is-nowrap is-layout-flex wp-container-core-group-is-layout-ad2f72ca wp-block-group-is-layout-flex\">\n<figure class=\"wp-block-image size-full\"><img loading=\"lazy\" decoding=\"async\" width=\"533\" height=\"800\" src=\"https:\/\/blog.ccc.eu\/pl\/wp-content\/uploads\/2024\/07\/glowne-8.jpg\" alt=\"stylizacja z hobo torebk\u0105 mexx\" class=\"wp-image-25711\" srcset=\"https:\/\/blog.ccc.eu\/pl\/wp-content\/uploads\/2024\/07\/glowne-8.jpg 533w, https:\/\/blog.ccc.eu\/pl\/wp-content\/uploads\/2024\/07\/glowne-8-200x300.jpg 200w, https:\/\/blog.ccc.eu\/pl\/wp-content\/uploads\/2024\/07\/glowne-8-100x150.jpg 100w\" sizes=\"auto, (max-width: 533px) 100vw, 533px\" \/><\/figure>\n\n\n\n<figure class=\"wp-block-image size-full\"><img loading=\"lazy\" decoding=\"async\" width=\"533\" height=\"800\" src=\"https:\/\/blog.ccc.eu\/pl\/wp-content\/uploads\/2024\/07\/glowne1-8.jpg\" alt=\"torebki mexx\" class=\"wp-image-25712\" srcset=\"https:\/\/blog.ccc.eu\/pl\/wp-content\/uploads\/2024\/07\/glowne1-8.jpg 533w, https:\/\/blog.ccc.eu\/pl\/wp-content\/uploads\/2024\/07\/glowne1-8-200x300.jpg 200w, https:\/\/blog.ccc.eu\/pl\/wp-content\/uploads\/2024\/07\/glowne1-8-100x150.jpg 100w\" sizes=\"auto, (max-width: 533px) 100vw, 533px\" \/><\/figure>\n<\/div>\n\n\n\n<h2 class=\"wp-block-heading\">Torebka Mexx z logotypem<\/h2>\n\n\n\n<p>Torebki Mexx wyr\u00f3\u017cniaj\u0105 si\u0119 oryginalnym i przemy\u015blanym designem, kt\u00f3ry \u0142\u0105czy w sobie nowoczesno\u015b\u0107 z ponadczasow\u0105 form\u0105. Dowodem na to jest model z logotypem \u2013 z jednej strony klasyczny, z drugiej: niepozbawiony charakteru i dopasowany do aktualnie panuj\u0105cych trend\u00f3w. <strong>Wyraziste logo marki stanowi ozdob\u0119 torebki<\/strong> i rewelacyjnie wsp\u00f3\u0142gra z ozdobnymi pasami, kt\u00f3re stanowi\u0105 przed\u0142u\u017cenie uchwyt\u00f3w. Ten przemy\u015blany design robi wra\u017cenie!<\/p>\n\n\n\n<p>Torebka posiada tak\u017ce d\u0142ugi pasek, co umo\u017cliwia noszenie jej na wiele sposob\u00f3w. Zwr\u00f3\u0107 uwag\u0119 r\u00f3wnie\u017c na jej solidne szwy, dopracowane detale i barwy. Co wi\u0119cej, jest ona dost\u0119pna w kilku wariantach kolorystycznych. Psst! Ten model szybko si\u0119 wyprzedaje!<\/p>\n\n\n\n<div class=\"wp-block-group is-nowrap is-layout-flex wp-container-core-group-is-layout-ad2f72ca wp-block-group-is-layout-flex\">\n<figure class=\"wp-block-image size-full\"><img loading=\"lazy\" decoding=\"async\" width=\"533\" height=\"800\" src=\"https:\/\/blog.ccc.eu\/pl\/wp-content\/uploads\/2024\/07\/1-9.jpg\" alt=\"stylizacja damska z torebk\u0105 mexx z logotypem\" class=\"wp-image-25713\" srcset=\"https:\/\/blog.ccc.eu\/pl\/wp-content\/uploads\/2024\/07\/1-9.jpg 533w, https:\/\/blog.ccc.eu\/pl\/wp-content\/uploads\/2024\/07\/1-9-200x300.jpg 200w, https:\/\/blog.ccc.eu\/pl\/wp-content\/uploads\/2024\/07\/1-9-100x150.jpg 100w\" sizes=\"auto, (max-width: 533px) 100vw, 533px\" \/><\/figure>\n\n\n\n<figure class=\"wp-block-image size-full\"><img loading=\"lazy\" decoding=\"async\" width=\"533\" height=\"800\" src=\"https:\/\/blog.ccc.eu\/pl\/wp-content\/uploads\/2024\/07\/2-9.jpg\" alt=\"torebka mexx z logotypem\" class=\"wp-image-25714\" srcset=\"https:\/\/blog.ccc.eu\/pl\/wp-content\/uploads\/2024\/07\/2-9.jpg 533w, https:\/\/blog.ccc.eu\/pl\/wp-content\/uploads\/2024\/07\/2-9-200x300.jpg 200w, https:\/\/blog.ccc.eu\/pl\/wp-content\/uploads\/2024\/07\/2-9-100x150.jpg 100w\" sizes=\"auto, (max-width: 533px) 100vw, 533px\" \/><\/figure>\n<\/div>\n\n\n\n<div class=\"wp-block-buttons is-content-justification-center is-layout-flex wp-container-core-buttons-is-layout-16018d1d wp-block-buttons-is-layout-flex\">\n<div class=\"wp-block-button\"><a class=\"wp-block-button__link has-vivid-red-background-color has-background wp-element-button\" href=\"https:\/\/ccc.eu\/pl\/torby\/torby-damskie\/torebka-mexx-mexx-e-039-05-rozowy\" target=\"_blank\" rel=\"noreferrer noopener\">Torebk\u0119 Mexx z logotypem kupisz tutaj!<\/a><\/div>\n<\/div>\n\n\n\n<p><\/p>\n\n\n\n<h2 class=\"wp-block-heading\">Torebka Mexx pikowana<\/h2>\n\n\n\n<p>Marka Mexx s\u0142ynie z produkcji wysokiej jako\u015bci produkt\u00f3w, co jest wynikiem starannego doboru materia\u0142\u00f3w i precyzyjnego wykonania. Torebki s\u0105 produkowane z najlepszych gatunkowo tkanin, co zapewnia im trwa\u0142o\u015b\u0107 oraz nieskazitelny wygl\u0105d przez d\u0142ugie lata. Ich ozdobne elementy, takie jak np. pikowanie, jest jednocze\u015bnie zabiegiem, kt\u00f3ry ma znacznie wzmocni\u0107 torebk\u0119.<\/p>\n\n\n\n<p>Prezentowany model XXL, w\u0142a\u015bnie z wspomnianym pikowaniem, <strong>r\u00f3wnie dobrze sprawdzi si\u0119 do pracy, na zakupy lub kaw\u0119 z przyjaci\u00f3\u0142k\u0105, co na weekendowy wypad za miasto<\/strong>. Torebka jest pojemna, solidnie wykonana, a jej jasna barwa czyni j\u0105 uniwersalnym dodatkiem, kt\u00f3ry z \u0142atwo\u015bci\u0105 dopasuje si\u0119 do ka\u017cdej stylizacji!<\/p>\n\n\n\n<div class=\"wp-block-group is-nowrap is-layout-flex wp-container-core-group-is-layout-ad2f72ca wp-block-group-is-layout-flex\">\n<figure class=\"wp-block-image size-full\"><img loading=\"lazy\" decoding=\"async\" width=\"533\" height=\"800\" src=\"https:\/\/blog.ccc.eu\/pl\/wp-content\/uploads\/2024\/07\/3-8.jpg\" alt=\"stylizacja z trenczem i du\u017c\u0105 pikowan\u0105 torebk\u0105 mexx\" class=\"wp-image-25715\" srcset=\"https:\/\/blog.ccc.eu\/pl\/wp-content\/uploads\/2024\/07\/3-8.jpg 533w, https:\/\/blog.ccc.eu\/pl\/wp-content\/uploads\/2024\/07\/3-8-200x300.jpg 200w, https:\/\/blog.ccc.eu\/pl\/wp-content\/uploads\/2024\/07\/3-8-100x150.jpg 100w\" sizes=\"auto, (max-width: 533px) 100vw, 533px\" \/><\/figure>\n\n\n\n<figure class=\"wp-block-image size-full\"><img loading=\"lazy\" decoding=\"async\" width=\"533\" height=\"800\" src=\"https:\/\/blog.ccc.eu\/pl\/wp-content\/uploads\/2024\/07\/4-9.jpg\" alt=\"jasna torebka mexx pikowana\" class=\"wp-image-25716\" srcset=\"https:\/\/blog.ccc.eu\/pl\/wp-content\/uploads\/2024\/07\/4-9.jpg 533w, https:\/\/blog.ccc.eu\/pl\/wp-content\/uploads\/2024\/07\/4-9-200x300.jpg 200w, https:\/\/blog.ccc.eu\/pl\/wp-content\/uploads\/2024\/07\/4-9-100x150.jpg 100w\" sizes=\"auto, (max-width: 533px) 100vw, 533px\" \/><\/figure>\n<\/div>\n\n\n\n<div class=\"wp-block-buttons is-content-justification-center is-layout-flex wp-container-core-buttons-is-layout-16018d1d wp-block-buttons-is-layout-flex\">\n<div class=\"wp-block-button\"><a class=\"wp-block-button__link has-vivid-red-background-color has-background wp-element-button\" href=\"https:\/\/ccc.eu\/pl\/torby\/torby-damskie\/torebka-mexx-mexx-e-032-05-ivory\" target=\"_blank\" rel=\"noreferrer noopener\">Pikowan\u0105 torebk\u0119 Mexx kupisz tutaj!<\/a><\/div>\n<\/div>\n\n\n\n<p><\/p>\n\n\n\n<h2 class=\"wp-block-heading\">Torebka Mexx z \u0142a\u0144cuszkiem<\/h2>\n\n\n\n<p>Projektanci Mexx z trendami s\u0105 na bie\u017c\u0105co. Je\u015bli na wybiegach kolejny raz mogli\u015bmy podziwia\u0107 torebki z \u0142a\u0144cuszkami, nic dziwnego, \u017ce musia\u0142y si\u0119 one pojawi\u0107 tak\u017ce w najnowszej kolekcji marki. <strong>Jednocze\u015bnie maj\u0105 one na tyle uniwersalny charakter, \u017ce pozostan\u0105 w Twojej szafie przez wiele przysz\u0142ych sezon\u00f3w. <\/strong>Zwr\u00f3\u0107 uwag\u0119 na pastelow\u0105 kolorystyk\u0119 toreb \u2013 dodadz\u0105 charakteru nawet najprostszej stylizacji.<\/p>\n\n\n\n<div class=\"wp-block-group is-nowrap is-layout-flex wp-container-core-group-is-layout-ad2f72ca wp-block-group-is-layout-flex\">\n<figure class=\"wp-block-image size-full\"><img loading=\"lazy\" decoding=\"async\" width=\"533\" height=\"800\" src=\"https:\/\/blog.ccc.eu\/pl\/wp-content\/uploads\/2024\/07\/5-7.jpg\" alt=\"torebka mexx z \u0142a\u0144cuszkiem stylizacja ze sk\u00f3rzan\u0105 sp\u00f3dniczk\u0105\" class=\"wp-image-25719\" srcset=\"https:\/\/blog.ccc.eu\/pl\/wp-content\/uploads\/2024\/07\/5-7.jpg 533w, https:\/\/blog.ccc.eu\/pl\/wp-content\/uploads\/2024\/07\/5-7-200x300.jpg 200w, https:\/\/blog.ccc.eu\/pl\/wp-content\/uploads\/2024\/07\/5-7-100x150.jpg 100w\" sizes=\"auto, (max-width: 533px) 100vw, 533px\" \/><\/figure>\n\n\n\n<figure class=\"wp-block-image size-full\"><img loading=\"lazy\" decoding=\"async\" width=\"533\" height=\"800\" src=\"https:\/\/blog.ccc.eu\/pl\/wp-content\/uploads\/2024\/07\/6-7.jpg\" alt=\"kolorowe torebki hobo na \u0142a\u0144cuszku mexx\" class=\"wp-image-25720\" srcset=\"https:\/\/blog.ccc.eu\/pl\/wp-content\/uploads\/2024\/07\/6-7.jpg 533w, https:\/\/blog.ccc.eu\/pl\/wp-content\/uploads\/2024\/07\/6-7-200x300.jpg 200w, https:\/\/blog.ccc.eu\/pl\/wp-content\/uploads\/2024\/07\/6-7-100x150.jpg 100w\" sizes=\"auto, (max-width: 533px) 100vw, 533px\" \/><\/figure>\n<\/div>\n\n\n\n<div class=\"wp-block-buttons is-content-justification-center is-layout-flex wp-container-core-buttons-is-layout-16018d1d wp-block-buttons-is-layout-flex\">\n<div class=\"wp-block-button\"><a class=\"wp-block-button__link has-vivid-red-background-color has-background wp-element-button\" href=\"https:\/\/ccc.eu\/pl\/torby\/torby-damskie\/torebka-mexx-mexx-e-008-05-fioletowy\" target=\"_blank\" rel=\"noreferrer noopener\">Torebk\u0119 Mexx z \u0142a\u0144cuszkiem kupisz tutaj!<\/a><\/div>\n<\/div>\n\n\n\n<p><\/p>\n\n\n\n<h2 class=\"wp-block-heading\">Torebka shopperka Mexx<\/h2>\n\n\n\n<p>Torebki Mexx s\u0105 nie tylko efektowne, ale przede wszystkim tak\u017ce praktyczne. Ich projektanci rozumiej\u0105 potrzeby wsp\u00f3\u0142czesnych kobiet, dlatego w ich ofercie nie mog\u0142o zabrakn\u0105\u0107 funkcjonalnych shopperek. S\u0105 pojemne, <strong>maj\u0105 du\u017c\u0105 komor\u0119 i ma\u0142\u0105 kieszonk\u0119 na niezb\u0119dne akcesoria, co znacznie u\u0142atwia ich organizacj\u0119<\/strong>. Ich zalet\u0105 s\u0105 tak\u017ce d\u0142ugie, wygodne uchwyty, wykonane z trwa\u0142ych materia\u0142\u00f3w. To idealne propozycje do noszenia na co dzie\u0144!<\/p>\n\n\n\n<div class=\"wp-block-group is-nowrap is-layout-flex wp-container-core-group-is-layout-ad2f72ca wp-block-group-is-layout-flex\">\n<figure class=\"wp-block-image size-full\"><img loading=\"lazy\" decoding=\"async\" width=\"533\" height=\"800\" src=\"https:\/\/blog.ccc.eu\/pl\/wp-content\/uploads\/2024\/07\/7-2.jpg\" alt=\"kolorowe torebki shopper mexx\" class=\"wp-image-25721\" srcset=\"https:\/\/blog.ccc.eu\/pl\/wp-content\/uploads\/2024\/07\/7-2.jpg 533w, https:\/\/blog.ccc.eu\/pl\/wp-content\/uploads\/2024\/07\/7-2-200x300.jpg 200w, https:\/\/blog.ccc.eu\/pl\/wp-content\/uploads\/2024\/07\/7-2-100x150.jpg 100w\" sizes=\"auto, (max-width: 533px) 100vw, 533px\" \/><\/figure>\n\n\n\n<figure class=\"wp-block-image size-full\"><img loading=\"lazy\" decoding=\"async\" width=\"533\" height=\"800\" src=\"https:\/\/blog.ccc.eu\/pl\/wp-content\/uploads\/2024\/07\/8-2.jpg\" alt=\"torebka shopper mexx be\u017cowa\" class=\"wp-image-25722\" srcset=\"https:\/\/blog.ccc.eu\/pl\/wp-content\/uploads\/2024\/07\/8-2.jpg 533w, https:\/\/blog.ccc.eu\/pl\/wp-content\/uploads\/2024\/07\/8-2-200x300.jpg 200w, https:\/\/blog.ccc.eu\/pl\/wp-content\/uploads\/2024\/07\/8-2-100x150.jpg 100w\" sizes=\"auto, (max-width: 533px) 100vw, 533px\" \/><\/figure>\n<\/div>\n\n\n\n<div class=\"wp-block-buttons is-content-justification-center is-layout-flex wp-container-core-buttons-is-layout-16018d1d wp-block-buttons-is-layout-flex\">\n<div class=\"wp-block-button\"><a class=\"wp-block-button__link has-vivid-red-background-color has-background wp-element-button\" href=\"https:\/\/ccc.eu\/pl\/torby\/torby-damskie\/torebka-mexx-mexx-e-018-05-brazowy-jasny\" target=\"_blank\" rel=\"noreferrer noopener\">Torebk\u0119 shopperk\u0119 Mexx kupisz tutaj!<\/a><\/div>\n<\/div>\n\n\n\n<p><\/p>\n\n\n\n<p><\/p>\n\n\n\n<h2 class=\"wp-block-heading\">Najmodniejsze torebki Mexx kupisz w CCC!<\/h2>\n\n\n\n<p>Ju\u017c wiesz, jakie torebki pojawi\u0142y si\u0119 w najnowszej ofercie marki Mexx. S\u0105 one zgodne z aktualnymi trendami, praktyczne i wykonane z wysokiej jako\u015bci materia\u0142\u00f3w. Wszystkie wskazane w artykule modele znajdziesz zar\u00f3wno w stacjonarnych salonach sklep\u00f3w CCC, jak i na ccc.eu oraz w aplikacji. Udanych zakup\u00f3w!<\/p>\n","protected":false},"excerpt":{"rendered":"<p>Czy trzeba przedstawia\u0107 mark\u0119 Mexx? Znana na ca\u0142ym \u015bwiecie ze swojego odwa\u017cnego podej\u015bcia do mody i produkowania wysokiej jako\u015bci akcesori\u00f3w, w tym torebek, wci\u0105\u017c zdobywa nowych mi\u0142o\u015bnik\u00f3w! Ka\u017cda torebka Mexx to po\u0142\u0105czenie designu, funkcjonalno\u015bci i wyj\u0105tkowej jako\u015bci, kt\u00f3re czyni\u0105 je niezast\u0105pionymi elementami garderoby. Przygl\u0105damy si\u0119 modelom z najnowszej oferty marki i opisujemy ich zalety \u2013 [&hellip;]<\/p>\n","protected":false},"author":20,"featured_media":25712,"comment_status":"open","ping_status":"closed","sticky":false,"template":"","format":"standard","meta":{"_acf_changed":false,"footnotes":""},"categories":[1574],"tags":[],"class_list":["post-25710","post","type-post","status-publish","format-standard","has-post-thumbnail","hentry","category-modne-torebki"],"acf":[],"_links":{"self":[{"href":"https:\/\/blog.ccc.eu\/pl\/wp-json\/wp\/v2\/posts\/25710","targetHints":{"allow":["GET"]}}],"collection":[{"href":"https:\/\/blog.ccc.eu\/pl\/wp-json\/wp\/v2\/posts"}],"about":[{"href":"https:\/\/blog.ccc.eu\/pl\/wp-json\/wp\/v2\/types\/post"}],"author":[{"embeddable":true,"href":"https:\/\/blog.ccc.eu\/pl\/wp-json\/wp\/v2\/users\/20"}],"replies":[{"embeddable":true,"href":"https:\/\/blog.ccc.eu\/pl\/wp-json\/wp\/v2\/comments?post=25710"}],"version-history":[{"count":2,"href":"https:\/\/blog.ccc.eu\/pl\/wp-json\/wp\/v2\/posts\/25710\/revisions"}],"predecessor-version":[{"id":25723,"href":"https:\/\/blog.ccc.eu\/pl\/wp-json\/wp\/v2\/posts\/25710\/revisions\/25723"}],"wp:featuredmedia":[{"embeddable":true,"href":"https:\/\/blog.ccc.eu\/pl\/wp-json\/wp\/v2\/media\/25712"}],"wp:attachment":[{"href":"https:\/\/blog.ccc.eu\/pl\/wp-json\/wp\/v2\/media?parent=25710"}],"wp:term":[{"taxonomy":"category","embeddable":true,"href":"https:\/\/blog.ccc.eu\/pl\/wp-json\/wp\/v2\/categories?post=25710"},{"taxonomy":"post_tag","embeddable":true,"href":"https:\/\/blog.ccc.eu\/pl\/wp-json\/wp\/v2\/tags?post=25710"}],"curies":[{"name":"wp","href":"https:\/\/api.w.org\/{rel}","templated":true}]}}