{"id":2580,"date":"2023-07-19T10:42:10","date_gmt":"2023-07-19T08:42:10","guid":{"rendered":"https:\/\/blog.ccc.eu\/pl\/?p=2580"},"modified":"2023-09-26T14:26:14","modified_gmt":"2023-09-26T12:26:14","slug":"jaki-plecak-na-gorski-szlak","status":"publish","type":"post","link":"https:\/\/blog.ccc.eu\/pl\/jaki-plecak-na-gorski-szlak\/","title":{"rendered":"Plecak w g\u00f3ry \u2013 jaki model najlepiej sprawdzi si\u0119 na szlaku?"},"content":{"rendered":"\n<p><strong>Prze\u0142om lata i jesieni to doskona\u0142y czas na g\u00f3rskie w\u0119dr\u00f3wki. Polska aura sprzyja wtedy kr\u00f3tkim wypadom na g\u00f3rskie szlaki. Ka\u017cdy, kto postanawia wybra\u0107 si\u0119 na wycieczk\u0119, musi zadba\u0107 o dwie podstawowe rzeczy \u2013 dobre buty oraz odpowiedni plecak. Zobacz, na co zwr\u00f3ci\u0107 szczeg\u00f3ln\u0105 uwag\u0119, kupuj\u0105c to drugie.<\/strong><\/p>\n\n\n\n<figure class=\"wp-block-gallery has-nested-images columns-default is-cropped wp-block-gallery-1 is-layout-flex wp-block-gallery-is-layout-flex\">\n<figure class=\"wp-block-image size-large\"><img loading=\"lazy\" decoding=\"async\" width=\"683\" height=\"1024\" data-id=\"18398\" src=\"https:\/\/blog.ccc.eu\/pl\/wp-content\/uploads\/2023\/07\/plecak-w-gory-683x1024.jpg\" alt=\"granatowy plecak g\u00f3rski\" class=\"wp-image-18398\" srcset=\"https:\/\/blog.ccc.eu\/pl\/wp-content\/uploads\/2023\/07\/plecak-w-gory-683x1024.jpg 683w, https:\/\/blog.ccc.eu\/pl\/wp-content\/uploads\/2023\/07\/plecak-w-gory-200x300.jpg 200w, https:\/\/blog.ccc.eu\/pl\/wp-content\/uploads\/2023\/07\/plecak-w-gory-768x1151.jpg 768w, https:\/\/blog.ccc.eu\/pl\/wp-content\/uploads\/2023\/07\/plecak-w-gory-100x150.jpg 100w, https:\/\/blog.ccc.eu\/pl\/wp-content\/uploads\/2023\/07\/plecak-w-gory.jpg 796w\" sizes=\"auto, (max-width: 683px) 100vw, 683px\" \/><\/figure>\n\n\n\n<figure class=\"wp-block-image size-large\"><img loading=\"lazy\" decoding=\"async\" width=\"706\" height=\"1024\" data-id=\"18397\" src=\"https:\/\/blog.ccc.eu\/pl\/wp-content\/uploads\/2023\/07\/plecak-gorski-706x1024.jpg\" alt=\"niebieski plecak w g\u00f3ry sportowy\" class=\"wp-image-18397\" srcset=\"https:\/\/blog.ccc.eu\/pl\/wp-content\/uploads\/2023\/07\/plecak-gorski-706x1024.jpg 706w, https:\/\/blog.ccc.eu\/pl\/wp-content\/uploads\/2023\/07\/plecak-gorski-207x300.jpg 207w, https:\/\/blog.ccc.eu\/pl\/wp-content\/uploads\/2023\/07\/plecak-gorski-768x1115.jpg 768w, https:\/\/blog.ccc.eu\/pl\/wp-content\/uploads\/2023\/07\/plecak-gorski-100x145.jpg 100w, https:\/\/blog.ccc.eu\/pl\/wp-content\/uploads\/2023\/07\/plecak-gorski.jpg 809w\" sizes=\"auto, (max-width: 706px) 100vw, 706px\" \/><\/figure>\n<\/figure>\n\n\n\n<h2 class=\"wp-block-heading\">Jaki plecak w g\u00f3ry najlepiej si\u0119 sprawdzi?<\/h2>\n\n\n\n<p>O tym, jaki plecak b\u0119dzie najlepszy na wycieczk\u0119 w g\u00f3ry, decyduje przede wszystkim d\u0142ugo\u015b\u0107 wypadu i ilo\u015b\u0107 rzeczy, kt\u00f3re trzeba zabra\u0107. Je\u015bli wybierasz si\u0119 na kr\u00f3tk\u0105 wycieczk\u0119, na przyk\u0142ad jednodniow\u0105, postaw na plecak trekkingowy \u2013 lekki i wygodny. Je\u015bli natomiast planujesz d\u0142u\u017csz\u0105 podr\u00f3\u017c, lepiej sprawdzi si\u0119 du\u017cy plecak trekkingowo-transportowy.<\/p>\n\n\n\n<p>Dobrej jako\u015bci plecaki turystyczne nie nale\u017c\u0105 do tanich i dlatego przed zakupem nowego warto zastanowi\u0107 si\u0119 nad tym, jaki plecak sprawdzi si\u0119 najlepiej w Twoim przypadku. Je\u015bli zazwyczaj wychodzisz w g\u00f3ry na kilkugodzinn\u0105 wycieczk\u0119, to zakup plecaka transportowego nie b\u0119dzie najlepszym pomys\u0142em. Je\u015bli natomiast lubisz d\u0142ugie biwaki w g\u0142uszy i musisz mie\u0107 ze sob\u0105 wszystko, co niezb\u0119dne, w\u00f3wczas trekkingowy, ma\u0142y plecak w g\u00f3ry zupe\u0142nie si\u0119 nie sprawdzi.<\/p>\n\n\n\n<h3 class=\"wp-block-heading\">Ile powinien wa\u017cy\u0107 plecak w g\u00f3ry?<\/h3>\n\n\n\n<p>Waga plecaka tak\u017ce jest uzale\u017cniona od d\u0142ugo\u015bci wypadu. Plecak w g\u00f3ry, kt\u00f3ry b\u0119dziemy nosi\u0107 w trakcie jednodniowej wycieczki, nie powinien by\u0107 ci\u0119\u017cszy ni\u017c 1,5 kilograma. Je\u015bli za\u015b planujemy kilkudniow\u0105 podr\u00f3\u017c, warto zadba\u0107 o to, aby waga ekwipunku nie przekracza\u0142a 3 kilogram\u00f3w.<\/p>\n\n\n\n<figure class=\"wp-block-gallery has-nested-images columns-default is-cropped wp-block-gallery-2 is-layout-flex wp-block-gallery-is-layout-flex\">\n<figure class=\"wp-block-image size-large\"><img loading=\"lazy\" decoding=\"async\" width=\"1024\" height=\"684\" data-id=\"18399\" src=\"https:\/\/blog.ccc.eu\/pl\/wp-content\/uploads\/2023\/07\/plecaki-w-gory-1024x684.jpg\" alt=\"du\u017cy sportowy niebieski plecak w g\u00f3ry\" class=\"wp-image-18399\" srcset=\"https:\/\/blog.ccc.eu\/pl\/wp-content\/uploads\/2023\/07\/plecaki-w-gory-1024x684.jpg 1024w, https:\/\/blog.ccc.eu\/pl\/wp-content\/uploads\/2023\/07\/plecaki-w-gory-300x200.jpg 300w, https:\/\/blog.ccc.eu\/pl\/wp-content\/uploads\/2023\/07\/plecaki-w-gory-768x513.jpg 768w, https:\/\/blog.ccc.eu\/pl\/wp-content\/uploads\/2023\/07\/plecaki-w-gory-100x67.jpg 100w, https:\/\/blog.ccc.eu\/pl\/wp-content\/uploads\/2023\/07\/plecaki-w-gory.jpg 1192w\" sizes=\"auto, (max-width: 1024px) 100vw, 1024px\" \/><\/figure>\n<\/figure>\n\n\n\n<h2 class=\"wp-block-heading\">Plecak w g\u00f3ry \u2013 na co zwr\u00f3ci\u0107 uwag\u0119 podczas zakup\u00f3w?<\/h2>\n\n\n\n<p>O wielkich transportowych plecakach mo\u017cna przeczyta\u0107 na specjalistycznych stronach internetowych. W tym wpisie znajdziesz kilka s\u0142\u00f3w na temat ma\u0142ych plecak\u00f3w trekkingowych, kt\u00f3re s\u0105 idealne na kr\u00f3tkie wypady w g\u00f3ry. Wybieraj\u0105c idealny plecak na wycieczk\u0119, najlepiej szuka\u0107 w\u015br\u00f3d modeli sportowych. Jednak nie ka\u017cdy dost\u0119pny produkt b\u0119dzie odpowiedni. Wybieraj\u0105c model dla siebie, zwr\u00f3\u0107 szczeg\u00f3ln\u0105 uwag\u0119 na:<\/p>\n\n\n\n<ol class=\"wp-block-list\" type=\"1\">\n<li><strong>Paski na ramiona<\/strong> \u2013 powinny by\u0107 szerokie i wygodne. Ich zewn\u0119trzna cz\u0119\u015b\u0107 mo\u017ce by\u0107 wykonana z twardszej tkaniny, ale wewn\u0119trzna musi posiada\u0107 mi\u0119kk\u0105 wy\u015bci\u00f3\u0142k\u0119. Dzi\u0119ki temu nie b\u0119d\u0105 uciska\u0142y podczas noszenia plecaka. Ponadto rami\u0105czka powinny mie\u0107 mo\u017cliwo\u015b\u0107 regulowania d\u0142ugo\u015bci.<\/li>\n\n\n\n<li><strong>Pas biodrowy<\/strong> \u2013 coraz cz\u0119\u015bciej plecaki sportowe, zar\u00f3wno te damskie, jak i m\u0119skie, wyposa\u017cone s\u0105 w dodatkowy pas biodrowy. Jest to niezwykle praktyczny element plecaka. Dzi\u0119ki niemu ci\u0119\u017car przenoszonych rzeczy rozk\u0142ada si\u0119 r\u00f3wnomiernie na ramiona i biodra, co znacznie poprawia komfort podr\u00f3\u017cowania. Wybieraj\u0105c plecak sportowy z pasem biodrowym, zwr\u00f3\u0107 uwag\u0119, aby by\u0142 on zamocowany w tylnej cz\u0119\u015bci plecaka, dzi\u0119ki czemu b\u0119dzie wygodniejszy, a jednocze\u015bnie b\u0119dzie lepiej spe\u0142nia\u0107 swoj\u0105 funkcj\u0119.<\/li>\n\n\n\n<li><strong>Dwie komory<\/strong> \u2013 kupuj\u0105c plecak na wypraw\u0119 w g\u00f3ry, postaw na model, kt\u00f3ry posiada co najmniej dwie komory. Jest to bardzo przydatna opcja zw\u0142aszcza wtedy, gdy trzeba gdzie\u015b w\u0142o\u017cy\u0107 mokre ubrania. Plecak dwukomorowy pozwala podzieli\u0107 niezb\u0119dne rzeczy, dzi\u0119ki czemu \u0142atwiej jest si\u0119 do nich dosta\u0107.<\/li>\n\n\n\n<li><strong>Kieszenie<\/strong> \u2013 to kolejny przydatny element ka\u017cdego plecaka sportowego m\u0119skiego, ale r\u00f3wnie\u017c damskiego. Warto wybra\u0107 plecak, maj\u0105cy kilka kieszeni o r\u00f3\u017cnej wielko\u015bci, w kt\u00f3rych mo\u017cna umie\u015bci\u0107 niezb\u0119dne drobiazgi, takie jak np. latarka czy telefon. Pami\u0119taj jednak, aby postawi\u0107 na jako\u015b\u0107 kieszeni a nie ich ilo\u015b\u0107. Lepiej sprawdzi si\u0119 plecak z 2-3 wi\u0119kszymi kieszeniami ni\u017c ten, kt\u00f3ry ma 10 malutkich kieszonek.<\/li>\n\n\n\n<li><strong>Pojemno\u015b\u0107<\/strong> \u2013 pojemno\u015b\u0107 plecaka powinna mie\u015bci\u0107 si\u0119 w zakresie 15-35 litr\u00f3w na kr\u00f3tsze w\u0119dr\u00f3wki. Musi by\u0107 w stanie wygodnie przenosi\u0107 jedzenie i wod\u0119, apteczk\u0119 pierwszej pomocy, odpowiednie warstwy zapewniaj\u0105ce ciep\u0142o oraz map\u0119 i kompas.<\/li>\n<\/ol>\n\n\n\n<p><\/p>\n\n\n\n\n\n\n<p><\/p>\n\n\n\n<h2 class=\"wp-block-heading\">Czy cena plecaka w g\u00f3ry idzie w parze z jego jako\u015bci\u0105?<\/h2>\n\n\n\n<p>Wiele os\u00f3b zwraca tak\u017ce uwag\u0119 na cen\u0119. Najdro\u017cszy plecak niekoniecznie jest dla Ciebie najlepszym wyborem! Jednak to, ile kosztuje, cz\u0119sto zale\u017cy od jako\u015bci u\u017cytych materia\u0142\u00f3w, a tak\u017ce cech, jakie posiada. Je\u015bli tylko od czasu do czasu robisz kr\u00f3tkie w\u0119dr\u00f3wki, nie musisz wydawa\u0107 du\u017co pieni\u0119dzy na najwy\u017cszej klasy pakiet techniczny.<\/p>\n\n\n\n<p>Z drugiej strony, je\u015bli jeste\u015b do\u015bwiadczonym w\u0119drowcem i regularnie chodzisz po g\u00f3rach przez co najmniej kilka dni, inwestycja by\u0142aby tego warta. Wytrzyma\u0142e plecaki nylonowe s\u0105 dro\u017csze ni\u017c poliestrowe, ale zarazem s\u0105 te\u017c o wiele trwalsze. Plecak z dobr\u0105 wentylacj\u0105 i siatkowym materia\u0142em na plecach, szelkach i pasie biodrowym r\u00f3wnie\u017c przek\u0142adaj\u0105 si\u0119 na komfort ich noszenia komfortu. Wszystko zale\u017cy wi\u0119c od Twoich potrzeb.<\/p>\n\n\n\n<h2 class=\"wp-block-heading\">Plecak w g\u00f3ry \u2013 wygl\u0105d te\u017c ma znaczenie<\/h2>\n\n\n\n<p>Zazwyczaj, kiedy szukamy idealnego plecaka sportowego, zwracamy uwag\u0119 przede wszystkim na jego funkcjonalno\u015b\u0107. Warto jednak pami\u0119ta\u0107, \u017ce wygl\u0105d te\u017c jest wa\u017cny. Cho\u0107 podczas dokonywania zakupu plecaka nie my\u015bli si\u0119 o tym, to warto wiedzie\u0107, \u017ce wygl\u0105d plecaka mo\u017ce uratowa\u0107 Ci \u017cycie podczas g\u00f3rskich wycieczek. Na g\u00f3rskich szlakach warto mie\u0107 plecak, kt\u00f3ry b\u0119dzie dobrze widoczny, na przyk\u0142ad podczas gorszych warunk\u00f3w pogodowych. Najbardziej polecane s\u0105 wi\u0119c modele utrzymane w wyrazistych, a nawet neonowych barwach. Najlepiej je\u015bli maj\u0105 tak\u017ce elementy odblaskowe, cho\u0107 te w razie potrzeby mo\u017cna dokupi\u0107.<\/p>\n\n\n\n<p>Ju\u017c wiesz, jaki plecak w g\u00f3ry najlepiej si\u0119 sprawdzi. Po proponowane w artykule modele (i o wiele wi\u0119cej!) wybierz si\u0119 do stacjonarnych salon\u00f3w CCC. Plecaki dost\u0119pne s\u0105 tak\u017ce na ccc.eu oraz w aplikacji. Udanych zakup\u00f3w!<\/p>\n","protected":false},"excerpt":{"rendered":"<p>Prze\u0142om lata i jesieni to doskona\u0142y czas na g\u00f3rskie w\u0119dr\u00f3wki. Polska aura sprzyja wtedy kr\u00f3tkim wypadom na g\u00f3rskie szlaki. Ka\u017cdy, kto postanawia wybra\u0107 si\u0119 na wycieczk\u0119, musi zadba\u0107 o dwie podstawowe rzeczy \u2013 dobre buty oraz odpowiedni plecak. Zobacz, na co zwr\u00f3ci\u0107 szczeg\u00f3ln\u0105 uwag\u0119, kupuj\u0105c to drugie. Jaki plecak w g\u00f3ry najlepiej si\u0119 sprawdzi? O [&hellip;]<\/p>\n","protected":false},"author":20,"featured_media":18399,"comment_status":"open","ping_status":"open","sticky":false,"template":"","format":"standard","meta":{"_acf_changed":false,"footnotes":""},"categories":[1570,4],"tags":[168,496,463,96],"class_list":["post-2580","post","type-post","status-publish","format-standard","has-post-thumbnail","hentry","category-aktywnosci-fizyczne","category-porady","tag-akcesoria","tag-plecak-w-gory","tag-plecaki","tag-porady"],"acf":[],"_links":{"self":[{"href":"https:\/\/blog.ccc.eu\/pl\/wp-json\/wp\/v2\/posts\/2580","targetHints":{"allow":["GET"]}}],"collection":[{"href":"https:\/\/blog.ccc.eu\/pl\/wp-json\/wp\/v2\/posts"}],"about":[{"href":"https:\/\/blog.ccc.eu\/pl\/wp-json\/wp\/v2\/types\/post"}],"author":[{"embeddable":true,"href":"https:\/\/blog.ccc.eu\/pl\/wp-json\/wp\/v2\/users\/20"}],"replies":[{"embeddable":true,"href":"https:\/\/blog.ccc.eu\/pl\/wp-json\/wp\/v2\/comments?post=2580"}],"version-history":[{"count":14,"href":"https:\/\/blog.ccc.eu\/pl\/wp-json\/wp\/v2\/posts\/2580\/revisions"}],"predecessor-version":[{"id":18402,"href":"https:\/\/blog.ccc.eu\/pl\/wp-json\/wp\/v2\/posts\/2580\/revisions\/18402"}],"wp:featuredmedia":[{"embeddable":true,"href":"https:\/\/blog.ccc.eu\/pl\/wp-json\/wp\/v2\/media\/18399"}],"wp:attachment":[{"href":"https:\/\/blog.ccc.eu\/pl\/wp-json\/wp\/v2\/media?parent=2580"}],"wp:term":[{"taxonomy":"category","embeddable":true,"href":"https:\/\/blog.ccc.eu\/pl\/wp-json\/wp\/v2\/categories?post=2580"},{"taxonomy":"post_tag","embeddable":true,"href":"https:\/\/blog.ccc.eu\/pl\/wp-json\/wp\/v2\/tags?post=2580"}],"curies":[{"name":"wp","href":"https:\/\/api.w.org\/{rel}","templated":true}]}}