{"id":25995,"date":"2024-08-02T09:55:42","date_gmt":"2024-08-02T07:55:42","guid":{"rendered":"https:\/\/blog.ccc.eu\/pl\/?p=25995"},"modified":"2024-08-02T09:55:43","modified_gmt":"2024-08-02T07:55:43","slug":"modne-buty-meskie-jesien-zima-2024-2025","status":"publish","type":"post","link":"https:\/\/blog.ccc.eu\/pl\/modne-buty-meskie-jesien-zima-2024-2025\/","title":{"rendered":"Modne buty m\u0119skie jesie\u0144-zima 2024\/2025"},"content":{"rendered":"\n<p><strong>Analizuj\u0105c najwa\u017cniejsze pokazy mody, kt\u00f3re odby\u0142y si\u0119 w Mediolanie czy Pary\u017cu od razu wida\u0107, \u017ce projektanci postawili na m\u0119sk\u0105 wolno\u015b\u0107 w ka\u017cdej sferze. Efektowne codzienne zestawy doskonale po\u0142\u0105czy\u0142y si\u0119 z ponadczasow\u0105 klasyk\u0105 i nowoczesnymi trendami. Designerzy skupili si\u0119 na m\u0119\u017cczy\u017anie i jego roli w ka\u017cdym mo\u017cliwym aspekcie. Zar\u00f3wno ubrania, jak i buty czy dodatki, musz\u0105 by\u0107 u\u017cyteczne, funkcjonalne, ale z nut\u0105 ekstrawagancji, kt\u00f3ra podkre\u015bli ich charakter. Opr\u00f3cz klasycznych modeli obuwia mogli\u015bmy zobaczy\u0107 te, kt\u00f3re z pewno\u015bci\u0105 b\u0119d\u0105 zwraca\u0142y na siebie uwag\u0119 tej jesieni. Zobacz najmodniejsze buty m\u0119skie jesie\u0144-zima 2024\/2025 i sprawd\u017a, kt\u00f3re z nich znajdziesz w CCC!<\/strong><\/p>\n\n\n\n<div class=\"wp-block-group is-nowrap is-layout-flex wp-container-core-group-is-layout-ad2f72ca wp-block-group-is-layout-flex\">\n<figure class=\"wp-block-image size-full\"><img loading=\"lazy\" decoding=\"async\" width=\"622\" height=\"933\" src=\"https:\/\/blog.ccc.eu\/pl\/wp-content\/uploads\/2024\/08\/CCC_5905588328476_02M_0194_v2.jpg\" alt=\"modne buty m\u0119skie jesie\u0144 zima 2024\" class=\"wp-image-25998\" srcset=\"https:\/\/blog.ccc.eu\/pl\/wp-content\/uploads\/2024\/08\/CCC_5905588328476_02M_0194_v2.jpg 622w, https:\/\/blog.ccc.eu\/pl\/wp-content\/uploads\/2024\/08\/CCC_5905588328476_02M_0194_v2-200x300.jpg 200w, https:\/\/blog.ccc.eu\/pl\/wp-content\/uploads\/2024\/08\/CCC_5905588328476_02M_0194_v2-100x150.jpg 100w\" sizes=\"auto, (max-width: 622px) 100vw, 622px\" \/><\/figure>\n\n\n\n<figure class=\"wp-block-image size-full\"><img loading=\"lazy\" decoding=\"async\" width=\"622\" height=\"933\" src=\"https:\/\/blog.ccc.eu\/pl\/wp-content\/uploads\/2024\/08\/CCC_5905588328476_02M_0103.jpg\" alt=\"eleganckie buty m\u0119skie na jesie\u0144 stylizacja\" class=\"wp-image-25999\" srcset=\"https:\/\/blog.ccc.eu\/pl\/wp-content\/uploads\/2024\/08\/CCC_5905588328476_02M_0103.jpg 622w, https:\/\/blog.ccc.eu\/pl\/wp-content\/uploads\/2024\/08\/CCC_5905588328476_02M_0103-200x300.jpg 200w, https:\/\/blog.ccc.eu\/pl\/wp-content\/uploads\/2024\/08\/CCC_5905588328476_02M_0103-100x150.jpg 100w\" sizes=\"auto, (max-width: 622px) 100vw, 622px\" \/><\/figure>\n<\/div>\n\n\n\n<h2 class=\"wp-block-heading\">Trendy jesie\u0144 zima 2024\/25 \u2013 buty, dodatki i stroje, kt\u00f3re zachwyc\u0105 w tym sezonie<\/h2>\n\n\n\n<p>Sezon jesienno-zimowy w m\u0119skich kolekcjach zapowiada si\u0119 naprawd\u0119 intryguj\u0105co. Projektanci odkrywaj\u0105 wszystkie karty, proponuj\u0105c efektown\u0105 mod\u0119 m\u0119sk\u0105, kt\u00f3ra ma s\u0142u\u017cy\u0107 na co dzie\u0144, ca\u0142kowicie wymykaj\u0105c si\u0119 z ram przeci\u0119tno\u015bci. Klasyczne modele but\u00f3w najlepiej sprawdzaj\u0105 si\u0119 w efektownych m\u0119skich outftach, ale dodanie do tradycji nieco nonszalancji, wzor\u00f3w, zdobie\u0144 czy kolor\u00f3w zdecydowanie pozwoli\u0142o pokaza\u0107, \u017ce m\u0119\u017cczy\u017ani te\u017c kochaj\u0105 mod\u0119!<\/p>\n\n\n\n<p><strong>Elementem sp\u00f3jnym wszystkich kolekcji by\u0142a ponadczasowa estetyka i minimalizm, kt\u00f3re zosta\u0142y wzbogacone o niecodzienn\u0105 ekstrawagancj\u0119.<\/strong> Gucci wci\u0105\u017c kultywuje swoje modele but\u00f3w znane od stuleci, a Dsquared2 udowadnia, \u017ce kolor z\u0142oty r\u00f3wnie\u017c wpisuje si\u0119 w kanon m\u0119skiego pi\u0119kna. Zobacz, jakie b\u0119d\u0105 modne buty m\u0119skie jesie\u0144-zima 2024\/2025.<\/p>\n\n\n\n<h2 class=\"wp-block-heading\">Buty jesienne m\u0119skie \u2013 o tych modelach b\u0119dzie g\u0142o\u015bno<\/h2>\n\n\n\n<p>Tej jesieni b\u0119dzie kr\u00f3lowa\u0142a klasyka odmieniona przez wszystkie przypadki! Minimalistyczne fasony but\u00f3w, kt\u00f3re znane s\u0105 od pokole\u0144 \u201edostan\u0105\u201d now\u0105 kolorystyk\u0119 czy efektowne zdobienia. Nie zabraknie te\u017c zr\u00f3\u017cnicowanej faktury. Cho\u0107 dominuj\u0105ca czer\u0144 i br\u0105z b\u0119d\u0105 na prowadzeniu, to w ich tle (a mo\u017ce \u015bwietle?) zobaczymy bordow\u0105 po\u015bwiat\u0119, g\u0142\u0119boki granat, khaki czy szaro\u015b\u0107.<\/p>\n\n\n\n<h3 class=\"wp-block-heading\">Loafersy m\u0119skie \u2013 klasyczne modele i te z twistem<\/h3>\n\n\n\n<p>Bez w\u0105tpienia b\u0119d\u0105 jednym z najmocniejszych akcent\u00f3w stylizacji. Loafersy proponuje nie tylko Gucci, ale te\u017c i Fendi w bardzo klasycznym uj\u0119ciu, kt\u00f3re sprawdza si\u0119 od pokole\u0144. Co b\u0119dzie elementem zaskakuj\u0105cym? Zdecydowanie zdobienia.<\/p>\n\n\n\n<p><strong>Opr\u00f3cz charakterystycznych w\u0119dzide\u0142 uwag\u0119 zwracaj\u0105 na siebie ozdobne okaza\u0142e chwosty, ale te\u017c i kolor czy materia\u0142.<\/strong> Lakierowane loafersy wyra\u017anie dadz\u0105 si\u0119 we znaki, a jak przekonuje Sabato de Sarano, loafersy w ciemnym kolorze zestawimy z czarnym eleganckim garniturem. W CCC znajdziesz loafersy, mokasyny i lordsy na nowy sezon, sprawd\u017a kolekcje naszych marek.<\/p>\n\n\n\n<figure class=\"wp-block-gallery has-nested-images columns-default is-cropped wp-block-gallery-1 is-layout-flex wp-block-gallery-is-layout-flex\">\n<figure class=\"wp-block-image size-full\"><img loading=\"lazy\" decoding=\"async\" width=\"576\" height=\"768\" data-id=\"26000\" src=\"https:\/\/blog.ccc.eu\/pl\/wp-content\/uploads\/2024\/08\/CCC_5905588479840_02M_1010_Copy.jpg\" alt=\"modne mokasyny m\u0119skie na jesie\u0144 2024\" class=\"wp-image-26000\" srcset=\"https:\/\/blog.ccc.eu\/pl\/wp-content\/uploads\/2024\/08\/CCC_5905588479840_02M_1010_Copy.jpg 576w, https:\/\/blog.ccc.eu\/pl\/wp-content\/uploads\/2024\/08\/CCC_5905588479840_02M_1010_Copy-225x300.jpg 225w, https:\/\/blog.ccc.eu\/pl\/wp-content\/uploads\/2024\/08\/CCC_5905588479840_02M_1010_Copy-100x133.jpg 100w\" sizes=\"auto, (max-width: 576px) 100vw, 576px\" \/><\/figure>\n\n\n\n<figure class=\"wp-block-image size-full\"><img loading=\"lazy\" decoding=\"async\" width=\"512\" height=\"768\" data-id=\"26001\" src=\"https:\/\/blog.ccc.eu\/pl\/wp-content\/uploads\/2024\/08\/CCC_5905588479840_02M_1064_Copy.jpg\" alt=\"mokasyny m\u0119skie stylizacja codzienna\" class=\"wp-image-26001\" srcset=\"https:\/\/blog.ccc.eu\/pl\/wp-content\/uploads\/2024\/08\/CCC_5905588479840_02M_1064_Copy.jpg 512w, https:\/\/blog.ccc.eu\/pl\/wp-content\/uploads\/2024\/08\/CCC_5905588479840_02M_1064_Copy-200x300.jpg 200w, https:\/\/blog.ccc.eu\/pl\/wp-content\/uploads\/2024\/08\/CCC_5905588479840_02M_1064_Copy-100x150.jpg 100w\" sizes=\"auto, (max-width: 512px) 100vw, 512px\" \/><\/figure>\n<\/figure>\n\n\n\n<!-- BEGIN - feed broker -->\n<div class=\"feedbroker\" consumer-code-id=\"DhpHCDtOPvcDUT79HwzN\"><script src=\"https:\/\/app.feed.broker\/consumer\/feedbroker-consumer-script.umd.js?v=1.0.1\" defer=\"\"><\/script><\/div>\n<!-- END - feed broker -->\n\n\n\n<p><\/p>\n\n\n\n<h3 class=\"wp-block-heading\">Sportowe buty m\u0119skie \u2013 nie tylko dla mi\u0142o\u015bnik\u00f3w aktywno\u015bci fizycznej<\/h3>\n\n\n\n<p>To jeden z najcz\u0119stszych jesiennych wybor\u00f3w dla m\u0119\u017cczyzn. Projektanci wci\u0105\u017c maj\u0105 w pami\u0119ci retro mod\u0119, proponuj\u0105c codzienne sneakersy do casualowych zestaw\u00f3w, ale te\u017c i typowe sportowe obuwie, kt\u00f3re idealnie sprawdzi\u0142oby si\u0119 podczas treningu.<\/p>\n\n\n\n<p>Designerzy widz\u0105 je w po\u0142\u0105czeniu z jeansami i lu\u017aniejszymi zestawami, zdecydowanie wspieraj\u0105c komfort i wygod\u0119. <strong>Najwa\u017cniejsze sportowe marki udowadniaj\u0105, \u017ce wyj\u0105tkowe atrybuty but\u00f3w mo\u017cna u\u017cytkowa\u0107 na co dzie\u0144, a nie tylko podczas trening\u00f3w.<\/strong> W CCC zobacz kolekcje Nike, adidas, Reebok, Puma czy Sprandi.<\/p>\n\n\n\n<figure class=\"wp-block-gallery has-nested-images columns-default is-cropped wp-block-gallery-2 is-layout-flex wp-block-gallery-is-layout-flex\">\n<figure class=\"wp-block-image size-full\"><img loading=\"lazy\" decoding=\"async\" width=\"512\" height=\"768\" data-id=\"26002\" src=\"https:\/\/blog.ccc.eu\/pl\/wp-content\/uploads\/2024\/08\/CCC_5905588292142_02M_2757_Copy.jpg\" alt=\"modne buty sportowe m\u0119skie stylizacja casualowa\" class=\"wp-image-26002\" srcset=\"https:\/\/blog.ccc.eu\/pl\/wp-content\/uploads\/2024\/08\/CCC_5905588292142_02M_2757_Copy.jpg 512w, https:\/\/blog.ccc.eu\/pl\/wp-content\/uploads\/2024\/08\/CCC_5905588292142_02M_2757_Copy-200x300.jpg 200w, https:\/\/blog.ccc.eu\/pl\/wp-content\/uploads\/2024\/08\/CCC_5905588292142_02M_2757_Copy-100x150.jpg 100w\" sizes=\"auto, (max-width: 512px) 100vw, 512px\" \/><\/figure>\n\n\n\n<figure class=\"wp-block-image size-full\"><img loading=\"lazy\" decoding=\"async\" width=\"512\" height=\"768\" data-id=\"26003\" src=\"https:\/\/blog.ccc.eu\/pl\/wp-content\/uploads\/2024\/08\/CCC_5905588292142_02M_2773_Copy.jpg\" alt=\"stylizacja z m\u0119skimi sneakersami\" class=\"wp-image-26003\" srcset=\"https:\/\/blog.ccc.eu\/pl\/wp-content\/uploads\/2024\/08\/CCC_5905588292142_02M_2773_Copy.jpg 512w, https:\/\/blog.ccc.eu\/pl\/wp-content\/uploads\/2024\/08\/CCC_5905588292142_02M_2773_Copy-200x300.jpg 200w, https:\/\/blog.ccc.eu\/pl\/wp-content\/uploads\/2024\/08\/CCC_5905588292142_02M_2773_Copy-100x150.jpg 100w\" sizes=\"auto, (max-width: 512px) 100vw, 512px\" \/><\/figure>\n<\/figure>\n\n\n\n<!-- BEGIN - feed broker -->\n<div class=\"feedbroker\" consumer-code-id=\"Zz2VvXAdvJsSFxLoIza8\"><script src=\"https:\/\/app.feed.broker\/consumer\/feedbroker-consumer-script.umd.js?v=1.0.1\" defer=\"\"><\/script><\/div>\n<!-- END - feed broker -->\n\n\n\n<p><\/p>\n\n\n\n<h3 class=\"wp-block-heading\">Efektowne brogsy \u2013 i jeszcze wi\u0119cej casualu na co dzie\u0144<\/h3>\n\n\n\n<p>Zar\u00f3wno brogsy jak i derby czy sznurowane p\u00f3\u0142buty przed kostk\u0119, jesieni\u0105 \u015bwietnie po\u0142\u0105cz\u0105 si\u0119 z bardziej zobowi\u0105zuj\u0105c\u0105 garderob\u0105. Dla wszystkich tych, kt\u00f3rzy wol\u0105 obuwie sznurowane, a nie wsuwane.<\/p>\n\n\n\n<p><strong>Projektanci proponuj\u0105 je w zamszu, a do naturalnej sk\u00f3ry licowej dodaj\u0105 efektowne rozety, kt\u00f3re \u015bwietnie prezentuj\u0105 si\u0119 w eleganckimi spodniami czy marynark\u0105. <\/strong>Warto wspomnie\u0107 te\u017c o kolorze. Czekoladowy br\u0105z, bordo i granat zaskocz\u0105 tej jesieni!<\/p>\n\n\n\n<figure class=\"wp-block-gallery has-nested-images columns-default is-cropped wp-block-gallery-3 is-layout-flex wp-block-gallery-is-layout-flex\">\n<figure class=\"wp-block-image size-large\"><img loading=\"lazy\" decoding=\"async\" width=\"683\" height=\"1024\" data-id=\"25996\" src=\"https:\/\/blog.ccc.eu\/pl\/wp-content\/uploads\/2024\/08\/CCC_5905588328711_99_M-683x1024.jpg\" alt=\"modne buty m\u0119skie jesienne brogsy\" class=\"wp-image-25996\" srcset=\"https:\/\/blog.ccc.eu\/pl\/wp-content\/uploads\/2024\/08\/CCC_5905588328711_99_M-683x1024.jpg 683w, https:\/\/blog.ccc.eu\/pl\/wp-content\/uploads\/2024\/08\/CCC_5905588328711_99_M-200x300.jpg 200w, https:\/\/blog.ccc.eu\/pl\/wp-content\/uploads\/2024\/08\/CCC_5905588328711_99_M-768x1152.jpg 768w, https:\/\/blog.ccc.eu\/pl\/wp-content\/uploads\/2024\/08\/CCC_5905588328711_99_M-100x150.jpg 100w, https:\/\/blog.ccc.eu\/pl\/wp-content\/uploads\/2024\/08\/CCC_5905588328711_99_M.jpg 876w\" sizes=\"auto, (max-width: 683px) 100vw, 683px\" \/><\/figure>\n\n\n\n<figure class=\"wp-block-image size-large\"><img loading=\"lazy\" decoding=\"async\" width=\"683\" height=\"1024\" data-id=\"25997\" src=\"https:\/\/blog.ccc.eu\/pl\/wp-content\/uploads\/2024\/08\/CCC_5905588328711_02K-683x1024.jpg\" alt=\"brogsy m\u0119skie na jesie\u0144 2024\" class=\"wp-image-25997\" srcset=\"https:\/\/blog.ccc.eu\/pl\/wp-content\/uploads\/2024\/08\/CCC_5905588328711_02K-683x1024.jpg 683w, https:\/\/blog.ccc.eu\/pl\/wp-content\/uploads\/2024\/08\/CCC_5905588328711_02K-200x300.jpg 200w, https:\/\/blog.ccc.eu\/pl\/wp-content\/uploads\/2024\/08\/CCC_5905588328711_02K-768x1152.jpg 768w, https:\/\/blog.ccc.eu\/pl\/wp-content\/uploads\/2024\/08\/CCC_5905588328711_02K-100x150.jpg 100w, https:\/\/blog.ccc.eu\/pl\/wp-content\/uploads\/2024\/08\/CCC_5905588328711_02K.jpg 876w\" sizes=\"auto, (max-width: 683px) 100vw, 683px\" \/><\/figure>\n<\/figure>\n\n\n\n<h2 class=\"wp-block-heading\">Buty zimowe m\u0119skie \u2013 tradycja i trendy w jednym<\/h2>\n\n\n\n<p>Nie pozw\u00f3l, by zaskoczy\u0142a Ci\u0119 zima! Najwa\u017cniejsze domy mody przygotowa\u0142y propozycje, kt\u00f3re zadowol\u0105 zar\u00f3wno grono zwolennik\u00f3w tradycji, jak i tych, kt\u00f3rzy pod\u0105\u017caj\u0105 za trendami, ufaj\u0105c wizjom mistrz\u00f3w wysokiego krawiectwa. Co mo\u017ce nas zaskoczy\u0107 w tym sezonie? Powr\u00f3t zamszowych trzewik\u00f3w w musztardowych kolorach, zdobienia z ko\u017cuszka, wojskowy klimat, ale te\u017c i\u2026 m\u0119skie kozaki!<\/p>\n\n\n\n<h3 class=\"wp-block-heading\">M\u0119skie sztyblety w kr\u00f3lewskim stylu<\/h3>\n\n\n\n<p>W my\u015bl trendu Balmoral nawi\u0105zuj\u0105cego do lu\u017anego stylu rodziny kr\u00f3lewskiej, sztyblety dostaj\u0105 kolejne \u017cycie. Te buty b\u0119d\u0105 jednym z najwa\u017cniejszych element\u00f3w m\u0119skiej garderoby. <strong>Co b\u0119dzie liczy\u0142o si\u0119 najbardziej? Zdecydowanie klasyka i minimalizm.<\/strong><\/p>\n\n\n\n<p>Proste fasony si\u0119gaj\u0105ce za kostk\u0119 z klinem w cholewce. Dodatkowo opr\u00f3cz czerni mocnym kolorem b\u0119dzie br\u0105z w r\u00f3\u017cnych odcieniach. Te buty \u015bwietnie sprawdz\u0105 si\u0119 na co dzie\u0144, ale te\u017c i w bardziej eleganckich po\u0142\u0105czeniach.<\/p>\n\n\n\n<!-- BEGIN - feed broker -->\n<div class=\"feedbroker\" consumer-code-id=\"xJ539Uf2gucHt6MIn2Tn\"><script src=\"https:\/\/app.feed.broker\/consumer\/feedbroker-consumer-script.umd.js?v=1.0.1\" defer=\"\"><\/script><\/div>\n<!-- END - feed broker -->\n\n\n\n<p><\/p>\n\n\n\n<h3 class=\"wp-block-heading\">M\u0119skie trzewiki i trapery \u2013 gothcore, ale te\u017c i wojskowa klasyka<\/h3>\n\n\n\n<p>To ju\u017c kolejny sezon, gdy projektanci skupiaj\u0105 si\u0119 na rozwoju trzewik\u00f3w i traper\u00f3w. Liczy si\u0119 funkcjonalno\u015b\u0107, ale te\u017c i efektowno\u015b\u0107. Dlatego proste i klasyczne modele b\u0119d\u0105 uzupe\u0142nione o klamry czy efektowne sznurowanie.<\/p>\n\n\n\n<p><strong>Trzewiki zachwyc\u0105 nie tylko klasycznej d\u0142ugo\u015bci cholewk\u0105, ale te\u017c i t\u0105 nieco wy\u017csz\u0105.<\/strong> Elementy z futerkiem, ko\u017cuszkiem czy wewn\u0119trznym ociepleniem dodatkowo podkre\u015bl\u0105 nowocze\u015bnie zaprojektowane buty.<\/p>\n\n\n\n<!-- BEGIN - feed broker -->\n<div class=\"feedbroker\" consumer-code-id=\"StD46Hsdkv0CSBIJwIvE\"><script src=\"https:\/\/app.feed.broker\/consumer\/feedbroker-consumer-script.umd.js?v=1.0.1\" defer=\"\"><\/script><\/div>\n<!-- END - feed broker -->\n\n\n\n<p><\/p>\n\n\n\n<h3 class=\"wp-block-heading\">M\u0119skie kozaki \u2013 gor\u0105ce zaskoczenie sezonu!<\/h3>\n\n\n\n<p>Serce zabi\u0142o nam szybciej, gdy na pokazie mody Fendi zwiastuj\u0105cym sezon jesienno-zimowy pojawi\u0142y si\u0119 m\u0119skie kozaki! Dawno niewidziany model but\u00f3w jest manifestem projektantki, kt\u00f3ra stara si\u0119 zaciera\u0107 wszelkie granice.<\/p>\n\n\n\n<p>Kozaki zaproponowane przez Silvi\u0119 Venturini Fendi s\u0105 pe\u0142ne elegancji, klasyki i minimalizmu<strong>. Si\u0119gaj\u0105ce do po\u0142owy uda buty o szerszej cholewce<\/strong> projektantka po\u0142\u0105czy\u0142a z m\u0119skimi sp\u00f3dnico-spodniami, w efektownym pruskim b\u0142\u0119kicie. Nieco d\u0142u\u017csze od botk\u00f3w kozaki zdecydowanie zas\u0142uguj\u0105 na uwag\u0119 \u015bwiata mody.<\/p>\n\n\n\n<h2 class=\"wp-block-heading\">Modne buty m\u0119skie jesie\u0144-zima 2024\/2025 znajdziesz w CCC!<\/h2>\n\n\n\n<p>Kolejny sezon zbli\u017ca si\u0119 nieub\u0142agalnie. Przegl\u0105d najnowszych trend\u00f3w to \u015bwietna okazja, by sprawdzi\u0107 swoj\u0105 garderob\u0119 i zastanowi\u0107 si\u0119 jakimi modelami but\u00f3w uzupe\u0142ni\u0107 braki. Cho\u0107 ponadczasowa klasyka zawsze si\u0119 sprawdza, to warto mie\u0107 na uwadze trendowe modele czy te z efektowym zdobieniem, kt\u00f3re b\u0119d\u0105 perfekcyjnie prezentowa\u0107 si\u0119 w nowoczesnych zestawach. Buty m\u0119skie jesie\u0144-zima 2024\/2025 znajdziesz w naszych salonach CCC, na ccc.eu i w aplikacji.<\/p>\n","protected":false},"excerpt":{"rendered":"<p>Analizuj\u0105c najwa\u017cniejsze pokazy mody, kt\u00f3re odby\u0142y si\u0119 w Mediolanie czy Pary\u017cu od razu wida\u0107, \u017ce projektanci postawili na m\u0119sk\u0105 wolno\u015b\u0107 w ka\u017cdej sferze. Efektowne codzienne zestawy doskonale po\u0142\u0105czy\u0142y si\u0119 z ponadczasow\u0105 klasyk\u0105 i nowoczesnymi trendami. Designerzy skupili si\u0119 na m\u0119\u017cczy\u017anie i jego roli w ka\u017cdym mo\u017cliwym aspekcie. Zar\u00f3wno ubrania, jak i buty czy dodatki, musz\u0105 [&hellip;]<\/p>\n","protected":false},"author":17,"featured_media":25998,"comment_status":"open","ping_status":"closed","sticky":false,"template":"","format":"standard","meta":{"_acf_changed":false,"footnotes":""},"categories":[1042,1584,1136],"tags":[],"class_list":["post-25995","post","type-post","status-publish","format-standard","has-post-thumbnail","hentry","category-jesienne-trendy","category-buty-meskie","category-zimowe-trendy"],"acf":[],"_links":{"self":[{"href":"https:\/\/blog.ccc.eu\/pl\/wp-json\/wp\/v2\/posts\/25995","targetHints":{"allow":["GET"]}}],"collection":[{"href":"https:\/\/blog.ccc.eu\/pl\/wp-json\/wp\/v2\/posts"}],"about":[{"href":"https:\/\/blog.ccc.eu\/pl\/wp-json\/wp\/v2\/types\/post"}],"author":[{"embeddable":true,"href":"https:\/\/blog.ccc.eu\/pl\/wp-json\/wp\/v2\/users\/17"}],"replies":[{"embeddable":true,"href":"https:\/\/blog.ccc.eu\/pl\/wp-json\/wp\/v2\/comments?post=25995"}],"version-history":[{"count":1,"href":"https:\/\/blog.ccc.eu\/pl\/wp-json\/wp\/v2\/posts\/25995\/revisions"}],"predecessor-version":[{"id":26004,"href":"https:\/\/blog.ccc.eu\/pl\/wp-json\/wp\/v2\/posts\/25995\/revisions\/26004"}],"wp:featuredmedia":[{"embeddable":true,"href":"https:\/\/blog.ccc.eu\/pl\/wp-json\/wp\/v2\/media\/25998"}],"wp:attachment":[{"href":"https:\/\/blog.ccc.eu\/pl\/wp-json\/wp\/v2\/media?parent=25995"}],"wp:term":[{"taxonomy":"category","embeddable":true,"href":"https:\/\/blog.ccc.eu\/pl\/wp-json\/wp\/v2\/categories?post=25995"},{"taxonomy":"post_tag","embeddable":true,"href":"https:\/\/blog.ccc.eu\/pl\/wp-json\/wp\/v2\/tags?post=25995"}],"curies":[{"name":"wp","href":"https:\/\/api.w.org\/{rel}","templated":true}]}}