{"id":2612,"date":"2025-07-24T14:48:22","date_gmt":"2025-07-24T12:48:22","guid":{"rendered":"https:\/\/blog.ccc.eu\/pl\/?p=2612"},"modified":"2025-07-24T14:52:53","modified_gmt":"2025-07-24T12:52:53","slug":"outfity-i-stylizacje-do-szkoly","status":"publish","type":"post","link":"https:\/\/blog.ccc.eu\/pl\/outfity-i-stylizacje-do-szkoly\/","title":{"rendered":"Outfit do szko\u0142y \u2013 wybierz najlepszy!"},"content":{"rendered":"\n<p><b>Gdy zbli\u017ca si\u0119 wrzesie\u0144, rodzice wraz z dzie\u0107mi przygotowuj\u0105 si\u0119 na rozpocz\u0119cie roku szkolnego. Kompletowanie wyprawki to nie lada zadanie, zar\u00f3wno dla pierwszak\u00f3w jak i nastolatk\u00f3w, kt\u00f3rzy maj\u0105 ju\u017c swoje wymagania. Na zakupowej li\u015bcie opr\u00f3cz zeszyt\u00f3w, artyku\u0142\u00f3w plastycznych czy plecaka, koniecznie musz\u0105 znale\u017a\u0107 si\u0119 ubrania do szko\u0142y i odpowiednie buty na zmian\u0119. Przygotuj si\u0119 wraz ze swoim dzieckiem do jesieni i wsp\u00f3lnie wybierzcie outfit do szko\u0142y, kt\u00f3ry spe\u0142ni Wasze wymagania. Podpowiadamy Wam, jak si\u0119 za to zabra\u0107!<\/b><\/p>\n\n\n\n<figure class=\"wp-block-gallery has-nested-images columns-default is-cropped wp-block-gallery-1 is-layout-flex wp-block-gallery-is-layout-flex\">\n<figure class=\"wp-block-image size-large\"><img loading=\"lazy\" decoding=\"async\" width=\"512\" height=\"768\" data-id=\"28037\" src=\"https:\/\/blog.ccc.eu\/pl\/wp-content\/uploads\/2024\/07\/CCC_CEO-CP23-6377_02M_1358.jpg\" alt=\"przyk\u0142adowy outfit do szko\u0142y\" class=\"wp-image-28037\" srcset=\"https:\/\/blog.ccc.eu\/pl\/wp-content\/uploads\/2024\/07\/CCC_CEO-CP23-6377_02M_1358.jpg 512w, https:\/\/blog.ccc.eu\/pl\/wp-content\/uploads\/2024\/07\/CCC_CEO-CP23-6377_02M_1358-200x300.jpg 200w, https:\/\/blog.ccc.eu\/pl\/wp-content\/uploads\/2024\/07\/CCC_CEO-CP23-6377_02M_1358-100x150.jpg 100w\" sizes=\"auto, (max-width: 512px) 100vw, 512px\" \/><\/figure>\n\n\n\n<figure class=\"wp-block-image size-large\"><img loading=\"lazy\" decoding=\"async\" width=\"512\" height=\"768\" data-id=\"28039\" src=\"https:\/\/blog.ccc.eu\/pl\/wp-content\/uploads\/2024\/07\/CCC_5906741373170_02M_1418-2.jpg\" alt=\"plecak do stroju do szko\u0142y\" class=\"wp-image-28039\" srcset=\"https:\/\/blog.ccc.eu\/pl\/wp-content\/uploads\/2024\/07\/CCC_5906741373170_02M_1418-2.jpg 512w, https:\/\/blog.ccc.eu\/pl\/wp-content\/uploads\/2024\/07\/CCC_5906741373170_02M_1418-2-200x300.jpg 200w, https:\/\/blog.ccc.eu\/pl\/wp-content\/uploads\/2024\/07\/CCC_5906741373170_02M_1418-2-100x150.jpg 100w\" sizes=\"auto, (max-width: 512px) 100vw, 512px\" \/><\/figure>\n<\/figure>\n\n\n\n<h2 class=\"wp-block-heading\">Modne i wygodne ubrania do szko\u0142y \u2013 znajd\u017a z\u0142oty \u015brodek!<\/h2>\n\n\n\n<p>Niezale\u017cnie od wieku, najlepszy szkolny str\u00f3j charakteryzuje si\u0119 podobnymi cechami. Twoje dziecko powinno ubiera\u0107 si\u0119 na cebulk\u0119. To szczeg\u00f3lnie wa\u017cne jesieni\u0105 i zim\u0105, kiedy pogoda p\u0142ata figle, albo ucze\u0144 cz\u0119sto przemieszcza si\u0119 pomi\u0119dzy ogrzewan\u0105 sal\u0105 a wych\u0142odzonym szkolnym korytarzem. Na co musisz zatem zwraca\u0107 uwag\u0119? Przedstawiamy Ci elementy, z kt\u00f3rymi stworzysz idealne stylizacje do szko\u0142y:<\/p>\n\n\n\n<ol style=\"list-style-type:1\" class=\"wp-block-list\">\n<li><strong>Rozpinana bluza i koszulki typu longsleeve<\/strong> \u2013 must have w szafie ka\u017cdego ucznia. Ch\u0142odniejsze jesienne poranki i popo\u0142udniowe szale\u0144stwa z r\u00f3wie\u015bnikami w pe\u0142nym s\u0142o\u0144cu \u2013 w drodze do szko\u0142y i w trakcie du\u017cej przerwy na boisku. Twoje dziecko potrzebuje zupe\u0142nie innego stroju. Warstwowe ubrania to strza\u0142 w dziesi\u0105tk\u0119!<\/li>\n\n\n\n<li><strong>Kurtka parka<\/strong> \u2013 to praktyczne okrycie na jesie\u0144. Cie\u0144sza warstwa przyda si\u0119 w dni, kt\u00f3re mog\u0105 by\u0107 przyk\u0142adem polskiej z\u0142otej jesieni. Z kolei cieplejsza podpinka zapewni dziecku ciep\u0142o w deszczowe i wietrzne tygodnie.<\/li>\n\n\n\n<li><strong>Bluzy, swetry i spodnie ze \u015bci\u0105gaczami<\/strong> \u2013 chroni\u0105 przed wych\u0142odzeniem. Komfort termiczny zapewniaj\u0105 np. kolorowe bluzy wk\u0142adane przez g\u0142ow\u0119, spodnie dresowe ze \u015bci\u0105gaczami wok\u00f3\u0142 kostek i modne joggery, kt\u00f3re w szafie pociechy mog\u0105 zast\u0105pi\u0107 klasyczne jeansy.<\/li>\n\n\n\n<li><strong>Dodatki na ka\u017cd\u0105 pogod\u0119<\/strong> \u2013 p\u0142aszcz przeciwdeszczowy, cienka czapka typu beanie i chustka na szyj\u0119 poratuj\u0105 przed przezi\u0119bieniem. Nie ob\u0119dzie si\u0119 te\u017c bez kolorowej parasolki.<\/li>\n<\/ol>\n\n\n\n<figure class=\"wp-block-gallery has-nested-images columns-default is-cropped wp-block-gallery-2 is-layout-flex wp-block-gallery-is-layout-flex\">\n<figure class=\"wp-block-image size-full\"><img loading=\"lazy\" decoding=\"async\" width=\"512\" height=\"768\" data-id=\"28040\" src=\"https:\/\/blog.ccc.eu\/pl\/wp-content\/uploads\/2024\/07\/CCC_CEO-CSS20377-72_02M_1019.jpg\" alt=\"modne ubrania do szko\u0142y dla dziewczynki\" class=\"wp-image-28040\" srcset=\"https:\/\/blog.ccc.eu\/pl\/wp-content\/uploads\/2024\/07\/CCC_CEO-CSS20377-72_02M_1019.jpg 512w, https:\/\/blog.ccc.eu\/pl\/wp-content\/uploads\/2024\/07\/CCC_CEO-CSS20377-72_02M_1019-200x300.jpg 200w, https:\/\/blog.ccc.eu\/pl\/wp-content\/uploads\/2024\/07\/CCC_CEO-CSS20377-72_02M_1019-100x150.jpg 100w\" sizes=\"auto, (max-width: 512px) 100vw, 512px\" \/><\/figure>\n\n\n\n<figure class=\"wp-block-image size-full\"><img loading=\"lazy\" decoding=\"async\" width=\"512\" height=\"768\" data-id=\"28041\" src=\"https:\/\/blog.ccc.eu\/pl\/wp-content\/uploads\/2024\/07\/CCC_5906751068878_02M_1956.jpg\" alt=\"modne i wygodne ubrania do szko\u0142y dla ch\u0142opca\" class=\"wp-image-28041\" srcset=\"https:\/\/blog.ccc.eu\/pl\/wp-content\/uploads\/2024\/07\/CCC_5906751068878_02M_1956.jpg 512w, https:\/\/blog.ccc.eu\/pl\/wp-content\/uploads\/2024\/07\/CCC_5906751068878_02M_1956-200x300.jpg 200w, https:\/\/blog.ccc.eu\/pl\/wp-content\/uploads\/2024\/07\/CCC_5906751068878_02M_1956-100x150.jpg 100w\" sizes=\"auto, (max-width: 512px) 100vw, 512px\" \/><\/figure>\n<\/figure>\n\n\n\n<h2 class=\"wp-block-heading\">Jak dobiera\u0107 ubrania do szko\u0142y \u2013 praktyczne porady<\/h2>\n\n\n\n<p>Pierwszy wrze\u015bnia to dla wielu dzieci pierwsze spotkanie ze szko\u0142\u0105. Niepok\u00f3j zwi\u0105zany z rozpocz\u0119ciem nauki w pierwszej klasie albo nowo\u015bciami w szkolnej zer\u00f3wce warto prze\u0142ama\u0107, wybieraj\u0105c si\u0119 z dzieckiem na zakupy, nawet te wirtualne.<\/p>\n\n\n\n<ol style=\"list-style-type:1\" class=\"wp-block-list\">\n<li>Dzieci w wieku wczesnoszkolnym mog\u0105 mie\u0107 jeszcze k\u0142opot ze sprawnym wi\u0105zaniem sznur\u00f3wek albo zapinaniem drobnych guzik\u00f3w. Musisz wzi\u0105\u0107 to pod uwag\u0119, kompletuj\u0105c wyprawk\u0119 do pierwszej klasy.<\/li>\n\n\n\n<li><a href=\"https:\/\/blog.ccc.eu\/pl\/jakie-buty-na-zmiane-do-szkoly\/\">Buty na zmian\u0119 do szko\u0142y<\/a> mog\u0105 by\u0107 zapinane na rzepy. Ale je\u017celi Twoja pociecha marzy o butach ze sznurowad\u0142ami, nie musisz z nich rezygnowa\u0107. W CCC znajdziesz elastyczne sznurowad\u0142a bez konieczno\u015bci wi\u0105zania. Bia\u0142e, czarne, wielokolorowe\u2026 z \u0142atwo\u015bci\u0105 wybierzesz odpowiednie do nowych szkolnych but\u00f3w Twojego dziecka.<\/li>\n\n\n\n<li>Fajne ubrania do szko\u0142y dla pociechy z zer\u00f3wki czy nauczania pocz\u0105tkowego to przede wszystkim takie, kt\u00f3re dziecko potrafi samodzielnie za\u0142o\u017cy\u0107. Jakie b\u0119d\u0105 najwygodniejsze? Dziewczynki ch\u0119tnie nosz\u0105 elastyczne legginsy i sukienki zak\u0142adane przez g\u0142ow\u0119, bez guzik\u00f3w i suwak\u00f3w. Ch\u0142opcy lubi\u0105 spodnie dresowe i jeansowe joggery, kt\u00f3re z bawe\u0142nian\u0105 koszulk\u0105 z d\u0142ugim r\u0119kawem tworz\u0105 zgrany duet. Dzieci w tym wieku zwracaj\u0105 uwag\u0119 na detale, dlatego zadbaj o to, aby na ubraniach pojawi\u0142y si\u0119 ulubione motywy dziecka, tj. bohaterowie bajek czy film\u00f3w. Harry Potter, postacie z \u201eKosmicznego meczu\u201d czy Myszka Mickey to najpopularniejsze z nich.<\/li>\n<\/ol>\n\n\n\n\n<div class=\"read-more-block py-1 \">\n    <div><span class=\"paragraph-1 fw-400 text-uppercase\">Czytaj tak\u017ce:<\/span><\/div>\n    <div class=\"py-3\">\n        <hr style=\"opacity: 1\" class=\"background-5 my-0\">\n        <div class=\"pe-3 py-4 read-more-item\">\n            <div class=\"d-flex align-baseline\">\n\n            <div class=\"pe-2 pe-md-3\"><?xml version=\"1.0\" encoding=\"UTF-8\"?>\n<svg id=\"triangle-ccc\" width=\"10\" height=\"20\" style=\"max-width:100%\" xmlns=\"http:\/\/www.w3.org\/2000\/svg\" viewBox=\"0 0 599.98 1200\"><path d=\"m0,0l599.98,600L0,1200V0Z\"\/><\/svg>\n\n<\/div><div><a href=\"https:\/\/blog.ccc.eu\/pl\/jak-sie-ubrac-na-wycieczke-szkolna\/\">Jak si\u0119 ubra\u0107 na wycieczk\u0119 szkoln\u0105?<\/a><\/div>\n            <\/div>\n        <\/div>\n        <hr style=\"opacity: 1\" class=\"background-5 my-0\">\n    <\/div>\n<\/div>\n\n\n\n<h2 class=\"wp-block-heading\">Ubrania m\u0142odzie\u017cowe do szko\u0142y \u2013 jakie wybra\u0107?<\/h2>\n\n\n\n<p>Swoje zainteresowania i styl bycia poprzez str\u00f3j pokazuj\u0105 dzieci ze starszych klas szko\u0142y podstawowej. Zami\u0142owanie do elegancji i kwiecistych sukienek zazwyczaj cechuje m\u0142ode marzycielki. <strong>Aktywni ch\u0142opcy i wysportowane dziewczyny stawiaj\u0105 na wygod\u0119 i trendy<\/strong> \u2013 w tym roku to np. pastelowe dresy dla dziewczyn i joggery z przetarciami dla ch\u0142opak\u00f3w.<\/p>\n\n\n\n<p>Ubrania do szko\u0142y dla dziewczyn powinny by\u0107 \u015bci\u015ble konsultowane z Twoj\u0105 c\u00f3rk\u0105, kt\u00f3ra jako nastolatka, ma ju\u017c sw\u00f3j styl, przez kt\u00f3ry wyra\u017ca swoj\u0105 osobowo\u015b\u0107. Wsp\u00f3lnie wybierzcie ubrania do szko\u0142y dla 12-latki, dzi\u0119ki kt\u00f3rym b\u0119dzie si\u0119 czu\u0142a pewnie i komfortowo.<\/p>\n\n\n\n<figure class=\"wp-block-gallery has-nested-images columns-default is-cropped wp-block-gallery-3 is-layout-flex wp-block-gallery-is-layout-flex\">\n<figure class=\"wp-block-image size-full\"><img loading=\"lazy\" decoding=\"async\" width=\"512\" height=\"768\" data-id=\"28042\" src=\"https:\/\/blog.ccc.eu\/pl\/wp-content\/uploads\/2024\/07\/CCC_5904862992761_02M.jpg\" alt=\"m\u0142odzie\u017cowa stylizacja do szko\u0142y dziewcz\u0119ca\" class=\"wp-image-28042\" srcset=\"https:\/\/blog.ccc.eu\/pl\/wp-content\/uploads\/2024\/07\/CCC_5904862992761_02M.jpg 512w, https:\/\/blog.ccc.eu\/pl\/wp-content\/uploads\/2024\/07\/CCC_5904862992761_02M-200x300.jpg 200w, https:\/\/blog.ccc.eu\/pl\/wp-content\/uploads\/2024\/07\/CCC_5904862992761_02M-100x150.jpg 100w\" sizes=\"auto, (max-width: 512px) 100vw, 512px\" \/><\/figure>\n\n\n\n<figure class=\"wp-block-image size-full\"><img loading=\"lazy\" decoding=\"async\" width=\"614\" height=\"768\" data-id=\"28043\" src=\"https:\/\/blog.ccc.eu\/pl\/wp-content\/uploads\/2024\/07\/01_Adidas_SS25-13.jpg\" alt=\"m\u0142odzie\u017cowa stylizacja do szko\u0142y ch\u0142opi\u0119ca\" class=\"wp-image-28043\" srcset=\"https:\/\/blog.ccc.eu\/pl\/wp-content\/uploads\/2024\/07\/01_Adidas_SS25-13.jpg 614w, https:\/\/blog.ccc.eu\/pl\/wp-content\/uploads\/2024\/07\/01_Adidas_SS25-13-240x300.jpg 240w, https:\/\/blog.ccc.eu\/pl\/wp-content\/uploads\/2024\/07\/01_Adidas_SS25-13-100x125.jpg 100w\" sizes=\"auto, (max-width: 614px) 100vw, 614px\" \/><\/figure>\n<\/figure>\n\n\n\n<h2 class=\"wp-block-heading\">Outfity i stylizacje do szko\u0142y dla nastolatk\u00f3w<\/h2>\n\n\n\n<p>Kilkunastolatkowie najcz\u0119\u015bciej sami decyduj\u0105 o tym, w czym b\u0119dzie im najwygodniej. <strong>Str\u00f3j to dla nich spos\u00f3b wyra\u017cania siebie, dlatego wszelkie detale maj\u0105 kluczowe znaczenie.<\/strong> Mi\u0142o\u015bnicy jazdy na deskorolce czy hulajnodze stawiaj\u0105 na luz i \u015bwietnie czuj\u0105 si\u0119 w stylu streetwear. Pozornie zbyt du\u017ce bluzy dresowe i swobodne spodnie to ich znak rozpoznawczy.<\/p>\n\n\n\n<p>Mi\u0142o\u015bnicy muzyki rockowej, np. grunge, ch\u0119tnie si\u0119gaj\u0105 po trampki, koszule w krat\u0119, jeansy z przetarciami i tematyczne t-shirty, np. z logo legendarnej grupy Nirvana. M\u0142ode kinomaniaczki wybieraj\u0105 bluzy z popularnymi serialami z serwis\u00f3w streamingowych, cho\u0107by \u201eStranger Things\u201d czy \u201eRiverdale\u201d. Je\u017celi chcesz trafi\u0107 w gusta dorastaj\u0105cej pociechy, najlepiej pozw\u00f3l jej samodzielnie wybra\u0107 str\u00f3j do szko\u0142y.<\/p>\n\n\n\n\n<div class=\"read-more-block py-1 \">\n    <div><span class=\"paragraph-1 fw-400 text-uppercase\">Czytaj tak\u017ce:<\/span><\/div>\n    <div class=\"py-3\">\n        <hr style=\"opacity: 1\" class=\"background-5 my-0\">\n        <div class=\"pe-3 py-4 read-more-item\">\n            <div class=\"d-flex align-baseline\">\n\n            <div class=\"pe-2 pe-md-3\"><?xml version=\"1.0\" encoding=\"UTF-8\"?>\n<svg id=\"triangle-ccc\" width=\"10\" height=\"20\" style=\"max-width:100%\" xmlns=\"http:\/\/www.w3.org\/2000\/svg\" viewBox=\"0 0 599.98 1200\"><path d=\"m0,0l599.98,600L0,1200V0Z\"\/><\/svg>\n\n<\/div><div><a href=\"https:\/\/blog.ccc.eu\/pl\/jak-sie-ubrac-na-rozpoczecie-roku-szkolnego\/\">Jak si\u0119 ubra\u0107 na rozpocz\u0119cie roku szkolnego?<\/a><\/div>\n            <\/div>\n        <\/div>\n        <hr style=\"opacity: 1\" class=\"background-5 my-0\">\n    <\/div>\n<\/div>\n\n\n\n<h2 class=\"wp-block-heading\">Stylizacje do szko\u0142y dla dziewczynki<\/h2>\n\n\n\n<p>Moda dla ka\u017cdej grupy wiekowej co roku zaskakuje gor\u0105cymi trendami. <strong>W tym sezonie powr\u00f3t do lat 90. i 2000 b\u0119dzie widoczny r\u00f3wnie\u017c na szkolnych korytarzach. <\/strong>Stw\u00f3rz wi\u0119c supermodne stylizacje do szko\u0142y dla 13-latki, kt\u00f3ra b\u0119dzie si\u0119 w nich czu\u0142a komfortowo i pewnie.<\/p>\n\n\n\n<p>Obszerne bluzy, zar\u00f3wno te rozpinane jak i kangurki, \u015bwietnie po\u0142\u0105cz\u0105 si\u0119 z szerokimi spodniami i jeansow\u0105 marynark\u0105. Do tej stylizacji mo\u017cesz dobra\u0107 klasyczn\u0105 bejsbol\u00f3wk\u0119 lub stylowy bucket hat, pozw\u00f3l, \u017ceby Twoje dziecko samo zdecydowa\u0142o! Twoja c\u00f3rka ch\u0119tnie postawi te\u017c na kr\u00f3tk\u0105 plisowan\u0105 sp\u00f3dnic\u0119, sweterek w serek i loafersy, tworz\u0105c sw\u00f3j w\u0142asny \u201emundurek\u201d rodem z trendu schoolgirl!<\/p>\n\n\n\n<div class=\"wp-block-group is-nowrap is-layout-flex wp-container-core-group-is-layout-ad2f72ca wp-block-group-is-layout-flex\">\n<figure class=\"wp-block-image size-full\"><img loading=\"lazy\" decoding=\"async\" width=\"512\" height=\"768\" src=\"https:\/\/blog.ccc.eu\/pl\/wp-content\/uploads\/2024\/07\/CCC_5906751173145_02M_1073.jpg\" alt=\"str\u00f3j do szko\u0142y dla dziewczynki\" class=\"wp-image-28044\" srcset=\"https:\/\/blog.ccc.eu\/pl\/wp-content\/uploads\/2024\/07\/CCC_5906751173145_02M_1073.jpg 512w, https:\/\/blog.ccc.eu\/pl\/wp-content\/uploads\/2024\/07\/CCC_5906751173145_02M_1073-200x300.jpg 200w, https:\/\/blog.ccc.eu\/pl\/wp-content\/uploads\/2024\/07\/CCC_5906751173145_02M_1073-100x150.jpg 100w\" sizes=\"auto, (max-width: 512px) 100vw, 512px\" \/><\/figure>\n\n\n\n<figure class=\"wp-block-image size-full\"><img loading=\"lazy\" decoding=\"async\" width=\"512\" height=\"768\" src=\"https:\/\/blog.ccc.eu\/pl\/wp-content\/uploads\/2024\/07\/CCC_5906751263556_02M_0797.jpg\" alt=\"stylizacja do szko\u0142y dla dziewczynki\" class=\"wp-image-28045\" srcset=\"https:\/\/blog.ccc.eu\/pl\/wp-content\/uploads\/2024\/07\/CCC_5906751263556_02M_0797.jpg 512w, https:\/\/blog.ccc.eu\/pl\/wp-content\/uploads\/2024\/07\/CCC_5906751263556_02M_0797-200x300.jpg 200w, https:\/\/blog.ccc.eu\/pl\/wp-content\/uploads\/2024\/07\/CCC_5906751263556_02M_0797-100x150.jpg 100w\" sizes=\"auto, (max-width: 512px) 100vw, 512px\" \/><\/figure>\n<\/div>\n\n\n\n<!-- BEGIN - feed broker -->\n<div class=\"feedbroker\" consumer-code-id=\"fDlMG6qwQdkw9Ko2k27k\"><script src=\"https:\/\/app.feed.broker\/consumer\/feedbroker-consumer-script.umd.js?v=1.0.1\" defer=\"\"><\/script><\/div>\n<!-- END - feed broker -->\n\n\n\n<p><\/p>\n\n\n\n<h2 class=\"wp-block-heading\">Outfit do szko\u0142y: ch\u0142opak \u2013 mistrz streetwearu czy grzeczny ucze\u0144?<\/h2>\n\n\n\n<p>Starsi ch\u0142opcy doskonale poczuj\u0105 si\u0119 w swobodnym streetwearowym stylu. Komplety dresowe zestawione z ugly shoes to b\u0119dzie w tym sezonie strza\u0142 w dziesi\u0105tk\u0119! W garderobie Twojego syna powinny znale\u017a\u0107 si\u0119 zar\u00f3wno klasyczne jeansy jak i dresowe spodnie ze zw\u0119\u017canymi nogawkami.<\/p>\n\n\n\n<p><strong>To w\u0142a\u015bnie one bardzo dobrze po\u0142\u0105cz\u0105 si\u0119 z kultowymi Vansami czy sportowym obuwiem.<\/strong> G\u00f3rn\u0105 cz\u0119\u015b\u0107 garderoby powinien stanowi\u0107 t-shirt. M\u0142odzi ludzie lubi\u0105 wybiera\u0107 te, z motywami z film\u00f3w czy komiks\u00f3w. Ca\u0142o\u015b\u0107 uzupe\u0142ni bluza hoodie lub klasyczna rozpinana z kapturem.<\/p>\n\n\n\n<figure class=\"wp-block-gallery has-nested-images columns-default is-cropped wp-block-gallery-4 is-layout-flex wp-block-gallery-is-layout-flex\">\n<figure class=\"wp-block-image size-full\"><img loading=\"lazy\" decoding=\"async\" width=\"512\" height=\"768\" data-id=\"28046\" src=\"https:\/\/blog.ccc.eu\/pl\/wp-content\/uploads\/2024\/07\/CCC_2906751161562_02M_1634.jpg\" alt=\"str\u00f3j do szko\u0142y ch\u0142opi\u0119cy\" class=\"wp-image-28046\" srcset=\"https:\/\/blog.ccc.eu\/pl\/wp-content\/uploads\/2024\/07\/CCC_2906751161562_02M_1634.jpg 512w, https:\/\/blog.ccc.eu\/pl\/wp-content\/uploads\/2024\/07\/CCC_2906751161562_02M_1634-200x300.jpg 200w, https:\/\/blog.ccc.eu\/pl\/wp-content\/uploads\/2024\/07\/CCC_2906751161562_02M_1634-100x150.jpg 100w\" sizes=\"auto, (max-width: 512px) 100vw, 512px\" \/><\/figure>\n\n\n\n<figure class=\"wp-block-image size-full\"><img loading=\"lazy\" decoding=\"async\" width=\"512\" height=\"768\" data-id=\"28047\" src=\"https:\/\/blog.ccc.eu\/pl\/wp-content\/uploads\/2024\/07\/CCC_2906751161562_02M_1703.jpg\" alt=\"outfit do szko\u0142y ch\u0142opak\" class=\"wp-image-28047\" srcset=\"https:\/\/blog.ccc.eu\/pl\/wp-content\/uploads\/2024\/07\/CCC_2906751161562_02M_1703.jpg 512w, https:\/\/blog.ccc.eu\/pl\/wp-content\/uploads\/2024\/07\/CCC_2906751161562_02M_1703-200x300.jpg 200w, https:\/\/blog.ccc.eu\/pl\/wp-content\/uploads\/2024\/07\/CCC_2906751161562_02M_1703-100x150.jpg 100w\" sizes=\"auto, (max-width: 512px) 100vw, 512px\" \/><\/figure>\n<\/figure>\n\n\n\n<!-- BEGIN - feed broker -->\n<div class=\"feedbroker\" consumer-code-id=\"MJXpcSeF4JyVbKzsaBa3\"><script src=\"https:\/\/app.feed.broker\/consumer\/feedbroker-consumer-script.umd.js?v=1.0.1\" defer=\"\"><\/script><\/div>\n<!-- END - feed broker -->\n\n\n\n<p><\/p>\n\n\n\n<h2 class=\"wp-block-heading\">Buty do szko\u0142y \u2013 niezb\u0119dny element stylizacji<\/h2>\n\n\n\n<p>Bezapelacyjnie w szkolnych stylizacjach kr\u00f3luje sportowe obuwie. Dzieci i m\u0142odzie\u017c bardzo ch\u0119tnie wybieraj\u0105 klasyczne trampki w uniwersalnej kolorystyce, lub takie, kt\u00f3re pozwol\u0105 im si\u0119 wyr\u00f3\u017cni\u0107 dzi\u0119ki kolorowym cholewkom.<\/p>\n\n\n\n<p><strong>Opr\u00f3cz trampek trzonem stylizacji s\u0105 sneakersy. <\/strong>Zar\u00f3wno modele od sportowych marek, jak i te od modowych klasyk\u00f3w doskonale uzupe\u0142ni\u0105 nawet bardziej oficjalny outfit. W modzie dziewcz\u0119cej nieustannie kr\u00f3luj\u0105 baleriny, <a href=\"https:\/\/blog.ccc.eu\/pl\/jakie-buty-do-szkoly-wybrac\/\">buty do szko\u0142y<\/a> Mary Janes czy modne loafersy. Wybieraj zawsze modele, kt\u00f3re zapewni\u0105 Twojemu dziecku komfort przez wiele godzin.<\/p>\n\n\n\n<!-- BEGIN - feed broker -->\n<div class=\"feedbroker\" consumer-code-id=\"Rp5lRZTpznYHbMXC3zbc\"><script src=\"https:\/\/app.feed.broker\/consumer\/feedbroker-consumer-script.umd.js?v=1.0.1\" defer=\"\"><\/script><\/div>\n<!-- END - feed broker -->\n\n\n\n<p><\/p>\n\n\n\n<h2 class=\"wp-block-heading\">Fajny outfit do szko\u0142y stworzysz z butami CCC!<\/h2>\n\n\n\n<p>Moda dzieci\u0119co-m\u0142odzie\u017cowa rozwija si\u0119 tak samo pr\u0119\u017cnie jak ta dla doros\u0142ych. M\u0142odzi ludzie te\u017c czerpi\u0105 wzorce od tych starszych, stylizuj\u0105c si\u0119 tak jak oni. Warto podpowiada\u0107 swojemu dziecku, kt\u00f3re ubrania b\u0119d\u0105 komfortowe i przydatne, a kt\u00f3re zdecydowanie si\u0119 nie sprawdz\u0105.<\/p>\n\n\n\n<p>Wa\u017cny te\u017c jest g\u0142os Twojego dziecka, kt\u00f3re ma ju\u017c pewn\u0105 wizj\u0119 swojej osoby i chcia\u0142oby wyra\u017ca\u0107 si\u0119 przez str\u00f3j. Szukaj najlepszych but\u00f3w i dodatk\u00f3w dla swojego dziecka, kt\u00f3re uzupe\u0142ni\u0105 stylizacje, w naszych sklepach CCC, na ccc.eu i w aplikacji.<\/p>\n","protected":false},"excerpt":{"rendered":"<p>Gdy zbli\u017ca si\u0119 wrzesie\u0144, rodzice wraz z dzie\u0107mi przygotowuj\u0105 si\u0119 na rozpocz\u0119cie roku szkolnego. Kompletowanie wyprawki to nie lada zadanie, zar\u00f3wno dla pierwszak\u00f3w jak i nastolatk\u00f3w, kt\u00f3rzy maj\u0105 ju\u017c swoje wymagania. Na zakupowej li\u015bcie opr\u00f3cz zeszyt\u00f3w, artyku\u0142\u00f3w plastycznych czy plecaka, koniecznie musz\u0105 znale\u017a\u0107 si\u0119 ubrania do szko\u0142y i odpowiednie buty na zmian\u0119. Przygotuj si\u0119 wraz [&hellip;]<\/p>\n","protected":false},"author":17,"featured_media":28037,"comment_status":"open","ping_status":"open","sticky":false,"template":"","format":"standard","meta":{"_acf_changed":false,"footnotes":""},"categories":[4,982],"tags":[71,965,96,9],"class_list":["post-2612","post","type-post","status-publish","format-standard","has-post-thumbnail","hentry","category-porady","category-back-to-school","tag-buty-dla-dzieci","tag-odziez","tag-porady","tag-trendy"],"acf":[],"_links":{"self":[{"href":"https:\/\/blog.ccc.eu\/pl\/wp-json\/wp\/v2\/posts\/2612","targetHints":{"allow":["GET"]}}],"collection":[{"href":"https:\/\/blog.ccc.eu\/pl\/wp-json\/wp\/v2\/posts"}],"about":[{"href":"https:\/\/blog.ccc.eu\/pl\/wp-json\/wp\/v2\/types\/post"}],"author":[{"embeddable":true,"href":"https:\/\/blog.ccc.eu\/pl\/wp-json\/wp\/v2\/users\/17"}],"replies":[{"embeddable":true,"href":"https:\/\/blog.ccc.eu\/pl\/wp-json\/wp\/v2\/comments?post=2612"}],"version-history":[{"count":20,"href":"https:\/\/blog.ccc.eu\/pl\/wp-json\/wp\/v2\/posts\/2612\/revisions"}],"predecessor-version":[{"id":28053,"href":"https:\/\/blog.ccc.eu\/pl\/wp-json\/wp\/v2\/posts\/2612\/revisions\/28053"}],"wp:featuredmedia":[{"embeddable":true,"href":"https:\/\/blog.ccc.eu\/pl\/wp-json\/wp\/v2\/media\/28037"}],"wp:attachment":[{"href":"https:\/\/blog.ccc.eu\/pl\/wp-json\/wp\/v2\/media?parent=2612"}],"wp:term":[{"taxonomy":"category","embeddable":true,"href":"https:\/\/blog.ccc.eu\/pl\/wp-json\/wp\/v2\/categories?post=2612"},{"taxonomy":"post_tag","embeddable":true,"href":"https:\/\/blog.ccc.eu\/pl\/wp-json\/wp\/v2\/tags?post=2612"}],"curies":[{"name":"wp","href":"https:\/\/api.w.org\/{rel}","templated":true}]}}