{"id":26328,"date":"2024-09-11T10:33:46","date_gmt":"2024-09-11T08:33:46","guid":{"rendered":"https:\/\/blog.ccc.eu\/pl\/?p=26328"},"modified":"2024-09-11T10:33:53","modified_gmt":"2024-09-11T08:33:53","slug":"jesienna-szafa-kapsulowa-najnowsze-trendy","status":"publish","type":"post","link":"https:\/\/blog.ccc.eu\/pl\/jesienna-szafa-kapsulowa-najnowsze-trendy\/","title":{"rendered":"Jesienna szafa kapsu\u0142owa \u2013 jak j\u0105 uzupe\u0142ni\u0107 o trendy?"},"content":{"rendered":"\n<p><strong>Posiadanie szafy kapsu\u0142owej to nie lada wyzwanie dla mi\u0142o\u015bniczek mody. Czasami mo\u017ce si\u0119 wydawa\u0107, \u017ce nasza w\u0142asna kapsu\u0142a, jest modow\u0105 klatk\u0105, w kt\u00f3rej same si\u0119 zamykamy, nie dopuszczaj\u0105c trend\u00f3w do g\u0142osu. Ale doskonale przemy\u015blana szafa, kt\u00f3ra odzwierciedla nasz styl i charakter zdecydowanie mo\u017ce czerpa\u0107 z trend\u00f3w pe\u0142nymi gar\u015bciami, nie \u201eza\u015bmiecaj\u0105c\u201d swojej przestrzeni, a wzbogacaj\u0105c j\u0105 o nowinki ze \u015bwiata mody. Powiem Ci, jak uzupe\u0142ni\u0107 jesienn\u0105 szaf\u0119 kapsu\u0142ow\u0105 o najnowsze trendy i kt\u00f3re buty i torebki z CCC, wybra\u0107 do swojej harmonijnie zaprojektowanej garderoby.<\/strong><\/p>\n\n\n\n<figure class=\"wp-block-gallery has-nested-images columns-default is-cropped wp-block-gallery-1 is-layout-flex wp-block-gallery-is-layout-flex\">\n<figure class=\"wp-block-image size-full\"><img loading=\"lazy\" decoding=\"async\" width=\"512\" height=\"768\" data-id=\"26329\" src=\"https:\/\/blog.ccc.eu\/pl\/wp-content\/uploads\/2024\/09\/CCC_5905588299103_02M_1800_Copy.jpg\" alt=\"jesienna szafa kapsu\u0142owa stylizacja\" class=\"wp-image-26329\" srcset=\"https:\/\/blog.ccc.eu\/pl\/wp-content\/uploads\/2024\/09\/CCC_5905588299103_02M_1800_Copy.jpg 512w, https:\/\/blog.ccc.eu\/pl\/wp-content\/uploads\/2024\/09\/CCC_5905588299103_02M_1800_Copy-200x300.jpg 200w, https:\/\/blog.ccc.eu\/pl\/wp-content\/uploads\/2024\/09\/CCC_5905588299103_02M_1800_Copy-100x150.jpg 100w\" sizes=\"auto, (max-width: 512px) 100vw, 512px\" \/><\/figure>\n\n\n\n<figure class=\"wp-block-image size-full\"><img loading=\"lazy\" decoding=\"async\" width=\"512\" height=\"768\" data-id=\"26330\" src=\"https:\/\/blog.ccc.eu\/pl\/wp-content\/uploads\/2024\/09\/CCC_5905588299103_02M_1809_Copy.jpg\" alt=\"stylizacja jeansowa z be\u017cowymi cz\u00f3\u0142enkami\" class=\"wp-image-26330\" srcset=\"https:\/\/blog.ccc.eu\/pl\/wp-content\/uploads\/2024\/09\/CCC_5905588299103_02M_1809_Copy.jpg 512w, https:\/\/blog.ccc.eu\/pl\/wp-content\/uploads\/2024\/09\/CCC_5905588299103_02M_1809_Copy-200x300.jpg 200w, https:\/\/blog.ccc.eu\/pl\/wp-content\/uploads\/2024\/09\/CCC_5905588299103_02M_1809_Copy-100x150.jpg 100w\" sizes=\"auto, (max-width: 512px) 100vw, 512px\" \/><\/figure>\n<\/figure>\n\n\n\n<h2 class=\"wp-block-heading\">Mam szaf\u0119 kapsu\u0142ow\u0105 \u2013 czy to oznacza koniec z trendami?<\/h2>\n\n\n\n<p>Dla wielu os\u00f3b posiadanie szafy kapsu\u0142owej jest zamkni\u0119ciem si\u0119 w minimalizmie i ponadczasowej estetyce. Bardzo trudno potem z tego wybrn\u0105\u0107, odrzucaj\u0105c wszystkie \u201eniepasuj\u0105ce\u201d elementy. Ale s\u0105 te\u017c osoby, kt\u00f3re swoje kapsu\u0142y zbudowa\u0142y na bazie print\u00f3w czy intensywnych kolor\u00f3w, bardzo trudno te\u017c im wyj\u015b\u0107 z tego schematu, \u017ceby po\u0142\u0105czy\u0107 sw\u00f3j styl z panuj\u0105c\u0105 mod\u0105.<\/p>\n\n\n\n<p>Jedno jest pewne. <strong>Posiadanie szafy kapsu\u0142owej nie oznacza rezygnacji z trend\u00f3w, a \u015bwietnie przemy\u015blany dob\u00f3r garderoby pozwoli urozmaici\u0107 ponadczasow\u0105 klasyk\u0119 o nowoczesne elementy, kt\u00f3re tak bardzo Ci si\u0119 podobaj\u0105.<\/strong> Podstaw\u0105 takiego dzia\u0142ania jest rozwaga, ale te\u017c i analiza trend\u00f3w. Nie trzeba wybiera\u0107 wszystkich na raz, bo akurat s\u0105 na topie. Trend\u00f3w jest tak du\u017co, \u017ce ka\u017cda, nawet najwi\u0119ksza minimalistka znajdzie w nich co\u015b dla siebie, nie rezygnuj\u0105c ze swojego stylu.<\/p>\n\n\n\n<h2 class=\"wp-block-heading\">Jak wybiera\u0107 trendy, by pasowa\u0142y do szafy kapsu\u0142owej?<\/h2>\n\n\n\n<p>Bardzo du\u017co zale\u017cy od tego, jaki rodzaj kapsu\u0142y posiadasz. Czy jest to stonowany minimalizm czy intensywny block kolor lub print. <strong>Jednym z wa\u017cnych czynnik\u00f3w jest kupowanie jednej trendowej rzeczy, kt\u00f3ra b\u0119dzie dodatkiem do Twojej bazy.<\/strong> Bardzo szybko mo\u017cna popa\u015b\u0107 w trendowy ob\u0142\u0119d, kupuj\u0105c wszystkie elementy garderoby w jednym kolorze lub wzorze. I cho\u0107 mo\u017cesz zrobi\u0107 z tego mn\u00f3stwo \u0142\u0105czonych stylizacji, bardzo szybko mo\u017cesz te\u017c powr\u00f3ci\u0107 do przeci\u0105\u017cenia Twojej szafy.<\/p>\n\n\n\n<p>Z trend\u00f3w warto odsia\u0107 to, co nie pasuje do szafy. Je\u017celi Tw\u00f3j styl zak\u0142ada prost\u0105 form\u0119 biele, be\u017ce i szaro\u015bci to wprowadzenie barbiecore nie b\u0119dzie \u0142atwym zadaniem. Du\u017co lepiej dopasujesz do swojej kapsu\u0142y print w panterk\u0119 czy sukienk\u0119 lub sp\u00f3dnic\u0119 wykonan\u0105 z satyny. Nie zawsze trzeba \u201ei\u015b\u0107 w kolor lub wz\u00f3r\u201d, czasem to materia\u0142 mo\u017ce okaza\u0107 si\u0119 tym \u201etrendowym\u201d jak np. len latem.<\/p>\n\n\n\n<figure class=\"wp-block-gallery has-nested-images columns-default is-cropped wp-block-gallery-2 is-layout-flex wp-block-gallery-is-layout-flex\">\n<figure class=\"wp-block-image size-full\"><img loading=\"lazy\" decoding=\"async\" width=\"512\" height=\"768\" data-id=\"26331\" src=\"https:\/\/blog.ccc.eu\/pl\/wp-content\/uploads\/2024\/09\/CCC_5905588381495_02M_1996_Copy.jpg\" alt=\"jesienna stylizacja casualowa\" class=\"wp-image-26331\" srcset=\"https:\/\/blog.ccc.eu\/pl\/wp-content\/uploads\/2024\/09\/CCC_5905588381495_02M_1996_Copy.jpg 512w, https:\/\/blog.ccc.eu\/pl\/wp-content\/uploads\/2024\/09\/CCC_5905588381495_02M_1996_Copy-200x300.jpg 200w, https:\/\/blog.ccc.eu\/pl\/wp-content\/uploads\/2024\/09\/CCC_5905588381495_02M_1996_Copy-100x150.jpg 100w\" sizes=\"auto, (max-width: 512px) 100vw, 512px\" \/><\/figure>\n\n\n\n<figure class=\"wp-block-image size-full\"><img loading=\"lazy\" decoding=\"async\" width=\"512\" height=\"768\" data-id=\"26332\" src=\"https:\/\/blog.ccc.eu\/pl\/wp-content\/uploads\/2024\/09\/CCC_5905588381495_02M_2036_Copy.jpg\" alt=\"bia\u0142e sneakersy w stylizacji z jeansami\" class=\"wp-image-26332\" srcset=\"https:\/\/blog.ccc.eu\/pl\/wp-content\/uploads\/2024\/09\/CCC_5905588381495_02M_2036_Copy.jpg 512w, https:\/\/blog.ccc.eu\/pl\/wp-content\/uploads\/2024\/09\/CCC_5905588381495_02M_2036_Copy-200x300.jpg 200w, https:\/\/blog.ccc.eu\/pl\/wp-content\/uploads\/2024\/09\/CCC_5905588381495_02M_2036_Copy-100x150.jpg 100w\" sizes=\"auto, (max-width: 512px) 100vw, 512px\" \/><\/figure>\n<\/figure>\n\n\n\n<h2 class=\"wp-block-heading\">Kt\u00f3re trendy wybra\u0107 do jesiennej szafy kapsu\u0142owej 2024?<\/h2>\n\n\n\n<p>Jesieni\u0105 designerzy proponuj\u0105 ca\u0142\u0105 palet\u0119 trend\u00f3w, z kt\u00f3rej naprawd\u0119 mo\u017cna wybra\u0107 co\u015b dla siebie. Zapoznaj si\u0119 dok\u0142adnie z tym, co b\u0119dzie modne w nadchodz\u0105cym sezonie i oce\u0144, kt\u00f3re ze element\u00f3w trendowych b\u0119d\u0105 pasowa\u0142y do Twojej szafy. <strong>Minimalistki z pewno\u015bci\u0105 uciesz\u0105 si\u0119 z wci\u0105\u017c modnej satyny w ka\u017cdej postaci.<\/strong> Je\u017celi jednak masz ju\u017c takie ubrania w swojej szafie to mo\u017cesz uzupe\u0142ni\u0107 je jedynie o dodatki np. chust\u0119 w panterk\u0119, kt\u00f3ra r\u00f3wnie\u017c jest modna.<\/p>\n\n\n\n<p>Je\u017celi w Twojej kapsule kr\u00f3luje kolor i bogate wzornictwo z pewno\u015bci\u0105 ucieszysz si\u0119 z mody na krat\u0119 czy pepitk\u0119. Ten wz\u00f3r regularnie powraca do mody jesieni\u0105 i sprawdzi si\u0119 w ka\u017cdej kapsule. Fanki klasyki zdecydowanie zachwyci te\u017c niezast\u0105piony trencz. Je\u017celi akurat stoisz przed zakupem nowego mo\u017cesz postawi\u0107 na be\u017cowy klasyk lub sk\u00f3rzany stonowany model, kt\u00f3ry b\u0119dzie modny nie tylko teraz.<\/p>\n\n\n\n<h2 class=\"wp-block-heading\">Buty z CCC, kt\u00f3re doskonale odnajd\u0105 si\u0119 w jesiennej kapsule<\/h2>\n\n\n\n<p>W\u015br\u00f3d obuwniczych trend\u00f3w jednym z wa\u017cniejszych s\u0105 buty z kwadratowym noskiem. Szukaj\u0105c botk\u00f3w na jesie\u0144 postaw w\u0142a\u015bnie na taki model! W CCC znajdziesz je w kolekcjach marek Lasocki czy Gino Rossi. <strong>Po\u0142\u0105czenie klasyki i trend\u00f3w znajdziesz te\u017c w kolekcji marki Badura.<\/strong><\/p>\n\n\n\n<p>\u015awietnym pomys\u0142em b\u0119d\u0105 nowoczesne mary jane czy buty na platformie, kt\u00f3ra wci\u0105\u017c zajmuje wysokie miejsce. Je\u017celi chcesz o\u017cywi\u0107 swoj\u0105 garderob\u0119 postaw na bordowy kolor! Zdecydowanie b\u0119dzie towarzyszy\u0142 Ci niejednej jesieni.<\/p>\n\n\n\n<!-- BEGIN - feed broker -->\n<div class=\"feedbroker\" consumer-code-id=\"KFz5qIhvDOFfvfu6Imty\"><script src=\"https:\/\/app.feed.broker\/consumer\/feedbroker-consumer-script.umd.js?v=1.0.1\" defer=\"\"><\/script><\/div>\n<!-- END - feed broker -->\n\n\n\n<p><\/p>\n\n\n\n<h2 class=\"wp-block-heading\">Torebki z CCC \u2013 w ultratrendowej wersji jesieni\u0105<\/h2>\n\n\n\n<p>Zastanawiasz si\u0119 jak wprowadzi\u0107 trendy torebk\u0119 do swojej garderoby, by by\u0142a u\u017cyteczna nie tylko w tym sezonie? <strong>Postaw na klasyczny model, kt\u00f3ry ma nowoczesn\u0105 faktur\u0119. <\/strong>Idealnie sprawdz\u0105 si\u0119 shopperki czy hobo bagi, kt\u00f3re maj\u0105 lakierowan\u0105 powierzchni\u0119, t\u0105 wykonan\u0105 z zamszu czy faktur\u0119 croco.<\/p>\n\n\n\n<p>To obecnie najwi\u0119ksze trendy na jesie\u0144, ale zdecydowanie zostan\u0105 z nami na d\u0142u\u017cej, poniewa\u017c ich styl jest ponadczasowy i zawsze b\u0119dzie ciekawym urozmaiceniem tradycyjnej szafy kapsu\u0142owej. Zobacz zamszow\u0105 shopperk\u0119 od Lasockiego czy croco torebki od Jenny Fairy b\u0105d\u017a DeeZee!<\/p>\n\n\n\n<!-- BEGIN - feed broker -->\n<div class=\"feedbroker\" consumer-code-id=\"H7jO0FVkGUOWhnKTaqMG\"><script src=\"https:\/\/app.feed.broker\/consumer\/feedbroker-consumer-script.umd.js?v=1.0.1\" defer=\"\"><\/script><\/div>\n<!-- END - feed broker -->\n\n\n\n<p><\/p>\n\n\n\n<h2 class=\"wp-block-heading\">Po\u0142\u0105cz jesienn\u0105 kapsu\u0142\u0119 z trendami!<\/h2>\n\n\n\n<p>Klasyka zawsze bardzo dobrze \u0142\u0105czy si\u0119 z trendowymi elementami. Tak samo jak i bardzo wyraziste looki wygl\u0105daj\u0105 \u015bwietnie z ponadczasow\u0105 estetyk\u0105 b\u0105d\u017a r\u00f3wnie intensywnymi modowymi nowinkami. W kompletowaniu jesiennej garderoby wa\u017cne jest zachowanie umiaru i trzymanie si\u0119 narzuconych przez siebie zasad. <strong>Kapsu\u0142owa garderoba to taka, z kt\u00f3rej wykorzystujesz sto procent element\u00f3w i tworzysz z nimi nowe zestawy.<\/strong><\/p>\n\n\n\n<p>Wprowadzanie zbyt du\u017cej ilo\u015bci trend\u00f3w, mo\u017ce zaburzy\u0107 Twoj\u0105 r\u00f3wnowag\u0119. <strong>Dlatego z modowych nowo\u015bci wybieraj tylko te, kt\u00f3re pasuj\u0105 do Twojego stylu, <\/strong>z kolei te, w kt\u00f3rych zakocha\u0142a\u015b si\u0119 od pierwszego wejrzenia wybierz w formie drobnych element\u00f3w, kt\u00f3re podkre\u015bl\u0105 ca\u0142y zestaw. Buty i torebki do jesiennej kapsu\u0142y znajdziesz w naszych salonach CCC, na ccc.eu i w aplikacji.<\/p>\n","protected":false},"excerpt":{"rendered":"<p>Posiadanie szafy kapsu\u0142owej to nie lada wyzwanie dla mi\u0142o\u015bniczek mody. Czasami mo\u017ce si\u0119 wydawa\u0107, \u017ce nasza w\u0142asna kapsu\u0142a, jest modow\u0105 klatk\u0105, w kt\u00f3rej same si\u0119 zamykamy, nie dopuszczaj\u0105c trend\u00f3w do g\u0142osu. Ale doskonale przemy\u015blana szafa, kt\u00f3ra odzwierciedla nasz styl i charakter zdecydowanie mo\u017ce czerpa\u0107 z trend\u00f3w pe\u0142nymi gar\u015bciami, nie \u201eza\u015bmiecaj\u0105c\u201d swojej przestrzeni, a wzbogacaj\u0105c j\u0105 [&hellip;]<\/p>\n","protected":false},"author":17,"featured_media":26330,"comment_status":"open","ping_status":"closed","sticky":false,"template":"","format":"standard","meta":{"_acf_changed":false,"footnotes":""},"categories":[1042,4],"tags":[],"class_list":["post-26328","post","type-post","status-publish","format-standard","has-post-thumbnail","hentry","category-jesienne-trendy","category-porady"],"acf":[],"_links":{"self":[{"href":"https:\/\/blog.ccc.eu\/pl\/wp-json\/wp\/v2\/posts\/26328","targetHints":{"allow":["GET"]}}],"collection":[{"href":"https:\/\/blog.ccc.eu\/pl\/wp-json\/wp\/v2\/posts"}],"about":[{"href":"https:\/\/blog.ccc.eu\/pl\/wp-json\/wp\/v2\/types\/post"}],"author":[{"embeddable":true,"href":"https:\/\/blog.ccc.eu\/pl\/wp-json\/wp\/v2\/users\/17"}],"replies":[{"embeddable":true,"href":"https:\/\/blog.ccc.eu\/pl\/wp-json\/wp\/v2\/comments?post=26328"}],"version-history":[{"count":1,"href":"https:\/\/blog.ccc.eu\/pl\/wp-json\/wp\/v2\/posts\/26328\/revisions"}],"predecessor-version":[{"id":26333,"href":"https:\/\/blog.ccc.eu\/pl\/wp-json\/wp\/v2\/posts\/26328\/revisions\/26333"}],"wp:featuredmedia":[{"embeddable":true,"href":"https:\/\/blog.ccc.eu\/pl\/wp-json\/wp\/v2\/media\/26330"}],"wp:attachment":[{"href":"https:\/\/blog.ccc.eu\/pl\/wp-json\/wp\/v2\/media?parent=26328"}],"wp:term":[{"taxonomy":"category","embeddable":true,"href":"https:\/\/blog.ccc.eu\/pl\/wp-json\/wp\/v2\/categories?post=26328"},{"taxonomy":"post_tag","embeddable":true,"href":"https:\/\/blog.ccc.eu\/pl\/wp-json\/wp\/v2\/tags?post=26328"}],"curies":[{"name":"wp","href":"https:\/\/api.w.org\/{rel}","templated":true}]}}