{"id":26587,"date":"2024-09-26T15:58:28","date_gmt":"2024-09-26T13:58:28","guid":{"rendered":"https:\/\/blog.ccc.eu\/pl\/?p=26587"},"modified":"2024-09-26T15:58:29","modified_gmt":"2024-09-26T13:58:29","slug":"zamszowe-czolenka-eleganckie-buty","status":"publish","type":"post","link":"https:\/\/blog.ccc.eu\/pl\/zamszowe-czolenka-eleganckie-buty\/","title":{"rendered":"Zamszowe cz\u00f3\u0142enka \u2013 Twoje najlepsze buty na jesie\u0144!"},"content":{"rendered":"\n<p><strong>Ju\u017c w ubieg\u0142ym sezonie mogli\u015bmy zobaczy\u0107 spektakularny powr\u00f3t zamszowej sk\u00f3ry do mody. Wraz z jesieni\u0105 w kolekcjach topowych brand\u00f3w zacz\u0119\u0142y pojawia\u0107 si\u0119 zamszowe p\u0142aszcze, sukienki, sp\u00f3dnice czy spodnie. Wszystko w pi\u0119knej sezonowej kolorystyce, kt\u00f3ra doskonale zaprezentowa\u0142a si\u0119 w zamszowej ods\u0142onie. Trend na zamsz pozostaje w rozkwicie r\u00f3wnie\u017c tej jesieni, a projektanci swoj\u0105 uwag\u0119 skupiaj\u0105 w tym sezonie na zamszowych butach, kt\u00f3rych proste i pi\u0119kne kroje zast\u0105pi\u0105 klasyczn\u0105 i lakierowan\u0105 sk\u00f3r\u0119! Zobacz, jakie zamszowe cz\u00f3\u0142enka znajdziesz w CCC i dowiedz si\u0119, jak stworzy\u0107 z nimi udane stylizacje!<\/strong><\/p>\n\n\n\n<figure class=\"wp-block-gallery has-nested-images columns-default is-cropped wp-block-gallery-1 is-layout-flex wp-block-gallery-is-layout-flex\">\n<figure class=\"wp-block-image size-large\"><img loading=\"lazy\" decoding=\"async\" width=\"683\" height=\"1024\" data-id=\"26588\" src=\"https:\/\/blog.ccc.eu\/pl\/wp-content\/uploads\/2024\/09\/CCC_5905588777724_02_M-683x1024.jpg\" alt=\"zamszowe cz\u00f3\u0142enka stylizacja z dzianinow\u0105 sukeink\u0105\" class=\"wp-image-26588\" srcset=\"https:\/\/blog.ccc.eu\/pl\/wp-content\/uploads\/2024\/09\/CCC_5905588777724_02_M-683x1024.jpg 683w, https:\/\/blog.ccc.eu\/pl\/wp-content\/uploads\/2024\/09\/CCC_5905588777724_02_M-200x300.jpg 200w, https:\/\/blog.ccc.eu\/pl\/wp-content\/uploads\/2024\/09\/CCC_5905588777724_02_M-768x1152.jpg 768w, https:\/\/blog.ccc.eu\/pl\/wp-content\/uploads\/2024\/09\/CCC_5905588777724_02_M-100x150.jpg 100w, https:\/\/blog.ccc.eu\/pl\/wp-content\/uploads\/2024\/09\/CCC_5905588777724_02_M.jpg 876w\" sizes=\"auto, (max-width: 683px) 100vw, 683px\" \/><\/figure>\n\n\n\n<figure class=\"wp-block-image size-large\"><img loading=\"lazy\" decoding=\"async\" width=\"683\" height=\"1024\" data-id=\"26589\" src=\"https:\/\/blog.ccc.eu\/pl\/wp-content\/uploads\/2024\/09\/CCC_5905588777724_02-683x1024.jpg\" alt=\"cz\u00f3\u0142enka zamszowe br\u0105zowe \" class=\"wp-image-26589\" srcset=\"https:\/\/blog.ccc.eu\/pl\/wp-content\/uploads\/2024\/09\/CCC_5905588777724_02-683x1024.jpg 683w, https:\/\/blog.ccc.eu\/pl\/wp-content\/uploads\/2024\/09\/CCC_5905588777724_02-200x300.jpg 200w, https:\/\/blog.ccc.eu\/pl\/wp-content\/uploads\/2024\/09\/CCC_5905588777724_02-768x1152.jpg 768w, https:\/\/blog.ccc.eu\/pl\/wp-content\/uploads\/2024\/09\/CCC_5905588777724_02-100x150.jpg 100w, https:\/\/blog.ccc.eu\/pl\/wp-content\/uploads\/2024\/09\/CCC_5905588777724_02.jpg 876w\" sizes=\"auto, (max-width: 683px) 100vw, 683px\" \/><\/figure>\n<\/figure>\n\n\n\n<h2 class=\"wp-block-heading\">Zamszowe cz\u00f3\u0142enka \u2013 buty, kt\u00f3re b\u0119d\u0105 hitem jesiennych stylizacji!<\/h2>\n\n\n\n<p>Gdy w minionym roku w kolekcji Prady pojawi\u0142y si\u0119 zamszowe p\u0142aszcze, oznacza\u0142o to jedno \u2013 &nbsp;wielki powr\u00f3t do estetyki lak 90.XX wieku, gdzie zamsz mo\u017cna by\u0142o znale\u017a\u0107 w niemal\u017ce ka\u017cdej szafie. <strong>Niezale\u017cnie od tego czy by\u0142a to kurtka, sp\u00f3dnica czy buty, zamszowa sk\u00f3ra by\u0142a jednym z najwa\u017cniejszych reprezentant\u00f3w ostatniej dekady XX wieku.<\/strong><\/p>\n\n\n\n<p>Z zachwytem przygl\u0105damy si\u0119 zamszowi, kt\u00f3ry powr\u00f3ci\u0142 w obecnej dekadzie do mody. Pe\u0142ne klasyki fasony but\u00f3w o ponadczasowym charakterze, prezentuj\u0105 si\u0119 niezwykle szlachetnie i wyj\u0105tkowo w zamszowej ods\u0142onie. Tej jesieni b\u0119dziemy nosi\u0107 zamsz od st\u00f3p do g\u0142\u00f3w. Zacznijmy wi\u0119c od but\u00f3w!<\/p>\n\n\n\n<h2 class=\"wp-block-heading\">Zamszowe cz\u00f3\u0142enka w CCC \u2013 zobacz modele, kt\u00f3re skradn\u0105 Twoje serce!<\/h2>\n\n\n\n<p>W kolekcjach naszch marek znajdziesz swoje wymarzone zamszowe cz\u00f3\u0142enka. A wszystko za spraw\u0105 tego, \u017ce mamy naprawd\u0119 du\u017cy wyb\u00f3r. Dost\u0119pne s\u0105 zar\u00f3wno <strong>zamszowe cz\u00f3\u0142enka na niskim obcasie, jak i modele na wysokim, kt\u00f3re sprawdz\u0105 si\u0119 doskonale w modzie wizytowej.<\/strong><\/p>\n\n\n\n<p>W\u015br\u00f3d kolor\u00f3w kr\u00f3luje czer\u0144, be\u017c czy br\u0105z, ale nie brakuje te\u017c modowego zaskoczenia pod postaci\u0105 r\u00f3\u017cowych zamszowych szpilek! Zamszowe buty s\u0105 wprost stworzone do jesiennych stylizacji, a my odkrywamy je na nowo w ko\u0144c\u00f3wce 2024 roku!<\/p>\n\n\n\n<h3 class=\"wp-block-heading\">Zamszowe cz\u00f3\u0142enka na s\u0142upku i niskim obcasie \u2013 w codziennych efektownych stylizacjach<\/h3>\n\n\n\n<p>Zamszowe cz\u00f3\u0142enka jesieni\u0105 s\u0105 \u015bwietn\u0105 alternatyw\u0105 dla klasycznej sk\u00f3ry. Wygl\u0105daj\u0105 bardziej nonszalancko i efektownie. Do codziennej garderoby i biurowego dress codu sprawdz\u0105 si\u0119 modele na s\u0142upku b\u0105d\u017a ni\u017cszym klockowym obcasie.<\/p>\n\n\n\n<p><strong>Takie buty znajdziesz w kolekcjach marek Lasocki, gdzie kr\u00f3luj\u0105 ponadczasowe czarne zamszowe cz\u00f3\u0142enka, pe\u0142ne elegancji i wyj\u0105tkowego stylu.<\/strong> Doskonale po\u0142\u0105cz\u0105 si\u0119 ze spodniami w kant i marynark\u0105 czy damskim garniturem.<\/p>\n\n\n\n<figure class=\"wp-block-gallery has-nested-images columns-default is-cropped wp-block-gallery-2 is-layout-flex wp-block-gallery-is-layout-flex\">\n<figure class=\"wp-block-image size-large\"><img loading=\"lazy\" decoding=\"async\" width=\"683\" height=\"1024\" data-id=\"26591\" src=\"https:\/\/blog.ccc.eu\/pl\/wp-content\/uploads\/2024\/09\/CCC_5905588776888_01-1-683x1024.jpg\" alt=\"zamszowe cz\u00f3\u0142enka na klocku\" class=\"wp-image-26591\" srcset=\"https:\/\/blog.ccc.eu\/pl\/wp-content\/uploads\/2024\/09\/CCC_5905588776888_01-1-683x1024.jpg 683w, https:\/\/blog.ccc.eu\/pl\/wp-content\/uploads\/2024\/09\/CCC_5905588776888_01-1-200x300.jpg 200w, https:\/\/blog.ccc.eu\/pl\/wp-content\/uploads\/2024\/09\/CCC_5905588776888_01-1-768x1152.jpg 768w, https:\/\/blog.ccc.eu\/pl\/wp-content\/uploads\/2024\/09\/CCC_5905588776888_01-1-100x150.jpg 100w, https:\/\/blog.ccc.eu\/pl\/wp-content\/uploads\/2024\/09\/CCC_5905588776888_01-1.jpg 876w\" sizes=\"auto, (max-width: 683px) 100vw, 683px\" \/><\/figure>\n\n\n\n<figure class=\"wp-block-image size-large\"><img loading=\"lazy\" decoding=\"async\" width=\"683\" height=\"1024\" data-id=\"26592\" src=\"https:\/\/blog.ccc.eu\/pl\/wp-content\/uploads\/2024\/09\/CCC_5905588776888_02_M-683x1024.jpg\" alt=\"br\u0105zowe zamszowe cz\u00f3\u0142enka na niskim obcasie\" class=\"wp-image-26592\" srcset=\"https:\/\/blog.ccc.eu\/pl\/wp-content\/uploads\/2024\/09\/CCC_5905588776888_02_M-683x1024.jpg 683w, https:\/\/blog.ccc.eu\/pl\/wp-content\/uploads\/2024\/09\/CCC_5905588776888_02_M-200x300.jpg 200w, https:\/\/blog.ccc.eu\/pl\/wp-content\/uploads\/2024\/09\/CCC_5905588776888_02_M-768x1152.jpg 768w, https:\/\/blog.ccc.eu\/pl\/wp-content\/uploads\/2024\/09\/CCC_5905588776888_02_M-100x150.jpg 100w, https:\/\/blog.ccc.eu\/pl\/wp-content\/uploads\/2024\/09\/CCC_5905588776888_02_M.jpg 876w\" sizes=\"auto, (max-width: 683px) 100vw, 683px\" \/><\/figure>\n<\/figure>\n\n\n\n<!-- BEGIN - feed broker -->\n<div class=\"feedbroker\" consumer-code-id=\"2v4jIzYitQDCqyBBrLGb\"><script src=\"https:\/\/app.feed.broker\/consumer\/feedbroker-consumer-script.umd.js?v=1.0.1\" defer=\"\"><\/script><\/div>\n<!-- END - feed broker -->\n\n\n\n<p><\/p>\n\n\n\n<h3 class=\"wp-block-heading\">Zamszowe cz\u00f3\u0142enka na szpilce \u2013 w pi\u0119knej szlachetnej estetyce<\/h3>\n\n\n\n<p>To buty z efektem WOW! Ich klasyczn\u0105 form\u0119 podkre\u015bla zamszowa sk\u00f3ra, kt\u00f3ra nadaje im wyj\u0105tkowy wyj\u015bciowy charakter. W CCC zamszowe cz\u00f3\u0142enka na wysokim obcasie znajdziesz w kolekcji EVA MINGE, ale te\u017c i u Sergio Bardi czy Gino Rossi. <strong>Zwr\u00f3\u0107 uwag\u0119 na cz\u00f3\u0142enka be\u017cowe zamszowe, kt\u00f3re nigdy nie wychodz\u0105 z mody!<\/strong><\/p>\n\n\n\n<p>Te buty b\u0119d\u0105 \u015bwietnie si\u0119 prezentowa\u0107 z eleganckimi sukienkami midi, niezale\u017cnie od tego, czy wybierzesz dopasowany kr\u00f3j, czy ten bardziej rozkloszowany. \u015awietnie te\u017c zestawi\u0105 si\u0119 z lekkim we\u0142nianym p\u0142aszczem. Zainspiruj si\u0119 stylizacjami ksi\u0119\u017cnej Kate, u kt\u00f3rej zamszowe cz\u00f3\u0142enka s\u0105 podstaw\u0105 garderoby!<\/p>\n\n\n\n<figure class=\"wp-block-gallery has-nested-images columns-default is-cropped wp-block-gallery-3 is-layout-flex wp-block-gallery-is-layout-flex\">\n<figure class=\"wp-block-image size-large\"><img loading=\"lazy\" decoding=\"async\" width=\"683\" height=\"1024\" data-id=\"26593\" src=\"https:\/\/blog.ccc.eu\/pl\/wp-content\/uploads\/2024\/09\/CCC_5905588777731_02_M-683x1024.jpg\" alt=\"zamszowe cz\u00f3\u0142enka na szpilce\" class=\"wp-image-26593\" srcset=\"https:\/\/blog.ccc.eu\/pl\/wp-content\/uploads\/2024\/09\/CCC_5905588777731_02_M-683x1024.jpg 683w, https:\/\/blog.ccc.eu\/pl\/wp-content\/uploads\/2024\/09\/CCC_5905588777731_02_M-200x300.jpg 200w, https:\/\/blog.ccc.eu\/pl\/wp-content\/uploads\/2024\/09\/CCC_5905588777731_02_M-768x1152.jpg 768w, https:\/\/blog.ccc.eu\/pl\/wp-content\/uploads\/2024\/09\/CCC_5905588777731_02_M-100x150.jpg 100w, https:\/\/blog.ccc.eu\/pl\/wp-content\/uploads\/2024\/09\/CCC_5905588777731_02_M.jpg 876w\" sizes=\"auto, (max-width: 683px) 100vw, 683px\" \/><\/figure>\n\n\n\n<figure class=\"wp-block-image size-large\"><img loading=\"lazy\" decoding=\"async\" width=\"683\" height=\"1024\" data-id=\"26594\" src=\"https:\/\/blog.ccc.eu\/pl\/wp-content\/uploads\/2024\/09\/CCC_5905588777731_02-683x1024.jpg\" alt=\"eleganckie czarne zamszowe cz\u00f3\u0142enka na szpilce\" class=\"wp-image-26594\" srcset=\"https:\/\/blog.ccc.eu\/pl\/wp-content\/uploads\/2024\/09\/CCC_5905588777731_02-683x1024.jpg 683w, https:\/\/blog.ccc.eu\/pl\/wp-content\/uploads\/2024\/09\/CCC_5905588777731_02-200x300.jpg 200w, https:\/\/blog.ccc.eu\/pl\/wp-content\/uploads\/2024\/09\/CCC_5905588777731_02-768x1152.jpg 768w, https:\/\/blog.ccc.eu\/pl\/wp-content\/uploads\/2024\/09\/CCC_5905588777731_02-100x150.jpg 100w, https:\/\/blog.ccc.eu\/pl\/wp-content\/uploads\/2024\/09\/CCC_5905588777731_02.jpg 876w\" sizes=\"auto, (max-width: 683px) 100vw, 683px\" \/><\/figure>\n<\/figure>\n\n\n\n<!-- BEGIN - feed broker -->\n<div class=\"feedbroker\" consumer-code-id=\"M3rvME6UDb2NRMs73HV5\"><script src=\"https:\/\/app.feed.broker\/consumer\/feedbroker-consumer-script.umd.js?v=1.0.1\" defer=\"\"><\/script><\/div>\n<!-- END - feed broker -->\n\n\n\n<p><\/p>\n\n\n\n<h2 class=\"wp-block-heading\">Stylizacje z zamszowymi cz\u00f3\u0142enkami na jesie\u0144 2024!<\/h2>\n\n\n\n<p>Zamszowe cz\u00f3\u0142enka to buty, kt\u00f3re pos\u0142u\u017c\u0105 Ci przez wiele sezon\u00f3w. Warto wybra\u0107 je w klasycznej uniwersalnej kolorystyce. <strong>Jesieni\u0105 \u015bwietnie sprawdz\u0105 si\u0119 br\u0105zy czy be\u017ce, kt\u00f3re mo\u017cesz po\u0142\u0105czy\u0107 z dzianinow\u0105 sukienk\u0105 maxi w pr\u0105\u017cek<\/strong> lub dopasowa\u0107 do jasnej satynowej sp\u00f3dnicy i moherowego swetra.<\/p>\n\n\n\n<p>Je\u017celi stawiasz na damski garnitur w bordowym kolorze, to spr\u00f3buj dobra\u0107 do niego granatowe zamszowe cz\u00f3\u0142enka. Z kolei czarne modele \u015bwietnie b\u0119d\u0105 czu\u0142y si\u0119 w towarzystwie czarnej eleganckiej wizytowej sukienki lub spodni w kant.<\/p>\n\n\n\n<h2 class=\"wp-block-heading\">Zamszowe cz\u00f3\u0142enka kupisz w CCC!<\/h2>\n\n\n\n<p>Sk\u00f3ra zamszowa nale\u017cy do najbardziej klasycznych i efektownych materia\u0142\u00f3w. \u015awietnie prezentuje si\u0119 zar\u00f3wno pod postaci\u0105 ubra\u0144 jak i but\u00f3w czy torebek. <strong>Zamsz idealnie odnajduje si\u0119 w jesiennych zestawach, dodaj\u0105c do nich odrobin\u0119 nostalgii.<\/strong><\/p>\n\n\n\n<p>W CCC znajdziesz buty, kt\u00f3re b\u0119dziesz mog\u0142a nosi\u0107 przez d\u0142ugi czas, maj\u0105c pewno\u015b\u0107, \u017ce nie wyjd\u0105 z mody. Szukaj ich w naszych salonach CCC, na ccc.eu i w aplikacji. A z innych artyku\u0142\u00f3w na naszym blogu, dowiesz si\u0119 jak prawid\u0142owo piel\u0119gnowa\u0107 zamszow\u0105 sk\u00f3r\u0119. Udanych zakup\u00f3w!<\/p>\n","protected":false},"excerpt":{"rendered":"<p>Ju\u017c w ubieg\u0142ym sezonie mogli\u015bmy zobaczy\u0107 spektakularny powr\u00f3t zamszowej sk\u00f3ry do mody. Wraz z jesieni\u0105 w kolekcjach topowych brand\u00f3w zacz\u0119\u0142y pojawia\u0107 si\u0119 zamszowe p\u0142aszcze, sukienki, sp\u00f3dnice czy spodnie. Wszystko w pi\u0119knej sezonowej kolorystyce, kt\u00f3ra doskonale zaprezentowa\u0142a si\u0119 w zamszowej ods\u0142onie. Trend na zamsz pozostaje w rozkwicie r\u00f3wnie\u017c tej jesieni, a projektanci swoj\u0105 uwag\u0119 skupiaj\u0105 w [&hellip;]<\/p>\n","protected":false},"author":17,"featured_media":26588,"comment_status":"open","ping_status":"closed","sticky":false,"template":"","format":"standard","meta":{"_acf_changed":false,"footnotes":""},"categories":[1586,1042],"tags":[],"class_list":["post-26587","post","type-post","status-publish","format-standard","has-post-thumbnail","hentry","category-modne-czolenka","category-jesienne-trendy"],"acf":[],"_links":{"self":[{"href":"https:\/\/blog.ccc.eu\/pl\/wp-json\/wp\/v2\/posts\/26587","targetHints":{"allow":["GET"]}}],"collection":[{"href":"https:\/\/blog.ccc.eu\/pl\/wp-json\/wp\/v2\/posts"}],"about":[{"href":"https:\/\/blog.ccc.eu\/pl\/wp-json\/wp\/v2\/types\/post"}],"author":[{"embeddable":true,"href":"https:\/\/blog.ccc.eu\/pl\/wp-json\/wp\/v2\/users\/17"}],"replies":[{"embeddable":true,"href":"https:\/\/blog.ccc.eu\/pl\/wp-json\/wp\/v2\/comments?post=26587"}],"version-history":[{"count":1,"href":"https:\/\/blog.ccc.eu\/pl\/wp-json\/wp\/v2\/posts\/26587\/revisions"}],"predecessor-version":[{"id":26595,"href":"https:\/\/blog.ccc.eu\/pl\/wp-json\/wp\/v2\/posts\/26587\/revisions\/26595"}],"wp:featuredmedia":[{"embeddable":true,"href":"https:\/\/blog.ccc.eu\/pl\/wp-json\/wp\/v2\/media\/26588"}],"wp:attachment":[{"href":"https:\/\/blog.ccc.eu\/pl\/wp-json\/wp\/v2\/media?parent=26587"}],"wp:term":[{"taxonomy":"category","embeddable":true,"href":"https:\/\/blog.ccc.eu\/pl\/wp-json\/wp\/v2\/categories?post=26587"},{"taxonomy":"post_tag","embeddable":true,"href":"https:\/\/blog.ccc.eu\/pl\/wp-json\/wp\/v2\/tags?post=26587"}],"curies":[{"name":"wp","href":"https:\/\/api.w.org\/{rel}","templated":true}]}}