{"id":26700,"date":"2024-10-09T14:12:46","date_gmt":"2024-10-09T12:12:46","guid":{"rendered":"https:\/\/blog.ccc.eu\/pl\/?p=26700"},"modified":"2024-10-10T15:55:38","modified_gmt":"2024-10-10T13:55:38","slug":"trencz-stylizacje-na-nowy-sezon","status":"publish","type":"post","link":"https:\/\/blog.ccc.eu\/pl\/trencz-stylizacje-na-nowy-sezon\/","title":{"rendered":"Trencz \u2013 stylizacje na nowy sezon! Jakie buty do nich pasuj\u0105?"},"content":{"rendered":"\n<p><strong>To ju\u017c nie pierwszy sezon, w kt\u00f3rym wracamy do trencza, odkrywaj\u0105c go na nowo. Gdy par\u0119 sezon\u00f3w temu pojawi\u0142 si\u0119 ponownie w damskiej garderobie projektanci proponowali trencz w nowoczesnej formie. Przeskalowany format, nieoczywisty kr\u00f3j, zachowuj\u0105cy charakterystyczne dla trencza elementy, ale te\u017c i materia\u0142, kt\u00f3ry by\u0142 do\u015b\u0107 nietypowy. Lakierowana sk\u00f3ra, futrzaste detale czy denim. W ko\u0144c\u00f3wce 2024 roku powracamy jednak do bardzo klasycznego trenczu, kt\u00f3ry by\u0142 pierwowzorem do na\u015bladowania. Be\u017cowe i czarne modele w ponadczasowej estetyce zestawimy z modnymi dodatkami. Odkryj na nowo trencz \u2013 stylizacje z nim znajdziesz w artykule!<\/strong><\/p>\n\n\n\n<figure class=\"wp-block-image size-large\"><img loading=\"lazy\" decoding=\"async\" width=\"1024\" height=\"682\" src=\"https:\/\/blog.ccc.eu\/pl\/wp-content\/uploads\/2024\/10\/GettyImages-1207302026-1024x682.jpg\" alt=\"trencz stylizacje\" class=\"wp-image-26701\" srcset=\"https:\/\/blog.ccc.eu\/pl\/wp-content\/uploads\/2024\/10\/GettyImages-1207302026-1024x682.jpg 1024w, https:\/\/blog.ccc.eu\/pl\/wp-content\/uploads\/2024\/10\/GettyImages-1207302026-300x200.jpg 300w, https:\/\/blog.ccc.eu\/pl\/wp-content\/uploads\/2024\/10\/GettyImages-1207302026-768x512.jpg 768w, https:\/\/blog.ccc.eu\/pl\/wp-content\/uploads\/2024\/10\/GettyImages-1207302026-100x67.jpg 100w, https:\/\/blog.ccc.eu\/pl\/wp-content\/uploads\/2024\/10\/GettyImages-1207302026.jpg 1400w\" sizes=\"auto, (max-width: 1024px) 100vw, 1024px\" \/><\/figure>\n\n\n\n<h2 class=\"wp-block-heading\">Trencz \u2013 stylizacje 2024. Z czym zestawimy najmodniejszy p\u0142aszcz na \u015bwiecie?<\/h2>\n\n\n\n<p>Trencz to p\u0142aszcz, kt\u00f3ry powsta\u0142 jeszcze w XIX wieku jako m\u0119skie okrycie wierzchnie, doceniane przede wszystkim za elegancki wygl\u0105d, ale te\u017c i ochron\u0119 przed wiatrem czy deszczem. Na przestrzeni wiek\u00f3w i dekad forma trencza ewoluowa\u0142a, dostosowuj\u0105c si\u0119 do obecnych czas\u00f3w i panuj\u0105cych tendencji.<\/p>\n\n\n\n<p>Trencze zacz\u0119\u0142y by\u0107 produkowane ze zr\u00f3\u017cnicowanych materia\u0142\u00f3w, w ko\u0144cu przekraczaj\u0105c wszelkie granice w XXI wieku i odchodz\u0105c od pierwowzoru. Jednak t\u0119sknota za klasyk\u0105 by\u0142a tak silna, \u017ce <strong>w sezonie jesienno-zimowym 2024\/2025 projektanci postanowili wr\u00f3ci\u0107 do korzeni, oferuj\u0105c trencz w klasyczne wersji.<\/strong> Za jego sukces maj\u0105 odpowiada\u0107 dodatki i detale, kt\u00f3re nadadz\u0105 mu wsp\u00f3\u0142czesny charakter.<\/p>\n\n\n\n<h2 class=\"wp-block-heading\">Be\u017cowy trencz \u2013 stylizacje na co dzie\u0144<\/h2>\n\n\n\n<p>To godny do na\u015bladowania klasyk, kt\u00f3ry nigdy nie wychodzi z mody. Nawet w najni\u017cszym szczycie swojej popularno\u015bci, trencze znajdywa\u0142y swoich odbiorc\u00f3w, kt\u00f3rzy byli wierni ich formie. <strong>Be\u017cowy trencz to p\u0142aszcz, kt\u00f3ry odnajdzie si\u0119 w wielu stylizacjach. Doskona\u0142y jest do noszenia na co dzie\u0144 z dopasowanymi jeansami i ciep\u0142ym oversizowym swetrem<\/strong>, ale te\u017c i w zestawie z bardziej eleganckimi spodniami, koszul\u0105 i sweterkiem w serek.<\/p>\n\n\n\n<p>Be\u017cowy trencz idealnie zaprezentuje si\u0119 te\u017c z detalami. Szal w panterk\u0119 czy czerwony beret doskonale uzupe\u0142ni\u0105 z nim zestawy. Do be\u017cowego trenczu warto za\u0142o\u017cy\u0107 jesieni\u0105 sztyblety, kt\u00f3re podkre\u015bl\u0105 jego szlachetno\u015b\u0107!<\/p>\n\n\n\n<!-- BEGIN - feed broker -->\n<div class=\"feedbroker\" consumer-code-id=\"SjVvucmMS1ZW9XKpD0Ss\"><script src=\"https:\/\/app.feed.broker\/consumer\/feedbroker-consumer-script.umd.js?v=1.0.1\" defer=\"\"><\/script><\/div>\n<!-- END - feed broker -->\n\n\n\n<p><\/p>\n\n\n\n<h2 class=\"wp-block-heading\">Czarny trencz \u2013 stylizacje w klasycznym stylu<\/h2>\n\n\n\n<p>To r\u00f3wnie cz\u0119sto wybierany p\u0142aszcz, kt\u00f3ry sprawdzi si\u0119 nie tylko jesieni\u0105, ale te\u017c i wczesn\u0105 wiosn\u0105. <strong>Trencze w czarnym kolorze bardzo dobrze b\u0119d\u0105 prezentowa\u0142y si\u0119 w eleganckich stylizacjach<\/strong>. Mo\u017cesz dopasowa\u0107 je do ciemnego szarego garnituru w delikatne bia\u0142e paski lub za\u0142o\u017cy\u0107 do dopasowanych rurek i efektownej bluzki we wzory.<\/p>\n\n\n\n<p>Stylizacj\u0119 z czarnym trenczem idealnie uzupe\u0142ni\u0105 zamszowe kozaki, ale te\u017c i te wykonane ze sk\u00f3ry. Wybierz modele przed kolano. Oficerki i muszkieterki sprawdz\u0105 si\u0119 tu najlepiej. W swoich stylizacjach postaw na czarne lub br\u0105zowe buty, kt\u00f3re pi\u0119knie po\u0142\u0105cz\u0105 si\u0119 z klasyczn\u0105 form\u0105 p\u0142aszcza.<\/p>\n\n\n\n<!-- BEGIN - feed broker -->\n<div class=\"feedbroker\" consumer-code-id=\"g6d8seVBsFFHOmQw5eTT\"><script src=\"https:\/\/app.feed.broker\/consumer\/feedbroker-consumer-script.umd.js?v=1.0.1\" defer=\"\"><\/script><\/div>\n<!-- END - feed broker -->\n\n\n\n<p><\/p>\n\n\n\n<h2 class=\"wp-block-heading\">Trencz \u2013 stylizacje sportowe<\/h2>\n\n\n\n<p>Czy trencz mo\u017cna nosi\u0107 na sportowo? Zdecydowanie tak! To wielofunkcyjny p\u0142aszcz, kt\u00f3ry idealnie odnajdzie si\u0119 nawet w sportowej estetyce. Do takiej stylizacji wybierz klasyczny d\u0142u\u017cszy model. <strong>Mo\u017cesz za\u0142o\u017cy\u0107 go do dresowego kompletu w po\u0142\u0105czeniu ze sportowym obuwiem. \u015awietnie sprawdz\u0105 si\u0119 bia\u0142e sneakersy na platformie.<\/strong><\/p>\n\n\n\n<p>Ale mo\u017cesz te\u017c za\u0142o\u017cy\u0107 joggersy i bluz\u0119 z kapturem, kt\u00f3ry b\u0119dzie wystawa\u0142 poza p\u0142aszczem. Do takiego po\u0142\u0105czenia wybierz klasyczne trampki, sneakersy, a w ch\u0142odny dzie\u0144 trzewiki w sportowym stylu.<\/p>\n\n\n\n<!-- BEGIN - feed broker -->\n<div class=\"feedbroker\" consumer-code-id=\"Txl1nVirMSvKALbIU2Ml\"><script src=\"https:\/\/app.feed.broker\/consumer\/feedbroker-consumer-script.umd.js?v=1.0.1\" defer=\"\"><\/script><\/div>\n<!-- END - feed broker -->\n\n\n\n<p><\/p>\n\n\n\n<h2 class=\"wp-block-heading\">Stylizacje z trenczem w eleganckim stylu<\/h2>\n\n\n\n<p>Trencz jest te\u017c kr\u00f3lem eleganckich stylizacji, dla kt\u00f3rych b\u0119dzie doskona\u0142\u0105 ozdob\u0105. \u015awietnie uzupe\u0142ni proste zestawy z dopasowan\u0105 szar\u0105, czarn\u0105 lub bordow\u0105 sukienk\u0105 midi i botkami na wysokiej szpilce.<\/p>\n\n\n\n<p><strong>Trencz dopasuje si\u0119 te\u017c do ma\u0142ej czarnej i per\u0142owego naszyjnika, z kt\u00f3rymi stworzy ponadczasowy minimalistyczny komplet<\/strong>. Aby stworzy\u0107 eleganck\u0105 stylizacj\u0119 z trenczem warto postawi\u0107 na minimalistyczne formy i klasyczne elementy garderoby. Czarne botki na obcasie zawsze dopasuj\u0105 si\u0119 do tego klimatu.<\/p>\n\n\n\n<figure class=\"wp-block-gallery has-nested-images columns-default is-cropped wp-block-gallery-1 is-layout-flex wp-block-gallery-is-layout-flex\">\n<figure class=\"wp-block-image size-full\"><img loading=\"lazy\" decoding=\"async\" width=\"622\" height=\"933\" data-id=\"26702\" src=\"https:\/\/blog.ccc.eu\/pl\/wp-content\/uploads\/2024\/10\/GettyImages-861398180.jpg\" alt=\"be\u017cowy trencz stylizacja z czarn\u0105 torebk\u0105\" class=\"wp-image-26702\" srcset=\"https:\/\/blog.ccc.eu\/pl\/wp-content\/uploads\/2024\/10\/GettyImages-861398180.jpg 622w, https:\/\/blog.ccc.eu\/pl\/wp-content\/uploads\/2024\/10\/GettyImages-861398180-200x300.jpg 200w, https:\/\/blog.ccc.eu\/pl\/wp-content\/uploads\/2024\/10\/GettyImages-861398180-100x150.jpg 100w\" sizes=\"auto, (max-width: 622px) 100vw, 622px\" \/><\/figure>\n\n\n\n<figure class=\"wp-block-image size-full\"><img loading=\"lazy\" decoding=\"async\" width=\"642\" height=\"933\" data-id=\"26703\" src=\"https:\/\/blog.ccc.eu\/pl\/wp-content\/uploads\/2024\/10\/GettyImages-860524410.jpg\" alt=\"elegancka stylizacja z trenczem\" class=\"wp-image-26703\" srcset=\"https:\/\/blog.ccc.eu\/pl\/wp-content\/uploads\/2024\/10\/GettyImages-860524410.jpg 642w, https:\/\/blog.ccc.eu\/pl\/wp-content\/uploads\/2024\/10\/GettyImages-860524410-206x300.jpg 206w, https:\/\/blog.ccc.eu\/pl\/wp-content\/uploads\/2024\/10\/GettyImages-860524410-100x145.jpg 100w\" sizes=\"auto, (max-width: 642px) 100vw, 642px\" \/><\/figure>\n<\/figure>\n\n\n\n<!-- BEGIN - feed broker -->\n<div class=\"feedbroker\" consumer-code-id=\"xphYMqawnLuPranmBpBA\"><script src=\"https:\/\/app.feed.broker\/consumer\/feedbroker-consumer-script.umd.js?v=1.0.1\" defer=\"\"><\/script><\/div>\n<!-- END - feed broker -->\n\n\n\n<p><\/p>\n\n\n\n<h2 class=\"wp-block-heading\">Kr\u00f3tki trencz \u2013 stylizacje na nowy sezon<\/h2>\n\n\n\n<p>W\u015br\u00f3d klasycznych trenczy, to w\u0142a\u015bnie ten o d\u0142u\u017cszym fasonie gra w \u015bwiecie mody pierwsze skrzypce. Ale projektanci postanowili zaproponowa\u0107 te\u017c wersje z kr\u00f3tkim trenczem, kt\u00f3ry zachowuje wszelkie elementy d\u0142ugiego, ko\u0144cz\u0105c si\u0119 na linii bioder. Jak stylizowa\u0107 taki trencz? <strong>B\u0119dzie \u015bwietnym dodatkiem do eleganckich szerokich spodni, ale te\u017c i do obecnie modnych szerokich spodni w sportowym stylu.<\/strong><\/p>\n\n\n\n<p>Wysoki stan sprawdzi si\u0119 tu doskonale. Dopasuje si\u0119 te\u017c do rozkloszowanych sp\u00f3dnic midi i subtelnych kaszmirowych sweterk\u00f3w. Takie zestawy doskonale uzupe\u0142ni\u0105 klasyczne czarne szpilki lub cz\u00f3\u0142enka na wysokim s\u0142upkowym obcasie.<\/p>\n\n\n\n<!-- BEGIN - feed broker -->\n<div class=\"feedbroker\" consumer-code-id=\"1XG91DoMLUhmLBvT77Q0\"><script src=\"https:\/\/app.feed.broker\/consumer\/feedbroker-consumer-script.umd.js?v=1.0.1\" defer=\"\"><\/script><\/div>\n<!-- END - feed broker -->\n\n\n\n<p><\/p>\n\n\n\n<h2 class=\"wp-block-heading\">Jakie buty do trencza? Znajdziesz je w CCC!<\/h2>\n\n\n\n<p>Jak trencz, to klasyka. Dlatego wszelkie modele but\u00f3w utrzymane w ponadczasowym stylu, o prostych krojach, b\u0119d\u0105 \u015bwietnym uzupe\u0142nieniem stylizacji z trenczem. <strong>P\u0142askie sztyblety, botki na obcasie czy szpilki stworz\u0105 z nim duet idealny.<\/strong> Ale warto te\u017c pami\u0119ta\u0107 o trendowej ods\u0142onie trencza.<\/p>\n\n\n\n<p>Mokasyny na grubej podeszwie, ale te\u017c i te na s\u0142upkowym obcasie, nowoczesne modele mary jane czy cz\u00f3\u0142enka slingback, r\u00f3wnie\u017c odnajd\u0105 si\u0119 w zestawie z trenczem. Pe\u0142ne klasyki buty znajdziesz w kolekcjach marek: Lasocki, Gino Rossi, Badura, Sergio Bardi. Z kolei trendow\u0105 esencj\u0119 szukaj u Jenny Fairy, DeeZee czy Nine West New York. Wszystkie buty dost\u0119pne s\u0105 w naszych salonach CCC, na ccc.eu i w aplikacji.<\/p>\n","protected":false},"excerpt":{"rendered":"<p>To ju\u017c nie pierwszy sezon, w kt\u00f3rym wracamy do trencza, odkrywaj\u0105c go na nowo. Gdy par\u0119 sezon\u00f3w temu pojawi\u0142 si\u0119 ponownie w damskiej garderobie projektanci proponowali trencz w nowoczesnej formie. Przeskalowany format, nieoczywisty kr\u00f3j, zachowuj\u0105cy charakterystyczne dla trencza elementy, ale te\u017c i materia\u0142, kt\u00f3ry by\u0142 do\u015b\u0107 nietypowy. Lakierowana sk\u00f3ra, futrzaste detale czy denim. W ko\u0144c\u00f3wce [&hellip;]<\/p>\n","protected":false},"author":17,"featured_media":26701,"comment_status":"open","ping_status":"closed","sticky":false,"template":"","format":"standard","meta":{"_acf_changed":false,"footnotes":""},"categories":[1042,4],"tags":[],"class_list":["post-26700","post","type-post","status-publish","format-standard","has-post-thumbnail","hentry","category-jesienne-trendy","category-porady"],"acf":[],"_links":{"self":[{"href":"https:\/\/blog.ccc.eu\/pl\/wp-json\/wp\/v2\/posts\/26700","targetHints":{"allow":["GET"]}}],"collection":[{"href":"https:\/\/blog.ccc.eu\/pl\/wp-json\/wp\/v2\/posts"}],"about":[{"href":"https:\/\/blog.ccc.eu\/pl\/wp-json\/wp\/v2\/types\/post"}],"author":[{"embeddable":true,"href":"https:\/\/blog.ccc.eu\/pl\/wp-json\/wp\/v2\/users\/17"}],"replies":[{"embeddable":true,"href":"https:\/\/blog.ccc.eu\/pl\/wp-json\/wp\/v2\/comments?post=26700"}],"version-history":[{"count":1,"href":"https:\/\/blog.ccc.eu\/pl\/wp-json\/wp\/v2\/posts\/26700\/revisions"}],"predecessor-version":[{"id":26704,"href":"https:\/\/blog.ccc.eu\/pl\/wp-json\/wp\/v2\/posts\/26700\/revisions\/26704"}],"wp:featuredmedia":[{"embeddable":true,"href":"https:\/\/blog.ccc.eu\/pl\/wp-json\/wp\/v2\/media\/26701"}],"wp:attachment":[{"href":"https:\/\/blog.ccc.eu\/pl\/wp-json\/wp\/v2\/media?parent=26700"}],"wp:term":[{"taxonomy":"category","embeddable":true,"href":"https:\/\/blog.ccc.eu\/pl\/wp-json\/wp\/v2\/categories?post=26700"},{"taxonomy":"post_tag","embeddable":true,"href":"https:\/\/blog.ccc.eu\/pl\/wp-json\/wp\/v2\/tags?post=26700"}],"curies":[{"name":"wp","href":"https:\/\/api.w.org\/{rel}","templated":true}]}}