{"id":27505,"date":"2025-02-18T10:30:57","date_gmt":"2025-02-18T09:30:57","guid":{"rendered":"https:\/\/blog.ccc.eu\/pl\/?p=27505"},"modified":"2025-02-26T10:27:42","modified_gmt":"2025-02-26T09:27:42","slug":"wybor-redaktorki-modowej-buty-na-wiosne","status":"publish","type":"post","link":"https:\/\/blog.ccc.eu\/pl\/wybor-redaktorki-modowej-buty-na-wiosne\/","title":{"rendered":"Wyb\u00f3r redaktorki modowej CCC \u2013 TOP 5 modeli but\u00f3w na wiosn\u0119!"},"content":{"rendered":"\n<p><strong>Uwielbiam, gdy w CCC pojawiaj\u0105 si\u0119 nowe kolekcje, w kt\u00f3rych mog\u0119 znale\u017a\u0107 najwi\u0119ksze trendy, kt\u00f3re b\u0119d\u0105 hitem sezonowych stylizacji. Nasze marki przygotowa\u0142y wyj\u0105tkow\u0105 modow\u0105 esencj\u0119, od\u015bwie\u017caj\u0105c ponadczasow\u0105 klasyk\u0119, ale te\u017c i prezentuj\u0105c absolutne hity, kt\u00f3rymi \u017cyje \u015bwiat mody. Z nowej oferty CCC wybra\u0142am buty, na kt\u00f3re warto zwr\u00f3ci\u0107 uwag\u0119, bo to w\u0142a\u015bnie one maj\u0105 szans\u0119 wnie\u015b\u0107 mn\u00f3stwo \u015bwie\u017co\u015bci do sezonowych stylizacji. W\u015br\u00f3d wielkich bestseller\u00f3w wci\u0105\u017c popularny b\u0119dzie motyw zwierz\u0119cy, ale te\u017c i model but\u00f3w slingback, kt\u00f3ry w tym roku zyska jeszcze bardziej na popularno\u015bci \u2013 o ile w og\u00f3le to mo\u017cliwe! Zobacz moje top 5 modeli but\u00f3w z CCC na wiosn\u0119!<\/strong><\/p>\n\n\n\n<figure class=\"wp-block-gallery has-nested-images columns-default is-cropped wp-block-gallery-1 is-layout-flex wp-block-gallery-is-layout-flex\">\n<figure class=\"wp-block-image size-full\"><img loading=\"lazy\" decoding=\"async\" width=\"876\" height=\"1314\" data-id=\"27546\" src=\"https:\/\/blog.ccc.eu\/pl\/wp-content\/uploads\/2025\/02\/CCC_5905588766896_01.jpg\" alt=\"najmodniejsze buty na wiosn\u0119 2025\" class=\"wp-image-27546\" srcset=\"https:\/\/blog.ccc.eu\/pl\/wp-content\/uploads\/2025\/02\/CCC_5905588766896_01.jpg 876w, https:\/\/blog.ccc.eu\/pl\/wp-content\/uploads\/2025\/02\/CCC_5905588766896_01-200x300.jpg 200w, https:\/\/blog.ccc.eu\/pl\/wp-content\/uploads\/2025\/02\/CCC_5905588766896_01-683x1024.jpg 683w, https:\/\/blog.ccc.eu\/pl\/wp-content\/uploads\/2025\/02\/CCC_5905588766896_01-768x1152.jpg 768w, https:\/\/blog.ccc.eu\/pl\/wp-content\/uploads\/2025\/02\/CCC_5905588766896_01-100x150.jpg 100w\" sizes=\"auto, (max-width: 876px) 100vw, 876px\" \/><\/figure>\n\n\n\n<figure class=\"wp-block-image size-full\"><img loading=\"lazy\" decoding=\"async\" width=\"512\" height=\"768\" data-id=\"27517\" src=\"https:\/\/blog.ccc.eu\/pl\/wp-content\/uploads\/2025\/02\/CCC_5906751068410_02M.jpg\" alt=\"najmodniejsze cz\u00f3\u0142enka na wiosn\u0119 2025\" class=\"wp-image-27517\" srcset=\"https:\/\/blog.ccc.eu\/pl\/wp-content\/uploads\/2025\/02\/CCC_5906751068410_02M.jpg 512w, https:\/\/blog.ccc.eu\/pl\/wp-content\/uploads\/2025\/02\/CCC_5906751068410_02M-200x300.jpg 200w, https:\/\/blog.ccc.eu\/pl\/wp-content\/uploads\/2025\/02\/CCC_5906751068410_02M-100x150.jpg 100w\" sizes=\"auto, (max-width: 512px) 100vw, 512px\" \/><\/figure>\n<\/figure>\n\n\n\n<h2 class=\"wp-block-heading\">#1 Lakierowane botki w panterk\u0119 EVA MINGE<\/h2>\n\n\n\n<p>Modne c\u0119tki s\u0105 wci\u0105\u017c w czo\u0142\u00f3wce wzornictwa, i nic nie wskazuje na to, \u017ce mia\u0142oby si\u0119 to w najbli\u017cszym czasie zmieni\u0107. I cho\u0107 w zapowiedziach projektant\u00f3w opr\u00f3cz panterki pojawi\u0142a si\u0119 te\u017c sk\u00f3ra w\u0119\u017ca, to mimo wszystko panterka, kt\u00f3ra od jakiego\u015b czasu jest ogromnym hitem, wci\u0105\u017c b\u0119dzie wysoko na prowadzeniu.<\/p>\n\n\n\n<p>Szukaj\u0105c typowo wiosennych but\u00f3w, kt\u00f3re ju\u017c teraz b\u0119d\u0119 mog\u0142a nosi\u0107 <strong>znalaz\u0142am bardzo efektowne sk\u00f3rzane lakierowane botki w panterk\u0119 EVA MINGE. Buty maj\u0105 bardzo klasyczny fason i smuk\u0142y wysoki obcas.<\/strong> Najwi\u0119ksze wra\u017cenie robi efektowna cholewka, obok kt\u00f3rej nie przejdziesz oboj\u0119tnie! Do minimalistycznych be\u017cowych i czarnych zestaw\u00f3w idealne!<\/p>\n\n\n\n<figure class=\"wp-block-gallery has-nested-images columns-default is-cropped wp-block-gallery-2 is-layout-flex wp-block-gallery-is-layout-flex\">\n<figure class=\"wp-block-image size-large\"><img loading=\"lazy\" decoding=\"async\" width=\"683\" height=\"1024\" data-id=\"27506\" src=\"https:\/\/blog.ccc.eu\/pl\/wp-content\/uploads\/2025\/02\/CCC_5905588987727_04-683x1024.jpg\" alt=\"lakierowane botki w panterk\u0119 na szpilce\" class=\"wp-image-27506\" srcset=\"https:\/\/blog.ccc.eu\/pl\/wp-content\/uploads\/2025\/02\/CCC_5905588987727_04-683x1024.jpg 683w, https:\/\/blog.ccc.eu\/pl\/wp-content\/uploads\/2025\/02\/CCC_5905588987727_04-200x300.jpg 200w, https:\/\/blog.ccc.eu\/pl\/wp-content\/uploads\/2025\/02\/CCC_5905588987727_04-768x1152.jpg 768w, https:\/\/blog.ccc.eu\/pl\/wp-content\/uploads\/2025\/02\/CCC_5905588987727_04-100x150.jpg 100w, https:\/\/blog.ccc.eu\/pl\/wp-content\/uploads\/2025\/02\/CCC_5905588987727_04.jpg 876w\" sizes=\"auto, (max-width: 683px) 100vw, 683px\" \/><\/figure>\n\n\n\n<figure class=\"wp-block-image size-large\"><img loading=\"lazy\" decoding=\"async\" width=\"683\" height=\"1024\" data-id=\"27507\" src=\"https:\/\/blog.ccc.eu\/pl\/wp-content\/uploads\/2025\/02\/CCC_5905588987727_02-683x1024.jpg\" alt=\"botki na szpilce eva minge\" class=\"wp-image-27507\" srcset=\"https:\/\/blog.ccc.eu\/pl\/wp-content\/uploads\/2025\/02\/CCC_5905588987727_02-683x1024.jpg 683w, https:\/\/blog.ccc.eu\/pl\/wp-content\/uploads\/2025\/02\/CCC_5905588987727_02-200x300.jpg 200w, https:\/\/blog.ccc.eu\/pl\/wp-content\/uploads\/2025\/02\/CCC_5905588987727_02-768x1152.jpg 768w, https:\/\/blog.ccc.eu\/pl\/wp-content\/uploads\/2025\/02\/CCC_5905588987727_02-100x150.jpg 100w, https:\/\/blog.ccc.eu\/pl\/wp-content\/uploads\/2025\/02\/CCC_5905588987727_02.jpg 876w\" sizes=\"auto, (max-width: 683px) 100vw, 683px\" \/><\/figure>\n<\/figure>\n\n\n\n<div class=\"wp-block-buttons is-content-justification-center is-layout-flex wp-container-core-buttons-is-layout-16018d1d wp-block-buttons-is-layout-flex\">\n<div class=\"wp-block-button\"><a class=\"wp-block-button__link wp-element-button\" href=\"https:\/\/ccc.eu\/pl\/damskie\/buty\/botki\/botki-eva-minge-lina-9598-209-brazowy\" target=\"_blank\" rel=\"noreferrer noopener\">Zam\u00f3w botki EVA MIINGE w CCC<\/a><\/div>\n<\/div>\n\n\n\n<p><\/p>\n\n\n\n<h2 class=\"wp-block-heading\">#2 Satynowe baleriny DeeZee<\/h2>\n\n\n\n<p>Satynowy trend zdecydowanie jest reprezentantem tej dekady. Opr\u00f3cz sukienek i sp\u00f3dnic, kt\u00f3re przypominaj\u0105 bielizn\u0119 wreszcie przysz\u0142a pora na satynowe buty! Pierwsze modele widzia\u0142am w kolekcjach Prady i Miu Miu, w pi\u0119knej pastelowej ods\u0142onie. W \u015blad za nimi posz\u0142y inne marki, kt\u00f3re r\u00f3wnie\u017c zaproponowa\u0142y buty z satynowymi cholewkami.<\/p>\n\n\n\n<p>W CCC znalaz\u0142am wyj\u0105tkowy do\u015b\u0107 elegancki model w stylu glamour od DeeZee. <strong>Lekko b\u0142yszcz\u0105ca cholewka, szpiczasty nosek i przede wszystkim detal w postaci mieni\u0105cego si\u0119 kamienia!<\/strong> Warto te\u017c wspomnie\u0107 o subtelnym pastelowym brzoskwiniowym kolorze. Te buty zdecydowanie zast\u0105pi\u0105 mi typowe be\u017cowe baleriny i \u015bwietnie dopasuj\u0105 si\u0119 do jeans\u00f3w czy bardziej eleganckich sukienek.<\/p>\n\n\n\n<figure class=\"wp-block-gallery has-nested-images columns-default is-cropped wp-block-gallery-3 is-layout-flex wp-block-gallery-is-layout-flex\">\n<figure class=\"wp-block-image size-large\"><img loading=\"lazy\" decoding=\"async\" width=\"683\" height=\"1024\" data-id=\"27508\" src=\"https:\/\/blog.ccc.eu\/pl\/wp-content\/uploads\/2025\/02\/CCC_5906751006061_04-683x1024.jpg\" alt=\"satynowe baleriny deezee\" class=\"wp-image-27508\" srcset=\"https:\/\/blog.ccc.eu\/pl\/wp-content\/uploads\/2025\/02\/CCC_5906751006061_04-683x1024.jpg 683w, https:\/\/blog.ccc.eu\/pl\/wp-content\/uploads\/2025\/02\/CCC_5906751006061_04-200x300.jpg 200w, https:\/\/blog.ccc.eu\/pl\/wp-content\/uploads\/2025\/02\/CCC_5906751006061_04-768x1152.jpg 768w, https:\/\/blog.ccc.eu\/pl\/wp-content\/uploads\/2025\/02\/CCC_5906751006061_04-100x150.jpg 100w, https:\/\/blog.ccc.eu\/pl\/wp-content\/uploads\/2025\/02\/CCC_5906751006061_04.jpg 876w\" sizes=\"auto, (max-width: 683px) 100vw, 683px\" \/><\/figure>\n\n\n\n<figure class=\"wp-block-image size-large\"><img loading=\"lazy\" decoding=\"async\" width=\"683\" height=\"1024\" data-id=\"27509\" src=\"https:\/\/blog.ccc.eu\/pl\/wp-content\/uploads\/2025\/02\/CCC_5906751006061_02-683x1024.jpg\" alt=\"r\u00f3\u017cowe baleriny deezee\" class=\"wp-image-27509\" srcset=\"https:\/\/blog.ccc.eu\/pl\/wp-content\/uploads\/2025\/02\/CCC_5906751006061_02-683x1024.jpg 683w, https:\/\/blog.ccc.eu\/pl\/wp-content\/uploads\/2025\/02\/CCC_5906751006061_02-200x300.jpg 200w, https:\/\/blog.ccc.eu\/pl\/wp-content\/uploads\/2025\/02\/CCC_5906751006061_02-768x1152.jpg 768w, https:\/\/blog.ccc.eu\/pl\/wp-content\/uploads\/2025\/02\/CCC_5906751006061_02-100x150.jpg 100w, https:\/\/blog.ccc.eu\/pl\/wp-content\/uploads\/2025\/02\/CCC_5906751006061_02.jpg 876w\" sizes=\"auto, (max-width: 683px) 100vw, 683px\" \/><\/figure>\n<\/figure>\n\n\n\n<div class=\"wp-block-buttons is-content-justification-center is-layout-flex wp-container-core-buttons-is-layout-16018d1d wp-block-buttons-is-layout-flex\">\n<div class=\"wp-block-button\"><a class=\"wp-block-button__link wp-element-button\" href=\"https:\/\/ccc.eu\/pl\/damskie\/buty\/polbuty\/baleriny-deezee-r24ss04000-bezowy-ciemny\" target=\"_blank\" rel=\"noreferrer noopener\">Zam\u00f3w baleriny DeeZee w CCC<\/a><\/div>\n<\/div>\n\n\n\n<p><\/p>\n\n\n\n<h2 class=\"wp-block-heading\">#3 Rockowe cz\u00f3\u0142enka slingback Badura<\/h2>\n\n\n\n<p>Marka Badura w tym sezonie postawi\u0142a na buty z pazurem! Przegl\u0105daj\u0105c ich kolekcje znalaz\u0142am buty, w kt\u00f3rych pojawi\u0142y si\u0119 oczka kaletnicze. Opr\u00f3cz cz\u00f3\u0142enek w ofercie s\u0105 te\u017c baleriny i buty typu slingback. Z nostalgi\u0105 wybra\u0142am ten model, poniewa\u017c buty w tym stylu mam w pami\u0119ci z pocz\u0105tku drugiej dekady XXI wieku.<\/p>\n\n\n\n<p><strong>S\u0105 bardzo efektowne, a wsp\u00f3\u0142cze\u015bnie mo\u017cna stylizowa\u0107 je na wiele sposob\u00f3w. <\/strong>Z jeansami, sk\u00f3rzanymi spodniami, plisowanymi sp\u00f3dnicami czy w og\u00f3le w\u0142\u0105czy\u0107 je do estetyki glamour. Zdecydowanie maj\u0105 w sobie to co\u015b!<\/p>\n\n\n\n<figure class=\"wp-block-gallery has-nested-images columns-default is-cropped wp-block-gallery-4 is-layout-flex wp-block-gallery-is-layout-flex\">\n<figure class=\"wp-block-image size-large\"><img loading=\"lazy\" decoding=\"async\" width=\"683\" height=\"1024\" data-id=\"27510\" src=\"https:\/\/blog.ccc.eu\/pl\/wp-content\/uploads\/2025\/02\/CCC_5903419784866_04-683x1024.jpg\" alt=\"czarne cz\u00f3\u0142enka bez pi\u0119ty badura\" class=\"wp-image-27510\" srcset=\"https:\/\/blog.ccc.eu\/pl\/wp-content\/uploads\/2025\/02\/CCC_5903419784866_04-683x1024.jpg 683w, https:\/\/blog.ccc.eu\/pl\/wp-content\/uploads\/2025\/02\/CCC_5903419784866_04-200x300.jpg 200w, https:\/\/blog.ccc.eu\/pl\/wp-content\/uploads\/2025\/02\/CCC_5903419784866_04-768x1152.jpg 768w, https:\/\/blog.ccc.eu\/pl\/wp-content\/uploads\/2025\/02\/CCC_5903419784866_04-100x150.jpg 100w, https:\/\/blog.ccc.eu\/pl\/wp-content\/uploads\/2025\/02\/CCC_5903419784866_04.jpg 876w\" sizes=\"auto, (max-width: 683px) 100vw, 683px\" \/><\/figure>\n\n\n\n<figure class=\"wp-block-image size-large\"><img loading=\"lazy\" decoding=\"async\" width=\"683\" height=\"1024\" data-id=\"27511\" src=\"https:\/\/blog.ccc.eu\/pl\/wp-content\/uploads\/2025\/02\/CCC_5903419784866_02-683x1024.jpg\" alt=\"cz\u00f3\u0142enka w rockowym stylu slingback\" class=\"wp-image-27511\" srcset=\"https:\/\/blog.ccc.eu\/pl\/wp-content\/uploads\/2025\/02\/CCC_5903419784866_02-683x1024.jpg 683w, https:\/\/blog.ccc.eu\/pl\/wp-content\/uploads\/2025\/02\/CCC_5903419784866_02-200x300.jpg 200w, https:\/\/blog.ccc.eu\/pl\/wp-content\/uploads\/2025\/02\/CCC_5903419784866_02-768x1152.jpg 768w, https:\/\/blog.ccc.eu\/pl\/wp-content\/uploads\/2025\/02\/CCC_5903419784866_02-100x150.jpg 100w, https:\/\/blog.ccc.eu\/pl\/wp-content\/uploads\/2025\/02\/CCC_5903419784866_02.jpg 876w\" sizes=\"auto, (max-width: 683px) 100vw, 683px\" \/><\/figure>\n<\/figure>\n\n\n\n<div class=\"wp-block-buttons is-content-justification-center is-layout-flex wp-container-core-buttons-is-layout-16018d1d wp-block-buttons-is-layout-flex\">\n<div class=\"wp-block-button\"><a class=\"wp-block-button__link wp-element-button\" href=\"https:\/\/ccc.eu\/pl\/damskie\/buty\/obcasy\/czolenka-badura-hyacinth-v1681-411-czarny\" target=\"_blank\" rel=\"noreferrer noopener\">Zam\u00f3w cz\u00f3\u0142enka Badura w CCC<\/a><\/div>\n<\/div>\n\n\n\n<p><\/p>\n\n\n\n<h2 class=\"wp-block-heading\">#4 Wi\u015bniowe cz\u00f3\u0142enka z klamrami Jenny<\/h2>\n\n\n\n<p>Te buty \u0142\u0105cz\u0105 w sobie kilka trend\u00f3w na raz, dlatego tak bardzo skupiaj\u0105 na sobie uwag\u0119. Zdecydowanie na pierwszym planie pojawia si\u0119 wi\u015bniowy kolor, kt\u00f3ry jest absolutnym hitem 2025 roku! W dodatku marka Jenny prezentuje go w lakierowanej ods\u0142onie dodaj\u0105cej mu charakteru. <strong>Na cholewce znajduj\u0105 si\u0119 drobne paski z klamrami, kt\u00f3re nawi\u0105zuj\u0105 swoj\u0105 estetyk\u0105 do minionych dekad.<\/strong><\/p>\n\n\n\n<p>No i oczywi\u015bcie sam model typu slingback, kt\u00f3ry wci\u0105\u017c jest w trendzie zwraca wzrok na siebie. To buty, kt\u00f3re mo\u017cna nosi\u0107 z szerokimi spodniami lub modnymi w tej dekadzie baggy jeans. Zaprezentuj\u0105 si\u0119 te\u017c bardzo dobrze w po\u0142\u0105czeniu z lekkimi zwiewnymi sukienkami, ale te\u017c i z tymi na specjalne okazje. Kto by pomy\u015bla\u0142, \u017ce wi\u015bniowe cz\u00f3\u0142enka mog\u0105 by\u0107 tak uniwersalne!<\/p>\n\n\n\n<figure class=\"wp-block-gallery has-nested-images columns-default is-cropped wp-block-gallery-5 is-layout-flex wp-block-gallery-is-layout-flex\">\n<figure class=\"wp-block-image size-large\"><img loading=\"lazy\" decoding=\"async\" width=\"683\" height=\"1024\" data-id=\"27512\" src=\"https:\/\/blog.ccc.eu\/pl\/wp-content\/uploads\/2025\/02\/CCC_5903698117546_04-683x1024.jpg\" alt=\"wi\u015bniowe cz\u00f3\u0142enka slingback na niskim obcasie\" class=\"wp-image-27512\" srcset=\"https:\/\/blog.ccc.eu\/pl\/wp-content\/uploads\/2025\/02\/CCC_5903698117546_04-683x1024.jpg 683w, https:\/\/blog.ccc.eu\/pl\/wp-content\/uploads\/2025\/02\/CCC_5903698117546_04-200x300.jpg 200w, https:\/\/blog.ccc.eu\/pl\/wp-content\/uploads\/2025\/02\/CCC_5903698117546_04-768x1152.jpg 768w, https:\/\/blog.ccc.eu\/pl\/wp-content\/uploads\/2025\/02\/CCC_5903698117546_04-100x150.jpg 100w, https:\/\/blog.ccc.eu\/pl\/wp-content\/uploads\/2025\/02\/CCC_5903698117546_04.jpg 876w\" sizes=\"auto, (max-width: 683px) 100vw, 683px\" \/><\/figure>\n\n\n\n<figure class=\"wp-block-image size-large\"><img loading=\"lazy\" decoding=\"async\" width=\"683\" height=\"1024\" data-id=\"27513\" src=\"https:\/\/blog.ccc.eu\/pl\/wp-content\/uploads\/2025\/02\/CCC_5903698117546_02-683x1024.jpg\" alt=\"lakierowane cz\u00f3\u0142enka wi\u015bniowe bez pi\u0119ty\" class=\"wp-image-27513\" srcset=\"https:\/\/blog.ccc.eu\/pl\/wp-content\/uploads\/2025\/02\/CCC_5903698117546_02-683x1024.jpg 683w, https:\/\/blog.ccc.eu\/pl\/wp-content\/uploads\/2025\/02\/CCC_5903698117546_02-200x300.jpg 200w, https:\/\/blog.ccc.eu\/pl\/wp-content\/uploads\/2025\/02\/CCC_5903698117546_02-768x1152.jpg 768w, https:\/\/blog.ccc.eu\/pl\/wp-content\/uploads\/2025\/02\/CCC_5903698117546_02-100x150.jpg 100w, https:\/\/blog.ccc.eu\/pl\/wp-content\/uploads\/2025\/02\/CCC_5903698117546_02.jpg 876w\" sizes=\"auto, (max-width: 683px) 100vw, 683px\" \/><\/figure>\n<\/figure>\n\n\n\n<div class=\"wp-block-buttons is-content-justification-center is-layout-flex wp-container-core-buttons-is-layout-16018d1d wp-block-buttons-is-layout-flex\">\n<div class=\"wp-block-button\"><a class=\"wp-block-button__link wp-element-button\" href=\"https:\/\/ccc.eu\/pl\/damskie\/buty\/obcasy\/czolenka-jenny-lh24013-2-czerwony\" target=\"_blank\" rel=\"noreferrer noopener\">Zam\u00f3w cz\u00f3\u0142enka Jenny w CCC<\/a><\/div>\n<\/div>\n\n\n\n<p><\/p>\n\n\n\n<h2 class=\"wp-block-heading\">#5 Pastelowe mokasyny Gino Rossi<\/h2>\n\n\n\n<p>Ten model but\u00f3w wybra\u0142am, szukaj\u0105c czego\u015b \u201espokojnego\u201d do codziennej garderoby. W trendach kolorystycznych ponownie pojawi\u0142y si\u0119 pastele i jasne stonowane barwy. Gdy tylko zobaczy\u0142am te mokasyny, w dodatku wykonane z kr\u00f3luj\u0105cego teraz zamszu, od razu wiedzia\u0142am, \u017ce s\u0105 to doskona\u0142e buty do codziennej garderoby.<\/p>\n\n\n\n<p>Mo\u017cna \u0142\u0105czy\u0107 je z damskim garniturem, spodniami typu chino, pastelow\u0105 lekk\u0105 estetyk\u0105. <strong>Ich minimalistyczny styl b\u0119dzie te\u017c pi\u0119knym t\u0142em dla bardziej wyrazistych form, ale te\u017c i dla fanek cichego luksusu. <\/strong>Dodatkowo ten model but\u00f3w mo\u017cna kupi\u0107 w trzech odcieniach pasteli, dobieraj\u0105c kolor do swoich preferencji. To buty, kt\u00f3re na d\u0142ugo pozostan\u0105 w garderobie.<\/p>\n\n\n\n<figure class=\"wp-block-gallery has-nested-images columns-default is-cropped wp-block-gallery-6 is-layout-flex wp-block-gallery-is-layout-flex\">\n<figure class=\"wp-block-image size-large\"><img loading=\"lazy\" decoding=\"async\" width=\"683\" height=\"1024\" data-id=\"27514\" src=\"https:\/\/blog.ccc.eu\/pl\/wp-content\/uploads\/2025\/02\/CCC_5906751000779_04-683x1024.jpg\" alt=\"be\u017cowe mokasyny sk\u00f3rzane gino rossi\" class=\"wp-image-27514\" srcset=\"https:\/\/blog.ccc.eu\/pl\/wp-content\/uploads\/2025\/02\/CCC_5906751000779_04-683x1024.jpg 683w, https:\/\/blog.ccc.eu\/pl\/wp-content\/uploads\/2025\/02\/CCC_5906751000779_04-200x300.jpg 200w, https:\/\/blog.ccc.eu\/pl\/wp-content\/uploads\/2025\/02\/CCC_5906751000779_04-768x1152.jpg 768w, https:\/\/blog.ccc.eu\/pl\/wp-content\/uploads\/2025\/02\/CCC_5906751000779_04-100x150.jpg 100w, https:\/\/blog.ccc.eu\/pl\/wp-content\/uploads\/2025\/02\/CCC_5906751000779_04.jpg 876w\" sizes=\"auto, (max-width: 683px) 100vw, 683px\" \/><\/figure>\n\n\n\n<figure class=\"wp-block-image size-large\"><img loading=\"lazy\" decoding=\"async\" width=\"683\" height=\"1024\" data-id=\"27515\" src=\"https:\/\/blog.ccc.eu\/pl\/wp-content\/uploads\/2025\/02\/CCC_5906751000779_02-683x1024.jpg\" alt=\"zamszowe mokasyny be\u017cowe \" class=\"wp-image-27515\" srcset=\"https:\/\/blog.ccc.eu\/pl\/wp-content\/uploads\/2025\/02\/CCC_5906751000779_02-683x1024.jpg 683w, https:\/\/blog.ccc.eu\/pl\/wp-content\/uploads\/2025\/02\/CCC_5906751000779_02-200x300.jpg 200w, https:\/\/blog.ccc.eu\/pl\/wp-content\/uploads\/2025\/02\/CCC_5906751000779_02-768x1152.jpg 768w, https:\/\/blog.ccc.eu\/pl\/wp-content\/uploads\/2025\/02\/CCC_5906751000779_02-100x150.jpg 100w, https:\/\/blog.ccc.eu\/pl\/wp-content\/uploads\/2025\/02\/CCC_5906751000779_02.jpg 876w\" sizes=\"auto, (max-width: 683px) 100vw, 683px\" \/><\/figure>\n<\/figure>\n\n\n\n<div class=\"wp-block-buttons is-content-justification-center is-layout-flex wp-container-core-buttons-is-layout-16018d1d wp-block-buttons-is-layout-flex\">\n<div class=\"wp-block-button\"><a class=\"wp-block-button__link wp-element-button\" href=\"https:\/\/ccc.eu\/pl\/damskie\/buty\/polbuty\/mokasyn-gino-rossi-elia-e25-26281-bezowy\" target=\"_blank\" rel=\"noreferrer noopener\">Zam\u00f3w mokasyny Gino Rossi w CCC<\/a><\/div>\n<\/div>\n\n\n\n<p><\/p>\n\n\n\n<h2 class=\"wp-block-heading\">Najmodniejsze buty znajdziesz w nowych kolekcjach w CCC!<\/h2>\n\n\n\n<p>Zaprezentowane wy\u017cej modele but\u00f3w, to tylko m\u00f3j wyb\u00f3r. W CCC znajdziesz jeszcze wi\u0119cej trend\u00f3w, kt\u00f3re zwracaj\u0105 na siebie uwag\u0119, ale te\u017c i klasycznych modeli \u2013 je\u017celi w\u0142a\u015bnie takich potrzebujesz. Z pewno\u015bci\u0105 dostrze\u017cesz mn\u00f3stwo but\u00f3w z kokardami, kt\u00f3re osobi\u015bcie rekomenduj\u0119 na lato, ale te\u017c i jeszcze wi\u0119cej eleganckich but\u00f3w z satynowymi cholewkami.<\/p>\n\n\n\n<p>Opr\u00f3cz tego fanki sportowego designu znajd\u0105 sneakersy w stylu athleisure, kt\u00f3re \u015bwietnie wpasuj\u0105 si\u0119 w codzienne stylizacje. Koniecznie zobacz nasz\u0105 now\u0105 ofert\u0119! Mamy w niej buty dla Ciebie!<\/p>\n","protected":false},"excerpt":{"rendered":"<p>Uwielbiam, gdy w CCC pojawiaj\u0105 si\u0119 nowe kolekcje, w kt\u00f3rych mog\u0119 znale\u017a\u0107 najwi\u0119ksze trendy, kt\u00f3re b\u0119d\u0105 hitem sezonowych stylizacji. Nasze marki przygotowa\u0142y wyj\u0105tkow\u0105 modow\u0105 esencj\u0119, od\u015bwie\u017caj\u0105c ponadczasow\u0105 klasyk\u0119, ale te\u017c i prezentuj\u0105c absolutne hity, kt\u00f3rymi \u017cyje \u015bwiat mody. Z nowej oferty CCC wybra\u0142am buty, na kt\u00f3re warto zwr\u00f3ci\u0107 uwag\u0119, bo to w\u0142a\u015bnie one maj\u0105 szans\u0119 [&hellip;]<\/p>\n","protected":false},"author":17,"featured_media":27546,"comment_status":"open","ping_status":"closed","sticky":false,"template":"","format":"standard","meta":{"_acf_changed":false,"footnotes":""},"categories":[6,1315],"tags":[],"class_list":["post-27505","post","type-post","status-publish","format-standard","has-post-thumbnail","hentry","category-trendy","category-wiosenne-trendy"],"acf":[],"_links":{"self":[{"href":"https:\/\/blog.ccc.eu\/pl\/wp-json\/wp\/v2\/posts\/27505","targetHints":{"allow":["GET"]}}],"collection":[{"href":"https:\/\/blog.ccc.eu\/pl\/wp-json\/wp\/v2\/posts"}],"about":[{"href":"https:\/\/blog.ccc.eu\/pl\/wp-json\/wp\/v2\/types\/post"}],"author":[{"embeddable":true,"href":"https:\/\/blog.ccc.eu\/pl\/wp-json\/wp\/v2\/users\/17"}],"replies":[{"embeddable":true,"href":"https:\/\/blog.ccc.eu\/pl\/wp-json\/wp\/v2\/comments?post=27505"}],"version-history":[{"count":2,"href":"https:\/\/blog.ccc.eu\/pl\/wp-json\/wp\/v2\/posts\/27505\/revisions"}],"predecessor-version":[{"id":27547,"href":"https:\/\/blog.ccc.eu\/pl\/wp-json\/wp\/v2\/posts\/27505\/revisions\/27547"}],"wp:featuredmedia":[{"embeddable":true,"href":"https:\/\/blog.ccc.eu\/pl\/wp-json\/wp\/v2\/media\/27546"}],"wp:attachment":[{"href":"https:\/\/blog.ccc.eu\/pl\/wp-json\/wp\/v2\/media?parent=27505"}],"wp:term":[{"taxonomy":"category","embeddable":true,"href":"https:\/\/blog.ccc.eu\/pl\/wp-json\/wp\/v2\/categories?post=27505"},{"taxonomy":"post_tag","embeddable":true,"href":"https:\/\/blog.ccc.eu\/pl\/wp-json\/wp\/v2\/tags?post=27505"}],"curies":[{"name":"wp","href":"https:\/\/api.w.org\/{rel}","templated":true}]}}