{"id":27823,"date":"2025-05-29T17:26:10","date_gmt":"2025-05-29T15:26:10","guid":{"rendered":"https:\/\/blog.ccc.eu\/pl\/?p=27823"},"modified":"2025-05-29T17:26:12","modified_gmt":"2025-05-29T15:26:12","slug":"sandaly-wiazane-modne-buty-na-lato","status":"publish","type":"post","link":"https:\/\/blog.ccc.eu\/pl\/sandaly-wiazane-modne-buty-na-lato\/","title":{"rendered":"Sanda\u0142y wi\u0105zane \u2013 najmodniejsze buty na lato"},"content":{"rendered":"\n<p><strong>Sanda\u0142y wi\u0105zane to jeden z najwi\u0119kszych trend\u00f3w tego lata. Kobiety na ca\u0142ym \u015bwiecie pokocha\u0142y je za uniwersalno\u015b\u0107, kobiecy charakter i mo\u017cliwo\u015b\u0107 dopasowania do niemal ka\u017cdej stylizacji. Niezale\u017cnie od tego, czy wybierasz si\u0119 na wakacje, spacer po mie\u015bcie, czy wieczorne wyj\u015bcie \u2013 sanda\u0142y damskie wi\u0105zane b\u0119d\u0105 doskona\u0142ym wyborem. W tym sezonie kr\u00f3luj\u0105 modele wi\u0105zane na kostce, \u0142ydce, a tak\u017ce propozycje na obcasie, koturnie czy platformie. Sprawd\u017a, kt\u00f3re modele s\u0105 najmodniejsze i gdzie je znale\u017a\u0107.<\/strong><\/p>\n\n\n\n<figure class=\"wp-block-gallery has-nested-images columns-default is-cropped wp-block-gallery-1 is-layout-flex wp-block-gallery-is-layout-flex\">\n<figure class=\"wp-block-image size-large\"><img loading=\"lazy\" decoding=\"async\" width=\"683\" height=\"1024\" data-id=\"27828\" src=\"https:\/\/blog.ccc.eu\/pl\/wp-content\/uploads\/2025\/05\/CCC_5906751070383_01_popr-683x1024.jpg\" alt=\"b\u0142\u0119kitne sanda\u0142y na s\u0142upku i platformie wi\u0105zane wok\u00f3\u0142 kostki\" class=\"wp-image-27828\" srcset=\"https:\/\/blog.ccc.eu\/pl\/wp-content\/uploads\/2025\/05\/CCC_5906751070383_01_popr-683x1024.jpg 683w, https:\/\/blog.ccc.eu\/pl\/wp-content\/uploads\/2025\/05\/CCC_5906751070383_01_popr-200x300.jpg 200w, https:\/\/blog.ccc.eu\/pl\/wp-content\/uploads\/2025\/05\/CCC_5906751070383_01_popr-768x1152.jpg 768w, https:\/\/blog.ccc.eu\/pl\/wp-content\/uploads\/2025\/05\/CCC_5906751070383_01_popr-100x150.jpg 100w, https:\/\/blog.ccc.eu\/pl\/wp-content\/uploads\/2025\/05\/CCC_5906751070383_01_popr.jpg 876w\" sizes=\"auto, (max-width: 683px) 100vw, 683px\" \/><\/figure>\n\n\n\n<figure class=\"wp-block-image size-large\"><img loading=\"lazy\" decoding=\"async\" width=\"683\" height=\"1024\" data-id=\"27829\" src=\"https:\/\/blog.ccc.eu\/pl\/wp-content\/uploads\/2025\/05\/CCC_5906751115930_01-683x1024.jpg\" alt=\"niebieskie sanda\u0142y wi\u0105zane \" class=\"wp-image-27829\" srcset=\"https:\/\/blog.ccc.eu\/pl\/wp-content\/uploads\/2025\/05\/CCC_5906751115930_01-683x1024.jpg 683w, https:\/\/blog.ccc.eu\/pl\/wp-content\/uploads\/2025\/05\/CCC_5906751115930_01-200x300.jpg 200w, https:\/\/blog.ccc.eu\/pl\/wp-content\/uploads\/2025\/05\/CCC_5906751115930_01-768x1152.jpg 768w, https:\/\/blog.ccc.eu\/pl\/wp-content\/uploads\/2025\/05\/CCC_5906751115930_01-100x150.jpg 100w, https:\/\/blog.ccc.eu\/pl\/wp-content\/uploads\/2025\/05\/CCC_5906751115930_01.jpg 876w\" sizes=\"auto, (max-width: 683px) 100vw, 683px\" \/><\/figure>\n<\/figure>\n\n\n\n<h2 class=\"wp-block-heading\">Sanda\u0142y wi\u0105zane wracaj\u0105 do mody<\/h2>\n\n\n\n<p>Moda na sanda\u0142y wi\u0105zane nie jest nowo\u015bci\u0105 \u2013 swoje triumfy \u015bwi\u0119ci\u0142a ju\u017c w czasach staro\u017cytnych. Dzi\u015b jednak ten fason wraca w nowoczesnym wydaniu i podbija wybiegi oraz ulice. Projektanci proponuj\u0105 zar\u00f3wno subtelne modele z cienkimi paseczkami, jak i efektowne buty z wi\u0105zaniem si\u0119gaj\u0105cym a\u017c po \u0142ydk\u0119.<\/p>\n\n\n\n<p><strong>To obuwie, kt\u00f3re nie tylko pi\u0119knie prezentuje si\u0119 na nodze, ale tak\u017ce optycznie j\u0105 wyd\u0142u\u017ca i wysmukla.<\/strong> Sanda\u0142y wi\u0105zane na kostce to klasyka, kt\u00f3ra pasuje do sukienek, sp\u00f3dnic i spodni. Natomiast sanda\u0142y wi\u0105zane na \u0142ydce dodaj\u0105 stylizacji nuty boho i s\u0105 idealnym wyborem na festiwale i letnie przygody.<\/p>\n\n\n\n<h2 class=\"wp-block-heading\">Wi\u0105zane sanda\u0142y w CCC\u00a0\u2013 kr\u00f3lestwo pi\u0119knych but\u00f3w<\/h2>\n\n\n\n<p>W sezonie letnim w CCC znajdziesz szeroki wyb\u00f3r sanda\u0142\u00f3w wi\u0105zanych \u2013 zar\u00f3wno klasyczne modele, jak i te bardziej ekstrawaganckie. <strong>W ofercie dost\u0119pne s\u0105 sanda\u0142y na s\u0142upku wi\u0105zane wok\u00f3\u0142 kostki, ale te\u017c modele na p\u0142askiej podeszwie czy modne sanda\u0142y na platformie. <\/strong>Dzi\u0119ki przyst\u0119pnym cenom i r\u00f3\u017cnorodno\u015bci fason\u00f3w ka\u017cda kobieta znajdzie co\u015b dla siebie \u2013 niezale\u017cnie od tego, czy szuka obuwia na co dzie\u0144, czy na specjalne okazje.<\/p>\n\n\n\n<h3 class=\"wp-block-heading\">Sanda\u0142y wi\u0105zane na obcasie \u2013 efektowne buty w Twojej garderobie<\/h3>\n\n\n\n<p>Kobiety kochaj\u0105 obcasy, a <strong>sanda\u0142y wi\u0105zane na obcasie to idealne po\u0142\u0105czenie elegancji i letniego luzu.<\/strong> W tym sezonie szczeg\u00f3lnie modne s\u0105 sanda\u0142y wi\u0105zane na s\u0142upku \u2013 stabilne, wygodne i bardzo stylowe. To idealny wyb\u00f3r do pracy, na randk\u0119 czy wesele. Je\u015bli preferujesz bardziej klasyczne, kobiece rozwi\u0105zania, postaw na wi\u0105zane sanda\u0142y na szpilce.<\/p>\n\n\n\n<p>Ten model pi\u0119knie eksponuje nogi i dodaje ca\u0142ej stylizacji szyku. Nie mo\u017cna te\u017c zapomnie\u0107 o sanda\u0142ach wi\u0105zanych na niskim obcasie \u2013 doskona\u0142ych na co dzie\u0144, dla kobiet ceni\u0105cych komfort i subtelny styl. Wa\u017cne, by wybiera\u0107 modele wi\u0105zane wok\u00f3\u0142 kostki \u2013 to najgor\u0119tszy trend tego sezonu. Zwr\u00f3\u0107 uwag\u0119 na marki Jenny, DeeZee czy Nine West New York.<\/p>\n\n\n\n<!-- BEGIN - feed broker -->\n<div class=\"feedbroker\" consumer-code-id=\"mkW6yUJ6tpfrWl5SdxR8\"><script src=\"https:\/\/app.feed.broker\/consumer\/feedbroker-consumer-script.umd.js?v=1.0.1\" defer=\"\"><\/script><\/div>\n<!-- END - feed broker -->\n\n\n\n<p><\/p>\n\n\n\n<h3 class=\"wp-block-heading\">Sanda\u0142y wi\u0105zane p\u0142askie \u2013 wygodne buty na lato<\/h3>\n\n\n\n<p>Dla mi\u0142o\u015bniczek wygody najlepszym wyborem b\u0119d\u0105 sanda\u0142y wi\u0105zane p\u0142askie. To absolutny must-have na lato, kt\u00f3ry doskonale sprawdzi si\u0119 zar\u00f3wno podczas miejskich spacer\u00f3w, jak i wakacyjnych wyjazd\u00f3w. <strong>Modele z cienkimi paseczkami, wi\u0105zane na kostce lub \u0142ydce, \u015bwietnie komponuj\u0105 si\u0119 z sukienkami maxi, kr\u00f3tkimi szortami czy sp\u00f3dnicami boho.<\/strong><\/p>\n\n\n\n<p>Sanda\u0142y wi\u0105zane na kostce dodaj\u0105 lekko\u015bci, a jednocze\u015bnie zapewniaj\u0105 stabilno\u015b\u0107 podczas chodzenia. Z kolei sanda\u0142y wi\u0105zane na \u0142ydce to uk\u0142on w stron\u0119 trend\u00f3w etno i festiwalowego stylu. S\u0105 wygodne, modne i niezwykle efektowne. W CCC znajdziesz pi\u0119kne modele od DeeZee.<\/p>\n\n\n\n<figure class=\"wp-block-gallery has-nested-images columns-default is-cropped wp-block-gallery-2 is-layout-flex wp-block-gallery-is-layout-flex\">\n<figure class=\"wp-block-image size-large\"><img loading=\"lazy\" decoding=\"async\" width=\"683\" height=\"1024\" data-id=\"27824\" src=\"https:\/\/blog.ccc.eu\/pl\/wp-content\/uploads\/2025\/05\/CCC_2230083246189_05-683x1024.jpg\" alt=\"sanda\u0142y wi\u0105zane p\u0142askie br\u0105zowe\" class=\"wp-image-27824\" srcset=\"https:\/\/blog.ccc.eu\/pl\/wp-content\/uploads\/2025\/05\/CCC_2230083246189_05-683x1024.jpg 683w, https:\/\/blog.ccc.eu\/pl\/wp-content\/uploads\/2025\/05\/CCC_2230083246189_05-200x300.jpg 200w, https:\/\/blog.ccc.eu\/pl\/wp-content\/uploads\/2025\/05\/CCC_2230083246189_05-768x1152.jpg 768w, https:\/\/blog.ccc.eu\/pl\/wp-content\/uploads\/2025\/05\/CCC_2230083246189_05-100x150.jpg 100w, https:\/\/blog.ccc.eu\/pl\/wp-content\/uploads\/2025\/05\/CCC_2230083246189_05.jpg 876w\" sizes=\"auto, (max-width: 683px) 100vw, 683px\" \/><\/figure>\n\n\n\n<figure class=\"wp-block-image size-large\"><img loading=\"lazy\" decoding=\"async\" width=\"683\" height=\"1024\" data-id=\"27825\" src=\"https:\/\/blog.ccc.eu\/pl\/wp-content\/uploads\/2025\/05\/CCC_2230083246189_03-683x1024.jpg\" alt=\"br\u0105zowe sanda\u0142y wi\u0105zane p\u0142askie\" class=\"wp-image-27825\" srcset=\"https:\/\/blog.ccc.eu\/pl\/wp-content\/uploads\/2025\/05\/CCC_2230083246189_03-683x1024.jpg 683w, https:\/\/blog.ccc.eu\/pl\/wp-content\/uploads\/2025\/05\/CCC_2230083246189_03-200x300.jpg 200w, https:\/\/blog.ccc.eu\/pl\/wp-content\/uploads\/2025\/05\/CCC_2230083246189_03-768x1152.jpg 768w, https:\/\/blog.ccc.eu\/pl\/wp-content\/uploads\/2025\/05\/CCC_2230083246189_03-100x150.jpg 100w, https:\/\/blog.ccc.eu\/pl\/wp-content\/uploads\/2025\/05\/CCC_2230083246189_03.jpg 876w\" sizes=\"auto, (max-width: 683px) 100vw, 683px\" \/><\/figure>\n<\/figure>\n\n\n\n<h3 class=\"wp-block-heading\">Sanda\u0142y na koturnie wi\u0105zane \u2013 buty w wakacyjnym stylu<\/h3>\n\n\n\n<p>Je\u015bli szukasz kompromisu mi\u0119dzy wygod\u0105 a elegancj\u0105, sanda\u0142y na koturnie wi\u0105zane b\u0119d\u0105 strza\u0142em w dziesi\u0105tk\u0119. Ten typ obuwia dodaje kilku centymetr\u00f3w wzrostu, jednocze\u015bnie nie obci\u0105\u017caj\u0105c stopy tak, jak klasyczne szpilki.<\/p>\n\n\n\n<p>Modele z wi\u0105zaniem na kostce pi\u0119knie prezentuj\u0105 si\u0119 na nodze i idealnie pasuj\u0105 do letnich stylizacji \u2013 zar\u00f3wno casualowych, jak i bardziej eleganckich. <strong>W CCC znajdziesz wiele propozycji w stylu espadryli, z plecion\u0105 podeszw\u0105, kt\u00f3re doskonale sprawdz\u0105 si\u0119 podczas wakacyjnych wyjazd\u00f3w. Zobacz modele od Jenny!<\/strong><\/p>\n\n\n\n<figure class=\"wp-block-gallery has-nested-images columns-default is-cropped wp-block-gallery-3 is-layout-flex wp-block-gallery-is-layout-flex\">\n<figure class=\"wp-block-image size-large\"><img loading=\"lazy\" decoding=\"async\" width=\"683\" height=\"1024\" data-id=\"27826\" src=\"https:\/\/blog.ccc.eu\/pl\/wp-content\/uploads\/2025\/05\/CCC_5906751033937_04-683x1024.jpg\" alt=\"czarne sanda\u0142y wi\u0105zane na koturnie\" class=\"wp-image-27826\" srcset=\"https:\/\/blog.ccc.eu\/pl\/wp-content\/uploads\/2025\/05\/CCC_5906751033937_04-683x1024.jpg 683w, https:\/\/blog.ccc.eu\/pl\/wp-content\/uploads\/2025\/05\/CCC_5906751033937_04-200x300.jpg 200w, https:\/\/blog.ccc.eu\/pl\/wp-content\/uploads\/2025\/05\/CCC_5906751033937_04-768x1152.jpg 768w, https:\/\/blog.ccc.eu\/pl\/wp-content\/uploads\/2025\/05\/CCC_5906751033937_04-100x150.jpg 100w, https:\/\/blog.ccc.eu\/pl\/wp-content\/uploads\/2025\/05\/CCC_5906751033937_04.jpg 876w\" sizes=\"auto, (max-width: 683px) 100vw, 683px\" \/><\/figure>\n\n\n\n<figure class=\"wp-block-image size-large\"><img loading=\"lazy\" decoding=\"async\" width=\"683\" height=\"1024\" data-id=\"27827\" src=\"https:\/\/blog.ccc.eu\/pl\/wp-content\/uploads\/2025\/05\/CCC_5906751033937_02_M-683x1024.jpg\" alt=\"sanda\u0142y wi\u0105zane na koturnie stylizacja z satynow\u0105 sp\u00f3dnic\u0105 midi\" class=\"wp-image-27827\" srcset=\"https:\/\/blog.ccc.eu\/pl\/wp-content\/uploads\/2025\/05\/CCC_5906751033937_02_M-683x1024.jpg 683w, https:\/\/blog.ccc.eu\/pl\/wp-content\/uploads\/2025\/05\/CCC_5906751033937_02_M-200x300.jpg 200w, https:\/\/blog.ccc.eu\/pl\/wp-content\/uploads\/2025\/05\/CCC_5906751033937_02_M-768x1152.jpg 768w, https:\/\/blog.ccc.eu\/pl\/wp-content\/uploads\/2025\/05\/CCC_5906751033937_02_M-100x150.jpg 100w, https:\/\/blog.ccc.eu\/pl\/wp-content\/uploads\/2025\/05\/CCC_5906751033937_02_M.jpg 876w\" sizes=\"auto, (max-width: 683px) 100vw, 683px\" \/><\/figure>\n<\/figure>\n\n\n\n<h3 class=\"wp-block-heading\">Sanda\u0142y wi\u0105zane na platformie \u2013 wci\u0105\u017c w trendach<\/h3>\n\n\n\n<p>Nie mo\u017cemy zapomnie\u0107 te\u017c o fankach tren\u00f3w, kt\u00f3re kochaj\u0105 sanda\u0142y wi\u0105zane na platformie. To idealne rozwi\u0105zanie dla kobiet, kt\u00f3re chc\u0105 doda\u0107 sobie kilka centymetr\u00f3w, nie rezygnuj\u0105c przy tym z komfortu. Platformy s\u0105 stabilne, wygodne, a jednocze\u015bnie bardzo modne.<\/p>\n\n\n\n<p>Wi\u0105zania dodaj\u0105 im lekko\u015bci i subtelno\u015bci, dzi\u0119ki czemu ca\u0142o\u015b\u0107 prezentuje si\u0119 bardzo stylowo. <strong>Sanda\u0142y damskie wi\u0105zane<\/strong> <strong>na platformie to \u015bwietna propozycja zar\u00f3wno do miejskich stylizacji, jak i na wieczorne wyj\u015bcia.<\/strong> Szczeg\u00f3lnie modne s\u0105 modele z grub\u0105, gumow\u0105 podeszw\u0105, kt\u00f3re nawi\u0105zuj\u0105 do stylu lat 90.<\/p>\n\n\n\n<h2 class=\"wp-block-heading\">Sanda\u0142y damskie wi\u0105zane \u2013 czekaj\u0105 na Ciebie w CCC!<\/h2>\n\n\n\n<p>Sanda\u0142y wi\u0105zane to absolutny hit tego lata. Niezale\u017cnie od tego, czy wybierzesz model na obcasie, p\u0142aski, na koturnie czy platformie \u2013 zyskasz nie tylko modny wygl\u0105d, ale te\u017c komfort i funkcjonalno\u015b\u0107. Si\u0119gaj\u0105c po sanda\u0142y wi\u0105zane na kostce, sanda\u0142y wi\u0105zane na \u0142ydce czy sanda\u0142y na s\u0142upku wi\u0105zane wok\u00f3\u0142 kostki, wpisujesz si\u0119 w najnowsze trendy. Sprawd\u017a ofert\u0119 CCC i wybierz swoje idealne wi\u0105zane sanda\u0142y damskie na lato 2025!<\/p>\n","protected":false},"excerpt":{"rendered":"<p>Sanda\u0142y wi\u0105zane to jeden z najwi\u0119kszych trend\u00f3w tego lata. Kobiety na ca\u0142ym \u015bwiecie pokocha\u0142y je za uniwersalno\u015b\u0107, kobiecy charakter i mo\u017cliwo\u015b\u0107 dopasowania do niemal ka\u017cdej stylizacji. Niezale\u017cnie od tego, czy wybierasz si\u0119 na wakacje, spacer po mie\u015bcie, czy wieczorne wyj\u015bcie \u2013 sanda\u0142y damskie wi\u0105zane b\u0119d\u0105 doskona\u0142ym wyborem. W tym sezonie kr\u00f3luj\u0105 modele wi\u0105zane na kostce, [&hellip;]<\/p>\n","protected":false},"author":17,"featured_media":27828,"comment_status":"open","ping_status":"closed","sticky":false,"template":"","format":"standard","meta":{"_acf_changed":false,"footnotes":""},"categories":[1575,6,1332],"tags":[],"class_list":["post-27823","post","type-post","status-publish","format-standard","has-post-thumbnail","hentry","category-modne-sandaly","category-trendy","category-trendy-na-lato"],"acf":[],"_links":{"self":[{"href":"https:\/\/blog.ccc.eu\/pl\/wp-json\/wp\/v2\/posts\/27823","targetHints":{"allow":["GET"]}}],"collection":[{"href":"https:\/\/blog.ccc.eu\/pl\/wp-json\/wp\/v2\/posts"}],"about":[{"href":"https:\/\/blog.ccc.eu\/pl\/wp-json\/wp\/v2\/types\/post"}],"author":[{"embeddable":true,"href":"https:\/\/blog.ccc.eu\/pl\/wp-json\/wp\/v2\/users\/17"}],"replies":[{"embeddable":true,"href":"https:\/\/blog.ccc.eu\/pl\/wp-json\/wp\/v2\/comments?post=27823"}],"version-history":[{"count":1,"href":"https:\/\/blog.ccc.eu\/pl\/wp-json\/wp\/v2\/posts\/27823\/revisions"}],"predecessor-version":[{"id":27830,"href":"https:\/\/blog.ccc.eu\/pl\/wp-json\/wp\/v2\/posts\/27823\/revisions\/27830"}],"wp:featuredmedia":[{"embeddable":true,"href":"https:\/\/blog.ccc.eu\/pl\/wp-json\/wp\/v2\/media\/27828"}],"wp:attachment":[{"href":"https:\/\/blog.ccc.eu\/pl\/wp-json\/wp\/v2\/media?parent=27823"}],"wp:term":[{"taxonomy":"category","embeddable":true,"href":"https:\/\/blog.ccc.eu\/pl\/wp-json\/wp\/v2\/categories?post=27823"},{"taxonomy":"post_tag","embeddable":true,"href":"https:\/\/blog.ccc.eu\/pl\/wp-json\/wp\/v2\/tags?post=27823"}],"curies":[{"name":"wp","href":"https:\/\/api.w.org\/{rel}","templated":true}]}}