{"id":28256,"date":"2025-09-10T09:36:36","date_gmt":"2025-09-10T07:36:36","guid":{"rendered":"https:\/\/blog.ccc.eu\/pl\/?p=28256"},"modified":"2025-09-10T09:36:37","modified_gmt":"2025-09-10T07:36:37","slug":"wybor-redaktorki-modowej-torebka-na-jesien","status":"publish","type":"post","link":"https:\/\/blog.ccc.eu\/pl\/wybor-redaktorki-modowej-torebka-na-jesien\/","title":{"rendered":"Wyb\u00f3r redaktorki modowej CCC: TOP 5 torebek na jesie\u0144"},"content":{"rendered":"\n<p><strong>W tym sezonie projektanci naprawd\u0119 chc\u0105 nas zaskoczy\u0107 bardzo r\u00f3\u017cnorodnymi modowymi mo\u017cliwo\u015bciami. Jako, \u017ce torebka na jesie\u0144 nale\u017cy do najwa\u017cniejszych (jak nie kluczowych) dodatk\u00f3w, jej wersji powsta\u0142o naprawd\u0119 du\u017co. Ponownie mierzymy si\u0119 z formatem XXL, wracamy do modeli lat 50. XX wieku i wykorzystujemy maksymalnie trendy Y2K. Torebki na jesie\u0144 b\u0119d\u0105 zachwyca\u0142y kolorem, materia\u0142em, jego faktur\u0105 i wzorem. Ponadczasowa klasyka zaprezentuje si\u0119 w nowoczesnej od\u015bwie\u017conej wersji. Podpowiem Ci, kt\u00f3re modele torebek jesiennych wybra\u0107 w tym sezonie!<\/strong><\/p>\n\n\n\n<figure class=\"wp-block-gallery has-nested-images columns-default is-cropped wp-block-gallery-1 is-layout-flex wp-block-gallery-is-layout-flex\">\n<figure class=\"wp-block-image size-full\"><img loading=\"lazy\" decoding=\"async\" width=\"512\" height=\"768\" data-id=\"28260\" src=\"https:\/\/blog.ccc.eu\/pl\/wp-content\/uploads\/2025\/09\/CCC_5906751290477_02M.jpg\" alt=\"\" class=\"wp-image-28260\" srcset=\"https:\/\/blog.ccc.eu\/pl\/wp-content\/uploads\/2025\/09\/CCC_5906751290477_02M.jpg 512w, https:\/\/blog.ccc.eu\/pl\/wp-content\/uploads\/2025\/09\/CCC_5906751290477_02M-200x300.jpg 200w, https:\/\/blog.ccc.eu\/pl\/wp-content\/uploads\/2025\/09\/CCC_5906751290477_02M-100x150.jpg 100w\" sizes=\"auto, (max-width: 512px) 100vw, 512px\" \/><\/figure>\n\n\n\n<figure class=\"wp-block-image size-full\"><img loading=\"lazy\" decoding=\"async\" width=\"512\" height=\"768\" data-id=\"28261\" src=\"https:\/\/blog.ccc.eu\/pl\/wp-content\/uploads\/2025\/09\/CCC_5906751290378_02M.jpg\" alt=\"du\u017ca torebka jesienna\" class=\"wp-image-28261\" srcset=\"https:\/\/blog.ccc.eu\/pl\/wp-content\/uploads\/2025\/09\/CCC_5906751290378_02M.jpg 512w, https:\/\/blog.ccc.eu\/pl\/wp-content\/uploads\/2025\/09\/CCC_5906751290378_02M-200x300.jpg 200w, https:\/\/blog.ccc.eu\/pl\/wp-content\/uploads\/2025\/09\/CCC_5906751290378_02M-100x150.jpg 100w\" sizes=\"auto, (max-width: 512px) 100vw, 512px\" \/><\/figure>\n<\/figure>\n\n\n\n<h2 class=\"wp-block-heading\">#1 Torebki zamszowe lub z imitacji zamszu \u2013 najlepsze co mo\u017cesz kupi\u0107<\/h2>\n\n\n\n<p>Zamszowe torebki wracaj\u0105 do \u0142ask i ponownie podbijaj\u0105 wybiegi oraz ulice najwi\u0119kszych modowych stolic. Ten wyj\u0105tkowy materia\u0142, kojarzony z elegancj\u0105 i lekko\u015bci\u0105 boho, doskonale wpisuje si\u0119 w jesienne stylizacje, dodaj\u0105c im g\u0142\u0119bi i charakteru. Projektanci si\u0119gaj\u0105 po zamsz zar\u00f3wno w klasycznych odcieniach karmelu, be\u017cu i czerni, jak i w bardziej odwa\u017cnych. <strong>Dzi\u0119ki swojej mi\u0119kkiej fakturze i naturalnemu wyko\u0144czeniu, zamszowa torebka potrafi doda\u0107 ka\u017cdej stylizacji nuty nonszalancji<\/strong> i wyrafinowania. To najlepsza inwestycja w tym sezonie!<\/p>\n\n\n\n<figure class=\"wp-block-gallery has-nested-images columns-default is-cropped wp-block-gallery-2 is-layout-flex wp-block-gallery-is-layout-flex\">\n<figure class=\"wp-block-image size-large\"><img loading=\"lazy\" decoding=\"async\" width=\"683\" height=\"1024\" data-id=\"28257\" src=\"https:\/\/blog.ccc.eu\/pl\/wp-content\/uploads\/2025\/09\/CCC_5906751323601_01_M-683x1024.jpg\" alt=\"bordowa torebka na jesie\u0144\" class=\"wp-image-28257\" srcset=\"https:\/\/blog.ccc.eu\/pl\/wp-content\/uploads\/2025\/09\/CCC_5906751323601_01_M-683x1024.jpg 683w, https:\/\/blog.ccc.eu\/pl\/wp-content\/uploads\/2025\/09\/CCC_5906751323601_01_M-200x300.jpg 200w, https:\/\/blog.ccc.eu\/pl\/wp-content\/uploads\/2025\/09\/CCC_5906751323601_01_M-768x1152.jpg 768w, https:\/\/blog.ccc.eu\/pl\/wp-content\/uploads\/2025\/09\/CCC_5906751323601_01_M-100x150.jpg 100w, https:\/\/blog.ccc.eu\/pl\/wp-content\/uploads\/2025\/09\/CCC_5906751323601_01_M.jpg 876w\" sizes=\"auto, (max-width: 683px) 100vw, 683px\" \/><\/figure>\n\n\n\n<figure class=\"wp-block-image size-large\"><img loading=\"lazy\" decoding=\"async\" width=\"683\" height=\"1024\" data-id=\"28258\" src=\"https:\/\/blog.ccc.eu\/pl\/wp-content\/uploads\/2025\/09\/CCC_5906751323601_02-683x1024.jpg\" alt=\"zamszowa torebka jesienna \" class=\"wp-image-28258\" srcset=\"https:\/\/blog.ccc.eu\/pl\/wp-content\/uploads\/2025\/09\/CCC_5906751323601_02-683x1024.jpg 683w, https:\/\/blog.ccc.eu\/pl\/wp-content\/uploads\/2025\/09\/CCC_5906751323601_02-200x300.jpg 200w, https:\/\/blog.ccc.eu\/pl\/wp-content\/uploads\/2025\/09\/CCC_5906751323601_02-768x1152.jpg 768w, https:\/\/blog.ccc.eu\/pl\/wp-content\/uploads\/2025\/09\/CCC_5906751323601_02-100x150.jpg 100w, https:\/\/blog.ccc.eu\/pl\/wp-content\/uploads\/2025\/09\/CCC_5906751323601_02.jpg 876w\" sizes=\"auto, (max-width: 683px) 100vw, 683px\" \/><\/figure>\n<\/figure>\n\n\n\n<h2 class=\"wp-block-heading\">#2 Sztruksowe torebki ponownie wracaj\u0105 do mody<\/h2>\n\n\n\n<p>Sztruks kojarzony g\u0142\u00f3wnie z mod\u0105 lat 70., wraca w wielkim stylu, zyskuj\u0105c nowe \u017cycie dzi\u0119ki torebkom, plecakom czy nerkom. Sztruksowe torebki \u0142\u0105cz\u0105 w sobie retro klimat z nowoczesnym designem. Ich charakterystyczna pr\u0105\u017ckowana faktura dodaje stylizacjom teksturalnej g\u0142\u0119bi i subtelnej oryginalno\u015bci.<\/p>\n\n\n\n<p><strong>Projektanci coraz ch\u0119tniej si\u0119gaj\u0105 po ten materia\u0142, oferuj\u0105c modele w stonowanych barwach ziemi, pastelach, a tak\u017ce w intensywnych, energetycznych kolorach, kt\u00f3re \u015bwietnie komponuj\u0105 si\u0119 z jesienn\u0105 garderob\u0105.<\/strong> Powr\u00f3t mody na sztruks to nie tylko sentymentalna podr\u00f3\u017c do przesz\u0142o\u015bci, ale tak\u017ce dow\u00f3d na to, \u017ce klasyczne tkaniny potrafi\u0105 odnale\u017a\u0107 si\u0119 w nowoczesnym wydaniu i zachwyci\u0107 kolejne pokolenia. W CCC absolutnie urzek\u0142y mnie modele od <a href=\"https:\/\/blog.ccc.eu\/pl\/roxy-co-to-za-marka\/\">ROXY<\/a>!<\/p>\n\n\n\n<!-- BEGIN - feed broker -->\n<div class=\"feedbroker\" consumer-code-id=\"w9vCTAtSIJUpWGR1lWDO\"><script src=\"https:\/\/app.feed.broker\/consumer\/feedbroker-consumer-script.umd.js?v=1.0.1\" defer=\"\"><\/script><\/div>\n<!-- END - feed broker -->\n\n\n\n<p><\/p>\n\n\n\n<h2 class=\"wp-block-heading\">#3 Torebki z pikowanych plecionych materia\u0142\u00f3w<\/h2>\n\n\n\n<p>Torebki z drobnym pikowaniem przypominaj\u0105cym eleganck\u0105 plecionk\u0119 to jeden z najbardziej po\u017c\u0105danych trend\u00f3w ostatnich sezon\u00f3w. Charakterystyczna struktura, przypominaj\u0105ca misternie utkan\u0105 siatk\u0119, nadaje akcesoriom wyj\u0105tkowej lekko\u015bci i subtelnej elegancji. <strong>Tego typu pikowanie dodaje torebkom tr\u00f3jwymiarowo\u015bci i luksusowego wyrazu, a jednocze\u015bnie czyni je niezwykle przyjemnymi w dotyku.<\/strong> Najcz\u0119\u015bciej pojawiaj\u0105 si\u0119 w wersjach mini lub \u015brednich, wykonane z mi\u0119kkiej sk\u00f3ry lub jej imitacji. W CCC znalaz\u0142am takie torebki w ofercie Nine West New York, Mexx czy u Badury.<\/p>\n\n\n\n<!-- BEGIN - feed broker -->\n<div class=\"feedbroker\" consumer-code-id=\"bNq5Uy8089oV1wEEELgp\"><script src=\"https:\/\/app.feed.broker\/consumer\/feedbroker-consumer-script.umd.js?v=1.0.1\" defer=\"\"><\/script><\/div>\n<!-- END - feed broker -->\n\n\n\n<p><\/p>\n\n\n\n<h2 class=\"wp-block-heading\">#4 Torebki z motywem sk\u00f3ry w\u0119\u017ca \u2013 zamiast c\u0119tek<\/h2>\n\n\n\n<p>Wz\u00f3r sk\u00f3ry w\u0119\u017ca to trend, kt\u00f3ry niezmiennie powraca co kilka sezon\u00f3w, dodaj\u0105c stylizacjom drapie\u017cno\u015bci i wyrazisto\u015bci. <strong>W\u0119\u017cowy wz\u00f3r od lat kojarzony jest z luksusem i pewno\u015bci\u0105 siebie.<\/strong> Projektanci coraz ch\u0119tniej si\u0119gaj\u0105 po t\u0142oczone sk\u00f3ry imituj\u0105ce w\u0119\u017cow\u0105 faktur\u0119, oferuj\u0105c zar\u00f3wno klasyczne modele w odcieniach szaro\u015bci, br\u0105zu czy czerni, jak i bardziej odwa\u017cne wersje w kolorach butelkowej zieleni, bordo czy b\u0142\u0119kitu. Torebka w tym stylu potrafi zagra\u0107 g\u0142\u00f3wn\u0105 rol\u0119 w nawet najprostszej stylizacji, nadaj\u0105c jej charakteru. W\u0119\u017cowe torebki zachwycaj\u0105 w CCC w kolekcji DeeZee.<\/p>\n\n\n\n<!-- BEGIN - feed broker -->\n<div class=\"feedbroker\" consumer-code-id=\"AsxwnAV6SX9OpAl0nOFJ\"><script src=\"https:\/\/app.feed.broker\/consumer\/feedbroker-consumer-script.umd.js?v=1.0.1\" defer=\"\"><\/script><\/div>\n<!-- END - feed broker -->\n\n\n\n<p><\/p>\n\n\n\n<h2 class=\"wp-block-heading\">#5 Torebki w kolorze ciemnej czekolady \u2013 klasyka na nowo<\/h2>\n\n\n\n<p>Torebki w kolorze czekoladowego br\u0105zu szturmem podbi\u0142y \u015bwiat mody, staj\u0105c si\u0119 jednym z najbardziej po\u017c\u0105danych dodatk\u00f3w sezonu. Ten g\u0142\u0119boki, szlachetny odcie\u0144 to idealna alternatywa dla klasycznej czerni. R\u00f3wnie uniwersalny, a przy tym cieplejszy i bardziej wysmakowany. <strong>Czekoladowy br\u0105z doskonale komponuje si\u0119 zar\u00f3wno z neutraln\u0105 palet\u0105 barw, jak i z intensywnymi kolorami, dodaj\u0105c stylizacjom elegancji i ponadczasowego charakteru.<\/strong><\/p>\n\n\n\n<p>Projektanci ch\u0119tnie wykorzystuj\u0105 ten kolor w minimalistycznych, sk\u00f3rzanych modelach, ale tak\u017ce w bardziej ozdobnych torebkach z pikowaniem, z\u0142otymi detalami czy oryginalnymi kszta\u0142tami. Czekoladowy br\u0105z kr\u00f3luje w kolekcjach Gino Rossi, Lasocki, Badura a tak\u017ce Jenny.<\/p>\n\n\n\n<!-- BEGIN - feed broker -->\n<div class=\"feedbroker\" consumer-code-id=\"rUF2h77z4yMyKCZim5XE\"><script src=\"https:\/\/app.feed.broker\/consumer\/feedbroker-consumer-script.umd.js?v=1.0.1\" defer=\"\"><\/script><\/div>\n<!-- END - feed broker -->\n\n\n\n<p><\/p>\n\n\n\n<h2 class=\"wp-block-heading\">Twoja wymarzona torebka jesienna czeka w CCC!<\/h2>\n\n\n\n<p>Moda na torebki nieustannie ewoluuje, a ka\u017cdy sezon przynosi nowe interpretacje klasyki i odwa\u017cne propozycje inspirowane trendami z wybieg\u00f3w. Zamszowe modele, nostalgiczne sztruksy, subtelnie pikowane torebki przypominaj\u0105ce plecionk\u0119, egzotyczne wzory sk\u00f3ry w\u0119\u017ca czy elegancki czekoladowy br\u0105z pokazuj\u0105, jak szerokie i zr\u00f3\u017cnicowane jest dzi\u015b podej\u015bcie do stylowych dodatk\u00f3w. Warto wi\u0119c \u015bledzi\u0107 te trendy i wybiera\u0107 takie modele, kt\u00f3re nie tylko wpisuj\u0105 si\u0119 w aktualne tendencje, ale tak\u017ce oddaj\u0105 nasz indywidualny styl. Pi\u0119kne torebki na jesie\u0144 znajdziesz w naszych salonach CCC, na ccc.eu i w aplikacji.<\/p>\n","protected":false},"excerpt":{"rendered":"<p>W tym sezonie projektanci naprawd\u0119 chc\u0105 nas zaskoczy\u0107 bardzo r\u00f3\u017cnorodnymi modowymi mo\u017cliwo\u015bciami. Jako, \u017ce torebka na jesie\u0144 nale\u017cy do najwa\u017cniejszych (jak nie kluczowych) dodatk\u00f3w, jej wersji powsta\u0142o naprawd\u0119 du\u017co. Ponownie mierzymy si\u0119 z formatem XXL, wracamy do modeli lat 50. XX wieku i wykorzystujemy maksymalnie trendy Y2K. Torebki na jesie\u0144 b\u0119d\u0105 zachwyca\u0142y kolorem, materia\u0142em, jego [&hellip;]<\/p>\n","protected":false},"author":17,"featured_media":28260,"comment_status":"open","ping_status":"closed","sticky":false,"template":"","format":"standard","meta":{"_acf_changed":false,"footnotes":""},"categories":[1574,1042,6],"tags":[],"class_list":["post-28256","post","type-post","status-publish","format-standard","has-post-thumbnail","hentry","category-modne-torebki","category-jesienne-trendy","category-trendy"],"acf":[],"_links":{"self":[{"href":"https:\/\/blog.ccc.eu\/pl\/wp-json\/wp\/v2\/posts\/28256","targetHints":{"allow":["GET"]}}],"collection":[{"href":"https:\/\/blog.ccc.eu\/pl\/wp-json\/wp\/v2\/posts"}],"about":[{"href":"https:\/\/blog.ccc.eu\/pl\/wp-json\/wp\/v2\/types\/post"}],"author":[{"embeddable":true,"href":"https:\/\/blog.ccc.eu\/pl\/wp-json\/wp\/v2\/users\/17"}],"replies":[{"embeddable":true,"href":"https:\/\/blog.ccc.eu\/pl\/wp-json\/wp\/v2\/comments?post=28256"}],"version-history":[{"count":1,"href":"https:\/\/blog.ccc.eu\/pl\/wp-json\/wp\/v2\/posts\/28256\/revisions"}],"predecessor-version":[{"id":28262,"href":"https:\/\/blog.ccc.eu\/pl\/wp-json\/wp\/v2\/posts\/28256\/revisions\/28262"}],"wp:featuredmedia":[{"embeddable":true,"href":"https:\/\/blog.ccc.eu\/pl\/wp-json\/wp\/v2\/media\/28260"}],"wp:attachment":[{"href":"https:\/\/blog.ccc.eu\/pl\/wp-json\/wp\/v2\/media?parent=28256"}],"wp:term":[{"taxonomy":"category","embeddable":true,"href":"https:\/\/blog.ccc.eu\/pl\/wp-json\/wp\/v2\/categories?post=28256"},{"taxonomy":"post_tag","embeddable":true,"href":"https:\/\/blog.ccc.eu\/pl\/wp-json\/wp\/v2\/tags?post=28256"}],"curies":[{"name":"wp","href":"https:\/\/api.w.org\/{rel}","templated":true}]}}