{"id":29340,"date":"2026-03-09T11:13:42","date_gmt":"2026-03-09T10:13:42","guid":{"rendered":"https:\/\/blog.ccc.eu\/pl\/?p=29340"},"modified":"2026-03-09T11:23:11","modified_gmt":"2026-03-09T10:23:11","slug":"modne-buty-meskie-wiosna-lato-2026","status":"publish","type":"post","link":"https:\/\/blog.ccc.eu\/pl\/modne-buty-meskie-wiosna-lato-2026\/","title":{"rendered":"Modne buty m\u0119skie wiosna-lato 2026"},"content":{"rendered":"\n<p><strong>Jakie modne buty m\u0119skie wiosna\u2013lato 2026 warto mie\u0107 w swojej garderobie? Nowy sezon przynosi spor\u0105 r\u00f3\u017cnorodno\u015b\u0107 \u2013 od minimalistycznych sneakers\u00f3w, przez lekkie tenis\u00f3wki i espadryle, a\u017c po zamszowe p\u00f3\u0142buty czy sk\u00f3rzane sanda\u0142y. Projektanci stawiaj\u0105 na wygod\u0119, przewiewne materia\u0142y i proste formy, kt\u00f3re \u0142atwo dopasowa\u0107 do codziennych stylizacji. Sprawd\u017a, jakie modele obuwia b\u0119d\u0105 najmodniejsze w sezonie wiosna\u2013lato 2026.<\/strong><\/p>\n\n\n\n<figure class=\"wp-block-gallery has-nested-images columns-default is-cropped wp-block-gallery-1 is-layout-flex wp-block-gallery-is-layout-flex\">\n<figure class=\"wp-block-image size-large\"><img loading=\"lazy\" decoding=\"async\" width=\"824\" height=\"1024\" data-id=\"29357\" src=\"https:\/\/blog.ccc.eu\/pl\/wp-content\/uploads\/2026\/03\/CWBEO-DELAND-02-WE_DONE-2-824x1024.jpg\" alt=\"Modne buty m\u0119skie wiosna-lato 2026\" class=\"wp-image-29357\" srcset=\"https:\/\/blog.ccc.eu\/pl\/wp-content\/uploads\/2026\/03\/CWBEO-DELAND-02-WE_DONE-2-824x1024.jpg 824w, https:\/\/blog.ccc.eu\/pl\/wp-content\/uploads\/2026\/03\/CWBEO-DELAND-02-WE_DONE-2-242x300.jpg 242w, https:\/\/blog.ccc.eu\/pl\/wp-content\/uploads\/2026\/03\/CWBEO-DELAND-02-WE_DONE-2-768x954.jpg 768w, https:\/\/blog.ccc.eu\/pl\/wp-content\/uploads\/2026\/03\/CWBEO-DELAND-02-WE_DONE-2-1237x1536.jpg 1237w, https:\/\/blog.ccc.eu\/pl\/wp-content\/uploads\/2026\/03\/CWBEO-DELAND-02-WE_DONE-2-1649x2048.jpg 1649w, https:\/\/blog.ccc.eu\/pl\/wp-content\/uploads\/2026\/03\/CWBEO-DELAND-02-WE_DONE-2-100x124.jpg 100w, https:\/\/blog.ccc.eu\/pl\/wp-content\/uploads\/2026\/03\/CWBEO-DELAND-02-WE_DONE-2.jpg 2000w\" sizes=\"auto, (max-width: 824px) 100vw, 824px\" \/><\/figure>\n\n\n\n<figure class=\"wp-block-image size-large\"><img loading=\"lazy\" decoding=\"async\" width=\"825\" height=\"1024\" data-id=\"29358\" src=\"https:\/\/blog.ccc.eu\/pl\/wp-content\/uploads\/2026\/03\/CEO-LUSITANO-01__906751725047_DONE-1-825x1024.jpg\" alt=\"sk\u00f3rzane p\u00f3\u0142buty m\u0119skie z CCC\" class=\"wp-image-29358\" srcset=\"https:\/\/blog.ccc.eu\/pl\/wp-content\/uploads\/2026\/03\/CEO-LUSITANO-01__906751725047_DONE-1-825x1024.jpg 825w, https:\/\/blog.ccc.eu\/pl\/wp-content\/uploads\/2026\/03\/CEO-LUSITANO-01__906751725047_DONE-1-242x300.jpg 242w, https:\/\/blog.ccc.eu\/pl\/wp-content\/uploads\/2026\/03\/CEO-LUSITANO-01__906751725047_DONE-1-768x953.jpg 768w, https:\/\/blog.ccc.eu\/pl\/wp-content\/uploads\/2026\/03\/CEO-LUSITANO-01__906751725047_DONE-1-1237x1536.jpg 1237w, https:\/\/blog.ccc.eu\/pl\/wp-content\/uploads\/2026\/03\/CEO-LUSITANO-01__906751725047_DONE-1-1650x2048.jpg 1650w, https:\/\/blog.ccc.eu\/pl\/wp-content\/uploads\/2026\/03\/CEO-LUSITANO-01__906751725047_DONE-1-100x124.jpg 100w, https:\/\/blog.ccc.eu\/pl\/wp-content\/uploads\/2026\/03\/CEO-LUSITANO-01__906751725047_DONE-1.jpg 2000w\" sizes=\"auto, (max-width: 825px) 100vw, 825px\" \/><\/figure>\n<\/figure>\n\n\n\n<p><\/p>\n\n\n\n<h2 class=\"wp-block-heading\">Moda m\u0119ska na wiosn\u0119-lato 2026\u00a0\u2013 wiod\u0105ce trendy  <\/h2>\n\n\n\n<p>Sezon wiosna\u2013lato 2026 przynosi \u015bwie\u017ce podej\u015bcie do m\u0119skiej elegancji. Projektanci odchodz\u0105 od sztywnych garnitur\u00f3w i formalnych zestaw\u00f3w. Zamiast tego proponuj\u0105 l\u017cejsze stylizacje, kt\u00f3re \u0142atwo nosi\u0107 na co dzie\u0144. <strong>Jakie elementy garderoby wpisuj\u0105 si\u0119 w nowy sezon?<\/strong> W kolekcjach <strong>Herm\u00e8s<\/strong> i <strong>Dior<\/strong> pojawiaj\u0105 si\u0119 mi\u0119dzy innymi szorty z kantem, lu\u017ane chinosy oraz lekkie koszule z jedwabiu. To ubrania, kt\u00f3re zachowuj\u0105 elegancki charakter, ale s\u0105 znacznie wygodniejsze.<\/p>\n\n\n\n<p>Kolory w modzie m\u0119skiej na sezon wiosna\u2013lato 2026 s\u0105 \u015bwie\u017ce i wyra\u017ane. <strong>Na wybiegach cz\u0119sto pojawia si\u0119 ziele\u0144<\/strong> \u2013 od g\u0142\u0119bokich odcieni po oliwkowe i zio\u0142owe tony. W kolekcjach nie brakuje te\u017c b\u0142\u0119kit\u00f3w oraz mocniejszych akcent\u00f3w, takich jak kanarkowa \u017c\u00f3\u0142\u0107 czy kobalt. <\/p>\n\n\n<div class=\"wp-block-image\">\n<figure class=\"aligncenter size-large is-resized\"><img loading=\"lazy\" decoding=\"async\" width=\"798\" height=\"1024\" src=\"https:\/\/blog.ccc.eu\/pl\/wp-content\/uploads\/2026\/03\/C-REWIND-RUN-100264640_DONE-798x1024.jpg\" alt=\"Moda m\u0119ska na wiosn\u0119-lato 2026\u00a0\u2013 wiod\u0105ce trendy  \" class=\"wp-image-29248\" style=\"width:704px;height:auto\" srcset=\"https:\/\/blog.ccc.eu\/pl\/wp-content\/uploads\/2026\/03\/C-REWIND-RUN-100264640_DONE-798x1024.jpg 798w, https:\/\/blog.ccc.eu\/pl\/wp-content\/uploads\/2026\/03\/C-REWIND-RUN-100264640_DONE-234x300.jpg 234w, https:\/\/blog.ccc.eu\/pl\/wp-content\/uploads\/2026\/03\/C-REWIND-RUN-100264640_DONE-768x985.jpg 768w, https:\/\/blog.ccc.eu\/pl\/wp-content\/uploads\/2026\/03\/C-REWIND-RUN-100264640_DONE-1197x1536.jpg 1197w, https:\/\/blog.ccc.eu\/pl\/wp-content\/uploads\/2026\/03\/C-REWIND-RUN-100264640_DONE-1596x2048.jpg 1596w, https:\/\/blog.ccc.eu\/pl\/wp-content\/uploads\/2026\/03\/C-REWIND-RUN-100264640_DONE-100x128.jpg 100w, https:\/\/blog.ccc.eu\/pl\/wp-content\/uploads\/2026\/03\/C-REWIND-RUN-100264640_DONE-scaled.jpg 1995w\" sizes=\"auto, (max-width: 798px) 100vw, 798px\" \/><\/figure>\n<\/div>\n\n\n<p>Do mody wracaj\u0105 tak\u017ce wzory. W stylizacjach pojawiaj\u0105 si\u0119 paski, krata oraz wyraziste printy, kt\u00f3re o\u017cywiaj\u0105 letnie zestawy. <strong>Moda m\u0119ska wiosna\u2013lato 2026<\/strong> stawia na wi\u0119ksz\u0105 r\u00f3\u017cnorodno\u015b\u0107 i odwa\u017cniejsze po\u0142\u0105czenia. Nawet prosta stylizacja mo\u017ce zyska\u0107 charakter dzi\u0119ki jednemu mocniejszemu elementowi. Du\u017c\u0105 rol\u0119 odgrywaj\u0105 te\u017c dodatki \u2013 szczeg\u00f3lnie <a href=\"https:\/\/ccc.eu\/pl\/meskie\/buty\" target=\"_blank\" rel=\"noreferrer noopener\">buty<\/a>. To w\u0142a\u015bnie obuwie cz\u0119sto nadaje stylizacji ostateczny charakter i w tym sezonie staje si\u0119 jednym z najwa\u017cniejszych element\u00f3w m\u0119skiej garderoby.<\/p>\n\n\n\n<div class=\"wp-block-buttons is-content-justification-center is-layout-flex wp-container-core-buttons-is-layout-16018d1d wp-block-buttons-is-layout-flex\">\n<div class=\"wp-block-button\"><a class=\"wp-block-button__link wp-element-button\" href=\"https:\/\/ccc.eu\/pl\/nowosci\/wiosna-lato\/mezczyzna\" target=\"_blank\" rel=\"noopener\">Sprawd\u017a now\u0105 kolekcj\u0119 m\u0119sk\u0105 w CCC<\/a><\/div>\n<\/div>\n\n\n\n<p><\/p>\n\n\n\n<h2 class=\"wp-block-heading\">Modne sneakersy m\u0119skie wiosna\u2013lato 2026: minimalistyczne modele<\/h2>\n\n\n\n<p>Minimalistyczne sneakersy to jeden z najwa\u017cniejszych trend\u00f3w, je\u015bli chodzi o <strong>modne <a href=\"https:\/\/ccc.eu\/pl\/meskie\/buty\/kategoria:sneakersy\" target=\"_blank\" rel=\"noreferrer noopener\">sneakersy m\u0119skie<\/a> wiosna\u2013lato 2026<\/strong>. W tym sezonie dominuj\u0105 modele o smuk\u0142ej, lekkiej formie inspirowanej stylem retro. Cienka podeszwa i prosta linia sprawiaj\u0105, \u017ce buty wygl\u0105daj\u0105 bardzo subtelnie i \u015bwietnie pasuj\u0105 do letnich stylizacji. <\/p>\n\n\n<div class=\"wp-block-image\">\n<figure class=\"aligncenter size-large is-resized\"><img loading=\"lazy\" decoding=\"async\" width=\"825\" height=\"1024\" src=\"https:\/\/blog.ccc.eu\/pl\/wp-content\/uploads\/2026\/03\/PUMA-C-CATCH-40267904-Czarny_-5906751541678_DONE-825x1024.jpg\" alt=\"Modne sneakersy m\u0119skie wiosna\u2013lato 2026: minimalistyczne modele\" class=\"wp-image-29266\" style=\"width:698px;height:auto\" srcset=\"https:\/\/blog.ccc.eu\/pl\/wp-content\/uploads\/2026\/03\/PUMA-C-CATCH-40267904-Czarny_-5906751541678_DONE-825x1024.jpg 825w, https:\/\/blog.ccc.eu\/pl\/wp-content\/uploads\/2026\/03\/PUMA-C-CATCH-40267904-Czarny_-5906751541678_DONE-242x300.jpg 242w, https:\/\/blog.ccc.eu\/pl\/wp-content\/uploads\/2026\/03\/PUMA-C-CATCH-40267904-Czarny_-5906751541678_DONE-768x953.jpg 768w, https:\/\/blog.ccc.eu\/pl\/wp-content\/uploads\/2026\/03\/PUMA-C-CATCH-40267904-Czarny_-5906751541678_DONE-1237x1536.jpg 1237w, https:\/\/blog.ccc.eu\/pl\/wp-content\/uploads\/2026\/03\/PUMA-C-CATCH-40267904-Czarny_-5906751541678_DONE-1650x2048.jpg 1650w, https:\/\/blog.ccc.eu\/pl\/wp-content\/uploads\/2026\/03\/PUMA-C-CATCH-40267904-Czarny_-5906751541678_DONE-100x124.jpg 100w, https:\/\/blog.ccc.eu\/pl\/wp-content\/uploads\/2026\/03\/PUMA-C-CATCH-40267904-Czarny_-5906751541678_DONE.jpg 2000w\" sizes=\"auto, (max-width: 825px) 100vw, 825px\" \/><\/figure>\n<\/div>\n\n\n<p><\/p>\n\n\n\n<p>Takie <strong>minimalistyczne sneakersy m\u0119skie<\/strong> \u0142atwo dopasowa\u0107 do wielu element\u00f3w garderoby \u2013 dobrze wygl\u0105daj\u0105 zar\u00f3wno z lnianymi spodniami, jak i lu\u017an\u0105 koszul\u0105 czy klasycznymi jeansami. To buty wygodne, uniwersalne i bardzo na czasie. Je\u015bli szukasz modeli wpisuj\u0105cych si\u0119 w ten trend, sprawd\u017a ofert\u0119 marek <strong>adidas, Puma czy <a href=\"https:\/\/ccc.eu\/pl\/meskie\/marki\/reebok\" target=\"_blank\" rel=\"noreferrer noopener\">Reebok<\/a><\/strong>, kt\u00f3re znajdziesz w sklepie <strong>CCC<\/strong> \u2013 to w\u0142a\u015bnie tam czekaj\u0105 najmodniejsze sneakersy na sezon wiosna\u2013lato 2026.<\/p>\n\n\n\n<!-- BEGIN - feed broker -->\n<div class=\"feedbroker\" consumer-code-id=\"w91AQLOfgNRsseVVdjhT\"><script src=\"https:\/\/app.feed.broker\/consumer\/feedbroker-consumer-script.umd.js?v=1.0.1\" defer=\"\"><\/script><\/div>\n<!-- END - feed broker -->\n\n\n\n<p><\/p>\n\n\n\n<h2 class=\"wp-block-heading\">Modne buty m\u0119skie wiosna\u2013lato 2026: techniczne sneakersy<\/h2>\n\n\n\n<p>Na drugim biegunie minimalistycznych modeli znajduj\u0105 si\u0119 <strong>techniczne sneakersy m\u0119skie<\/strong>, kt\u00f3re r\u00f3wnie\u017c mocno zaznaczaj\u0105 swoj\u0105 obecno\u015b\u0107 w trendach na sezon wiosna\u2013lato 2026. S\u0105 bardziej wyraziste, sportowe i zdecydowanie przyci\u0105gaj\u0105 uwag\u0119. Wyr\u00f3\u017cniaj\u0105 je dynamiczna sylwetka, grubsza podeszwa oraz nowoczesne materia\u0142y inspirowane obuwiem trekkingowym i biegowym.<\/p>\n\n\n\n<p>Te <strong>sportowe sneakersy z zaawansowanymi technologiami<\/strong> powsta\u0142y z my\u015bl\u0105 o wygodzie i funkcjonalno\u015bci. Oddychaj\u0105ce siateczki, amortyzuj\u0105ce podeszwy czy techniczne wzmocnienia sprawiaj\u0105, \u017ce \u015bwietnie sprawdzaj\u0105 si\u0119 w codziennym ruchu po mie\u015bcie. To trend okre\u015blany cz\u0119sto jako <strong>\u201eoutdoor w mie\u015bcie\u201d<\/strong> \u2013 buty inspirowane aktywno\u015bci\u0105 w terenie, kt\u00f3re dzi\u015b nosimy do miejskich stylizacji, jeans\u00f3w czy lu\u017anych spodni cargo.<\/p>\n\n\n<div class=\"wp-block-image\">\n<figure class=\"aligncenter size-large is-resized\"><img loading=\"lazy\" decoding=\"async\" width=\"825\" height=\"1024\" src=\"https:\/\/blog.ccc.eu\/pl\/wp-content\/uploads\/2026\/03\/SHAQ-CEO-SHAQTRONIC-AQ95072M-BVZ_-5906751493717_DONE-825x1024.jpg\" alt=\"Modne buty m\u0119skie wiosna\u2013lato 2026: techniczne sneakersy\n\" class=\"wp-image-29343\" style=\"aspect-ratio:0.805675110150894;width:691px;height:auto\" srcset=\"https:\/\/blog.ccc.eu\/pl\/wp-content\/uploads\/2026\/03\/SHAQ-CEO-SHAQTRONIC-AQ95072M-BVZ_-5906751493717_DONE-825x1024.jpg 825w, https:\/\/blog.ccc.eu\/pl\/wp-content\/uploads\/2026\/03\/SHAQ-CEO-SHAQTRONIC-AQ95072M-BVZ_-5906751493717_DONE-242x300.jpg 242w, https:\/\/blog.ccc.eu\/pl\/wp-content\/uploads\/2026\/03\/SHAQ-CEO-SHAQTRONIC-AQ95072M-BVZ_-5906751493717_DONE-768x953.jpg 768w, https:\/\/blog.ccc.eu\/pl\/wp-content\/uploads\/2026\/03\/SHAQ-CEO-SHAQTRONIC-AQ95072M-BVZ_-5906751493717_DONE-1237x1536.jpg 1237w, https:\/\/blog.ccc.eu\/pl\/wp-content\/uploads\/2026\/03\/SHAQ-CEO-SHAQTRONIC-AQ95072M-BVZ_-5906751493717_DONE-1650x2048.jpg 1650w, https:\/\/blog.ccc.eu\/pl\/wp-content\/uploads\/2026\/03\/SHAQ-CEO-SHAQTRONIC-AQ95072M-BVZ_-5906751493717_DONE-100x124.jpg 100w, https:\/\/blog.ccc.eu\/pl\/wp-content\/uploads\/2026\/03\/SHAQ-CEO-SHAQTRONIC-AQ95072M-BVZ_-5906751493717_DONE.jpg 2000w\" sizes=\"auto, (max-width: 825px) 100vw, 825px\" \/><\/figure>\n<\/div>\n\n\n<p><\/p>\n\n\n\n<h2 class=\"wp-block-heading\">Modne buty m\u0119skie wiosna\u2013lato 2026: espadryle i buty canvas<\/h2>\n\n\n\n<p>W sezonie wiosna\u2013lato 2026 du\u017c\u0105 popularno\u015bci\u0105 ciesz\u0105 si\u0119 lekkie buty z p\u0142\u00f3tna. <strong><a href=\"https:\/\/ccc.eu\/pl\/meskie\/buty\/polbuty\/espadryle\" target=\"_blank\" rel=\"noreferrer noopener\">Espadryle<\/a>, tekstylne slip-ony oraz modele typu canvas idealnie wpisuj\u0105 si\u0119 w wakacyjny klimat. <\/strong>S\u0105 przewiewne, wygodne i \u015bwietnie sprawdzaj\u0105 si\u0119 w ciep\u0142e dni. To jedne z tych modnych but\u00f3w m\u0119skich na wiosn\u0119 i lato 2026, kt\u00f3re \u0142\u0105cz\u0105 komfort z prostym, stylowym wygl\u0105dem.<\/p>\n\n\n\n<p>W nowym sezonie te klasyczne modele zyskuj\u0105 bardziej elegancki charakter. Pojawiaj\u0105 si\u0119 plecione detale, ciekawe faktury i starannie dopracowane wyko\u0144czenia. Espadryle i p\u0142\u00f3cienne buty dobrze <strong>wygl\u0105daj\u0105 w letnich stylizacjach \u2013 na przyk\u0142ad z lekk\u0105 koszul\u0105, lnianymi spodniami lub wakacyjnym garniturem<\/strong>. To idealny wyb\u00f3r dla m\u0119\u017cczyzn, kt\u00f3rzy latem chc\u0105 czu\u0107 si\u0119 swobodnie, a jednocze\u015bnie wygl\u0105da\u0107 stylowo.<\/p>\n\n\n<div class=\"wp-block-image\">\n<figure class=\"aligncenter size-large is-resized\"><img loading=\"lazy\" decoding=\"async\" width=\"683\" height=\"1024\" src=\"https:\/\/blog.ccc.eu\/pl\/wp-content\/uploads\/2026\/03\/CCC_5906751706688_02_M-683x1024.jpg\" alt=\"Modne buty m\u0119skie wiosna\u2013lato 2026: espadryle i buty canvas\n\" class=\"wp-image-29346\" style=\"aspect-ratio:0.6670050417893276;width:675px;height:auto\" srcset=\"https:\/\/blog.ccc.eu\/pl\/wp-content\/uploads\/2026\/03\/CCC_5906751706688_02_M-683x1024.jpg 683w, https:\/\/blog.ccc.eu\/pl\/wp-content\/uploads\/2026\/03\/CCC_5906751706688_02_M-200x300.jpg 200w, https:\/\/blog.ccc.eu\/pl\/wp-content\/uploads\/2026\/03\/CCC_5906751706688_02_M-768x1152.jpg 768w, https:\/\/blog.ccc.eu\/pl\/wp-content\/uploads\/2026\/03\/CCC_5906751706688_02_M-100x150.jpg 100w, https:\/\/blog.ccc.eu\/pl\/wp-content\/uploads\/2026\/03\/CCC_5906751706688_02_M.jpg 876w\" sizes=\"auto, (max-width: 683px) 100vw, 683px\" \/><\/figure>\n<\/div>\n\n\n<p><\/p>\n\n\n\n<h2 class=\"wp-block-heading\">Modne buty m\u0119skie wiosna\u2013lato 2026: zamszowe <\/h2>\n\n\n\n<p>Zamsz by\u0142 jednym z najmocniejszych trend\u00f3w ju\u017c w <strong>2025 roku<\/strong> i wszystko wskazuje na to, \u017ce w sezonie <strong>wiosna\u2013lato 2026<\/strong> wci\u0105\u017c pozostaje na topie. Ten materia\u0142 od lat kojarzy si\u0119 z elegancj\u0105 i wysok\u0105 jako\u015bci\u0105. Zamszowe mokasyny, loafersy czy lekkie p\u00f3\u0142buty \u015bwietnie pasuj\u0105 do letnich stylizacji. Najcz\u0119\u015bciej pojawiaj\u0105 si\u0119 w naturalnych odcieniach \u2013 od jasnego be\u017cu po karmel i g\u0142\u0119boki br\u0105z.<\/p>\n\n\n\n<p>Zamsz wygl\u0105da bardzo efektownie, ale wymaga odpowiedniej piel\u0119gnacji. Warto regularnie czy\u015bci\u0107 buty specjaln\u0105 szczotk\u0105 oraz stosowa\u0107 impregnaty, kt\u00f3re chroni\u0105 materia\u0142 przed wilgoci\u0105 i zabrudzeniami. Dzi\u0119ki temu <strong>zamszowe buty m\u0119skie<\/strong> zachowaj\u0105 sw\u00f3j elegancki wygl\u0105d na d\u0142ugo i b\u0119d\u0105 \u015bwietnie prezentowa\u0107 si\u0119 przez wiele sezon\u00f3w.<\/p>\n\n\n\n<p><strong>To r\u00f3wnie\u017c mo\u017ce Ci\u0119 zainteresowa\u0107 >>><\/strong> <a href=\"https:\/\/blog.ccc.eu\/pl\/jak-wyczyscic-zamszowe-buty-i-ich-nie-zniszczyc\/\">Jak wyczy\u015bci\u0107 zamszowe buty i ich nie zniszczy\u0107?<\/a><\/p>\n\n\n<div class=\"wp-block-image\">\n<figure class=\"aligncenter size-large is-resized\"><img loading=\"lazy\" decoding=\"async\" width=\"825\" height=\"1024\" src=\"https:\/\/blog.ccc.eu\/pl\/wp-content\/uploads\/2026\/03\/CEO-CALIBER-01-MI08_DONE-825x1024.jpg\" alt=\"Modne buty m\u0119skie wiosna\u2013lato 2026: zamszowe \" class=\"wp-image-29344\" style=\"aspect-ratio:0.8056731350667913;width:664px;height:auto\" srcset=\"https:\/\/blog.ccc.eu\/pl\/wp-content\/uploads\/2026\/03\/CEO-CALIBER-01-MI08_DONE-825x1024.jpg 825w, https:\/\/blog.ccc.eu\/pl\/wp-content\/uploads\/2026\/03\/CEO-CALIBER-01-MI08_DONE-242x300.jpg 242w, https:\/\/blog.ccc.eu\/pl\/wp-content\/uploads\/2026\/03\/CEO-CALIBER-01-MI08_DONE-768x953.jpg 768w, https:\/\/blog.ccc.eu\/pl\/wp-content\/uploads\/2026\/03\/CEO-CALIBER-01-MI08_DONE-1237x1536.jpg 1237w, https:\/\/blog.ccc.eu\/pl\/wp-content\/uploads\/2026\/03\/CEO-CALIBER-01-MI08_DONE-1650x2048.jpg 1650w, https:\/\/blog.ccc.eu\/pl\/wp-content\/uploads\/2026\/03\/CEO-CALIBER-01-MI08_DONE-100x124.jpg 100w, https:\/\/blog.ccc.eu\/pl\/wp-content\/uploads\/2026\/03\/CEO-CALIBER-01-MI08_DONE.jpg 2000w\" sizes=\"auto, (max-width: 825px) 100vw, 825px\" \/><\/figure>\n<\/div>\n\n\n<p><\/p>\n\n\n\n<h2 class=\"wp-block-heading\">Modne buty m\u0119skie wiosna\u2013lato 2026: p\u0142\u00f3cienne tenis\u00f3wki<\/h2>\n\n\n\n<p>P\u0142\u00f3cienne tenis\u00f3wki to jedna z najl\u017cejszych propozycji na sezon <strong>wiosna\u2013lato 2026<\/strong>. Stanowi\u0105 dobr\u0105 alternatyw\u0119 dla klasycznych sneakers\u00f3w, szczeg\u00f3lnie w ciep\u0142e, miejskie dni. W trendach dominuj\u0105 modele o niskiej cholewce i cienkiej podeszwie, wykonane z przewiewnego p\u0142\u00f3tna lub lekkiego zamszu. Kolorystyka pozostaje stonowana \u2013 modne s\u0105 zar\u00f3wno \u015bnie\u017cna biel, jasne be\u017ce, jak i g\u0142\u0119bsze odcienie br\u0105zu. Je\u015bli szukasz modeli w tym stylu, warto sprawdzi\u0107 ofert\u0119 marek <strong><a href=\"https:\/\/ccc.eu\/pl\/meskie\/marki\/dc-shoes\" target=\"_blank\" rel=\"noreferrer noopener\">DC<\/a>, Vans czy Converse<\/strong>, kt\u00f3re znajdziesz w sklepie <strong>CCC<\/strong>.<\/p>\n\n\n<div class=\"wp-block-image\">\n<figure class=\"aligncenter size-large is-resized\"><img loading=\"lazy\" decoding=\"async\" width=\"683\" height=\"1024\" src=\"https:\/\/blog.ccc.eu\/pl\/wp-content\/uploads\/2026\/03\/CCC_5906751708859_02_M-1-683x1024.jpg\" alt=\"Modne buty m\u0119skie wiosna\u2013lato 2026: p\u0142\u00f3cienne tenis\u00f3wki\n\" class=\"wp-image-29348\" style=\"aspect-ratio:0.6670058777085709;width:669px;height:auto\" srcset=\"https:\/\/blog.ccc.eu\/pl\/wp-content\/uploads\/2026\/03\/CCC_5906751708859_02_M-1-683x1024.jpg 683w, https:\/\/blog.ccc.eu\/pl\/wp-content\/uploads\/2026\/03\/CCC_5906751708859_02_M-1-200x300.jpg 200w, https:\/\/blog.ccc.eu\/pl\/wp-content\/uploads\/2026\/03\/CCC_5906751708859_02_M-1-768x1152.jpg 768w, https:\/\/blog.ccc.eu\/pl\/wp-content\/uploads\/2026\/03\/CCC_5906751708859_02_M-1-100x150.jpg 100w, https:\/\/blog.ccc.eu\/pl\/wp-content\/uploads\/2026\/03\/CCC_5906751708859_02_M-1.jpg 876w\" sizes=\"auto, (max-width: 683px) 100vw, 683px\" \/><\/figure>\n<\/div>\n\n\n<!-- BEGIN - feed broker -->\n<div class=\"feedbroker\" consumer-code-id=\"lQO4fiFXVRtqrKNkoXdL\"><script src=\"https:\/\/app.feed.broker\/consumer\/feedbroker-consumer-script.umd.js?v=1.0.1\" defer=\"\"><\/script><\/div>\n<!-- END - feed broker -->\n\n\n\n<p><\/p>\n\n\n\n<h2 class=\"wp-block-heading\">Modne buty m\u0119skie wiosna\u2013lato 2026: retro p\u00f3\u0142buty<\/h2>\n\n\n\n<p>W\u015br\u00f3d modnych but\u00f3w m\u0119skich na wiosn\u0119\u2013lato 2026 pojawia si\u0119 tak\u017ce wyra\u017any powr\u00f3t klasyki w oldschoolowym wydaniu. Popularno\u015b\u0107 <strong>zyskuj\u0105 loafersy inspirowane stylem vintage<\/strong> \u2013 szersze, p\u0142askie i bardzo wygodne. Maj\u0105 prost\u0105 form\u0119 i lekko nonszalancki charakter, kt\u00f3ry \u015bwietnie wpisuje si\u0119 w obecne trendy.<\/p>\n\n\n\n<p>Takie <strong>retro <a href=\"https:\/\/ccc.eu\/pl\/meskie\/buty\/polbuty\/wsuwane\" target=\"_blank\" rel=\"noreferrer noopener\">p\u00f3\u0142buty m\u0119skie<\/a><\/strong> najlepiej wygl\u0105daj\u0105 w prostych, miejskich stylizacjach. Mo\u017cna je nosi\u0107 z bermudami, lu\u017an\u0105 koszul\u0105 czy lekk\u0105 marynark\u0105. Coraz cz\u0119\u015bciej pojawiaj\u0105 si\u0119 tak\u017ce w zestawach ze skarpetkami, co dodatkowo podkre\u015bla ich oldschoolowy klimat. To buty, kt\u00f3re \u0142\u0105cz\u0105 wygod\u0119 z wyra\u017anym stylem i \u015bwietnie odnajduj\u0105 si\u0119 w codziennych letnich lookach.<br><\/p>\n\n\n<div class=\"wp-block-image\">\n<figure class=\"aligncenter size-large is-resized\"><img loading=\"lazy\" decoding=\"async\" width=\"683\" height=\"1024\" src=\"https:\/\/blog.ccc.eu\/pl\/wp-content\/uploads\/2026\/03\/CCC_5904862334462_02_M-683x1024.jpg\" alt=\"Modne buty m\u0119skie wiosna\u2013lato 2026: retro p\u00f3\u0142buty\n\" class=\"wp-image-29349\" style=\"aspect-ratio:0.6670055922724962;width:632px;height:auto\" srcset=\"https:\/\/blog.ccc.eu\/pl\/wp-content\/uploads\/2026\/03\/CCC_5904862334462_02_M-683x1024.jpg 683w, https:\/\/blog.ccc.eu\/pl\/wp-content\/uploads\/2026\/03\/CCC_5904862334462_02_M-200x300.jpg 200w, https:\/\/blog.ccc.eu\/pl\/wp-content\/uploads\/2026\/03\/CCC_5904862334462_02_M-768x1152.jpg 768w, https:\/\/blog.ccc.eu\/pl\/wp-content\/uploads\/2026\/03\/CCC_5904862334462_02_M-100x150.jpg 100w, https:\/\/blog.ccc.eu\/pl\/wp-content\/uploads\/2026\/03\/CCC_5904862334462_02_M.jpg 876w\" sizes=\"auto, (max-width: 683px) 100vw, 683px\" \/><\/figure>\n<\/div>\n\n\n<p><\/p>\n\n\n\n<h2 class=\"wp-block-heading\">Modne buty m\u0119skie wiosna\u2013lato 2026: sk\u00f3rzane sanda\u0142y i klapki<\/h2>\n\n\n\n<p>Gdy temperatury rosn\u0105, w m\u0119skiej garderobie pojawia si\u0119 miejsce na bardziej przewiewne obuwie. W nowym sezonie du\u017c\u0105 popularno\u015bci\u0105 ciesz\u0105 si\u0119 sk\u00f3rzane sanda\u0142y i klapki. Projektanci stawiaj\u0105 na proste fasony, dobre materia\u0142y i stonowane kolory. Najcz\u0119\u015bciej pojawiaj\u0105 si\u0119 modele w odcieniach br\u0105zu, czerni czy karmelu. <strong>Minimalistyczne japonki, sanda\u0142y z szerokimi paskami oraz rzymianki to jedne z modnych propozycji na lato.<\/strong><\/p>\n\n\n<div class=\"wp-block-image\">\n<figure class=\"aligncenter size-large is-resized\"><img loading=\"lazy\" decoding=\"async\" width=\"683\" height=\"1024\" src=\"https:\/\/blog.ccc.eu\/pl\/wp-content\/uploads\/2026\/03\/CCC_5905588732983_02_M-683x1024.jpg\" alt=\"Modne buty m\u0119skie wiosna\u2013lato 2026: sk\u00f3rzane sanda\u0142y i klapki\n\" class=\"wp-image-29350\" style=\"aspect-ratio:0.6670032455824018;width:642px;height:auto\" srcset=\"https:\/\/blog.ccc.eu\/pl\/wp-content\/uploads\/2026\/03\/CCC_5905588732983_02_M-683x1024.jpg 683w, https:\/\/blog.ccc.eu\/pl\/wp-content\/uploads\/2026\/03\/CCC_5905588732983_02_M-200x300.jpg 200w, https:\/\/blog.ccc.eu\/pl\/wp-content\/uploads\/2026\/03\/CCC_5905588732983_02_M-768x1152.jpg 768w, https:\/\/blog.ccc.eu\/pl\/wp-content\/uploads\/2026\/03\/CCC_5905588732983_02_M-100x150.jpg 100w, https:\/\/blog.ccc.eu\/pl\/wp-content\/uploads\/2026\/03\/CCC_5905588732983_02_M.jpg 876w\" sizes=\"auto, (max-width: 683px) 100vw, 683px\" \/><\/figure>\n<\/div>\n\n\n<p><\/p>\n\n\n\n<p>Sezon <strong>wiosna\u2013lato 2026<\/strong> pokazuje, \u017ce m\u0119skie obuwie mo\u017ce by\u0107 bardzo r\u00f3\u017cnorodne. W trendach pojawiaj\u0105 si\u0119 zar\u00f3wno minimalistyczne sneakersy, techniczne modele inspirowane sportem, jak i lekkie espadryle, p\u0142\u00f3cienne tenis\u00f3wki czy zamszowe p\u00f3\u0142buty. Nie brakuje te\u017c wakacyjnych propozycji w postaci sk\u00f3rzanych sanda\u0142\u00f3w i klapek. <strong>Modne buty m\u0119skie wiosna\u2013lato 2026<\/strong> \u0142\u0105cz\u0105 wygod\u0119 z dopracowanym stylem, dzi\u0119ki czemu \u0142atwo dopasowa\u0107 je do codziennych, miejskich stylizacji.<br><br><\/p>\n\n\n\n<p><\/p>\n","protected":false},"excerpt":{"rendered":"<p>Jakie modne buty m\u0119skie wiosna\u2013lato 2026 warto mie\u0107 w swojej garderobie? Nowy sezon przynosi spor\u0105 r\u00f3\u017cnorodno\u015b\u0107 \u2013 od minimalistycznych sneakers\u00f3w, przez lekkie tenis\u00f3wki i espadryle, a\u017c po zamszowe p\u00f3\u0142buty czy sk\u00f3rzane sanda\u0142y. Projektanci stawiaj\u0105 na wygod\u0119, przewiewne materia\u0142y i proste formy, kt\u00f3re \u0142atwo dopasowa\u0107 do codziennych stylizacji. Sprawd\u017a, jakie modele obuwia b\u0119d\u0105 najmodniejsze w sezonie [&hellip;]<\/p>\n","protected":false},"author":26,"featured_media":29355,"comment_status":"open","ping_status":"closed","sticky":false,"template":"","format":"standard","meta":{"_acf_changed":false,"footnotes":""},"categories":[6],"tags":[138,1592,1398],"class_list":["post-29340","post","type-post","status-publish","format-standard","has-post-thumbnail","hentry","category-trendy","tag-buty-meskie","tag-polbuty-meskie","tag-sneakersy-meskie"],"acf":[],"_links":{"self":[{"href":"https:\/\/blog.ccc.eu\/pl\/wp-json\/wp\/v2\/posts\/29340","targetHints":{"allow":["GET"]}}],"collection":[{"href":"https:\/\/blog.ccc.eu\/pl\/wp-json\/wp\/v2\/posts"}],"about":[{"href":"https:\/\/blog.ccc.eu\/pl\/wp-json\/wp\/v2\/types\/post"}],"author":[{"embeddable":true,"href":"https:\/\/blog.ccc.eu\/pl\/wp-json\/wp\/v2\/users\/26"}],"replies":[{"embeddable":true,"href":"https:\/\/blog.ccc.eu\/pl\/wp-json\/wp\/v2\/comments?post=29340"}],"version-history":[{"count":10,"href":"https:\/\/blog.ccc.eu\/pl\/wp-json\/wp\/v2\/posts\/29340\/revisions"}],"predecessor-version":[{"id":29362,"href":"https:\/\/blog.ccc.eu\/pl\/wp-json\/wp\/v2\/posts\/29340\/revisions\/29362"}],"wp:featuredmedia":[{"embeddable":true,"href":"https:\/\/blog.ccc.eu\/pl\/wp-json\/wp\/v2\/media\/29355"}],"wp:attachment":[{"href":"https:\/\/blog.ccc.eu\/pl\/wp-json\/wp\/v2\/media?parent=29340"}],"wp:term":[{"taxonomy":"category","embeddable":true,"href":"https:\/\/blog.ccc.eu\/pl\/wp-json\/wp\/v2\/categories?post=29340"},{"taxonomy":"post_tag","embeddable":true,"href":"https:\/\/blog.ccc.eu\/pl\/wp-json\/wp\/v2\/tags?post=29340"}],"curies":[{"name":"wp","href":"https:\/\/api.w.org\/{rel}","templated":true}]}}