{"id":5319,"date":"2022-01-14T18:40:45","date_gmt":"2022-01-14T17:40:45","guid":{"rendered":"https:\/\/blog.ccc.eu\/pl\/?p=5319"},"modified":"2024-07-26T14:07:52","modified_gmt":"2024-07-26T12:07:52","slug":"modne-buty-meskie-2022","status":"publish","type":"post","link":"https:\/\/blog.ccc.eu\/pl\/modne-buty-meskie-2022\/","title":{"rendered":"Modne buty m\u0119skie 2022"},"content":{"rendered":"\n<p><b>Nadchodz\u0105cy sezon to r\u00f3wnie\u017c wyzwanie w m\u0119skiej garderobie. Gdy tylko stopnieje \u015bnieg i mrozy zaczynaj\u0105 odpuszcza\u0107, Ty zastanawiasz si\u0119 nad zmian\u0105 obuwia. Kt\u00f3re buty m\u0119skie na wiosn\u0119 b\u0119d\u0105 modne? Kt\u00f3re buty m\u0119skie na lato 2022 zdominuj\u0105 \u015bwiatowe ulice? Ju\u017c teraz sprawdzamy najgor\u0119tsze trendy, by da\u0107 Ci naj\u015bwie\u017csze informacje ze \u015bwiata mody. Znajd\u017a idealne buty i rusz w nich na podb\u00f3j lata!<\/b><\/p>\n\n\n\n<h2 class=\"wp-block-heading\">Modne buty m\u0119skie 2022<\/h2>\n\n\n\n<p>W modzie m\u0119skiej, je\u017celi chodzi o buty na pr\u00f3\u017cno szuka\u0107 spektakularnych szale\u0144stw, kt\u00f3re zdominuj\u0105 rynki. M\u0119\u017cczy\u017ani ceni\u0105 sobie niezawodn\u0105 klasyk\u0119 i funkcjonalne rozwi\u0105zania, dlatego ch\u0119tnie si\u0119gaj\u0105 po znane ju\u017c im modele but\u00f3w, na kt\u00f3re wiedz\u0105, \u017ce mog\u0105 liczy\u0107. Jednak moda nie lubi pr\u00f3\u017cni i w ka\u017cdym sezonie pojawiaj\u0105 si\u0119 pere\u0142ki, na kt\u00f3re warto zwr\u00f3ci\u0107 szczeg\u00f3ln\u0105 uwag\u0119.<\/p>\n\n\n\n<figure class=\"wp-block-gallery has-nested-images columns-default is-cropped wp-block-gallery-1 is-layout-flex wp-block-gallery-is-layout-flex\">\n<figure class=\"wp-block-image size-large\"><img loading=\"lazy\" decoding=\"async\" width=\"683\" height=\"1024\" data-id=\"5322\" src=\"https:\/\/blog.ccc.eu\/pl\/wp-content\/uploads\/2022\/01\/lasocki-683x1024.jpg\" alt=\"czarne sk\u00f3rzane trzewiki m\u0119skie i du\u017ca czarna m\u0119ska torba\" class=\"wp-image-5322\" srcset=\"https:\/\/blog.ccc.eu\/pl\/wp-content\/uploads\/2022\/01\/lasocki-683x1024.jpg 683w, https:\/\/blog.ccc.eu\/pl\/wp-content\/uploads\/2022\/01\/lasocki-200x300.jpg 200w, https:\/\/blog.ccc.eu\/pl\/wp-content\/uploads\/2022\/01\/lasocki-768x1152.jpg 768w, https:\/\/blog.ccc.eu\/pl\/wp-content\/uploads\/2022\/01\/lasocki-1024x1536.jpg 1024w, https:\/\/blog.ccc.eu\/pl\/wp-content\/uploads\/2022\/01\/lasocki-100x150.jpg 100w, https:\/\/blog.ccc.eu\/pl\/wp-content\/uploads\/2022\/01\/lasocki.jpg 1314w\" sizes=\"auto, (max-width: 683px) 100vw, 683px\" \/><\/figure>\n\n\n\n<figure class=\"wp-block-image size-large\"><img loading=\"lazy\" decoding=\"async\" width=\"683\" height=\"1024\" data-id=\"5323\" src=\"https:\/\/blog.ccc.eu\/pl\/wp-content\/uploads\/2022\/01\/lasocki2-683x1024.jpg\" alt=\"br\u0105zowe m\u0119skie trzewiki ze sk\u00f3ry\" class=\"wp-image-5323\" srcset=\"https:\/\/blog.ccc.eu\/pl\/wp-content\/uploads\/2022\/01\/lasocki2-683x1024.jpg 683w, https:\/\/blog.ccc.eu\/pl\/wp-content\/uploads\/2022\/01\/lasocki2-200x300.jpg 200w, https:\/\/blog.ccc.eu\/pl\/wp-content\/uploads\/2022\/01\/lasocki2-768x1152.jpg 768w, https:\/\/blog.ccc.eu\/pl\/wp-content\/uploads\/2022\/01\/lasocki2-1024x1536.jpg 1024w, https:\/\/blog.ccc.eu\/pl\/wp-content\/uploads\/2022\/01\/lasocki2-100x150.jpg 100w, https:\/\/blog.ccc.eu\/pl\/wp-content\/uploads\/2022\/01\/lasocki2.jpg 1314w\" sizes=\"auto, (max-width: 683px) 100vw, 683px\" \/><\/figure>\n<\/figure>\n\n\n\n<h2 class=\"wp-block-heading\">Sztyblety na czasie<\/h2>\n\n\n\n<p>Gdy wiosna sp\u00f3\u017aniona zapuka do drzwi, b\u0105d\u017a na ni\u0105 gotowy. Nie zawsze przyj\u015bcie wiosny oznacza eksplozj\u0119 ciep\u0142a, s\u0142o\u0144ca i przyjemny powiew wiatru. Nierzadko musimy zmierzy\u0107 si\u0119 z trudniejszymi warunkami, dlatego te\u017c <strong>sztyblety<\/strong> b\u0119d\u0105 idealnymi butami na pocz\u0105tek wiosny. Wybierz te, o minimalistycznym designie, kt\u00f3re b\u0119d\u0105 Ci pasowa\u0142y do wi\u0119kszo\u015bci stylizacji. W tym sezonie niezwykle modne s\u0105 sztyblety o bardzo klasycznym i prostym kroju. Dobrze wybrane pos\u0142u\u017c\u0105 Ci przez wiele sezon\u00f3w.<\/p>\n\n\n\n\n\n\n<p><\/p>\n\n\n\n<h2 class=\"wp-block-heading\">Buty trekkingowe<\/h2>\n\n\n\n<p>Dla niekt\u00f3rych os\u00f3b nadej\u015bcie wiosny wi\u0105\u017ce si\u0119 z g\u00f3rskimi wyprawami lub w\u0119dr\u00f3wkami w nieznane. Do tego typu aktywno\u015bci zawsze s\u0105 potrzebne odpowiednie buty. Wybieraj\u0105c <strong>buty trekkingowe<\/strong> nie design b\u0119dzie mia\u0142 tu znaczenie, lecz przede wszystkim ich funkcjonalno\u015b\u0107. Zadbaj o sw\u00f3j komfort i wyposa\u017c si\u0119 w dobrze wyprofilowane i bezpieczne buty, kt\u00f3re we\u017amiesz ze sob\u0105 za miasto. Buty na wiosn\u0119 m\u0119skie \u2013 to z pewno\u015bci\u0105 buty, w kt\u00f3rych przemierzysz niejedn\u0105 \u015bcie\u017ck\u0119.<\/p>\n\n\n\n<h2 class=\"wp-block-heading\">Obszerne trzewiki<\/h2>\n\n\n\n<p>Na pokazach \u015bwiatowych projektant\u00f3w pojawi\u0142y si\u0119 d\u0142ugie sznurowane trzewiki a\u017c pod kolano! Takim rodzajem obuwia zachwyci\u0142 nas Acne. W tym modelu but\u00f3w zdecydowanie wyr\u00f3\u017cnia si\u0119 obszerna podeszwa. Jak si\u0119 okazuje platformy nadal b\u0119d\u0105 wiod\u0142y prym, r\u00f3wnie\u017c w m\u0119skim obuwiu. Na wiosn\u0119 zobaczymy <strong>kalosze i <a href=\"https:\/\/ccc.eu\/pl\/meskie\/buty\/botki\" target=\"_blank\" rel=\"noopener\">m\u0119skie botki<\/a> na du\u017cych traktorowych podeszwach<\/strong> w zaskakuj\u0105cych intensywnych kolorach. Takie modne buty m\u0119skie serwuje nam Balenciaga.<\/p>\n\n\n\n<h2 class=\"wp-block-heading\">Sneakersy, kt\u00f3re zdominuj\u0105 stylizacj\u0119<\/h2>\n\n\n\n<p>W tym sezonie projektanci postawili na dwa nurty. Wci\u0105\u017c modne s\u0105 bia\u0142e <a href=\"https:\/\/ccc.eu\/pl\/meskie\/buty\/sneakersy\" target=\"_blank\" rel=\"noopener\">m\u0119skie sneakersy<\/a>, kt\u00f3re b\u0119dziesz nosi\u0142 nawet do oficjalnych stylizacji. Te buty na dobre wesz\u0142y do m\u0119skiego outfitu i zdaje si\u0119, \u017ce zaj\u0119\u0142y w\u0142a\u015bciwe miejsce. Ale na wybiegach u najwi\u0119kszych designer\u00f3w pojawi\u0142y si\u0119 r\u00f3wnie\u017c <strong>kolorowe sneakersy<\/strong>. Intensywne barwy, wyraziste wzornictwo i obszerne podeszwy zdominowa\u0142y kolekcje. Nie b\u00f3j si\u0119 wiec wybiera\u0107 zdecydowanych kolor\u00f3w. Dodaj swojej stylizacji odrobin\u0119 szale\u0144stwa tak jak Versace.<\/p>\n\n\n\n\n\n\n<p><\/p>\n\n\n\n<h2 class=\"wp-block-heading\">Ponadczasowe p\u00f3\u0142buty<\/h2>\n\n\n\n<p>S\u0105 buty, kt\u00f3re nigdy si\u0119 nie zmieniaj\u0105. I dobrze. Ka\u017cdy w swojej szafie powinien mie\u0107 <strong>p\u00f3\u0142buty w klasycznym i eleganckim stylu<\/strong>, kt\u00f3re b\u0119dzie mo\u017cna wykorzysta\u0107 do oficjalnych outfit\u00f3w, na specjalne okazje lub po prostu do stylizacji obowi\u0105zuj\u0105cych w Twoim dress codzie. Co sezon oferta p\u00f3\u0142but\u00f3w jest od\u015bwie\u017cana, jednak topowe marki zawsze dbaj\u0105 o to, by nie straci\u0142y ponadczasowego stylu i elegancji. Nas zachwyci\u0142y <a href=\"https:\/\/ccc.eu\/pl\/meskie\/buty\/polbuty\" target=\"_blank\" rel=\"noopener\">m\u0119skie p\u00f3\u0142buty<\/a> Prady, kt\u00f3ra przedstawi\u0142a je w bardzo skromny i prosty spos\u00f3b, kt\u00f3ry wart jest ka\u017cdej uwagi.<\/p>\n\n\n\n\n\n\n<p><\/p>\n\n\n\n<h2 class=\"wp-block-heading\">Trampki, kt\u00f3re s\u0105 zawsze cool!<\/h2>\n\n\n\n<p>W przypadku trampek jest dok\u0142adnie tak samo jak w przypadku sneakers\u00f3w. Kultowe <strong>bia\u0142e trampki<\/strong> s\u0105 modne w absolutnie ka\u017cdym sezonie, i ka\u017cdy powinien mie\u0107 je w swojej szafie. Bazuj\u0105c jednak na nadchodz\u0105cych trendach, je\u017celi jeste\u015b fanem tego typu obuwia, to warto rozwa\u017cy\u0107 zakup kolorowych trampek np. intensywn\u0105 czerwie\u0144 lub pastele. <strong>Rok 2022 jest rokiem kolor\u00f3w<\/strong>. Pami\u0119taj o tym, gdy b\u0119dziesz kupowa\u0142 buty m\u0119skie lato 2022.<\/p>\n\n\n\n\n\n\n<p><\/p>\n\n\n\n<h2 class=\"wp-block-heading\">Mokasyny \u2013 modne buty m\u0119skie na wiosn\u0119<\/h2>\n\n\n\n<p>Nieodzowny element m\u0119skiej garderoby. Mokasyny to \u015bwietne <strong>buty m\u0119skie na wiosn\u0119<\/strong>, a tak\u017ce lato. W ch\u0142odniejsze dni mo\u017cesz nosi\u0107 je zestawione z kolorowymi skarpetami, kt\u00f3re s\u0105 modne od kilku sezon\u00f3w. Ale w upalne dni <a href=\"https:\/\/ccc.eu\/pl\/meskie\/buty\/polbuty\/mokasyny\" target=\"_blank\" rel=\"noopener\">m\u0119skie mokasyny<\/a> dobrze wygl\u0105daj\u0105 na bosej stopie. Kt\u00f3re wybra\u0107? Zdecyduj si\u0119 na przewiewne tkaniny. Opr\u00f3cz klasyczny projekt\u00f3w, zwr\u00f3\u0107 uwag\u0119 na te ze zdobieniami na cholewce, delikatne fr\u0119dzle, dyskretne sznurowania, subtelne klamry. Postaw te\u017c na kolor, nie tylko be\u017ce i czernie s\u0105 modne. Co powiesz na \u017c\u00f3\u0142ty, czerwony lub granatowy?<\/p>\n\n\n\n<h2 class=\"wp-block-heading\">Trend alert: Klapki!<\/h2>\n\n\n\n<p>Jak m\u0119skie buty na lato 2022, to tylko klapki! Oferta jest naprawd\u0119 imponuj\u0105ca, bo projektanci uwielbiaj\u0105 wplata\u0107 mod\u0119 pla\u017cow\u0105 do high fashion. Z racji tego, \u017ce w tym sezonie trend pla\u017cowy b\u0119dzie do\u015b\u0107 mocno dominowa\u0142 w sezonie letnim i zdecydowanie wyjdzie poza nadmorskie klimaty, rozkoszuj\u0105c si\u0119 urokiem miejskich ulic, <strong><a href=\"https:\/\/ccc.eu\/pl\/meskie\/buty\/klapki\" target=\"_blank\" rel=\"noopener\">klapki m\u0119skie<\/a><\/strong> b\u0119d\u0105 bardzo po\u017c\u0105danym przedmiotem! Kt\u00f3re wybra\u0107? Projektanci stawiaj\u0105 na modele z dobrze widocznym logotypem marki, a opr\u00f3cz tego w grze zn\u00f3w jest kolor. Widzieli\u015bmy pi\u0119kne <strong>kolorowe klapki<\/strong> na pokazach Versace. No bo kiedy masz zaszale\u0107 z barwami jak nie latem?<\/p>\n\n\n\n\n\n\n<p><a href=\"https:\/\/ccc.eu\/pl\/meskie\/buty\" target=\"_blank\" rel=\"noopener\">M\u0119skie buty<\/a> to prawdziwe wyzwanie, szczeg\u00f3lnie gdy na rynku pojawiaj\u0105 si\u0119 zupe\u0142nie nowe kolekcje, kt\u00f3re czasem mog\u0105 wywo\u0142a\u0107 niema\u0142e zamieszanie. Z jednej strony oczekujesz, aby Twoja garderoba by\u0142a stylowa i elegancka, ale z drugiej strony masz ochot\u0119 na modowe szale\u0144stwo. Daj si\u0119 porwa\u0107 nowym kolekcjom i spraw, \u017ceby Twoje buty m\u0119skie na wiosn\u0119 i lato zrewolucjonizowa\u0142y Twoj\u0105 garderob\u0119. Modne buty m\u0119skie 2022 kupisz w sklepach CCC, na ccc.eu i w aplikacji.<\/p>\n","protected":false},"excerpt":{"rendered":"<p>Nadchodz\u0105cy sezon to r\u00f3wnie\u017c wyzwanie w m\u0119skiej garderobie. Gdy tylko stopnieje \u015bnieg i mrozy zaczynaj\u0105 odpuszcza\u0107, Ty zastanawiasz si\u0119 nad zmian\u0105 obuwia. Kt\u00f3re buty m\u0119skie na wiosn\u0119 b\u0119d\u0105 modne? Kt\u00f3re buty m\u0119skie na lato 2022 zdominuj\u0105 \u015bwiatowe ulice? Ju\u017c teraz sprawdzamy najgor\u0119tsze trendy, by da\u0107 Ci naj\u015bwie\u017csze informacje ze \u015bwiata mody. Znajd\u017a idealne buty i [&hellip;]<\/p>\n","protected":false},"author":17,"featured_media":5323,"comment_status":"open","ping_status":"closed","sticky":false,"template":"","format":"standard","meta":{"_acf_changed":false,"footnotes":""},"categories":[1584,6],"tags":[138,9,569],"class_list":["post-5319","post","type-post","status-publish","format-standard","has-post-thumbnail","hentry","category-buty-meskie","category-trendy","tag-buty-meskie","tag-trendy","tag-trendy-2022"],"acf":[],"_links":{"self":[{"href":"https:\/\/blog.ccc.eu\/pl\/wp-json\/wp\/v2\/posts\/5319","targetHints":{"allow":["GET"]}}],"collection":[{"href":"https:\/\/blog.ccc.eu\/pl\/wp-json\/wp\/v2\/posts"}],"about":[{"href":"https:\/\/blog.ccc.eu\/pl\/wp-json\/wp\/v2\/types\/post"}],"author":[{"embeddable":true,"href":"https:\/\/blog.ccc.eu\/pl\/wp-json\/wp\/v2\/users\/17"}],"replies":[{"embeddable":true,"href":"https:\/\/blog.ccc.eu\/pl\/wp-json\/wp\/v2\/comments?post=5319"}],"version-history":[{"count":9,"href":"https:\/\/blog.ccc.eu\/pl\/wp-json\/wp\/v2\/posts\/5319\/revisions"}],"predecessor-version":[{"id":25811,"href":"https:\/\/blog.ccc.eu\/pl\/wp-json\/wp\/v2\/posts\/5319\/revisions\/25811"}],"wp:featuredmedia":[{"embeddable":true,"href":"https:\/\/blog.ccc.eu\/pl\/wp-json\/wp\/v2\/media\/5323"}],"wp:attachment":[{"href":"https:\/\/blog.ccc.eu\/pl\/wp-json\/wp\/v2\/media?parent=5319"}],"wp:term":[{"taxonomy":"category","embeddable":true,"href":"https:\/\/blog.ccc.eu\/pl\/wp-json\/wp\/v2\/categories?post=5319"},{"taxonomy":"post_tag","embeddable":true,"href":"https:\/\/blog.ccc.eu\/pl\/wp-json\/wp\/v2\/tags?post=5319"}],"curies":[{"name":"wp","href":"https:\/\/api.w.org\/{rel}","templated":true}]}}