{"id":7582,"date":"2022-04-20T09:49:25","date_gmt":"2022-04-20T07:49:25","guid":{"rendered":"https:\/\/blog.ccc.eu\/pl\/?p=7582"},"modified":"2024-03-21T09:23:56","modified_gmt":"2024-03-21T08:23:56","slug":"ponadczasowy-styl-i-klasyka-marka-lasocki-w-ccc","status":"publish","type":"post","link":"https:\/\/blog.ccc.eu\/pl\/ponadczasowy-styl-i-klasyka-marka-lasocki-w-ccc\/","title":{"rendered":"Ponadczasowy styl i klasyka. Marka Lasocki w CCC"},"content":{"rendered":"\n<p><b>Tradycja, rodzina i ponadczasowy styl, kt\u00f3ry zawsze jest w modzie zachwycaj\u0105 od pokole\u0144 w klasycznych i eleganckich kolekcjach marki Lasocki. Obuwie, kt\u00f3re zosta\u0142o stworzone z my\u015bl\u0105 o ka\u017cdym cz\u0142onku rodziny wykonane jest z najwy\u017cszej jako\u015bci sk\u00f3rzanych materia\u0142\u00f3w, zapewniaj\u0105cych im niebywa\u0142\u0105 trwa\u0142o\u015b\u0107 przez wiele sezon\u00f3w. To w\u0142a\u015bnie dlatego buty Lasocki zosta\u0142y sta\u0142ym elementem naszej garderoby, kt\u00f3remu ufamy i powierzamy najcenniejsze momenty naszego \u017cycia, ju\u017c od pierwszych krok\u00f3w. Poznaj histori\u0119 marki Lasocki i znajd\u017a buty, w kt\u00f3rych ka\u017cdy krok b\u0119dzie wyj\u0105tkowy.<\/b><\/p>\n\n\n\n<figure class=\"wp-block-gallery has-nested-images columns-default is-cropped wp-block-gallery-1 is-layout-flex wp-block-gallery-is-layout-flex\">\n<figure class=\"wp-block-image size-large\"><img loading=\"lazy\" decoding=\"async\" width=\"693\" height=\"1024\" data-id=\"7586\" src=\"https:\/\/blog.ccc.eu\/pl\/wp-content\/uploads\/2022\/04\/Dan-8-693x1024.jpg\" alt=\"\" class=\"wp-image-7586\" srcset=\"https:\/\/blog.ccc.eu\/pl\/wp-content\/uploads\/2022\/04\/Dan-8-693x1024.jpg 693w, https:\/\/blog.ccc.eu\/pl\/wp-content\/uploads\/2022\/04\/Dan-8-203x300.jpg 203w, https:\/\/blog.ccc.eu\/pl\/wp-content\/uploads\/2022\/04\/Dan-8-768x1135.jpg 768w, https:\/\/blog.ccc.eu\/pl\/wp-content\/uploads\/2022\/04\/Dan-8-100x148.jpg 100w, https:\/\/blog.ccc.eu\/pl\/wp-content\/uploads\/2022\/04\/Dan-8.jpg 846w\" sizes=\"auto, (max-width: 693px) 100vw, 693px\" \/><\/figure>\n\n\n\n<figure class=\"wp-block-image size-large\"><img loading=\"lazy\" decoding=\"async\" width=\"836\" height=\"1024\" data-id=\"7587\" src=\"https:\/\/blog.ccc.eu\/pl\/wp-content\/uploads\/2022\/04\/Dan-10-\u2014-kopia-836x1024.jpg\" alt=\"\" class=\"wp-image-7587\" srcset=\"https:\/\/blog.ccc.eu\/pl\/wp-content\/uploads\/2022\/04\/Dan-10-\u2014-kopia-836x1024.jpg 836w, https:\/\/blog.ccc.eu\/pl\/wp-content\/uploads\/2022\/04\/Dan-10-\u2014-kopia-245x300.jpg 245w, https:\/\/blog.ccc.eu\/pl\/wp-content\/uploads\/2022\/04\/Dan-10-\u2014-kopia-768x940.jpg 768w, https:\/\/blog.ccc.eu\/pl\/wp-content\/uploads\/2022\/04\/Dan-10-\u2014-kopia-100x122.jpg 100w, https:\/\/blog.ccc.eu\/pl\/wp-content\/uploads\/2022\/04\/Dan-10-\u2014-kopia.jpg 1021w\" sizes=\"auto, (max-width: 836px) 100vw, 836px\" \/><\/figure>\n<\/figure>\n\n\n\n<h2 class=\"wp-block-heading\">Lasocki \u2013 co to za firma?<\/h2>\n\n\n\n<p>Gdy tradycja \u0142\u0105czy si\u0119 z klasyk\u0105, zawsze powstaje z tego co\u015b dobrego i pi\u0119knego. Nie inaczej by\u0142o w przypadku marki Lasocki, kt\u00f3rej korzenie rodzinne si\u0119gaj\u0105 1954 roku. Jednak dopiero w latach 90. projektant Krzysztof Lasocki za\u0142o\u017cy\u0142 pod szyldem Lasocki Design mark\u0119 obuwnicz\u0105, kt\u00f3r\u0105 pokochali Polacy. Firma ze stuprocentowym polskim kapita\u0142em od razu cieszy\u0142a si\u0119 du\u017c\u0105 popularno\u015bci\u0105, g\u0142\u00f3wnie za spraw\u0105 wysokiej jako\u015bci sk\u00f3rzanego obuwia dla ca\u0142ej rodziny, kt\u00f3re by\u0142o wytwarzane w Polsce. Lasocki odpowiedzia\u0142 na zapotrzebowanie rynku, tworz\u0105c <strong>jako\u015bciowe buty, torebki i galanteri\u0119 sk\u00f3rzan\u0105<\/strong>, a produkty marki szybko znalaz\u0142y uznanie w\u015br\u00f3d kupuj\u0105cych. Obecnie w polskich domach, nie trudno znale\u017a\u0107 przynajmniej jedn\u0105 par\u0119 but\u00f3w Lasocki.<\/p>\n\n\n\n<h2 class=\"wp-block-heading\">Lasocki CCC<\/h2>\n\n\n\n<p>Po kilku latach dzia\u0142alno\u015bci, Krzysztof Lasocki sprzeda\u0142 udzia\u0142y marki grupie CCC, kt\u00f3ra pozwoli\u0142a rozwin\u0105\u0107 skrzyd\u0142a firmie i da\u0142a wybrzmie\u0107 ka\u017cdej parze but\u00f3w. Obecnie asortyment marki jest bardzo szeroki. Dost\u0119pne s\u0105 kolekcje dla ca\u0142ej rodziny. W damskiej linii obuwniczej niezale\u017cnie od wieku i rozmiaru stopy, ka\u017cda kobieta znajdzie buty, w kt\u00f3re b\u0119d\u0105 s\u0142u\u017cy\u0107 jej przez wiele sezon\u00f3w. Lasocki te\u017c posiada lini\u0119 but\u00f3w dla m\u0119\u017cczyzn, m\u0142odzie\u017cy i dzieci, kt\u00f3re dopiero stawiaj\u0105 swoje pierwsze kroki. Wa\u017cne, by od razu robi\u0142y to w wysokiej jako\u015bci obuwiu, kt\u00f3re wspiera ich rozw\u00f3j. <strong>Buty Lasocki wykonane s\u0105 w ponadczasowym stylu,<\/strong> ale takim, kt\u00f3ry \u015bwietnie rozumie wsp\u00f3\u0142czesne trendy i ch\u0119tnie do nich nawi\u0105zuje. Z kolei wysokiej jako\u015bci sk\u00f3ry, precyzja wykonania i szczeg\u00f3lna dba\u0142o\u015b\u0107 o detale sprawiaj\u0105, \u017ce Lasocki jest jedn\u0105 z najbardziej popularnych i lubianych polskich marek.<\/p>\n\n\n\n<figure class=\"wp-block-gallery has-nested-images columns-default is-cropped wp-block-gallery-2 is-layout-flex wp-block-gallery-is-layout-flex\">\n<figure class=\"wp-block-image size-large\"><img loading=\"lazy\" decoding=\"async\" width=\"1024\" height=\"682\" data-id=\"7588\" src=\"https:\/\/blog.ccc.eu\/pl\/wp-content\/uploads\/2022\/04\/DanII-13-1024x682.jpg\" alt=\"\" class=\"wp-image-7588\" srcset=\"https:\/\/blog.ccc.eu\/pl\/wp-content\/uploads\/2022\/04\/DanII-13-1024x682.jpg 1024w, https:\/\/blog.ccc.eu\/pl\/wp-content\/uploads\/2022\/04\/DanII-13-300x200.jpg 300w, https:\/\/blog.ccc.eu\/pl\/wp-content\/uploads\/2022\/04\/DanII-13-768x511.jpg 768w, https:\/\/blog.ccc.eu\/pl\/wp-content\/uploads\/2022\/04\/DanII-13-100x67.jpg 100w, https:\/\/blog.ccc.eu\/pl\/wp-content\/uploads\/2022\/04\/DanII-13.jpg 1250w\" sizes=\"auto, (max-width: 1024px) 100vw, 1024px\" \/><\/figure>\n<\/figure>\n\n\n\n<h2 class=\"wp-block-heading\">Wyj\u0105tkowe wybrane kampanie reklamowe<\/h2>\n\n\n\n<p>Lasocki zawsze na pierwszym miejscu stawia rodzin\u0119, kt\u00f3rej mo\u017ce zaoferowa\u0107 naprawd\u0119 du\u017co. Dlatego te\u017c wyj\u0105tkowe kampanie reklamowe, zawsze s\u0105 pe\u0142ne ciep\u0142a, tradycji i ponadczasowej klasyki, dost\u0119pnej ka\u017cdego dnia w kolekcjach Lasocki CCC.<\/p>\n\n\n\n<p><strong>&nbsp;\u201eWinter Stories\u201d z 2020 roku<\/strong> \u2013 w kt\u00f3rej mogli\u015bmy zobaczy\u0107 pi\u0119kny i ba\u015bniowy klimat, wprowadzaj\u0105cy w \u015bwi\u0105teczny nastr\u00f3j. Arcypi\u0119kn\u0105 kampani\u0119 nakr\u0119ci\u0142 re\u017cyser Alvaro Colom, a na ekranie mogli\u015bmy zobaczy\u0107 Ma\u0142gorzat\u0119 Ko\u017cuchowsk\u0105, top modelk\u0119 Edit\u0119 Vilkevi\u010di\u016bt\u0117, Birgit Kos czy modeli Adriana Chabady i Matthiasa El Koulaliego. Wszystkim w swoich mieszkaniach, w wielkich metropoliach towarzysz\u0105 produkty marki Lasocki.<\/p>\n\n\n\n<p><strong>Wiosenno-letnia kolekcja z 2021 rok<\/strong> \u2013 ponadczasowy lekki styl mogli\u015bmy zobaczy\u0107 dzi\u0119ki zdj\u0119ciom Mateusza Stankiewicza, kt\u00f3ry uwieczni\u0142 w s\u0142onecznej Katalonii francusk\u0105 supermodelk\u0119 Constance Jablonski, polsk\u0105 top modelk\u0119 Maj\u0119 Zimnoch oraz 60-letni\u0105 Francesc\u0119 McGill \u2013 tancerk\u0119, modelk\u0119 i aktork\u0119. Paniom towarzyszy <a href=\"https:\/\/blog.ccc.eu\/pl\/moda-na-wszystko-szalone-lata-70\/\">stylistyka lat 70<\/a>., klasyka, prosty design i naturalno\u015b\u0107 w letnim klimacie.<\/p>\n\n\n\n<p><strong>Kolekcja kapsu\u0142ow\u0105 studentki ASP<\/strong> \u2013 ta kampania r\u00f3wnie\u017c zapad\u0142a nam w pami\u0119\u0107. W 2021 roku CCC og\u0142osi\u0142o konkurs dla student\u00f3w artystycznych uczelni: \u201ezaprojektuj kolekcj\u0119 dla CCC\u201d, kt\u00f3ry wygra\u0142a Joanna Wilczy\u0144ska \u2013 studentka \u0142\u00f3dzkiej Akademii Sztuk Pi\u0119knych. Zaprojektowane przez Joanne buty zosta\u0142y wykonane z recyklingowanych materia\u0142\u00f3w, a tematem przewodnim by\u0142o \u201eBe Fashion \u2013 Be Trendy \u2013 Be Eco\u201d lub \u201eModa w \u015bwiecie post-pandemic\u201d.<\/p>\n\n\n\n<p><strong>Kapsu\u0142a \u201eCity Leisure\u201d<\/strong> \u2013 to <a href=\"https:\/\/blog.ccc.eu\/pl\/wiosenna-kapsula-lasocki-city-leisure\/\">najnowsza kampania marki Lasocki<\/a>, w kt\u00f3rej zobaczymy rodzin\u0119 w mie\u015bcie. W pierwszej ods\u0142onie przenosimy si\u0119 do Kopenhagi, gdzie modelka Caroline Bille Brahe oprowadza nas wraz ze swoj\u0105 rodzin\u0105 po urokliwej du\u0144skiej stolicy. Oczywi\u015bcie w butach z nowej kolekcji marki Lasocki. Miejski szyk i styl w absolutnie pi\u0119knym otoczeniu.<\/p>\n\n\n\n<figure class=\"wp-block-gallery has-nested-images columns-default is-cropped wp-block-gallery-3 is-layout-flex wp-block-gallery-is-layout-flex\">\n<figure class=\"wp-block-image size-large\"><img loading=\"lazy\" decoding=\"async\" width=\"827\" height=\"1024\" data-id=\"7589\" src=\"https:\/\/blog.ccc.eu\/pl\/wp-content\/uploads\/2022\/04\/DanII-3-kopia-827x1024.jpg\" alt=\"\" class=\"wp-image-7589\" srcset=\"https:\/\/blog.ccc.eu\/pl\/wp-content\/uploads\/2022\/04\/DanII-3-kopia-827x1024.jpg 827w, https:\/\/blog.ccc.eu\/pl\/wp-content\/uploads\/2022\/04\/DanII-3-kopia-242x300.jpg 242w, https:\/\/blog.ccc.eu\/pl\/wp-content\/uploads\/2022\/04\/DanII-3-kopia-768x950.jpg 768w, https:\/\/blog.ccc.eu\/pl\/wp-content\/uploads\/2022\/04\/DanII-3-kopia-100x124.jpg 100w, https:\/\/blog.ccc.eu\/pl\/wp-content\/uploads\/2022\/04\/DanII-3-kopia.jpg 1010w\" sizes=\"auto, (max-width: 827px) 100vw, 827px\" \/><\/figure>\n\n\n\n<figure class=\"wp-block-image size-large\"><img loading=\"lazy\" decoding=\"async\" width=\"830\" height=\"1024\" data-id=\"7590\" src=\"https:\/\/blog.ccc.eu\/pl\/wp-content\/uploads\/2022\/04\/DanII-4-kopia-830x1024.jpg\" alt=\"\" class=\"wp-image-7590\" srcset=\"https:\/\/blog.ccc.eu\/pl\/wp-content\/uploads\/2022\/04\/DanII-4-kopia-830x1024.jpg 830w, https:\/\/blog.ccc.eu\/pl\/wp-content\/uploads\/2022\/04\/DanII-4-kopia-243x300.jpg 243w, https:\/\/blog.ccc.eu\/pl\/wp-content\/uploads\/2022\/04\/DanII-4-kopia-768x948.jpg 768w, https:\/\/blog.ccc.eu\/pl\/wp-content\/uploads\/2022\/04\/DanII-4-kopia-100x123.jpg 100w, https:\/\/blog.ccc.eu\/pl\/wp-content\/uploads\/2022\/04\/DanII-4-kopia.jpg 1013w\" sizes=\"auto, (max-width: 830px) 100vw, 830px\" \/><\/figure>\n<\/figure>\n\n\n\n<h2 class=\"wp-block-heading\">Lasocki buty damskie<\/h2>\n\n\n\n<p>Wszystkie kolekcje stworzone s\u0105 z my\u015bl\u0105 o ka\u017cdej kobiecie. Tej, kt\u00f3ra lubi wyrafinowan\u0105 klasyk\u0119 i tej, kt\u00f3ra ceni sobie komfort wygod\u0119 i odrobin\u0119 luzu. Buty damskie w kolekcjach Lasocki s\u0105 bardzo dobrze przemy\u015blane i zaprojektowane tak, by cieszy\u0107 przez wiele sezon\u00f3w.<\/p>\n\n\n\n<p><strong><a href=\"https:\/\/blog.ccc.eu\/pl\/https-blog-ccc-eu-pl-botki-lasocki\/\">Botki Lasocki<\/a><\/strong> \u2013 w ofercie zajdziesz zar\u00f3wno bardzo klasyczne modele na obcasie typu klocek, na s\u0142upku, ale te\u017c i na szpilce. Supermodne botki, kowbojki czy sztyblety Lasocki wykonane s\u0105 w pi\u0119knej i eleganckiej kolorystyce, kt\u00f3ra zawsze dopasuje si\u0119 do ka\u017cdej, nawet najbardziej wymagaj\u0105cej stylizacji.<\/p>\n\n\n\n\n\n\n<p><\/p>\n\n\n\n<p><strong>Sanda\u0142y Lasocki<\/strong> \u2013 komfortowe i superwygodne, a do tego pe\u0142ne dobrego stylu. Zar\u00f3wno te klasyczne modele, jaki bardziej nawi\u0105zuj\u0105ce do trend\u00f3w, dzi\u0119ki u\u017cytym materia\u0142om, \u015bwietnie sprawdz\u0105 si\u0119 nawet w upalne dni!<\/p>\n\n\n\n\n\n\n\n<p><\/p>\n\n\n\n<p><strong>Klapki Lasocki<\/strong> \u2013 mo\u017cesz uwzgl\u0119dni\u0107 je w swoim letnim dress codzie! Nawet tym, bardziej oficjalnym. Szczeg\u00f3lnie klapki na koturnie Lasocki, lub na obcasie bardzo dobrze po\u0142\u0105cz\u0105 si\u0119 z damskim garniturem w kolorze soczystej pomara\u0144czy!<\/p>\n\n\n\n\n\n\n\n<p><\/p>\n\n\n\n<p><strong>Trzewiki Lasocki<\/strong> \u2013 szczeg\u00f3lnie zachwycaj\u0105 boskie pastele wykonane z nubuk i zamszu, na nieco grubszych podeszwach, kt\u00f3re perfekcyjnie wpisz\u0105 si\u0119 w miejski styl i szyk. W ofercie znajdziesz te\u017c trzewiki typu workery czy glany.<\/p>\n\n\n\n\n\n\n\n<p><\/p>\n\n\n\n<p><strong>Baleriny Lasocki<\/strong> \u2013 ponadczasowa klasyka, kt\u00f3ra pozwoli Ci zbudowa\u0107 basicow\u0105 garderob\u0119. Baleriny Lasockiego s\u0105 bardzo klasyczne, proste i eleganckie. Pasuj\u0105 zar\u00f3wno do codziennego looku, jak i tego bardziej oficjalnego. <a href=\"https:\/\/blog.ccc.eu\/pl\/baleriny-damskie-najmodniejsze-propozycje\/\">Baleriny to najlepsze buty na wiosn\u0119<\/a>, w kt\u00f3rych poczujesz si\u0119 lekko i stylowo.<\/p>\n\n\n\n\n\n\n\n<p><\/p>\n\n\n\n<p><strong>Mokasyny Lasocki<\/strong> \u2013 s\u0105 bardzo proste i klasyczne, a do tego wykonane z najlepszych gatunkowo sk\u00f3r. Czym si\u0119 wyr\u00f3\u017cniaj\u0105? Przede wszystkim niebywa\u0142\u0105 elegancj\u0105. W tej ofercie nie znajdziesz przerysowanych but\u00f3w pe\u0142nych bogatego wzornictwa. Subtelne detale podkre\u015blaj\u0105 wyj\u0105tkowy styl marki. W ofercie znajdziesz r\u00f3\u017cne modele tych p\u00f3\u0142but\u00f3w. Czy wiesz, <a href=\"https:\/\/blog.ccc.eu\/pl\/czym-sie-roznia-loafersy-od-mokasynow\/\">czym r\u00f3\u017cni\u0105 si\u0119 loafersy od mokasyn\u00f3w?<\/a><\/p>\n\n\n\n\n\n\n\n<p><\/p>\n\n\n\n<p><strong>Cz\u00f3\u0142enka Lasocki<\/strong> \u2013 to zdecydowanie buty, w kt\u00f3re warto inwestowa\u0107, bo ich design b\u0119dzie modny jeszcze przez wiele lat. Te buty sprawdz\u0105 si\u0119 w wielu sytuacjach. Gdy b\u0119dziesz chcia\u0142a wygl\u0105da\u0107 elegancko, ale te\u017c i modnie. <a href=\"https:\/\/blog.ccc.eu\/pl\/czolenka-najlepsze-buty-w-damskiej-garderobie\/\">Ponadczasowe cz\u00f3\u0142enka<\/a> Lasockiego to buty, kt\u00f3re odnajd\u0105 si\u0119 w ka\u017cdej stylizacji.<\/p>\n\n\n\n\n\n\n\n<p><\/p>\n\n\n\n<p><strong>Espadryle Lasocki<\/strong> \u2013 s\u0105 bardzo stylowe i supermodne! Szczeg\u00f3lnie te modele na koturnie lub te na niewysokiej platformie, czy zupe\u0142nie p\u0142askie. \u015awietnie odnajd\u0105 si\u0119 w miejskim stylu w duecie z letni\u0105 zwiewn\u0105 sukienk\u0105.<\/p>\n\n\n\n\n\n\n\n<h2 class=\"wp-block-heading\">Lasocki buty m\u0119skie<\/h2>\n\n\n\n<p>M\u0119ska klasyka w najlepszym wydaniu! Je\u017celi <a href=\"https:\/\/blog.ccc.eu\/pl\/dobieramy-buty-do-smokingu\/\">szukasz but\u00f3w do smokingu<\/a> czy garnituru, to w\u0142a\u015bnie w CCC znajdziesz idealne p\u00f3\u0142buty Lasocki, kt\u00f3re wykorzystasz na niejedn\u0105 okazj\u0119. W kolekcji marki dost\u0119pne s\u0105 zar\u00f3wno ponadczasowe oksfordy, nieco lu\u017aniejsze derby czy brogsy. Stworzysz z nimi nie tylko <a href=\"https:\/\/blog.ccc.eu\/pl\/smart-casual-meski-bez-tajemnic\/\">stylizacje w stylu smart casual<\/a>, ale te\u017c i te bardziej oficjalne. W kolekcji Lasocki For Men dost\u0119pne s\u0105 r\u00f3wnie\u017c eleganckie sportowe p\u00f3\u0142buty, mokasyny, czy wsuwane buty typu slip-on. Wszystkie projekty zosta\u0142y stworzone po to, by dawa\u0107 maksimum komfortu, spe\u0142nia\u0107 ponadczasowe walory estetyczne i oczywi\u015bcie s\u0142u\u017cy\u0107 przez d\u0142u\u017cszy czas.<\/p>\n\n\n\n\n\n\n\n<p><\/p>\n\n\n\n<h2 class=\"wp-block-heading\">Buty dzieci\u0119ce Lasocki<\/h2>\n\n\n\n<p>Lasocki dba o obuwie dla ca\u0142ej rodziny, dlatego stworzy\u0142 dwie linie obuwia dzieci\u0119cego: dla maluch\u00f3w i starszych dzieci, kt\u00f3rym pragniemy zapewni\u0107 niebywa\u0142y komfort. Dzieci w butach sp\u0119dzaj\u0105 bardzo aktywnie czas, dlatego tak wa\u017cne jest, by buty by\u0142y idealnym kompanem do zabaw na \u015bwie\u017cym powietrzu, podczas stawiania pierwszych krok\u00f3w czy pierwszego dnia w szkole.<\/p>\n\n\n\n<p><strong>Lasocki Kids<\/strong> \u2013 w kolekcji znajduj\u0105 si\u0119 buty dla tych dzieci, kt\u00f3re stawiaj\u0105 swoje pierwsze kroki, chodz\u0105 do \u017c\u0142obka przedszkola czy zer\u00f3wki. Dost\u0119pne s\u0105 modele zar\u00f3wno dla dziewczynek jak i dla ch\u0142opc\u00f3w. W kolekcjach znajduj\u0105 si\u0119 stylowe sanda\u0142ki, sportowe sneakersy na rzepy, p\u00f3\u0142buty, trzewiki, kozaki czy botki. W pi\u0119knym minimalistycznym stylu i dzieci\u0119cej kolorystyce.<\/p>\n\n\n\n\n\n\n\n<p><\/p>\n\n\n\n<p><strong>Lasocki Young<\/strong> \u2013 to linia but\u00f3w przewidziana dla starszych dzieci, m\u0142odzie\u017cy czy nastolatk\u00f3w. Stylowe trzewiki, p\u00f3\u0142buty, mokasyny, sanda\u0142y czy kozaki bardzo dobrze odnajd\u0105 si\u0119 podczas pierwszych dni w szkole, ale te\u017c i w pozosta\u0142ych latach edukacji. Wykonane z wysokogatunkowych materia\u0142\u00f3w, s\u0105 doskona\u0142\u0105 propozycj\u0105 dla m\u0142odzie\u017cy, kt\u00f3ra ceni sobie wysok\u0105 jako\u015b\u0107 i dobry styl.<\/p>\n\n\n\n\n\n\n\n<figure class=\"wp-block-gallery has-nested-images columns-default is-cropped wp-block-gallery-4 is-layout-flex wp-block-gallery-is-layout-flex\">\n<figure class=\"wp-block-image size-large\"><img loading=\"lazy\" decoding=\"async\" width=\"690\" height=\"1024\" data-id=\"7591\" src=\"https:\/\/blog.ccc.eu\/pl\/wp-content\/uploads\/2022\/04\/Dan-18-690x1024.jpg\" alt=\"\" class=\"wp-image-7591\" srcset=\"https:\/\/blog.ccc.eu\/pl\/wp-content\/uploads\/2022\/04\/Dan-18-690x1024.jpg 690w, https:\/\/blog.ccc.eu\/pl\/wp-content\/uploads\/2022\/04\/Dan-18-202x300.jpg 202w, https:\/\/blog.ccc.eu\/pl\/wp-content\/uploads\/2022\/04\/Dan-18-768x1140.jpg 768w, https:\/\/blog.ccc.eu\/pl\/wp-content\/uploads\/2022\/04\/Dan-18-100x148.jpg 100w, https:\/\/blog.ccc.eu\/pl\/wp-content\/uploads\/2022\/04\/Dan-18.jpg 842w\" sizes=\"auto, (max-width: 690px) 100vw, 690px\" \/><\/figure>\n\n\n\n<figure class=\"wp-block-image size-large\"><img loading=\"lazy\" decoding=\"async\" width=\"692\" height=\"1024\" data-id=\"7592\" src=\"https:\/\/blog.ccc.eu\/pl\/wp-content\/uploads\/2022\/04\/Dan-19-692x1024.jpg\" alt=\"\" class=\"wp-image-7592\" srcset=\"https:\/\/blog.ccc.eu\/pl\/wp-content\/uploads\/2022\/04\/Dan-19-692x1024.jpg 692w, https:\/\/blog.ccc.eu\/pl\/wp-content\/uploads\/2022\/04\/Dan-19-203x300.jpg 203w, https:\/\/blog.ccc.eu\/pl\/wp-content\/uploads\/2022\/04\/Dan-19-768x1136.jpg 768w, https:\/\/blog.ccc.eu\/pl\/wp-content\/uploads\/2022\/04\/Dan-19-100x148.jpg 100w, https:\/\/blog.ccc.eu\/pl\/wp-content\/uploads\/2022\/04\/Dan-19.jpg 845w\" sizes=\"auto, (max-width: 692px) 100vw, 692px\" \/><\/figure>\n<\/figure>\n\n\n\n<h2 class=\"wp-block-heading\">Torebki Lasocki<\/h2>\n\n\n\n<p>Kwintesencja elegancji i synonim klasyki. Ponadczasowy styl wida\u0107 w projektach torebek marki Lasocki. Bardzo proste i funkcjonalne shopperki, dyskretne listonoszki w klasycznych kolorach, <strong>ma\u0142e torebki, kt\u00f3re urzekaj\u0105 lakierowan\u0105 sk\u00f3r\u0105<\/strong>, \u015bliczne kopert\u00f3wki, kt\u00f3re zabierzesz ze sob\u0105 na przyj\u0119cie, a tak\u017ce stylowe plecaki, torebki worki, niewielkie bagietki, a nawet walizka Lasocki. A wszystko to wykonane z materia\u0142\u00f3w, kt\u00f3re pozwol\u0105 Ci cieszy\u0107 si\u0119 Twoj\u0105 ulubion\u0105 torebk\u0105 przez lata. Tego typu torebki odnajd\u0105 si\u0119 zar\u00f3wno w bardzo kolorowej i kwiatowej garderobie, b\u0119d\u0105c elementem wyciszaj\u0105cym stylizacj\u0119, a tak\u017ce w bardziej oficjalnym stylu. Zabierzesz je ze sob\u0105 do pracy, po pracy czy na wakacje.<\/p>\n\n\n\n\n\n\n\n<p><\/p>\n\n\n\n<h2 class=\"wp-block-heading\">Jak czy\u015bci\u0107 buty sk\u00f3rzane Lasocki?<\/h2>\n\n\n\n<p>Buty Lasocki wykonywane s\u0105 z wysokiej jako\u015bci sk\u00f3r. Dlatego tak wa\u017cna jest ich piel\u0119gnacja, aby mog\u0142y cieszy\u0107 stopy i oczy przez wiele sezon\u00f3w. <a href=\"https:\/\/blog.ccc.eu\/pl\/czyszczenie-butow-skorzanych-poznaj-10-zasad-pielegnacji-skory-licowej-i-zamszu\/\">Czyszczenie but\u00f3w sk\u00f3rzanych<\/a>, jest wa\u017cnym etapem, kt\u00f3rego zdecydowanie nie mo\u017cna pomija\u0107. Buty w zale\u017cno\u015bci od rodzaju sk\u00f3ry, powinny by\u0107 piel\u0119gnowane dedykowanymi sprayami i kremami, kt\u00f3re b\u0119d\u0105 wspiera\u0142y je podczas naturalnego procesu zu\u017cycia.<\/p>\n\n\n\n<p>Warto te\u017c zaopatrzy\u0107 si\u0119 w specjalne akcesoria w tym szczoteczki. Inaczej <a href=\"https:\/\/blog.ccc.eu\/pl\/jak-czyscic-nubuk\/\">czy\u015bci si\u0119 nubuk<\/a>, a inaczej naturaln\u0105 sk\u00f3r\u0119 licow\u0105. Szczeg\u00f3lnego traktowania wymaga te\u017c zamsz. Aby w og\u00f3le rozpocz\u0105\u0107 proces piel\u0119gnacji warto dowiedzie\u0107 si\u0119 <a href=\"https:\/\/blog.ccc.eu\/pl\/jak-wyczyscic-zamszowe-buty-i-ich-nie-zniszczyc\/\">jak wyczy\u015bci\u0107 zamszowe buty i ich nie zniszczy\u0107<\/a>. Swoje zadbane buty, przechowuj zawsze w dedykowanych pude\u0142kach, kt\u00f3re zapewni\u0105 im odpowiedni\u0105 cyrkulacj\u0119 powietrza przez kilka miesi\u0119cy, gdy zmieniasz rodzaj obuwia mi\u0119dzy sezonami.<\/p>\n\n\n\n<h2 class=\"wp-block-heading\">Jak nosi\u0107 produkty marki Lasocki?<\/h2>\n\n\n\n<p>Lasocki ma t\u0119 przewag\u0119, \u017ce jego oferta jest naprawd\u0119 rozbudowana i absolutnie ka\u017cdy, mo\u017ce znale\u017a\u0107 w niej obuwie i dodatki dostosowane do jego potrzeb i wymaga\u0144. Inwestuj\u0105c w klasyczne damskie cz\u00f3\u0142enka Lasocki wiesz, \u017ce pos\u0142u\u017c\u0105 Ci przez kilka sezon\u00f3w dok\u0142adnie tak samo jak kozaki Lasocki, czy buty zimowe Lasocki, kt\u00f3re niezale\u017cnie od zmieniaj\u0105cych si\u0119 trend\u00f3w, doskonale wpasuj\u0105 si\u0119 w Twoj\u0105 stylizacje. Buty Lasocki mo\u017cesz \u0142\u0105czy\u0107 zar\u00f3wno ze stylem casualowym, smart casualowym, ale te\u017c i stworzysz perfekcyjny look vintage, lub <a href=\"https:\/\/blog.ccc.eu\/pl\/styl-basic-nie-tylko-dla-minimalistek\/\">stworzysz stylizacj\u0119 basic<\/a> \u2013 eleganckie baleriny i cz\u00f3\u0142enka b\u0119d\u0105 dok\u0142adnie tym, czego szukasz! Dzi\u0119ki produktom marki Lasocki, bez problemu zbudujesz wysokiej jako\u015bci kapsu\u0142ow\u0105 garderob\u0119, na kt\u00f3rej b\u0119dziesz mog\u0142a zawsze polega\u0107.<\/p>\n\n\n\n<p>Marka Lasocki odwo\u0142uje si\u0119 w swoich za\u0142o\u017ceniach do absolutnie ka\u017cdego cz\u0142owieka. Zar\u00f3wno ten ma\u0142y jak i ten du\u017cy znajdzie w kolekcjach buty, kt\u00f3re b\u0119d\u0105 mu towarzyszy\u0142y na ka\u017cdym kroku. Lasocki \u015bwietnie rozumie wsp\u00f3\u0142czesn\u0105 mod\u0119 i trendy, ch\u0119tnie do nich nawi\u0105zuj\u0105c, a ich perfekcyjna klasyka zawsze znajdzie miejsce w garderobie damskiej, m\u0119skiej i dzieci\u0119cej. Doskona\u0142a jako\u015b\u0107, prosty design i zaufanie, na kt\u00f3re marka Lasocki pracuje od dekad, idealnie wpasuj\u0105 si\u0119 w ka\u017cd\u0105 Twoj\u0105 stylizacje. Najlepsze buty i torebki marki Lasocki znajdziesz w naszych sklepach CCC, na ccc.eu i w aplikacji.<\/p>\n","protected":false},"excerpt":{"rendered":"<p>Tradycja, rodzina i ponadczasowy styl, kt\u00f3ry zawsze jest w modzie zachwycaj\u0105 od pokole\u0144 w klasycznych i eleganckich kolekcjach marki Lasocki. Obuwie, kt\u00f3re zosta\u0142o stworzone z my\u015bl\u0105 o ka\u017cdym cz\u0142onku rodziny wykonane jest z najwy\u017cszej jako\u015bci sk\u00f3rzanych materia\u0142\u00f3w, zapewniaj\u0105cych im niebywa\u0142\u0105 trwa\u0142o\u015b\u0107 przez wiele sezon\u00f3w. To w\u0142a\u015bnie dlatego buty Lasocki zosta\u0142y sta\u0142ym elementem naszej garderoby, kt\u00f3remu [&hellip;]<\/p>\n","protected":false},"author":17,"featured_media":7795,"comment_status":"open","ping_status":"closed","sticky":false,"template":"","format":"standard","meta":{"_acf_changed":false,"footnotes":""},"categories":[1565,432],"tags":[735,22,441],"class_list":["post-7582","post","type-post","status-publish","format-standard","has-post-thumbnail","hentry","category-marki-w-ccc","category-newsroom","tag-klasyka","tag-lasocki-2","tag-newsroom"],"acf":[],"_links":{"self":[{"href":"https:\/\/blog.ccc.eu\/pl\/wp-json\/wp\/v2\/posts\/7582","targetHints":{"allow":["GET"]}}],"collection":[{"href":"https:\/\/blog.ccc.eu\/pl\/wp-json\/wp\/v2\/posts"}],"about":[{"href":"https:\/\/blog.ccc.eu\/pl\/wp-json\/wp\/v2\/types\/post"}],"author":[{"embeddable":true,"href":"https:\/\/blog.ccc.eu\/pl\/wp-json\/wp\/v2\/users\/17"}],"replies":[{"embeddable":true,"href":"https:\/\/blog.ccc.eu\/pl\/wp-json\/wp\/v2\/comments?post=7582"}],"version-history":[{"count":6,"href":"https:\/\/blog.ccc.eu\/pl\/wp-json\/wp\/v2\/posts\/7582\/revisions"}],"predecessor-version":[{"id":22962,"href":"https:\/\/blog.ccc.eu\/pl\/wp-json\/wp\/v2\/posts\/7582\/revisions\/22962"}],"wp:featuredmedia":[{"embeddable":true,"href":"https:\/\/blog.ccc.eu\/pl\/wp-json\/wp\/v2\/media\/7795"}],"wp:attachment":[{"href":"https:\/\/blog.ccc.eu\/pl\/wp-json\/wp\/v2\/media?parent=7582"}],"wp:term":[{"taxonomy":"category","embeddable":true,"href":"https:\/\/blog.ccc.eu\/pl\/wp-json\/wp\/v2\/categories?post=7582"},{"taxonomy":"post_tag","embeddable":true,"href":"https:\/\/blog.ccc.eu\/pl\/wp-json\/wp\/v2\/tags?post=7582"}],"curies":[{"name":"wp","href":"https:\/\/api.w.org\/{rel}","templated":true}]}}