{"id":7760,"date":"2022-05-02T09:35:03","date_gmt":"2022-05-02T07:35:03","guid":{"rendered":"https:\/\/blog.ccc.eu\/pl\/?p=7760"},"modified":"2023-08-10T14:38:11","modified_gmt":"2023-08-10T12:38:11","slug":"szlachetne-wyrafinowanie-w-nowej-kolekcji-marki-badura","status":"publish","type":"post","link":"https:\/\/blog.ccc.eu\/pl\/szlachetne-wyrafinowanie-w-nowej-kolekcji-marki-badura\/","title":{"rendered":"Szlachetne wyrafinowanie w nowej kolekcji marki Badura"},"content":{"rendered":"\n<p><b>Indywidualny styl pe\u0142en klasyki i elegancji, wzbogacony o bardzo modne i trendowe elementy. Taka w\u0142a\u015bnie jest nowa kolekcja marki Badura, dzi\u0119ki kt\u00f3rej w Twojej garderobie zapanuje stylowa wiosna i supermodne lato. Neutralna paleta barw pe\u0142na bieli, czerni i odcieni czekolady, geometryczne kszta\u0142ty i niecodzienne formy wzbogacone o bi\u017cuteryjne detale. Zaskocz wszystkich swoim w\u0142asnym podej\u015bciem do mody, wybieraj\u0105c stylowe buty i dodatki z jednej z najpi\u0119kniejszych kolekcji w tym sezonie.<\/b><\/p>\n\n\n\n<figure class=\"wp-block-gallery has-nested-images columns-default is-cropped wp-block-gallery-1 is-layout-flex wp-block-gallery-is-layout-flex\">\n<figure class=\"wp-block-image size-large\"><img loading=\"lazy\" decoding=\"async\" width=\"748\" height=\"977\" data-id=\"7764\" src=\"https:\/\/blog.ccc.eu\/pl\/wp-content\/uploads\/2022\/05\/CCC_5904248284008_02M-1.jpg\" alt=\"\" class=\"wp-image-7764\" srcset=\"https:\/\/blog.ccc.eu\/pl\/wp-content\/uploads\/2022\/05\/CCC_5904248284008_02M-1.jpg 748w, https:\/\/blog.ccc.eu\/pl\/wp-content\/uploads\/2022\/05\/CCC_5904248284008_02M-1-230x300.jpg 230w, https:\/\/blog.ccc.eu\/pl\/wp-content\/uploads\/2022\/05\/CCC_5904248284008_02M-1-100x131.jpg 100w\" sizes=\"auto, (max-width: 748px) 100vw, 748px\" \/><\/figure>\n\n\n\n<figure class=\"wp-block-image size-large\"><img loading=\"lazy\" decoding=\"async\" width=\"702\" height=\"1024\" data-id=\"7763\" src=\"https:\/\/blog.ccc.eu\/pl\/wp-content\/uploads\/2022\/05\/CCC_5904248486211_02M1-702x1024.jpg\" alt=\"\" class=\"wp-image-7763\" srcset=\"https:\/\/blog.ccc.eu\/pl\/wp-content\/uploads\/2022\/05\/CCC_5904248486211_02M1-702x1024.jpg 702w, https:\/\/blog.ccc.eu\/pl\/wp-content\/uploads\/2022\/05\/CCC_5904248486211_02M1-206x300.jpg 206w, https:\/\/blog.ccc.eu\/pl\/wp-content\/uploads\/2022\/05\/CCC_5904248486211_02M1-100x146.jpg 100w, https:\/\/blog.ccc.eu\/pl\/wp-content\/uploads\/2022\/05\/CCC_5904248486211_02M1.jpg 712w\" sizes=\"auto, (max-width: 702px) 100vw, 702px\" \/><\/figure>\n<\/figure>\n\n\n\n<h2 class=\"wp-block-heading\"><strong>Nowoczesna sesja w wyrafinowanym stylu<\/strong><\/h2>\n\n\n\n<p>Pe\u0142na klasyki i elegancji kolekcja zas\u0142uguje na wyj\u0105tkow\u0105 opraw\u0119. W absolutnie stylowej i minimalistycznej przestrzeni mo\u017cemy zobaczy\u0107 modelki Mariane Santane i Luca Lemaire, kt\u00f3rym zdj\u0119cia wykona\u0142 \u0141ukasz Pukowiec, znany nam z kampanii dla JW Andersona. Przy sesji pracowa\u0142a te\u017c jedna z najbardziej znanych i utytu\u0142owanych stylistek \u2013 Agnieszka \u015acibior. Z kolei makija\u017c do tej sesji zdj\u0119ciowej przygotowa\u0142a Marianna Yurkiewicz, pracuj\u0105ca za kulisami tygodni mody. <strong>Zdj\u0119cia na szachownicy perfekcyjnie nawi\u0105zuj\u0105 do klasycznej kolekcji Badury<\/strong>, doskona\u0142e po\u0142\u0105czenie barw idealnie komponuje si\u0119 z najpopularniejsz\u0105 na \u015bwiecie krat\u0105. Surowe wn\u0119trze, prostota i minimalizm. Nic wi\u0119cej nie jest potrzebne do wyeksponowania pi\u0119knej kolekcji marki.<\/p>\n\n\n\n<figure class=\"wp-block-embed is-type-video is-provider-youtube wp-block-embed-youtube wp-embed-aspect-16-9 wp-has-aspect-ratio\"><div class=\"wp-block-embed__wrapper\">\n<iframe loading=\"lazy\" title=\"CCC I Badura SS22\" width=\"500\" height=\"281\" src=\"https:\/\/www.youtube.com\/embed\/dmjnSlzvOAo?feature=oembed\" frameborder=\"0\" allow=\"accelerometer; autoplay; clipboard-write; encrypted-media; gyroscope; picture-in-picture; web-share\" referrerpolicy=\"strict-origin-when-cross-origin\" allowfullscreen><\/iframe>\n<\/div><\/figure>\n\n\n\n<h2 class=\"wp-block-heading\"><strong>Propozycje dla niej<\/strong><\/h2>\n\n\n\n<p>W damskiej kolekcji marki Badura znajdziemy szlachetne zdobienia na butach i torebkach. Nawi\u0105zuj\u0105c do gor\u0105cego trendu jakim s\u0105 \u0142a\u0144cuszki, Badura wzbogaci\u0142 swoj\u0105 kolekcj\u0119 o ten w\u0142a\u015bnie motyw. Znajdziemy <a href=\"https:\/\/blog.ccc.eu\/pl\/hit-wiosny-mokasyny-na-grubej-podeszwie\/\">mokasyny na grubej podeszwie<\/a> z obszernymi i szerokimi \u0142a\u0144cuchami, ale te\u017c i te bardzo klasyczne z subtelnym zdobieniem, nie tylko w podstawowej kolorystyce, ale i w odcieniach paryskiego b\u0142\u0119kitu. Zachwycaj\u0105ce s\u0105 te\u017c sanda\u0142y na szpilce, <a href=\"https:\/\/blog.ccc.eu\/pl\/lata-80-moda-ktora-lubi-powracac\/\">nawi\u0105zuj\u0105ce do lat 80.<\/a> minionego wieku. W kolekcji znajdziemy te\u017c zar\u00f3wno trzewiki jak i sneakersy w bia\u0142ym kolorze z eleganckimi zdobieniami, kt\u00f3re b\u0119d\u0105 pasowa\u0142y do <a href=\"https:\/\/blog.ccc.eu\/pl\/smart-casual-damski-styl-nowoczesnej-kobiety\/\">stylizacji smart casual<\/a>, ale te\u017c i tych bardziej oficjalnych.<\/p>\n\n\n\n\n\n\n<h2 class=\"wp-block-heading\"><strong>Torebki z efektem \u201eWOW\u201d<\/strong><\/h2>\n\n\n\n<p>W kolekcji Badury opr\u00f3cz but\u00f3w z \u0142a\u0144cuszkami znajdziemy torebki z tym samym motywem. Bardzo klasyczne i proste kroje zar\u00f3wno z g\u0142adkiej naturalnej sk\u00f3ry licowej jak i z pikowanej, zosta\u0142y wzbogacone o masywne \u0142a\u0144cuchy, kt\u00f3re nie pozwalaj\u0105 oderwa\u0107 wzroku od torebki. Zar\u00f3wno modele w kolorze bieli, w\u0142oskiego cappuccino czy te\u017c czerni robi\u0105 ogromne wra\u017cenie. Torebki nawi\u0105zuj\u0105 do kultowej marki Chanel, kt\u00f3ra by\u0142a prekursorem tego stylu. Mo\u017cna je nosi\u0107 zar\u00f3wno na ramieniu jak i po prostu trzyma\u0107 nonszalancko w r\u0119ku. Bi\u017cuteryjne detale zdobi\u0105 zar\u00f3wno listonoszki jak i stylowe kuferki. Do swojej eleganckiej stylizacji wybierz zjawiskowy kuferek z klamr\u0105.<\/p>\n\n\n\n<p><strong><\/strong><\/p>\n\n\n\n<h2 class=\"wp-block-heading\"><strong>M\u0119ska kolekcja Badury<\/strong><\/h2>\n\n\n\n<p>W nowej ods\u0142onie na sezon wiosna-lato m\u0119\u017cczy\u017ani maj\u0105 naprawd\u0119 du\u017cy wyb\u00f3r. Panuj\u0105ca retro stylistyka urzeka po\u0142\u0105czeniami kawy latte, bieli i apetycznego karmelu \u2013 te barwy znajdziecie na sportowym obuwiu od Badury. Opr\u00f3cz tego w kolekcji dost\u0119pne s\u0105 sneakersy do kostek w bardzo minimalistycznym stylu, doskonale wpasowuj\u0105cym si\u0119 w miejski szyk oraz sztyblety na masywnej podeszwie. Dla fan\u00f3w marynarskiego stylu Badura przygotowa\u0142 granatowe sneakersy \u015bwietnie komponuj\u0105ce si\u0119 z klasycznymi chinosami i kultow\u0105 bomberk\u0105. M\u0119ska kolekcja utrzymana jest w odcieniach piasku, toffi i czekolady w bardzo klasycznym uj\u0119ciu.<\/p>\n\n\n\n<p><strong><\/strong><\/p>\n\n\n\n<h2 class=\"wp-block-heading\"><strong>Jak nosi\u0107 kolekcj\u0119 Badury?<\/strong><\/h2>\n\n\n\n<p>Pe\u0142na eleganckiego i szlachetnego stylu kolekcja bardzo dobrze pasuje do oficjalnych stylizacji. B\u0119dzie \u015bwietn\u0105 propozycj\u0105 do biurowych outfit\u00f3w, ale te\u017c i doskonale sprawdzi si\u0119 w miejskim bardzo eleganckim wydaniu. <strong>Za\u0142\u00f3\u017c czarny garnitur, a do niego dobierz mokasyny na grubej podeszwie<\/strong>. Je\u017celi wolisz bardziej klasyczny look mo\u017cesz postawi\u0107 na mokasyny na p\u0142askiej podeszwie z dekoracyjn\u0105 klamr\u0105. Do bardzo klasycznego kombinezonu dobierz sanda\u0142y na obcasie, podczas letnich wieczornych wyj\u015b\u0107 b\u0119d\u0105 doskonale si\u0119 komponowa\u0142y z Twoj\u0105 stylizacj\u0105!<\/p>\n\n\n\n<p>M\u0119\u017cczy\u017ani z kolei skomponuj\u0105 smart casualowe stylizacje, w kt\u00f3rych g\u0142\u00f3wn\u0105 rol\u0119 zagraj\u0105 bardzo stylowe sneakersy. B\u0119d\u0105 \u015bwietnie si\u0119 \u0142\u0105czy\u0142y zar\u00f3wno ze spodniami typu chino, z jeansami, ale te\u017c i z bardziej oficjalnymi stylizacjami. Mo\u017cesz zestawi\u0107 je z lnianym t-shirtem w piaskowym kolorze i z marynark\u0105. Kolekcja <a href=\"https:\/\/blog.ccc.eu\/pl\/buty-badura-teraz-w-ofercie-ccc\/\">marki Badura<\/a> stworzona jest do wysublimowanych i bardzo eleganckich zestaw\u00f3w.<\/p>\n\n\n\n<p>W nowej kolekcji Badury czeka na Ciebie niebywa\u0142y szyk i elegancja. A wszystko to pi\u0119knie skomponowane z supermodnymi trendami, kt\u00f3re kr\u00f3luj\u0105 na wybiegach. Po\u0142\u0105czenie ponadczasowego stylu i modowych akcent\u00f3w zawsze si\u0119 sprawdza, gdy chcesz stworzy\u0107 stylizacje wzbudzaj\u0105ce zachwyt. Najpi\u0119kniejsze i najmodniejsze buty i torebki znajdziesz w naszych sklepach CCC na ccc.eu i w aplikacji.<\/p>\n","protected":false},"excerpt":{"rendered":"<p>Indywidualny styl pe\u0142en klasyki i elegancji, wzbogacony o bardzo modne i trendowe elementy. Taka w\u0142a\u015bnie jest nowa kolekcja marki Badura, dzi\u0119ki kt\u00f3rej w Twojej garderobie zapanuje stylowa wiosna i supermodne lato. Neutralna paleta barw pe\u0142na bieli, czerni i odcieni czekolady, geometryczne kszta\u0142ty i niecodzienne formy wzbogacone o bi\u017cuteryjne detale. Zaskocz wszystkich swoim w\u0142asnym podej\u015bciem do [&hellip;]<\/p>\n","protected":false},"author":17,"featured_media":7764,"comment_status":"open","ping_status":"closed","sticky":false,"template":"","format":"standard","meta":{"_acf_changed":false,"footnotes":""},"categories":[432],"tags":[498,441,510],"class_list":["post-7760","post","type-post","status-publish","format-standard","has-post-thumbnail","hentry","category-newsroom","tag-badura","tag-newsroom","tag-nowa-kolekcja"],"acf":[],"_links":{"self":[{"href":"https:\/\/blog.ccc.eu\/pl\/wp-json\/wp\/v2\/posts\/7760","targetHints":{"allow":["GET"]}}],"collection":[{"href":"https:\/\/blog.ccc.eu\/pl\/wp-json\/wp\/v2\/posts"}],"about":[{"href":"https:\/\/blog.ccc.eu\/pl\/wp-json\/wp\/v2\/types\/post"}],"author":[{"embeddable":true,"href":"https:\/\/blog.ccc.eu\/pl\/wp-json\/wp\/v2\/users\/17"}],"replies":[{"embeddable":true,"href":"https:\/\/blog.ccc.eu\/pl\/wp-json\/wp\/v2\/comments?post=7760"}],"version-history":[{"count":3,"href":"https:\/\/blog.ccc.eu\/pl\/wp-json\/wp\/v2\/posts\/7760\/revisions"}],"predecessor-version":[{"id":19288,"href":"https:\/\/blog.ccc.eu\/pl\/wp-json\/wp\/v2\/posts\/7760\/revisions\/19288"}],"wp:featuredmedia":[{"embeddable":true,"href":"https:\/\/blog.ccc.eu\/pl\/wp-json\/wp\/v2\/media\/7764"}],"wp:attachment":[{"href":"https:\/\/blog.ccc.eu\/pl\/wp-json\/wp\/v2\/media?parent=7760"}],"wp:term":[{"taxonomy":"category","embeddable":true,"href":"https:\/\/blog.ccc.eu\/pl\/wp-json\/wp\/v2\/categories?post=7760"},{"taxonomy":"post_tag","embeddable":true,"href":"https:\/\/blog.ccc.eu\/pl\/wp-json\/wp\/v2\/tags?post=7760"}],"curies":[{"name":"wp","href":"https:\/\/api.w.org\/{rel}","templated":true}]}}