{"id":7910,"date":"2022-05-11T14:51:24","date_gmt":"2022-05-11T12:51:24","guid":{"rendered":"https:\/\/blog.ccc.eu\/pl\/?p=7910"},"modified":"2023-09-26T15:42:12","modified_gmt":"2023-09-26T13:42:12","slug":"trend-alert-kolorowa-torebka-na-lato","status":"publish","type":"post","link":"https:\/\/blog.ccc.eu\/pl\/trend-alert-kolorowa-torebka-na-lato\/","title":{"rendered":"Kolorowa torebka na lato! Zobacz nasze propozycje"},"content":{"rendered":"\n<p><b>Tego lata kr\u00f3lowa\u0107 b\u0119dzie kolorystyczny maksymalizm po\u0142\u0105czony z eklektyzmem. Teraz intensywny r\u00f3\u017cowy i soczysta pomara\u0144cza tworz\u0105 duet, kt\u00f3ry elektryzuje swoj\u0105 \u017cywio\u0142owo\u015bci\u0105. Dlatego kolorowa torebka b\u0119dzie absolutnym hitem w Twojej stylizacji. Nasycone b\u0142\u0119kity, trawiaste zielenie, ognista czerwie\u0144 czy po prostu \u017c\u00f3\u0142ty b\u0119d\u0105 zdobi\u0107 Twoje kolorowe torebki na lato. Daj si\u0119 porwa\u0107 kolorom, a swoj\u0105 klasyczn\u0105, czarn\u0105 lub br\u0105zow\u0105 torebk\u0119 schowaj do szafy, niech zaczeka na Ciebie do jesieni. B\u0105d\u017a odwa\u017cna i kreatywna, i sprawd\u017a, jakie kolorowe torebki czekaj\u0105 na Ciebie w CCC!<\/b><\/p>\n\n\n\n<figure class=\"wp-block-gallery has-nested-images columns-default is-cropped wp-block-gallery-1 is-layout-flex wp-block-gallery-is-layout-flex\">\n<figure class=\"wp-block-image size-large\"><img loading=\"lazy\" decoding=\"async\" width=\"1024\" height=\"768\" data-id=\"7912\" src=\"https:\/\/blog.ccc.eu\/pl\/wp-content\/uploads\/2022\/05\/CCC_JF_SS22_05-1024x768.jpg\" alt=\"\" class=\"wp-image-7912\" srcset=\"https:\/\/blog.ccc.eu\/pl\/wp-content\/uploads\/2022\/05\/CCC_JF_SS22_05-1024x768.jpg 1024w, https:\/\/blog.ccc.eu\/pl\/wp-content\/uploads\/2022\/05\/CCC_JF_SS22_05-300x225.jpg 300w, https:\/\/blog.ccc.eu\/pl\/wp-content\/uploads\/2022\/05\/CCC_JF_SS22_05-768x576.jpg 768w, https:\/\/blog.ccc.eu\/pl\/wp-content\/uploads\/2022\/05\/CCC_JF_SS22_05-100x75.jpg 100w, https:\/\/blog.ccc.eu\/pl\/wp-content\/uploads\/2022\/05\/CCC_JF_SS22_05.jpg 1500w\" sizes=\"auto, (max-width: 1024px) 100vw, 1024px\" \/><\/figure>\n\n\n\n<figure class=\"wp-block-image size-large\"><img loading=\"lazy\" decoding=\"async\" width=\"768\" height=\"1024\" data-id=\"7911\" src=\"https:\/\/blog.ccc.eu\/pl\/wp-content\/uploads\/2022\/05\/CCC_JF_SS22_06-768x1024.jpg\" alt=\"\" class=\"wp-image-7911\" srcset=\"https:\/\/blog.ccc.eu\/pl\/wp-content\/uploads\/2022\/05\/CCC_JF_SS22_06-768x1024.jpg 768w, https:\/\/blog.ccc.eu\/pl\/wp-content\/uploads\/2022\/05\/CCC_JF_SS22_06-225x300.jpg 225w, https:\/\/blog.ccc.eu\/pl\/wp-content\/uploads\/2022\/05\/CCC_JF_SS22_06-100x133.jpg 100w, https:\/\/blog.ccc.eu\/pl\/wp-content\/uploads\/2022\/05\/CCC_JF_SS22_06.jpg 1125w\" sizes=\"auto, (max-width: 768px) 100vw, 768px\" \/><\/figure>\n<\/figure>\n\n\n\n<h2 class=\"wp-block-heading\"><strong>Dlaczego warto postawi\u0107 na kolory?<\/strong><\/h2>\n\n\n\n<p>Sezon wiosenno-letni to doskona\u0142y moment, by do swojej garderoby wpu\u015bci\u0107 troch\u0119 \u015bwie\u017co\u015bci. Tego lata kolor ma ogromne znaczenie. Zm\u0119czeni ci\u0119\u017ckim pandemicznym okresem, nijak\u0105 zim\u0105 i przed\u0142u\u017caj\u0105c\u0105 si\u0119 wiosn\u0105, pragniemy, by wreszcie w naszych stylizacjach pojawi\u0142o si\u0119 \u017cycie. <strong>Pe\u0142ne nasyconych barw i kolor\u00f3w<\/strong>. Projektanci d\u0142ugo czekali, by wreszcie eksplodowa\u0107 nie tylko neonami, ale te\u017c i pastelami, kt\u00f3re nieodzownie towarzysz\u0105 nam w ka\u017cdym letnim czasie. Kolorowe torebki na rami\u0119 s\u0105 absolutnym hitem sezonu. \u015awietnie skomponuj\u0105 si\u0119 z codziennymi stylizacjami, uzupe\u0142ni\u0105 wakacyjne looki, a nawet <a href=\"https:\/\/blog.ccc.eu\/pl\/sukienka-w-panterke-stylizacje\/\">dopasuj\u0105 si\u0119 do sukienki w panterk\u0119<\/a>! Postaw na wszechogarniaj\u0105c\u0105 moc kolor\u00f3w!<\/p>\n\n\n\n<h2 class=\"wp-block-heading\"><strong>Kolorowe torebki damskie<\/strong><\/h2>\n\n\n\n<p>Nie zawsze musz\u0105 oznacza\u0107, \u017ce jeste\u015b gotowa na szalon\u0105 imprez\u0119. Mog\u0105 by\u0107 supermodnym akcentem w Twojej stylizacji. Doskonale sprawdz\u0105 si\u0119, szczeg\u00f3lnie latem. Dlatego nawet do oficjalnego biurowego looku mo\u017cesz dobra\u0107 kolorow\u0105 torebk\u0119. <strong>Postaw na pastelowe \u017c\u00f3\u0142cie, paryskie b\u0142\u0119kity czy pudrowy r\u00f3\u017cowy.<\/strong> Te kolory \u015bwietnie po\u0142\u0105cz\u0105 si\u0119 z damskim garniturem, kombinezonem czy garsonk\u0105. W tym sezonie modne s\u0105 te\u017c total looki. Dlatego je\u017celi decydujesz si\u0119 na pomara\u0144czowy kostium, to zestaw go z pomara\u0144czowa, r\u00f3\u017cow\u0105 lub czerwon\u0105 torebk\u0105. Tego lata w grze w kolory, wszystkie chwyty s\u0105 dozwolone.<\/p>\n\n\n\n<figure class=\"wp-block-gallery has-nested-images columns-default is-cropped wp-block-gallery-2 is-layout-flex wp-block-gallery-is-layout-flex\">\n<figure class=\"wp-block-image size-large\"><img loading=\"lazy\" decoding=\"async\" width=\"1024\" height=\"683\" data-id=\"7913\" src=\"https:\/\/blog.ccc.eu\/pl\/wp-content\/uploads\/2022\/05\/JF-SS22_20220112_DC_JF_SH02_014_24m-1024x683.jpg\" alt=\"\" class=\"wp-image-7913\" srcset=\"https:\/\/blog.ccc.eu\/pl\/wp-content\/uploads\/2022\/05\/JF-SS22_20220112_DC_JF_SH02_014_24m-1024x683.jpg 1024w, https:\/\/blog.ccc.eu\/pl\/wp-content\/uploads\/2022\/05\/JF-SS22_20220112_DC_JF_SH02_014_24m-300x200.jpg 300w, https:\/\/blog.ccc.eu\/pl\/wp-content\/uploads\/2022\/05\/JF-SS22_20220112_DC_JF_SH02_014_24m-768x512.jpg 768w, https:\/\/blog.ccc.eu\/pl\/wp-content\/uploads\/2022\/05\/JF-SS22_20220112_DC_JF_SH02_014_24m-100x67.jpg 100w, https:\/\/blog.ccc.eu\/pl\/wp-content\/uploads\/2022\/05\/JF-SS22_20220112_DC_JF_SH02_014_24m.jpg 1032w\" sizes=\"auto, (max-width: 1024px) 100vw, 1024px\" \/><\/figure>\n<\/figure>\n\n\n\n<h2 class=\"wp-block-heading\"><strong>Du\u017ce kolorowe torebki damskie<\/strong><\/h2>\n\n\n\n<p>Je\u017celi szukasz torebki na zast\u0119pstwo swojej klasycznej czarnej shopperki, to we\u017a pod uwag\u0119 moc kolor\u00f3w, jaka czeka na Ciebie w CCC! Kolorowe sk\u00f3rzane torebki znajdziesz w kolekcjach marek Gino Rossi, Lasocki czy Badura. Wybierz idealn\u0105, kt\u00f3ra sprawdzi si\u0119 w Twoich wiosenno-letnich stylizacjach.<\/p>\n\n\n\n<p><strong>Wszystkie odcienie niebieskiego<\/strong> \u2013 od paryskiego b\u0142\u0119kitu po modry, chabrowy, morski czy pastelowy. Kolor niebieski jest megatrendy, dlatego zapro\u015b go do swojej garderoby. Shopperka w tym kolorze b\u0119dzie idealnym dodatkiem do biurowych oufit\u00f3w.<\/p>\n\n\n\n\n\n\n\n<p><\/p>\n\n\n\n<p><strong>Co za r\u00f3\u017c!<\/strong> \u2013 Wszystkie odcienie od zgaszonego r\u00f3\u017cu przez pudrowy, zimny, ciep\u0142y, rozbielony czy pastelowy. R\u00f3\u017cowa torebka typu shopper jest megatrendy i \u015bwietnie si\u0119 \u0142\u0105czy z innymi pastelowymi barwami, a nawet i z intensywnymi neonami.<\/p>\n\n\n\n\n\n\n\n<p><\/p>\n\n\n\n<h2 class=\"wp-block-heading\"><strong>Ma\u0142a kolorowa torebka<\/strong><\/h2>\n\n\n\n<p>Latem to w\u0142a\u015bnie ona cieszy si\u0119 najwi\u0119kszym uznaniem. Szczeg\u00f3lnie, gdy na Twoim ramieniu wisi kolorowa torebka listonoszka! Niewielkich rozmiar\u00f3w dodatek w przykuwaj\u0105cym wzrok kolorze, musi by\u0107 absolutnym hitem ka\u017cdej stylizacji! Najmodniejsze torebki w kolorach lata znajdziesz w CCC w kolekcjach marek DeeZee, Jenny Fairy czy Quazi.<\/p>\n\n\n\n<p><strong>Soczysta pomara\u0144cza<\/strong> \u2013 torebka w tym kolorze pasuje do supermodnych eklektycznych stylizacji. Pozw\u00f3l sobie na nieoczywisty kszta\u0142t, dodatkowe \u0142a\u0144cuchy czy zdobienia w postaci kolorowej chusty. Torebka w tym kolorze b\u0119dzie hitem Twojej stylizacji. Pami\u0119taj <a href=\"https:\/\/blog.ccc.eu\/pl\/trend-alert-pomaranczowy-kolor\/\">kolor pomara\u0144czowy jest nieoficjalnym kolorem tego roku!<\/a><\/p>\n\n\n\n\n\n\n\n<p><\/p>\n\n\n\n<p><strong>\u017bywy \u017c\u00f3\u0142ty<\/strong> \u2013 torebki w tym kolorze maj\u0105 du\u017ce pole do popisu. \u017b\u00f3\u0142ty \u0142\u0105czy si\u0119 bardzo dobrze z pastelami, neonami, ale te\u017c i z bardziej klasyczn\u0105 kolorystyk\u0105. Ta barwa jest na tyle plastyczna, \u017ce \u015bwietnie dopasowuje si\u0119 do wzor\u00f3w np. w kwiaty w <a href=\"https:\/\/blog.ccc.eu\/pl\/motyw-zwierzecy-imitacje-skory-w-modzie\/\">print zwierz\u0119cy<\/a> czy motyw ro\u015blinny. Dlatego w Twojej garderobie zrobi prawdziw\u0105 furor\u0119.<\/p>\n\n\n\n\n\n\n\n<p><\/p>\n\n\n\n<p><strong>Trawiasta ziele\u0144<\/strong> \u2013 tak! Zielony i to ten intensywny te\u017c jest kolorem tego roku! O\u017cywiony zielony zas\u0142uguje na pe\u0142ne uznanie i doskonale prezentuje si\u0119 na ma\u0142ych torebkach. Zestawiaj go z r\u00f3\u017cowym garniturem, z pomara\u0144czow\u0105 sukienk\u0105, czy z \u017c\u00f3\u0142tym dresem sportowym. Zielona torebka to must have Twojej garderoby.<\/p>\n\n\n\n\n\n\n\n<p><\/p>\n\n\n\n<p><strong>Lawendowe pole<\/strong> \u2013 pi\u0119kne fioletowe torebki ciesz\u0105 si\u0119 nies\u0142abn\u0105c\u0105 popularno\u015bci\u0105 ju\u017c od kilku sezon\u00f3w. Zgaszona lawenda nabiera teraz jeszcze wi\u0119cej znaczenia, od kiedy <a href=\"https:\/\/blog.ccc.eu\/pl\/pantone-very-peri-kolor-roku-2022\/\">fiolet sta\u0142 si\u0119 kolorem roku 2022.<\/a> Dlatego lu\u017ana inspiracja barw\u0105 Pantona mo\u017ce doskonale sprawdzi\u0107 si\u0119 w Twoich letnich stylizacjach. Lawenda, fiolet czy Very Peri zdecydowanie s\u0105 kolorami lata.<\/p>\n\n\n\n\n\n\n<p><strong>Balonowy r\u00f3\u017c<\/strong> \u2013 zdecydowanie najlepsz\u0105 wakacyjn\u0105 torebk\u0105 jest ta, w r\u00f3\u017cowym pastelowym kolorze. Jego charakter jest zar\u00f3wno oficjalny jak i bardzo codzienny, dlatego w\u0142a\u015bnie z tym odcieniem mo\u017cesz stworzy\u0107 najbardziej udane stylizacje. R\u00f3\u017cowy b\u0119dzie pasowa\u0142 i do pracy, i na wieczorne wyj\u015bcie. Korzystaj z pe\u0142nej gamy tej barwy, <a href=\"https:\/\/blog.ccc.eu\/pl\/neonowy-zawrot-glowy\/\">si\u0119gaj\u0105c nawet po neony<\/a>!<\/p>\n\n\n\n\n\n\n\n<p><\/p>\n\n\n\n<p><strong>Total red<\/strong> \u2013 czerwona torebka jest jednym z najbardziej klasycznych kolor\u00f3w w\u015br\u00f3d torebek. Bez problemu mog\u0142aby by\u0107 uznana za torebk\u0119 ca\u0142oroczn\u0105, ale zestawiaj\u0105c j\u0105 z letni\u0105 garderob\u0105 mo\u017ce przyj\u0105\u0107 zupe\u0142nie inny wymiar. Czerwona torebka bardzo dobrze wygl\u0105da zestawiona z jednokolorowymi garniturami czy kombinezonami. Ale te\u017c po\u0142\u0105czysz j\u0105 z sukienk\u0105 w pomara\u0144czowe kwiaty czy z bananow\u0105 sp\u00f3dnic\u0105.<\/p>\n\n\n\n\n\n\n\n<p><\/p>\n\n\n\n<h2 class=\"wp-block-heading\"><strong>Jak nosi\u0107 kolorowe torebki?<\/strong><\/h2>\n\n\n\n<p>Torebka pe\u0142na barw i kolor\u00f3w jest zawsze supermodnym akcentem w stylizacji. Je\u017celi decydujesz si\u0119 na neonowe i nasycone barwy, kt\u00f3re kr\u00f3luj\u0105 w tym sezonie, \u015bmia\u0142o zestawiaj je z r\u00f3wnie neonowymi kolorami. Eklektyzm i maksymalizm s\u0105 teraz hot. Dlatego <strong>do pomara\u0144czowego garnituru b\u0119dzie pasowa\u0142a Ci torebka w kolorze fuksji lub czerwieni.<\/strong> Je\u017celi lubisz total looki, \u015bwietnie sprawdzi si\u0119 te\u017c pomara\u0144czowa. Je\u017celi stawiasz na letnie zwiewne i kwiatowe sukienki, mo\u017cesz nawi\u0105za\u0107 kolorem torebki do motywu kwiat\u00f3w. Ale nie jest to obowi\u0105zkowe. Je\u017celi nie jeste\u015b pewna jaka torebka b\u0119dzie pasowa\u0142a do kwiatowej sukienki to wybierz pastelow\u0105 \u017c\u00f3\u0142t\u0105. Masz zielon\u0105 torebk\u0119? Zanim dobierzesz do niej sukienk\u0119, <a href=\"https:\/\/blog.ccc.eu\/pl\/jaki-kolor-pasuje-do-zielonego-poznaj-tajniki-stylistow\/\">sprawd\u017a jaki kolor pasuje do zielonego!<\/a><\/p>\n\n\n\n<p>Kolorowe torebki s\u0105 absolutnym hitem w tym sezonie, kt\u00f3ry a\u017c kipi od nat\u0142oku barw. Teraz wi\u0119cej, znaczy jeszcze wi\u0119cej, dlatego mo\u017cesz \u0142\u0105czy\u0107 swoje supermodne ubrania z torebkami w naprawd\u0119 intensywnych i \u017cywych kolorach. Nie obawiaj si\u0119 klasyki, kt\u00f3ra cz\u0119sto przywo\u0142uje do porz\u0105dku i daj si\u0119 porwa\u0107 modzie. W CCC znajdziesz najmodniejsze torebki w pi\u0119knych kolorach lata. Szukaj ich w sklepach, na ccc.eu i w aplikacji.<\/p>\n","protected":false},"excerpt":{"rendered":"<p>Tego lata kr\u00f3lowa\u0107 b\u0119dzie kolorystyczny maksymalizm po\u0142\u0105czony z eklektyzmem. Teraz intensywny r\u00f3\u017cowy i soczysta pomara\u0144cza tworz\u0105 duet, kt\u00f3ry elektryzuje swoj\u0105 \u017cywio\u0142owo\u015bci\u0105. Dlatego kolorowa torebka b\u0119dzie absolutnym hitem w Twojej stylizacji. Nasycone b\u0142\u0119kity, trawiaste zielenie, ognista czerwie\u0144 czy po prostu \u017c\u00f3\u0142ty b\u0119d\u0105 zdobi\u0107 Twoje kolorowe torebki na lato. Daj si\u0119 porwa\u0107 kolorom, a swoj\u0105 klasyczn\u0105, czarn\u0105 [&hellip;]<\/p>\n","protected":false},"author":17,"featured_media":7912,"comment_status":"open","ping_status":"closed","sticky":false,"template":"","format":"standard","meta":{"_acf_changed":false,"footnotes":""},"categories":[1574,6,1332],"tags":[795,17,93,9],"class_list":["post-7910","post","type-post","status-publish","format-standard","has-post-thumbnail","hentry","category-modne-torebki","category-trendy","category-trendy-na-lato","tag-kolorowe-torebki","tag-torebki-damskie","tag-torebki-na-lato","tag-trendy"],"acf":[],"_links":{"self":[{"href":"https:\/\/blog.ccc.eu\/pl\/wp-json\/wp\/v2\/posts\/7910","targetHints":{"allow":["GET"]}}],"collection":[{"href":"https:\/\/blog.ccc.eu\/pl\/wp-json\/wp\/v2\/posts"}],"about":[{"href":"https:\/\/blog.ccc.eu\/pl\/wp-json\/wp\/v2\/types\/post"}],"author":[{"embeddable":true,"href":"https:\/\/blog.ccc.eu\/pl\/wp-json\/wp\/v2\/users\/17"}],"replies":[{"embeddable":true,"href":"https:\/\/blog.ccc.eu\/pl\/wp-json\/wp\/v2\/comments?post=7910"}],"version-history":[{"count":5,"href":"https:\/\/blog.ccc.eu\/pl\/wp-json\/wp\/v2\/posts\/7910\/revisions"}],"predecessor-version":[{"id":18611,"href":"https:\/\/blog.ccc.eu\/pl\/wp-json\/wp\/v2\/posts\/7910\/revisions\/18611"}],"wp:featuredmedia":[{"embeddable":true,"href":"https:\/\/blog.ccc.eu\/pl\/wp-json\/wp\/v2\/media\/7912"}],"wp:attachment":[{"href":"https:\/\/blog.ccc.eu\/pl\/wp-json\/wp\/v2\/media?parent=7910"}],"wp:term":[{"taxonomy":"category","embeddable":true,"href":"https:\/\/blog.ccc.eu\/pl\/wp-json\/wp\/v2\/categories?post=7910"},{"taxonomy":"post_tag","embeddable":true,"href":"https:\/\/blog.ccc.eu\/pl\/wp-json\/wp\/v2\/tags?post=7910"}],"curies":[{"name":"wp","href":"https:\/\/api.w.org\/{rel}","templated":true}]}}