{"id":8127,"date":"2023-07-31T13:04:31","date_gmt":"2023-07-31T11:04:31","guid":{"rendered":"https:\/\/blog.ccc.eu\/pl\/?p=8127"},"modified":"2023-07-31T13:04:33","modified_gmt":"2023-07-31T11:04:33","slug":"3-mity-modowe-na-temat-butow-dowiedz-sie-ktore-zasady-juz-nie-obowiazuja","status":"publish","type":"post","link":"https:\/\/blog.ccc.eu\/pl\/3-mity-modowe-na-temat-butow-dowiedz-sie-ktore-zasady-juz-nie-obowiazuja\/","title":{"rendered":"3 mity modowe na temat but\u00f3w. Nasza Stylistka omawia zasady, kt\u00f3re warto porzuci\u0107!"},"content":{"rendered":"\n<p><b>Moda wci\u0105\u017c si\u0119 zmienia, a razem z ni\u0105 zmieniaj\u0105 si\u0119 zasady noszenia i \u0142\u0105czenia poszczeg\u00f3lnych element\u00f3w garderoby. Ile razy s\u0142ysza\u0142e\u015b, \u017ce buty musz\u0105 pasowa\u0107 do torebki? To ju\u017c archaizm! Poznaj pozosta\u0142e mity modowe i buduj swoje stylizacje z wykluczeniem praktyk, kt\u00f3re ju\u017c nie obowi\u0105zuj\u0105.<\/b><\/p>\n\n\n\n<figure class=\"wp-block-gallery has-nested-images columns-default is-cropped wp-block-gallery-1 is-layout-flex wp-block-gallery-is-layout-flex\">\n<figure class=\"wp-block-image size-large\"><img loading=\"lazy\" decoding=\"async\" width=\"683\" height=\"1024\" data-id=\"18687\" src=\"https:\/\/blog.ccc.eu\/pl\/wp-content\/uploads\/2023\/07\/230309_GinoRossi_3710-683x1024.jpg\" alt=\"\" class=\"wp-image-18687\" srcset=\"https:\/\/blog.ccc.eu\/pl\/wp-content\/uploads\/2023\/07\/230309_GinoRossi_3710-683x1024.jpg 683w, https:\/\/blog.ccc.eu\/pl\/wp-content\/uploads\/2023\/07\/230309_GinoRossi_3710-200x300.jpg 200w, https:\/\/blog.ccc.eu\/pl\/wp-content\/uploads\/2023\/07\/230309_GinoRossi_3710-100x150.jpg 100w, https:\/\/blog.ccc.eu\/pl\/wp-content\/uploads\/2023\/07\/230309_GinoRossi_3710.jpg 750w\" sizes=\"auto, (max-width: 683px) 100vw, 683px\" \/><\/figure>\n\n\n\n<figure class=\"wp-block-image size-large\"><img loading=\"lazy\" decoding=\"async\" width=\"683\" height=\"1024\" data-id=\"18688\" src=\"https:\/\/blog.ccc.eu\/pl\/wp-content\/uploads\/2023\/07\/230309_GinoRossi_3915-1-2-683x1024.jpg\" alt=\"\" class=\"wp-image-18688\" srcset=\"https:\/\/blog.ccc.eu\/pl\/wp-content\/uploads\/2023\/07\/230309_GinoRossi_3915-1-2-683x1024.jpg 683w, https:\/\/blog.ccc.eu\/pl\/wp-content\/uploads\/2023\/07\/230309_GinoRossi_3915-1-2-200x300.jpg 200w, https:\/\/blog.ccc.eu\/pl\/wp-content\/uploads\/2023\/07\/230309_GinoRossi_3915-1-2-100x150.jpg 100w, https:\/\/blog.ccc.eu\/pl\/wp-content\/uploads\/2023\/07\/230309_GinoRossi_3915-1-2.jpg 750w\" sizes=\"auto, (max-width: 683px) 100vw, 683px\" \/><\/figure>\n<\/figure>\n\n\n\n<h2 class=\"wp-block-heading\">Mit nr 1: Buty musz\u0105 pasowa\u0107 do torebki<\/h2>\n\n\n\n<p>Stara szko\u0142a m\u00f3wi, \u017ce torebk\u0119 powinno si\u0119 dobiera\u0107 pod kolor but\u00f3w i odwrotnie. To mit! Kiedy te dwa elementy utrzymane s\u0105 w jednakiej barwie, szczeg\u00f3lnie o intensywnym kolorze, ci\u0119\u017cko nie odnie\u015b\u0107 wra\u017cenia, \u017ce stylizacja nabiera mundurkowego charakteru. Takie zestawienie zupe\u0142nie nie \u015bwiadczy o tym, \u017ce odrobi\u0142o si\u0119 lekcje stylu, a raczej o modowym staniu w miejscu i trzymaniu si\u0119 sztywnych, nieobowi\u0105zuj\u0105cych ju\u017c regu\u0142.<\/p>\n\n\n\n<h3 class=\"wp-block-heading\">\u0141\u0105czenie but\u00f3w i torebki w tym samym kolorze \u2013 hot or not?<\/h3>\n\n\n\n<p>Czy \u0142\u0105czenie but\u00f3w i torebki w tych samych barwach w og\u00f3le si\u0119 jeszcze broni? Tak, s\u0105 sytuacje, kiedy takie zestawienia s\u0105 odpowiednie. Na przyk\u0142ad w przypadku budowania stylizacji w formie total looku. Wtedy wi\u0119kszo\u015b\u0107 element\u00f3w powinna by\u0107 utrzymana w tej samej lub zbli\u017conej kolorystyce. Dawniej uwa\u017ca\u0142o si\u0119 jeszcze, \u017ce buty i torebka o tej samej barwie s\u0105 nieod\u0142\u0105cznymi dodatkami stylizacji formalnej i okazjonalnej, ale dzi\u015b i to uleg\u0142o zmianie.<\/p>\n\n\n\n\n\n\n\n<p><\/p>\n\n\n\n<h3 class=\"wp-block-heading\">Jak dobiera\u0107 buty do torebki?<\/h3>\n\n\n\n<p>Jak wi\u0119c dobiera\u0107 torebk\u0119 do but\u00f3w? Tutaj warto kierowa\u0107 si\u0119 nie barw\u0105, a stylem tych przedmiot\u00f3w. Do eleganckich, lakierowanych but\u00f3w nie b\u0119dzie pasowa\u0107 torebka koszyk z chwostami, ale \u015bwietnie zaprezentuje si\u0119 akt\u00f3wka, wyplatany shopper w rozmiarze XXL, ale te\u017c szykowny, sk\u00f3rzany bucket bug, czyli torebka worek. One wszystkie maj\u0105 luksusowy charakter, dlatego bezpiecznie mo\u017cna je ze sob\u0105 zestawia\u0107, niezale\u017cnie od ich barwy. Mog\u0105 nawi\u0105zywa\u0107 do siebie tak\u017ce wzorami lub detalami, np. z\u0142otymi klamrami lub innymi bi\u017cuteryjnymi motywami.<\/p>\n\n\n\n<figure class=\"wp-block-gallery has-nested-images columns-default is-cropped wp-block-gallery-2 is-layout-flex wp-block-gallery-is-layout-flex\">\n<figure class=\"wp-block-image size-large\"><a href=\"https:\/\/ccc.eu\/pl\/damskie\/buty\/sandaly\/sandaly-gino-rossi-dorotea-108107-czarny\" target=\"_blank\" rel=\"noopener\"><img loading=\"lazy\" decoding=\"async\" width=\"683\" height=\"1024\" data-id=\"18686\" src=\"https:\/\/blog.ccc.eu\/pl\/wp-content\/uploads\/2023\/07\/CCC_5904862814292_02M-1-683x1024.jpg\" alt=\"\" class=\"wp-image-18686\" srcset=\"https:\/\/blog.ccc.eu\/pl\/wp-content\/uploads\/2023\/07\/CCC_5904862814292_02M-1-683x1024.jpg 683w, https:\/\/blog.ccc.eu\/pl\/wp-content\/uploads\/2023\/07\/CCC_5904862814292_02M-1-200x300.jpg 200w, https:\/\/blog.ccc.eu\/pl\/wp-content\/uploads\/2023\/07\/CCC_5904862814292_02M-1-768x1152.jpg 768w, https:\/\/blog.ccc.eu\/pl\/wp-content\/uploads\/2023\/07\/CCC_5904862814292_02M-1-100x150.jpg 100w, https:\/\/blog.ccc.eu\/pl\/wp-content\/uploads\/2023\/07\/CCC_5904862814292_02M-1.jpg 876w\" sizes=\"auto, (max-width: 683px) 100vw, 683px\" \/><\/a><\/figure>\n\n\n\n<figure class=\"wp-block-image size-large\"><a href=\"https:\/\/ccc.eu\/pl\/damskie\/buty\/sandaly\/sandaly-gino-rossi-dorotea-108107-czarny\" target=\"_blank\" rel=\"noopener\"><img loading=\"lazy\" decoding=\"async\" width=\"683\" height=\"1024\" data-id=\"18685\" src=\"https:\/\/blog.ccc.eu\/pl\/wp-content\/uploads\/2023\/07\/CCC_5904862814292_04-1-683x1024.jpg\" alt=\"\" class=\"wp-image-18685\" srcset=\"https:\/\/blog.ccc.eu\/pl\/wp-content\/uploads\/2023\/07\/CCC_5904862814292_04-1-683x1024.jpg 683w, https:\/\/blog.ccc.eu\/pl\/wp-content\/uploads\/2023\/07\/CCC_5904862814292_04-1-200x300.jpg 200w, https:\/\/blog.ccc.eu\/pl\/wp-content\/uploads\/2023\/07\/CCC_5904862814292_04-1-768x1152.jpg 768w, https:\/\/blog.ccc.eu\/pl\/wp-content\/uploads\/2023\/07\/CCC_5904862814292_04-1-100x150.jpg 100w, https:\/\/blog.ccc.eu\/pl\/wp-content\/uploads\/2023\/07\/CCC_5904862814292_04-1.jpg 876w\" sizes=\"auto, (max-width: 683px) 100vw, 683px\" \/><\/a><\/figure>\n<\/figure>\n\n\n\n<h2 class=\"wp-block-heading\">Mit nr 2: Metaliczne buty przeznaczone s\u0105 na wiecz\u00f3r i specjalne okazje<\/h2>\n\n\n\n<p>Utar\u0142o si\u0119, \u017ce srebrne, z\u0142ote, holograficzne i brokatowe buty przeznaczone s\u0105 tylko na wieczorowe wyj\u015bcia oraz imprezy okoliczno\u015bciowe. Zupe\u0142nie nie pokrywa si\u0119 to z tym, co dyktuj\u0105 i prezentuj\u0105 na swoich wybiegach najwi\u0119ksze domy mody! Zestawiaj\u0105 po\u0142yskuj\u0105ce obuwie z jeansami, szortami, letnimi sukienkami, a nawet\u2026 dresowymi kompletami.<\/p>\n\n\n\n<h3 class=\"wp-block-heading\">Czy metaliczne buty wci\u0105\u017c s\u0105 odpowiednie na specjalne okazje?<\/h3>\n\n\n\n<p>Oczywi\u015bcie faktem jest, \u017ce po\u0142yskuj\u0105ce obuwie, wykonane z metalicznych tworzyw lub pokryte brokatem, wspaniale sprawdzi si\u0119 na specjalne okazje. Podbije ka\u017cd\u0105 eleganck\u0105 i wieczorow\u0105 stylizacj\u0119, a tak\u017ce b\u0119dzie przyci\u0105ga\u0107 wzrok. W takich sytuacjach stanowi ono dope\u0142nienie od\u015bwi\u0119tnego stroju i do jego stylizacji podchodzi si\u0119 zupe\u0142nie inaczej ni\u017c do budowania outfitu dziennego, a zarazem bardziej u\u017cytkowego.<\/p>\n\n\n\n\n\n\n\n<h3 class=\"wp-block-heading\">Z czym zestawia\u0107 metaliczne buty na co dzie\u0144?<\/h3>\n\n\n\n<p>Metaliczne buty na co dzie\u0144 najlepiej prezentuj\u0105 si\u0119, gdy s\u0105 zestawione z minimalistycznymi lub casualowymi elementami. Jeansy i T-shirt, nowoczesny garnitur damski o jednolitej barwie, prosta sukienka bez aplikacji \u2013 b\u0119d\u0105 idealnym dope\u0142nieniem takich stroj\u00f3w. W tym wypadku warto pami\u0119ta\u0107, \u017ce po\u0142yskuj\u0105ce obuwie na co dzie\u0144 (inaczej ni\u017c w przypadku imprez) nie lubi konkurencji w postaci mocnych kolczyk\u00f3w b\u0105d\u017a torebki.<\/p>\n\n\n\n<p>Metaliczne buty cz\u0119sto kojarz\u0105 nam si\u0119 z cz\u00f3\u0142enkami, szpilkami lub sanda\u0142ami na obcasie. W sklepach jednak dost\u0119pne s\u0105 tak\u017ce mieni\u0105ce si\u0119 z\u0142otem i srebrem trampki, sneakersy oraz inne modele sportowego obuwia, a tak\u017ce baleriny, espadryle, p\u0142askie sanda\u0142y czy klapki. S\u0105 one dowodem na to, \u017ce metaliczne obuwie mo\u017cna \u0142\u0105czy\u0107 z ka\u017cdym stylem ubra\u0144 \u2013 od okazjonalnych przez codzienne.<\/p>\n\n\n\n<h2 class=\"wp-block-heading\">Mit nr 3: Nie nale\u017cy nosi\u0107 skarpet do mokasyn\u00f3w<\/h2>\n\n\n\n<p>Noszenie skarpet do mokasyn\u00f3w przez lata uwa\u017cane by\u0142o za modowe faux-pas! To prawie jak noszenie skarpet do sanda\u0142\u00f3w. Ku zaskoczeniu wszystkich, teraz to jeden z najmodniejszych zabieg\u00f3w. Wymaga on jednak odpowiednich skarpet. Tutaj nie ma miejsca na grube modele typu frotte! Obroni\u0105 si\u0119 jedynie te cienkie, p\u00f3\u0142transparentne o kobiecym charakterze, g\u0142adkie lub ozdobione delikatnymi wzorami. Du\u017c\u0105 popularno\u015bci\u0105 ciesz\u0105 si\u0119 te\u017c te, kt\u00f3re zosta\u0142y wyko\u0144czone delikatn\u0105 falbank\u0105. Najch\u0119tniej wybierane przez fashionistki s\u0105 skarpetki utrzymane w bieli b\u0105d\u017a pastelowych barwach \u2013 niezwykle dziewcz\u0119co si\u0119 prezentuj\u0105!<\/p>\n\n\n\n<h3 class=\"wp-block-heading\">Do kt\u00f3rych mokasyn\u00f3w najlepiej b\u0119d\u0105 pasowa\u0107 skarpetki?<\/h3>\n\n\n\n<p>Do tych, kt\u00f3re maj\u0105 grubsz\u0105 podeszw\u0119 i obcas, do mokasyn\u00f3w z fr\u0119dzlami lub klamr\u0105 i do najmodniejszych obecnie modeli na platformie. Znacznie lepiej zaprezentuj\u0105 si\u0119 z mokasynami wykonanymi ze sk\u00f3ry ni\u017c z zamszu, cho\u0107 do tych ostatnich r\u00f3wnie\u017c si\u0119 je nosi.<\/p>\n\n\n\n\n\n\n\n<p>Znasz ju\u017c mity modowe na temat but\u00f3w i wiesz, czym nie kierowa\u0107 si\u0119 w budowaniu stylizacji! Moda si\u0119 otwiera i czasami najlepsz\u0105 zasad\u0105 jest brak zasad. Teraz mo\u017cesz podej\u015b\u0107 do zakup\u00f3w obuwniczych z wi\u0119ksz\u0105 otwarto\u015bci\u0105 oraz kreatywno\u015bci\u0105, a wspominane wy\u017cej modele znajdziesz w sklepach CCC, na ccc.eu i w aplikacji. Udanych zakup\u00f3w!<\/p>\n","protected":false},"excerpt":{"rendered":"<p>Moda wci\u0105\u017c si\u0119 zmienia, a razem z ni\u0105 zmieniaj\u0105 si\u0119 zasady noszenia i \u0142\u0105czenia poszczeg\u00f3lnych element\u00f3w garderoby. Ile razy s\u0142ysza\u0142e\u015b, \u017ce buty musz\u0105 pasowa\u0107 do torebki? To ju\u017c archaizm! Poznaj pozosta\u0142e mity modowe i buduj swoje stylizacje z wykluczeniem praktyk, kt\u00f3re ju\u017c nie obowi\u0105zuj\u0105. Mit nr 1: Buty musz\u0105 pasowa\u0107 do torebki Stara szko\u0142a m\u00f3wi, [&hellip;]<\/p>\n","protected":false},"author":20,"featured_media":18687,"comment_status":"open","ping_status":"closed","sticky":false,"template":"","format":"standard","meta":{"_acf_changed":false,"footnotes":""},"categories":[4],"tags":[53,829,96,17],"class_list":["post-8127","post","type-post","status-publish","format-standard","has-post-thumbnail","hentry","category-porady","tag-buty-damskie","tag-mity-modowe","tag-porady","tag-torebki-damskie"],"acf":[],"_links":{"self":[{"href":"https:\/\/blog.ccc.eu\/pl\/wp-json\/wp\/v2\/posts\/8127","targetHints":{"allow":["GET"]}}],"collection":[{"href":"https:\/\/blog.ccc.eu\/pl\/wp-json\/wp\/v2\/posts"}],"about":[{"href":"https:\/\/blog.ccc.eu\/pl\/wp-json\/wp\/v2\/types\/post"}],"author":[{"embeddable":true,"href":"https:\/\/blog.ccc.eu\/pl\/wp-json\/wp\/v2\/users\/20"}],"replies":[{"embeddable":true,"href":"https:\/\/blog.ccc.eu\/pl\/wp-json\/wp\/v2\/comments?post=8127"}],"version-history":[{"count":4,"href":"https:\/\/blog.ccc.eu\/pl\/wp-json\/wp\/v2\/posts\/8127\/revisions"}],"predecessor-version":[{"id":18689,"href":"https:\/\/blog.ccc.eu\/pl\/wp-json\/wp\/v2\/posts\/8127\/revisions\/18689"}],"wp:featuredmedia":[{"embeddable":true,"href":"https:\/\/blog.ccc.eu\/pl\/wp-json\/wp\/v2\/media\/18687"}],"wp:attachment":[{"href":"https:\/\/blog.ccc.eu\/pl\/wp-json\/wp\/v2\/media?parent=8127"}],"wp:term":[{"taxonomy":"category","embeddable":true,"href":"https:\/\/blog.ccc.eu\/pl\/wp-json\/wp\/v2\/categories?post=8127"},{"taxonomy":"post_tag","embeddable":true,"href":"https:\/\/blog.ccc.eu\/pl\/wp-json\/wp\/v2\/tags?post=8127"}],"curies":[{"name":"wp","href":"https:\/\/api.w.org\/{rel}","templated":true}]}}