{"id":8152,"date":"2024-07-08T12:50:43","date_gmt":"2024-07-08T10:50:43","guid":{"rendered":"https:\/\/blog.ccc.eu\/pl\/?p=8152"},"modified":"2024-07-08T12:53:13","modified_gmt":"2024-07-08T10:53:13","slug":"torebka-pleciona-obowiazkowy-dodatek-na-lato","status":"publish","type":"post","link":"https:\/\/blog.ccc.eu\/pl\/torebka-pleciona-obowiazkowy-dodatek-na-lato\/","title":{"rendered":"Torebka pleciona \u2013 obowi\u0105zkowy dodatek na lato!\u00a0"},"content":{"rendered":"\n<p><strong>Torebka pleciona mia\u0142a by\u0107 trendem jednego sezonu, tymczasem nie zanosi si\u0119 na to, by mia\u0142a straci\u0107 tytu\u0142 lidera w\u015br\u00f3d letnich i wakacyjnych dodatk\u00f3w. Nie ma w\u0105tpliwo\u015bci co do jej pla\u017cowych inklinacji, jednak dawno ju\u017c przesta\u0142a by\u0107 kojarzona wy\u0142\u0105cznie w ten spos\u00f3b.&nbsp;Stanowi r\u00f3wnie\u017c supermodne uzupe\u0142nienie streetwearowych stylizacji, lansowanych przez najwi\u0119ksze domy mody i instagramerki, kt\u00f3re wiedz\u0105, co piszczy w bran\u017cy fashion. Pleciona torebka to dow\u00f3d na to, jak jednym dodatkiem mo\u017cna ca\u0142kowicie zmieni\u0107 sw\u00f3j look. Sprawd\u017a, jaki model torebki plecionej wybra\u0107, by stworzy\u0107 niezapomnian\u0105 stylizacj\u0119 na sezon wiosna-lato!&nbsp;<\/strong><\/p>\n\n\n\n<figure class=\"wp-block-gallery has-nested-images columns-default is-cropped wp-block-gallery-1 is-layout-flex wp-block-gallery-is-layout-flex\">\n<figure class=\"wp-block-image size-full\"><img loading=\"lazy\" decoding=\"async\" width=\"622\" height=\"933\" data-id=\"25408\" src=\"https:\/\/blog.ccc.eu\/pl\/wp-content\/uploads\/2024\/07\/240308_CCC_skora_D2_2591.jpg\" alt=\"\" class=\"wp-image-25408\" srcset=\"https:\/\/blog.ccc.eu\/pl\/wp-content\/uploads\/2024\/07\/240308_CCC_skora_D2_2591.jpg 622w, https:\/\/blog.ccc.eu\/pl\/wp-content\/uploads\/2024\/07\/240308_CCC_skora_D2_2591-200x300.jpg 200w, https:\/\/blog.ccc.eu\/pl\/wp-content\/uploads\/2024\/07\/240308_CCC_skora_D2_2591-100x150.jpg 100w\" sizes=\"auto, (max-width: 622px) 100vw, 622px\" \/><\/figure>\n\n\n\n<figure class=\"wp-block-image size-full\"><img loading=\"lazy\" decoding=\"async\" width=\"622\" height=\"933\" data-id=\"25409\" src=\"https:\/\/blog.ccc.eu\/pl\/wp-content\/uploads\/2024\/07\/240308_CCC_skora_D2_2543.jpg\" alt=\"\" class=\"wp-image-25409\" srcset=\"https:\/\/blog.ccc.eu\/pl\/wp-content\/uploads\/2024\/07\/240308_CCC_skora_D2_2543.jpg 622w, https:\/\/blog.ccc.eu\/pl\/wp-content\/uploads\/2024\/07\/240308_CCC_skora_D2_2543-200x300.jpg 200w, https:\/\/blog.ccc.eu\/pl\/wp-content\/uploads\/2024\/07\/240308_CCC_skora_D2_2543-100x150.jpg 100w\" sizes=\"auto, (max-width: 622px) 100vw, 622px\" \/><\/figure>\n<\/figure>\n\n\n\n<h2 class=\"wp-block-heading\">Torebka pleciona \u2013 sk\u0105d si\u0119 wzi\u0119\u0142a w naszych szafach?<\/h2>\n\n\n\n<p>Torebka na lato pleciona w kobiecych stylizacjach pojawi\u0142a si\u0119 w latach 60. <strong>Przy\u0142o\u017cy\u0142a do tego r\u0119k\u0119 Jane Birkin, brytyjska aktorka i piosenkarka, kt\u00f3ra bez torebki przypominaj\u0105cej du\u017cy, wiklinowy kosz z przykrywk\u0105 nie rusza\u0142a si\u0119 z domu.<\/strong> Plecion\u0105 torebk\u0119-koszyk zestawia\u0142a najcz\u0119\u015bciej ze zwiewnymi sukienkami, jeansowymi szortami czy ponadczasowym kompletem w postaci dzwon\u00f3w i t-shirtu. <\/p>\n\n\n\n<p>Wiklinowe koszyki zyska\u0142y dzi\u0119ki niej status ponadczasowych i kochamy je do dzi\u015b, jednak to nie jedyny model plecionej torebki, kt\u00f3r\u0105 nosi si\u0119 w tym sezonie i po kt\u00f3r\u0105 w swoich kolekcjach si\u0119gaj\u0105 topowe modowe marki, takie jak Versace, Michael Kors czy Chlo\u00e9.\u00a0<\/p>\n\n\n\n<p>Nie da si\u0119 ukry\u0107, \u017ce sta\u0142a si\u0119 nieod\u0142\u0105czn\u0105 cz\u0119\u015bci\u0105 letniej damskiej garderoby i to nie tylko dlatego, \u017ce fantastycznie wygl\u0105da. Jest tak\u017ce praktyczna oraz wielofunkcyjna, poniewa\u017c pasuje zar\u00f3wno do <a href=\"https:\/\/blog.ccc.eu\/pl\/styl-basic-nie-tylko-dla-minimalistek\/\">basicowych, streetwearowych outfit\u00f3w<\/a>, jak i do prostych stylizacji w stylu boho czy w klimacie french chic. Co wi\u0119cej, naturalne materia\u0142y, z jakich jest wykonana, doskonale wpisuj\u0105 si\u0119 w za\u0142o\u017cenia mody ekologicznej, co z pewno\u015bci\u0105 doceni\u0105 wielbicielki tego trendu. <\/p>\n\n\n\n<p>Jej kolorowe zdobienia i wielo\u015b\u0107 kszta\u0142t\u00f3w przyprawiaj\u0105 o pozytywny zawr\u00f3t g\u0142owy, a przecie\u017c w\u0142a\u015bnie o takie letnie szale\u0144stwo nam chodzi!\u00a0 Przekonaj si\u0119, jak du\u017cy masz wyb\u00f3r i zdecyduj, czy wolisz torebk\u0119 plecion\u0105 ze sznurka, rafii, wikliny czy rattanu!\u00a0<\/p>\n\n\n\n<h2 class=\"wp-block-heading\">Pleciona torebka \u2013 jakie rodzaje masz do wyboru?<\/h2>\n\n\n\n<p>Pleciona torebka to wprawdzie charakterystyczny i wyrazisty dodatek, ale to Ty decydujesz, jaki look nim ozdobisz.\u00a0Sama szybko si\u0119 przekonasz, \u017ce idealnie sprawdza si\u0119 jako dope\u0142nienie codziennych, kobiecych stylizacji. W zale\u017cno\u015bci od rozmiaru, przyda si\u0119 na wyj\u015bcia, podczas kt\u00f3rych nie potrzebujesz zabiera\u0107 ze sob\u0105 zbyt wielu rzeczy, lecz i na okazje, kiedy zale\u017cy Ci na praktycznym modelu o wi\u0119kszej pojemno\u015bci. Przeczytaj, na jakie propozycje zwr\u00f3ci\u0107 uwag\u0119 tego lata! <\/p>\n\n\n\n<h3 class=\"wp-block-heading\">Bucket bag, czyli najmodniejsza torebka pleciona w tym sezonie!<\/h3>\n\n\n\n<p>Poznaj niezwykle pojemn\u0105 i stylow\u0105 <a href=\"https:\/\/blog.ccc.eu\/pl\/bucket-bag-czyli-torebka-worek-wybierz-idealna\/\">bucket bag<\/a> w wakacyjnej ods\u0142onie! W wersji mini, jak i maxi pomie\u015bci wszystko, co najpotrzebniejsze, a jej faktura i materia\u0142 wykonania sprawi\u0105, \u017ce z pewno\u015bci\u0105 nie pozostanie niezauwa\u017cona! <strong>Torebka damska pleciona w takiej formie \u015bwietnie komponuje si\u0119 z lekkimi, zwiewnymi sukienkami<\/strong>, pi\u0119knie podkre\u015blaj\u0105cych opalenizn\u0119. Dobrze wygl\u0105da tak\u017ce dobrana do eleganckich kombinezon\u00f3w. Pami\u0119taj, by do takich outfit\u00f3w dobra\u0107 delikatne sanda\u0142y z cienkimi paseczkami, kt\u00f3re dodatkowo podkre\u015bl\u0105 ich wakacyjny charakter.<\/p>\n\n\n\n<figure class=\"wp-block-gallery has-nested-images columns-default is-cropped wp-block-gallery-2 is-layout-flex wp-block-gallery-is-layout-flex\">\n<figure class=\"wp-block-image size-large\"><img loading=\"lazy\" decoding=\"async\" width=\"683\" height=\"1024\" data-id=\"25416\" src=\"https:\/\/blog.ccc.eu\/pl\/wp-content\/uploads\/2024\/07\/CCC_5905588643579_01_M-683x1024.jpg\" alt=\"torebka pleciona bucket bag\" class=\"wp-image-25416\" srcset=\"https:\/\/blog.ccc.eu\/pl\/wp-content\/uploads\/2024\/07\/CCC_5905588643579_01_M-683x1024.jpg 683w, https:\/\/blog.ccc.eu\/pl\/wp-content\/uploads\/2024\/07\/CCC_5905588643579_01_M-200x300.jpg 200w, https:\/\/blog.ccc.eu\/pl\/wp-content\/uploads\/2024\/07\/CCC_5905588643579_01_M-768x1152.jpg 768w, https:\/\/blog.ccc.eu\/pl\/wp-content\/uploads\/2024\/07\/CCC_5905588643579_01_M-100x150.jpg 100w, https:\/\/blog.ccc.eu\/pl\/wp-content\/uploads\/2024\/07\/CCC_5905588643579_01_M.jpg 876w\" sizes=\"auto, (max-width: 683px) 100vw, 683px\" \/><\/figure>\n\n\n\n<figure class=\"wp-block-image size-large\"><img loading=\"lazy\" decoding=\"async\" width=\"683\" height=\"1024\" data-id=\"25417\" src=\"https:\/\/blog.ccc.eu\/pl\/wp-content\/uploads\/2024\/07\/CCC_5905588643579_03-683x1024.jpg\" alt=\"br\u0105zowa pleciona torebka gino rossi\" class=\"wp-image-25417\" srcset=\"https:\/\/blog.ccc.eu\/pl\/wp-content\/uploads\/2024\/07\/CCC_5905588643579_03-683x1024.jpg 683w, https:\/\/blog.ccc.eu\/pl\/wp-content\/uploads\/2024\/07\/CCC_5905588643579_03-200x300.jpg 200w, https:\/\/blog.ccc.eu\/pl\/wp-content\/uploads\/2024\/07\/CCC_5905588643579_03-768x1152.jpg 768w, https:\/\/blog.ccc.eu\/pl\/wp-content\/uploads\/2024\/07\/CCC_5905588643579_03-100x150.jpg 100w, https:\/\/blog.ccc.eu\/pl\/wp-content\/uploads\/2024\/07\/CCC_5905588643579_03.jpg 876w\" sizes=\"auto, (max-width: 683px) 100vw, 683px\" \/><\/figure>\n<\/figure>\n\n\n\n<h3 class=\"wp-block-heading\">Torebki plecione ze sznurka <\/h3>\n\n\n\n<p>Je\u015bli w Twojej szafie kr\u00f3luje styl dzieci kwiat\u00f3w, postaw na torebk\u0119 plecion\u0105 boho, przypominaj\u0105c\u0105 shopperk\u0119 lub wiklinowy koszyk.<strong> <\/strong>Sp\u00f3jrz na propozycje poni\u017cej i przyznaj sama: maj\u0105 w sobie niezaprzeczalny urok, kt\u00f3remu trudno si\u0119 oprze\u0107, prawda? Takie modele rewelacyjnie wsp\u00f3\u0142graj\u0105 z sukienkami maxi, kombinezonami w kwiatowe wzory czy jeansowymi szortami i bluzkami-hiszpankami. A mo\u017cesz masz ochot\u0119 ca\u0142\u0105 stylizacj\u0119 uzupe\u0142ni\u0107 s\u0142omkowym kapeluszem? Wybierz torebki ze sklepu internetowego CCC i stw\u00f3rz perfekcyjny hippie-look!\u00a0<\/p>\n\n\n\n<figure class=\"wp-block-gallery has-nested-images columns-default is-cropped wp-block-gallery-3 is-layout-flex wp-block-gallery-is-layout-flex\">\n<figure class=\"wp-block-image size-large\"><img loading=\"lazy\" decoding=\"async\" width=\"683\" height=\"1024\" data-id=\"25410\" src=\"https:\/\/blog.ccc.eu\/pl\/wp-content\/uploads\/2024\/07\/CCC_5904248725440_01_LR-683x1024.jpg\" alt=\"pleciona torebka boho czarna\" class=\"wp-image-25410\" srcset=\"https:\/\/blog.ccc.eu\/pl\/wp-content\/uploads\/2024\/07\/CCC_5904248725440_01_LR-683x1024.jpg 683w, https:\/\/blog.ccc.eu\/pl\/wp-content\/uploads\/2024\/07\/CCC_5904248725440_01_LR-200x300.jpg 200w, https:\/\/blog.ccc.eu\/pl\/wp-content\/uploads\/2024\/07\/CCC_5904248725440_01_LR-768x1152.jpg 768w, https:\/\/blog.ccc.eu\/pl\/wp-content\/uploads\/2024\/07\/CCC_5904248725440_01_LR-100x150.jpg 100w, https:\/\/blog.ccc.eu\/pl\/wp-content\/uploads\/2024\/07\/CCC_5904248725440_01_LR.jpg 876w\" sizes=\"auto, (max-width: 683px) 100vw, 683px\" \/><\/figure>\n\n\n\n<figure class=\"wp-block-image size-large\"><img loading=\"lazy\" decoding=\"async\" width=\"683\" height=\"1024\" data-id=\"25411\" src=\"https:\/\/blog.ccc.eu\/pl\/wp-content\/uploads\/2024\/07\/CCC_5904248725464_01_LR-683x1024.jpg\" alt=\"be\u017cowa torebka pleciona ze sznurka\" class=\"wp-image-25411\" srcset=\"https:\/\/blog.ccc.eu\/pl\/wp-content\/uploads\/2024\/07\/CCC_5904248725464_01_LR-683x1024.jpg 683w, https:\/\/blog.ccc.eu\/pl\/wp-content\/uploads\/2024\/07\/CCC_5904248725464_01_LR-200x300.jpg 200w, https:\/\/blog.ccc.eu\/pl\/wp-content\/uploads\/2024\/07\/CCC_5904248725464_01_LR-768x1152.jpg 768w, https:\/\/blog.ccc.eu\/pl\/wp-content\/uploads\/2024\/07\/CCC_5904248725464_01_LR-100x150.jpg 100w, https:\/\/blog.ccc.eu\/pl\/wp-content\/uploads\/2024\/07\/CCC_5904248725464_01_LR.jpg 876w\" sizes=\"auto, (max-width: 683px) 100vw, 683px\" \/><\/figure>\n<\/figure>\n\n\n\n<h3 class=\"wp-block-heading\">Torebka pleciona ze sk\u00f3ry <\/h3>\n\n\n\n<p>Mo\u017cesz wybra\u0107 model z wikliny lub zdecydowa\u0107 si\u0119 na wersj\u0119 premium torebki plecionej. Sk\u00f3ra, z jakiej r\u00f3wnie\u017c si\u0119 j\u0105 wykonuje, wywinduje ca\u0142y outfit na wy\u017csz\u0105 p\u00f3\u0142k\u0119 i sprawi, \u017ce b\u0119dziesz prezentowa\u0107 si\u0119 niezwykle elegancko! <strong>To przy tym ciekawa alternatywa dla g\u0142adkich modeli<\/strong> oraz rozwi\u0105zanie dla tych kobiet, kt\u00f3re zamiast z kolorystyk\u0105, wol\u0105 eksperymentowa\u0107 z faktur\u0105 torebek. Niebanalny, stylowy look gwarantowany! Za spraw\u0105 wykonania ze sk\u00f3ry, taka torebka to inwestycja w szlachetny, pe\u0142en wyrafinowania wygl\u0105d na wiele sezon\u00f3w. <\/p>\n\n\n\n<figure class=\"wp-block-image size-full is-resized\"><img loading=\"lazy\" decoding=\"async\" width=\"622\" height=\"933\" src=\"https:\/\/blog.ccc.eu\/pl\/wp-content\/uploads\/2022\/05\/CCC_.jpg\" alt=\"torebka pleciona ze sk\u00f3ry gino rossi\" class=\"wp-image-25412\" style=\"width:840px;height:auto\" srcset=\"https:\/\/blog.ccc.eu\/pl\/wp-content\/uploads\/2022\/05\/CCC_.jpg 622w, https:\/\/blog.ccc.eu\/pl\/wp-content\/uploads\/2022\/05\/CCC_-200x300.jpg 200w, https:\/\/blog.ccc.eu\/pl\/wp-content\/uploads\/2022\/05\/CCC_-100x150.jpg 100w\" sizes=\"auto, (max-width: 622px) 100vw, 622px\" \/><\/figure>\n\n\n\n<h3 class=\"wp-block-heading\">Torebki na lato plecione <\/h3>\n\n\n\n<p>Pleciona torebka to dodatek wprost stworzony do letnich stylizacji i to Ty decydujesz, jaki nadasz im charakter. Odpowiedni model zdecydowanie u\u0142atwi Ci to zadanie! <strong>W tym sezonie warto zwr\u00f3ci\u0107 uwag\u0119 na propozycje modowej marki Jenny Fairy<\/strong>, dzi\u0119ki kt\u00f3rym stworzysz dopracowane casualowe outfity do pracy czy popo\u0142udniowe wyj\u015bcia ze znajomymi. Wyr\u00f3\u017cnia je nie tylko efektowna plecionka, ale i r\u00f3\u017cnorodno\u015b\u0107 kolorystyczna, b\u0119d\u0105ca wynikiem inspiracji brandu najmocniejszymi trendami na lato. Je\u015bli torebka ca\u0142a w splotach to dla Ciebie zbyt du\u017co, takie rozwi\u0105zanie mo\u017ce si\u0119 okaza\u0107 perfekcyjnym kompromisem! <\/p>\n\n\n\n<!-- BEGIN - feed broker -->\n<div class=\"feedbroker\" consumer-code-id=\"iTfhRTOuxeosvDVXnpYJ\"><script src=\"https:\/\/app.feed.broker\/consumer\/feedbroker-consumer-script.umd.js?v=1.0.1\" defer=\"\"><\/script><\/div>\n<!-- END - feed broker -->\n\n\n\n<p><\/p>\n\n\n\n<p>Wakacyjny look na bazie plecionej torebki spr\u00f3buj skomponowa\u0107 z kolei za spraw\u0105 pi\u0119knych shopperek z naszych nowych kolekcji.<strong> S\u0105 kwintesencj\u0105 lata, do tego fantastycznie wpisuj\u0105 si\u0119 zar\u00f3wno w miejskie stylizacje, jak i te pla\u017cowe.<\/strong> Bez trudu zapakujesz do nich ca\u0142y ekwipunek. R\u0119cznik? Japonki? Krem do opalania? \u015amia\u0142o, na wszystko znajdzie si\u0119 miejsce! <\/p>\n\n\n\n<p>Takie plecione torebki \u015bwietnie po\u0142\u0105cz\u0105 si\u0119 z kopertowymi sukienkami, modnymi obecnie bermudami w parze z lnian\u0105 koszul\u0105 czy be\u017cowymi cygaretkami i marynark\u0105 oversize. Baw si\u0119 ich designem i wykorzystaj w kolejnym sezonie, bo to model torebki, kt\u00f3ry w letnich trendach ma swoje sta\u0142e miejsce! <\/p>\n\n\n\n<!-- BEGIN - feed broker -->\n<div class=\"feedbroker\" consumer-code-id=\"OklE51up6rMgJ8BsKH0W\"><script src=\"https:\/\/app.feed.broker\/consumer\/feedbroker-consumer-script.umd.js?v=1.0.1\" defer=\"\"><\/script><\/div>\n<!-- END - feed broker -->\n\n\n\n<p><\/p>\n\n\n\n<h2 class=\"wp-block-heading\">Torebka pleciona CCC \u2013 kt\u00f3r\u0105 wybierzesz?\u00a0<\/h2>\n\n\n\n<p>Zbyt du\u017cy wyb\u00f3r utrudnia podj\u0119cie decyzji? Nie w CCC! R\u00f3\u017cnorodno\u015b\u0107 torebek plecionych w naszym sklepie tylko pomo\u017ce Ci dobra\u0107 je do Twoich stylizacji. Bo kto powiedzia\u0142, \u017ce mo\u017cesz mie\u0107 tylko jeden model\u2026? Przebieraj w kolorach, wielko\u015bciach i uczy\u0144 z najmodniejszej torebki na lato nieod\u0142\u0105czny element wakacyjnych zestaw\u00f3w. To ju\u017c nie tylko propozycja na pla\u017c\u0119, ale i stylowy, miejski dodatek, bez kt\u00f3rego nie mo\u017ce si\u0119 obej\u015b\u0107 \u017cadna fashionistka!\u00a0Najpi\u0119kniejsze modele czekaj\u0105 na Ciebie w sklepach stacjonarnych, na ccc.eu oraz w aplikacji. <\/p>\n","protected":false},"excerpt":{"rendered":"<p>Torebka pleciona mia\u0142a by\u0107 trendem jednego sezonu, tymczasem nie zanosi si\u0119 na to, by mia\u0142a straci\u0107 tytu\u0142 lidera w\u015br\u00f3d letnich i wakacyjnych dodatk\u00f3w. Nie ma w\u0105tpliwo\u015bci co do jej pla\u017cowych inklinacji, jednak dawno ju\u017c przesta\u0142a by\u0107 kojarzona wy\u0142\u0105cznie w ten spos\u00f3b.&nbsp;Stanowi r\u00f3wnie\u017c supermodne uzupe\u0142nienie streetwearowych stylizacji, lansowanych przez najwi\u0119ksze domy mody i instagramerki, kt\u00f3re wiedz\u0105, [&hellip;]<\/p>\n","protected":false},"author":19,"featured_media":25408,"comment_status":"open","ping_status":"closed","sticky":false,"template":"","format":"standard","meta":{"_acf_changed":false,"footnotes":""},"categories":[1574,6,1332],"tags":[166,768,834,17,570],"class_list":["post-8152","post","type-post","status-publish","format-standard","has-post-thumbnail","hentry","category-modne-torebki","category-trendy","category-trendy-na-lato","tag-dodatki","tag-lato-2022","tag-torebka-pleciona","tag-torebki-damskie","tag-trendy-wiosna-lato"],"acf":[],"_links":{"self":[{"href":"https:\/\/blog.ccc.eu\/pl\/wp-json\/wp\/v2\/posts\/8152","targetHints":{"allow":["GET"]}}],"collection":[{"href":"https:\/\/blog.ccc.eu\/pl\/wp-json\/wp\/v2\/posts"}],"about":[{"href":"https:\/\/blog.ccc.eu\/pl\/wp-json\/wp\/v2\/types\/post"}],"author":[{"embeddable":true,"href":"https:\/\/blog.ccc.eu\/pl\/wp-json\/wp\/v2\/users\/19"}],"replies":[{"embeddable":true,"href":"https:\/\/blog.ccc.eu\/pl\/wp-json\/wp\/v2\/comments?post=8152"}],"version-history":[{"count":11,"href":"https:\/\/blog.ccc.eu\/pl\/wp-json\/wp\/v2\/posts\/8152\/revisions"}],"predecessor-version":[{"id":25423,"href":"https:\/\/blog.ccc.eu\/pl\/wp-json\/wp\/v2\/posts\/8152\/revisions\/25423"}],"wp:featuredmedia":[{"embeddable":true,"href":"https:\/\/blog.ccc.eu\/pl\/wp-json\/wp\/v2\/media\/25408"}],"wp:attachment":[{"href":"https:\/\/blog.ccc.eu\/pl\/wp-json\/wp\/v2\/media?parent=8152"}],"wp:term":[{"taxonomy":"category","embeddable":true,"href":"https:\/\/blog.ccc.eu\/pl\/wp-json\/wp\/v2\/categories?post=8152"},{"taxonomy":"post_tag","embeddable":true,"href":"https:\/\/blog.ccc.eu\/pl\/wp-json\/wp\/v2\/tags?post=8152"}],"curies":[{"name":"wp","href":"https:\/\/api.w.org\/{rel}","templated":true}]}}