{"id":8529,"date":"2022-06-30T10:59:12","date_gmt":"2022-06-30T08:59:12","guid":{"rendered":"https:\/\/blog.ccc.eu\/pl\/?p=8529"},"modified":"2023-01-24T17:19:24","modified_gmt":"2023-01-24T16:19:24","slug":"biegowe-popoludnie-nad-wisla-z-ccc-i-asics","status":"publish","type":"post","link":"https:\/\/blog.ccc.eu\/pl\/biegowe-popoludnie-nad-wisla-z-ccc-i-asics\/","title":{"rendered":"Biegowe popo\u0142udnie nad Wis\u0142\u0105 z CCC i ASICS"},"content":{"rendered":"\n<p><b>Latem, wszyscy mi\u0142o\u015bnicy aktywno\u015bci fizycznej nie zwalniaj\u0105 tempa. W\u0142a\u015bnie wtedy te\u017c wszyscy, kt\u00f3rzy pragn\u0105 rozpocz\u0105\u0107 swoj\u0105 przygod\u0119 z bieganiem, zach\u0119ceni pi\u0119kn\u0105 pogod\u0105, ruszaj\u0105 w swoj\u0105 pierwsz\u0105 tras\u0119. Jak si\u0119 przygotowa\u0107 do biegania? Jakie wybra\u0107 buty? Tego mogli dowiedzie\u0107 si\u0119 ci, kt\u00f3rzy odwiedzili wyj\u0105tkowe wydarzenie dla biegaczy 25.06.2022 r. nad Wis\u0142\u0105. Panele dyskusyjne z ekspertami marki ASICS, spotkania z influencerami i niesamowita strefa chilloutu. Lepiej nie mogli\u015bmy sobie tego wymarzy\u0107. Zobaczcie, co dzia\u0142o si\u0119 na biegowym evencie zorganizowanym przez CCC i mark\u0119 ASICS.<\/b><\/p>\n\n\n\n<figure class=\"wp-block-gallery has-nested-images columns-default is-cropped wp-block-gallery-1 is-layout-flex wp-block-gallery-is-layout-flex\">\n<figure class=\"wp-block-image size-large\"><img loading=\"lazy\" decoding=\"async\" width=\"683\" height=\"1024\" data-id=\"8531\" src=\"https:\/\/blog.ccc.eu\/pl\/wp-content\/uploads\/2022\/06\/Maja-Salamon-683x1024.jpg\" alt=\"\" class=\"wp-image-8531\" srcset=\"https:\/\/blog.ccc.eu\/pl\/wp-content\/uploads\/2022\/06\/Maja-Salamon-683x1024.jpg 683w, https:\/\/blog.ccc.eu\/pl\/wp-content\/uploads\/2022\/06\/Maja-Salamon-200x300.jpg 200w, https:\/\/blog.ccc.eu\/pl\/wp-content\/uploads\/2022\/06\/Maja-Salamon-768x1152.jpg 768w, https:\/\/blog.ccc.eu\/pl\/wp-content\/uploads\/2022\/06\/Maja-Salamon-1024x1536.jpg 1024w, https:\/\/blog.ccc.eu\/pl\/wp-content\/uploads\/2022\/06\/Maja-Salamon-100x150.jpg 100w, https:\/\/blog.ccc.eu\/pl\/wp-content\/uploads\/2022\/06\/Maja-Salamon.jpg 1154w\" sizes=\"auto, (max-width: 683px) 100vw, 683px\" \/><\/figure>\n\n\n\n<figure class=\"wp-block-image size-large\"><img loading=\"lazy\" decoding=\"async\" width=\"683\" height=\"1024\" data-id=\"8533\" src=\"https:\/\/blog.ccc.eu\/pl\/wp-content\/uploads\/2022\/06\/Natalia-Uliasz-2-683x1024.jpg\" alt=\"\" class=\"wp-image-8533\" srcset=\"https:\/\/blog.ccc.eu\/pl\/wp-content\/uploads\/2022\/06\/Natalia-Uliasz-2-683x1024.jpg 683w, https:\/\/blog.ccc.eu\/pl\/wp-content\/uploads\/2022\/06\/Natalia-Uliasz-2-200x300.jpg 200w, https:\/\/blog.ccc.eu\/pl\/wp-content\/uploads\/2022\/06\/Natalia-Uliasz-2-768x1152.jpg 768w, https:\/\/blog.ccc.eu\/pl\/wp-content\/uploads\/2022\/06\/Natalia-Uliasz-2-1024x1536.jpg 1024w, https:\/\/blog.ccc.eu\/pl\/wp-content\/uploads\/2022\/06\/Natalia-Uliasz-2-100x150.jpg 100w, https:\/\/blog.ccc.eu\/pl\/wp-content\/uploads\/2022\/06\/Natalia-Uliasz-2.jpg 1154w\" sizes=\"auto, (max-width: 683px) 100vw, 683px\" \/><\/figure>\n<\/figure>\n\n\n\n<h2 class=\"wp-block-heading\"><strong>Tu\u017c nad brzegiem Wis\u0142y<\/strong><\/h2>\n\n\n\n<p>To w\u0142a\u015bnie tam powsta\u0142a wyj\u0105tkowa strefa dla wszystkich tych, kt\u00f3rzy chcieli dowiedzie\u0107 si\u0119 czego\u015b o rozpocz\u0119ciu aktywno\u015bci fizycznej, ale te\u017c i o zg\u0142\u0119bieniu tajnik\u00f3w biegania. I mieli doskona\u0142\u0105 do tego okazj\u0119. Jedn\u0105 z g\u0142\u00f3wnych atrakcji by\u0142y panele dyskusyjne z ekspertami marki ASICS, kt\u00f3rzy opowiadali o tym jak rozpocz\u0105\u0107 regularne treningi, jak si\u0119 do nich przygotowa\u0107 i <a href=\"https:\/\/blog.ccc.eu\/pl\/jakie-buty-do-biegania-w-terenie-a-jakie-po-asfalcie\/\">jakie wybra\u0107 obuwie do biegania<\/a>, by z aktywno\u015bci fizycznej czerpa\u0107 maksimum przyjemno\u015bci i osi\u0105gn\u0105\u0107 wymarzone efekty. Eksperci opowiadali te\u017c o najcz\u0119\u015bciej pope\u0142nianych b\u0142\u0119dach, a tak\u017ce kontuzjach, jakie mog\u0105 czeka\u0107 przy niew\u0142a\u015bciwym przygotowaniu do uprawiania sportu. Jednym z wa\u017cniejszych temat\u00f3w, jakie by\u0142y poruszane by\u0142a motywacja do \u0107wicze\u0144, kt\u00f3ra cz\u0119sto okazuje si\u0119 momentem uniesienia, kt\u00f3ry nie zawsze umiemy zatrzyma\u0107 na d\u0142u\u017cej.<\/p>\n\n\n\n<figure class=\"wp-block-gallery has-nested-images columns-default is-cropped wp-block-gallery-2 is-layout-flex wp-block-gallery-is-layout-flex\">\n<figure class=\"wp-block-image size-large\"><img loading=\"lazy\" decoding=\"async\" width=\"683\" height=\"1024\" data-id=\"8535\" src=\"https:\/\/blog.ccc.eu\/pl\/wp-content\/uploads\/2022\/06\/Natalia-Uliasz-683x1024.jpg\" alt=\"\" class=\"wp-image-8535\" srcset=\"https:\/\/blog.ccc.eu\/pl\/wp-content\/uploads\/2022\/06\/Natalia-Uliasz-683x1024.jpg 683w, https:\/\/blog.ccc.eu\/pl\/wp-content\/uploads\/2022\/06\/Natalia-Uliasz-200x300.jpg 200w, https:\/\/blog.ccc.eu\/pl\/wp-content\/uploads\/2022\/06\/Natalia-Uliasz-768x1152.jpg 768w, https:\/\/blog.ccc.eu\/pl\/wp-content\/uploads\/2022\/06\/Natalia-Uliasz-1024x1536.jpg 1024w, https:\/\/blog.ccc.eu\/pl\/wp-content\/uploads\/2022\/06\/Natalia-Uliasz-100x150.jpg 100w, https:\/\/blog.ccc.eu\/pl\/wp-content\/uploads\/2022\/06\/Natalia-Uliasz.jpg 1154w\" sizes=\"auto, (max-width: 683px) 100vw, 683px\" \/><\/figure>\n\n\n\n<figure class=\"wp-block-image size-large\"><img loading=\"lazy\" decoding=\"async\" width=\"683\" height=\"1024\" data-id=\"8534\" src=\"https:\/\/blog.ccc.eu\/pl\/wp-content\/uploads\/2022\/06\/Pola-Bogdanska-683x1024.jpg\" alt=\"\" class=\"wp-image-8534\" srcset=\"https:\/\/blog.ccc.eu\/pl\/wp-content\/uploads\/2022\/06\/Pola-Bogdanska-683x1024.jpg 683w, https:\/\/blog.ccc.eu\/pl\/wp-content\/uploads\/2022\/06\/Pola-Bogdanska-200x300.jpg 200w, https:\/\/blog.ccc.eu\/pl\/wp-content\/uploads\/2022\/06\/Pola-Bogdanska-768x1152.jpg 768w, https:\/\/blog.ccc.eu\/pl\/wp-content\/uploads\/2022\/06\/Pola-Bogdanska-1024x1536.jpg 1024w, https:\/\/blog.ccc.eu\/pl\/wp-content\/uploads\/2022\/06\/Pola-Bogdanska-100x150.jpg 100w, https:\/\/blog.ccc.eu\/pl\/wp-content\/uploads\/2022\/06\/Pola-Bogdanska.jpg 1154w\" sizes=\"auto, (max-width: 683px) 100vw, 683px\" \/><\/figure>\n<\/figure>\n\n\n\n<h2 class=\"wp-block-heading\"><strong>Chwila wytchnienia<\/strong><\/h2>\n\n\n\n<p>Zaaran\u017cowana przez CCC i ASICS strefa relaksu, by\u0142a bardzo dobrym miejscem do sp\u0119dzenia sobotniego popo\u0142udnia w pi\u0119knym otoczeniu. Podczas eventu go\u015bcie mogli obejrze\u0107 i przymierzy\u0107 modele but\u00f3w do biegania od marki ASICS, a tak\u017ce wzi\u0105\u0107 udzia\u0142 w \u0107wiczeniach rozgrzewaj\u0105cych i oddechowych. Ka\u017cdy, kto zdecydowa\u0142 si\u0119 wej\u015b\u0107 na bie\u017cni\u0119, m\u00f3g\u0142 wymieni\u0107 zrobione przez siebie kroki na zdrowe przek\u0105ski. Wydarzeniu towarzyszy\u0142a relaksacyjna muzyka i doskona\u0142a atmosfera mimo upalnej aury.<\/p>\n\n\n\n<h2 class=\"wp-block-heading\"><strong>ASICS \u2013 co to jest za marka?<\/strong><\/h2>\n\n\n\n<p>To japo\u0144ska firma, kt\u00f3ra s\u0142ynie z produkcji sportowego obuwia przeznaczonego do biegania. Sw\u00f3j pocz\u0105tek mia\u0142a w miejscowo\u015bci Kobe w 1949 roku, zaczynaj\u0105c od produkcji but\u00f3w do gry w koszyk\u00f3wk\u0119. Innowacyjne pomys\u0142y i zaawansowana technologia zwiastowa\u0142y ogromny sukces dla marki ASICS. Lata 60. przynios\u0142y przedsi\u0119biorstwu prawdziwy rozkwit. Marka wkroczy\u0142a na ameryka\u0144ski rynek, ciesz\u0105c si\u0119 ogromn\u0105 popularno\u015bci\u0105. Filozofia marki zak\u0142ada\u0142a zdrowy tryb \u017cycia utrzymywany dzi\u0119ki aktywno\u015bci fizycznej. Buty marki ASICS sta\u0142y si\u0119 jednymi z najcz\u0119\u015bciej wybieranych but\u00f3w przez sportowc\u00f3w. Dzi\u0119ki zaawansowanej technologii, kt\u00f3ra stawia na doskona\u0142ej jako\u015bci materia\u0142y, komfort, odpowiednie dopasowanie obuwia do stopy i niebywa\u0142\u0105 nowoczesn\u0105 amortyzacj\u0119.<\/p>\n\n\n\n<figure class=\"wp-block-gallery has-nested-images columns-default is-cropped wp-block-gallery-3 is-layout-flex wp-block-gallery-is-layout-flex\">\n<figure class=\"wp-block-image size-large\"><img loading=\"lazy\" decoding=\"async\" width=\"1024\" height=\"683\" data-id=\"8537\" src=\"https:\/\/blog.ccc.eu\/pl\/wp-content\/uploads\/2022\/06\/Szindy-1024x683.jpg\" alt=\"\" class=\"wp-image-8537\" srcset=\"https:\/\/blog.ccc.eu\/pl\/wp-content\/uploads\/2022\/06\/Szindy-1024x683.jpg 1024w, https:\/\/blog.ccc.eu\/pl\/wp-content\/uploads\/2022\/06\/Szindy-300x200.jpg 300w, https:\/\/blog.ccc.eu\/pl\/wp-content\/uploads\/2022\/06\/Szindy-768x512.jpg 768w, https:\/\/blog.ccc.eu\/pl\/wp-content\/uploads\/2022\/06\/Szindy-1536x1024.jpg 1536w, https:\/\/blog.ccc.eu\/pl\/wp-content\/uploads\/2022\/06\/Szindy-100x67.jpg 100w, https:\/\/blog.ccc.eu\/pl\/wp-content\/uploads\/2022\/06\/Szindy.jpg 1731w\" sizes=\"auto, (max-width: 1024px) 100vw, 1024px\" \/><\/figure>\n<\/figure>\n\n\n\n<h2 class=\"wp-block-heading\"><strong>Oferta ASICS w CCC<\/strong><\/h2>\n\n\n\n<p>W naszej ofercie znajduje si\u0119 zar\u00f3wno obuwie damskie jak i m\u0119skie, kt\u00f3re jest przeznaczone dla wszystkich tych, rozpoczynaj\u0105cych swoj\u0105 przygod\u0119 z bieganiem, ale te\u017c i dla zaawansowanych biegaczy, kt\u00f3rzy szukaj\u0105 doskona\u0142ego obuwia do tego typu aktywno\u015bci. Do najwa\u017cniejszych cech but\u00f3w sportowych ASICS nale\u017c\u0105: Technologia GEL\u2122 &#8211; odpowiadaj\u0105ca za niebywa\u0142\u0105 amortyzacje. W podeszwie buta s\u0105 rozmieszczone specjalne \u017celowe kapsu\u0142ki, kt\u00f3re odpowiadaj\u0105 za r\u00f3wnomierne roz\u0142o\u017cenie si\u0119 ci\u0119\u017caru cia\u0142a oraz pianka EVA, kt\u00f3ra r\u00f3wnie\u017c odpowiada za wsparcie amortyzacji i niebywa\u0142y komfort. Jedn\u0105 z wa\u017cniejszych cech but\u00f3w dla pocz\u0105tkuj\u0105cych jest te\u017c oddychaj\u0105ca cholewka i perfekcyjnie dopasowana podeszwa. Z kolei zaawansowani biegacze mog\u0105 wybra\u0107 modele z agresywnym bie\u017cnikiem zwi\u0119kszaj\u0105cym przyczepno\u015b\u0107 do pod\u0142o\u017ca i z zabudowan\u0105 cholewk\u0105, kt\u00f3ra chroni przed kontuzjami i warunkami zewn\u0119trznymi.<\/p>\n\n\n\n\n\n\n<p><em>\u201eAnima Sana In Corpore Sano\u201d<\/em>, to \u0142aci\u0144ski skr\u00f3t nazwy ASICS, kt\u00f3ry oznacza: <em>\u201ew zdrowym ciele zdrowy duch\u201d<\/em>. I taka te\u017c idea przy\u015bwieca marce, kt\u00f3ra ka\u017cdego dnia stara si\u0119 sprosta\u0107 najbardziej wymagaj\u0105cym sportowym wyzwaniom. Zaawansowane technologicznie obuwie dla biegaczy to pierwszy krok w stron\u0119 dobrej aktywno\u015bci, kt\u00f3r\u0105 mo\u017cesz zacz\u0105\u0107 ju\u017c dzi\u015b! Znajd\u017a buty marki ASICS w naszych sklepach CCC, na ccc.eu i w aplikacji.<\/p>\n\n\n\n<figure class=\"wp-block-gallery has-nested-images columns-default is-cropped wp-block-gallery-4 is-layout-flex wp-block-gallery-is-layout-flex\">\n<figure class=\"wp-block-image size-large\"><img loading=\"lazy\" decoding=\"async\" width=\"1024\" height=\"683\" data-id=\"8538\" src=\"https:\/\/blog.ccc.eu\/pl\/wp-content\/uploads\/2022\/06\/Yanek-Marek-3-1-1024x683.jpg\" alt=\"\" class=\"wp-image-8538\" srcset=\"https:\/\/blog.ccc.eu\/pl\/wp-content\/uploads\/2022\/06\/Yanek-Marek-3-1-1024x683.jpg 1024w, https:\/\/blog.ccc.eu\/pl\/wp-content\/uploads\/2022\/06\/Yanek-Marek-3-1-300x200.jpg 300w, https:\/\/blog.ccc.eu\/pl\/wp-content\/uploads\/2022\/06\/Yanek-Marek-3-1-768x512.jpg 768w, https:\/\/blog.ccc.eu\/pl\/wp-content\/uploads\/2022\/06\/Yanek-Marek-3-1-1536x1024.jpg 1536w, https:\/\/blog.ccc.eu\/pl\/wp-content\/uploads\/2022\/06\/Yanek-Marek-3-1-100x67.jpg 100w, https:\/\/blog.ccc.eu\/pl\/wp-content\/uploads\/2022\/06\/Yanek-Marek-3-1.jpg 1731w\" sizes=\"auto, (max-width: 1024px) 100vw, 1024px\" \/><\/figure>\n<\/figure>\n","protected":false},"excerpt":{"rendered":"<p>Latem, wszyscy mi\u0142o\u015bnicy aktywno\u015bci fizycznej nie zwalniaj\u0105 tempa. W\u0142a\u015bnie wtedy te\u017c wszyscy, kt\u00f3rzy pragn\u0105 rozpocz\u0105\u0107 swoj\u0105 przygod\u0119 z bieganiem, zach\u0119ceni pi\u0119kn\u0105 pogod\u0105, ruszaj\u0105 w swoj\u0105 pierwsz\u0105 tras\u0119. Jak si\u0119 przygotowa\u0107 do biegania? Jakie wybra\u0107 buty? Tego mogli dowiedzie\u0107 si\u0119 ci, kt\u00f3rzy odwiedzili wyj\u0105tkowe wydarzenie dla biegaczy 25.06.2022 r. nad Wis\u0142\u0105. Panele dyskusyjne z ekspertami marki [&hellip;]<\/p>\n","protected":false},"author":17,"featured_media":8533,"comment_status":"open","ping_status":"closed","sticky":false,"template":"","format":"standard","meta":{"_acf_changed":false,"footnotes":""},"categories":[432],"tags":[914,561,445,441],"class_list":["post-8529","post","type-post","status-publish","format-standard","has-post-thumbnail","hentry","category-newsroom","tag-asics","tag-ccc","tag-event","tag-newsroom"],"acf":[],"_links":{"self":[{"href":"https:\/\/blog.ccc.eu\/pl\/wp-json\/wp\/v2\/posts\/8529","targetHints":{"allow":["GET"]}}],"collection":[{"href":"https:\/\/blog.ccc.eu\/pl\/wp-json\/wp\/v2\/posts"}],"about":[{"href":"https:\/\/blog.ccc.eu\/pl\/wp-json\/wp\/v2\/types\/post"}],"author":[{"embeddable":true,"href":"https:\/\/blog.ccc.eu\/pl\/wp-json\/wp\/v2\/users\/17"}],"replies":[{"embeddable":true,"href":"https:\/\/blog.ccc.eu\/pl\/wp-json\/wp\/v2\/comments?post=8529"}],"version-history":[{"count":2,"href":"https:\/\/blog.ccc.eu\/pl\/wp-json\/wp\/v2\/posts\/8529\/revisions"}],"predecessor-version":[{"id":13819,"href":"https:\/\/blog.ccc.eu\/pl\/wp-json\/wp\/v2\/posts\/8529\/revisions\/13819"}],"wp:featuredmedia":[{"embeddable":true,"href":"https:\/\/blog.ccc.eu\/pl\/wp-json\/wp\/v2\/media\/8533"}],"wp:attachment":[{"href":"https:\/\/blog.ccc.eu\/pl\/wp-json\/wp\/v2\/media?parent=8529"}],"wp:term":[{"taxonomy":"category","embeddable":true,"href":"https:\/\/blog.ccc.eu\/pl\/wp-json\/wp\/v2\/categories?post=8529"},{"taxonomy":"post_tag","embeddable":true,"href":"https:\/\/blog.ccc.eu\/pl\/wp-json\/wp\/v2\/tags?post=8529"}],"curies":[{"name":"wp","href":"https:\/\/api.w.org\/{rel}","templated":true}]}}