{"id":8655,"date":"2024-07-29T14:58:28","date_gmt":"2024-07-29T12:58:28","guid":{"rendered":"https:\/\/blog.ccc.eu\/pl\/?p=8655"},"modified":"2024-07-29T14:59:16","modified_gmt":"2024-07-29T12:59:16","slug":"ranking-najlepsze-torebki-do-pracy","status":"publish","type":"post","link":"https:\/\/blog.ccc.eu\/pl\/ranking-najlepsze-torebki-do-pracy\/","title":{"rendered":"Jaka torebka do pracy w 2024? Sprawd\u017a RANKING!"},"content":{"rendered":"\n<p><strong>Torebki damskie do pracy s\u0142u\u017c\u0105 nam nie tylko do przenoszenia laptopa i dokument\u00f3w. \u015awietnie sprawdzaj\u0105 si\u0119 tak\u017ce jako stylowe uzupe\u0142nienie biurowych outfit\u00f3w: zar\u00f3wno tych eleganckich, jak i casualowych. Mo\u017cemy mie\u0107 kilka modeli i swobodnie nimi \u017conglowa\u0107, lecz mo\u017cemy te\u017c wybra\u0107 na tyle uniwersaln\u0105 torebk\u0119, by towarzyszy\u0142a nam ka\u017cdego dnia. Wyb\u00f3r jest tak du\u017cy, \u017ce nie musimy si\u0119 zastanawia\u0107 nad tym, czy wybra\u0107 praktyczne, czy modne torebki do pracy. Po\u0142\u0105czenie tych cech zdecydowanie jest mo\u017cliwe! Jaka torebka do pracy b\u0119dzie odpowiednia? Przeczytaj nasz ranking i wybierz dla siebie idealny model!&nbsp;<\/strong><\/p>\n\n\n\n<figure class=\"wp-block-gallery has-nested-images columns-default is-cropped wp-block-gallery-1 is-layout-flex wp-block-gallery-is-layout-flex\">\n<figure class=\"wp-block-image size-large\"><img loading=\"lazy\" decoding=\"async\" width=\"1262\" height=\"1536\" data-id=\"8681\" src=\"https:\/\/blog.ccc.eu\/pl\/wp-content\/uploads\/2022\/07\/GR-LBSS22-3327.jpg\" alt=\"czarna du\u017ca damska torba do pracy\" class=\"wp-image-8681\" srcset=\"https:\/\/blog.ccc.eu\/pl\/wp-content\/uploads\/2022\/07\/GR-LBSS22-3327.jpg 1262w, https:\/\/blog.ccc.eu\/pl\/wp-content\/uploads\/2022\/07\/GR-LBSS22-3327-246x300.jpg 246w, https:\/\/blog.ccc.eu\/pl\/wp-content\/uploads\/2022\/07\/GR-LBSS22-3327-841x1024.jpg 841w, https:\/\/blog.ccc.eu\/pl\/wp-content\/uploads\/2022\/07\/GR-LBSS22-3327-768x935.jpg 768w, https:\/\/blog.ccc.eu\/pl\/wp-content\/uploads\/2022\/07\/GR-LBSS22-3327-100x122.jpg 100w\" sizes=\"auto, (max-width: 1262px) 100vw, 1262px\" \/><\/figure>\n\n\n\n<figure class=\"wp-block-image size-large\"><img loading=\"lazy\" decoding=\"async\" width=\"1022\" height=\"1536\" data-id=\"8682\" src=\"https:\/\/blog.ccc.eu\/pl\/wp-content\/uploads\/2022\/07\/GR-LBSS22-3328.jpg\" alt=\"sk\u00f3rzana czarna torba damska do pracy\" class=\"wp-image-8682\" srcset=\"https:\/\/blog.ccc.eu\/pl\/wp-content\/uploads\/2022\/07\/GR-LBSS22-3328.jpg 1022w, https:\/\/blog.ccc.eu\/pl\/wp-content\/uploads\/2022\/07\/GR-LBSS22-3328-200x300.jpg 200w, https:\/\/blog.ccc.eu\/pl\/wp-content\/uploads\/2022\/07\/GR-LBSS22-3328-681x1024.jpg 681w, https:\/\/blog.ccc.eu\/pl\/wp-content\/uploads\/2022\/07\/GR-LBSS22-3328-768x1154.jpg 768w, https:\/\/blog.ccc.eu\/pl\/wp-content\/uploads\/2022\/07\/GR-LBSS22-3328-100x150.jpg 100w\" sizes=\"auto, (max-width: 1022px) 100vw, 1022px\" \/><\/figure>\n<\/figure>\n\n\n\n<h2 class=\"wp-block-heading\">Torebka do pracy na lato Jenny Fairy<\/h2>\n\n\n\n<figure class=\"wp-block-gallery has-nested-images columns-default is-cropped wp-block-gallery-2 is-layout-flex wp-block-gallery-is-layout-flex\">\n<figure class=\"wp-block-image size-large\" id=\"https:\/\/ccc.eu\/pl\/torby\/torby-damskie\/torebka-jenny-fairy-rx0738-bezowy\"><img loading=\"lazy\" decoding=\"async\" width=\"683\" height=\"1024\" data-id=\"25876\" src=\"https:\/\/blog.ccc.eu\/pl\/wp-content\/uploads\/2023\/08\/CCC_5905588164630_01K-683x1024.jpg\" alt=\"be\u017cowa torebka do pracy \" class=\"wp-image-25876\" srcset=\"https:\/\/blog.ccc.eu\/pl\/wp-content\/uploads\/2023\/08\/CCC_5905588164630_01K-683x1024.jpg 683w, https:\/\/blog.ccc.eu\/pl\/wp-content\/uploads\/2023\/08\/CCC_5905588164630_01K-200x300.jpg 200w, https:\/\/blog.ccc.eu\/pl\/wp-content\/uploads\/2023\/08\/CCC_5905588164630_01K-768x1152.jpg 768w, https:\/\/blog.ccc.eu\/pl\/wp-content\/uploads\/2023\/08\/CCC_5905588164630_01K-100x150.jpg 100w, https:\/\/blog.ccc.eu\/pl\/wp-content\/uploads\/2023\/08\/CCC_5905588164630_01K.jpg 876w\" sizes=\"auto, (max-width: 683px) 100vw, 683px\" \/><\/figure>\n\n\n\n<figure class=\"wp-block-image size-large\" id=\"https:\/\/ccc.eu\/pl\/torby\/torby-damskie\/torebka-jenny-fairy-rx0738-bezowy\"><img loading=\"lazy\" decoding=\"async\" width=\"683\" height=\"1024\" data-id=\"25877\" src=\"https:\/\/blog.ccc.eu\/pl\/wp-content\/uploads\/2023\/08\/CCC_5905588164630_05-683x1024.jpg\" alt=\"listonoszka torebka do biura\" class=\"wp-image-25877\" srcset=\"https:\/\/blog.ccc.eu\/pl\/wp-content\/uploads\/2023\/08\/CCC_5905588164630_05-683x1024.jpg 683w, https:\/\/blog.ccc.eu\/pl\/wp-content\/uploads\/2023\/08\/CCC_5905588164630_05-200x300.jpg 200w, https:\/\/blog.ccc.eu\/pl\/wp-content\/uploads\/2023\/08\/CCC_5905588164630_05-768x1152.jpg 768w, https:\/\/blog.ccc.eu\/pl\/wp-content\/uploads\/2023\/08\/CCC_5905588164630_05-100x150.jpg 100w, https:\/\/blog.ccc.eu\/pl\/wp-content\/uploads\/2023\/08\/CCC_5905588164630_05.jpg 876w\" sizes=\"auto, (max-width: 683px) 100vw, 683px\" \/><\/figure>\n<\/figure>\n\n\n\n<div class=\"wp-block-buttons is-content-justification-center is-layout-flex wp-container-core-buttons-is-layout-16018d1d wp-block-buttons-is-layout-flex\">\n<div class=\"wp-block-button\"><a class=\"wp-block-button__link wp-element-button\" href=\"https:\/\/ccc.eu\/pl\/torby\/torby-damskie\/torebka-jenny-fairy-jen-22-a23-bezowy\" target=\"_blank\" rel=\"noreferrer noopener\">Zam\u00f3w listonoszk\u0119 Jenny Fairy w CCC<\/a><\/div>\n<\/div>\n\n\n\n<p><\/p>\n\n\n\n<p>Be\u017cowa listonoszka \u015bwietnie uzupe\u0142ni wiosenne i letnie stylizacje do pracy, zar\u00f3wno te casualowe, jak i eleganckie. Ta wielofunkcyjno\u015b\u0107 to zdecydowanie jej wielka zaleta! \u015awietnie wygl\u0105da w po\u0142\u0105czeniu z dzianinowymi, kopertowymi sukienkami, jeansami mom\u2019s i koszul\u0105 czy kombinezonem. Jej du\u017c\u0105 zalet\u0105 jest regulowany pasek, dzi\u0119ki kt\u00f3remu torebk\u0119 Jenny Fairy mo\u017cna wygodnie nosi\u0107 na ramieniu. Klapa z zatrzaskiem skutecznie chroni jej zawarto\u015b\u0107 przed wypadni\u0119ciem.&nbsp;<\/p>\n\n\n\n<p>Wewn\u0119trzna kieszonka sprawia, \u017ce \u0142atwo mo\u017cna oddzieli\u0107 portfel czy klucze od pozosta\u0142ej zawarto\u015bci torebki i sko\u0144czy\u0107 z problemem ich nerwowego szukania, gdy b\u0119d\u0105 potrzebne. Torebka jest sztywna, dzi\u0119ki czemu dba o to, by umieszczone w niej przedmioty nie odkszta\u0142ci\u0142y si\u0119, jednak nie mie\u015bci formatu A4, dlatego niewykluczone, \u017ce pr\u00f3cz niej b\u0119dziesz musia\u0142a zabra\u0107 do biura np. dodatkow\u0105 torb\u0119 na laptopa czy dokumenty. Jasny kolor rewelacyjnie sprawdzi si\u0119 na lato, jednak na jesie\u0144 i zim\u0119 warto pomy\u015ble\u0107 o wymianie na ciemniejszy model.&nbsp;<\/p>\n\n\n\n<p><strong>ZALETY:<\/strong><\/p>\n\n\n\n<ul class=\"wp-block-list\">\n<li><strong>zamykanie na klap\u0119 z zatrzaskiem<\/strong><\/li>\n\n\n\n<li><strong>regulowany pasek do noszenia torebki na ramieniu<\/strong><\/li>\n\n\n\n<li><strong>wewn\u0119trzna kieszonka na portfel lub klucze<\/strong><\/li>\n\n\n\n<li><strong>uniwersalny design, pasuj\u0105cy do casualowych i eleganckich stylizacji<\/strong><\/li>\n<\/ul>\n\n\n\n<h2 class=\"wp-block-heading\">Torba do pracy damska A4 Jenny Fairy<\/h2>\n\n\n\n<figure class=\"wp-block-gallery has-nested-images columns-default is-cropped wp-block-gallery-3 is-layout-flex wp-block-gallery-is-layout-flex\">\n<figure class=\"wp-block-image size-large\"><img loading=\"lazy\" decoding=\"async\" width=\"683\" height=\"1024\" data-id=\"25878\" src=\"https:\/\/blog.ccc.eu\/pl\/wp-content\/uploads\/2023\/08\/CCC_5905588577393_02K-683x1024.jpg\" alt=\"torebka do pracy a4 \" class=\"wp-image-25878\" srcset=\"https:\/\/blog.ccc.eu\/pl\/wp-content\/uploads\/2023\/08\/CCC_5905588577393_02K-683x1024.jpg 683w, https:\/\/blog.ccc.eu\/pl\/wp-content\/uploads\/2023\/08\/CCC_5905588577393_02K-200x300.jpg 200w, https:\/\/blog.ccc.eu\/pl\/wp-content\/uploads\/2023\/08\/CCC_5905588577393_02K-768x1152.jpg 768w, https:\/\/blog.ccc.eu\/pl\/wp-content\/uploads\/2023\/08\/CCC_5905588577393_02K-100x150.jpg 100w, https:\/\/blog.ccc.eu\/pl\/wp-content\/uploads\/2023\/08\/CCC_5905588577393_02K.jpg 876w\" sizes=\"auto, (max-width: 683px) 100vw, 683px\" \/><\/figure>\n\n\n\n<figure class=\"wp-block-image size-large\"><img loading=\"lazy\" decoding=\"async\" width=\"683\" height=\"1024\" data-id=\"25879\" src=\"https:\/\/blog.ccc.eu\/pl\/wp-content\/uploads\/2023\/08\/CCC_5905588577393_05-683x1024.jpg\" alt=\"br\u0105zowa torebka do pracy jenny fairy\" class=\"wp-image-25879\" srcset=\"https:\/\/blog.ccc.eu\/pl\/wp-content\/uploads\/2023\/08\/CCC_5905588577393_05-683x1024.jpg 683w, https:\/\/blog.ccc.eu\/pl\/wp-content\/uploads\/2023\/08\/CCC_5905588577393_05-200x300.jpg 200w, https:\/\/blog.ccc.eu\/pl\/wp-content\/uploads\/2023\/08\/CCC_5905588577393_05-768x1152.jpg 768w, https:\/\/blog.ccc.eu\/pl\/wp-content\/uploads\/2023\/08\/CCC_5905588577393_05-100x150.jpg 100w, https:\/\/blog.ccc.eu\/pl\/wp-content\/uploads\/2023\/08\/CCC_5905588577393_05.jpg 876w\" sizes=\"auto, (max-width: 683px) 100vw, 683px\" \/><\/figure>\n<\/figure>\n\n\n\n<div class=\"wp-block-buttons is-content-justification-center is-layout-flex wp-container-core-buttons-is-layout-16018d1d wp-block-buttons-is-layout-flex\">\n<div class=\"wp-block-button\"><a class=\"wp-block-button__link wp-element-button\" href=\"https:\/\/ccc.eu\/pl\/torby\/torby-damskie\/torebka-jenny-fairy-mls-e-061-05-brazowy\" target=\"_blank\" rel=\"noreferrer noopener\">Zam\u00f3w shopperk\u0119 z printem Jenny Fairy w CCC<\/a><\/div>\n<\/div>\n\n\n\n<p><\/p>\n\n\n\n<p>Du\u017ca torebka do pracy, kt\u00f3ra mie\u015bci A4 to dla wielu z nas konieczno\u015b\u0107. W przypadku tego modelu mo\u017cliwo\u015b\u0107 przenoszenia teczek czy dokument\u00f3w to nie jedyna zaleta. Torebka zar\u00f3wno kolorystyk\u0105, jak i printem nawi\u0105zuje do projekt\u00f3w najwi\u0119kszych dom\u00f3w mody, co dodatkowo zwi\u0119ksza jej atrakcyjno\u015b\u0107. Poza tym, dzi\u0119ki takiemu designowi torebka marki Jenny Fairy zyskuje na praktyczno\u015bci. Nie wida\u0107 na niej zabrudze\u0144 ani zarysowa\u0144, wi\u0119c d\u0142u\u017cej ni\u017c jej g\u0142adkie odpowiedniki utrzyma nieskazitelny wygl\u0105d.&nbsp;<\/p>\n\n\n\n<p>R\u00f3wnocze\u015bnie wz\u00f3r sprawia, \u017ce torebka staje si\u0119 wyznacznikiem reszty stylizacji. W przypadku takiego wyboru pami\u0119tajmy, \u017ce sukienka czy spodnie i bluzka, jakie za\u0142o\u017cymy, powinny by\u0107 g\u0142adkie. Ten shopper do pracy sprawdzi si\u0119 o ka\u017cdej porze roku \u2013 naszym zdaniem to du\u017cy plus!<\/p>\n\n\n\n<p><strong>ZALETY:<\/strong><\/p>\n\n\n\n<ul class=\"wp-block-list\">\n<li><strong>mie\u015bci format A4<\/strong><\/li>\n\n\n\n<li><strong>dzi\u0119ki printowi mniej wida\u0107 zabrudzenia i zarysowania<\/strong><\/li>\n\n\n\n<li><strong>mo\u017cliwo\u015b\u0107 noszenia w d\u0142oni lub na ramieniu, na regulowanym pasku<\/strong><\/li>\n<\/ul>\n\n\n\n<h2 class=\"wp-block-heading\">Torebka do pracy w biurze Badura<\/h2>\n\n\n\n<figure class=\"wp-block-gallery has-nested-images columns-default is-cropped wp-block-gallery-4 is-layout-flex wp-block-gallery-is-layout-flex\">\n<figure class=\"wp-block-image size-large\"><img loading=\"lazy\" decoding=\"async\" width=\"683\" height=\"1024\" data-id=\"25880\" src=\"https:\/\/blog.ccc.eu\/pl\/wp-content\/uploads\/2023\/08\/CCC_5905588555797_02K-683x1024.jpg\" alt=\"torebka do pracy w biurze czarna\" class=\"wp-image-25880\" srcset=\"https:\/\/blog.ccc.eu\/pl\/wp-content\/uploads\/2023\/08\/CCC_5905588555797_02K-683x1024.jpg 683w, https:\/\/blog.ccc.eu\/pl\/wp-content\/uploads\/2023\/08\/CCC_5905588555797_02K-200x300.jpg 200w, https:\/\/blog.ccc.eu\/pl\/wp-content\/uploads\/2023\/08\/CCC_5905588555797_02K-768x1152.jpg 768w, https:\/\/blog.ccc.eu\/pl\/wp-content\/uploads\/2023\/08\/CCC_5905588555797_02K-100x150.jpg 100w, https:\/\/blog.ccc.eu\/pl\/wp-content\/uploads\/2023\/08\/CCC_5905588555797_02K.jpg 876w\" sizes=\"auto, (max-width: 683px) 100vw, 683px\" \/><\/figure>\n\n\n\n<figure class=\"wp-block-image size-large\"><img loading=\"lazy\" decoding=\"async\" width=\"683\" height=\"1024\" data-id=\"25881\" src=\"https:\/\/blog.ccc.eu\/pl\/wp-content\/uploads\/2023\/08\/CCC_5905588555797_05-683x1024.jpg\" alt=\"czarna torebka na laptopa z \u0142a\u0144cuszkiem\" class=\"wp-image-25881\" srcset=\"https:\/\/blog.ccc.eu\/pl\/wp-content\/uploads\/2023\/08\/CCC_5905588555797_05-683x1024.jpg 683w, https:\/\/blog.ccc.eu\/pl\/wp-content\/uploads\/2023\/08\/CCC_5905588555797_05-200x300.jpg 200w, https:\/\/blog.ccc.eu\/pl\/wp-content\/uploads\/2023\/08\/CCC_5905588555797_05-768x1152.jpg 768w, https:\/\/blog.ccc.eu\/pl\/wp-content\/uploads\/2023\/08\/CCC_5905588555797_05-100x150.jpg 100w, https:\/\/blog.ccc.eu\/pl\/wp-content\/uploads\/2023\/08\/CCC_5905588555797_05.jpg 876w\" sizes=\"auto, (max-width: 683px) 100vw, 683px\" \/><\/figure>\n<\/figure>\n\n\n\n<div class=\"wp-block-buttons is-content-justification-center is-layout-flex wp-container-core-buttons-is-layout-16018d1d wp-block-buttons-is-layout-flex\">\n<div class=\"wp-block-button\"><a class=\"wp-block-button__link wp-element-button\" href=\"https:\/\/ccc.eu\/pl\/torby\/torby-damskie\/torebka-badura-agathe-01-czarny\" target=\"_blank\" rel=\"noreferrer noopener\">Zam\u00f3w listonoszk\u0119 A4 na \u0142a\u0144cuszku Badura w CCC<\/a><\/div>\n<\/div>\n\n\n\n<p><\/p>\n\n\n\n<p>Oto propozycja doskonale \u0142\u0105cz\u0105ca w sobie zalety klasycznej, kobiecej torebki oraz torby na laptopa.  Wygl\u0105da jak du\u017ca listonoszka, na dodatek w ponadczasowej czerni, uzupe\u0142nionej jeszcze o efektowne pikowania, lecz jej gabaryty sprawiaj\u0105, \u017ce z \u0142atwo\u015bci\u0105 zmie\u015bci si\u0119 do niej laptop, ale i teczka z dokumentami, kosmetyczka i drugie \u015bniadanie.&nbsp;Jest elegancka, zachwyca z\u0142otymi detalami i rewelacyjnie wpisze si\u0119 w formalne zestawy, nie zaburzaj\u0105c ich stylistyki. <\/p>\n\n\n\n<p>Pewnym mankamentem mo\u017ce by\u0107 (cho\u0107 nie musi) \u0142a\u0144cuszkowy pasek. Dzi\u0119ki niemu mo\u017cesz torebk\u0119 nosi\u0107 w r\u0119ce lub na ramieniu, ale zwr\u00f3\u0107 uwag\u0119 na to, \u017ce jego d\u0142ugo\u015b\u0107 nie jest regulowana. \u015awietnie si\u0119 prezentuje, ale jest dosy\u0107 cienki, wi\u0119c lepiej nie zabiera\u0107 ze sob\u0105 wielu ci\u0119\u017ckich przedmiot\u00f3w, bo wp\u0142ynie to na komfort noszenia modelu.<\/p>\n\n\n\n<p><strong>ZALETY:<\/strong><\/p>\n\n\n\n<ul class=\"wp-block-list\">\n<li><strong>mie\u015bci format A4<\/strong><\/li>\n\n\n\n<li><strong>po\u0142\u0105czenie funkcjonalno\u015bci torby na laptopa i klasycznej listonoszki<\/strong><\/li>\n\n\n\n<li><strong>mo\u017cliwo\u015b\u0107 noszenia w d\u0142oni albo na ramieniu<\/strong><\/li>\n<\/ul>\n\n\n\n<h2 class=\"wp-block-heading\">Torba na rami\u0119 do pracy Gino Rossi<\/h2>\n\n\n\n<figure class=\"wp-block-gallery has-nested-images columns-default is-cropped wp-block-gallery-5 is-layout-flex wp-block-gallery-is-layout-flex\">\n<figure class=\"wp-block-image size-large\"><img loading=\"lazy\" decoding=\"async\" width=\"683\" height=\"1024\" data-id=\"25882\" src=\"https:\/\/blog.ccc.eu\/pl\/wp-content\/uploads\/2023\/08\/CCC_5905588539896_01K-683x1024.jpg\" alt=\"sk\u00f3rzana torebka do pracy\" class=\"wp-image-25882\" srcset=\"https:\/\/blog.ccc.eu\/pl\/wp-content\/uploads\/2023\/08\/CCC_5905588539896_01K-683x1024.jpg 683w, https:\/\/blog.ccc.eu\/pl\/wp-content\/uploads\/2023\/08\/CCC_5905588539896_01K-200x300.jpg 200w, https:\/\/blog.ccc.eu\/pl\/wp-content\/uploads\/2023\/08\/CCC_5905588539896_01K-768x1152.jpg 768w, https:\/\/blog.ccc.eu\/pl\/wp-content\/uploads\/2023\/08\/CCC_5905588539896_01K-100x150.jpg 100w, https:\/\/blog.ccc.eu\/pl\/wp-content\/uploads\/2023\/08\/CCC_5905588539896_01K.jpg 876w\" sizes=\"auto, (max-width: 683px) 100vw, 683px\" \/><\/figure>\n\n\n\n<figure class=\"wp-block-image size-large\"><img loading=\"lazy\" decoding=\"async\" width=\"683\" height=\"1024\" data-id=\"25883\" src=\"https:\/\/blog.ccc.eu\/pl\/wp-content\/uploads\/2023\/08\/CCC_5905588539896_05pop-683x1024.jpg\" alt=\"czarna torebka do pracy gino rossi\" class=\"wp-image-25883\" srcset=\"https:\/\/blog.ccc.eu\/pl\/wp-content\/uploads\/2023\/08\/CCC_5905588539896_05pop-683x1024.jpg 683w, https:\/\/blog.ccc.eu\/pl\/wp-content\/uploads\/2023\/08\/CCC_5905588539896_05pop-200x300.jpg 200w, https:\/\/blog.ccc.eu\/pl\/wp-content\/uploads\/2023\/08\/CCC_5905588539896_05pop-768x1152.jpg 768w, https:\/\/blog.ccc.eu\/pl\/wp-content\/uploads\/2023\/08\/CCC_5905588539896_05pop-100x150.jpg 100w, https:\/\/blog.ccc.eu\/pl\/wp-content\/uploads\/2023\/08\/CCC_5905588539896_05pop.jpg 876w\" sizes=\"auto, (max-width: 683px) 100vw, 683px\" \/><\/figure>\n<\/figure>\n\n\n\n<div class=\"wp-block-buttons is-content-justification-center is-layout-flex wp-container-core-buttons-is-layout-16018d1d wp-block-buttons-is-layout-flex\">\n<div class=\"wp-block-button\"><a class=\"wp-block-button__link wp-element-button\" href=\"https:\/\/ccc.eu\/pl\/torby\/torby-damskie\/torebka-gino-rossi-narni-cs9463-czarny\" target=\"_blank\" rel=\"noreferrer noopener\">Zam\u00f3w sk\u00f3rzan\u0105 torebk\u0119 Gino Rossi w CCC<\/a><\/div>\n<\/div>\n\n\n\n<p><\/p>\n\n\n\n<p>W tym zestawieniu nie mog\u0142o zabrakn\u0105\u0107 kwintesencji klasyki, jak\u0105 jest sk\u00f3rzana, czarna torebka do pracy. Torba na rami\u0119 to o tyle praktyczne rozwi\u0105zanie, \u017ce uwalnia nasze r\u0119ce, a wi\u0119c w drodze do biura lub podczas powrotu do domu mo\u017cemy wst\u0105pi\u0107 na drobne zakupy i spakowa\u0107 je do niej.<\/p>\n\n\n\n<p>Czer\u0144 to zawsze dobry pomys\u0142. Elegancka torebka do pracy w tym kolorze to idealne rozwi\u0105zanie dla os\u00f3b, u kt\u00f3rych w firmie obowi\u0105zuje formalny dress code. Ten klasyczny model rewelacyjnie dope\u0142ni look z damskim garniturem, o\u0142\u00f3wkow\u0105 sp\u00f3dnic\u0105 i koszul\u0105 czy plisowan\u0105 sukienk\u0105 midi. Pasuje do zestaw\u00f3w w ciemnych lub r\u00f3wnie klasycznych kolorach. <\/p>\n\n\n\n<p>Mie\u015bci format A4, co wa\u017cne w przypadku cz\u0119stego przenoszenia dokument\u00f3w oraz elektroniki, jednak w zwi\u0105zku z tym, \u017ce komora torebki zamykana jest wy\u0142\u0105cznie na magnetyczny klips, trzeba ca\u0142y czas mie\u0107 j\u0105 na oku, szczeg\u00f3lnie podczas jazdy zat\u0142oczon\u0105 komunikacj\u0105 miejsk\u0105.&nbsp;&nbsp;Dzi\u0119ki wykonaniu ze sk\u00f3ry z pewno\u015bci\u0105 stanowi wyb\u00f3r na lata.&nbsp;<\/p>\n\n\n\n<p><strong>ZALETY:<\/strong><\/p>\n\n\n\n<ul class=\"wp-block-list\">\n<li><strong>uniwersalny, praktyczny kolor, odpowiedni na ka\u017cd\u0105 por\u0119 roku<\/strong><\/li>\n\n\n\n<li><strong>mie\u015bci format A4<\/strong><\/li>\n\n\n\n<li><strong>trwa\u0142o\u015b\u0107 powodowana wykonaniem ze sk\u00f3ry naturalnej<\/strong><\/li>\n<\/ul>\n\n\n\n<h2 class=\"wp-block-heading\">Pojemna torebka do pracy Gino Rossi<\/h2>\n\n\n\n<figure class=\"wp-block-gallery has-nested-images columns-default is-cropped wp-block-gallery-6 is-layout-flex wp-block-gallery-is-layout-flex\">\n<figure class=\"wp-block-image size-large\"><img loading=\"lazy\" decoding=\"async\" width=\"683\" height=\"1024\" data-id=\"25884\" src=\"https:\/\/blog.ccc.eu\/pl\/wp-content\/uploads\/2023\/08\/CCC_5905588551621_01K-683x1024.jpg\" alt=\"czerwona torebka do biura \" class=\"wp-image-25884\" srcset=\"https:\/\/blog.ccc.eu\/pl\/wp-content\/uploads\/2023\/08\/CCC_5905588551621_01K-683x1024.jpg 683w, https:\/\/blog.ccc.eu\/pl\/wp-content\/uploads\/2023\/08\/CCC_5905588551621_01K-200x300.jpg 200w, https:\/\/blog.ccc.eu\/pl\/wp-content\/uploads\/2023\/08\/CCC_5905588551621_01K-768x1152.jpg 768w, https:\/\/blog.ccc.eu\/pl\/wp-content\/uploads\/2023\/08\/CCC_5905588551621_01K-100x150.jpg 100w, https:\/\/blog.ccc.eu\/pl\/wp-content\/uploads\/2023\/08\/CCC_5905588551621_01K.jpg 876w\" sizes=\"auto, (max-width: 683px) 100vw, 683px\" \/><\/figure>\n\n\n\n<figure class=\"wp-block-image size-large\"><img loading=\"lazy\" decoding=\"async\" width=\"683\" height=\"1024\" data-id=\"25885\" src=\"https:\/\/blog.ccc.eu\/pl\/wp-content\/uploads\/2023\/08\/CCC_5905588551621_05-683x1024.jpg\" alt=\"czerwona torebka do pracy lasocki\" class=\"wp-image-25885\" srcset=\"https:\/\/blog.ccc.eu\/pl\/wp-content\/uploads\/2023\/08\/CCC_5905588551621_05-683x1024.jpg 683w, https:\/\/blog.ccc.eu\/pl\/wp-content\/uploads\/2023\/08\/CCC_5905588551621_05-200x300.jpg 200w, https:\/\/blog.ccc.eu\/pl\/wp-content\/uploads\/2023\/08\/CCC_5905588551621_05-768x1152.jpg 768w, https:\/\/blog.ccc.eu\/pl\/wp-content\/uploads\/2023\/08\/CCC_5905588551621_05-100x150.jpg 100w, https:\/\/blog.ccc.eu\/pl\/wp-content\/uploads\/2023\/08\/CCC_5905588551621_05.jpg 876w\" sizes=\"auto, (max-width: 683px) 100vw, 683px\" \/><\/figure>\n<\/figure>\n\n\n\n<div class=\"wp-block-buttons is-content-justification-center is-layout-flex wp-container-core-buttons-is-layout-16018d1d wp-block-buttons-is-layout-flex\">\n<div class=\"wp-block-button\"><a class=\"wp-block-button__link wp-element-button\">Zam\u00f3w czerwon\u0105 torebk\u0119 Lasocki w CCC<\/a><\/div>\n<\/div>\n\n\n\n<p><\/p>\n\n\n\n<p>Dobrej jako\u015bci, pojemna torebka to skarb nie do przecenienia. A gdyby tak jeszcze przyci\u0105ga\u0142a spojrzenia niebanaln\u0105 barw\u0105 i faktur\u0105? Ta torebka Lasocki zdecydowanie ma t\u0119 moc! Jest gwarancj\u0105 stylowego wygl\u0105du niezale\u017cnie od tego, czy za\u0142o\u017cymy do niej jeansy i kardigan czy o\u0142\u00f3wkow\u0105 sukienk\u0119 i marynark\u0119. Ka\u017cdemu zestawowi skutecznie doda koloru! <\/p>\n\n\n\n<p>To idealne rozwi\u0105zanie na ka\u017cd\u0105 por\u0119 roku, do ubra\u0144 eleganckich i codziennych. Niezale\u017cnie od tego, czy pracujemy w korporacji czy niewielkiej firmie, w kt\u00f3rej nie obowi\u0105zuje \u017caden dress code, ten model zawsze b\u0119dzie pasowa\u0107.&nbsp;<\/p>\n\n\n\n<p>Torebka jest pojemna i mie\u015bci format A4. Mo\u017cna j\u0105 komfortowo nosi\u0107 w r\u0119ce b\u0105d\u017a na ramieniu, na pasku o regulowanej d\u0142ugo\u015bci. Wewn\u0119trzna kieszonka oraz g\u0142\u00f3wna komora modelu s\u0105 zapinane na zamki, co wp\u0142ywa te\u017c na bezpiecze\u0144stwo przenoszonych przedmiot\u00f3w.<\/p>\n\n\n\n<p><strong>ZALETY:<\/strong><\/p>\n\n\n\n<ul class=\"wp-block-list\">\n<li><strong>mie\u015bci format A4<\/strong><\/li>\n\n\n\n<li><strong>oryginalny kolor<\/strong><\/li>\n\n\n\n<li><strong>mo\u017cliwo\u015b\u0107 dopasowania do formalnych i bardziej swobodnych outfit\u00f3w<\/strong><\/li>\n\n\n\n<li><strong>opcja noszenia w d\u0142oni albo na ramieniu<\/strong><\/li>\n\n\n\n<li><strong>komora zamykana na zamek<\/strong><\/li>\n<\/ul>\n\n\n\n<h2 class=\"wp-block-heading\">Najlepsza torebka do biura<strong> <\/strong>\u2013 podsumowanie rankingu CCC<\/h2>\n\n\n\n<p>Wy\u0142onienie zwyci\u0119skiej torebki wcale nie by\u0142o \u0142atwym zadaniem. Ostatecznie na pierwszym miejscu naszego rankingu uplasowa\u0142a si\u0119 sk\u00f3rzana, czarna torebka Gino Rossi, a tu\u017c za ni\u0105 czerwona torebka marki Lasocki. Oba modele wyr\u00f3\u017cniaj\u0105 si\u0119 jako\u015bci\u0105 wykonania, zachwycaj\u0105c\u0105 estetyk\u0105 oraz pojemno\u015bci\u0105. <\/p>\n\n\n\n<p>To prawda, \u017ce zamiast jednej torebki mo\u017cemy mie\u0107 ich kilka i ka\u017cdego wybiera\u0107 t\u0119, kt\u00f3ra najbardziej pasuje do naszego looku. Jednak je\u015bli naszym celem jest znalezienie modelu, kt\u00f3ry sprawdzi si\u0119 w wielu outfitach, mamy znakomite kandydatki. Je\u017celi szukasz du\u017cej torebki do pracy, w\u0142a\u015bnie znalaz\u0142a\u015b idealne propozycje!&nbsp;<\/p>\n","protected":false},"excerpt":{"rendered":"<p>Torebki damskie do pracy s\u0142u\u017c\u0105 nam nie tylko do przenoszenia laptopa i dokument\u00f3w. \u015awietnie sprawdzaj\u0105 si\u0119 tak\u017ce jako stylowe uzupe\u0142nienie biurowych outfit\u00f3w: zar\u00f3wno tych eleganckich, jak i casualowych. Mo\u017cemy mie\u0107 kilka modeli i swobodnie nimi \u017conglowa\u0107, lecz mo\u017cemy te\u017c wybra\u0107 na tyle uniwersaln\u0105 torebk\u0119, by towarzyszy\u0142a nam ka\u017cdego dnia. Wyb\u00f3r jest tak du\u017cy, \u017ce nie [&hellip;]<\/p>\n","protected":false},"author":19,"featured_media":8681,"comment_status":"open","ping_status":"closed","sticky":false,"template":"","format":"standard","meta":{"_acf_changed":false,"footnotes":""},"categories":[1583,1574,4],"tags":[96,936,17,935],"class_list":["post-8655","post","type-post","status-publish","format-standard","has-post-thumbnail","hentry","category-formalne-stylizacje","category-modne-torebki","category-porady","tag-porady","tag-ranking-torebek","tag-torebki-damskie","tag-torebki-do-pracy"],"acf":[],"_links":{"self":[{"href":"https:\/\/blog.ccc.eu\/pl\/wp-json\/wp\/v2\/posts\/8655","targetHints":{"allow":["GET"]}}],"collection":[{"href":"https:\/\/blog.ccc.eu\/pl\/wp-json\/wp\/v2\/posts"}],"about":[{"href":"https:\/\/blog.ccc.eu\/pl\/wp-json\/wp\/v2\/types\/post"}],"author":[{"embeddable":true,"href":"https:\/\/blog.ccc.eu\/pl\/wp-json\/wp\/v2\/users\/19"}],"replies":[{"embeddable":true,"href":"https:\/\/blog.ccc.eu\/pl\/wp-json\/wp\/v2\/comments?post=8655"}],"version-history":[{"count":31,"href":"https:\/\/blog.ccc.eu\/pl\/wp-json\/wp\/v2\/posts\/8655\/revisions"}],"predecessor-version":[{"id":25887,"href":"https:\/\/blog.ccc.eu\/pl\/wp-json\/wp\/v2\/posts\/8655\/revisions\/25887"}],"wp:featuredmedia":[{"embeddable":true,"href":"https:\/\/blog.ccc.eu\/pl\/wp-json\/wp\/v2\/media\/8681"}],"wp:attachment":[{"href":"https:\/\/blog.ccc.eu\/pl\/wp-json\/wp\/v2\/media?parent=8655"}],"wp:term":[{"taxonomy":"category","embeddable":true,"href":"https:\/\/blog.ccc.eu\/pl\/wp-json\/wp\/v2\/categories?post=8655"},{"taxonomy":"post_tag","embeddable":true,"href":"https:\/\/blog.ccc.eu\/pl\/wp-json\/wp\/v2\/tags?post=8655"}],"curies":[{"name":"wp","href":"https:\/\/api.w.org\/{rel}","templated":true}]}}