{"id":9266,"date":"2025-07-31T11:53:46","date_gmt":"2025-07-31T09:53:46","guid":{"rendered":"https:\/\/blog.ccc.eu\/pl\/?p=9266"},"modified":"2025-07-31T11:53:58","modified_gmt":"2025-07-31T09:53:58","slug":"jaki-worek-na-buty","status":"publish","type":"post","link":"https:\/\/blog.ccc.eu\/pl\/jaki-worek-na-buty\/","title":{"rendered":"Jaki worek na buty? Wybieramy najlepszy model do szko\u0142y i przedszkola!\u00a0"},"content":{"rendered":"\n<p><b>Worek na buty bywa cz\u0119sto bagatelizowany jako dodatek do szkolnej wyprawki, tymczasem jego zalety naprawd\u0119 czyni\u0105 go niezast\u0105pionym! To prawda, \u017ce buty czy ubrania na wuef mo\u017cna r\u00f3wnie dobrze nosi\u0107 w reklam\u00f3wce, jednak odpowiedni worek jest znacznie lepszym rozwi\u0105zaniem: zar\u00f3wno dla przedszkolaka, jak i dla dziecka szkolnego. Kiedy\u015b pe\u0142ni\u0142 funkcj\u0119 wy\u0142\u0105cznie praktyczn\u0105, obecnie mo\u017ce te\u017c stanowi\u0107 \u017cywy dow\u00f3d na to, co aktualnie jest w trendach. Nadruki i ozdoby tylko zach\u0119c\u0105 dziecko do jego noszenia! Jaki wi\u0119c wybra\u0107 worek na buty do szko\u0142y dla swojej pociechy, niezale\u017cnie od etapu jej edukacji? Przeczytaj, czym si\u0119 kierowa\u0107 przy zakupie!&nbsp;<\/b><\/p>\n\n\n\n<figure class=\"wp-block-gallery has-nested-images columns-default is-cropped wp-block-gallery-1 is-layout-flex wp-block-gallery-is-layout-flex\">\n<figure class=\"wp-block-image size-full\"><img loading=\"lazy\" decoding=\"async\" width=\"512\" height=\"768\" data-id=\"28100\" src=\"https:\/\/blog.ccc.eu\/pl\/wp-content\/uploads\/2024\/07\/CCC_59067513068977_02M_2_1281.jpg\" alt=\"worek na buty dla dzieci \" class=\"wp-image-28100\" srcset=\"https:\/\/blog.ccc.eu\/pl\/wp-content\/uploads\/2024\/07\/CCC_59067513068977_02M_2_1281.jpg 512w, https:\/\/blog.ccc.eu\/pl\/wp-content\/uploads\/2024\/07\/CCC_59067513068977_02M_2_1281-200x300.jpg 200w, https:\/\/blog.ccc.eu\/pl\/wp-content\/uploads\/2024\/07\/CCC_59067513068977_02M_2_1281-100x150.jpg 100w\" sizes=\"auto, (max-width: 512px) 100vw, 512px\" \/><\/figure>\n\n\n\n<figure class=\"wp-block-image size-large\"><img loading=\"lazy\" decoding=\"async\" width=\"683\" height=\"1024\" data-id=\"28101\" src=\"https:\/\/blog.ccc.eu\/pl\/wp-content\/uploads\/2024\/07\/CCC_5905588992301_01-683x1024.jpg\" alt=\"worek na obuwie harry potter\" class=\"wp-image-28101\" srcset=\"https:\/\/blog.ccc.eu\/pl\/wp-content\/uploads\/2024\/07\/CCC_5905588992301_01-683x1024.jpg 683w, https:\/\/blog.ccc.eu\/pl\/wp-content\/uploads\/2024\/07\/CCC_5905588992301_01-200x300.jpg 200w, https:\/\/blog.ccc.eu\/pl\/wp-content\/uploads\/2024\/07\/CCC_5905588992301_01-768x1152.jpg 768w, https:\/\/blog.ccc.eu\/pl\/wp-content\/uploads\/2024\/07\/CCC_5905588992301_01-100x150.jpg 100w, https:\/\/blog.ccc.eu\/pl\/wp-content\/uploads\/2024\/07\/CCC_5905588992301_01.jpg 876w\" sizes=\"auto, (max-width: 683px) 100vw, 683px\" \/><\/figure>\n<\/figure>\n\n\n\n<h2 class=\"wp-block-heading\">Worek na buty do przedszkola czyli praktyczny gad\u017cet dla malucha<\/h2>\n\n\n\n<p>Rodzice starszych przedszkolak\u00f3w pewnie ju\u017c to wiedz\u0105, Ci, kt\u00f3rzy dopiero zaczynaj\u0105 ze swym dzieckiem t\u0119 \u015bcie\u017ck\u0119 edukacji, bardzo szybko si\u0119 o tym przekonaj\u0105. <strong>Maluchy s\u0105 zdecydowanie bardziej zainteresowane zabawami i nowymi kole\u017cankami i kolegami, ni\u017c pilnowaniem swoich rzeczy. <\/strong>Nic w tym dziwnego, taka ich natura, a my po prostu musimy si\u0119 z tym pogodzi\u0107 i znale\u017a\u0107 spos\u00f3b, by zapobiec poszukiwaniom zagubionych trampek, kapci czy innych cz\u0119\u015bci stroju.&nbsp;<\/p>\n\n\n\n<p>To w\u0142a\u015bnie w takich sytuacjach <strong>na ratunek przychodzi worek na buty do przedszkola, kt\u00f3ry pomo\u017ce w jednym miejscu trzyma\u0107 zmienne obuwie b\u0105d\u017a ubrania<\/strong>. To najbezpieczniejsze i najwygodniejsze rozwi\u0105zanie, u\u0142atwiaj\u0105ce ich przechowywanie w szatni. Maluchy bardzo cz\u0119sto chodz\u0105 w kapciach, dlatego mo\u017ce on funkcjonowa\u0107 tak\u017ce jako worek na kapcie do przedszkola. Jakie cechy powinien mie\u0107 ten idealny?<\/p>\n\n\n\n<h2 class=\"wp-block-heading\">Plecak worek \u2013 wygoda i swoboda ruch\u00f3w<\/h2>\n\n\n\n<p>Najlepiej jest wybra\u0107 taki, kt\u00f3ry jest \u015bci\u0105gany sznurkiem, dzi\u0119ki czemu jego zawarto\u015b\u0107 nie wydostanie si\u0119 na zewn\u0105trz, nawet je\u015bli maluch b\u0119dzie obchodzi\u0107 si\u0119 z nim\u2026 ma\u0142o delikatnie. Dobrym pomys\u0142em s\u0105 tak\u017ce modele posiadaj\u0105ce sznurki pe\u0142ni\u0105ce rol\u0119 szelek. Taki <strong>plecak worek dla dzieci zapewnia maksymaln\u0105 swobod\u0119<\/strong>, uwalniaj\u0105c ich r\u0119ce. Droga do przedszkola z takim gad\u017cetem od razu stanie si\u0119 przyjemniejsza!&nbsp;<\/p>\n\n\n\n<p>Worek na buty z pewno\u015bci\u0105 musi by\u0107 te\u017c wytrzyma\u0142y. I nie chodzi wy\u0142\u0105cznie o spos\u00f3b traktowania go przez przedszkolaka, ale i uwzgl\u0119dnienie r\u00f3\u017cnych p\u00f3r roku. W\u0142a\u015bciwym wyborem b\u0119dzie np. <strong>plecak typu worek wykonany z bawe\u0142ny o g\u0119stym splocie<\/strong>. Taka tkanina zapewni butom dobr\u0105 wentylacj\u0119, a przy tym u\u0142atwi utrzymanie w czysto\u015bci samego worka. Gdy pojawi\u0105 si\u0119 zabrudzenia, bez problemu mo\u017cna go wypra\u0107 w pralce, stosuj\u0105c \u015brodki zar\u00f3wno pior\u0105ce, jak i piel\u0119gnuj\u0105ce materia\u0142.&nbsp;<\/p>\n\n\n\n<p>Du\u017c\u0105 trwa\u0142o\u015b\u0107 wykazuj\u0105 tak\u017ce worki z wodoodpornych tkanin syntetycznych, kt\u00f3re bardzo dobrze znosz\u0105 kontakt z wilgoci\u0105, co szczeg\u00f3lnie wa\u017cne jesieni\u0105 i zim\u0105. Co wi\u0119cej, mniej si\u0119 brudz\u0105 i nie ma konieczno\u015bci ich suszenia.&nbsp;<\/p>\n\n\n\n<h2 class=\"wp-block-heading\">Worek na buty dla dziewczynki i dla ch\u0142opca&nbsp;<\/h2>\n\n\n\n<p>Nie bez znaczenia pozostaje tak\u017ce design worka na buty. Dla dziecka ma to ogromne znaczenie, dlatego pozw\u00f3lmy mu wybra\u0107 taki, kt\u00f3ry sprawi, \u017ce z rado\u015bci\u0105 b\u0119dzie z niego korzysta\u0107! W ko\u0144cu inaczej mo\u017ce wygl\u0105da\u0107 worek na buty dla dziewczynki, a inaczej worek na buty dla ch\u0142opca. <strong>Wybieranie go wsp\u00f3lnie z jego przysz\u0142ym u\u017cytkownikiem ma jeszcze t\u0119 zalet\u0119, \u017ce dziecko szybciej zapami\u0119ta, jaki model nale\u017cy do niego.<\/strong> Kubu\u015b Puchatek? A mo\u017ce bohaterowie z bajek Looney Tunes? Jak my\u015blisz, na co zdecyduje si\u0119 Tw\u00f3j maluch?&nbsp;<\/p>\n\n\n\n<p>Zobacz, jakimi workami na buty wywo\u0142asz u\u015bmiech na twarzy Twojego dziecka!<\/p>\n\n\n\n<!-- BEGIN - feed broker -->\n<div class=\"feedbroker\" consumer-code-id=\"YC1B0OOnbqBGxfThLD8H\"><script src=\"https:\/\/app.feed.broker\/consumer\/feedbroker-consumer-script.umd.js?v=1.0.1\" defer=\"\"><\/script><\/div>\n<!-- END - feed broker -->\n\n\n\n\n<div class=\"read-more-block py-1 \">\n    <div><span class=\"paragraph-1 fw-400 text-uppercase\">Czytaj tak\u017ce:<\/span><\/div>\n    <div class=\"py-3\">\n        <hr style=\"opacity: 1\" class=\"background-5 my-0\">\n        <div class=\"pe-3 py-4 read-more-item\">\n            <div class=\"d-flex align-baseline\">\n\n            <div class=\"pe-2 pe-md-3\"><?xml version=\"1.0\" encoding=\"UTF-8\"?>\n<svg id=\"triangle-ccc\" width=\"10\" height=\"20\" style=\"max-width:100%\" xmlns=\"http:\/\/www.w3.org\/2000\/svg\" viewBox=\"0 0 599.98 1200\"><path d=\"m0,0l599.98,600L0,1200V0Z\"\/><\/svg>\n\n<\/div><div><a href=\"https:\/\/blog.ccc.eu\/pl\/jaki-plecak-do-szkoly-wybrac\/\">Jaki plecak do szko\u0142y wybra\u0107?<\/a> <\/div>\n            <\/div>\n        <\/div>\n        <hr style=\"opacity: 1\" class=\"background-5 my-0\">\n    <\/div>\n<\/div>\n\n\n\n<h2 class=\"wp-block-heading\">Worki na buty do szko\u0142y \u2013 do zada\u0144 specjalnych<\/h2>\n\n\n\n<p>Worek na <a href=\"https:\/\/blog.ccc.eu\/pl\/jakie-buty-do-szkoly-wybrac\/\">buty do szko\u0142y<\/a> pod wzgl\u0119dem praktyczno\u015bci i funkcjonalno\u015bci niczym nie r\u00f3\u017cni si\u0119 od swojego odpowiednika z przedszkola. Jest <strong>\u015bwietnym miejscem do przechowania stroju na wuef czy obuwia zmiennego<\/strong> i mo\u017ce towarzyszy\u0107 dziecku przez wszystkie lata szkolnej edukacji, je\u015bli wybierzemy odpowiednio uniwersalny i trwa\u0142y model.&nbsp;<\/p>\n\n\n\n<p><strong>Bardzo popularnym rozwi\u0105zaniem jest<\/strong> <strong>worek do szko\u0142y z imieniem<\/strong>. To rewelacyjny pomys\u0142, szczeg\u00f3lnie dla uczni\u00f3w najm\u0142odszych klas, dzi\u0119ki kt\u00f3remu szybko znajd\u0105 swoj\u0105 w\u0142asno\u015b\u0107, nawet je\u015bli kolega lub kole\u017canka b\u0119d\u0105 mieli ten sam model worka. Przypomina to troch\u0119 podpisywanie work\u00f3w przedszkolnych, wi\u0119c starsze dzieci niekoniecznie uciesz\u0105 si\u0119 z takiego gad\u017cetu. Nie chc\u0105 ju\u017c dodatk\u00f3w wygl\u0105daj\u0105cych na dziecinne \u2013 s\u0105 ju\u017c przecie\u017c prawie doros\u0142e! \ud83d\ude42&nbsp;<\/p>\n\n\n\n<p>Dla nich sprawdz\u0105 si\u0119 worki na buty w stonowanych kolorach, kt\u00f3re maj\u0105 jeszcze ten plus, \u017ce pasuj\u0105 do wszystkich szkolnych stroj\u00f3w. Z drugiej strony s\u0105 te\u017c <strong>modele wielobarwne, z najmodniejszymi printami: geometrycznymi, tropikalnymi, zwierz\u0119cymi czy kwiatowymi<\/strong>. Je\u015bli m\u0142ody cz\u0142owiek chce si\u0119 wyr\u00f3\u017cni\u0107 to tylko z workiem na buty w jeden z takich wzor\u00f3w!<\/p>\n\n\n\n<h2 class=\"wp-block-heading\">Worek na plecy \u2013 funkcjonalny i stylowy dodatek<\/h2>\n\n\n\n<p>Plecak jako dodatek ma w sobie wiele luzu i za ten jego charakter uwielbia go niejeden ucze\u0144. To dlatego <strong>worek na plecy w tym typie to fantastyczny pomys\u0142<\/strong>! Jest praktyczny, bo pomie\u015bci zar\u00f3wno zmienne obuwie, jak i str\u00f3j na wuef, a do tego mo\u017cna go wygodnie nosi\u0107 na plecach, ca\u0142y czas maj\u0105c wolne r\u0119ce. Sprawia to, \u017ce taki model idealnie nada si\u0119 do szko\u0142y, jako miejsce do przechowywania, lecz przyda si\u0119 r\u00f3wnie\u017c w czasie wolnym, na spotkania z kole\u017cankami i kolegami czy spacery w rodzinnym gronie.&nbsp;<\/p>\n\n\n\n<p>Sportowy look work\u00f3w, kt\u00f3re umie\u015bcili\u015bmy w sklepie CCC rewelacyjnie wpisuje si\u0119 w taki scenariusz \u2013 zobacz, czy znajdziesz w naszej ofercie taki, kt\u00f3ry spodoba si\u0119 Twojemu dziecku!&nbsp;<\/p>\n\n\n\n<!-- BEGIN - feed broker -->\n<div class=\"feedbroker\" consumer-code-id=\"BQ7GbkPBXFZe6fHJsukA\"><script src=\"https:\/\/app.feed.broker\/consumer\/feedbroker-consumer-script.umd.js?v=1.0.1\" defer=\"\"><\/script><\/div>\n<!-- END - feed broker -->\n\n\n\n<p><\/p>\n\n\n\n\n<div class=\"read-more-block py-1 \">\n    <div><span class=\"paragraph-1 fw-400 text-uppercase\">Czytaj tak\u017ce:<\/span><\/div>\n    <div class=\"py-3\">\n        <hr style=\"opacity: 1\" class=\"background-5 my-0\">\n        <div class=\"pe-3 py-4 read-more-item\">\n            <div class=\"d-flex align-baseline\">\n\n            <div class=\"pe-2 pe-md-3\"><?xml version=\"1.0\" encoding=\"UTF-8\"?>\n<svg id=\"triangle-ccc\" width=\"10\" height=\"20\" style=\"max-width:100%\" xmlns=\"http:\/\/www.w3.org\/2000\/svg\" viewBox=\"0 0 599.98 1200\"><path d=\"m0,0l599.98,600L0,1200V0Z\"\/><\/svg>\n\n<\/div><div><a href=\"https:\/\/blog.ccc.eu\/pl\/najlepszy-plecak-do-szkoly-2022-ranking\/\">Najlepszy plecak do szko\u0142y 2023 &#8211; Ranking<\/a> <\/div>\n            <\/div>\n        <\/div>\n        <hr style=\"opacity: 1\" class=\"background-5 my-0\">\n    <\/div>\n<\/div>\n\n\n\n<p>Worek na buty dla starszych dzieci, czy to w formie plecaka, czy klasycznej, jest zwykle wi\u0119kszy ni\u017c ten dla przedszkolak\u00f3w, dlatego przy wyborze <strong>zwr\u00f3\u0107my uwag\u0119, czy materia\u0142, z jakiego go wykonano, wytrzyma te\u017c wi\u0119kszy ci\u0119\u017car<\/strong>. W tym wypadku tak\u017ce sprawdz\u0105 si\u0119 modele z grubszych tkanin: bawe\u0142niane lub syntetyczne i wodoodporne.&nbsp;<\/p>\n\n\n\n<p>Pami\u0119tajmy o tym, \u017ce na wzorzystych workach na buty zabrudzenia b\u0119d\u0105 mniej widoczne ni\u017c na jednobarwnych, cho\u0107 ten argument wcale nie musi si\u0119 okaza\u0107 przes\u0105dzaj\u0105cy, skoro pranie ich nie stanowi \u017cadnego problemu.&nbsp;<\/p>\n\n\n\n<h2 class=\"wp-block-heading\">Worek na buty dla dzieci CCC<\/h2>\n\n\n\n<p>Funkcjonalno\u015b\u0107 worka na buty to wa\u017cna, je\u015bli nie najwa\u017cniejsza kwestia, jednak dawno przesta\u0142 by\u0107 to gad\u017cet wy\u0142\u0105cznie praktyczny. Mo\u017ce sta\u0107 si\u0119 tak\u017ce ultramodnym dodatkiem do szkolnych i przedszkolnych stylizacji. Worki na buty z aktualnych kolekcji CCC zosta\u0142y stworzone w zgodzie z najmocniejszymi trendami, wi\u0119c je\u015bli masz w domu malca, kt\u00f3ry zwraca na nie uwag\u0119 i lubi si\u0119 wyr\u00f3\u017cnia\u0107, zdecydowanie powinni\u015bcie razem rozwa\u017cy\u0107 wyb\u00f3r jednego z takich modeli. Neonowe, pastelowe lub metaliczne kolory? Niebanalne fasony i faktury? Znajdziesz je w naszych sklepach stacjonarnych, na ccc.eu oraz w aplikacji!<\/p>\n","protected":false},"excerpt":{"rendered":"<p>Worek na buty bywa cz\u0119sto bagatelizowany jako dodatek do szkolnej wyprawki, tymczasem jego zalety naprawd\u0119 czyni\u0105 go niezast\u0105pionym! To prawda, \u017ce buty czy ubrania na wuef mo\u017cna r\u00f3wnie dobrze nosi\u0107 w reklam\u00f3wce, jednak odpowiedni worek jest znacznie lepszym rozwi\u0105zaniem: zar\u00f3wno dla przedszkolaka, jak i dla dziecka szkolnego. Kiedy\u015b pe\u0142ni\u0142 funkcj\u0119 wy\u0142\u0105cznie praktyczn\u0105, obecnie mo\u017ce te\u017c [&hellip;]<\/p>\n","protected":false},"author":19,"featured_media":28100,"comment_status":"open","ping_status":"closed","sticky":false,"template":"","format":"standard","meta":{"_acf_changed":false,"footnotes":""},"categories":[4,982],"tags":[968,975,974,971],"class_list":["post-9266","post","type-post","status-publish","format-standard","has-post-thumbnail","hentry","category-porady","category-back-to-school","tag-kids-back-to-school","tag-moda-dziecieca","tag-ubrania-dla-dzieci","tag-worek-na-buty"],"acf":[],"_links":{"self":[{"href":"https:\/\/blog.ccc.eu\/pl\/wp-json\/wp\/v2\/posts\/9266","targetHints":{"allow":["GET"]}}],"collection":[{"href":"https:\/\/blog.ccc.eu\/pl\/wp-json\/wp\/v2\/posts"}],"about":[{"href":"https:\/\/blog.ccc.eu\/pl\/wp-json\/wp\/v2\/types\/post"}],"author":[{"embeddable":true,"href":"https:\/\/blog.ccc.eu\/pl\/wp-json\/wp\/v2\/users\/19"}],"replies":[{"embeddable":true,"href":"https:\/\/blog.ccc.eu\/pl\/wp-json\/wp\/v2\/comments?post=9266"}],"version-history":[{"count":13,"href":"https:\/\/blog.ccc.eu\/pl\/wp-json\/wp\/v2\/posts\/9266\/revisions"}],"predecessor-version":[{"id":28103,"href":"https:\/\/blog.ccc.eu\/pl\/wp-json\/wp\/v2\/posts\/9266\/revisions\/28103"}],"wp:featuredmedia":[{"embeddable":true,"href":"https:\/\/blog.ccc.eu\/pl\/wp-json\/wp\/v2\/media\/28100"}],"wp:attachment":[{"href":"https:\/\/blog.ccc.eu\/pl\/wp-json\/wp\/v2\/media?parent=9266"}],"wp:term":[{"taxonomy":"category","embeddable":true,"href":"https:\/\/blog.ccc.eu\/pl\/wp-json\/wp\/v2\/categories?post=9266"},{"taxonomy":"post_tag","embeddable":true,"href":"https:\/\/blog.ccc.eu\/pl\/wp-json\/wp\/v2\/tags?post=9266"}],"curies":[{"name":"wp","href":"https:\/\/api.w.org\/{rel}","templated":true}]}}