{"id":9469,"date":"2025-08-06T12:03:00","date_gmt":"2025-08-06T10:03:00","guid":{"rendered":"https:\/\/blog.ccc.eu\/pl\/?p=9469"},"modified":"2025-08-06T12:03:02","modified_gmt":"2025-08-06T10:03:02","slug":"buty-na-rozpoczecie-roku-szkolnego-wybieramy","status":"publish","type":"post","link":"https:\/\/blog.ccc.eu\/pl\/buty-na-rozpoczecie-roku-szkolnego-wybieramy\/","title":{"rendered":"Buty na rozpocz\u0119cie roku szkolnego \u2013 podpowiadamy, jakie wybra\u0107!"},"content":{"rendered":"\n<p><strong>Z rozpocz\u0119ciem roku szkolnego wi\u0105\u017ce si\u0119 wiele emocji. Niekt\u00f3re maluchy dopiero zaczynaj\u0105 swoj\u0105 przygod\u0119 z edukacj\u0105, wi\u0119c to dla nich zupe\u0142na nowo\u015b\u0107, inne z niecierpliwo\u015bci\u0105 wyczekuj\u0105 momentu powakacyjnego spotkania z kole\u017cankami i kolegami z klasy. Dla ka\u017cdego z nich to bardzo wa\u017cne wydarzenie, kt\u00f3re wymaga tak\u017ce odpowiedniej oprawy. Uroczysta akademia wi\u0105\u017ce si\u0119 z doborem galowego stroju, zwie\u0144czonego eleganckimi butami \u2013 by\u0107 mo\u017ce pierwszymi takimi w \u017cyciu Twojego dziecka. Jakie buty na rozpocz\u0119cie roku szkolnego wybra\u0107? Jakie b\u0119d\u0105 odpowiednie dla ch\u0142opca, a jakie dla dziewczynki? Sprawd\u017a nasze niezawodne propozycje!&nbsp;<\/strong><\/p>\n\n\n\n<figure class=\"wp-block-gallery has-nested-images columns-default is-cropped wp-block-gallery-1 is-layout-flex wp-block-gallery-is-layout-flex\">\n<figure class=\"wp-block-image size-large\"><img loading=\"lazy\" decoding=\"async\" width=\"1024\" height=\"683\" data-id=\"18388\" src=\"https:\/\/blog.ccc.eu\/pl\/wp-content\/uploads\/2023\/07\/buty-dzieciece-na-rozpoczecie-roku-1024x683.jpg\" alt=\"buty i plecaki na rozpocz\u0119cie roku szkolnego dla dziewczynek\" class=\"wp-image-18388\" srcset=\"https:\/\/blog.ccc.eu\/pl\/wp-content\/uploads\/2023\/07\/buty-dzieciece-na-rozpoczecie-roku-1024x683.jpg 1024w, https:\/\/blog.ccc.eu\/pl\/wp-content\/uploads\/2023\/07\/buty-dzieciece-na-rozpoczecie-roku-300x200.jpg 300w, https:\/\/blog.ccc.eu\/pl\/wp-content\/uploads\/2023\/07\/buty-dzieciece-na-rozpoczecie-roku-768x512.jpg 768w, https:\/\/blog.ccc.eu\/pl\/wp-content\/uploads\/2023\/07\/buty-dzieciece-na-rozpoczecie-roku-1536x1024.jpg 1536w, https:\/\/blog.ccc.eu\/pl\/wp-content\/uploads\/2023\/07\/buty-dzieciece-na-rozpoczecie-roku-100x67.jpg 100w, https:\/\/blog.ccc.eu\/pl\/wp-content\/uploads\/2023\/07\/buty-dzieciece-na-rozpoczecie-roku.jpg 1591w\" sizes=\"auto, (max-width: 1024px) 100vw, 1024px\" \/><\/figure>\n<\/figure>\n\n\n\n<h2 class=\"wp-block-heading\">Buty na rozpocz\u0119cie roku \u2013 eleganckie uzupe\u0142nienie ca\u0142ego looku<\/h2>\n\n\n\n<p>Odpowiednie buty na rozpocz\u0119cie roku szkolnego stanowi\u0105 naturalne uzupe\u0142nienie ca\u0142ej stylizacji na akademi\u0119, zanim wi\u0119c zaczniemy si\u0119 rozgl\u0105da\u0107 za w\u0142a\u015bciwym modelem, podejmijmy decyzj\u0119 odno\u015bnie stroju. W przypadku szk\u00f3\u0142, w kt\u00f3rym obowi\u0105zkowe jest noszenie mundurk\u00f3w, ten problem mamy z g\u0142owy. Najcz\u0119\u015bciej s\u0105 czarne, granatowe lub bordowe, wi\u0119c z \u0142atwo\u015bci\u0105 dopasujemy do nich lakierki, baleriny czy oksfordy w podobnych barwach.&nbsp;<br><br>W sytuacji, gdy mundurki nie s\u0105 konieczne, mamy wi\u0119ksze pole do popisu, cho\u0107 oficjalny charakter uroczysto\u015bci ca\u0142y czas ka\u017ce nam si\u0119 porusza\u0107 wok\u00f3\u0142 formalnego, eleganckiego outfitu. <strong>Po\u0142\u0105czenie bia\u0142ej g\u00f3ry i czarnego do\u0142u, tak w przypadku ch\u0142opca, jak i dziewczynki, to absolutny klasyk<\/strong>, kt\u00f3ry gwarantuje i nam, i dziecku, \u017ce nie pope\u0142nimy \u017cadnego faux pas. Bia\u0142a koszula w po\u0142\u0105czeniu z czarn\u0105 sp\u00f3dniczk\u0105 czy garniturowymi spodniami w kant to zawsze dobry pomys\u0142. A co s\u0105dzisz o tym, by odrobin\u0119 go zmodyfikowa\u0107?<\/p>\n\n\n\n<p>Najwa\u017cniejsze jest, by dziecko, niezale\u017cnie od tego, czy jest w szkole podstawowej czy liceum, wygl\u0105da\u0142o skromnie i z klas\u0105, a taki efekt osi\u0105gniemy nie tylko za spraw\u0105 czerni i bieli. Dziewczynki z powodzeniem mog\u0105 wyst\u0105pi\u0107 w prostych sukienkach w takich kolorach jak bordo, butelkowa ziele\u0144, szaro\u015b\u0107 lub ciemny r\u00f3\u017c. Je\u015bli obawiasz si\u0119, \u017ce kt\u00f3ry\u015b z nich b\u0119dzie zbyt intensywny, ca\u0142y zestaw stonuje np. granatowa marynarka albo bolerko.&nbsp;<\/p>\n\n\n\n<p>U ch\u0142opc\u00f3w zamiast bia\u0142ej koszuli sprawdzi si\u0119 m.in. model kremowy lub b\u0142\u0119kitny \u2013 g\u0142adki b\u0105d\u017a posiadaj\u0105cy drobny print. A spodnie wcale nie musz\u0105 by\u0107 czarne! Odcienie niebieskiego, szaro\u015bci czy be\u017cu r\u00f3wnie\u017c b\u0119d\u0105 strza\u0142em w dziesi\u0105tk\u0119!&nbsp;<\/p>\n\n\n\n\n<div class=\"read-more-block py-1 \">\n    <div><span class=\"paragraph-1 fw-400 text-uppercase\">Czytaj tak\u017ce:<\/span><\/div>\n    <div class=\"py-3\">\n        <hr style=\"opacity: 1\" class=\"background-5 my-0\">\n        <div class=\"pe-3 py-4 read-more-item\">\n            <div class=\"d-flex align-baseline\">\n\n            <div class=\"pe-2 pe-md-3\"><?xml version=\"1.0\" encoding=\"UTF-8\"?>\n<svg id=\"triangle-ccc\" width=\"10\" height=\"20\" style=\"max-width:100%\" xmlns=\"http:\/\/www.w3.org\/2000\/svg\" viewBox=\"0 0 599.98 1200\"><path d=\"m0,0l599.98,600L0,1200V0Z\"\/><\/svg>\n\n<\/div><div><a href=\"https:\/\/blog.ccc.eu\/pl\/jakie-buty-do-szkoly-wybrac\/\">Jakie buty do szko\u0142y wybra\u0107?<\/a> <\/div>\n            <\/div>\n        <\/div>\n        <hr style=\"opacity: 1\" class=\"background-5 my-0\">\n    <\/div>\n<\/div>\n\n\n\n<h2 class=\"wp-block-heading\">Jakie buty na rozpocz\u0119cie roku szkolnego?&nbsp;<\/h2>\n\n\n\n<p>Wybieranie but\u00f3w dla m\u0142odszego b\u0105d\u017a starszego ucznia mo\u017ce sprawi\u0107 wiele rado\u015bci, szczeg\u00f3lnie, je\u017celi w\u0142\u0105czysz w to swoje dziecko! W ko\u0144cu dzi\u0119ki odpowiednim butom ma szans\u0119 wyrazi\u0107 sw\u00f3j w\u0142asny styl, nawet na akademii!&nbsp;<br>Podczas poszukiwa\u0144 idealnych but\u00f3w na rozpocz\u0119cie roku tak naprawd\u0119 masz dwie drogi. <strong>Albo p\u00f3jdziesz w stron\u0119 bezpiecznej klasyki, albo zdecydujesz si\u0119 prze\u0142ama\u0107 j\u0105 bardziej swobodnym obuwiem.<\/strong> Zale\u017cy to nie tylko od preferencji Twoich i dziecka, ale i szkolnych zasad dress code\u2019u, kt\u00f3re mog\u0105, cho\u0107 nie musz\u0105 by\u0107 restrykcyjne.<\/p>\n\n\n\n<figure class=\"wp-block-gallery has-nested-images columns-default is-cropped wp-block-gallery-2 is-layout-flex wp-block-gallery-is-layout-flex\">\n<figure class=\"wp-block-image size-full\"><img loading=\"lazy\" decoding=\"async\" width=\"512\" height=\"768\" data-id=\"28109\" src=\"https:\/\/blog.ccc.eu\/pl\/wp-content\/uploads\/2024\/07\/CCC_CEO-BIC-AW25-ZY03SPRIIICH_02M_0290-1.jpg\" alt=\"eleganckie buty na rozpocz\u0119cie roku dziewcz\u0119ce\" class=\"wp-image-28109\" srcset=\"https:\/\/blog.ccc.eu\/pl\/wp-content\/uploads\/2024\/07\/CCC_CEO-BIC-AW25-ZY03SPRIIICH_02M_0290-1.jpg 512w, https:\/\/blog.ccc.eu\/pl\/wp-content\/uploads\/2024\/07\/CCC_CEO-BIC-AW25-ZY03SPRIIICH_02M_0290-1-200x300.jpg 200w, https:\/\/blog.ccc.eu\/pl\/wp-content\/uploads\/2024\/07\/CCC_CEO-BIC-AW25-ZY03SPRIIICH_02M_0290-1-100x150.jpg 100w\" sizes=\"auto, (max-width: 512px) 100vw, 512px\" \/><\/figure>\n\n\n\n<figure class=\"wp-block-image size-full\"><img loading=\"lazy\" decoding=\"async\" width=\"512\" height=\"768\" data-id=\"28110\" src=\"https:\/\/blog.ccc.eu\/pl\/wp-content\/uploads\/2024\/07\/CCC_CEO-BIC-AW25-ZY03SPRIIICH_02M_0348-1.jpg\" alt=\"lakierowane buty na rozpocz\u0119cie roku szkolnego\" class=\"wp-image-28110\" srcset=\"https:\/\/blog.ccc.eu\/pl\/wp-content\/uploads\/2024\/07\/CCC_CEO-BIC-AW25-ZY03SPRIIICH_02M_0348-1.jpg 512w, https:\/\/blog.ccc.eu\/pl\/wp-content\/uploads\/2024\/07\/CCC_CEO-BIC-AW25-ZY03SPRIIICH_02M_0348-1-200x300.jpg 200w, https:\/\/blog.ccc.eu\/pl\/wp-content\/uploads\/2024\/07\/CCC_CEO-BIC-AW25-ZY03SPRIIICH_02M_0348-1-100x150.jpg 100w\" sizes=\"auto, (max-width: 512px) 100vw, 512px\" \/><\/figure>\n<\/figure>\n\n\n\n<h2 class=\"wp-block-heading\">Buty na rozpocz\u0119cie roku dla dziewczynek&nbsp;<\/h2>\n\n\n\n<p>Za\u0142\u00f3\u017cmy, \u017ce na rozpocz\u0119ciu roku Twoja pociecha wyst\u0105pi w eleganckiej, formalnej stylizacji: o\u0142\u00f3wkowej lub rozkloszowanej sukience czy bia\u0142ej bluzce i plisowanej sp\u00f3dniczce. <strong>Charakter takiego looku \u015bwietnie podkre\u015bl\u0105 dziewcz\u0119ce balerinki, kt\u00f3re zachwycaj\u0105 dodatkami: <\/strong>kokardkami, subtelnymi, b\u0142yszcz\u0105cymi aplikacjami czy wst\u0105\u017ckami. Modele w ciemnych kolorach s\u0105 na tyle uniwersalne, \u017ce z \u0142atwo\u015bci\u0105 skompletujesz je z klasycznym strojem dziewczynki.<\/p>\n\n\n\n<p>Zobacz, jakie eleganckie baleriny dla ma\u0142ej uczennicy znajdziesz w sklepie internetowym CCC! Trudno si\u0119 nimi nie zachwyci\u0107!<\/p>\n\n\n\n<!-- BEGIN - feed broker -->\n<div class=\"feedbroker\" consumer-code-id=\"WcOuA35xxEfOvrtQasw2\"><script src=\"https:\/\/app.feed.broker\/consumer\/feedbroker-consumer-script.umd.js?v=1.0.1\" defer=\"\"><\/script><\/div>\n<!-- END - feed broker -->\n\n\n\n<p><\/p>\n\n\n\n<p>Nieco mniej formaln\u0105, ale <strong>wci\u0105\u017c eleganck\u0105 propozycj\u0105 s\u0105 loafersy czy dziewcz\u0119ce oksfordy oraz brogsy<\/strong>. Doskonale sprawdz\u0105 si\u0119 r\u00f3wnie\u017c p\u00f3\u0142buty w typie Mary Jane. Fantastycznie prezentuj\u0105 si\u0119 w po\u0142\u0105czeniu z g\u0142adkimi szmizjerkami, ma\u0142ymi czarnymi czy rozkloszowanymi sp\u00f3dniczkami i koszulami. Prze\u0142amuj\u0105 nieco ich oficjalny charakter, lecz wci\u0105\u017c pozostaj\u0105 niezwykle stylowym dodatkiem do nich. Maj\u0105 te\u017c t\u0119 zalet\u0119, \u017ce z powodzeniem wykorzystasz je tak\u017ce do stworzenia codziennych, komfortowych zestaw\u00f3w do szko\u0142y dla Twojej pociechy. Chyba, \u017ce woli zrobi\u0107 to sama\u2026?<\/p>\n\n\n\n<p>Sprawd\u017a przepi\u0119kne propozycje takich but\u00f3w z kolekcji Nelli Blu, Lasocki Kids i DeeZee!&nbsp;<\/p>\n\n\n\n<figure class=\"wp-block-gallery has-nested-images columns-default is-cropped wp-block-gallery-3 is-layout-flex wp-block-gallery-is-layout-flex\">\n<figure class=\"wp-block-image size-large\"><img loading=\"lazy\" decoding=\"async\" width=\"683\" height=\"1024\" data-id=\"25700\" src=\"https:\/\/blog.ccc.eu\/pl\/wp-content\/uploads\/2023\/07\/CCC_5905588787945_04-683x1024.jpg\" alt=\"lakierowane buty na rozpocz\u0119cie roku dziewcz\u0119ce\" class=\"wp-image-25700\" srcset=\"https:\/\/blog.ccc.eu\/pl\/wp-content\/uploads\/2023\/07\/CCC_5905588787945_04-683x1024.jpg 683w, https:\/\/blog.ccc.eu\/pl\/wp-content\/uploads\/2023\/07\/CCC_5905588787945_04-200x300.jpg 200w, https:\/\/blog.ccc.eu\/pl\/wp-content\/uploads\/2023\/07\/CCC_5905588787945_04-768x1152.jpg 768w, https:\/\/blog.ccc.eu\/pl\/wp-content\/uploads\/2023\/07\/CCC_5905588787945_04-100x150.jpg 100w, https:\/\/blog.ccc.eu\/pl\/wp-content\/uploads\/2023\/07\/CCC_5905588787945_04.jpg 876w\" sizes=\"auto, (max-width: 683px) 100vw, 683px\" \/><\/figure>\n\n\n\n<figure class=\"wp-block-image size-large\"><img loading=\"lazy\" decoding=\"async\" width=\"683\" height=\"1024\" data-id=\"25701\" src=\"https:\/\/blog.ccc.eu\/pl\/wp-content\/uploads\/2023\/07\/CCC_5905588787945_07-683x1024.jpg\" alt=\"czarne buty dla dziewczynki na rozpocz\u0119cie roku\" class=\"wp-image-25701\" srcset=\"https:\/\/blog.ccc.eu\/pl\/wp-content\/uploads\/2023\/07\/CCC_5905588787945_07-683x1024.jpg 683w, https:\/\/blog.ccc.eu\/pl\/wp-content\/uploads\/2023\/07\/CCC_5905588787945_07-200x300.jpg 200w, https:\/\/blog.ccc.eu\/pl\/wp-content\/uploads\/2023\/07\/CCC_5905588787945_07-768x1152.jpg 768w, https:\/\/blog.ccc.eu\/pl\/wp-content\/uploads\/2023\/07\/CCC_5905588787945_07-100x150.jpg 100w, https:\/\/blog.ccc.eu\/pl\/wp-content\/uploads\/2023\/07\/CCC_5905588787945_07.jpg 876w\" sizes=\"auto, (max-width: 683px) 100vw, 683px\" \/><\/figure>\n<\/figure>\n\n\n\n<!-- BEGIN - feed broker -->\n<div class=\"feedbroker\" consumer-code-id=\"kNagrEgU8XnxoFDjZ9DO\"><script src=\"https:\/\/app.feed.broker\/consumer\/feedbroker-consumer-script.umd.js?v=1.0.1\" defer=\"\"><\/script><\/div>\n<!-- END - feed broker -->\n\n\n\n<p><\/p>\n\n\n\n<h2 class=\"wp-block-heading\">Buty na rozpocz\u0119cie roku dla ch\u0142opc\u00f3w<\/h2>\n\n\n\n<p>Ch\u0142opcy ponad wszystko ceni\u0105 sobie wygod\u0119, dlatego szukaj\u0105c but\u00f3w na rozpocz\u0119cie roku szkolnego dla ma\u0142ego ucznia, warto wzi\u0105\u0107 to pod uwag\u0119. Elegancka <a href=\"https:\/\/blog.ccc.eu\/pl\/jak-sie-ubrac-na-rozpoczecie-roku-szkolnego\/\">stylizacja na rozpocz\u0119cie roku szkolnego<\/a> prawdopodobnie nie b\u0119dzie mu si\u0119 kojarzy\u0142a ze swobod\u0105, dlatego Twoja w tym g\u0142owa, by zmieni\u0142 zdanie! <strong>Fantastycznym uzupe\u0142nieniem looku z koszul\u0105 i spodniami w kant b\u0119d\u0105 oczywi\u015bcie klasyczne oksfordy.<\/strong> Nie do\u015b\u0107, \u017ce doskonale wpisuj\u0105 si\u0119 w oficjalny charakter wydarzenia, to jeszcze dzi\u0119ki swojej mi\u0119kko\u015bci i w\u0142a\u015bciwemu podtrzymaniu stopy zapewniaj\u0105&nbsp; pe\u0142en komfort chodzenia. To buty na tyle uniwersalne, \u017ce b\u0119d\u0105 pasowa\u0142y do ka\u017cdego eleganckiego zestawu, niezale\u017cnie od jego kolorystyki. Zreszt\u0105\u2026 sprawd\u017a to sama!&nbsp;<\/p>\n\n\n\n<p>Zobacz, jakie ch\u0142opi\u0119ce oksfordy na rozpocz\u0119cie roku znajdziesz w naszej ofercie!&nbsp;<\/p>\n\n\n\n\n<div class=\"read-more-block py-1 \">\n    <div><span class=\"paragraph-1 fw-400 text-uppercase\">Czytaj tak\u017ce:<\/span><\/div>\n    <div class=\"py-3\">\n        <hr style=\"opacity: 1\" class=\"background-5 my-0\">\n        <div class=\"pe-3 py-4 read-more-item\">\n            <div class=\"d-flex align-baseline\">\n\n            <div class=\"pe-2 pe-md-3\"><?xml version=\"1.0\" encoding=\"UTF-8\"?>\n<svg id=\"triangle-ccc\" width=\"10\" height=\"20\" style=\"max-width:100%\" xmlns=\"http:\/\/www.w3.org\/2000\/svg\" viewBox=\"0 0 599.98 1200\"><path d=\"m0,0l599.98,600L0,1200V0Z\"\/><\/svg>\n\n<\/div><div><a href=\"https:\/\/blog.ccc.eu\/pl\/jakie-buty-na-zmiane-do-szkoly\/\">Jakie buty na zmian\u0119 do szko\u0142y wybra\u0107?<\/a> <\/div>\n            <\/div>\n        <\/div>\n        <hr style=\"opacity: 1\" class=\"background-5 my-0\">\n    <\/div>\n<\/div>\n\n\n\n<figure class=\"wp-block-gallery has-nested-images columns-default is-cropped wp-block-gallery-4 is-layout-flex wp-block-gallery-is-layout-flex\">\n<figure class=\"wp-block-image size-large\"><img loading=\"lazy\" decoding=\"async\" width=\"683\" height=\"1024\" data-id=\"25702\" src=\"https:\/\/blog.ccc.eu\/pl\/wp-content\/uploads\/2023\/07\/CCC_5905588287087_04-683x1024.jpg\" alt=\"br\u0105zowe oxfordy buty na rozpocz\u0119cie roku\" class=\"wp-image-25702\" srcset=\"https:\/\/blog.ccc.eu\/pl\/wp-content\/uploads\/2023\/07\/CCC_5905588287087_04-683x1024.jpg 683w, https:\/\/blog.ccc.eu\/pl\/wp-content\/uploads\/2023\/07\/CCC_5905588287087_04-200x300.jpg 200w, https:\/\/blog.ccc.eu\/pl\/wp-content\/uploads\/2023\/07\/CCC_5905588287087_04-768x1152.jpg 768w, https:\/\/blog.ccc.eu\/pl\/wp-content\/uploads\/2023\/07\/CCC_5905588287087_04-100x150.jpg 100w, https:\/\/blog.ccc.eu\/pl\/wp-content\/uploads\/2023\/07\/CCC_5905588287087_04.jpg 876w\" sizes=\"auto, (max-width: 683px) 100vw, 683px\" \/><\/figure>\n\n\n\n<figure class=\"wp-block-image size-large\"><img loading=\"lazy\" decoding=\"async\" width=\"683\" height=\"1024\" data-id=\"25703\" src=\"https:\/\/blog.ccc.eu\/pl\/wp-content\/uploads\/2023\/07\/CCC_5905588287070_04-683x1024.jpg\" alt=\"eleganckie buty na rozpocz\u0119cie roku czarne\" class=\"wp-image-25703\" srcset=\"https:\/\/blog.ccc.eu\/pl\/wp-content\/uploads\/2023\/07\/CCC_5905588287070_04-683x1024.jpg 683w, https:\/\/blog.ccc.eu\/pl\/wp-content\/uploads\/2023\/07\/CCC_5905588287070_04-200x300.jpg 200w, https:\/\/blog.ccc.eu\/pl\/wp-content\/uploads\/2023\/07\/CCC_5905588287070_04-768x1152.jpg 768w, https:\/\/blog.ccc.eu\/pl\/wp-content\/uploads\/2023\/07\/CCC_5905588287070_04-100x150.jpg 100w, https:\/\/blog.ccc.eu\/pl\/wp-content\/uploads\/2023\/07\/CCC_5905588287070_04.jpg 876w\" sizes=\"auto, (max-width: 683px) 100vw, 683px\" \/><\/figure>\n<\/figure>\n\n\n\n<!-- BEGIN - feed broker -->\n<div class=\"feedbroker\" consumer-code-id=\"wXwl1h9S1xgQuIg00Gky\"><script src=\"https:\/\/app.feed.broker\/consumer\/feedbroker-consumer-script.umd.js?v=1.0.1\" defer=\"\"><\/script><\/div>\n<!-- END - feed broker -->\n\n\n\n<p><\/p>\n\n\n\n<p>Nie uda\u0142o Ci si\u0119 przekona\u0107 Twojego m\u0142odego cz\u0142owieka, \u017ce oksfordy to \u015bwietny pomys\u0142? Nie poddawaj si\u0119 w tych pr\u00f3bach, lecz w mi\u0119dzyczasie mo\u017cesz mu zaproponowa\u0107 buty, co do kt\u00f3rych nie ma w\u0105tpliwo\u015bci, \u017ce s\u0105 wygodne \u2013 trampki! Zna je pewnie wy\u0142\u0105cznie ze sportowych stylizacji, a przecie\u017c r\u00f3wnie dobrze wygl\u0105daj\u0105 w eleganckich zestawach, rewelacyjnie prze\u0142amuj\u0105c ich charakter.&nbsp;<\/p>\n\n\n\n<p><strong>Trampki jako buty na rozpocz\u0119cie roku szkolnego idealnie dope\u0142ni\u0105 look z klasycznymi jeansami czy be\u017cowymi chinosami i granatow\u0105 marynark\u0105. <\/strong>Pod ni\u0105 wcale nie musi znale\u017a\u0107 si\u0119 elegancka koszula \u2013 r\u00f3wnie dobrze mo\u017ce to by\u0107 g\u0142adki, basicowy t-shirt, jaki na pewno jest ju\u017c w ch\u0142opi\u0119cej szafie!&nbsp;<\/p>\n\n\n\n<p>Wybierz trampki w uniwersalnych, stonowanych kolorach, pasuj\u0105ce lub nawi\u0105zuj\u0105ce do tych, kt\u00f3re pojawiaj\u0105 si\u0119 na pozosta\u0142ych elementach stroju. To gwarancja perfekcyjnej stylizacji!&nbsp;<\/p>\n\n\n\n<p>Zobacz trampki ch\u0142opi\u0119ce, kt\u00f3re nie tylko rewelacyjnie sprawdz\u0105 si\u0119 na akademii, ale i w trakcie roku szkolnego!&nbsp;<\/p>\n\n\n\n<!-- BEGIN - feed broker -->\n<div class=\"feedbroker\" consumer-code-id=\"zrSTFTOsTYBhiYCaGqEW\"><script src=\"https:\/\/app.feed.broker\/consumer\/feedbroker-consumer-script.umd.js?v=1.0.1\" defer=\"\"><\/script><\/div>\n<!-- END - feed broker -->\n\n\n\n<p><\/p>\n\n\n\n<p><strong>\u015awietn\u0105 opcj\u0105 na uzupe\u0142nienie stylizacji na akademi\u0119 s\u0105 tak\u017ce\u2026 sneakersy.<\/strong> Z pewno\u015bci\u0105 nie jest to najbardziej oczywisty wyb\u00f3r na \u015bwiecie, ale je\u015bli w szkole nie obowi\u0105zuje sztywny dress code, to czemu z niego nie skorzysta\u0107? Skoro my, kompletuj\u0105c str\u00f3j biurowy, zak\u0142adamy buty sportowe do jeans\u00f3w i marynarki, to nasze dziecko tak\u017ce mo\u017ce by\u0107 ubrane w takim casualowym stylu! <\/p>\n\n\n\n<p>Wa\u017cn\u0105 zasad\u0105 w tym wypadku jest to, by wybra\u0107 model z gatunku klasycznych: g\u0142adki, najlepiej w kolorze czarnym, granatowym lub bia\u0142ym. Do czego b\u0119d\u0105 pasowa\u0107 takie sneakersy? Na przyk\u0142ad do zestawu z granatowymi jeansami albo materia\u0142owymi spodniami w krat\u0119 i bia\u0142\u0105 koszul\u0105. Prosto, wygodnie i bez zarzutu.<\/p>\n\n\n\n<p>Na rozpocz\u0119cie roku szkolnego wybierz sneakersy takich marek jak Reebok, adidas czy Lasocki Kids i pr\u00f3cz nieskazitelnego wygl\u0105du zapewnij te\u017c dziecku maksimum komfortu w ten wa\u017cny dzie\u0144!&nbsp;<\/p>\n\n\n\n<figure class=\"wp-block-image size-full\"><img loading=\"lazy\" decoding=\"async\" width=\"1024\" height=\"607\" src=\"https:\/\/blog.ccc.eu\/pl\/wp-content\/uploads\/2024\/07\/sfsdfsdf-2.jpg\" alt=\"buty sportowe na rozpocz\u0119cie roku szkolnego\" class=\"wp-image-28111\" srcset=\"https:\/\/blog.ccc.eu\/pl\/wp-content\/uploads\/2024\/07\/sfsdfsdf-2.jpg 1024w, https:\/\/blog.ccc.eu\/pl\/wp-content\/uploads\/2024\/07\/sfsdfsdf-2-300x178.jpg 300w, https:\/\/blog.ccc.eu\/pl\/wp-content\/uploads\/2024\/07\/sfsdfsdf-2-768x455.jpg 768w, https:\/\/blog.ccc.eu\/pl\/wp-content\/uploads\/2024\/07\/sfsdfsdf-2-100x59.jpg 100w\" sizes=\"auto, (max-width: 1024px) 100vw, 1024px\" \/><\/figure>\n\n\n\n<!-- BEGIN - feed broker -->\n<div class=\"feedbroker\" consumer-code-id=\"lbCHRXwUJ8dPfQLkprIX\"><script src=\"https:\/\/app.feed.broker\/consumer\/feedbroker-consumer-script.umd.js?v=1.0.1\" defer=\"\"><\/script><\/div>\n<!-- END - feed broker -->\n\n\n\n<p><\/p>\n\n\n\n<h2 class=\"wp-block-heading\">Buty na rozpocz\u0119cie roku szkolnego znajdziesz w CCC!<\/h2>\n\n\n\n<p>Skorzystaj z naszych niezawodnych porad i wybierz buty na rozpocz\u0119cie roku szkolnego, kt\u00f3re spe\u0142ni\u0105 wymagania zar\u00f3wno Twoje, jak i Twojego dziecka. Modele dla dziewczynek i ch\u0142opc\u00f3w w r\u00f3\u017cnym wieku i tak samo r\u00f3\u017cnej stylistyce znajdziesz w sklepach stacjonarnych CCC, na ccc.eu oraz w aplikacji. Jeste\u015bmy pewni, \u017ce w\u015br\u00f3d kolekcji, kt\u00f3re tam umie\u015bcili\u015bmy, czeka na Was wymarzona para na t\u0119 wa\u017cn\u0105 okazj\u0119! <\/p>\n","protected":false},"excerpt":{"rendered":"<p>Z rozpocz\u0119ciem roku szkolnego wi\u0105\u017ce si\u0119 wiele emocji. Niekt\u00f3re maluchy dopiero zaczynaj\u0105 swoj\u0105 przygod\u0119 z edukacj\u0105, wi\u0119c to dla nich zupe\u0142na nowo\u015b\u0107, inne z niecierpliwo\u015bci\u0105 wyczekuj\u0105 momentu powakacyjnego spotkania z kole\u017cankami i kolegami z klasy. Dla ka\u017cdego z nich to bardzo wa\u017cne wydarzenie, kt\u00f3re wymaga tak\u017ce odpowiedniej oprawy. Uroczysta akademia wi\u0105\u017ce si\u0119 z doborem galowego [&hellip;]<\/p>\n","protected":false},"author":19,"featured_media":18388,"comment_status":"open","ping_status":"closed","sticky":false,"template":"","format":"standard","meta":{"_acf_changed":false,"footnotes":""},"categories":[4,982],"tags":[948,386,968,986],"class_list":["post-9469","post","type-post","status-publish","format-standard","has-post-thumbnail","hentry","category-porady","category-back-to-school","tag-back-to-school","tag-buty-dzieciece","tag-kids-back-to-school","tag-rozpoczecie-roku-szkolnego"],"acf":[],"_links":{"self":[{"href":"https:\/\/blog.ccc.eu\/pl\/wp-json\/wp\/v2\/posts\/9469","targetHints":{"allow":["GET"]}}],"collection":[{"href":"https:\/\/blog.ccc.eu\/pl\/wp-json\/wp\/v2\/posts"}],"about":[{"href":"https:\/\/blog.ccc.eu\/pl\/wp-json\/wp\/v2\/types\/post"}],"author":[{"embeddable":true,"href":"https:\/\/blog.ccc.eu\/pl\/wp-json\/wp\/v2\/users\/19"}],"replies":[{"embeddable":true,"href":"https:\/\/blog.ccc.eu\/pl\/wp-json\/wp\/v2\/comments?post=9469"}],"version-history":[{"count":12,"href":"https:\/\/blog.ccc.eu\/pl\/wp-json\/wp\/v2\/posts\/9469\/revisions"}],"predecessor-version":[{"id":28112,"href":"https:\/\/blog.ccc.eu\/pl\/wp-json\/wp\/v2\/posts\/9469\/revisions\/28112"}],"wp:featuredmedia":[{"embeddable":true,"href":"https:\/\/blog.ccc.eu\/pl\/wp-json\/wp\/v2\/media\/18388"}],"wp:attachment":[{"href":"https:\/\/blog.ccc.eu\/pl\/wp-json\/wp\/v2\/media?parent=9469"}],"wp:term":[{"taxonomy":"category","embeddable":true,"href":"https:\/\/blog.ccc.eu\/pl\/wp-json\/wp\/v2\/categories?post=9469"},{"taxonomy":"post_tag","embeddable":true,"href":"https:\/\/blog.ccc.eu\/pl\/wp-json\/wp\/v2\/tags?post=9469"}],"curies":[{"name":"wp","href":"https:\/\/api.w.org\/{rel}","templated":true}]}}