{"id":9543,"date":"2025-07-15T09:31:11","date_gmt":"2025-07-15T07:31:11","guid":{"rendered":"https:\/\/blog.ccc.eu\/pl\/?p=9543"},"modified":"2025-07-15T09:31:12","modified_gmt":"2025-07-15T07:31:12","slug":"najlepszy-plecak-do-szkoly-ranking","status":"publish","type":"post","link":"https:\/\/blog.ccc.eu\/pl\/najlepszy-plecak-do-szkoly-ranking\/","title":{"rendered":"Ranking plecak\u00f3w szkolnych 2025"},"content":{"rendered":"\n<p><b>Przed plecakiem szkolnym nie\u0142atwe zadanie. Musi si\u0119 podoba\u0107, by\u0107 trwa\u0142y, a przy tym dba\u0107 o zdrowie i w\u0142a\u015bciw\u0105 postaw\u0119 dziecka. Szeroka oferta dost\u0119pnych modeli mo\u017ce przyprawi\u0107 o zawr\u00f3t g\u0142owy, dlatego oddajemy w Twoje r\u0119ce ranking plecak\u00f3w szkolnych, kt\u00f3ry znacznie u\u0142atwi Ci wyb\u00f3r. Umie\u015bcili\u015bmy w nim najlepsze plecaki szkolne o r\u00f3\u017cnych funkcjonalno\u015bciach i pojemno\u015bciach, odpowiednie zar\u00f3wno dla m\u0142odszych, jak i starszych uczni\u00f3w. Poznaj ich zalety i zdecyduj, kt\u00f3ry z nich b\u0119dzie najlepszym towarzyszem dla Twojego dziecka!&nbsp;<\/b><\/p>\n\n\n\n<figure class=\"wp-block-image size-full\"><img loading=\"lazy\" decoding=\"async\" width=\"1024\" height=\"607\" src=\"https:\/\/blog.ccc.eu\/pl\/wp-content\/uploads\/2024\/08\/sfsdfsdf-2.jpg\" alt=\"\" class=\"wp-image-27964\" srcset=\"https:\/\/blog.ccc.eu\/pl\/wp-content\/uploads\/2024\/08\/sfsdfsdf-2.jpg 1024w, https:\/\/blog.ccc.eu\/pl\/wp-content\/uploads\/2024\/08\/sfsdfsdf-2-300x178.jpg 300w, https:\/\/blog.ccc.eu\/pl\/wp-content\/uploads\/2024\/08\/sfsdfsdf-2-768x455.jpg 768w, https:\/\/blog.ccc.eu\/pl\/wp-content\/uploads\/2024\/08\/sfsdfsdf-2-100x59.jpg 100w\" sizes=\"auto, (max-width: 1024px) 100vw, 1024px\" \/><\/figure>\n\n\n\n<h2 class=\"wp-block-heading\">Pojemny plecak do szko\u0142y Sprandi<\/h2>\n\n\n\n<figure class=\"wp-block-gallery has-nested-images columns-default is-cropped wp-block-gallery-1 is-layout-flex wp-block-gallery-is-layout-flex\">\n<figure class=\"wp-block-image size-large\"><img loading=\"lazy\" decoding=\"async\" width=\"683\" height=\"1024\" data-id=\"25650\" src=\"https:\/\/blog.ccc.eu\/pl\/wp-content\/uploads\/2023\/07\/CCC_5905588451600_01K-683x1024.jpg\" alt=\"plecak do szko\u0142y sprandi\" class=\"wp-image-25650\" srcset=\"https:\/\/blog.ccc.eu\/pl\/wp-content\/uploads\/2023\/07\/CCC_5905588451600_01K-683x1024.jpg 683w, https:\/\/blog.ccc.eu\/pl\/wp-content\/uploads\/2023\/07\/CCC_5905588451600_01K-200x300.jpg 200w, https:\/\/blog.ccc.eu\/pl\/wp-content\/uploads\/2023\/07\/CCC_5905588451600_01K-768x1152.jpg 768w, https:\/\/blog.ccc.eu\/pl\/wp-content\/uploads\/2023\/07\/CCC_5905588451600_01K-100x150.jpg 100w, https:\/\/blog.ccc.eu\/pl\/wp-content\/uploads\/2023\/07\/CCC_5905588451600_01K.jpg 876w\" sizes=\"auto, (max-width: 683px) 100vw, 683px\" \/><\/figure>\n\n\n\n<figure class=\"wp-block-image size-large is-style-default\"><img loading=\"lazy\" decoding=\"async\" width=\"683\" height=\"1024\" data-id=\"25651\" src=\"https:\/\/blog.ccc.eu\/pl\/wp-content\/uploads\/2023\/07\/CCC_5905588451600_03-683x1024.jpg\" alt=\"plecak sprandi do szko\u0142y\" class=\"wp-image-25651\" srcset=\"https:\/\/blog.ccc.eu\/pl\/wp-content\/uploads\/2023\/07\/CCC_5905588451600_03-683x1024.jpg 683w, https:\/\/blog.ccc.eu\/pl\/wp-content\/uploads\/2023\/07\/CCC_5905588451600_03-200x300.jpg 200w, https:\/\/blog.ccc.eu\/pl\/wp-content\/uploads\/2023\/07\/CCC_5905588451600_03-768x1152.jpg 768w, https:\/\/blog.ccc.eu\/pl\/wp-content\/uploads\/2023\/07\/CCC_5905588451600_03-100x150.jpg 100w, https:\/\/blog.ccc.eu\/pl\/wp-content\/uploads\/2023\/07\/CCC_5905588451600_03.jpg 876w\" sizes=\"auto, (max-width: 683px) 100vw, 683px\" \/><\/figure>\n<\/figure>\n\n\n\n<div class=\"wp-block-buttons is-content-justification-center is-layout-flex wp-container-core-buttons-is-layout-16018d1d wp-block-buttons-is-layout-flex\">\n<div class=\"wp-block-button\"><a class=\"wp-block-button__link has-background wp-element-button\" href=\"https:\/\/ccc.eu\/pl\/plecaki\/plecak-sprandi-spr-p-004-05-czarny\" style=\"background-color:#28b07e\" target=\"_blank\" rel=\"noreferrer noopener\">Zam\u00f3w plecak Sprandi w CCC<\/a><\/div>\n<\/div>\n\n\n\n<p><\/p>\n\n\n\n<p>Czarny plecak to bardzo praktyczne rozwi\u0105zanie. Pasuje do wielu <a href=\"https:\/\/blog.ccc.eu\/pl\/outfity-i-stylizacje-do-szkoly\/\">szkolnych stylizacji<\/a>, a przy tym mniej wida\u0107 na nim zabrudzenia. To dobra propozycja tak\u017ce ze wzgl\u0119du na pojemno\u015b\u0107 tego modelu. Do plecaka Sprandi z \u0142atwo\u015bci\u0105 zmieszcz\u0105 si\u0119 wszystkie zeszyty i podr\u0119czniki, zostawiaj\u0105c r\u00f3wnie\u017c miejsce na pude\u0142ko z drugim \u015bniadaniem. Jego ogromn\u0105 zalet\u0105 jest odpowiednia sztywno\u015b\u0107, kt\u00f3ra nie tylko u\u0142atwia spakowanie do niego laptopa czy tabletu, ale i chroni\u0105ca zawarto\u015b\u0107 przed ewentualnymi zagnieceniami. <\/p>\n\n\n\n<p>Szerokie szelki plecaka odpowiadaj\u0105 za w\u0142a\u015bciwe roz\u0142o\u017cenie ci\u0119\u017caru, dbaj\u0105c o kr\u0119gos\u0142up i dobr\u0105 postaw\u0119. Materia\u0142, z jakiego zosta\u0142 wykonany, \u015bwietnie sprawdzi si\u0119 te\u017c w niepogod\u0119 \u2013 tkanina chroni przed przemoczeniem i dostaniem si\u0119 wilgoci do \u015brodka plecaka, przez co mog\u0142aby ucierpie\u0107 jego zawarto\u015b\u0107.&nbsp;<\/p>\n\n\n\n<p>Ze wzgl\u0119du na pojemno\u015b\u0107 plecaka, \u015bwietnie sprawdzi si\u0119 jako element wyprawki dla starszych uczni\u00f3w. Uniwersalny wygl\u0105d z kolei sprawia, \u017ce nadaje si\u0119 zar\u00f3wno dla dziewczynek, jak i ch\u0142opc\u00f3w.&nbsp;<\/p>\n\n\n\n<p><strong>ZALETY:<\/strong><\/p>\n\n\n\n<ul class=\"wp-block-list\">\n<li><strong>odpowiednia pojemno\u015b\u0107 i wielko\u015b\u0107, umo\u017cliwiaj\u0105ca spakowanie ksi\u0105\u017cek o r\u00f3\u017cnym formacie<\/strong><\/li>\n\n\n\n<li><strong>sztywno\u015b\u0107 chroni\u0105ca zawarto\u015b\u0107 przez zagnieceniami<\/strong><\/li>\n\n\n\n<li><strong>zamykanie kom\u00f3r na zamek<\/strong><\/li>\n\n\n\n<li><strong>szerokie szelki<\/strong><\/li>\n\n\n\n<li><strong>wykonanie z materia\u0142u chroni\u0105cego przed wilgoci\u0105<\/strong><\/li>\n<\/ul>\n\n\n\n<h2 class=\"wp-block-heading\"> Solidny plecak do szko\u0142y Mickey&amp;Friends<\/h2>\n\n\n\n<figure class=\"wp-block-gallery has-nested-images columns-default is-cropped wp-block-gallery-2 is-layout-flex wp-block-gallery-is-layout-flex\">\n<figure class=\"wp-block-image size-large\"><img loading=\"lazy\" decoding=\"async\" width=\"683\" height=\"1024\" data-id=\"27956\" src=\"https:\/\/blog.ccc.eu\/pl\/wp-content\/uploads\/2024\/08\/CCC_5905588035480_01K-683x1024.jpg\" alt=\"\" class=\"wp-image-27956\" srcset=\"https:\/\/blog.ccc.eu\/pl\/wp-content\/uploads\/2024\/08\/CCC_5905588035480_01K-683x1024.jpg 683w, https:\/\/blog.ccc.eu\/pl\/wp-content\/uploads\/2024\/08\/CCC_5905588035480_01K-200x300.jpg 200w, https:\/\/blog.ccc.eu\/pl\/wp-content\/uploads\/2024\/08\/CCC_5905588035480_01K-768x1152.jpg 768w, https:\/\/blog.ccc.eu\/pl\/wp-content\/uploads\/2024\/08\/CCC_5905588035480_01K-100x150.jpg 100w, https:\/\/blog.ccc.eu\/pl\/wp-content\/uploads\/2024\/08\/CCC_5905588035480_01K.jpg 876w\" sizes=\"auto, (max-width: 683px) 100vw, 683px\" \/><\/figure>\n\n\n\n<figure class=\"wp-block-image size-large\"><img loading=\"lazy\" decoding=\"async\" width=\"683\" height=\"1024\" data-id=\"27957\" src=\"https:\/\/blog.ccc.eu\/pl\/wp-content\/uploads\/2024\/08\/CCC_5905588035480_03-683x1024.jpg\" alt=\"\" class=\"wp-image-27957\" srcset=\"https:\/\/blog.ccc.eu\/pl\/wp-content\/uploads\/2024\/08\/CCC_5905588035480_03-683x1024.jpg 683w, https:\/\/blog.ccc.eu\/pl\/wp-content\/uploads\/2024\/08\/CCC_5905588035480_03-200x300.jpg 200w, https:\/\/blog.ccc.eu\/pl\/wp-content\/uploads\/2024\/08\/CCC_5905588035480_03-768x1152.jpg 768w, https:\/\/blog.ccc.eu\/pl\/wp-content\/uploads\/2024\/08\/CCC_5905588035480_03-100x150.jpg 100w, https:\/\/blog.ccc.eu\/pl\/wp-content\/uploads\/2024\/08\/CCC_5905588035480_03.jpg 876w\" sizes=\"auto, (max-width: 683px) 100vw, 683px\" \/><\/figure>\n<\/figure>\n\n\n\n<div class=\"wp-block-buttons is-content-justification-center is-layout-flex wp-container-core-buttons-is-layout-16018d1d wp-block-buttons-is-layout-flex\">\n<div class=\"wp-block-button\"><a class=\"wp-block-button__link has-background wp-element-button\" href=\"https:\/\/ccc.eu\/pl\/plecaki\/plecak-mickey-friends-acccs-aw23-11dstc-czarny\" style=\"background-color:#28b07e\" target=\"_blank\" rel=\"noreferrer noopener\">Zam\u00f3w plecak Mickey&amp;Friends w CCC<\/a><\/div>\n<\/div>\n\n\n\n<p><\/p>\n\n\n\n<p>Trwa\u0142o\u015b\u0107 i solidne wykonanie szkolnego plecaka to kwestie, na kt\u00f3re obowi\u0105zkowo trzeba zwr\u00f3ci\u0107 uwag\u0119 przy jego wyborze. Nie ma sensu inwestowa\u0107 w model uszyty ze s\u0142abej jako\u015bci materia\u0142\u00f3w, poniewa\u017c ju\u017c po roku intensywnego u\u017cytkowania b\u0119dzie si\u0119 nadawa\u0142 do wymiany. Plecak szkolny Mickey&amp;Friends z pewno\u015bci\u0105 spe\u0142ni oczekiwania dotycz\u0105ce jako\u015bci. <\/p>\n\n\n\n<p>Uroczy model z podobiznami bohater\u00f3w z serii Mickey&amp;Friends jest niezwykle pojemny, co wi\u0119cej jego dodatkowe kieszonki u\u0142atwiaj\u0105 zachowanie w nim porz\u0105dku. Funkcjonalnym rozwi\u0105zaniem s\u0105 r\u00f3wnie\u017c zewn\u0119trzne kieszenie na butelki czy termosy. Nawet je\u015bli pojemniki nie zostan\u0105 dobrze dokr\u0119cone i przeciekn\u0105, nie zalej\u0105 podr\u0119cznik\u00f3w ani zeszyt\u00f3w.<\/p>\n\n\n\n<p>Prezentowany plecak bez problemu pomie\u015bci wszystko, co potrzebne na tym etapie edukacji. Regulowane, odpowiednio szerokie szelki dbaj\u0105 o w\u0142a\u015bciw\u0105 postaw\u0119 dziecka i odpowiednie roz\u0142o\u017cenie noszonego ci\u0119\u017caru. Dzi\u0119ki swojej sztywno\u015bci model chroni swoj\u0105 zawarto\u015b\u0107 przed zniekszta\u0142ceniami, a zamykanie kom\u00f3r i kieszonek na suwak sprawi\u0105, \u017ce z pewno\u015bci\u0105 z nich wypadn\u0105. <\/p>\n\n\n\n<p>Ten plecak Mickey&amp;Friends to \u015bwietny wyb\u00f3r tak\u017ce ze wzgl\u0119du na opcj\u0119 regulowania jego wysoko\u015bci. W zale\u017cno\u015bci od zawarto\u015bci, za pomoc\u0105 pask\u00f3w z klamerkami mo\u017cna dopasowywa\u0107 jego kszta\u0142t do potrzeb dziecka. Czy to wi\u0119c najlepszy plecak szkolny dla Twojej pociechy\u2026?\u00a0<\/p>\n\n\n\n<p><strong>ZALETY:<\/strong><\/p>\n\n\n\n<ul class=\"wp-block-list\">\n<li><strong>kieszonki u\u0142atwiaj\u0105ce zachowanie porz\u0105dku<\/strong><\/li>\n\n\n\n<li><strong>mo\u017cliwo\u015b\u0107 regulacji g\u0142\u0119boko\u015bci plecaka<\/strong><\/li>\n\n\n\n<li><strong>komory zapinane na suwak<\/strong>i<\/li>\n\n\n\n<li><strong>regulowane, szerokie szelki<\/strong><\/li>\n<\/ul>\n\n\n\n\n<div class=\"read-more-block py-1 \">\n    <div><span class=\"paragraph-1 fw-400 text-uppercase\">Czytaj tak\u017ce:<\/span><\/div>\n    <div class=\"py-3\">\n        <hr style=\"opacity: 1\" class=\"background-5 my-0\">\n        <div class=\"pe-3 py-4 read-more-item\">\n            <div class=\"d-flex align-baseline\">\n\n            <div class=\"pe-2 pe-md-3\"><?xml version=\"1.0\" encoding=\"UTF-8\"?>\n<svg id=\"triangle-ccc\" width=\"10\" height=\"20\" style=\"max-width:100%\" xmlns=\"http:\/\/www.w3.org\/2000\/svg\" viewBox=\"0 0 599.98 1200\"><path d=\"m0,0l599.98,600L0,1200V0Z\"\/><\/svg>\n\n<\/div><div><a href=\"https:\/\/blog.ccc.eu\/pl\/najlepsze-buty-na-wf-ranking\/\">Najlepsze buty na wf &#8211; ranking<\/a> <\/div>\n            <\/div>\n        <\/div>\n        <hr style=\"opacity: 1\" class=\"background-5 my-0\">\n    <\/div>\n<\/div>\n\n\n\n<h2 class=\"wp-block-heading\">Dobry plecak szkolny do pierwszej klasy Disney Classic<\/h2>\n\n\n\n<figure class=\"wp-block-gallery has-nested-images columns-default is-cropped wp-block-gallery-3 is-layout-flex wp-block-gallery-is-layout-flex\">\n<figure class=\"wp-block-image size-large\"><img loading=\"lazy\" decoding=\"async\" width=\"683\" height=\"1024\" data-id=\"27960\" src=\"https:\/\/blog.ccc.eu\/pl\/wp-content\/uploads\/2024\/08\/CCC_5905588991960_01-683x1024.jpg\" alt=\"\" class=\"wp-image-27960\" srcset=\"https:\/\/blog.ccc.eu\/pl\/wp-content\/uploads\/2024\/08\/CCC_5905588991960_01-683x1024.jpg 683w, https:\/\/blog.ccc.eu\/pl\/wp-content\/uploads\/2024\/08\/CCC_5905588991960_01-200x300.jpg 200w, https:\/\/blog.ccc.eu\/pl\/wp-content\/uploads\/2024\/08\/CCC_5905588991960_01-768x1152.jpg 768w, https:\/\/blog.ccc.eu\/pl\/wp-content\/uploads\/2024\/08\/CCC_5905588991960_01-100x150.jpg 100w, https:\/\/blog.ccc.eu\/pl\/wp-content\/uploads\/2024\/08\/CCC_5905588991960_01.jpg 876w\" sizes=\"auto, (max-width: 683px) 100vw, 683px\" \/><\/figure>\n\n\n\n<figure class=\"wp-block-image size-large\"><img loading=\"lazy\" decoding=\"async\" width=\"683\" height=\"1024\" data-id=\"27961\" src=\"https:\/\/blog.ccc.eu\/pl\/wp-content\/uploads\/2024\/08\/CCC_5905588991960_03-683x1024.jpg\" alt=\"\" class=\"wp-image-27961\" srcset=\"https:\/\/blog.ccc.eu\/pl\/wp-content\/uploads\/2024\/08\/CCC_5905588991960_03-683x1024.jpg 683w, https:\/\/blog.ccc.eu\/pl\/wp-content\/uploads\/2024\/08\/CCC_5905588991960_03-200x300.jpg 200w, https:\/\/blog.ccc.eu\/pl\/wp-content\/uploads\/2024\/08\/CCC_5905588991960_03-768x1152.jpg 768w, https:\/\/blog.ccc.eu\/pl\/wp-content\/uploads\/2024\/08\/CCC_5905588991960_03-100x150.jpg 100w, https:\/\/blog.ccc.eu\/pl\/wp-content\/uploads\/2024\/08\/CCC_5905588991960_03.jpg 876w\" sizes=\"auto, (max-width: 683px) 100vw, 683px\" \/><\/figure>\n<\/figure>\n\n\n\n<div class=\"wp-block-buttons is-content-justification-center is-layout-flex wp-container-core-buttons-is-layout-16018d1d wp-block-buttons-is-layout-flex\">\n<div class=\"wp-block-button\"><a class=\"wp-block-button__link has-background wp-element-button\" href=\"https:\/\/ccc.eu\/pl\/plecaki\/plecak-action-boy-p-16b-szary\" style=\"background-color:#28b07e\" target=\"_blank\" rel=\"noreferrer noopener\">Zam\u00f3w plecak ze Stitchem Disney Classic w CCC<\/a><\/div>\n<\/div>\n\n\n\n<p><\/p>\n\n\n\n<p>Plecaki dla pierwszoklasist\u00f3w i uczni\u00f3w pozosta\u0142ych, m\u0142odszych klas z zasady r\u00f3\u017cni\u0105 si\u0119 od modeli dla starszych uczni\u00f3w i tak te\u017c jest w tym wypadku. Plecak Stitch jest od nich mniejszy, ale jego wymiary pozwalaj\u0105 na spakowanie podr\u0119cznik\u00f3w, zeszyt\u00f3w i pozosta\u0142ych akcesori\u00f3w. <\/p>\n\n\n\n<p>Przed Tob\u0105 plecak o designie nawi\u0105zuj\u0105cym do uwielbianej przez dzieci bajki, dlatego z ca\u0142\u0105 pewno\u015bci\u0105 nie b\u0119dzie trzeba namawia\u0107 pierwszaka do jego noszenia. Model troszczy si\u0119 tak\u017ce o kr\u0119gos\u0142up dziecka. Posiada szerokie szelki, za spraw\u0105 kt\u00f3rych ci\u0119\u017car jest optymalnie rozk\u0142adany. Odpowiednio usztywniane plecki chroni\u0105 zawarto\u015b\u0107 plecaka przed zagnieceniami, ale i dobrze dopasowuj\u0105 si\u0119 do sylwetki. Pami\u0119taj! Najlepszy plecak dla dziecka do szko\u0142y to taki, kt\u00f3ry dba o zdrowie ucznia, niezale\u017cnie od jego wieku!\u00a0<\/p>\n\n\n\n<p>Plecak marki Disney Classic jest bardzo pojemny, co z pewno\u015bci\u0105 doceni\u0105 uczniowie nosz\u0105cy wi\u0119cej ksi\u0105\u017cek i zeszyt\u00f3w. Jego prostok\u0105tny kszta\u0142t powoduje, \u017ce z \u0142atwo\u015bci\u0105 mie\u015bci format A4, do tego dba, by w ksi\u0105\u017ckach o takiej w\u0142a\u015bnie wielko\u015bci nie za\u0142amywa\u0142y si\u0119 rogi! Posiada jedn\u0105, du\u017c\u0105 komor\u0119 zamykan\u0105 na zamek. Dodatkowa kieszonka umo\u017cliwia np. przenoszenie w niej drugiego \u015bniadania, kluczy do domu czy etui na okulary.\u00a0Materia\u0142 wykonania plecaka fantastycznie chroni jego zawarto\u015b\u0107 przed wilgoci\u0105. To model zdecydowanie warty uwagi!<\/p>\n\n\n\n<p><strong>ZALETY:<\/strong><\/p>\n\n\n\n<ul class=\"wp-block-list\">\n<li><strong>szerokie, regulowane szelki <\/strong><\/li>\n\n\n\n<li><strong>prostok\u0105tny kszta\u0142t<\/strong><\/li>\n\n\n\n<li><strong>dodatkowa zewn\u0119trzna kieszonka<\/strong><\/li>\n\n\n\n<li><strong>zamykanie komory na suwak<\/strong><\/li>\n<\/ul>\n\n\n\n<h2 class=\"wp-block-heading\">Modny plecak do szko\u0142y Reebok<\/h2>\n\n\n\n<figure class=\"wp-block-gallery has-nested-images columns-default is-cropped wp-block-gallery-4 is-layout-flex wp-block-gallery-is-layout-flex\">\n<figure class=\"wp-block-image size-large\"><img loading=\"lazy\" decoding=\"async\" width=\"683\" height=\"1024\" data-id=\"27962\" src=\"https:\/\/blog.ccc.eu\/pl\/wp-content\/uploads\/2024\/08\/CCC_5906751134306_02-683x1024.jpg\" alt=\"\" class=\"wp-image-27962\" srcset=\"https:\/\/blog.ccc.eu\/pl\/wp-content\/uploads\/2024\/08\/CCC_5906751134306_02-683x1024.jpg 683w, https:\/\/blog.ccc.eu\/pl\/wp-content\/uploads\/2024\/08\/CCC_5906751134306_02-200x300.jpg 200w, https:\/\/blog.ccc.eu\/pl\/wp-content\/uploads\/2024\/08\/CCC_5906751134306_02-768x1152.jpg 768w, https:\/\/blog.ccc.eu\/pl\/wp-content\/uploads\/2024\/08\/CCC_5906751134306_02-100x150.jpg 100w, https:\/\/blog.ccc.eu\/pl\/wp-content\/uploads\/2024\/08\/CCC_5906751134306_02.jpg 876w\" sizes=\"auto, (max-width: 683px) 100vw, 683px\" \/><\/figure>\n\n\n\n<figure class=\"wp-block-image size-large\"><img loading=\"lazy\" decoding=\"async\" width=\"683\" height=\"1024\" data-id=\"27963\" src=\"https:\/\/blog.ccc.eu\/pl\/wp-content\/uploads\/2024\/08\/CCC_5906751134306_04-683x1024.jpg\" alt=\"\" class=\"wp-image-27963\" srcset=\"https:\/\/blog.ccc.eu\/pl\/wp-content\/uploads\/2024\/08\/CCC_5906751134306_04-683x1024.jpg 683w, https:\/\/blog.ccc.eu\/pl\/wp-content\/uploads\/2024\/08\/CCC_5906751134306_04-200x300.jpg 200w, https:\/\/blog.ccc.eu\/pl\/wp-content\/uploads\/2024\/08\/CCC_5906751134306_04-768x1152.jpg 768w, https:\/\/blog.ccc.eu\/pl\/wp-content\/uploads\/2024\/08\/CCC_5906751134306_04-100x150.jpg 100w, https:\/\/blog.ccc.eu\/pl\/wp-content\/uploads\/2024\/08\/CCC_5906751134306_04.jpg 876w\" sizes=\"auto, (max-width: 683px) 100vw, 683px\" \/><\/figure>\n<\/figure>\n\n\n\n<div class=\"wp-block-buttons is-content-justification-center is-layout-flex wp-container-core-buttons-is-layout-16018d1d wp-block-buttons-is-layout-flex\">\n<div class=\"wp-block-button\"><a class=\"wp-block-button__link has-background wp-element-button\" href=\"https:\/\/ccc.eu\/pl\/plecaki\/plecak-reebok-rbk-015-ccc-06-rozowy\" style=\"background-color:#28b07e\" target=\"_blank\" rel=\"noreferrer noopener\">Zam\u00f3w plecak Reebok w CCC<\/a><\/div>\n<\/div>\n\n\n\n<p><\/p>\n\n\n\n<p>Tak jak rodzice zwracaj\u0105 uwag\u0119 najcz\u0119\u015bciej na funkcjonalno\u015bci plecaka, tak dla dzieci bardzo istotny jest te\u017c jego wygl\u0105d. Jedne wol\u0105 uniwersalne modele, bo takie ma wi\u0119kszo\u015b\u0107 ich koleg\u00f3w i kole\u017canek i nie chc\u0105 si\u0119 wyr\u00f3\u017cnia\u0107, inne preferuj\u0105 takie, dzi\u0119ki kt\u00f3rym poka\u017c\u0105, \u017ce wiedz\u0105, co aktualnie jest w trendach. W\u015br\u00f3d tej drugiej grupy na pewno znajd\u0105 si\u0119 amatorzy i amatorki oryginalnego <a href=\"https:\/\/ccc.eu\/pl\/plecaki\/plecaki-dzieciece\/marka:reebok\" target=\"_blank\" rel=\"noreferrer noopener\">plecaka szkolnego Reebok<\/a>, przykuwaj\u0105cego spojrzenia nie tylko pi\u0119knym kolorem oraz logo marki, ale i niebanalnym kszta\u0142tem.\u00a0<\/p>\n\n\n\n<p>Jego g\u0142\u00f3wna komora zamykana jest na suwak, wi\u0119c zawarto\u015b\u0107 pozostanie bezpieczna nawet podczas podr\u00f3\u017cy zat\u0142oczonym autobusem. Dodatkowa du\u017ca zewn\u0119trzna kiesze\u0144 na zamek to \u015bwietny patent na przechowywanie drobiazg\u00f3w: domowych kluczy, bilet\u00f3w, chusteczek czy \u0142adowarki do telefonu.\u00a0<\/p>\n\n\n\n<p>Plecak posiada odpowiednio szerokie szelki oraz sztywne plecki, wi\u0119c b\u0119dzie bezpieczny i komfortowy w u\u017cytkowaniu. Jego kszta\u0142t i pojemno\u015b\u0107 pozwol\u0105 na przenoszenie nie tylko podr\u0119cznik\u00f3w, ale i laptopa, je\u015bli zajdzie taka potrzeba. Jest dost\u0119pny w r\u00f3\u017cnych wersjach kolorystycznych, co sprawia, \u017ce po ten plecak z pogranicza mody i sportu ch\u0119tnie si\u0119gn\u0105 i ch\u0142opcy, i dziewczyny. <\/p>\n\n\n\n<p><strong>ZALETY:&nbsp;<\/strong><\/p>\n\n\n\n<ul class=\"wp-block-list\">\n<li><strong>zamykanie g\u0142\u00f3wnej komory i du\u017cej kieszeni na zamki<\/strong><\/li>\n\n\n\n<li><strong>du\u017ca pojemno\u015b\u0107, umo\u017cliwiaj\u0105ca r\u00f3wnie\u017c przenoszenie laptopa <\/strong><\/li>\n\n\n\n<li><strong>szerokie szelki<\/strong><\/li>\n<\/ul>\n\n\n\n\n<div class=\"read-more-block py-1 \">\n    <div><span class=\"paragraph-1 fw-400 text-uppercase\">Czytaj tak\u017ce:<\/span><\/div>\n    <div class=\"py-3\">\n        <hr style=\"opacity: 1\" class=\"background-5 my-0\">\n        <div class=\"pe-3 py-4 read-more-item\">\n            <div class=\"d-flex align-baseline\">\n\n            <div class=\"pe-2 pe-md-3\"><?xml version=\"1.0\" encoding=\"UTF-8\"?>\n<svg id=\"triangle-ccc\" width=\"10\" height=\"20\" style=\"max-width:100%\" xmlns=\"http:\/\/www.w3.org\/2000\/svg\" viewBox=\"0 0 599.98 1200\"><path d=\"m0,0l599.98,600L0,1200V0Z\"\/><\/svg>\n\n<\/div><div><a href=\"https:\/\/blog.ccc.eu\/pl\/jaki-worek-na-buty\/\">Jaki worek na buty?<\/a> <\/div>\n            <\/div>\n        <\/div>\n        <hr style=\"opacity: 1\" class=\"background-5 my-0\">\n    <\/div>\n<\/div>\n\n\n\n<h2 class=\"wp-block-heading\">Najlepszy plecak m\u0142odzie\u017cowy Vans<\/h2>\n\n\n\n<figure class=\"wp-block-gallery has-nested-images columns-default is-cropped wp-block-gallery-5 is-layout-flex wp-block-gallery-is-layout-flex\">\n<figure class=\"wp-block-image size-large\"><img loading=\"lazy\" decoding=\"async\" width=\"683\" height=\"1024\" data-id=\"25660\" src=\"https:\/\/blog.ccc.eu\/pl\/wp-content\/uploads\/2023\/07\/CCC_5905588764335_01-683x1024.jpg\" alt=\"plecak vans szkolny\" class=\"wp-image-25660\" srcset=\"https:\/\/blog.ccc.eu\/pl\/wp-content\/uploads\/2023\/07\/CCC_5905588764335_01-683x1024.jpg 683w, https:\/\/blog.ccc.eu\/pl\/wp-content\/uploads\/2023\/07\/CCC_5905588764335_01-200x300.jpg 200w, https:\/\/blog.ccc.eu\/pl\/wp-content\/uploads\/2023\/07\/CCC_5905588764335_01-768x1152.jpg 768w, https:\/\/blog.ccc.eu\/pl\/wp-content\/uploads\/2023\/07\/CCC_5905588764335_01-100x150.jpg 100w, https:\/\/blog.ccc.eu\/pl\/wp-content\/uploads\/2023\/07\/CCC_5905588764335_01.jpg 876w\" sizes=\"auto, (max-width: 683px) 100vw, 683px\" \/><\/figure>\n\n\n\n<figure class=\"wp-block-image size-large\"><img loading=\"lazy\" decoding=\"async\" width=\"683\" height=\"1024\" data-id=\"25661\" src=\"https:\/\/blog.ccc.eu\/pl\/wp-content\/uploads\/2023\/07\/CCC_5905588764335_02-683x1024.jpg\" alt=\"plecak szkolny vans bordowy\" class=\"wp-image-25661\" srcset=\"https:\/\/blog.ccc.eu\/pl\/wp-content\/uploads\/2023\/07\/CCC_5905588764335_02-683x1024.jpg 683w, https:\/\/blog.ccc.eu\/pl\/wp-content\/uploads\/2023\/07\/CCC_5905588764335_02-200x300.jpg 200w, https:\/\/blog.ccc.eu\/pl\/wp-content\/uploads\/2023\/07\/CCC_5905588764335_02-768x1152.jpg 768w, https:\/\/blog.ccc.eu\/pl\/wp-content\/uploads\/2023\/07\/CCC_5905588764335_02-100x150.jpg 100w, https:\/\/blog.ccc.eu\/pl\/wp-content\/uploads\/2023\/07\/CCC_5905588764335_02.jpg 876w\" sizes=\"auto, (max-width: 683px) 100vw, 683px\" \/><\/figure>\n<\/figure>\n\n\n\n<div class=\"wp-block-buttons is-content-justification-center is-layout-flex wp-container-core-buttons-is-layout-16018d1d wp-block-buttons-is-layout-flex\">\n<div class=\"wp-block-button\"><a class=\"wp-block-button__link has-background wp-element-button\" href=\"https:\/\/ccc.eu\/pl\/plecaki\/plecak-vans-alumni-pack-vn0a7udsk1o1-bordowy-1\" style=\"background-color:#28b07e\" target=\"_blank\" rel=\"noreferrer noopener\">Zam\u00f3w plecak Vans w CCC<\/a><\/div>\n<\/div>\n\n\n\n<p><\/p>\n\n\n\n<p>S\u0105 takie plecaki, kt\u00f3re mocno pracuj\u0105 na status kultowych, a basicowy <a href=\"https:\/\/ccc.eu\/pl\/plecaki-vans-szkolne\" target=\"_blank\" rel=\"noopener\">plecak szkolny Vans<\/a> zdecydowanie do nich nale\u017cy. Jego prosty, m\u0142odzie\u017cowy look sprawdzi si\u0119 w szkolnych stylizacjach: ch\u0142opi\u0119cych, dziewcz\u0119cych, casualowych i sportowych. Jest lekki, a szerokie, regulowane szelki umo\u017cliwiaj\u0105 dopasowanie do wzrostu ucznia, dbaj\u0105c przy tym o w\u0142a\u015bciwe roz\u0142o\u017cenie ci\u0119\u017caru.&nbsp;<\/p>\n\n\n\n<p>Ogromn\u0105 zalet\u0105 jest pojemno\u015b\u0107 plecaka i przystosowanie do przenoszenia format\u00f3w co najmniej A4 oraz osobna kiesze\u0144 na laptopa, chroni\u0105ca sprz\u0119t przed zarysowaniami. Materia\u0142, z jakiego zosta\u0142 wykonany, jest cienki i mi\u0119kki, lecz dobrze znosi kontakt z wilgoci\u0105, wi\u0119c to model odpowiedni na ka\u017cd\u0105 por\u0119 roku.&nbsp;<\/p>\n\n\n\n<p>Plecak Vans to rozwi\u0105zanie tak uniwersalne, jak on sam. Je\u015bli zale\u017cy Ci na modelu, kt\u00f3ry zostanie z Twoim dzieckiem na lata, nie trac\u0105c na modowym wygl\u0105dzie i sportowym charakterze, ten wyb\u00f3r mo\u017ce si\u0119 okaza\u0107 w\u0142a\u015bciwy.&nbsp;<\/p>\n\n\n\n<p><strong>ZALETY:<\/strong><\/p>\n\n\n\n<ul class=\"wp-block-list\">\n<li><strong>szerokie szelki<\/strong><\/li>\n\n\n\n<li><strong>kiesze\u0144 na laptopa<\/strong><\/li>\n\n\n\n<li><strong>mie\u015bci format A4<\/strong><\/li>\n\n\n\n<li><strong>uniwersalny: do wykorzystania w szkole, na wycieczce w drodze na zaj\u0119cia sportowe <\/strong><\/li>\n<\/ul>\n\n\n\n<h2 class=\"wp-block-heading\">Ranking plecak\u00f3w szkolnych CCC 2025<\/h2>\n\n\n\n<p><a href=\"https:\/\/blog.ccc.eu\/pl\/jaki-plecak-do-szkoly-wybrac\/\">Jaki najlepszy plecak do szko\u0142y<\/a> wybra\u0107, je\u017celi musimy wzi\u0105\u0107 pod uwag\u0119 tyle czynnik\u00f3w? Dziecko nie b\u0119dzie chodzi\u0142o w modelu, kt\u00f3ry mu si\u0119 nie podoba i szybko zacznie dopomina\u0107 si\u0119 o nowy, wi\u0119c nie bagatelizuj jego wygl\u0105du. Wsp\u00f3lnie mo\u017cecie wybra\u0107 zar\u00f3wno plecak bajecznie kolorowy i przyci\u0105gaj\u0105cy wzrok lub maksymalnie prosty, pasuj\u0105cy do codziennych outfit\u00f3w. Wa\u017cne, by r\u00f3wnocze\u015bnie posiada\u0142 cechy wa\u017cne dla nas, rodzic\u00f3w: wysok\u0105 jako\u015b\u0107 wykonania, dba\u0142o\u015b\u0107 o zdrowie kr\u0119gos\u0142upa i odpowiedni\u0105 pojemno\u015b\u0107. Tak, ten kompromis mi\u0119dzy kwestiami estetycznymi a praktycznymi jest mo\u017cliwy do osi\u0105gni\u0119cia!&nbsp;<\/p>\n\n\n\n<p>Naszym faworytem w tym rankingu plecak\u00f3w szkolnych jest propozycja Reebok, \u0142\u0105cz\u0105ca w sobie cechy szkolnego plecaka z tym, kt\u00f3ry przyda si\u0119 te\u017c podczas wycieczek lub wakacyjnych w\u0119dr\u00f3wek. Przekonuje nas tak\u017ce jego wielofunkcyjno\u015b\u0107 oraz niebanalny look. A co Ty o nim s\u0105dzisz? Czy Tw\u00f3j osobisty ranking mia\u0142by innego zwyci\u0119zc\u0119\u2026?<\/p>\n","protected":false},"excerpt":{"rendered":"<p>Przed plecakiem szkolnym nie\u0142atwe zadanie. Musi si\u0119 podoba\u0107, by\u0107 trwa\u0142y, a przy tym dba\u0107 o zdrowie i w\u0142a\u015bciw\u0105 postaw\u0119 dziecka. Szeroka oferta dost\u0119pnych modeli mo\u017ce przyprawi\u0107 o zawr\u00f3t g\u0142owy, dlatego oddajemy w Twoje r\u0119ce ranking plecak\u00f3w szkolnych, kt\u00f3ry znacznie u\u0142atwi Ci wyb\u00f3r. Umie\u015bcili\u015bmy w nim najlepsze plecaki szkolne o r\u00f3\u017cnych funkcjonalno\u015bciach i pojemno\u015bciach, odpowiednie zar\u00f3wno [&hellip;]<\/p>\n","protected":false},"author":19,"featured_media":27964,"comment_status":"open","ping_status":"closed","sticky":false,"template":"","format":"standard","meta":{"_acf_changed":false,"footnotes":""},"categories":[4,982],"tags":[948,990,463,96,991],"class_list":["post-9543","post","type-post","status-publish","format-standard","has-post-thumbnail","hentry","category-porady","category-back-to-school","tag-back-to-school","tag-plecak-do-szkoly","tag-plecaki","tag-porady","tag-ranking-plecakow"],"acf":[],"_links":{"self":[{"href":"https:\/\/blog.ccc.eu\/pl\/wp-json\/wp\/v2\/posts\/9543","targetHints":{"allow":["GET"]}}],"collection":[{"href":"https:\/\/blog.ccc.eu\/pl\/wp-json\/wp\/v2\/posts"}],"about":[{"href":"https:\/\/blog.ccc.eu\/pl\/wp-json\/wp\/v2\/types\/post"}],"author":[{"embeddable":true,"href":"https:\/\/blog.ccc.eu\/pl\/wp-json\/wp\/v2\/users\/19"}],"replies":[{"embeddable":true,"href":"https:\/\/blog.ccc.eu\/pl\/wp-json\/wp\/v2\/comments?post=9543"}],"version-history":[{"count":18,"href":"https:\/\/blog.ccc.eu\/pl\/wp-json\/wp\/v2\/posts\/9543\/revisions"}],"predecessor-version":[{"id":27986,"href":"https:\/\/blog.ccc.eu\/pl\/wp-json\/wp\/v2\/posts\/9543\/revisions\/27986"}],"wp:featuredmedia":[{"embeddable":true,"href":"https:\/\/blog.ccc.eu\/pl\/wp-json\/wp\/v2\/media\/27964"}],"wp:attachment":[{"href":"https:\/\/blog.ccc.eu\/pl\/wp-json\/wp\/v2\/media?parent=9543"}],"wp:term":[{"taxonomy":"category","embeddable":true,"href":"https:\/\/blog.ccc.eu\/pl\/wp-json\/wp\/v2\/categories?post=9543"},{"taxonomy":"post_tag","embeddable":true,"href":"https:\/\/blog.ccc.eu\/pl\/wp-json\/wp\/v2\/tags?post=9543"}],"curies":[{"name":"wp","href":"https:\/\/api.w.org\/{rel}","templated":true}]}}