{"id":26,"name":"Agnieszka Bednarek","url":"","description":"Pasjonatka nieoczywisto\u015bci, kt\u00f3ra wierzy, \u017ce moda zaczyna si\u0119 tam, gdzie ko\u0144cz\u0105 si\u0119 zasady. Uwielbiam zabaw\u0119 faktur\u0105 i kolorem, a moj\u0105 ukochan\u0105 mark\u0105 jest Desigual \u2013 za odwag\u0119, energi\u0119 i brak schemat\u00f3w. W stylizacjach mieszam boho z futuryzmem, sportowy luz z elegancj\u0105, czasem dorzuc\u0119 szczypt\u0119 vintage\u2019u albo estetyki lat 90. Lubi\u0119, gdy ubrania opowiadaj\u0105 histori\u0119 \u2013 najlepiej niejednoznaczn\u0105.","link":"https:\/\/blog.ccc.eu\/pl\/author\/agnieszka-bednarek\/","slug":"agnieszka-bednarek","avatar_urls":{"24":"https:\/\/blog.ccc.eu\/pl\/wp-content\/uploads\/nsl_avatars\/55e63e6124f73d8e88e6ed7961139fea.png","48":"https:\/\/blog.ccc.eu\/pl\/wp-content\/uploads\/nsl_avatars\/55e63e6124f73d8e88e6ed7961139fea.png","96":"https:\/\/blog.ccc.eu\/pl\/wp-content\/uploads\/nsl_avatars\/55e63e6124f73d8e88e6ed7961139fea.png"},"meta":[],"acf":[],"_links":{"self":[{"href":"https:\/\/blog.ccc.eu\/pl\/wp-json\/wp\/v2\/users\/26","targetHints":{"allow":["GET"]}}],"collection":[{"href":"https:\/\/blog.ccc.eu\/pl\/wp-json\/wp\/v2\/users"}]}}