{"id":4524,"date":"2021-12-21T15:33:13","date_gmt":"2021-12-21T14:33:13","guid":{"rendered":"https:\/\/blog.ccc.eu\/ro\/?p=4524"},"modified":"2022-11-24T16:08:51","modified_gmt":"2022-11-24T15:08:51","slug":"combinatii-de-culori-vestimentare-cu-care-nu-dai-gres","status":"publish","type":"post","link":"https:\/\/blog.ccc.eu\/ro\/combinatii-de-culori-vestimentare-cu-care-nu-dai-gres\/","title":{"rendered":"Combina\u021bii de culori vestimentare cu care nu dai gre\u0219"},"content":{"rendered":"\n<p><b>Felul \u00een care combini culorile poate face un outfit din piese simple s\u0103 arate inspirat, dar dac\u0103 faci combina\u021bii cromatice gre\u0219ite ri\u0219ti s\u0103 strici look-ul final. \u00cen principiu, po\u021bi mixa destul de multe culori \u00eentre ele, at\u00e2t timp c\u00e2t nu exagerezi cu print-urile sau cu texturile, \u00eens\u0103 exist\u0103 combina\u021bii de culori care arat\u0103 mereu bine. Descoper\u0103 c\u00e2teva dintre acestea \u00een r\u00e2ndurile care urmeaz\u0103:&nbsp;<\/b><\/p>\n\n\n\n<figure class=\"wp-block-gallery has-nested-images columns-default is-cropped wp-block-gallery-1 is-layout-flex wp-block-gallery-is-layout-flex\">\n<figure class=\"wp-block-image size-large\"><img loading=\"lazy\" decoding=\"async\" width=\"741\" height=\"1024\" data-id=\"4668\" src=\"https:\/\/blog.ccc.eu\/ro\/wp-content\/uploads\/2021\/12\/GR_FW2021_4975-1-741x1024.jpg\" alt=\"\" class=\"wp-image-4668\" srcset=\"https:\/\/blog.ccc.eu\/ro\/wp-content\/uploads\/2021\/12\/GR_FW2021_4975-1-741x1024.jpg 741w, https:\/\/blog.ccc.eu\/ro\/wp-content\/uploads\/2021\/12\/GR_FW2021_4975-1-217x300.jpg 217w, https:\/\/blog.ccc.eu\/ro\/wp-content\/uploads\/2021\/12\/GR_FW2021_4975-1-768x1061.jpg 768w, https:\/\/blog.ccc.eu\/ro\/wp-content\/uploads\/2021\/12\/GR_FW2021_4975-1-1112x1536.jpg 1112w, https:\/\/blog.ccc.eu\/ro\/wp-content\/uploads\/2021\/12\/GR_FW2021_4975-1-1482x2048.jpg 1482w, https:\/\/blog.ccc.eu\/ro\/wp-content\/uploads\/2021\/12\/GR_FW2021_4975-1-100x138.jpg 100w, https:\/\/blog.ccc.eu\/ro\/wp-content\/uploads\/2021\/12\/GR_FW2021_4975-1.jpg 1494w\" sizes=\"auto, (max-width: 741px) 100vw, 741px\" \/><\/figure>\n\n\n\n<figure class=\"wp-block-image size-large\"><img loading=\"lazy\" decoding=\"async\" width=\"741\" height=\"1024\" data-id=\"4667\" src=\"https:\/\/blog.ccc.eu\/ro\/wp-content\/uploads\/2021\/12\/GR_FW2021_4789-741x1024.jpg\" alt=\"\" class=\"wp-image-4667\" srcset=\"https:\/\/blog.ccc.eu\/ro\/wp-content\/uploads\/2021\/12\/GR_FW2021_4789-741x1024.jpg 741w, https:\/\/blog.ccc.eu\/ro\/wp-content\/uploads\/2021\/12\/GR_FW2021_4789-217x300.jpg 217w, https:\/\/blog.ccc.eu\/ro\/wp-content\/uploads\/2021\/12\/GR_FW2021_4789-768x1061.jpg 768w, https:\/\/blog.ccc.eu\/ro\/wp-content\/uploads\/2021\/12\/GR_FW2021_4789-1112x1536.jpg 1112w, https:\/\/blog.ccc.eu\/ro\/wp-content\/uploads\/2021\/12\/GR_FW2021_4789-1482x2048.jpg 1482w, https:\/\/blog.ccc.eu\/ro\/wp-content\/uploads\/2021\/12\/GR_FW2021_4789-100x138.jpg 100w, https:\/\/blog.ccc.eu\/ro\/wp-content\/uploads\/2021\/12\/GR_FW2021_4789.jpg 1494w\" sizes=\"auto, (max-width: 741px) 100vw, 741px\" \/><\/figure>\n<\/figure>\n\n\n\n<h2 class=\"wp-block-heading\">Combina\u021bii cu negru&nbsp;<\/h2>\n\n\n\n<p>Negru merge bine cu orice! Aceast\u0103 culoare nu doar c\u0103 are avantajul de a putea ascunde micile imperfec\u021biuni ale corpului, dar este \u0219i u\u0219or de asortat \u0219i purtat. Negru pune \u00een eviden\u021b\u0103 accesoriile pe care le alegi, a\u0219a c\u0103 \u00eel po\u021bi purta \u00een combina\u021bii diverse, ar\u0103t\u00e2nd bine de fiecare dat\u0103! Iat\u0103, \u00een continuare, c\u00e2teva propuneri.&nbsp;<\/p>\n\n\n\n\n\n\n<h2 class=\"wp-block-heading\">Negru \u0219i maro&nbsp;<\/h2>\n\n\n\n<p>Puloverele maro, botinele sau gen\u021bile \u00een aceast\u0103 culoare, merg foarte bine asortate \u00een outfit-uri cu piese negre, cum ar fi pantalonii mula\u021bi. Cu talie \u00eenalt\u0103, cr\u0103p\u0103turi \u00een zona gambei sau de lungime \u00be, ace\u0219tia pot fi purta\u021bi mai ales \u00een sezoanele reci, c\u0103ci negrul nu este cea mai bun\u0103 variant\u0103 pentru var\u0103.&nbsp;<\/p>\n\n\n\n<p>\u00cencearc\u0103 \u0219i tu look-urile propuse, asort\u00e2nd produsele de mai jos:&nbsp;<\/p>\n\n\n\n<ul class=\"wp-block-list\">\n<li><a href=\"https:\/\/ccc.eu\/ro\/femei\/pantofi\/ghete\/botine-gino-rossi-c007-02-crem\" target=\"_blank\" rel=\"noreferrer noopener\">Botine Gino&nbsp;<\/a><a href=\"https:\/\/ccc.eu\/ro\/femei\/pantofi\/ghete\/botine-gino-rossi-c007-02-crem\" target=\"_blank\" rel=\"noreferrer noopener\">Rossi<\/a><a href=\"https:\/\/ccc.eu\/ro\/femei\/pantofi\/ghete\/botine-gino-rossi-c007-02-crem\" target=\"_blank\" rel=\"noreferrer noopener\">&nbsp;maro<\/a>;&nbsp;<\/li>\n\n\n\n<li><a href=\"https:\/\/ccc.eu\/ro\/genti\/genti-pentru-femei\/geanta-de-mana-gino-rossi-cs6051-negru\" target=\"_blank\" rel=\"noreferrer noopener\">Geant\u0103 de m\u00e2n\u0103&nbsp;<\/a><a href=\"https:\/\/ccc.eu\/ro\/genti\/genti-pentru-femei\/geanta-de-mana-gino-rossi-cs6051-negru\" target=\"_blank\" rel=\"noreferrer noopener\">Gino<\/a><a href=\"https:\/\/ccc.eu\/ro\/genti\/genti-pentru-femei\/geanta-de-mana-gino-rossi-cs6051-negru\" target=\"_blank\" rel=\"noreferrer noopener\">&nbsp;Rossi neagr\u0103<\/a>;&nbsp;<\/li>\n\n\n\n<li><a href=\"https:\/\/ccc.eu\/ro\/femei\/pantofi\/ghete\/botine-jenny-fairy-ls5449-04-crem\" target=\"_blank\" rel=\"noreferrer noopener\">Botine Jenny Fairy maro<\/a>;&nbsp;<\/li>\n\n\n\n<li><a href=\"https:\/\/ccc.eu\/ro\/femei\/pantofi\/ghete\/botine-quazi-ls5542-07-crem\" target=\"_blank\" rel=\"noreferrer noopener\">Botine<\/a><a href=\"https:\/\/ccc.eu\/ro\/femei\/pantofi\/ghete\/botine-quazi-ls5542-07-crem\" target=\"_blank\" rel=\"noreferrer noopener\">&nbsp;Quazi maro<\/a>.&nbsp;<\/li>\n<\/ul>\n\n\n\n<h2 class=\"wp-block-heading\">Ro\u0219u \u0219i negru&nbsp;<\/h2>\n\n\n\n<p>O combina\u021bie clasic\u0103, adesea v\u0103zut\u0103 pe la evenimentele de lux, av\u00e2nd un aer u\u0219or retro, dar care subliniaz\u0103 feminitatea \u0219i te scoate din anonimat. Nu ai cum s\u0103 nu atragi aten\u021bia cu ro\u0219u!&nbsp;&nbsp;<\/p>\n\n\n\n<p>\u00cencearc\u0103 mixul dintre o rochie ro\u0219ie, cu decolteu \u00een V \u0219i&nbsp;<a href=\"https:\/\/ccc.eu\/ro\/femei\/pantofi\/bocanci\/ghete-badura-70306-negru\" target=\"_blank\" rel=\"noreferrer noopener\">ghetele Badura<\/a>&nbsp;sau poart\u0103 o rochie neagr\u0103 mulat\u0103, cu guler rulat, \u00eempreun\u0103 cu&nbsp;<a href=\"https:\/\/ccc.eu\/ro\/femei\/pantofi\/bocanci\/ghete-gino-rossi-01-07-negru\" target=\"_blank\" rel=\"noreferrer noopener\">ghetele Gino Rossi<\/a>&nbsp;\u0219i un palton ro\u0219u &#8211; o adev\u0103rat\u0103 pies\u0103 statement! Ca accesoriu, adaug\u0103&nbsp;<a href=\"https:\/\/ccc.eu\/ro\/genti\/genti-pentru-femei\/geanta-de-mana-gino-rossi-rl0601-negru\" target=\"_blank\" rel=\"noreferrer noopener\">geanta de m\u00e2n\u0103 Gino Rossi neagr\u0103<\/a>.&nbsp;<\/p>\n\n\n\n<p>Pentru un look casual sport po\u021bi asorta un crop top \u00eendr\u0103zne\u021b, o borset\u0103, pantaloni ro\u0219u-corai \u0219i&nbsp;<a href=\"https:\/\/ccc.eu\/ro\/femei\/pantofi\/bocanci\/ghete-quazi-ws5251-07-negru\" target=\"_blank\" rel=\"noreferrer noopener\">ghetele Quazi negre<\/a>. Bine\u00een\u021beles, poart\u0103 o geac\u0103 ro\u0219ie pe deasupra pentru a-\u021bi \u021bine de cald \u0219i a fi de neconfundat.&nbsp;<\/p>\n\n\n\n<h2 class=\"wp-block-heading\">Bej cu negru&nbsp;<\/h2>\n\n\n\n<p>\u00cen loc de o combina\u021bie clasic\u0103 alb-negru, \u00eencearc\u0103 altceva: bej cu negru! Contrastul e la fel de puternic, dar ceva mai cald \u0219i mai potrivit pentru toamn\u0103 sau prim\u0103var\u0103. Mixeaz\u0103 un outfit bej cu&nbsp;<a href=\"https:\/\/ccc.eu\/ro\/femei\/pantofi\/ghete\/botine-badura-alegra-09-negru\" target=\"_blank\" rel=\"noreferrer noopener\">botinele Badura negre<\/a>&nbsp;sau cu o&nbsp;<a href=\"https:\/\/ccc.eu\/ro\/genti\/genti-pentru-femei\/genti-mari\" target=\"_blank\" rel=\"noreferrer noopener\">geant\u0103 mare<\/a>&nbsp;de culoare neagr\u0103. Combin\u0103 un outfit negru cu&nbsp;<a href=\"https:\/\/ccc.eu\/ro\/genti\/genti-pentru-femei\/geanta-de-mana-gino-rossi-csn5340-bej\" target=\"_blank\" rel=\"noreferrer noopener\">geanta de m\u00e2n\u0103 Gino Rossi bej<\/a>. Dac\u0103 apelezi la creativitate, posibilit\u0103\u021bile sunt multiple.&nbsp;<\/p>\n\n\n\n<h2 class=\"wp-block-heading\">Negru \u0219i print-uri&nbsp;<\/h2>\n\n\n\n<p>Ce spui de o combina\u021bie juc\u0103u\u0219\u0103, dintre negru \u0219i print-urile tale preferate? Este un mix interesant, u\u0219or de purtat \u0219i adaptabil \u00een func\u021bie de ocazie. Spre exemplu, un print \u00een carouri merge pentru o \u021binut\u0103 la birou, \u00een timp ce animal print-urile sunt perfecte pentru ie\u0219irile \u00een ora\u0219 cu prietenii.&nbsp;&nbsp;<\/p>\n\n\n\n<p>\u00cenc\u0103l\u021b\u0103mintea neagr\u0103 este ideal\u0103 pentru eviden\u021bierea print-urilor de pe haine:&nbsp;&nbsp;<\/p>\n\n\n\n<ul class=\"wp-block-list\">\n<li><a href=\"https:\/\/ccc.eu\/ro\/femei\/pantofi\/ghete\/botine-deezee-wyl2843-1-negru\" target=\"_blank\" rel=\"noreferrer noopener\">Botine DeeZee<\/a>;&nbsp;<\/li>\n\n\n\n<li><a href=\"https:\/\/ccc.eu\/ro\/femei\/pantofi\/ghete\/botine-jenny-fairy-wyl2733-2-negru\" target=\"_blank\" rel=\"noreferrer noopener\">Botine Jenny Fairy<\/a>;&nbsp;<\/li>\n\n\n\n<li><a href=\"https:\/\/ccc.eu\/ro\/femei\/pantofi\/cizme-dama\/cizme-badura-rst-licia-06-negru\" target=\"_blank\" rel=\"noreferrer noopener\">Cizme Badura<\/a>.&nbsp;<\/li>\n<\/ul>\n\n\n\n<h2 class=\"wp-block-heading\">Combina\u021bii cu alb&nbsp;<\/h2>\n\n\n\n<p>Pentru outfit-uri luminoase sau \u00een ton cu z\u0103pada, albul poate fi purtat cu \u00eencredere \u0219i stil. De\u0219i este o culoare preten\u021bioas\u0103, care se murd\u0103re\u0219te la cea mai mic\u0103 neaten\u021bie, albul eman\u0103 o anumit\u0103 prestan\u021b\u0103. El este pre\u021bios, elegant \u0219i versatil, iar combina\u021biile cromatice pe care le po\u021bi face sunt nesf\u00e2r\u0219ite.&nbsp;<\/p>\n\n\n\n\n\n\n<h2 class=\"wp-block-heading\">Alb \u0219i bej&nbsp;<\/h2>\n\n\n\n<p><a href=\"https:\/\/ccc.eu\/ro\/femei\/pantofi\/bocanci\/ghete-badura-fama2-08-bej\" target=\"_blank\" rel=\"noreferrer noopener\">Ghetele Badura bej<\/a>&nbsp;merg bine la un outfit sport-elegant, \u00een combina\u021bie cu o salopet\u0103 alb\u0103, lung\u0103 \u0219i lejer\u0103. Pentru un look sexy, \u00eendr\u0103zne\u021b \u0219i relaxat, poart\u0103 cu atitudine&nbsp;<a href=\"https:\/\/ccc.eu\/ro\/femei\/pantofi\/ghete\/botine-deezee-ls5629-02-bej\" target=\"_blank\" rel=\"noreferrer noopener\">botinele DeeZee bej<\/a>, \u00eempreun\u0103 cu un crop top din material moale, pantaloni sport \u0219i un teddy coat alb \u0219i c\u0103lduros, cu guler supradimensionat.&nbsp;<\/p>\n\n\n\n<p>Pentru ie\u0219irile \u00een ora\u0219, mixeaz\u0103 pantaloni albi la dung\u0103,&nbsp;<a href=\"https:\/\/ccc.eu\/ro\/femei\/pantofi\/bocanci\" target=\"_blank\" rel=\"noreferrer noopener\">bocanci<\/a>&nbsp;bej,&nbsp;<a href=\"https:\/\/ccc.eu\/ro\/genti\/genti-pentru-femei\/geanta-de-mana-gino-rossi-cs6055-bej\" target=\"_blank\" rel=\"noreferrer noopener\">aceast\u0103 geant\u0103 de m\u00e2n\u0103<\/a>&nbsp;\u00eenc\u0103p\u0103toare tip sac, o helanc\u0103 simpl\u0103 alb\u0103 \u0219i un trenchcoat bej.&nbsp;<\/p>\n\n\n\n<h2 class=\"wp-block-heading\">All white \u0219i accesorii colorate&nbsp;<\/h2>\n\n\n\n<p>Outfit-urile all white impresioneaz\u0103 de la prima vedere prin aspectul lor fresh \u0219i curat, d\u00e2nd impresia de pre\u021biozitate. Ce ai spune dac\u0103 le-ai scoate din anonimat cu un accesoriu colorat, care s\u0103 contrasteze \u00eentr-o not\u0103 original\u0103 \u0219i imprevizibil\u0103?&nbsp;&nbsp;<\/p>\n\n\n\n<p>Adaug\u0103&nbsp;<a href=\"https:\/\/ccc.eu\/ro\/genti\/genti-pentru-femei\/geanta-de-mana-quazi-rx3332-albastru\" target=\"_blank\" rel=\"noreferrer noopener\">geanta de m\u00e2n\u0103 Quazi albastr\u0103<\/a>&nbsp;\u00eentr-o combina\u021bie elegant\u0103 cu pantaloni cu talie \u00eenalt\u0103, crop top \u00eendr\u0103zne\u021b \u0219i sacou. Pentru un outfit sport,&nbsp;<a href=\"https:\/\/ccc.eu\/ro\/haine\/femei\/pantaloni\/pantaloni-sprandi-aw21-sjd018-alb\" target=\"_blank\" rel=\"noreferrer noopener\">pantalonii Sprandi albi<\/a>&nbsp;merg foarte bine cu hanoracul asortat,&nbsp;<a href=\"https:\/\/ccc.eu\/ro\/femei\/pantofi\/sneakers\" target=\"_blank\" rel=\"noreferrer noopener\">sneaker\u0219ii<\/a>&nbsp;comozi \u0219i o \u0219apc\u0103 trendy de culoare galben\u0103.&nbsp;&nbsp;<\/p>\n\n\n\n<p>Pentru o \u021binut\u0103 formal\u0103, alege un costum deux-pieces texturat alb, compus din pantaloni evaza\u021bi \u0219i pulover tip rochie,&nbsp;<a href=\"https:\/\/ccc.eu\/ro\/femei\/pantofi\/ghete\" target=\"_blank\" rel=\"noreferrer noopener\">ghete<\/a>&nbsp;bej \u0219i geant\u0103 de m\u00e2n\u0103 \u00een dou\u0103 nuan\u021be.&nbsp;<\/p>\n\n\n\n<h2 class=\"wp-block-heading\">Combina\u021bii cu gri&nbsp;<\/h2>\n\n\n\n<p>Griul merge aproape la orice. Asorteaz\u0103&nbsp;<a href=\"https:\/\/ccc.eu\/ro\/femei\/pantofi\/ghete\/botine-jenny-fairy-wyl2733-2-gri\" target=\"_blank\" rel=\"noreferrer noopener\">botinele Jenny Fairy<\/a>&nbsp;cu blugi \u0219i o bluz\u0103 diafan\u0103 cu volane, complet\u00e2nd vibe-ul boho chic cu o po\u0219et\u0103 maro cu franjuri. Pentru un look mai sobru, \u00eencal\u021b\u0103&nbsp;<a href=\"https:\/\/ccc.eu\/ro\/femei\/pantofi\/ghete\/botine-gino-rossi-0019-02-grena\" target=\"_blank\" rel=\"noreferrer noopener\">botinele Gino Rossi grena<\/a>&nbsp;\u0219i mixeaz\u0103-le cu o rochie midi cu guler \u0219i curea \u00een talie, de culoare gri.&nbsp;&nbsp;<\/p>\n\n\n\n<p>Dac\u0103 vrei s\u0103 fii sexy \u0219i s\u0103 petreci toat\u0103 noaptea, \u00eembrac\u0103 o salopet\u0103 scurt\u0103 neagr\u0103, decupat\u0103 la mijloc, adaug\u0103&nbsp;<a href=\"https:\/\/ccc.eu\/ro\/femei\/pantofi\/ghete\/botine-jenny-fairy-wyl2956-2-gri\" target=\"_blank\" rel=\"noreferrer noopener\">aceste botine gri<\/a>&nbsp;\u0219i accesorizeaz\u0103 totul cu o po\u0219et\u0103 asortat\u0103.&nbsp;<\/p>\n\n\n\n<h2 class=\"wp-block-heading\">Combina\u021bii monocromatice&nbsp;<\/h2>\n\n\n\n<p>Pentru petreceri, alege outfit-urile colorate \u0219i vesele. O apari\u021bie monocromatic\u0103 este inspirat\u0103 \u0219i cool! Mixeaz\u0103 urm\u0103toarele piese \u00een stiluri vestimentare office, elegante, smart casual sau feminine:&nbsp;&nbsp;<\/p>\n\n\n\n<ul class=\"wp-block-list\">\n<li><a href=\"https:\/\/ccc.eu\/ro\/genti\/genti-pentru-femei\/geanta-de-mana-quazi-rx90020-albastru\" target=\"_blank\" rel=\"noreferrer noopener\">Geant\u0103 de m\u00e2n\u0103 Quazi albastr\u0103<\/a>;&nbsp;<\/li>\n\n\n\n<li><a href=\"https:\/\/ccc.eu\/ro\/femei\/pantofi\/ghete\/botine-jenny-fairy-wyl2727-1-grena\" target=\"_blank\" rel=\"noreferrer noopener\">Botine Jenny Fairy grena<\/a>;&nbsp;<\/li>\n\n\n\n<li><a href=\"https:\/\/ccc.eu\/ro\/femei\/pantofi\/pantofi-eleganti\/pantofi-deezee-kl-92831-231-verde\">Pantofi DeeZee verzi<\/a>.&nbsp;<\/li>\n<\/ul>\n","protected":false},"excerpt":{"rendered":"<p>Felul \u00een care combini culorile poate face un outfit din piese simple s\u0103 arate inspirat, dar dac\u0103 faci combina\u021bii cromatice gre\u0219ite ri\u0219ti s\u0103 strici look-ul final. \u00cen principiu, po\u021bi mixa destul de multe culori \u00eentre ele, at\u00e2t timp c\u00e2t nu exagerezi cu print-urile sau cu texturile, \u00eens\u0103 exist\u0103 combina\u021bii de culori care arat\u0103 mereu bine. [&hellip;]<\/p>\n","protected":false},"author":14,"featured_media":4567,"comment_status":"open","ping_status":"open","sticky":false,"template":"","format":"standard","meta":{"_acf_changed":false,"footnotes":""},"categories":[6],"tags":[579,608,576,610,559,609],"class_list":["post-4524","post","type-post","status-publish","format-standard","has-post-thumbnail","hentry","category-tendinte","tag-botine-dama","tag-combinatii-culori-vestimentare","tag-sfaturi-moda","tag-tinute-all-white","tag-tinute-dama","tag-tinute-monocromatice"],"acf":[],"yoast_head":"<!-- This site is optimized with the Yoast SEO plugin v26.9 - https:\/\/yoast.com\/product\/yoast-seo-wordpress\/ -->\n<title>Combina\u021bii de culori vestimentare cu care nu dai gre\u0219 - CCC Fashion blog<\/title>\n<meta name=\"description\" content=\"Combin\u0103 culorile astfel incat sa te reprezinte! Stilul vestimentar poarta amprenta fiec\u0103rei persoane, iar nuantele preferate ar trebui sa se regaseasca in tinutele tale. 2026\" \/>\n<meta name=\"robots\" content=\"index, follow, max-snippet:-1, max-image-preview:large, max-video-preview:-1\" \/>\n<link rel=\"canonical\" href=\"https:\/\/blog.ccc.eu\/ro\/combinatii-de-culori-vestimentare-cu-care-nu-dai-gres\/\" \/>\n<meta property=\"og:locale\" content=\"ro_RO\" \/>\n<meta property=\"og:type\" content=\"article\" \/>\n<meta property=\"og:title\" content=\"Combina\u021bii de culori vestimentare cu care nu dai gre\u0219 - CCC Fashion blog\" \/>\n<meta property=\"og:description\" content=\"Combin\u0103 culorile astfel incat sa te reprezinte! Stilul vestimentar poarta amprenta fiec\u0103rei persoane, iar nuantele preferate ar trebui sa se regaseasca in tinutele tale.\" \/>\n<meta property=\"og:url\" content=\"https:\/\/blog.ccc.eu\/ro\/combinatii-de-culori-vestimentare-cu-care-nu-dai-gres\/\" \/>\n<meta property=\"og:site_name\" content=\"CCC Fashion blog\" \/>\n<meta property=\"article:published_time\" content=\"2021-12-21T14:33:13+00:00\" \/>\n<meta property=\"article:modified_time\" content=\"2022-11-24T15:08:51+00:00\" \/>\n<meta property=\"og:image\" content=\"https:\/\/blog.ccc.eu\/ro\/wp-content\/uploads\/2021\/12\/image-62.jpg\" \/>\n\t<meta property=\"og:image:width\" content=\"487\" \/>\n\t<meta property=\"og:image:height\" content=\"735\" \/>\n\t<meta property=\"og:image:type\" content=\"image\/jpeg\" \/>\n<meta name=\"author\" content=\"Andreea Stoian\u00a0\" \/>\n<meta name=\"twitter:card\" content=\"summary_large_image\" \/>\n<meta name=\"twitter:label1\" content=\"Scris de\" \/>\n\t<meta name=\"twitter:data1\" content=\"Andreea Stoian\u00a0\" \/>\n\t<meta name=\"twitter:label2\" content=\"Timp estimat pentru citire\" \/>\n\t<meta name=\"twitter:data2\" content=\"6 minute\" \/>\n<script type=\"application\/ld+json\" class=\"yoast-schema-graph\">{\"@context\":\"https:\/\/schema.org\",\"@graph\":[{\"@type\":\"Article\",\"@id\":\"https:\/\/blog.ccc.eu\/ro\/combinatii-de-culori-vestimentare-cu-care-nu-dai-gres\/#article\",\"isPartOf\":{\"@id\":\"https:\/\/blog.ccc.eu\/ro\/combinatii-de-culori-vestimentare-cu-care-nu-dai-gres\/\"},\"author\":{\"name\":\"Andreea Stoian\u00a0\",\"@id\":\"https:\/\/blog.ccc.eu\/ro\/#\/schema\/person\/0601bbc3e409e0a44a47df3630e6edf2\"},\"headline\":\"Combina\u021bii de culori vestimentare cu care nu dai gre\u0219\",\"datePublished\":\"2021-12-21T14:33:13+00:00\",\"dateModified\":\"2022-11-24T15:08:51+00:00\",\"mainEntityOfPage\":{\"@id\":\"https:\/\/blog.ccc.eu\/ro\/combinatii-de-culori-vestimentare-cu-care-nu-dai-gres\/\"},\"wordCount\":1043,\"commentCount\":0,\"publisher\":{\"@id\":\"https:\/\/blog.ccc.eu\/ro\/#organization\"},\"image\":{\"@id\":\"https:\/\/blog.ccc.eu\/ro\/combinatii-de-culori-vestimentare-cu-care-nu-dai-gres\/#primaryimage\"},\"thumbnailUrl\":\"https:\/\/blog.ccc.eu\/ro\/wp-content\/uploads\/2021\/12\/image-62.jpg\",\"keywords\":[\"botine dama\",\"combinatii culori vestimentare\",\"sfaturi moda\",\"tinute all white\",\"tinute dama\",\"tinute monocromatice\"],\"articleSection\":[\"TENDIN\u021aE\"],\"inLanguage\":\"ro-RO\",\"potentialAction\":[{\"@type\":\"CommentAction\",\"name\":\"Comment\",\"target\":[\"https:\/\/blog.ccc.eu\/ro\/combinatii-de-culori-vestimentare-cu-care-nu-dai-gres\/#respond\"]}]},{\"@type\":\"WebPage\",\"@id\":\"https:\/\/blog.ccc.eu\/ro\/combinatii-de-culori-vestimentare-cu-care-nu-dai-gres\/\",\"url\":\"https:\/\/blog.ccc.eu\/ro\/combinatii-de-culori-vestimentare-cu-care-nu-dai-gres\/\",\"name\":\"Combina\u021bii de culori vestimentare cu care nu dai gre\u0219 - CCC Fashion blog\",\"isPartOf\":{\"@id\":\"https:\/\/blog.ccc.eu\/ro\/#website\"},\"primaryImageOfPage\":{\"@id\":\"https:\/\/blog.ccc.eu\/ro\/combinatii-de-culori-vestimentare-cu-care-nu-dai-gres\/#primaryimage\"},\"image\":{\"@id\":\"https:\/\/blog.ccc.eu\/ro\/combinatii-de-culori-vestimentare-cu-care-nu-dai-gres\/#primaryimage\"},\"thumbnailUrl\":\"https:\/\/blog.ccc.eu\/ro\/wp-content\/uploads\/2021\/12\/image-62.jpg\",\"datePublished\":\"2021-12-21T14:33:13+00:00\",\"dateModified\":\"2022-11-24T15:08:51+00:00\",\"description\":\"Combin\u0103 culorile astfel incat sa te reprezinte! Stilul vestimentar poarta amprenta fiec\u0103rei persoane, iar nuantele preferate ar trebui sa se regaseasca in tinutele tale.\",\"breadcrumb\":{\"@id\":\"https:\/\/blog.ccc.eu\/ro\/combinatii-de-culori-vestimentare-cu-care-nu-dai-gres\/#breadcrumb\"},\"inLanguage\":\"ro-RO\",\"potentialAction\":[{\"@type\":\"ReadAction\",\"target\":[\"https:\/\/blog.ccc.eu\/ro\/combinatii-de-culori-vestimentare-cu-care-nu-dai-gres\/\"]}]},{\"@type\":\"ImageObject\",\"inLanguage\":\"ro-RO\",\"@id\":\"https:\/\/blog.ccc.eu\/ro\/combinatii-de-culori-vestimentare-cu-care-nu-dai-gres\/#primaryimage\",\"url\":\"https:\/\/blog.ccc.eu\/ro\/wp-content\/uploads\/2021\/12\/image-62.jpg\",\"contentUrl\":\"https:\/\/blog.ccc.eu\/ro\/wp-content\/uploads\/2021\/12\/image-62.jpg\",\"width\":487,\"height\":735},{\"@type\":\"BreadcrumbList\",\"@id\":\"https:\/\/blog.ccc.eu\/ro\/combinatii-de-culori-vestimentare-cu-care-nu-dai-gres\/#breadcrumb\",\"itemListElement\":[{\"@type\":\"ListItem\",\"position\":1,\"name\":\"Strona g\u0142\u00f3wna\",\"item\":\"https:\/\/blog.ccc.eu\/ro\/\"},{\"@type\":\"ListItem\",\"position\":2,\"name\":\"Combina\u021bii de culori vestimentare cu care nu dai gre\u0219\"}]},{\"@type\":\"WebSite\",\"@id\":\"https:\/\/blog.ccc.eu\/ro\/#website\",\"url\":\"https:\/\/blog.ccc.eu\/ro\/\",\"name\":\"CCC Fashion blog\",\"description\":\"Locul t\u0103u plin de inspira\u021bii \u00een mod\u0103\",\"publisher\":{\"@id\":\"https:\/\/blog.ccc.eu\/ro\/#organization\"},\"potentialAction\":[{\"@type\":\"SearchAction\",\"target\":{\"@type\":\"EntryPoint\",\"urlTemplate\":\"https:\/\/blog.ccc.eu\/ro\/?s={search_term_string}\"},\"query-input\":{\"@type\":\"PropertyValueSpecification\",\"valueRequired\":true,\"valueName\":\"search_term_string\"}}],\"inLanguage\":\"ro-RO\"},{\"@type\":\"Organization\",\"@id\":\"https:\/\/blog.ccc.eu\/ro\/#organization\",\"name\":\"CCC S.A.\",\"url\":\"https:\/\/blog.ccc.eu\/ro\/\",\"logo\":{\"@type\":\"ImageObject\",\"inLanguage\":\"ro-RO\",\"@id\":\"https:\/\/blog.ccc.eu\/ro\/#\/schema\/logo\/image\/\",\"url\":\"https:\/\/blog.ccc.eu\/ro\/wp-content\/uploads\/2021\/11\/logo_ccc.png\",\"contentUrl\":\"https:\/\/blog.ccc.eu\/ro\/wp-content\/uploads\/2021\/11\/logo_ccc.png\",\"width\":730,\"height\":270,\"caption\":\"CCC S.A.\"},\"image\":{\"@id\":\"https:\/\/blog.ccc.eu\/ro\/#\/schema\/logo\/image\/\"}},{\"@type\":\"Person\",\"@id\":\"https:\/\/blog.ccc.eu\/ro\/#\/schema\/person\/0601bbc3e409e0a44a47df3630e6edf2\",\"name\":\"Andreea Stoian\u00a0\",\"image\":{\"@type\":\"ImageObject\",\"inLanguage\":\"ro-RO\",\"@id\":\"https:\/\/blog.ccc.eu\/ro\/#\/schema\/person\/image\/\",\"url\":\"https:\/\/blog.ccc.eu\/ro\/wp-content\/uploads\/2022\/01\/Andreea-Stoian-2-100x100.jpeg\",\"contentUrl\":\"https:\/\/blog.ccc.eu\/ro\/wp-content\/uploads\/2022\/01\/Andreea-Stoian-2-100x100.jpeg\",\"caption\":\"Andreea Stoian\u00a0\"},\"url\":\"https:\/\/blog.ccc.eu\/ro\/author\/andreea-stoian\/\"}]}<\/script>\n<!-- \/ Yoast SEO plugin. -->","yoast_head_json":{"title":"Combina\u021bii de culori vestimentare cu care nu dai gre\u0219 - CCC Fashion blog","description":"Combin\u0103 culorile astfel incat sa te reprezinte! Stilul vestimentar poarta amprenta fiec\u0103rei persoane, iar nuantele preferate ar trebui sa se regaseasca in tinutele tale. 2026","robots":{"index":"index","follow":"follow","max-snippet":"max-snippet:-1","max-image-preview":"max-image-preview:large","max-video-preview":"max-video-preview:-1"},"canonical":"https:\/\/blog.ccc.eu\/ro\/combinatii-de-culori-vestimentare-cu-care-nu-dai-gres\/","og_locale":"ro_RO","og_type":"article","og_title":"Combina\u021bii de culori vestimentare cu care nu dai gre\u0219 - CCC Fashion blog","og_description":"Combin\u0103 culorile astfel incat sa te reprezinte! Stilul vestimentar poarta amprenta fiec\u0103rei persoane, iar nuantele preferate ar trebui sa se regaseasca in tinutele tale.","og_url":"https:\/\/blog.ccc.eu\/ro\/combinatii-de-culori-vestimentare-cu-care-nu-dai-gres\/","og_site_name":"CCC Fashion blog","article_published_time":"2021-12-21T14:33:13+00:00","article_modified_time":"2022-11-24T15:08:51+00:00","og_image":[{"width":487,"height":735,"url":"https:\/\/blog.ccc.eu\/ro\/wp-content\/uploads\/2021\/12\/image-62.jpg","type":"image\/jpeg"}],"author":"Andreea Stoian\u00a0","twitter_card":"summary_large_image","twitter_misc":{"Scris de":"Andreea Stoian\u00a0","Timp estimat pentru citire":"6 minute"},"schema":{"@context":"https:\/\/schema.org","@graph":[{"@type":"Article","@id":"https:\/\/blog.ccc.eu\/ro\/combinatii-de-culori-vestimentare-cu-care-nu-dai-gres\/#article","isPartOf":{"@id":"https:\/\/blog.ccc.eu\/ro\/combinatii-de-culori-vestimentare-cu-care-nu-dai-gres\/"},"author":{"name":"Andreea Stoian\u00a0","@id":"https:\/\/blog.ccc.eu\/ro\/#\/schema\/person\/0601bbc3e409e0a44a47df3630e6edf2"},"headline":"Combina\u021bii de culori vestimentare cu care nu dai gre\u0219","datePublished":"2021-12-21T14:33:13+00:00","dateModified":"2022-11-24T15:08:51+00:00","mainEntityOfPage":{"@id":"https:\/\/blog.ccc.eu\/ro\/combinatii-de-culori-vestimentare-cu-care-nu-dai-gres\/"},"wordCount":1043,"commentCount":0,"publisher":{"@id":"https:\/\/blog.ccc.eu\/ro\/#organization"},"image":{"@id":"https:\/\/blog.ccc.eu\/ro\/combinatii-de-culori-vestimentare-cu-care-nu-dai-gres\/#primaryimage"},"thumbnailUrl":"https:\/\/blog.ccc.eu\/ro\/wp-content\/uploads\/2021\/12\/image-62.jpg","keywords":["botine dama","combinatii culori vestimentare","sfaturi moda","tinute all white","tinute dama","tinute monocromatice"],"articleSection":["TENDIN\u021aE"],"inLanguage":"ro-RO","potentialAction":[{"@type":"CommentAction","name":"Comment","target":["https:\/\/blog.ccc.eu\/ro\/combinatii-de-culori-vestimentare-cu-care-nu-dai-gres\/#respond"]}]},{"@type":"WebPage","@id":"https:\/\/blog.ccc.eu\/ro\/combinatii-de-culori-vestimentare-cu-care-nu-dai-gres\/","url":"https:\/\/blog.ccc.eu\/ro\/combinatii-de-culori-vestimentare-cu-care-nu-dai-gres\/","name":"Combina\u021bii de culori vestimentare cu care nu dai gre\u0219 - CCC Fashion blog","isPartOf":{"@id":"https:\/\/blog.ccc.eu\/ro\/#website"},"primaryImageOfPage":{"@id":"https:\/\/blog.ccc.eu\/ro\/combinatii-de-culori-vestimentare-cu-care-nu-dai-gres\/#primaryimage"},"image":{"@id":"https:\/\/blog.ccc.eu\/ro\/combinatii-de-culori-vestimentare-cu-care-nu-dai-gres\/#primaryimage"},"thumbnailUrl":"https:\/\/blog.ccc.eu\/ro\/wp-content\/uploads\/2021\/12\/image-62.jpg","datePublished":"2021-12-21T14:33:13+00:00","dateModified":"2022-11-24T15:08:51+00:00","description":"Combin\u0103 culorile astfel incat sa te reprezinte! Stilul vestimentar poarta amprenta fiec\u0103rei persoane, iar nuantele preferate ar trebui sa se regaseasca in tinutele tale.","breadcrumb":{"@id":"https:\/\/blog.ccc.eu\/ro\/combinatii-de-culori-vestimentare-cu-care-nu-dai-gres\/#breadcrumb"},"inLanguage":"ro-RO","potentialAction":[{"@type":"ReadAction","target":["https:\/\/blog.ccc.eu\/ro\/combinatii-de-culori-vestimentare-cu-care-nu-dai-gres\/"]}]},{"@type":"ImageObject","inLanguage":"ro-RO","@id":"https:\/\/blog.ccc.eu\/ro\/combinatii-de-culori-vestimentare-cu-care-nu-dai-gres\/#primaryimage","url":"https:\/\/blog.ccc.eu\/ro\/wp-content\/uploads\/2021\/12\/image-62.jpg","contentUrl":"https:\/\/blog.ccc.eu\/ro\/wp-content\/uploads\/2021\/12\/image-62.jpg","width":487,"height":735},{"@type":"BreadcrumbList","@id":"https:\/\/blog.ccc.eu\/ro\/combinatii-de-culori-vestimentare-cu-care-nu-dai-gres\/#breadcrumb","itemListElement":[{"@type":"ListItem","position":1,"name":"Strona g\u0142\u00f3wna","item":"https:\/\/blog.ccc.eu\/ro\/"},{"@type":"ListItem","position":2,"name":"Combina\u021bii de culori vestimentare cu care nu dai gre\u0219"}]},{"@type":"WebSite","@id":"https:\/\/blog.ccc.eu\/ro\/#website","url":"https:\/\/blog.ccc.eu\/ro\/","name":"CCC Fashion blog","description":"Locul t\u0103u plin de inspira\u021bii \u00een mod\u0103","publisher":{"@id":"https:\/\/blog.ccc.eu\/ro\/#organization"},"potentialAction":[{"@type":"SearchAction","target":{"@type":"EntryPoint","urlTemplate":"https:\/\/blog.ccc.eu\/ro\/?s={search_term_string}"},"query-input":{"@type":"PropertyValueSpecification","valueRequired":true,"valueName":"search_term_string"}}],"inLanguage":"ro-RO"},{"@type":"Organization","@id":"https:\/\/blog.ccc.eu\/ro\/#organization","name":"CCC S.A.","url":"https:\/\/blog.ccc.eu\/ro\/","logo":{"@type":"ImageObject","inLanguage":"ro-RO","@id":"https:\/\/blog.ccc.eu\/ro\/#\/schema\/logo\/image\/","url":"https:\/\/blog.ccc.eu\/ro\/wp-content\/uploads\/2021\/11\/logo_ccc.png","contentUrl":"https:\/\/blog.ccc.eu\/ro\/wp-content\/uploads\/2021\/11\/logo_ccc.png","width":730,"height":270,"caption":"CCC S.A."},"image":{"@id":"https:\/\/blog.ccc.eu\/ro\/#\/schema\/logo\/image\/"}},{"@type":"Person","@id":"https:\/\/blog.ccc.eu\/ro\/#\/schema\/person\/0601bbc3e409e0a44a47df3630e6edf2","name":"Andreea Stoian\u00a0","image":{"@type":"ImageObject","inLanguage":"ro-RO","@id":"https:\/\/blog.ccc.eu\/ro\/#\/schema\/person\/image\/","url":"https:\/\/blog.ccc.eu\/ro\/wp-content\/uploads\/2022\/01\/Andreea-Stoian-2-100x100.jpeg","contentUrl":"https:\/\/blog.ccc.eu\/ro\/wp-content\/uploads\/2022\/01\/Andreea-Stoian-2-100x100.jpeg","caption":"Andreea Stoian\u00a0"},"url":"https:\/\/blog.ccc.eu\/ro\/author\/andreea-stoian\/"}]}},"_links":{"self":[{"href":"https:\/\/blog.ccc.eu\/ro\/wp-json\/wp\/v2\/posts\/4524","targetHints":{"allow":["GET"]}}],"collection":[{"href":"https:\/\/blog.ccc.eu\/ro\/wp-json\/wp\/v2\/posts"}],"about":[{"href":"https:\/\/blog.ccc.eu\/ro\/wp-json\/wp\/v2\/types\/post"}],"author":[{"embeddable":true,"href":"https:\/\/blog.ccc.eu\/ro\/wp-json\/wp\/v2\/users\/14"}],"replies":[{"embeddable":true,"href":"https:\/\/blog.ccc.eu\/ro\/wp-json\/wp\/v2\/comments?post=4524"}],"version-history":[{"count":8,"href":"https:\/\/blog.ccc.eu\/ro\/wp-json\/wp\/v2\/posts\/4524\/revisions"}],"predecessor-version":[{"id":5873,"href":"https:\/\/blog.ccc.eu\/ro\/wp-json\/wp\/v2\/posts\/4524\/revisions\/5873"}],"wp:featuredmedia":[{"embeddable":true,"href":"https:\/\/blog.ccc.eu\/ro\/wp-json\/wp\/v2\/media\/4567"}],"wp:attachment":[{"href":"https:\/\/blog.ccc.eu\/ro\/wp-json\/wp\/v2\/media?parent=4524"}],"wp:term":[{"taxonomy":"category","embeddable":true,"href":"https:\/\/blog.ccc.eu\/ro\/wp-json\/wp\/v2\/categories?post=4524"},{"taxonomy":"post_tag","embeddable":true,"href":"https:\/\/blog.ccc.eu\/ro\/wp-json\/wp\/v2\/tags?post=4524"}],"curies":[{"name":"wp","href":"https:\/\/api.w.org\/{rel}","templated":true}]}}