{"id":4601,"date":"2021-12-22T14:17:46","date_gmt":"2021-12-22T13:17:46","guid":{"rendered":"https:\/\/blog.ccc.eu\/ro\/?p=4601"},"modified":"2022-11-24T16:10:26","modified_gmt":"2022-11-24T15:10:26","slug":"ce-genti-se-poarta-in-2022-5-piese-must-have","status":"publish","type":"post","link":"https:\/\/blog.ccc.eu\/ro\/ce-genti-se-poarta-in-2022-5-piese-must-have\/","title":{"rendered":"Ce gen\u021bi se poart\u0103 \u00een 2022: 5 piese must-have"},"content":{"rendered":"\n<p><b>Geanta este unul dintre accesoriile de baz\u0103 pentru orice \u021binut\u0103. Tocmai de aceea este bine s\u0103 r\u0103m\u00e2i informat\u0103 cu privire la care urmeaz\u0103 s\u0103 fie must-have-urile anului 2022. Cu siguran\u021b\u0103 preferin\u021bele personale vor domina alegerile din trend, \u00eens\u0103 cine spune c\u0103 nu le po\u021bi avea pe am\u00e2ndou\u0103? Noi \u00ee\u021bi venim \u00een ajutor cu cinci modele de gen\u021bi care te-ar putea impresiona. <\/b><\/p>\n\n\n\n<figure class=\"wp-block-image size-full\"><img loading=\"lazy\" decoding=\"async\" width=\"1024\" height=\"746\" src=\"https:\/\/blog.ccc.eu\/ro\/wp-content\/uploads\/2021\/12\/22112021_ZUZA_JENNY_FAIRY_0085.jpg\" alt=\"\" class=\"wp-image-4634\" srcset=\"https:\/\/blog.ccc.eu\/ro\/wp-content\/uploads\/2021\/12\/22112021_ZUZA_JENNY_FAIRY_0085.jpg 1024w, https:\/\/blog.ccc.eu\/ro\/wp-content\/uploads\/2021\/12\/22112021_ZUZA_JENNY_FAIRY_0085-300x219.jpg 300w, https:\/\/blog.ccc.eu\/ro\/wp-content\/uploads\/2021\/12\/22112021_ZUZA_JENNY_FAIRY_0085-768x560.jpg 768w, https:\/\/blog.ccc.eu\/ro\/wp-content\/uploads\/2021\/12\/22112021_ZUZA_JENNY_FAIRY_0085-100x73.jpg 100w\" sizes=\"auto, (max-width: 1024px) 100vw, 1024px\" \/><\/figure>\n\n\n\n<h2 class=\"wp-block-heading\"><b>5 modele de gen\u021bi must-have pentru anul 2022 <\/b><\/h2>\n\n\n\n<p>Fiecare nou an aduce noi provoc\u0103ri \u0219i acela\u0219i lucru se \u00eent\u00e2mpl\u0103 \u0219i \u00een lumea modei. Alege ce \u021bi se potrive\u0219te, dar \u00eendr\u0103zne\u0219te totodat\u0103 s\u0103 \u00eencerci lucruri noi care s-ar putea s\u0103 te prind\u0103 la fel de bine. \u00cen continuare \u00ee\u021bi propunem c\u00e2teva <a href=\"https:\/\/ccc.eu\/ro\/genti\/genti-pentru-femei\" target=\"_blank\" rel=\"noreferrer noopener\">gen\u021bi<\/a> care cu siguran\u021b\u0103 vor crea un puternic impact vizual \u00een 2022. Meri\u021bi s\u0103 ie\u0219i din zona ta de confort \u0219i s\u0103 le incluzi \u00een \u021binutele tale.  <\/p>\n\n\n\n<p><\/p>\n\n\n\n\n\n\n<p><\/p>\n\n\n\n<h3 class=\"wp-block-heading\"><b>Geanta mic\u0103 de m\u00e2n\u0103 <\/b><\/h3>\n\n\n\n<p>Orice femeie are nevoie de o astfel de geant\u0103 pentru \u021binutele casual sau pentru a participa la evenimente semi-formale. Este at\u00e2t practic\u0103, c\u00e2t \u0219i chic \u0219i va atrage aten\u021bia atunci c\u00e2nd este integrat\u0103 \u00een \u021binuta corespunz\u0103toare. Pentru c\u0103 tr\u0103im \u00eentr-o er\u0103 modern\u0103, minimalismul este cel care primeaz\u0103 \u00een tot ce \u00eenseamn\u0103 design. Prin urmare, o astfel de geant\u0103 u\u0219or de purtat este categoric un must-have pentru anul 2022.&nbsp;&nbsp;<\/p>\n\n\n\n<p>Mai mult dec\u00e2t at\u00e2t, gen\u021bile mici cu torti\u021b\u0103 ajut\u0103 la crearea unui look elegant \u0219i rafinat. Dac\u0103 \u00ee\u021bi dore\u0219ti s\u0103 ie\u0219i \u00een eviden\u021b\u0103 la un eveniment, asorteaz\u0103 o astfel de geant\u0103 la o rochie midi \u00eentr-o nuan\u021b\u0103 vesel\u0103, cambrat\u0103 \u00een talie. \u00cempreun\u0103 cu o pereche de pantofi cu toc nimic nu te poate opri din a l\u0103sa \u00een urm\u0103 o impresie absolut seduc\u0103toare. <\/p>\n\n\n\n<h3 class=\"wp-block-heading\"><b>Geanta cu lan\u021b   <\/b><\/h3>\n\n\n\n<p>\u00cen special dac\u0103 vrei s\u0103 abordezi un look pu\u021bin mai \u00eenspre zona street-style sau chiar rock, o geant\u0103 cu m\u00e2ner din lan\u021b este un alt must-have care s\u0103 nu lipseasc\u0103 din garderoba ta. Fie c\u0103 preferi gen\u021bile de dimensiuni mici sau medii, modelul pe care \u021bi-l prezent\u0103m are toate atuurile unui accesoriu de efect.&nbsp;&nbsp;<\/p>\n\n\n\n<p>\u00cel po\u021bi purta la o \u021binut\u0103 all-black, cu pantaloni de piele \u0219i un body cu dantel\u0103 sau chiar la o \u021binut\u0103 ceva mai elegant\u0103, precum o rochie mulat\u0103 de sear\u0103. Pune-\u021bi o pereche de <a href=\"https:\/\/ccc.eu\/ro\/accesorii\/femei\/ochelari\" target=\"_blank\" rel=\"noreferrer noopener\">ochelari de soare<\/a> negri tip femme fatale \u0219i nu uita de colierele extravagante care s-ar putea potrivi cu m\u00e2nerul gen\u021bii. \u00cencearc\u0103 s\u0103 alegi <a href=\"https:\/\/ccc.eu\/ro\/accesorii\/femei\/bijuterii\" target=\"_blank\" rel=\"noreferrer noopener\">bijuterii<\/a> \u00eentr-o nuan\u021b\u0103 asem\u0103n\u0103toare pentru a nu crea un contrast nepl\u0103cut.  <\/p>\n\n\n\n<h3 class=\"wp-block-heading\"><b>Geanta dreptunghiular\u0103 <\/b><\/h3>\n\n\n\n<p>Gen\u021bile \u00een form\u0103 de dreptunghi sau trapez \u00eentors nu se vor demoda prea cur\u00e2nd datorit\u0103 gradului lor de practicabilitate. Sunt extrem de \u00eenc\u0103p\u0103toare \u0219i se potrivesc la mai multe tipuri de \u021binute de zi, inclusiv \u00een stilul office. Mai mult dec\u00e2t at\u00e2t, sunt ideale atunci c\u00e2nd foarte mult de alergat \u0219i ai nevoie s\u0103 cari cu tine un num\u0103r ridicat de obiecte personale absolut necesare.&nbsp;<\/p>\n\n\n\n<p>\u00cen special c\u00e2nd vorbim despre \u021binutele de toamn\u0103 o astfel de geant\u0103 se potrive\u0219te de minune cu un trench lung, o e\u0219arf\u0103 \u0219i o fust\u0103 plisat\u0103 sau \u00een carouri. Alege nuan\u021be calde la haine precum bej, maro sau crem, pe c\u00e2nd geanta ar trebui s\u0103 fie neagr\u0103 pentru a ie\u0219i c\u00e2t mai mult \u00een eviden\u021b\u0103.  <\/p>\n\n\n\n<h3 class=\"wp-block-heading\"><b>Geanta din material textil <\/b><\/h3>\n\n\n\n<p>Gen\u021bile din material textil au fost \u0219i vor fi \u00een continuare la mod\u0103 \u0219i \u00een sezonul rece din anul 2022. Sunt foarte practice \u0219i pufoase, cre\u00e2nd un aspect foarte cozy pentru \u021binutele de zi. Pot fi purtate cu pulovere de l\u00e2n\u0103 \u0219i pantaloni reia\u021bi, cu o pereche de&nbsp;<a href=\"https:\/\/ccc.eu\/ro\/femei\/pantofi\/bocanci\" target=\"_blank\" rel=\"noreferrer noopener\">bocanci<\/a>&nbsp;\u00een picioare \u0219i o c\u0103ciul\u0103 sau p\u0103l\u0103rie care s\u0103 te protejeze de frig.&nbsp;&nbsp;<\/p>\n\n\n\n<p>Nu ezita s\u0103 adaugi o astfel de geant\u0103 la tine \u00een garderob\u0103 fiindc\u0103 este u\u0219or de asortat cu orice tip de \u021binut\u0103 casual \u0219i te va ajuta s\u0103 ai la \u00eendem\u00e2n\u0103 toate obiectele personale de care ai nevoie. Faptul c\u0103 nu este voluminoas\u0103 reprezint\u0103 un alt avantaj atunci c\u00e2nd ai mai multe drumuri de f\u0103cut \u00eentr-o zi.  <\/p>\n\n\n\n<h3 class=\"wp-block-heading\"><b>Geanta lunguia\u021b\u0103 <\/b><\/h3>\n\n\n\n<p>Astfel de gen\u021bi cu form\u0103 lunguia\u021b\u0103 sunt un must-have al anului 2022 datorit\u0103 aspectului lor inedit. \u00ce\u021bi recomand\u0103m o geant\u0103 \u00eentr-o culoare aprins\u0103 precum burgundy pe care s\u0103 o asortezi la o \u021binut\u0103 smart-casual sau la un outfit de petrecere cu mult tulle. Chiar dac\u0103 din exterior nu pare a fi foarte \u00eenc\u0103p\u0103toare, spa\u021biul de depozitare este mai mult dec\u00e2t suficient pentru telefon, portofel \u0219i rujul t\u0103u preferat.&nbsp;&nbsp;<\/p>\n\n\n\n<p>Piesele must-have din 2022 \u00een materie de gen\u021bi au modele inedite, culori \u021bip\u0103toare sau foarte deschise \u0219i reprezint\u0103 din ce \u00een ce mai mult nonconformismul feminin. Sper\u0103m s\u0103 te inspire selec\u021bia noastr\u0103 \u0219i s\u0103 vii la shopping av\u00e2nd deja \u00een minte geanta ideal\u0103 pentru tine.&nbsp;<\/p>\n","protected":false},"excerpt":{"rendered":"<p>Geanta este unul dintre accesoriile de baz\u0103 pentru orice \u021binut\u0103. Tocmai de aceea este bine s\u0103 r\u0103m\u00e2i informat\u0103 cu privire la care urmeaz\u0103 s\u0103 fie must-have-urile anului 2022. Cu siguran\u021b\u0103 preferin\u021bele personale vor domina alegerile din trend, \u00eens\u0103 cine spune c\u0103 nu le po\u021bi avea pe am\u00e2ndou\u0103? Noi \u00ee\u021bi venim \u00een ajutor cu cinci modele [&hellip;]<\/p>\n","protected":false},"author":16,"featured_media":4635,"comment_status":"open","ping_status":"open","sticky":false,"template":"","format":"standard","meta":{"_acf_changed":false,"footnotes":""},"categories":[6],"tags":[583,582,585,584,559],"class_list":["post-4601","post","type-post","status-publish","format-standard","has-post-thumbnail","hentry","category-tendinte","tag-accesorii-dama","tag-genti-2","tag-idei-de-outfituri","tag-tendinte-in-moda","tag-tinute-dama"],"acf":[],"yoast_head":"<!-- This site is optimized with the Yoast SEO plugin v26.9 - https:\/\/yoast.com\/product\/yoast-seo-wordpress\/ -->\n<title>Ce gen\u021bi se poart\u0103 \u00een 2022: 5 piese must-have - CCC Fashion blog<\/title>\n<meta name=\"description\" content=\"Afla ce genti se poarta in 2022. Iti oferim recomandari si sfaturi utile pentru a descoperi modelul de geanta ideal pentru tine.\u00a0\u00a0 2026\" \/>\n<meta name=\"robots\" content=\"index, follow, max-snippet:-1, max-image-preview:large, max-video-preview:-1\" \/>\n<link rel=\"canonical\" href=\"https:\/\/blog.ccc.eu\/ro\/ce-genti-se-poarta-in-2022-5-piese-must-have\/\" \/>\n<meta property=\"og:locale\" content=\"ro_RO\" \/>\n<meta property=\"og:type\" content=\"article\" \/>\n<meta property=\"og:title\" content=\"Ce gen\u021bi se poart\u0103 \u00een 2022: 5 piese must-have - CCC Fashion blog\" \/>\n<meta property=\"og:description\" content=\"Afla ce genti se poarta in 2022. Iti oferim recomandari si sfaturi utile pentru a descoperi modelul de geanta ideal pentru tine.\u00a0\u00a0\" \/>\n<meta property=\"og:url\" content=\"https:\/\/blog.ccc.eu\/ro\/ce-genti-se-poarta-in-2022-5-piese-must-have\/\" \/>\n<meta property=\"og:site_name\" content=\"CCC Fashion blog\" \/>\n<meta property=\"article:published_time\" content=\"2021-12-22T13:17:46+00:00\" \/>\n<meta property=\"article:modified_time\" content=\"2022-11-24T15:10:26+00:00\" \/>\n<meta property=\"og:image\" content=\"https:\/\/blog.ccc.eu\/ro\/wp-content\/uploads\/2021\/12\/22112021_ZUZA_JENNY_FAIRY_0387.jpg\" \/>\n\t<meta property=\"og:image:width\" content=\"819\" \/>\n\t<meta property=\"og:image:height\" content=\"1024\" \/>\n\t<meta property=\"og:image:type\" content=\"image\/jpeg\" \/>\n<meta name=\"author\" content=\"Cristina Boncea\" \/>\n<meta name=\"twitter:card\" content=\"summary_large_image\" \/>\n<meta name=\"twitter:label1\" content=\"Scris de\" \/>\n\t<meta name=\"twitter:data1\" content=\"Cristina Boncea\" \/>\n\t<meta name=\"twitter:label2\" content=\"Timp estimat pentru citire\" \/>\n\t<meta name=\"twitter:data2\" content=\"5 minute\" \/>\n<script type=\"application\/ld+json\" class=\"yoast-schema-graph\">{\"@context\":\"https:\/\/schema.org\",\"@graph\":[{\"@type\":\"Article\",\"@id\":\"https:\/\/blog.ccc.eu\/ro\/ce-genti-se-poarta-in-2022-5-piese-must-have\/#article\",\"isPartOf\":{\"@id\":\"https:\/\/blog.ccc.eu\/ro\/ce-genti-se-poarta-in-2022-5-piese-must-have\/\"},\"author\":{\"name\":\"Cristina Boncea\",\"@id\":\"https:\/\/blog.ccc.eu\/ro\/#\/schema\/person\/9735c04e95c7b574bdea1696e22bfb4a\"},\"headline\":\"Ce gen\u021bi se poart\u0103 \u00een 2022: 5 piese must-have\",\"datePublished\":\"2021-12-22T13:17:46+00:00\",\"dateModified\":\"2022-11-24T15:10:26+00:00\",\"mainEntityOfPage\":{\"@id\":\"https:\/\/blog.ccc.eu\/ro\/ce-genti-se-poarta-in-2022-5-piese-must-have\/\"},\"wordCount\":866,\"commentCount\":0,\"publisher\":{\"@id\":\"https:\/\/blog.ccc.eu\/ro\/#organization\"},\"image\":{\"@id\":\"https:\/\/blog.ccc.eu\/ro\/ce-genti-se-poarta-in-2022-5-piese-must-have\/#primaryimage\"},\"thumbnailUrl\":\"https:\/\/blog.ccc.eu\/ro\/wp-content\/uploads\/2021\/12\/22112021_ZUZA_JENNY_FAIRY_0387.jpg\",\"keywords\":[\"accesorii dama\",\"genti\",\"idei de outfituri\",\"tendinte in moda\",\"tinute dama\"],\"articleSection\":[\"TENDIN\u021aE\"],\"inLanguage\":\"ro-RO\",\"potentialAction\":[{\"@type\":\"CommentAction\",\"name\":\"Comment\",\"target\":[\"https:\/\/blog.ccc.eu\/ro\/ce-genti-se-poarta-in-2022-5-piese-must-have\/#respond\"]}]},{\"@type\":\"WebPage\",\"@id\":\"https:\/\/blog.ccc.eu\/ro\/ce-genti-se-poarta-in-2022-5-piese-must-have\/\",\"url\":\"https:\/\/blog.ccc.eu\/ro\/ce-genti-se-poarta-in-2022-5-piese-must-have\/\",\"name\":\"Ce gen\u021bi se poart\u0103 \u00een 2022: 5 piese must-have - CCC Fashion blog\",\"isPartOf\":{\"@id\":\"https:\/\/blog.ccc.eu\/ro\/#website\"},\"primaryImageOfPage\":{\"@id\":\"https:\/\/blog.ccc.eu\/ro\/ce-genti-se-poarta-in-2022-5-piese-must-have\/#primaryimage\"},\"image\":{\"@id\":\"https:\/\/blog.ccc.eu\/ro\/ce-genti-se-poarta-in-2022-5-piese-must-have\/#primaryimage\"},\"thumbnailUrl\":\"https:\/\/blog.ccc.eu\/ro\/wp-content\/uploads\/2021\/12\/22112021_ZUZA_JENNY_FAIRY_0387.jpg\",\"datePublished\":\"2021-12-22T13:17:46+00:00\",\"dateModified\":\"2022-11-24T15:10:26+00:00\",\"description\":\"Afla ce genti se poarta in 2022. Iti oferim recomandari si sfaturi utile pentru a descoperi modelul de geanta ideal pentru tine.\u00a0\u00a0\",\"breadcrumb\":{\"@id\":\"https:\/\/blog.ccc.eu\/ro\/ce-genti-se-poarta-in-2022-5-piese-must-have\/#breadcrumb\"},\"inLanguage\":\"ro-RO\",\"potentialAction\":[{\"@type\":\"ReadAction\",\"target\":[\"https:\/\/blog.ccc.eu\/ro\/ce-genti-se-poarta-in-2022-5-piese-must-have\/\"]}]},{\"@type\":\"ImageObject\",\"inLanguage\":\"ro-RO\",\"@id\":\"https:\/\/blog.ccc.eu\/ro\/ce-genti-se-poarta-in-2022-5-piese-must-have\/#primaryimage\",\"url\":\"https:\/\/blog.ccc.eu\/ro\/wp-content\/uploads\/2021\/12\/22112021_ZUZA_JENNY_FAIRY_0387.jpg\",\"contentUrl\":\"https:\/\/blog.ccc.eu\/ro\/wp-content\/uploads\/2021\/12\/22112021_ZUZA_JENNY_FAIRY_0387.jpg\",\"width\":819,\"height\":1024},{\"@type\":\"BreadcrumbList\",\"@id\":\"https:\/\/blog.ccc.eu\/ro\/ce-genti-se-poarta-in-2022-5-piese-must-have\/#breadcrumb\",\"itemListElement\":[{\"@type\":\"ListItem\",\"position\":1,\"name\":\"Strona g\u0142\u00f3wna\",\"item\":\"https:\/\/blog.ccc.eu\/ro\/\"},{\"@type\":\"ListItem\",\"position\":2,\"name\":\"Ce gen\u021bi se poart\u0103 \u00een 2022: 5 piese must-have\"}]},{\"@type\":\"WebSite\",\"@id\":\"https:\/\/blog.ccc.eu\/ro\/#website\",\"url\":\"https:\/\/blog.ccc.eu\/ro\/\",\"name\":\"CCC Fashion blog\",\"description\":\"Locul t\u0103u plin de inspira\u021bii \u00een mod\u0103\",\"publisher\":{\"@id\":\"https:\/\/blog.ccc.eu\/ro\/#organization\"},\"potentialAction\":[{\"@type\":\"SearchAction\",\"target\":{\"@type\":\"EntryPoint\",\"urlTemplate\":\"https:\/\/blog.ccc.eu\/ro\/?s={search_term_string}\"},\"query-input\":{\"@type\":\"PropertyValueSpecification\",\"valueRequired\":true,\"valueName\":\"search_term_string\"}}],\"inLanguage\":\"ro-RO\"},{\"@type\":\"Organization\",\"@id\":\"https:\/\/blog.ccc.eu\/ro\/#organization\",\"name\":\"CCC S.A.\",\"url\":\"https:\/\/blog.ccc.eu\/ro\/\",\"logo\":{\"@type\":\"ImageObject\",\"inLanguage\":\"ro-RO\",\"@id\":\"https:\/\/blog.ccc.eu\/ro\/#\/schema\/logo\/image\/\",\"url\":\"https:\/\/blog.ccc.eu\/ro\/wp-content\/uploads\/2021\/11\/logo_ccc.png\",\"contentUrl\":\"https:\/\/blog.ccc.eu\/ro\/wp-content\/uploads\/2021\/11\/logo_ccc.png\",\"width\":730,\"height\":270,\"caption\":\"CCC S.A.\"},\"image\":{\"@id\":\"https:\/\/blog.ccc.eu\/ro\/#\/schema\/logo\/image\/\"}},{\"@type\":\"Person\",\"@id\":\"https:\/\/blog.ccc.eu\/ro\/#\/schema\/person\/9735c04e95c7b574bdea1696e22bfb4a\",\"name\":\"Cristina Boncea\",\"image\":{\"@type\":\"ImageObject\",\"inLanguage\":\"ro-RO\",\"@id\":\"https:\/\/blog.ccc.eu\/ro\/#\/schema\/person\/image\/\",\"url\":\"https:\/\/blog.ccc.eu\/ro\/wp-content\/uploads\/2022\/01\/Cristina-Boncea-100x100.jpeg\",\"contentUrl\":\"https:\/\/blog.ccc.eu\/ro\/wp-content\/uploads\/2022\/01\/Cristina-Boncea-100x100.jpeg\",\"caption\":\"Cristina Boncea\"},\"url\":\"https:\/\/blog.ccc.eu\/ro\/author\/cristina-boncea\/\"}]}<\/script>\n<!-- \/ Yoast SEO plugin. -->","yoast_head_json":{"title":"Ce gen\u021bi se poart\u0103 \u00een 2022: 5 piese must-have - CCC Fashion blog","description":"Afla ce genti se poarta in 2022. Iti oferim recomandari si sfaturi utile pentru a descoperi modelul de geanta ideal pentru tine.\u00a0\u00a0 2026","robots":{"index":"index","follow":"follow","max-snippet":"max-snippet:-1","max-image-preview":"max-image-preview:large","max-video-preview":"max-video-preview:-1"},"canonical":"https:\/\/blog.ccc.eu\/ro\/ce-genti-se-poarta-in-2022-5-piese-must-have\/","og_locale":"ro_RO","og_type":"article","og_title":"Ce gen\u021bi se poart\u0103 \u00een 2022: 5 piese must-have - CCC Fashion blog","og_description":"Afla ce genti se poarta in 2022. Iti oferim recomandari si sfaturi utile pentru a descoperi modelul de geanta ideal pentru tine.\u00a0\u00a0","og_url":"https:\/\/blog.ccc.eu\/ro\/ce-genti-se-poarta-in-2022-5-piese-must-have\/","og_site_name":"CCC Fashion blog","article_published_time":"2021-12-22T13:17:46+00:00","article_modified_time":"2022-11-24T15:10:26+00:00","og_image":[{"width":819,"height":1024,"url":"https:\/\/blog.ccc.eu\/ro\/wp-content\/uploads\/2021\/12\/22112021_ZUZA_JENNY_FAIRY_0387.jpg","type":"image\/jpeg"}],"author":"Cristina Boncea","twitter_card":"summary_large_image","twitter_misc":{"Scris de":"Cristina Boncea","Timp estimat pentru citire":"5 minute"},"schema":{"@context":"https:\/\/schema.org","@graph":[{"@type":"Article","@id":"https:\/\/blog.ccc.eu\/ro\/ce-genti-se-poarta-in-2022-5-piese-must-have\/#article","isPartOf":{"@id":"https:\/\/blog.ccc.eu\/ro\/ce-genti-se-poarta-in-2022-5-piese-must-have\/"},"author":{"name":"Cristina Boncea","@id":"https:\/\/blog.ccc.eu\/ro\/#\/schema\/person\/9735c04e95c7b574bdea1696e22bfb4a"},"headline":"Ce gen\u021bi se poart\u0103 \u00een 2022: 5 piese must-have","datePublished":"2021-12-22T13:17:46+00:00","dateModified":"2022-11-24T15:10:26+00:00","mainEntityOfPage":{"@id":"https:\/\/blog.ccc.eu\/ro\/ce-genti-se-poarta-in-2022-5-piese-must-have\/"},"wordCount":866,"commentCount":0,"publisher":{"@id":"https:\/\/blog.ccc.eu\/ro\/#organization"},"image":{"@id":"https:\/\/blog.ccc.eu\/ro\/ce-genti-se-poarta-in-2022-5-piese-must-have\/#primaryimage"},"thumbnailUrl":"https:\/\/blog.ccc.eu\/ro\/wp-content\/uploads\/2021\/12\/22112021_ZUZA_JENNY_FAIRY_0387.jpg","keywords":["accesorii dama","genti","idei de outfituri","tendinte in moda","tinute dama"],"articleSection":["TENDIN\u021aE"],"inLanguage":"ro-RO","potentialAction":[{"@type":"CommentAction","name":"Comment","target":["https:\/\/blog.ccc.eu\/ro\/ce-genti-se-poarta-in-2022-5-piese-must-have\/#respond"]}]},{"@type":"WebPage","@id":"https:\/\/blog.ccc.eu\/ro\/ce-genti-se-poarta-in-2022-5-piese-must-have\/","url":"https:\/\/blog.ccc.eu\/ro\/ce-genti-se-poarta-in-2022-5-piese-must-have\/","name":"Ce gen\u021bi se poart\u0103 \u00een 2022: 5 piese must-have - CCC Fashion blog","isPartOf":{"@id":"https:\/\/blog.ccc.eu\/ro\/#website"},"primaryImageOfPage":{"@id":"https:\/\/blog.ccc.eu\/ro\/ce-genti-se-poarta-in-2022-5-piese-must-have\/#primaryimage"},"image":{"@id":"https:\/\/blog.ccc.eu\/ro\/ce-genti-se-poarta-in-2022-5-piese-must-have\/#primaryimage"},"thumbnailUrl":"https:\/\/blog.ccc.eu\/ro\/wp-content\/uploads\/2021\/12\/22112021_ZUZA_JENNY_FAIRY_0387.jpg","datePublished":"2021-12-22T13:17:46+00:00","dateModified":"2022-11-24T15:10:26+00:00","description":"Afla ce genti se poarta in 2022. Iti oferim recomandari si sfaturi utile pentru a descoperi modelul de geanta ideal pentru tine.\u00a0\u00a0","breadcrumb":{"@id":"https:\/\/blog.ccc.eu\/ro\/ce-genti-se-poarta-in-2022-5-piese-must-have\/#breadcrumb"},"inLanguage":"ro-RO","potentialAction":[{"@type":"ReadAction","target":["https:\/\/blog.ccc.eu\/ro\/ce-genti-se-poarta-in-2022-5-piese-must-have\/"]}]},{"@type":"ImageObject","inLanguage":"ro-RO","@id":"https:\/\/blog.ccc.eu\/ro\/ce-genti-se-poarta-in-2022-5-piese-must-have\/#primaryimage","url":"https:\/\/blog.ccc.eu\/ro\/wp-content\/uploads\/2021\/12\/22112021_ZUZA_JENNY_FAIRY_0387.jpg","contentUrl":"https:\/\/blog.ccc.eu\/ro\/wp-content\/uploads\/2021\/12\/22112021_ZUZA_JENNY_FAIRY_0387.jpg","width":819,"height":1024},{"@type":"BreadcrumbList","@id":"https:\/\/blog.ccc.eu\/ro\/ce-genti-se-poarta-in-2022-5-piese-must-have\/#breadcrumb","itemListElement":[{"@type":"ListItem","position":1,"name":"Strona g\u0142\u00f3wna","item":"https:\/\/blog.ccc.eu\/ro\/"},{"@type":"ListItem","position":2,"name":"Ce gen\u021bi se poart\u0103 \u00een 2022: 5 piese must-have"}]},{"@type":"WebSite","@id":"https:\/\/blog.ccc.eu\/ro\/#website","url":"https:\/\/blog.ccc.eu\/ro\/","name":"CCC Fashion blog","description":"Locul t\u0103u plin de inspira\u021bii \u00een mod\u0103","publisher":{"@id":"https:\/\/blog.ccc.eu\/ro\/#organization"},"potentialAction":[{"@type":"SearchAction","target":{"@type":"EntryPoint","urlTemplate":"https:\/\/blog.ccc.eu\/ro\/?s={search_term_string}"},"query-input":{"@type":"PropertyValueSpecification","valueRequired":true,"valueName":"search_term_string"}}],"inLanguage":"ro-RO"},{"@type":"Organization","@id":"https:\/\/blog.ccc.eu\/ro\/#organization","name":"CCC S.A.","url":"https:\/\/blog.ccc.eu\/ro\/","logo":{"@type":"ImageObject","inLanguage":"ro-RO","@id":"https:\/\/blog.ccc.eu\/ro\/#\/schema\/logo\/image\/","url":"https:\/\/blog.ccc.eu\/ro\/wp-content\/uploads\/2021\/11\/logo_ccc.png","contentUrl":"https:\/\/blog.ccc.eu\/ro\/wp-content\/uploads\/2021\/11\/logo_ccc.png","width":730,"height":270,"caption":"CCC S.A."},"image":{"@id":"https:\/\/blog.ccc.eu\/ro\/#\/schema\/logo\/image\/"}},{"@type":"Person","@id":"https:\/\/blog.ccc.eu\/ro\/#\/schema\/person\/9735c04e95c7b574bdea1696e22bfb4a","name":"Cristina Boncea","image":{"@type":"ImageObject","inLanguage":"ro-RO","@id":"https:\/\/blog.ccc.eu\/ro\/#\/schema\/person\/image\/","url":"https:\/\/blog.ccc.eu\/ro\/wp-content\/uploads\/2022\/01\/Cristina-Boncea-100x100.jpeg","contentUrl":"https:\/\/blog.ccc.eu\/ro\/wp-content\/uploads\/2022\/01\/Cristina-Boncea-100x100.jpeg","caption":"Cristina Boncea"},"url":"https:\/\/blog.ccc.eu\/ro\/author\/cristina-boncea\/"}]}},"_links":{"self":[{"href":"https:\/\/blog.ccc.eu\/ro\/wp-json\/wp\/v2\/posts\/4601","targetHints":{"allow":["GET"]}}],"collection":[{"href":"https:\/\/blog.ccc.eu\/ro\/wp-json\/wp\/v2\/posts"}],"about":[{"href":"https:\/\/blog.ccc.eu\/ro\/wp-json\/wp\/v2\/types\/post"}],"author":[{"embeddable":true,"href":"https:\/\/blog.ccc.eu\/ro\/wp-json\/wp\/v2\/users\/16"}],"replies":[{"embeddable":true,"href":"https:\/\/blog.ccc.eu\/ro\/wp-json\/wp\/v2\/comments?post=4601"}],"version-history":[{"count":7,"href":"https:\/\/blog.ccc.eu\/ro\/wp-json\/wp\/v2\/posts\/4601\/revisions"}],"predecessor-version":[{"id":5875,"href":"https:\/\/blog.ccc.eu\/ro\/wp-json\/wp\/v2\/posts\/4601\/revisions\/5875"}],"wp:featuredmedia":[{"embeddable":true,"href":"https:\/\/blog.ccc.eu\/ro\/wp-json\/wp\/v2\/media\/4635"}],"wp:attachment":[{"href":"https:\/\/blog.ccc.eu\/ro\/wp-json\/wp\/v2\/media?parent=4601"}],"wp:term":[{"taxonomy":"category","embeddable":true,"href":"https:\/\/blog.ccc.eu\/ro\/wp-json\/wp\/v2\/categories?post=4601"},{"taxonomy":"post_tag","embeddable":true,"href":"https:\/\/blog.ccc.eu\/ro\/wp-json\/wp\/v2\/tags?post=4601"}],"curies":[{"name":"wp","href":"https:\/\/api.w.org\/{rel}","templated":true}]}}