{"id":4649,"date":"2021-12-22T14:53:56","date_gmt":"2021-12-22T13:53:56","guid":{"rendered":"https:\/\/blog.ccc.eu\/ro\/?p=4649"},"modified":"2022-11-24T16:17:08","modified_gmt":"2022-11-24T15:17:08","slug":"culoarea-anului-2022-de-la-institutul-pantone","status":"publish","type":"post","link":"https:\/\/blog.ccc.eu\/ro\/culoarea-anului-2022-de-la-institutul-pantone\/","title":{"rendered":"Culoarea anului 2022 de la Institutul Pantone"},"content":{"rendered":"\n<p><b>A\u0219a cum se \u00eent\u00e2mpl\u0103 la fiecare final de an, Institutul Pantone a desemnat culoarea perioadei urm\u0103toare, alegerea fiind una deloc surprinz\u0103toare. Culoarea anului 2022, intitulat\u0103 <em>Very Peri<\/em> sau, \u0219tiin\u021bific, PANTONE 17-3938 este un albastru-violet cu subtonuri de ro\u0219u.  <\/b><\/p>\n\n\n\n<figure class=\"wp-block-gallery has-nested-images columns-default is-cropped wp-block-gallery-1 is-layout-flex wp-block-gallery-is-layout-flex\">\n<figure class=\"wp-block-image size-large\"><img loading=\"lazy\" decoding=\"async\" width=\"555\" height=\"719\" data-id=\"4660\" src=\"https:\/\/blog.ccc.eu\/ro\/wp-content\/uploads\/2021\/12\/Coloroftheyar_2022_VeryPeri_FreepikCompany_1280x720_0-1.jpg\" alt=\"\" class=\"wp-image-4660\" srcset=\"https:\/\/blog.ccc.eu\/ro\/wp-content\/uploads\/2021\/12\/Coloroftheyar_2022_VeryPeri_FreepikCompany_1280x720_0-1.jpg 555w, https:\/\/blog.ccc.eu\/ro\/wp-content\/uploads\/2021\/12\/Coloroftheyar_2022_VeryPeri_FreepikCompany_1280x720_0-1-232x300.jpg 232w, https:\/\/blog.ccc.eu\/ro\/wp-content\/uploads\/2021\/12\/Coloroftheyar_2022_VeryPeri_FreepikCompany_1280x720_0-1-100x130.jpg 100w\" sizes=\"auto, (max-width: 555px) 100vw, 555px\" \/><\/figure>\n\n\n\n<figure class=\"wp-block-image size-large\"><img loading=\"lazy\" decoding=\"async\" width=\"702\" height=\"877\" data-id=\"4661\" src=\"https:\/\/blog.ccc.eu\/ro\/wp-content\/uploads\/2021\/12\/JF_LB_AW21_100_PR-1.jpg\" alt=\"\" class=\"wp-image-4661\" srcset=\"https:\/\/blog.ccc.eu\/ro\/wp-content\/uploads\/2021\/12\/JF_LB_AW21_100_PR-1.jpg 702w, https:\/\/blog.ccc.eu\/ro\/wp-content\/uploads\/2021\/12\/JF_LB_AW21_100_PR-1-240x300.jpg 240w, https:\/\/blog.ccc.eu\/ro\/wp-content\/uploads\/2021\/12\/JF_LB_AW21_100_PR-1-100x125.jpg 100w\" sizes=\"auto, (max-width: 702px) 100vw, 702px\" \/><\/figure>\n<\/figure>\n\n\n\n<p>Dac\u0103 \u00een anul 2021, Institutul Pantone a desemnat dou\u0103 culori ale anului &#8211; <em>Ultimate Gray<\/em> \u0219i <em>Illuminating<\/em>, \u00een acest an celebra societate american\u0103 a ales culoarea din paletarul deja existent. \u00cen acest fel a marcat \u0219i o premier\u0103 prin crearea unei culori noi, reprezentativ\u0103 pentru peisajul global al momentului.  <\/p>\n\n\n\n<p>Creativitate, noutate \u0219i speran\u021b\u0103 &#8211; asta inspir\u0103 culoarea anului 2022 desemnat\u0103 de Institutul Pantone. \u0218i cum anul viitor va fi dominat de Very Peri, aceast\u0103 nuan\u021b\u0103 dinamic\u0103 de albastru periwinkle cu subton de ro\u0219u violet, \u00ee\u021bi propunem s\u0103 descoperi \u00een r\u00e2ndurile urm\u0103toare tot ce trebuie s\u0103 \u0219tii despre culoarea anului 2022 \u0219i cum o po\u021bi integra \u00een \u021binutele din anul ce vine.  <\/p>\n\n\n\n<h2 class=\"wp-block-heading\"><b>Ce nuan\u021be \u00eembin\u0103 culoarea anului 2022? <\/b><\/h2>\n\n\n\n<p>Dup\u0103 ce nuan\u021bele <em>Illuminating <\/em>\u0219i <em>Ultimate Gray <\/em>au reprezentat anxietatea provocat\u0103 de anul 2021 la nivel global, Institutul Pantone este gata s\u0103 adauge pu\u021bin\u0103 culoare anului urm\u0103tor. Astfel, spa\u021biul de culoare lumineaz\u0103 viitorul prin intermediul culorii anului 2022, Very Peri, reprezentativ\u0103 pentru timpurile schimb\u0103toare de dup\u0103 COVID-19. Dup\u0103 galbenul \u0219i griul de anul trecut, aceast\u0103 nuan\u021b\u0103 vesel\u0103 de lila vine s\u0103 reimagineze anul 2022.  <\/p>\n\n\n\n<p>A\u0219a cum am men\u021bionat anterior, culoarea anului 2022 este o nuan\u021b\u0103 de albastru \u00een care au fost combinate diverse tonuri de albastru \u0219i ro\u0219u-violet, o nuan\u021b\u0103 asem\u0103n\u0103toare florilor de lavand\u0103 sau penajului violet deschis al unor p\u0103s\u0103ri. \u201eCombin\u00e2nd fidelitatea \u0219i constan\u021ba albastrului cu energia \u0219i entuziasmul ro\u0219ului, cea mai fericit\u0103 \u0219i mai cald\u0103 dintre toate nuan\u021bele de albastru introduce un mix puternic de noutate\u201d, a declarat Institutul Pantone \u00eentr-un comunicat de pres\u0103 privind culoarea anului 2022.  <\/p>\n\n\n\n<p>Leatrice Eiseman, directorul executiv al Pantone Color Institute, a declarat c\u0103 alegerea acestei culori a fost inspirat\u0103 de cre\u0219terea \u00een popularitate a gaming-ului, metaverse-ului, a NFT-urilor \u0219i a crypto-monedelor, ceea ce \u00eensumeaz\u0103 via\u021ba de zi cu zi din sfera digital\u0103.  <\/p>\n\n\n\n\n\n\n<h2 class=\"wp-block-heading\"><b>Ce simbolizeaz\u0103 culoarea anului 2022?  <\/b><\/h2>\n\n\n\n<p>Albastrul Very Peri, cu un subton de violet, ob\u021binut din combina\u021bia cu ro\u0219u, este defini\u021bia echilibrului dintre cer \u0219i p\u0103m\u00e2nt, dintre \u00een\u021belepciune \u0219i iubire, dar \u0219i balan\u021ba dintre spirit \u0219i sim\u021buri. \u00cen acela\u0219i timp, culoarea anului 2022 este simbolul m\u0103surii, dat fiind c\u0103, \u00een combina\u021bie cu albastru, ardoarea culorii ro\u0219u se domole\u0219te.  <\/p>\n\n\n\n<p>Albastrul Very Peri, culoarea dominant\u0103 a anului viitor, va avea, f\u0103r\u0103 doar \u0219i poate, un impact deosebit asupra unor domenii precum moda, designul interior, industria beauty, grafica, arta, publicitatea, produc\u021bia auto \u0219i multe altele. \u0218i cum sf\u00e2r\u0219itul de an este momentul ideal pentru a ne preg\u0103ti pentru anul ce vine, exper\u021bii sunt de p\u0103rere c\u0103 este nevoie de echilibru, lumin\u0103, relaxare, creativitate \u0219i \u00eencredere, iar aceste valen\u021be ale vie\u021bii de zi cu zi pot fi redescoperite prin prisma paletei de culori &#8211; albastrul Very Peri, verdele-salvie, verdele-m\u0103slin, movul catifea, rozul Pacific, coralul \u0219i nuan\u021bele apropiate acestora.  <\/p>\n\n\n\n<p>Institutul Pantone este de p\u0103rere c\u0103 oamenii trebuie s\u0103 \u00een\u021beleag\u0103 c\u0103, dup\u0103 perioada \u00eentunecat\u0103 din cauza efectelor pandemiei, totul se va lumina, iar culorile alese pot fi \u0219i ele purt\u0103toarele acestui mesaj. \u0218i cum hainele, \u00eenc\u0103l\u021b\u0103mintea \u0219i accesoriile pentru femei \u0219i b\u0103rba\u021bi din anul 2022 vor fi dominate de culorile men\u021bionate anterior, te invit\u0103m s\u0103 descoperi \u00een r\u00e2ndurile urm\u0103toare cum po\u021bi aborda culoarea anului 2022, dar \u0219i \u00eentreaga palet\u0103 cromatic\u0103, prin intermediul vestimenta\u021biei.  <\/p>\n\n\n\n\n\n\n<h2 class=\"wp-block-heading\"><b>Cum por\u021bi culoarea anului 2022 desemnat\u0103 de Institutul Pantone: 15 recomand\u0103ri de pe site-ul CCC  <\/b><\/h2>\n\n\n\n<h3 class=\"wp-block-heading\"><b>Culoarea anului 2022 \u00een \u021binute pentru femei  <\/b><\/h3>\n\n\n\n<p><b>Haine  <\/b><\/p>\n\n\n\n<ul class=\"wp-block-list\">\n<li>Rochie Sprandi &#8211; Din categoria <a href=\"https:\/\/ccc.eu\/ro\/haine\/femei\/rochii\" target=\"_blank\" rel=\"noreferrer noopener\">rochii<\/a> de pe site-ul CCC am ales pentru tine <a href=\"https:\/\/ccc.eu\/ro\/haine\/femei\/rochii\/rochie-sprandi-aw21-sud006-bleumarin\" target=\"_blank\" rel=\"noreferrer noopener\">rochia Sprandi<\/a> \u00een culoarea anului 2022.  <\/li>\n\n\n\n<li>Bluz\u0103 sport Reebok &#8211; Stilul sport te define\u0219te \u0219i vrei s\u0103 por\u021bi culoarea anului 2022? Alege <a href=\"https:\/\/ccc.eu\/ro\/haine\/femei\/bluza-sport\/bluza-sport-reebok-te-vector-fz-hoodie-d-albastru\">bluza sport Reebok<\/a> \u00een nuan\u021ba de albastru Very Peri!  <\/li>\n\n\n\n<li>Pantaloni scur\u021bi Sprandi &#8211; Deja am stabilit c\u0103 rozul Pacific se num\u0103r\u0103 printre nuan\u021bele care vor domina anul 2022, motiv pentru care \u00ee\u021bi suger\u0103m s\u0103 alegi perechea de <a href=\"https:\/\/ccc.eu\/ro\/haine\/femei\/pantaloni-scuri\/pantaloni-scurti-sprandi-ss21-shd004-roz-deschis\" target=\"_blank\" rel=\"noreferrer noopener\">pantaloni scur\u021bi Sprandi<\/a> pentru garderoba de prim\u0103var\u0103-var\u0103.  <\/li>\n<\/ul>\n\n\n\n<p><b>\u00cenc\u0103l\u021b\u0103minte  <\/b><\/p>\n\n\n\n<ul class=\"wp-block-list\">\n<li>Pantofi Jenny Fairy &#8211; O pereche de <a href=\"https:\/\/ccc.eu\/ro\/femei\/pantofi\/pantofi-eleganti\" target=\"_blank\" rel=\"noreferrer noopener\">pantofi cu toc<\/a> \u00een culoarea anului 2022 poate fi o adi\u021bie de impact \u00een garderoba ta, motiv pentru care \u00ee\u021bi suger\u0103m perechea de <a href=\"https:\/\/ccc.eu\/ro\/femei\/pantofi\/pantofi-eleganti\/pantofi-jenny-fairy-w16ss125-1-albastru\">pantofi Jenny Fairy<\/a>. <\/li>\n\n\n\n<li>\u00cenc\u0103l\u021b\u0103minte sport Hummel &#8211; Din categoria de <a href=\"https:\/\/ccc.eu\/ro\/femei\/pantofi\/sneakers\">sneakers de dam\u0103<\/a> am selectat pentru tine <a href=\"https:\/\/ccc.eu\/ro\/femei\/pantofi\/incaltaminte-sport\/incaltaminte-sport-hummel-power-play-suede-208481-7956-w-albastru\" target=\"_blank\" rel=\"noreferrer noopener\">\u00eenc\u0103l\u021b\u0103mintea sport Hummel<\/a>, realizat\u0103 \u00een culoarea anului 2022, Very Peri.  <\/li>\n\n\n\n<li>Papuci Lasocki &#8211; O alt\u0103 modalitate inedit\u0103 de a include \u00een \u021binutele tale din 2022 albastrul Very Peri este prin aceast\u0103 pereche de <a href=\"https:\/\/ccc.eu\/ro\/femei\/pantofi\/papuci\/papuci-lasocki-ag20-01-albastru\" target=\"_blank\" rel=\"noreferrer noopener\">papuci Lasocki<\/a>.  <\/li>\n<\/ul>\n\n\n\n<p><b>Accesorii  <\/b><\/p>\n\n\n\n<ul class=\"wp-block-list\">\n<li>Accesorii pentru p\u0103r Accessories &#8211; Chiar \u0219i accesoriile pot aduce \u00een \u021binutele tale culoarea anului 2022, iar una dintre cele mai bune sugestii sunt <a href=\"https:\/\/ccc.eu\/ro\/accesorii\/femei\/bijuterii\/accesorii-pentru-par-acccessories-1wa-020-ss20-albastru\" target=\"_blank\" rel=\"noreferrer noopener\">accesoriile pentru p\u0103r Accessories<\/a>.  <\/li>\n\n\n\n<li>C\u0103ciul\u0103 femei DeeZee &#8211; Am men\u021bionat anterior c\u0103 verdele-salvie se num\u0103r\u0103 printre cele mai populare culori din paleta cromatic\u0103 a anului 2022, motiv pentru care c\u0103ciula pentru femei DeeZee este o alegere extrem de chic pentru acest sezon.  <\/li>\n<\/ul>\n\n\n\n<h3 class=\"wp-block-heading\"><b>Culoarea anului 2022 \u00een \u021binute pentru b\u0103rba\u021bi  <\/b><\/h3>\n\n\n\n<p><b>Haine  <\/b><\/p>\n\n\n\n<ul class=\"wp-block-list\">\n<li>Bluz\u0103 sport Sprandi &#8211; Din categoria de <a href=\"https:\/\/ccc.eu\/ro\/haine\/barbai\/bluza-sport\" target=\"_blank\" rel=\"noreferrer noopener\">bluze sport pentru b\u0103rba\u021bi<\/a> am selectat pentru tine <a href=\"https:\/\/ccc.eu\/ro\/haine\/barbai\/bluza-sport\/bluza-sport-sprandi-aw21-bjm015-albastru\" target=\"_blank\" rel=\"noreferrer noopener\">bluza sport Sprandi<\/a> \u00een culoarea anului 2022, ideal\u0103 pentru \u021binutele sport \u0219i casual.  <\/li>\n\n\n\n<li>Vest\u0103 Sprandi &#8211; <a href=\"https:\/\/ccc.eu\/ro\/haine\/barbai\/veste\">Vestele pentru b\u0103rba\u021bi<\/a> sunt articole extrem de versatile, iar propunerea noastr\u0103 pentru tine este <a href=\"https:\/\/ccc.eu\/ro\/haine\/barbai\/veste\/vesta-sprandi-aw21-vtm001-albastru\" target=\"_blank\" rel=\"noreferrer noopener\">vesta Sprandi<\/a> \u00een albastrul Very Peri.  <\/li>\n\n\n\n<li>Tricou Sprandi &#8211; Verdele-m\u0103slin ocup\u0103 un loc de top \u00een paleta cromatic\u0103 a anului urm\u0103tor, a\u0219a c\u0103 nu ar fi deloc r\u0103u s\u0103 te orientezi spre un <a href=\"https:\/\/ccc.eu\/ro\/haine\/barbai\/tricou\/tricou-sprandi-ss21-tsm008-verde\" target=\"_blank\" rel=\"noreferrer noopener\">tricou Sprandi<\/a> \u00een aceast\u0103 nuan\u021b\u0103.  <\/li>\n<\/ul>\n\n\n\n<p><b>\u00cenc\u0103l\u021b\u0103minte  <\/b><\/p>\n\n\n\n<ul class=\"wp-block-list\">\n<li>\u00cenc\u0103l\u021b\u0103minte sport Champion &#8211; E\u0219ti adeptul stilului sport? Atunci ce ai spune de o pereche de <a href=\"https:\/\/ccc.eu\/ro\/barbati\/pantofi\/incaltaminte-sport\/incaltaminte-sport-champion-rebound-low-s21433-bs518-bleumarin\" target=\"_blank\" rel=\"noreferrer noopener\">\u00eenc\u0103l\u021b\u0103minte sport Champion<\/a> \u00een culoarea anului 2022?  <\/li>\n\n\n\n<li>\u00cenc\u0103l\u021b\u0103minte sport Sprandi &#8211; Tot din categoria de <a href=\"https:\/\/ccc.eu\/ro\/barbati\/pantofi\/incaltaminte-sport\">\u00eenc\u0103l\u021b\u0103minte sport pentru b\u0103rba\u021bi<\/a> am ales pentru tine<a href=\"https:\/\/ccc.eu\/ro\/barbati\/pantofi\/incaltaminte-sport\/incaltaminte-sport-sprandi-mp40-20679z-bleumarin\" target=\"_blank\" rel=\"noreferrer noopener\"> adida\u0219ii Sprandi<\/a> \u00een nuan\u021ba de albastru Very Peri, pentru a-i include \u00een \u021binutele tale sport sau casual.  <\/li>\n\n\n\n<li>\u00cenc\u0103l\u021b\u0103minte sport Adidas &#8211; \u0218i gama Adidas surprinde reprezentan\u021bii sexului masculin cu o pereche de <a href=\"https:\/\/ccc.eu\/ro\/barbati\/pantofi\/incaltaminte-sport\/incaltaminte-sport-adidas-runfalcon-2-0-fz2802-albastru\" target=\"_blank\" rel=\"noreferrer noopener\">\u00eenc\u0103l\u021b\u0103minte sport Adidas<\/a> \u00een culoarea anului 2022.  <\/li>\n<\/ul>\n\n\n\n<p><b>Accesorii  <\/b><\/p>\n\n\n\n<ul class=\"wp-block-list\">\n<li>Portofel de b\u0103rba\u021bi Gino Rossi &#8211; Dac\u0103 vrei s\u0103 abordezi culoarea anului 2022 \u00een \u021binutele tale, po\u021bi achizi\u021biona <a href=\"https:\/\/ccc.eu\/ro\/accesorii\/barbati\/portofele\/portofel-barbati-gino-rossi-o3m1-009-ss21-albastru\" target=\"_blank\" rel=\"noreferrer noopener\">portofelul de b\u0103rba\u021bi Gino Rossi<\/a> din colec\u021bia de <a href=\"https:\/\/ccc.eu\/ro\/accesorii\/barbati\">accesorii pentru b\u0103rba\u021bi<\/a> a site-ului CCC. <\/li>\n<\/ul>\n\n\n\n<p>Sper\u0103m ca la finalul acestui articol s\u0103 ai toate informa\u021biile despre culoarea anului 2022, c\u0103ci aceasta, al\u0103turi de restul culorilor din paleta cromatic\u0103 stabilit\u0103 pentru anul viitor vor domina marile companii produc\u0103toare de cosmetice \u0219i fashion, \u00een crearea de produse care nu vor face dec\u00e2t s\u0103 \u00eencurajeze imagina\u021bia \u0219i creativitatea consumatorilor. \u00cen ceea ce prive\u0219te domeniul fashion, deja \u021bi-ai format o idee despre cum po\u021bi integra albastrul Very Peri \u00een garderoba ta, a\u0219a c\u0103 te a\u0219tept\u0103m \u00een <a href=\"https:\/\/ccc.eu\/ro\/\">magazinul online CCC<\/a> pentru a achizi\u021biona cele mai cool articole \u00een culoarea anului 2022!   <\/p>\n","protected":false},"excerpt":{"rendered":"<p>A\u0219a cum se \u00eent\u00e2mpl\u0103 la fiecare final de an, Institutul Pantone a desemnat culoarea perioadei urm\u0103toare, alegerea fiind una deloc surprinz\u0103toare. Culoarea anului 2022, intitulat\u0103 Very Peri sau, \u0219tiin\u021bific, PANTONE 17-3938 este un albastru-violet cu subtonuri de ro\u0219u. Dac\u0103 \u00een anul 2021, Institutul Pantone a desemnat dou\u0103 culori ale anului &#8211; Ultimate Gray \u0219i Illuminating, [&hellip;]<\/p>\n","protected":false},"author":14,"featured_media":4661,"comment_status":"open","ping_status":"open","sticky":false,"template":"","format":"standard","meta":{"_acf_changed":false,"footnotes":""},"categories":[6],"tags":[593,594,563,569,559,595,552],"class_list":["post-4649","post","type-post","status-publish","format-standard","has-post-thumbnail","hentry","category-tendinte","tag-culoarea-anului-2022","tag-institutul-pantone","tag-pantofi-dama","tag-tinute-barbati","tag-tinute-dama","tag-trenduri-in-moda","tag-very-peri"],"acf":[],"yoast_head":"<!-- This site is optimized with the Yoast SEO plugin v26.9 - https:\/\/yoast.com\/product\/yoast-seo-wordpress\/ -->\n<title>Culoarea anului 2022 de la Institutul Pantone - CCC Fashion blog<\/title>\n<meta name=\"description\" content=\"Ai aflat care este culoarea anului 2022? Descopera pe blogul CCC tot ce trebuie sa stii despre culoarea anului 2022, desemnata de Institutul Pantone! 2026\" \/>\n<meta name=\"robots\" content=\"index, follow, max-snippet:-1, max-image-preview:large, max-video-preview:-1\" \/>\n<link rel=\"canonical\" href=\"https:\/\/blog.ccc.eu\/ro\/culoarea-anului-2022-de-la-institutul-pantone\/\" \/>\n<meta property=\"og:locale\" content=\"ro_RO\" \/>\n<meta property=\"og:type\" content=\"article\" \/>\n<meta property=\"og:title\" content=\"Culoarea anului 2022 de la Institutul Pantone - CCC Fashion blog\" \/>\n<meta property=\"og:description\" content=\"Ai aflat care este culoarea anului 2022? Descopera pe blogul CCC tot ce trebuie sa stii despre culoarea anului 2022, desemnata de Institutul Pantone!\" \/>\n<meta property=\"og:url\" content=\"https:\/\/blog.ccc.eu\/ro\/culoarea-anului-2022-de-la-institutul-pantone\/\" \/>\n<meta property=\"og:site_name\" content=\"CCC Fashion blog\" \/>\n<meta property=\"article:published_time\" content=\"2021-12-22T13:53:56+00:00\" \/>\n<meta property=\"article:modified_time\" content=\"2022-11-24T15:17:08+00:00\" \/>\n<meta property=\"og:image\" content=\"https:\/\/blog.ccc.eu\/ro\/wp-content\/uploads\/2021\/12\/JF_LB_AW21_100_PR-1.jpg\" \/>\n\t<meta property=\"og:image:width\" content=\"702\" \/>\n\t<meta property=\"og:image:height\" content=\"877\" \/>\n\t<meta property=\"og:image:type\" content=\"image\/jpeg\" \/>\n<meta name=\"author\" content=\"Andreea Stoian\u00a0\" \/>\n<meta name=\"twitter:card\" content=\"summary_large_image\" \/>\n<meta name=\"twitter:label1\" content=\"Scris de\" \/>\n\t<meta name=\"twitter:data1\" content=\"Andreea Stoian\u00a0\" \/>\n\t<meta name=\"twitter:label2\" content=\"Timp estimat pentru citire\" \/>\n\t<meta name=\"twitter:data2\" content=\"7 minute\" \/>\n<script type=\"application\/ld+json\" class=\"yoast-schema-graph\">{\"@context\":\"https:\/\/schema.org\",\"@graph\":[{\"@type\":\"Article\",\"@id\":\"https:\/\/blog.ccc.eu\/ro\/culoarea-anului-2022-de-la-institutul-pantone\/#article\",\"isPartOf\":{\"@id\":\"https:\/\/blog.ccc.eu\/ro\/culoarea-anului-2022-de-la-institutul-pantone\/\"},\"author\":{\"name\":\"Andreea Stoian\u00a0\",\"@id\":\"https:\/\/blog.ccc.eu\/ro\/#\/schema\/person\/0601bbc3e409e0a44a47df3630e6edf2\"},\"headline\":\"Culoarea anului 2022 de la Institutul Pantone\",\"datePublished\":\"2021-12-22T13:53:56+00:00\",\"dateModified\":\"2022-11-24T15:17:08+00:00\",\"mainEntityOfPage\":{\"@id\":\"https:\/\/blog.ccc.eu\/ro\/culoarea-anului-2022-de-la-institutul-pantone\/\"},\"wordCount\":1260,\"commentCount\":0,\"publisher\":{\"@id\":\"https:\/\/blog.ccc.eu\/ro\/#organization\"},\"image\":{\"@id\":\"https:\/\/blog.ccc.eu\/ro\/culoarea-anului-2022-de-la-institutul-pantone\/#primaryimage\"},\"thumbnailUrl\":\"https:\/\/blog.ccc.eu\/ro\/wp-content\/uploads\/2021\/12\/JF_LB_AW21_100_PR-1.jpg\",\"keywords\":[\"culoarea anului 2022\",\"Institutul Pantone\",\"pantofi dama\",\"tinute barbati\",\"tinute dama\",\"trenduri in moda\",\"very peri\"],\"articleSection\":[\"TENDIN\u021aE\"],\"inLanguage\":\"ro-RO\",\"potentialAction\":[{\"@type\":\"CommentAction\",\"name\":\"Comment\",\"target\":[\"https:\/\/blog.ccc.eu\/ro\/culoarea-anului-2022-de-la-institutul-pantone\/#respond\"]}]},{\"@type\":\"WebPage\",\"@id\":\"https:\/\/blog.ccc.eu\/ro\/culoarea-anului-2022-de-la-institutul-pantone\/\",\"url\":\"https:\/\/blog.ccc.eu\/ro\/culoarea-anului-2022-de-la-institutul-pantone\/\",\"name\":\"Culoarea anului 2022 de la Institutul Pantone - CCC Fashion blog\",\"isPartOf\":{\"@id\":\"https:\/\/blog.ccc.eu\/ro\/#website\"},\"primaryImageOfPage\":{\"@id\":\"https:\/\/blog.ccc.eu\/ro\/culoarea-anului-2022-de-la-institutul-pantone\/#primaryimage\"},\"image\":{\"@id\":\"https:\/\/blog.ccc.eu\/ro\/culoarea-anului-2022-de-la-institutul-pantone\/#primaryimage\"},\"thumbnailUrl\":\"https:\/\/blog.ccc.eu\/ro\/wp-content\/uploads\/2021\/12\/JF_LB_AW21_100_PR-1.jpg\",\"datePublished\":\"2021-12-22T13:53:56+00:00\",\"dateModified\":\"2022-11-24T15:17:08+00:00\",\"description\":\"Ai aflat care este culoarea anului 2022? Descopera pe blogul CCC tot ce trebuie sa stii despre culoarea anului 2022, desemnata de Institutul Pantone!\",\"breadcrumb\":{\"@id\":\"https:\/\/blog.ccc.eu\/ro\/culoarea-anului-2022-de-la-institutul-pantone\/#breadcrumb\"},\"inLanguage\":\"ro-RO\",\"potentialAction\":[{\"@type\":\"ReadAction\",\"target\":[\"https:\/\/blog.ccc.eu\/ro\/culoarea-anului-2022-de-la-institutul-pantone\/\"]}]},{\"@type\":\"ImageObject\",\"inLanguage\":\"ro-RO\",\"@id\":\"https:\/\/blog.ccc.eu\/ro\/culoarea-anului-2022-de-la-institutul-pantone\/#primaryimage\",\"url\":\"https:\/\/blog.ccc.eu\/ro\/wp-content\/uploads\/2021\/12\/JF_LB_AW21_100_PR-1.jpg\",\"contentUrl\":\"https:\/\/blog.ccc.eu\/ro\/wp-content\/uploads\/2021\/12\/JF_LB_AW21_100_PR-1.jpg\",\"width\":702,\"height\":877},{\"@type\":\"BreadcrumbList\",\"@id\":\"https:\/\/blog.ccc.eu\/ro\/culoarea-anului-2022-de-la-institutul-pantone\/#breadcrumb\",\"itemListElement\":[{\"@type\":\"ListItem\",\"position\":1,\"name\":\"Strona g\u0142\u00f3wna\",\"item\":\"https:\/\/blog.ccc.eu\/ro\/\"},{\"@type\":\"ListItem\",\"position\":2,\"name\":\"Culoarea anului 2022 de la Institutul Pantone\"}]},{\"@type\":\"WebSite\",\"@id\":\"https:\/\/blog.ccc.eu\/ro\/#website\",\"url\":\"https:\/\/blog.ccc.eu\/ro\/\",\"name\":\"CCC Fashion blog\",\"description\":\"Locul t\u0103u plin de inspira\u021bii \u00een mod\u0103\",\"publisher\":{\"@id\":\"https:\/\/blog.ccc.eu\/ro\/#organization\"},\"potentialAction\":[{\"@type\":\"SearchAction\",\"target\":{\"@type\":\"EntryPoint\",\"urlTemplate\":\"https:\/\/blog.ccc.eu\/ro\/?s={search_term_string}\"},\"query-input\":{\"@type\":\"PropertyValueSpecification\",\"valueRequired\":true,\"valueName\":\"search_term_string\"}}],\"inLanguage\":\"ro-RO\"},{\"@type\":\"Organization\",\"@id\":\"https:\/\/blog.ccc.eu\/ro\/#organization\",\"name\":\"CCC S.A.\",\"url\":\"https:\/\/blog.ccc.eu\/ro\/\",\"logo\":{\"@type\":\"ImageObject\",\"inLanguage\":\"ro-RO\",\"@id\":\"https:\/\/blog.ccc.eu\/ro\/#\/schema\/logo\/image\/\",\"url\":\"https:\/\/blog.ccc.eu\/ro\/wp-content\/uploads\/2021\/11\/logo_ccc.png\",\"contentUrl\":\"https:\/\/blog.ccc.eu\/ro\/wp-content\/uploads\/2021\/11\/logo_ccc.png\",\"width\":730,\"height\":270,\"caption\":\"CCC S.A.\"},\"image\":{\"@id\":\"https:\/\/blog.ccc.eu\/ro\/#\/schema\/logo\/image\/\"}},{\"@type\":\"Person\",\"@id\":\"https:\/\/blog.ccc.eu\/ro\/#\/schema\/person\/0601bbc3e409e0a44a47df3630e6edf2\",\"name\":\"Andreea Stoian\u00a0\",\"image\":{\"@type\":\"ImageObject\",\"inLanguage\":\"ro-RO\",\"@id\":\"https:\/\/blog.ccc.eu\/ro\/#\/schema\/person\/image\/\",\"url\":\"https:\/\/blog.ccc.eu\/ro\/wp-content\/uploads\/2022\/01\/Andreea-Stoian-2-100x100.jpeg\",\"contentUrl\":\"https:\/\/blog.ccc.eu\/ro\/wp-content\/uploads\/2022\/01\/Andreea-Stoian-2-100x100.jpeg\",\"caption\":\"Andreea Stoian\u00a0\"},\"url\":\"https:\/\/blog.ccc.eu\/ro\/author\/andreea-stoian\/\"}]}<\/script>\n<!-- \/ Yoast SEO plugin. -->","yoast_head_json":{"title":"Culoarea anului 2022 de la Institutul Pantone - CCC Fashion blog","description":"Ai aflat care este culoarea anului 2022? Descopera pe blogul CCC tot ce trebuie sa stii despre culoarea anului 2022, desemnata de Institutul Pantone! 2026","robots":{"index":"index","follow":"follow","max-snippet":"max-snippet:-1","max-image-preview":"max-image-preview:large","max-video-preview":"max-video-preview:-1"},"canonical":"https:\/\/blog.ccc.eu\/ro\/culoarea-anului-2022-de-la-institutul-pantone\/","og_locale":"ro_RO","og_type":"article","og_title":"Culoarea anului 2022 de la Institutul Pantone - CCC Fashion blog","og_description":"Ai aflat care este culoarea anului 2022? Descopera pe blogul CCC tot ce trebuie sa stii despre culoarea anului 2022, desemnata de Institutul Pantone!","og_url":"https:\/\/blog.ccc.eu\/ro\/culoarea-anului-2022-de-la-institutul-pantone\/","og_site_name":"CCC Fashion blog","article_published_time":"2021-12-22T13:53:56+00:00","article_modified_time":"2022-11-24T15:17:08+00:00","og_image":[{"width":702,"height":877,"url":"https:\/\/blog.ccc.eu\/ro\/wp-content\/uploads\/2021\/12\/JF_LB_AW21_100_PR-1.jpg","type":"image\/jpeg"}],"author":"Andreea Stoian\u00a0","twitter_card":"summary_large_image","twitter_misc":{"Scris de":"Andreea Stoian\u00a0","Timp estimat pentru citire":"7 minute"},"schema":{"@context":"https:\/\/schema.org","@graph":[{"@type":"Article","@id":"https:\/\/blog.ccc.eu\/ro\/culoarea-anului-2022-de-la-institutul-pantone\/#article","isPartOf":{"@id":"https:\/\/blog.ccc.eu\/ro\/culoarea-anului-2022-de-la-institutul-pantone\/"},"author":{"name":"Andreea Stoian\u00a0","@id":"https:\/\/blog.ccc.eu\/ro\/#\/schema\/person\/0601bbc3e409e0a44a47df3630e6edf2"},"headline":"Culoarea anului 2022 de la Institutul Pantone","datePublished":"2021-12-22T13:53:56+00:00","dateModified":"2022-11-24T15:17:08+00:00","mainEntityOfPage":{"@id":"https:\/\/blog.ccc.eu\/ro\/culoarea-anului-2022-de-la-institutul-pantone\/"},"wordCount":1260,"commentCount":0,"publisher":{"@id":"https:\/\/blog.ccc.eu\/ro\/#organization"},"image":{"@id":"https:\/\/blog.ccc.eu\/ro\/culoarea-anului-2022-de-la-institutul-pantone\/#primaryimage"},"thumbnailUrl":"https:\/\/blog.ccc.eu\/ro\/wp-content\/uploads\/2021\/12\/JF_LB_AW21_100_PR-1.jpg","keywords":["culoarea anului 2022","Institutul Pantone","pantofi dama","tinute barbati","tinute dama","trenduri in moda","very peri"],"articleSection":["TENDIN\u021aE"],"inLanguage":"ro-RO","potentialAction":[{"@type":"CommentAction","name":"Comment","target":["https:\/\/blog.ccc.eu\/ro\/culoarea-anului-2022-de-la-institutul-pantone\/#respond"]}]},{"@type":"WebPage","@id":"https:\/\/blog.ccc.eu\/ro\/culoarea-anului-2022-de-la-institutul-pantone\/","url":"https:\/\/blog.ccc.eu\/ro\/culoarea-anului-2022-de-la-institutul-pantone\/","name":"Culoarea anului 2022 de la Institutul Pantone - CCC Fashion blog","isPartOf":{"@id":"https:\/\/blog.ccc.eu\/ro\/#website"},"primaryImageOfPage":{"@id":"https:\/\/blog.ccc.eu\/ro\/culoarea-anului-2022-de-la-institutul-pantone\/#primaryimage"},"image":{"@id":"https:\/\/blog.ccc.eu\/ro\/culoarea-anului-2022-de-la-institutul-pantone\/#primaryimage"},"thumbnailUrl":"https:\/\/blog.ccc.eu\/ro\/wp-content\/uploads\/2021\/12\/JF_LB_AW21_100_PR-1.jpg","datePublished":"2021-12-22T13:53:56+00:00","dateModified":"2022-11-24T15:17:08+00:00","description":"Ai aflat care este culoarea anului 2022? Descopera pe blogul CCC tot ce trebuie sa stii despre culoarea anului 2022, desemnata de Institutul Pantone!","breadcrumb":{"@id":"https:\/\/blog.ccc.eu\/ro\/culoarea-anului-2022-de-la-institutul-pantone\/#breadcrumb"},"inLanguage":"ro-RO","potentialAction":[{"@type":"ReadAction","target":["https:\/\/blog.ccc.eu\/ro\/culoarea-anului-2022-de-la-institutul-pantone\/"]}]},{"@type":"ImageObject","inLanguage":"ro-RO","@id":"https:\/\/blog.ccc.eu\/ro\/culoarea-anului-2022-de-la-institutul-pantone\/#primaryimage","url":"https:\/\/blog.ccc.eu\/ro\/wp-content\/uploads\/2021\/12\/JF_LB_AW21_100_PR-1.jpg","contentUrl":"https:\/\/blog.ccc.eu\/ro\/wp-content\/uploads\/2021\/12\/JF_LB_AW21_100_PR-1.jpg","width":702,"height":877},{"@type":"BreadcrumbList","@id":"https:\/\/blog.ccc.eu\/ro\/culoarea-anului-2022-de-la-institutul-pantone\/#breadcrumb","itemListElement":[{"@type":"ListItem","position":1,"name":"Strona g\u0142\u00f3wna","item":"https:\/\/blog.ccc.eu\/ro\/"},{"@type":"ListItem","position":2,"name":"Culoarea anului 2022 de la Institutul Pantone"}]},{"@type":"WebSite","@id":"https:\/\/blog.ccc.eu\/ro\/#website","url":"https:\/\/blog.ccc.eu\/ro\/","name":"CCC Fashion blog","description":"Locul t\u0103u plin de inspira\u021bii \u00een mod\u0103","publisher":{"@id":"https:\/\/blog.ccc.eu\/ro\/#organization"},"potentialAction":[{"@type":"SearchAction","target":{"@type":"EntryPoint","urlTemplate":"https:\/\/blog.ccc.eu\/ro\/?s={search_term_string}"},"query-input":{"@type":"PropertyValueSpecification","valueRequired":true,"valueName":"search_term_string"}}],"inLanguage":"ro-RO"},{"@type":"Organization","@id":"https:\/\/blog.ccc.eu\/ro\/#organization","name":"CCC S.A.","url":"https:\/\/blog.ccc.eu\/ro\/","logo":{"@type":"ImageObject","inLanguage":"ro-RO","@id":"https:\/\/blog.ccc.eu\/ro\/#\/schema\/logo\/image\/","url":"https:\/\/blog.ccc.eu\/ro\/wp-content\/uploads\/2021\/11\/logo_ccc.png","contentUrl":"https:\/\/blog.ccc.eu\/ro\/wp-content\/uploads\/2021\/11\/logo_ccc.png","width":730,"height":270,"caption":"CCC S.A."},"image":{"@id":"https:\/\/blog.ccc.eu\/ro\/#\/schema\/logo\/image\/"}},{"@type":"Person","@id":"https:\/\/blog.ccc.eu\/ro\/#\/schema\/person\/0601bbc3e409e0a44a47df3630e6edf2","name":"Andreea Stoian\u00a0","image":{"@type":"ImageObject","inLanguage":"ro-RO","@id":"https:\/\/blog.ccc.eu\/ro\/#\/schema\/person\/image\/","url":"https:\/\/blog.ccc.eu\/ro\/wp-content\/uploads\/2022\/01\/Andreea-Stoian-2-100x100.jpeg","contentUrl":"https:\/\/blog.ccc.eu\/ro\/wp-content\/uploads\/2022\/01\/Andreea-Stoian-2-100x100.jpeg","caption":"Andreea Stoian\u00a0"},"url":"https:\/\/blog.ccc.eu\/ro\/author\/andreea-stoian\/"}]}},"_links":{"self":[{"href":"https:\/\/blog.ccc.eu\/ro\/wp-json\/wp\/v2\/posts\/4649","targetHints":{"allow":["GET"]}}],"collection":[{"href":"https:\/\/blog.ccc.eu\/ro\/wp-json\/wp\/v2\/posts"}],"about":[{"href":"https:\/\/blog.ccc.eu\/ro\/wp-json\/wp\/v2\/types\/post"}],"author":[{"embeddable":true,"href":"https:\/\/blog.ccc.eu\/ro\/wp-json\/wp\/v2\/users\/14"}],"replies":[{"embeddable":true,"href":"https:\/\/blog.ccc.eu\/ro\/wp-json\/wp\/v2\/comments?post=4649"}],"version-history":[{"count":14,"href":"https:\/\/blog.ccc.eu\/ro\/wp-json\/wp\/v2\/posts\/4649\/revisions"}],"predecessor-version":[{"id":5877,"href":"https:\/\/blog.ccc.eu\/ro\/wp-json\/wp\/v2\/posts\/4649\/revisions\/5877"}],"wp:featuredmedia":[{"embeddable":true,"href":"https:\/\/blog.ccc.eu\/ro\/wp-json\/wp\/v2\/media\/4661"}],"wp:attachment":[{"href":"https:\/\/blog.ccc.eu\/ro\/wp-json\/wp\/v2\/media?parent=4649"}],"wp:term":[{"taxonomy":"category","embeddable":true,"href":"https:\/\/blog.ccc.eu\/ro\/wp-json\/wp\/v2\/categories?post=4649"},{"taxonomy":"post_tag","embeddable":true,"href":"https:\/\/blog.ccc.eu\/ro\/wp-json\/wp\/v2\/tags?post=4649"}],"curies":[{"name":"wp","href":"https:\/\/api.w.org\/{rel}","templated":true}]}}