{"id":4804,"date":"2021-12-30T15:06:24","date_gmt":"2021-12-30T14:06:24","guid":{"rendered":"https:\/\/blog.ccc.eu\/ro\/?p=4804"},"modified":"2022-02-15T11:11:50","modified_gmt":"2022-02-15T10:11:50","slug":"cum-alegi-marimea-potrivita-pentru-cureaua-ta","status":"publish","type":"post","link":"https:\/\/blog.ccc.eu\/ro\/cum-alegi-marimea-potrivita-pentru-cureaua-ta\/","title":{"rendered":"Cum alegi m\u0103rimea potrivit\u0103 pentru cureaua ta"},"content":{"rendered":"\n<p><b>Cureaua poate fi un accesoriu indispensabil at\u00e2t pentru femei, c\u00e2t \u0219i pentru b\u0103rba\u021bi. Este important s\u0103 alegi m\u0103rimea potrivit\u0103 pentru c\u0103 \u00een caz contrar pot ap\u0103rea situa\u021bii \u00een care s\u0103 \u00ee\u021bi fie afectat\u0103 starea de s\u0103n\u0103tate. Afl\u0103 din articolul nostru cum s\u0103 evi\u021bi aceste riscuri \u0219i care sunt pa\u0219ii pentru alegerea curelei potrivite. <\/b><\/p>\n\n\n\n<figure class=\"wp-block-gallery has-nested-images columns-default is-cropped wp-block-gallery-1 is-layout-flex wp-block-gallery-is-layout-flex\">\n<figure class=\"wp-block-image size-large\"><img loading=\"lazy\" decoding=\"async\" width=\"741\" height=\"1024\" data-id=\"4835\" src=\"https:\/\/blog.ccc.eu\/ro\/wp-content\/uploads\/2021\/12\/GR_FW2021_3815-741x1024-1.jpg\" alt=\"\" class=\"wp-image-4835\" srcset=\"https:\/\/blog.ccc.eu\/ro\/wp-content\/uploads\/2021\/12\/GR_FW2021_3815-741x1024-1.jpg 741w, https:\/\/blog.ccc.eu\/ro\/wp-content\/uploads\/2021\/12\/GR_FW2021_3815-741x1024-1-217x300.jpg 217w, https:\/\/blog.ccc.eu\/ro\/wp-content\/uploads\/2021\/12\/GR_FW2021_3815-741x1024-1-100x138.jpg 100w\" sizes=\"auto, (max-width: 741px) 100vw, 741px\" \/><\/figure>\n\n\n\n<figure class=\"wp-block-image size-large\"><img loading=\"lazy\" decoding=\"async\" width=\"807\" height=\"1024\" data-id=\"4836\" src=\"https:\/\/blog.ccc.eu\/ro\/wp-content\/uploads\/2021\/12\/GR_LB_AW21_2065-1-807x1024.jpg\" alt=\"\" class=\"wp-image-4836\" srcset=\"https:\/\/blog.ccc.eu\/ro\/wp-content\/uploads\/2021\/12\/GR_LB_AW21_2065-1-807x1024.jpg 807w, https:\/\/blog.ccc.eu\/ro\/wp-content\/uploads\/2021\/12\/GR_LB_AW21_2065-1-237x300.jpg 237w, https:\/\/blog.ccc.eu\/ro\/wp-content\/uploads\/2021\/12\/GR_LB_AW21_2065-1-768x974.jpg 768w, https:\/\/blog.ccc.eu\/ro\/wp-content\/uploads\/2021\/12\/GR_LB_AW21_2065-1-1211x1536.jpg 1211w, https:\/\/blog.ccc.eu\/ro\/wp-content\/uploads\/2021\/12\/GR_LB_AW21_2065-1-100x127.jpg 100w, https:\/\/blog.ccc.eu\/ro\/wp-content\/uploads\/2021\/12\/GR_LB_AW21_2065-1.jpg 1380w\" sizes=\"auto, (max-width: 807px) 100vw, 807px\" \/><\/figure>\n<\/figure>\n\n\n\n<h2 class=\"wp-block-heading\" id=\"cum-alegi-cureaua-potrivita\"><b>Cum alegi cureaua potrivit\u0103? <\/b><\/h2>\n\n\n\n<p>Cea mai simpl\u0103 \u0219i sigur\u0103 metod\u0103 este s\u0103 folose\u0219ti un metru de croitorie. Trece metrul prin buclele pantalonilor \u0219i marcheaz\u0103 locul \u00een care se opre\u0219te la nivelul \u0219oldurilor. A\u0219a vei \u0219tii care este circumferin\u021ba de care ai nevoie pentru achizi\u021bionarea curelei potrivite. \u00cen cazul curelelor \u00een talie pentru femei se folose\u0219te acela\u0219i procedeu.&nbsp;&nbsp;<\/p>\n\n\n\n<p>M\u0103sur\u0103toarea poate fi afectat\u0103 \u0219i de felul \u00een care decizi s\u0103 por\u021bi hainele. Dac\u0103 \u00ee\u021bi bagi c\u0103ma\u0219a sau un tricou \u00een pantaloni, circumferin\u021ba se va m\u0103ri, a\u0219a c\u0103 alege&nbsp;<a href=\"https:\/\/ccc.eu\/ro\/accesorii\/femei\/curele\" target=\"_blank\" rel=\"noreferrer noopener\">cureaua<\/a>&nbsp;cu dimensiunile cele mai apropiate de rezultatul m\u0103sur\u0103torii cu metrul. Grosimea materialului din care sunt f\u0103cu\u021bi pantalonii este un alt factor care poate influen\u021ba m\u0103rimea curelei.&nbsp;<\/p>\n\n\n\n<p>O alt\u0103 metod\u0103 este s\u0103 m\u0103sori cu metrul o curea pe care o ai deja \u0219i care \u0219tii c\u0103 \u021bi se potrive\u0219te \u0219i te avantajeaz\u0103. M\u0103soar\u0103 doar p\u00e2n\u0103 la lungimea cataramei \u0219i gaura folosit\u0103 cel mai adesea pentru a te asigura c\u0103 ajungi la o concluzie corect\u0103. \u00cen cazul \u00een care vrei o&nbsp;<a href=\"https:\/\/ccc.eu\/ro\/accesorii\/barbati\/curele\" target=\"_blank\" rel=\"noreferrer noopener\">curea<\/a>&nbsp;pentru o anumit\u0103 pereche de pantaloni, po\u021bi m\u0103sura dimensiunea acestora \u0219i s\u0103 adaugi \u00eentre 3 \u0219i 5 cm \u00een plus.&nbsp;<\/p>\n\n\n\n<p>Nu uita c\u0103 diver\u0219i produc\u0103tori de curele folosesc un tabel standard cu dimensiuni. Pentru o garan\u021bie \u00een plus c\u0103 vei alege m\u0103rimea potrivit\u0103, m\u0103soar\u0103-\u021bi talia \u0219i verific\u0103 op\u021biunea adecvat\u0103 pentru tine conform tabelului.&nbsp;&nbsp;<\/p>\n\n\n\n<p>Un alt sfat util este s\u0103 alegi curele c\u00e2t mai simple, care pot fi asortate la c\u00e2t mai multe \u021binute. Alege c\u00e2te un model din fiecare culoare pe care \u00ee\u021bi place s\u0103 o por\u021bi &#8211; fie negru, maro sau bleumarin, c\u00e2t \u0219i un model cu imprimeuri sau confec\u021bionat din <a href=\"https:\/\/ccc.eu\/ro\/accesorii\/barbati\/curele\/curea-barbati-gino-rossi-o3m2-010-ss21-albastru\" target=\"_blank\" rel=\"noreferrer noopener\">material textil<\/a> \u00een cazul \u00een care ai \u021binute la care s-ar potrivi.  <\/p>\n\n\n\n\n\n\n<h2 class=\"wp-block-heading\" id=\"ce-sa-evi\u021bi-atunci-cand-cumperi-o-curea\"><b>Ce s\u0103 evi\u021bi atunci c\u00e2nd cumperi o curea <\/b><\/h2>\n\n\n\n<p>Exist\u0103 anumite detalii la care trebuie s\u0103 fii atent pentru a evita rezultatele nedorite. De exemplu, ai grij\u0103 ca modelul ales de tine s\u0103 nu fie nici prea lung, nici prea scurt deoarece va ar\u0103ta inestetic \u0219i \u00ee\u021bi va crea disconfort. Po\u021bi evita acest lucru prin probarea curelei \u00een magazin sau prin m\u0103surarea exact\u0103 cu metrul acas\u0103.&nbsp;&nbsp;<\/p>\n\n\n\n<p>Dac\u0103 vrei s\u0103 \u00ee\u021bi cumperi o curea din piele, ai primit-o cadou sau vrei s\u0103 d\u0103ruie\u0219ti cuiva o curea, afl\u0103 c\u0103 majoritatea modelelor pot fi scurtate cu u\u0219urin\u021b\u0103. Asigur\u0103-te c\u0103 modelul pe care vrei s\u0103-l oferi este mai mare, nu mai mic dec\u00e2t m\u0103sura pe care ai preconizat-o.&nbsp;<\/p>\n\n\n\n<p>Un alt detaliu la care s\u0103 fii atent este \u00eencre\u021bitura pantalonilor atunci c\u00e2nd por\u021bi cureaua. Aceasta trebuie s\u0103 vin\u0103 lejer, f\u0103r\u0103 a cauza cute, ci doar c\u00e2t s\u0103 sus\u021bin\u0103 pantalonii \u00eentr-un mod confortabil. Dac\u0103 apar \u00eencre\u021bituri, \u00eenseamn\u0103 c\u0103 m\u0103rimea nu este cea corect\u0103 \u0219i curea trebuie ajustat\u0103 sau \u00eenlocuit\u0103.  <\/p>\n\n\n\n\n\n\n<h2 class=\"wp-block-heading\" id=\"ce-riscuri-implica-o-marime-nepotrivita-la-curea\"><b>Ce riscuri implic\u0103 o m\u0103rime nepotrivit\u0103 la curea <\/b><\/h2>\n\n\n\n<p>Exist\u0103 un set de riscuri implicate \u00een alegerea unei m\u0103rimi inadecvate la curea care \u00ee\u021bi pot afecta s\u0103n\u0103tatea. De exemplu, dac\u0103 por\u021bi o curea mult prea str\u00e2ns\u0103 pot ap\u0103rea arsuri gastrice din cauza presiunii exercitate asupra stomacului. Acidul gastric va reveni \u00een g\u00e2t, cauz\u00e2nd o senza\u021bie de arsur\u0103 \u00een stomac, piept \u0219i esofag, c\u00e2t \u0219i un gust amar \u00een gur\u0103.&nbsp;&nbsp;<\/p>\n\n\n\n<p>Un alt risc este apari\u021bia durerilor abdominale, de spate sau articulare. Acest lucru se poate \u00eent\u00e2mpla \u0219i dac\u0103 por\u021bi haine prea str\u00e2mte, \u00eens\u0103 cureaua joac\u0103 deseori un rol hot\u0103r\u00e2tor. Poate ap\u0103rea o senza\u021bie de amor\u021beal\u0103 sau furnic\u0103turi pe piele din cauza faptului c\u0103 s\u00e2ngele nu mai poate circula \u00een corp la fel de bine.&nbsp;&nbsp;<\/p>\n\n\n\n<p>Alegerea unei curele nepotrivite poate cauza inclusiv func\u021bionarea optim\u0103 a aparatului reproduc\u0103tor \u00een cazul ambelor sexe tocmai pentru c\u0103 accesul aerului \u00een zona inferioar\u0103 a corpului este redus. Organele genitale se vor supra\u00eenc\u0103lzi \u0219i astfel cre\u0219te riscul de apari\u021bie a bolilor infec\u021bioase.&nbsp;<\/p>\n\n\n\n<p>Sistemul imunitar poate fi de asemenea afectat de o curea mult prea str\u00e2mt\u0103. Vasele de s\u00e2nge din jurul taliei au un rol foarte important \u00een drenajul limfatic, iar dac\u0103 fluxul este \u00eencetinit din cauza presiunii apar interferen\u021be cu sistemul imunitar.&nbsp;&nbsp;<\/p>\n\n\n\n<p>Ai grij\u0103 deci s\u0103 faci alegeri corespunz\u0103toare m\u0103surilor tale \u0219i nu \u00eencerca s\u0103 por\u021bi o curea prea str\u00e2mt\u0103 din dorin\u021ba de a crea un anumit aspect. Dac\u0103 \u00ee\u021bi place o anumit\u0103 cataram\u0103, o po\u021bi monta pe o alt\u0103 curea la marochin\u0103rie, iar astfel s\u0103n\u0103tatea ta nu are de suferit.&nbsp;&nbsp;<\/p>\n\n\n\n<p>\u00ce\u021bi recomand\u0103m s\u0103 urmezi sfaturile noastre pentru alegerea m\u0103rimii potrivite la curea. At\u00e2t din punct de vedere estetic, c\u00e2t \u0219i din punct de vedere medical este important ca&nbsp;<a href=\"https:\/\/ccc.eu\/ro\/accesorii\/barbati\" target=\"_blank\" rel=\"noreferrer noopener\">accesoriile<\/a>&nbsp;pe care le por\u021bi s\u0103 fie lejere \u0219i s\u0103 lase pielea s\u0103 respire. S-ar putea ca o singur\u0103 curea s\u0103 nu se potriveasc\u0103 tuturor perechilor de pantaloni, a\u0219a c\u0103 \u00ee\u021bi recomand\u0103m s\u0103 achizi\u021bionezi suficiente modele pentru toate nevoile tale.&nbsp;&nbsp;<\/p>\n","protected":false},"excerpt":{"rendered":"<p>Cureaua poate fi un accesoriu indispensabil at\u00e2t pentru femei, c\u00e2t \u0219i pentru b\u0103rba\u021bi. Este important s\u0103 alegi m\u0103rimea potrivit\u0103 pentru c\u0103 \u00een caz contrar pot ap\u0103rea situa\u021bii \u00een care s\u0103 \u00ee\u021bi fie afectat\u0103 starea de s\u0103n\u0103tate. Afl\u0103 din articolul nostru cum s\u0103 evi\u021bi aceste riscuri \u0219i care sunt pa\u0219ii pentru alegerea curelei potrivite. Cum alegi [&hellip;]<\/p>\n","protected":false},"author":16,"featured_media":4835,"comment_status":"open","ping_status":"open","sticky":false,"template":"","format":"standard","meta":{"_acf_changed":false,"footnotes":""},"categories":[4],"tags":[628,583,629,630,576],"class_list":["post-4804","post","type-post","status-publish","format-standard","has-post-thumbnail","hentry","category-sfaturi-de-moda","tag-accesorii-barbati","tag-accesorii-dama","tag-curea","tag-marime-curea","tag-sfaturi-moda"],"acf":[],"yoast_head":"<!-- This site is optimized with the Yoast SEO plugin v26.9 - https:\/\/yoast.com\/product\/yoast-seo-wordpress\/ -->\n<title>Cum alegi m\u0103rimea potrivit\u0103 pentru cureaua ta - CCC Fashion blog<\/title>\n<meta name=\"description\" content=\"Afla cum alegi marimea potrivita pentru cureaua ta si care sunt modurile prin care te asiguri ca ai facut alegerea corecta. Exista si anumite riscuri pentru alegeri inadecvate - descopera cum sa le eviti!\u00a0 2026\" \/>\n<meta name=\"robots\" content=\"index, follow, max-snippet:-1, max-image-preview:large, max-video-preview:-1\" \/>\n<link rel=\"canonical\" href=\"https:\/\/blog.ccc.eu\/ro\/cum-alegi-marimea-potrivita-pentru-cureaua-ta\/\" \/>\n<meta property=\"og:locale\" content=\"ro_RO\" \/>\n<meta property=\"og:type\" content=\"article\" \/>\n<meta property=\"og:title\" content=\"Cum alegi m\u0103rimea potrivit\u0103 pentru cureaua ta - CCC Fashion blog\" \/>\n<meta property=\"og:description\" content=\"Afla cum alegi marimea potrivita pentru cureaua ta si care sunt modurile prin care te asiguri ca ai facut alegerea corecta. Exista si anumite riscuri pentru alegeri inadecvate - descopera cum sa le eviti!\u00a0\" \/>\n<meta property=\"og:url\" content=\"https:\/\/blog.ccc.eu\/ro\/cum-alegi-marimea-potrivita-pentru-cureaua-ta\/\" \/>\n<meta property=\"og:site_name\" content=\"CCC Fashion blog\" \/>\n<meta property=\"article:published_time\" content=\"2021-12-30T14:06:24+00:00\" \/>\n<meta property=\"article:modified_time\" content=\"2022-02-15T10:11:50+00:00\" \/>\n<meta property=\"og:image\" content=\"https:\/\/blog.ccc.eu\/ro\/wp-content\/uploads\/2021\/12\/GR_FW2021_3815-741x1024-1.jpg\" \/>\n\t<meta property=\"og:image:width\" content=\"741\" \/>\n\t<meta property=\"og:image:height\" content=\"1024\" \/>\n\t<meta property=\"og:image:type\" content=\"image\/jpeg\" \/>\n<meta name=\"author\" content=\"Cristina Boncea\" \/>\n<meta name=\"twitter:card\" content=\"summary_large_image\" \/>\n<meta name=\"twitter:label1\" content=\"Scris de\" \/>\n\t<meta name=\"twitter:data1\" content=\"Cristina Boncea\" \/>\n\t<meta name=\"twitter:label2\" content=\"Timp estimat pentru citire\" \/>\n\t<meta name=\"twitter:data2\" content=\"6 minute\" \/>\n<script type=\"application\/ld+json\" class=\"yoast-schema-graph\">{\"@context\":\"https:\/\/schema.org\",\"@graph\":[{\"@type\":\"Article\",\"@id\":\"https:\/\/blog.ccc.eu\/ro\/cum-alegi-marimea-potrivita-pentru-cureaua-ta\/#article\",\"isPartOf\":{\"@id\":\"https:\/\/blog.ccc.eu\/ro\/cum-alegi-marimea-potrivita-pentru-cureaua-ta\/\"},\"author\":{\"name\":\"Cristina Boncea\",\"@id\":\"https:\/\/blog.ccc.eu\/ro\/#\/schema\/person\/9735c04e95c7b574bdea1696e22bfb4a\"},\"headline\":\"Cum alegi m\u0103rimea potrivit\u0103 pentru cureaua ta\",\"datePublished\":\"2021-12-30T14:06:24+00:00\",\"dateModified\":\"2022-02-15T10:11:50+00:00\",\"mainEntityOfPage\":{\"@id\":\"https:\/\/blog.ccc.eu\/ro\/cum-alegi-marimea-potrivita-pentru-cureaua-ta\/\"},\"wordCount\":990,\"commentCount\":0,\"publisher\":{\"@id\":\"https:\/\/blog.ccc.eu\/ro\/#organization\"},\"image\":{\"@id\":\"https:\/\/blog.ccc.eu\/ro\/cum-alegi-marimea-potrivita-pentru-cureaua-ta\/#primaryimage\"},\"thumbnailUrl\":\"https:\/\/blog.ccc.eu\/ro\/wp-content\/uploads\/2021\/12\/GR_FW2021_3815-741x1024-1.jpg\",\"keywords\":[\"accesorii barbati\",\"accesorii dama\",\"curea\",\"marime curea\",\"sfaturi moda\"],\"articleSection\":[\"SFATURI DE MOD\u0102\"],\"inLanguage\":\"ro-RO\",\"potentialAction\":[{\"@type\":\"CommentAction\",\"name\":\"Comment\",\"target\":[\"https:\/\/blog.ccc.eu\/ro\/cum-alegi-marimea-potrivita-pentru-cureaua-ta\/#respond\"]}]},{\"@type\":\"WebPage\",\"@id\":\"https:\/\/blog.ccc.eu\/ro\/cum-alegi-marimea-potrivita-pentru-cureaua-ta\/\",\"url\":\"https:\/\/blog.ccc.eu\/ro\/cum-alegi-marimea-potrivita-pentru-cureaua-ta\/\",\"name\":\"Cum alegi m\u0103rimea potrivit\u0103 pentru cureaua ta - CCC Fashion blog\",\"isPartOf\":{\"@id\":\"https:\/\/blog.ccc.eu\/ro\/#website\"},\"primaryImageOfPage\":{\"@id\":\"https:\/\/blog.ccc.eu\/ro\/cum-alegi-marimea-potrivita-pentru-cureaua-ta\/#primaryimage\"},\"image\":{\"@id\":\"https:\/\/blog.ccc.eu\/ro\/cum-alegi-marimea-potrivita-pentru-cureaua-ta\/#primaryimage\"},\"thumbnailUrl\":\"https:\/\/blog.ccc.eu\/ro\/wp-content\/uploads\/2021\/12\/GR_FW2021_3815-741x1024-1.jpg\",\"datePublished\":\"2021-12-30T14:06:24+00:00\",\"dateModified\":\"2022-02-15T10:11:50+00:00\",\"description\":\"Afla cum alegi marimea potrivita pentru cureaua ta si care sunt modurile prin care te asiguri ca ai facut alegerea corecta. Exista si anumite riscuri pentru alegeri inadecvate - descopera cum sa le eviti!\u00a0\",\"breadcrumb\":{\"@id\":\"https:\/\/blog.ccc.eu\/ro\/cum-alegi-marimea-potrivita-pentru-cureaua-ta\/#breadcrumb\"},\"inLanguage\":\"ro-RO\",\"potentialAction\":[{\"@type\":\"ReadAction\",\"target\":[\"https:\/\/blog.ccc.eu\/ro\/cum-alegi-marimea-potrivita-pentru-cureaua-ta\/\"]}]},{\"@type\":\"ImageObject\",\"inLanguage\":\"ro-RO\",\"@id\":\"https:\/\/blog.ccc.eu\/ro\/cum-alegi-marimea-potrivita-pentru-cureaua-ta\/#primaryimage\",\"url\":\"https:\/\/blog.ccc.eu\/ro\/wp-content\/uploads\/2021\/12\/GR_FW2021_3815-741x1024-1.jpg\",\"contentUrl\":\"https:\/\/blog.ccc.eu\/ro\/wp-content\/uploads\/2021\/12\/GR_FW2021_3815-741x1024-1.jpg\",\"width\":741,\"height\":1024},{\"@type\":\"BreadcrumbList\",\"@id\":\"https:\/\/blog.ccc.eu\/ro\/cum-alegi-marimea-potrivita-pentru-cureaua-ta\/#breadcrumb\",\"itemListElement\":[{\"@type\":\"ListItem\",\"position\":1,\"name\":\"Strona g\u0142\u00f3wna\",\"item\":\"https:\/\/blog.ccc.eu\/ro\/\"},{\"@type\":\"ListItem\",\"position\":2,\"name\":\"Cum alegi m\u0103rimea potrivit\u0103 pentru cureaua ta\"}]},{\"@type\":\"WebSite\",\"@id\":\"https:\/\/blog.ccc.eu\/ro\/#website\",\"url\":\"https:\/\/blog.ccc.eu\/ro\/\",\"name\":\"CCC Fashion blog\",\"description\":\"Locul t\u0103u plin de inspira\u021bii \u00een mod\u0103\",\"publisher\":{\"@id\":\"https:\/\/blog.ccc.eu\/ro\/#organization\"},\"potentialAction\":[{\"@type\":\"SearchAction\",\"target\":{\"@type\":\"EntryPoint\",\"urlTemplate\":\"https:\/\/blog.ccc.eu\/ro\/?s={search_term_string}\"},\"query-input\":{\"@type\":\"PropertyValueSpecification\",\"valueRequired\":true,\"valueName\":\"search_term_string\"}}],\"inLanguage\":\"ro-RO\"},{\"@type\":\"Organization\",\"@id\":\"https:\/\/blog.ccc.eu\/ro\/#organization\",\"name\":\"CCC S.A.\",\"url\":\"https:\/\/blog.ccc.eu\/ro\/\",\"logo\":{\"@type\":\"ImageObject\",\"inLanguage\":\"ro-RO\",\"@id\":\"https:\/\/blog.ccc.eu\/ro\/#\/schema\/logo\/image\/\",\"url\":\"https:\/\/blog.ccc.eu\/ro\/wp-content\/uploads\/2021\/11\/logo_ccc.png\",\"contentUrl\":\"https:\/\/blog.ccc.eu\/ro\/wp-content\/uploads\/2021\/11\/logo_ccc.png\",\"width\":730,\"height\":270,\"caption\":\"CCC S.A.\"},\"image\":{\"@id\":\"https:\/\/blog.ccc.eu\/ro\/#\/schema\/logo\/image\/\"}},{\"@type\":\"Person\",\"@id\":\"https:\/\/blog.ccc.eu\/ro\/#\/schema\/person\/9735c04e95c7b574bdea1696e22bfb4a\",\"name\":\"Cristina Boncea\",\"image\":{\"@type\":\"ImageObject\",\"inLanguage\":\"ro-RO\",\"@id\":\"https:\/\/blog.ccc.eu\/ro\/#\/schema\/person\/image\/\",\"url\":\"https:\/\/blog.ccc.eu\/ro\/wp-content\/uploads\/2022\/01\/Cristina-Boncea-100x100.jpeg\",\"contentUrl\":\"https:\/\/blog.ccc.eu\/ro\/wp-content\/uploads\/2022\/01\/Cristina-Boncea-100x100.jpeg\",\"caption\":\"Cristina Boncea\"},\"url\":\"https:\/\/blog.ccc.eu\/ro\/author\/cristina-boncea\/\"}]}<\/script>\n<!-- \/ Yoast SEO plugin. -->","yoast_head_json":{"title":"Cum alegi m\u0103rimea potrivit\u0103 pentru cureaua ta - CCC Fashion blog","description":"Afla cum alegi marimea potrivita pentru cureaua ta si care sunt modurile prin care te asiguri ca ai facut alegerea corecta. Exista si anumite riscuri pentru alegeri inadecvate - descopera cum sa le eviti!\u00a0 2026","robots":{"index":"index","follow":"follow","max-snippet":"max-snippet:-1","max-image-preview":"max-image-preview:large","max-video-preview":"max-video-preview:-1"},"canonical":"https:\/\/blog.ccc.eu\/ro\/cum-alegi-marimea-potrivita-pentru-cureaua-ta\/","og_locale":"ro_RO","og_type":"article","og_title":"Cum alegi m\u0103rimea potrivit\u0103 pentru cureaua ta - CCC Fashion blog","og_description":"Afla cum alegi marimea potrivita pentru cureaua ta si care sunt modurile prin care te asiguri ca ai facut alegerea corecta. Exista si anumite riscuri pentru alegeri inadecvate - descopera cum sa le eviti!\u00a0","og_url":"https:\/\/blog.ccc.eu\/ro\/cum-alegi-marimea-potrivita-pentru-cureaua-ta\/","og_site_name":"CCC Fashion blog","article_published_time":"2021-12-30T14:06:24+00:00","article_modified_time":"2022-02-15T10:11:50+00:00","og_image":[{"width":741,"height":1024,"url":"https:\/\/blog.ccc.eu\/ro\/wp-content\/uploads\/2021\/12\/GR_FW2021_3815-741x1024-1.jpg","type":"image\/jpeg"}],"author":"Cristina Boncea","twitter_card":"summary_large_image","twitter_misc":{"Scris de":"Cristina Boncea","Timp estimat pentru citire":"6 minute"},"schema":{"@context":"https:\/\/schema.org","@graph":[{"@type":"Article","@id":"https:\/\/blog.ccc.eu\/ro\/cum-alegi-marimea-potrivita-pentru-cureaua-ta\/#article","isPartOf":{"@id":"https:\/\/blog.ccc.eu\/ro\/cum-alegi-marimea-potrivita-pentru-cureaua-ta\/"},"author":{"name":"Cristina Boncea","@id":"https:\/\/blog.ccc.eu\/ro\/#\/schema\/person\/9735c04e95c7b574bdea1696e22bfb4a"},"headline":"Cum alegi m\u0103rimea potrivit\u0103 pentru cureaua ta","datePublished":"2021-12-30T14:06:24+00:00","dateModified":"2022-02-15T10:11:50+00:00","mainEntityOfPage":{"@id":"https:\/\/blog.ccc.eu\/ro\/cum-alegi-marimea-potrivita-pentru-cureaua-ta\/"},"wordCount":990,"commentCount":0,"publisher":{"@id":"https:\/\/blog.ccc.eu\/ro\/#organization"},"image":{"@id":"https:\/\/blog.ccc.eu\/ro\/cum-alegi-marimea-potrivita-pentru-cureaua-ta\/#primaryimage"},"thumbnailUrl":"https:\/\/blog.ccc.eu\/ro\/wp-content\/uploads\/2021\/12\/GR_FW2021_3815-741x1024-1.jpg","keywords":["accesorii barbati","accesorii dama","curea","marime curea","sfaturi moda"],"articleSection":["SFATURI DE MOD\u0102"],"inLanguage":"ro-RO","potentialAction":[{"@type":"CommentAction","name":"Comment","target":["https:\/\/blog.ccc.eu\/ro\/cum-alegi-marimea-potrivita-pentru-cureaua-ta\/#respond"]}]},{"@type":"WebPage","@id":"https:\/\/blog.ccc.eu\/ro\/cum-alegi-marimea-potrivita-pentru-cureaua-ta\/","url":"https:\/\/blog.ccc.eu\/ro\/cum-alegi-marimea-potrivita-pentru-cureaua-ta\/","name":"Cum alegi m\u0103rimea potrivit\u0103 pentru cureaua ta - CCC Fashion blog","isPartOf":{"@id":"https:\/\/blog.ccc.eu\/ro\/#website"},"primaryImageOfPage":{"@id":"https:\/\/blog.ccc.eu\/ro\/cum-alegi-marimea-potrivita-pentru-cureaua-ta\/#primaryimage"},"image":{"@id":"https:\/\/blog.ccc.eu\/ro\/cum-alegi-marimea-potrivita-pentru-cureaua-ta\/#primaryimage"},"thumbnailUrl":"https:\/\/blog.ccc.eu\/ro\/wp-content\/uploads\/2021\/12\/GR_FW2021_3815-741x1024-1.jpg","datePublished":"2021-12-30T14:06:24+00:00","dateModified":"2022-02-15T10:11:50+00:00","description":"Afla cum alegi marimea potrivita pentru cureaua ta si care sunt modurile prin care te asiguri ca ai facut alegerea corecta. Exista si anumite riscuri pentru alegeri inadecvate - descopera cum sa le eviti!\u00a0","breadcrumb":{"@id":"https:\/\/blog.ccc.eu\/ro\/cum-alegi-marimea-potrivita-pentru-cureaua-ta\/#breadcrumb"},"inLanguage":"ro-RO","potentialAction":[{"@type":"ReadAction","target":["https:\/\/blog.ccc.eu\/ro\/cum-alegi-marimea-potrivita-pentru-cureaua-ta\/"]}]},{"@type":"ImageObject","inLanguage":"ro-RO","@id":"https:\/\/blog.ccc.eu\/ro\/cum-alegi-marimea-potrivita-pentru-cureaua-ta\/#primaryimage","url":"https:\/\/blog.ccc.eu\/ro\/wp-content\/uploads\/2021\/12\/GR_FW2021_3815-741x1024-1.jpg","contentUrl":"https:\/\/blog.ccc.eu\/ro\/wp-content\/uploads\/2021\/12\/GR_FW2021_3815-741x1024-1.jpg","width":741,"height":1024},{"@type":"BreadcrumbList","@id":"https:\/\/blog.ccc.eu\/ro\/cum-alegi-marimea-potrivita-pentru-cureaua-ta\/#breadcrumb","itemListElement":[{"@type":"ListItem","position":1,"name":"Strona g\u0142\u00f3wna","item":"https:\/\/blog.ccc.eu\/ro\/"},{"@type":"ListItem","position":2,"name":"Cum alegi m\u0103rimea potrivit\u0103 pentru cureaua ta"}]},{"@type":"WebSite","@id":"https:\/\/blog.ccc.eu\/ro\/#website","url":"https:\/\/blog.ccc.eu\/ro\/","name":"CCC Fashion blog","description":"Locul t\u0103u plin de inspira\u021bii \u00een mod\u0103","publisher":{"@id":"https:\/\/blog.ccc.eu\/ro\/#organization"},"potentialAction":[{"@type":"SearchAction","target":{"@type":"EntryPoint","urlTemplate":"https:\/\/blog.ccc.eu\/ro\/?s={search_term_string}"},"query-input":{"@type":"PropertyValueSpecification","valueRequired":true,"valueName":"search_term_string"}}],"inLanguage":"ro-RO"},{"@type":"Organization","@id":"https:\/\/blog.ccc.eu\/ro\/#organization","name":"CCC S.A.","url":"https:\/\/blog.ccc.eu\/ro\/","logo":{"@type":"ImageObject","inLanguage":"ro-RO","@id":"https:\/\/blog.ccc.eu\/ro\/#\/schema\/logo\/image\/","url":"https:\/\/blog.ccc.eu\/ro\/wp-content\/uploads\/2021\/11\/logo_ccc.png","contentUrl":"https:\/\/blog.ccc.eu\/ro\/wp-content\/uploads\/2021\/11\/logo_ccc.png","width":730,"height":270,"caption":"CCC S.A."},"image":{"@id":"https:\/\/blog.ccc.eu\/ro\/#\/schema\/logo\/image\/"}},{"@type":"Person","@id":"https:\/\/blog.ccc.eu\/ro\/#\/schema\/person\/9735c04e95c7b574bdea1696e22bfb4a","name":"Cristina Boncea","image":{"@type":"ImageObject","inLanguage":"ro-RO","@id":"https:\/\/blog.ccc.eu\/ro\/#\/schema\/person\/image\/","url":"https:\/\/blog.ccc.eu\/ro\/wp-content\/uploads\/2022\/01\/Cristina-Boncea-100x100.jpeg","contentUrl":"https:\/\/blog.ccc.eu\/ro\/wp-content\/uploads\/2022\/01\/Cristina-Boncea-100x100.jpeg","caption":"Cristina Boncea"},"url":"https:\/\/blog.ccc.eu\/ro\/author\/cristina-boncea\/"}]}},"_links":{"self":[{"href":"https:\/\/blog.ccc.eu\/ro\/wp-json\/wp\/v2\/posts\/4804","targetHints":{"allow":["GET"]}}],"collection":[{"href":"https:\/\/blog.ccc.eu\/ro\/wp-json\/wp\/v2\/posts"}],"about":[{"href":"https:\/\/blog.ccc.eu\/ro\/wp-json\/wp\/v2\/types\/post"}],"author":[{"embeddable":true,"href":"https:\/\/blog.ccc.eu\/ro\/wp-json\/wp\/v2\/users\/16"}],"replies":[{"embeddable":true,"href":"https:\/\/blog.ccc.eu\/ro\/wp-json\/wp\/v2\/comments?post=4804"}],"version-history":[{"count":5,"href":"https:\/\/blog.ccc.eu\/ro\/wp-json\/wp\/v2\/posts\/4804\/revisions"}],"predecessor-version":[{"id":5065,"href":"https:\/\/blog.ccc.eu\/ro\/wp-json\/wp\/v2\/posts\/4804\/revisions\/5065"}],"wp:featuredmedia":[{"embeddable":true,"href":"https:\/\/blog.ccc.eu\/ro\/wp-json\/wp\/v2\/media\/4835"}],"wp:attachment":[{"href":"https:\/\/blog.ccc.eu\/ro\/wp-json\/wp\/v2\/media?parent=4804"}],"wp:term":[{"taxonomy":"category","embeddable":true,"href":"https:\/\/blog.ccc.eu\/ro\/wp-json\/wp\/v2\/categories?post=4804"},{"taxonomy":"post_tag","embeddable":true,"href":"https:\/\/blog.ccc.eu\/ro\/wp-json\/wp\/v2\/tags?post=4804"}],"curies":[{"name":"wp","href":"https:\/\/api.w.org\/{rel}","templated":true}]}}