{"id":5057,"date":"2022-02-15T11:10:49","date_gmt":"2022-02-15T10:10:49","guid":{"rendered":"https:\/\/blog.ccc.eu\/ro\/?p=5057"},"modified":"2022-11-24T16:27:41","modified_gmt":"2022-11-24T15:27:41","slug":"care-sunt-culorile-la-moda-in-vestimentatie-pentru-anul-2022","status":"publish","type":"post","link":"https:\/\/blog.ccc.eu\/ro\/care-sunt-culorile-la-moda-in-vestimentatie-pentru-anul-2022\/","title":{"rendered":"Care sunt culorile la mod\u0103 \u00een vestimenta\u021bie pentru anul 2022\u00a0"},"content":{"rendered":"\n<p><b>Dac\u0103 voiai de ceva timp s\u0103 \u00ee\u021bi re\u00eennoie\u0219ti garderoba, acum este momentul ideal s\u0103 o faci! Alege piese vestimentare \u00een cele mai \u00een vog\u0103 culori ale anului 2022 \u0219i vei vedea cum \u0219ifonierul t\u0103u va prinde via\u021b\u0103 \u0219i anvergur\u0103. Cite\u0219te \u00een continuare articolul nostru pentru a afla care sunt culorile la mod\u0103 de anul acesta \u0219i ce nu trebuie s\u0103 lipseasc\u0103 din \u021binutele tale.&nbsp;&nbsp;<\/b><\/p>\n\n\n\n<h2 class=\"wp-block-heading\" id=\"ce-culori-se-poarta-in-anul-2022\"><strong>Ce culori se poart\u0103 \u00een anul 2022?&nbsp;<\/strong><\/h2>\n\n\n\n<p>Probabil ai aflat deja care este <a href=\"https:\/\/blog.ccc.eu\/ro\/culoarea-anului-2022-de-la-institutul-pantone\/\" target=\"_blank\" rel=\"noreferrer noopener\">culoarea anului 2022 de la Institutul Pantone<\/a>, \u00eens\u0103 nu este singura care va face ravagii \u00een aceast\u0103 perioad\u0103. Pe l\u00e2ng\u0103 nuan\u021ba <em>Very Peri<\/em>, mai exist\u0103 \u00eenc\u0103 vreo c\u00e2teva care \u00ee\u021bi vor \u00eenveseli garderoba \u0219i te vor propulsa printre cele mai trendy fashioniste din \u021bara noastr\u0103. Iat\u0103 care sunt acestea:&nbsp;<\/p>\n\n\n\n<ol class=\"wp-block-list\">\n<li><strong>Galben vibrant<\/strong>&nbsp;<\/li>\n<\/ol>\n\n\n\n<ol class=\"wp-block-list\" start=\"2\">\n<li><strong>Verde lime<\/strong>&nbsp;<\/li>\n<\/ol>\n\n\n\n<ol class=\"wp-block-list\" start=\"3\">\n<li><strong>Portocaliu str\u0103lucitor<\/strong>&nbsp;<\/li>\n<\/ol>\n\n\n\n<ol class=\"wp-block-list\" start=\"4\">\n<li><strong>Mov energizant<\/strong>&nbsp;<\/li>\n<\/ol>\n\n\n\n<ol class=\"wp-block-list\" start=\"5\">\n<li><strong>Culoarea untului<\/strong>&nbsp;<\/li>\n<\/ol>\n\n\n\n<ol class=\"wp-block-list\" start=\"6\">\n<li><strong>Verde smarald&nbsp;<\/strong>&nbsp;<\/li>\n<\/ol>\n\n\n\n<p>\u00cen cele ce urmeaz\u0103 \u00ee\u021bi vom povesti pe r\u00e2nd despre fiecare \u0219i \u00ee\u021bi vom oferi recomand\u0103ri de piese vestimentare \u0219i accesorii care s\u0103 se potriveasc\u0103 tonului setat de Institutul Pantone pentru anul acesta \u00een ceea ce prive\u0219te cromatica vestimentar\u0103.&nbsp;&nbsp;<\/p>\n\n\n\n<figure class=\"wp-block-gallery has-nested-images columns-default is-cropped wp-block-gallery-1 is-layout-flex wp-block-gallery-is-layout-flex\">\n<figure class=\"wp-block-image size-large\"><img loading=\"lazy\" decoding=\"async\" width=\"1920\" height=\"2560\" data-id=\"5062\" src=\"https:\/\/blog.ccc.eu\/ro\/wp-content\/uploads\/2022\/02\/02072021_ZUZA_QUAZI_0516_F-scaled.jpg\" alt=\"\" class=\"wp-image-5062\" srcset=\"https:\/\/blog.ccc.eu\/ro\/wp-content\/uploads\/2022\/02\/02072021_ZUZA_QUAZI_0516_F-scaled.jpg 1920w, https:\/\/blog.ccc.eu\/ro\/wp-content\/uploads\/2022\/02\/02072021_ZUZA_QUAZI_0516_F-225x300.jpg 225w, https:\/\/blog.ccc.eu\/ro\/wp-content\/uploads\/2022\/02\/02072021_ZUZA_QUAZI_0516_F-768x1024.jpg 768w, https:\/\/blog.ccc.eu\/ro\/wp-content\/uploads\/2022\/02\/02072021_ZUZA_QUAZI_0516_F-1152x1536.jpg 1152w, https:\/\/blog.ccc.eu\/ro\/wp-content\/uploads\/2022\/02\/02072021_ZUZA_QUAZI_0516_F-1536x2048.jpg 1536w, https:\/\/blog.ccc.eu\/ro\/wp-content\/uploads\/2022\/02\/02072021_ZUZA_QUAZI_0516_F-100x133.jpg 100w\" sizes=\"auto, (max-width: 1920px) 100vw, 1920px\" \/><\/figure>\n\n\n\n<figure class=\"wp-block-image size-large\"><img loading=\"lazy\" decoding=\"async\" width=\"1920\" height=\"2560\" data-id=\"5063\" src=\"https:\/\/blog.ccc.eu\/ro\/wp-content\/uploads\/2022\/02\/02072021_ZUZA_QUAZI_0780_F-scaled.jpg\" alt=\"\" class=\"wp-image-5063\" srcset=\"https:\/\/blog.ccc.eu\/ro\/wp-content\/uploads\/2022\/02\/02072021_ZUZA_QUAZI_0780_F-scaled.jpg 1920w, https:\/\/blog.ccc.eu\/ro\/wp-content\/uploads\/2022\/02\/02072021_ZUZA_QUAZI_0780_F-225x300.jpg 225w, https:\/\/blog.ccc.eu\/ro\/wp-content\/uploads\/2022\/02\/02072021_ZUZA_QUAZI_0780_F-768x1024.jpg 768w, https:\/\/blog.ccc.eu\/ro\/wp-content\/uploads\/2022\/02\/02072021_ZUZA_QUAZI_0780_F-1152x1536.jpg 1152w, https:\/\/blog.ccc.eu\/ro\/wp-content\/uploads\/2022\/02\/02072021_ZUZA_QUAZI_0780_F-1536x2048.jpg 1536w, https:\/\/blog.ccc.eu\/ro\/wp-content\/uploads\/2022\/02\/02072021_ZUZA_QUAZI_0780_F-100x133.jpg 100w\" sizes=\"auto, (max-width: 1920px) 100vw, 1920px\" \/><\/figure>\n<\/figure>\n\n\n\n<h2 class=\"wp-block-heading\" id=\"1-galben-vibrant\">1. Galben Vibrant&nbsp;<\/h2>\n\n\n\n\n\n\n<p>G\u00e2nde\u0219te-te la cea mai aprins\u0103 nuan\u021b\u0103 de galben pe care \u021bi-o po\u021bi imagina, iar dup\u0103 aceea adaug\u0103 pu\u021bin neon \u00een ecua\u021bie. La aceast\u0103 culoare ne referim c\u00e2nd spunem \u201cgalben vibrant\u201d sau \u201cradiant yellow\u201d. Anul 2022 este unul foarte solar, iar culorile pe care \u021bi le propunem pentru \u021binutele tale sunt menite s\u0103 \u00ee\u021bi aduc\u0103 z\u00e2mbetul pe buze \u0219i s\u0103 te men\u021bin\u0103 optimist\u0103.&nbsp;&nbsp;<\/p>\n\n\n\n<p>Alege <a href=\"https:\/\/ccc.eu\/ro\/femei\/pantofi\" target=\"_blank\" rel=\"noreferrer noopener\">\u00eenc\u0103l\u021b\u0103minte<\/a> \u00een aceast\u0103 nuan\u021b\u0103 pentru a radia \u00een \u021binutele tale de var\u0103 \u0219i <a href=\"https:\/\/blog.ccc.eu\/ro\/cele-mai-feminine-tinute-de-primavara\/\" target=\"_blank\" rel=\"noreferrer noopener\">prim\u0103var\u0103<\/a>, c\u00e2t \u0219i accesorii pe m\u0103sur\u0103, care s\u0103 te scoat\u0103 din anonimat. Chiar \u0219i un elastic de p\u0103r poate face diferen\u021ba \u00eentr-un outfit, a\u0219a c\u0103 nu ezita s\u0103 achizi\u021bionezi c\u00e2t mai multe elemente care s\u0103 emane c\u0103ldura solar\u0103 a acestei culori.&nbsp;&nbsp;<\/p>\n\n\n\n<h2 class=\"wp-block-heading\" id=\"2-verde-lime\">2. Verde lime&nbsp;<\/h2>\n\n\n\n<p>O alt\u0103 culoare vibrant\u0103 \u0219i plin\u0103 de energie pe care \u00ee\u021bi recomand\u0103m s\u0103 o por\u021bi c\u00e2t mai des \u00een anul 2022 este verdele aprins, precum cel al fructului numit lime. Aceast\u0103 nuan\u021b\u0103 este at\u00e2t de puternic\u0103 \u0219i fermec\u0103toare \u00eenc\u00e2t nu mai este nevoie s\u0103 fie combinat\u0103 cu altele pentru a putea ie\u0219i \u00een eviden\u021b\u0103.&nbsp;<\/p>\n\n\n\n<p>Recomandarea noastr\u0103 este s\u0103 te opre\u0219ti la un singur obiect vestimentar sau accesoriu de baz\u0103 \u00een aceast\u0103 nuan\u021b\u0103 \u0219i s\u0103-l la\u0219i s\u0103-\u0219i fac\u0103 treaba. Cu siguran\u021b\u0103 vei primi priviri admirative de la cei din jur, iar tu te vei sim\u021bi ca un magnet pentru energie pozitiv\u0103.&nbsp;&nbsp;<\/p>\n\n\n\n<h2 class=\"wp-block-heading\" id=\"3-portocaliu-stralucitor\">3. Portocaliu str\u0103lucitor&nbsp;<\/h2>\n\n\n\n<p>\u00cen englez\u0103 i se spune \u201chot orange\u201d \u0219i este exact ce ai nevoie pentru a-\u021bi reface energia dup\u0103 o zi obositoare. Imagineaz\u0103-\u021bi urm\u0103torul scenariu: pleci la munc\u0103 diminea\u021ba \u0219i te \u00eentorci obosit\u0103 dup\u0103-amiaza. Urmeaz\u0103 \u00eens\u0103 s\u0103 te \u00eent\u00e2lne\u0219ti cu prietenii t\u0103i \u00een ora\u0219, pe care nu i-ai mai v\u0103zut de mult. \u00ce\u021bi dai un refresh, iar aceast\u0103 nuan\u021b\u0103 \u00ee\u021bi readuce culoarea \u00een obraji!&nbsp;<\/p>\n\n\n\n<p>Un astfel de efect \u00eel poate produce purtarea <a href=\"https:\/\/ccc.eu\/ro\/haine\/femei\" target=\"_blank\" rel=\"noreferrer noopener\">hainelor<\/a> \u0219i <a href=\"https:\/\/ccc.eu\/ro\/accesorii\/femei\" target=\"_blank\" rel=\"noreferrer noopener\">accesoriilor<\/a> \u00eentr-o nuan\u021b\u0103 de portocaliu aprins, care se va bucura de admira\u021bia tuturor celor din jur. Nu ezita s\u0103 achizi\u021bionezi piese vestimentare de efect care s\u0103 garanteze o stare de bine de la prima purtare.&nbsp;<\/p>\n\n\n\n<h2 class=\"wp-block-heading\" id=\"4-mov-energizant\">4. Mov energizant&nbsp;<\/h2>\n\n\n\n<p>G\u00e2nde\u0219te-te la culoarea petalelor de orhidee: un mov intens \u0219i energizant, capabil s\u0103 \u00eenmagazineze energie solar\u0103 \u0219i s\u0103 emane lumin\u0103 \u00een orice anotimp. Este culoarea de care nu \u0219tiam c\u0103 avem nevoie \u00een <a href=\"https:\/\/blog.ccc.eu\/ro\/garderoba-capsula-o-solutie-pentru-orice-buget\/\" target=\"_blank\" rel=\"noreferrer noopener\">garderoba<\/a> noastr\u0103 \u0219i cea care ne ofer\u0103 speran\u021ba unui viitor mai bun. Acest mov regal \u0219i lini\u0219titor pe de-o parte, dar extravagant pe alta, poate de unul singur s\u0103 te transforme \u00een regina balului.&nbsp;&nbsp;<\/p>\n\n\n\n<h2 class=\"wp-block-heading\" id=\"5-culoarea-untului\">5. Culoarea untului&nbsp;<\/h2>\n\n\n\n<p>Ai observat vreodat\u0103 c\u00e2t de armonios de \u00eentinde untul peste floricelele tale de porumb atunci c\u00e2nd sunt gata? Exact la acea culoare s-au g\u00e2ndit \u0219i cei de la Institut atunci c\u00e2nd au declarat aceast\u0103 nuan\u021b\u0103 una dintre favoritele anului 2022. Este vorba despre nuan\u021ba intermediar\u0103 de crem-g\u0103lbui pe care o po\u021bi include cu u\u0219urin\u021b\u0103 \u00een aproape orice \u021binut\u0103 \u0219i care \u00ee\u021bi va oferi o elegan\u021b\u0103 incredibil\u0103.&nbsp;&nbsp;<\/p>\n\n\n\n<p>\u00cen special c\u00e2nd vine vorba de <a href=\"https:\/\/ccc.eu\/ro\/haine\/femei\/lenjerie-de-corp\" target=\"_blank\" rel=\"noreferrer noopener\">lenjerie de corp pentru femei<\/a>, nu ezita s\u0103 cumperi c\u00e2t mai multe astfel de piese deoarece trendul nu va disp\u0103rea cur\u00e2nd.&nbsp;&nbsp;&nbsp;<\/p>\n\n\n\n<h2 class=\"wp-block-heading\" id=\"6-verde-smarald\">6. Verde smarald&nbsp;<\/h2>\n\n\n\n\n\n\n<p>Verdele smarald ne insufl\u0103 m\u0103re\u021bie, putere de regenerare \u0219i, nu \u00een ultimul r\u00e2nd, rafinament. Nu degeaba se enumer\u0103 printre cele mai la mod\u0103 culori ale anului \u00een curs. Cu to\u021bii avem nevoie s\u0103 ne reamintim de propriile noastre for\u021be \u0219i resurse interioare \u0219i ce mod mai bun de-a face asta exist\u0103 dec\u00e2t s\u0103 ne exprim\u0103m tr\u0103irile prin intermediul \u021binutelor?&nbsp;&nbsp;<\/p>\n\n\n\n<p>Dac\u0103 ai ochii verzi, e\u0219ti deja o norocoas\u0103. Piesele vestimentare \u0219i accesoriile \u00een aceast\u0103 nuan\u021b\u0103 \u00ee\u021bi vor pune \u00een eviden\u021b\u0103 frumuse\u021bea natural\u0103 \u0219i vei deveni personajul principal la orice petrecere unde vei fi invitat\u0103. Ochii c\u0103prui sunt \u0219i ei avantaja\u021bi de aceast\u0103 alegere, iar partea misterioas\u0103 care se ascunde \u00een spatele oceanului de miere din privirea voastr\u0103 va fi adus\u0103 la suprafa\u021b\u0103.&nbsp;&nbsp;<\/p>\n\n\n\n<p>\u00cen orice caz, verdele smarald este \u0219i va r\u0103m\u00e2ne mult\u0103 vreme \u00een trend, a\u0219a c\u0103 gr\u0103be\u0219te-te \u0219i umple-\u021bi garderoba de veselie \u0219i energie regeneratoare!&nbsp;&nbsp;<\/p>\n\n\n\n<p>Urmeaz\u0103 sfaturile noastre \u0219i vei observa cum moda \u00ee\u021bi poate schimba starea de spirit din via\u021ba de zi cu zi. Culorile au propriile lor puteri care ne pot schimba tonusul \u0219i \u00eembun\u0103t\u0103\u021bi perspectiva asupra vie\u021bii.&nbsp;&nbsp;<\/p>\n","protected":false},"excerpt":{"rendered":"<p>Dac\u0103 voiai de ceva timp s\u0103 \u00ee\u021bi re\u00eennoie\u0219ti garderoba, acum este momentul ideal s\u0103 o faci! Alege piese vestimentare \u00een cele mai \u00een vog\u0103 culori ale anului 2022 \u0219i vei vedea cum \u0219ifonierul t\u0103u va prinde via\u021b\u0103 \u0219i anvergur\u0103. Cite\u0219te \u00een continuare articolul nostru pentru a afla care sunt culorile la mod\u0103 de anul acesta [&hellip;]<\/p>\n","protected":false},"author":16,"featured_media":5063,"comment_status":"open","ping_status":"open","sticky":false,"template":"","format":"standard","meta":{"_acf_changed":false,"footnotes":""},"categories":[6],"tags":[709,706,708,707,704,705],"class_list":["post-5057","post","type-post","status-publish","format-standard","has-post-thumbnail","hentry","category-tendinte","tag-culorilamoda","tag-culorivestimentare","tag-hainelamoda","tag-moda2022","tag-modapentrufemei","tag-sfaturimoda"],"acf":[],"yoast_head":"<!-- This site is optimized with the Yoast SEO plugin v26.9 - https:\/\/yoast.com\/product\/yoast-seo-wordpress\/ -->\n<title>Care sunt culorile la mod\u0103 \u00een vestimenta\u021bie pentru anul 2022\u00a0 - CCC Fashion blog<\/title>\n<meta name=\"description\" content=\"Afla care sunt culorile la moda in anul 2022 si cum le poti integra cel mai bine in tinutele tale. 2026\" \/>\n<meta name=\"robots\" content=\"index, follow, max-snippet:-1, max-image-preview:large, max-video-preview:-1\" \/>\n<link rel=\"canonical\" href=\"https:\/\/blog.ccc.eu\/ro\/care-sunt-culorile-la-moda-in-vestimentatie-pentru-anul-2022\/\" \/>\n<meta property=\"og:locale\" content=\"ro_RO\" \/>\n<meta property=\"og:type\" content=\"article\" \/>\n<meta property=\"og:title\" content=\"Care sunt culorile la mod\u0103 \u00een vestimenta\u021bie pentru anul 2022\u00a0 - CCC Fashion blog\" \/>\n<meta property=\"og:description\" content=\"Afla care sunt culorile la moda in anul 2022 si cum le poti integra cel mai bine in tinutele tale.\" \/>\n<meta property=\"og:url\" content=\"https:\/\/blog.ccc.eu\/ro\/care-sunt-culorile-la-moda-in-vestimentatie-pentru-anul-2022\/\" \/>\n<meta property=\"og:site_name\" content=\"CCC Fashion blog\" \/>\n<meta property=\"article:published_time\" content=\"2022-02-15T10:10:49+00:00\" \/>\n<meta property=\"article:modified_time\" content=\"2022-11-24T15:27:41+00:00\" \/>\n<meta property=\"og:image\" content=\"https:\/\/blog.ccc.eu\/ro\/wp-content\/uploads\/2022\/02\/02072021_ZUZA_QUAZI_0780_F-scaled.jpg\" \/>\n\t<meta property=\"og:image:width\" content=\"1920\" \/>\n\t<meta property=\"og:image:height\" content=\"2560\" \/>\n\t<meta property=\"og:image:type\" content=\"image\/jpeg\" \/>\n<meta name=\"author\" content=\"Cristina Boncea\" \/>\n<meta name=\"twitter:card\" content=\"summary_large_image\" \/>\n<meta name=\"twitter:label1\" content=\"Scris de\" \/>\n\t<meta name=\"twitter:data1\" content=\"Cristina Boncea\" \/>\n\t<meta name=\"twitter:label2\" content=\"Timp estimat pentru citire\" \/>\n\t<meta name=\"twitter:data2\" content=\"6 minute\" \/>\n<script type=\"application\/ld+json\" class=\"yoast-schema-graph\">{\"@context\":\"https:\/\/schema.org\",\"@graph\":[{\"@type\":\"Article\",\"@id\":\"https:\/\/blog.ccc.eu\/ro\/care-sunt-culorile-la-moda-in-vestimentatie-pentru-anul-2022\/#article\",\"isPartOf\":{\"@id\":\"https:\/\/blog.ccc.eu\/ro\/care-sunt-culorile-la-moda-in-vestimentatie-pentru-anul-2022\/\"},\"author\":{\"name\":\"Cristina Boncea\",\"@id\":\"https:\/\/blog.ccc.eu\/ro\/#\/schema\/person\/9735c04e95c7b574bdea1696e22bfb4a\"},\"headline\":\"Care sunt culorile la mod\u0103 \u00een vestimenta\u021bie pentru anul 2022\u00a0\",\"datePublished\":\"2022-02-15T10:10:49+00:00\",\"dateModified\":\"2022-11-24T15:27:41+00:00\",\"mainEntityOfPage\":{\"@id\":\"https:\/\/blog.ccc.eu\/ro\/care-sunt-culorile-la-moda-in-vestimentatie-pentru-anul-2022\/\"},\"wordCount\":1029,\"commentCount\":0,\"publisher\":{\"@id\":\"https:\/\/blog.ccc.eu\/ro\/#organization\"},\"image\":{\"@id\":\"https:\/\/blog.ccc.eu\/ro\/care-sunt-culorile-la-moda-in-vestimentatie-pentru-anul-2022\/#primaryimage\"},\"thumbnailUrl\":\"https:\/\/blog.ccc.eu\/ro\/wp-content\/uploads\/2022\/02\/02072021_ZUZA_QUAZI_0780_F-scaled.jpg\",\"keywords\":[\"culorilamoda\",\"culorivestimentare\",\"hainelamoda\",\"moda2022\",\"modapentrufemei\",\"sfaturimoda\"],\"articleSection\":[\"TENDIN\u021aE\"],\"inLanguage\":\"ro-RO\",\"potentialAction\":[{\"@type\":\"CommentAction\",\"name\":\"Comment\",\"target\":[\"https:\/\/blog.ccc.eu\/ro\/care-sunt-culorile-la-moda-in-vestimentatie-pentru-anul-2022\/#respond\"]}]},{\"@type\":\"WebPage\",\"@id\":\"https:\/\/blog.ccc.eu\/ro\/care-sunt-culorile-la-moda-in-vestimentatie-pentru-anul-2022\/\",\"url\":\"https:\/\/blog.ccc.eu\/ro\/care-sunt-culorile-la-moda-in-vestimentatie-pentru-anul-2022\/\",\"name\":\"Care sunt culorile la mod\u0103 \u00een vestimenta\u021bie pentru anul 2022\u00a0 - CCC Fashion blog\",\"isPartOf\":{\"@id\":\"https:\/\/blog.ccc.eu\/ro\/#website\"},\"primaryImageOfPage\":{\"@id\":\"https:\/\/blog.ccc.eu\/ro\/care-sunt-culorile-la-moda-in-vestimentatie-pentru-anul-2022\/#primaryimage\"},\"image\":{\"@id\":\"https:\/\/blog.ccc.eu\/ro\/care-sunt-culorile-la-moda-in-vestimentatie-pentru-anul-2022\/#primaryimage\"},\"thumbnailUrl\":\"https:\/\/blog.ccc.eu\/ro\/wp-content\/uploads\/2022\/02\/02072021_ZUZA_QUAZI_0780_F-scaled.jpg\",\"datePublished\":\"2022-02-15T10:10:49+00:00\",\"dateModified\":\"2022-11-24T15:27:41+00:00\",\"description\":\"Afla care sunt culorile la moda in anul 2022 si cum le poti integra cel mai bine in tinutele tale.\",\"breadcrumb\":{\"@id\":\"https:\/\/blog.ccc.eu\/ro\/care-sunt-culorile-la-moda-in-vestimentatie-pentru-anul-2022\/#breadcrumb\"},\"inLanguage\":\"ro-RO\",\"potentialAction\":[{\"@type\":\"ReadAction\",\"target\":[\"https:\/\/blog.ccc.eu\/ro\/care-sunt-culorile-la-moda-in-vestimentatie-pentru-anul-2022\/\"]}]},{\"@type\":\"ImageObject\",\"inLanguage\":\"ro-RO\",\"@id\":\"https:\/\/blog.ccc.eu\/ro\/care-sunt-culorile-la-moda-in-vestimentatie-pentru-anul-2022\/#primaryimage\",\"url\":\"https:\/\/blog.ccc.eu\/ro\/wp-content\/uploads\/2022\/02\/02072021_ZUZA_QUAZI_0780_F-scaled.jpg\",\"contentUrl\":\"https:\/\/blog.ccc.eu\/ro\/wp-content\/uploads\/2022\/02\/02072021_ZUZA_QUAZI_0780_F-scaled.jpg\",\"width\":1920,\"height\":2560},{\"@type\":\"BreadcrumbList\",\"@id\":\"https:\/\/blog.ccc.eu\/ro\/care-sunt-culorile-la-moda-in-vestimentatie-pentru-anul-2022\/#breadcrumb\",\"itemListElement\":[{\"@type\":\"ListItem\",\"position\":1,\"name\":\"Strona g\u0142\u00f3wna\",\"item\":\"https:\/\/blog.ccc.eu\/ro\/\"},{\"@type\":\"ListItem\",\"position\":2,\"name\":\"Care sunt culorile la mod\u0103 \u00een vestimenta\u021bie pentru anul 2022\u00a0\"}]},{\"@type\":\"WebSite\",\"@id\":\"https:\/\/blog.ccc.eu\/ro\/#website\",\"url\":\"https:\/\/blog.ccc.eu\/ro\/\",\"name\":\"CCC Fashion blog\",\"description\":\"Locul t\u0103u plin de inspira\u021bii \u00een mod\u0103\",\"publisher\":{\"@id\":\"https:\/\/blog.ccc.eu\/ro\/#organization\"},\"potentialAction\":[{\"@type\":\"SearchAction\",\"target\":{\"@type\":\"EntryPoint\",\"urlTemplate\":\"https:\/\/blog.ccc.eu\/ro\/?s={search_term_string}\"},\"query-input\":{\"@type\":\"PropertyValueSpecification\",\"valueRequired\":true,\"valueName\":\"search_term_string\"}}],\"inLanguage\":\"ro-RO\"},{\"@type\":\"Organization\",\"@id\":\"https:\/\/blog.ccc.eu\/ro\/#organization\",\"name\":\"CCC S.A.\",\"url\":\"https:\/\/blog.ccc.eu\/ro\/\",\"logo\":{\"@type\":\"ImageObject\",\"inLanguage\":\"ro-RO\",\"@id\":\"https:\/\/blog.ccc.eu\/ro\/#\/schema\/logo\/image\/\",\"url\":\"https:\/\/blog.ccc.eu\/ro\/wp-content\/uploads\/2021\/11\/logo_ccc.png\",\"contentUrl\":\"https:\/\/blog.ccc.eu\/ro\/wp-content\/uploads\/2021\/11\/logo_ccc.png\",\"width\":730,\"height\":270,\"caption\":\"CCC S.A.\"},\"image\":{\"@id\":\"https:\/\/blog.ccc.eu\/ro\/#\/schema\/logo\/image\/\"}},{\"@type\":\"Person\",\"@id\":\"https:\/\/blog.ccc.eu\/ro\/#\/schema\/person\/9735c04e95c7b574bdea1696e22bfb4a\",\"name\":\"Cristina Boncea\",\"image\":{\"@type\":\"ImageObject\",\"inLanguage\":\"ro-RO\",\"@id\":\"https:\/\/blog.ccc.eu\/ro\/#\/schema\/person\/image\/\",\"url\":\"https:\/\/blog.ccc.eu\/ro\/wp-content\/uploads\/2022\/01\/Cristina-Boncea-100x100.jpeg\",\"contentUrl\":\"https:\/\/blog.ccc.eu\/ro\/wp-content\/uploads\/2022\/01\/Cristina-Boncea-100x100.jpeg\",\"caption\":\"Cristina Boncea\"},\"url\":\"https:\/\/blog.ccc.eu\/ro\/author\/cristina-boncea\/\"}]}<\/script>\n<!-- \/ Yoast SEO plugin. -->","yoast_head_json":{"title":"Care sunt culorile la mod\u0103 \u00een vestimenta\u021bie pentru anul 2022\u00a0 - CCC Fashion blog","description":"Afla care sunt culorile la moda in anul 2022 si cum le poti integra cel mai bine in tinutele tale. 2026","robots":{"index":"index","follow":"follow","max-snippet":"max-snippet:-1","max-image-preview":"max-image-preview:large","max-video-preview":"max-video-preview:-1"},"canonical":"https:\/\/blog.ccc.eu\/ro\/care-sunt-culorile-la-moda-in-vestimentatie-pentru-anul-2022\/","og_locale":"ro_RO","og_type":"article","og_title":"Care sunt culorile la mod\u0103 \u00een vestimenta\u021bie pentru anul 2022\u00a0 - CCC Fashion blog","og_description":"Afla care sunt culorile la moda in anul 2022 si cum le poti integra cel mai bine in tinutele tale.","og_url":"https:\/\/blog.ccc.eu\/ro\/care-sunt-culorile-la-moda-in-vestimentatie-pentru-anul-2022\/","og_site_name":"CCC Fashion blog","article_published_time":"2022-02-15T10:10:49+00:00","article_modified_time":"2022-11-24T15:27:41+00:00","og_image":[{"width":1920,"height":2560,"url":"https:\/\/blog.ccc.eu\/ro\/wp-content\/uploads\/2022\/02\/02072021_ZUZA_QUAZI_0780_F-scaled.jpg","type":"image\/jpeg"}],"author":"Cristina Boncea","twitter_card":"summary_large_image","twitter_misc":{"Scris de":"Cristina Boncea","Timp estimat pentru citire":"6 minute"},"schema":{"@context":"https:\/\/schema.org","@graph":[{"@type":"Article","@id":"https:\/\/blog.ccc.eu\/ro\/care-sunt-culorile-la-moda-in-vestimentatie-pentru-anul-2022\/#article","isPartOf":{"@id":"https:\/\/blog.ccc.eu\/ro\/care-sunt-culorile-la-moda-in-vestimentatie-pentru-anul-2022\/"},"author":{"name":"Cristina Boncea","@id":"https:\/\/blog.ccc.eu\/ro\/#\/schema\/person\/9735c04e95c7b574bdea1696e22bfb4a"},"headline":"Care sunt culorile la mod\u0103 \u00een vestimenta\u021bie pentru anul 2022\u00a0","datePublished":"2022-02-15T10:10:49+00:00","dateModified":"2022-11-24T15:27:41+00:00","mainEntityOfPage":{"@id":"https:\/\/blog.ccc.eu\/ro\/care-sunt-culorile-la-moda-in-vestimentatie-pentru-anul-2022\/"},"wordCount":1029,"commentCount":0,"publisher":{"@id":"https:\/\/blog.ccc.eu\/ro\/#organization"},"image":{"@id":"https:\/\/blog.ccc.eu\/ro\/care-sunt-culorile-la-moda-in-vestimentatie-pentru-anul-2022\/#primaryimage"},"thumbnailUrl":"https:\/\/blog.ccc.eu\/ro\/wp-content\/uploads\/2022\/02\/02072021_ZUZA_QUAZI_0780_F-scaled.jpg","keywords":["culorilamoda","culorivestimentare","hainelamoda","moda2022","modapentrufemei","sfaturimoda"],"articleSection":["TENDIN\u021aE"],"inLanguage":"ro-RO","potentialAction":[{"@type":"CommentAction","name":"Comment","target":["https:\/\/blog.ccc.eu\/ro\/care-sunt-culorile-la-moda-in-vestimentatie-pentru-anul-2022\/#respond"]}]},{"@type":"WebPage","@id":"https:\/\/blog.ccc.eu\/ro\/care-sunt-culorile-la-moda-in-vestimentatie-pentru-anul-2022\/","url":"https:\/\/blog.ccc.eu\/ro\/care-sunt-culorile-la-moda-in-vestimentatie-pentru-anul-2022\/","name":"Care sunt culorile la mod\u0103 \u00een vestimenta\u021bie pentru anul 2022\u00a0 - CCC Fashion blog","isPartOf":{"@id":"https:\/\/blog.ccc.eu\/ro\/#website"},"primaryImageOfPage":{"@id":"https:\/\/blog.ccc.eu\/ro\/care-sunt-culorile-la-moda-in-vestimentatie-pentru-anul-2022\/#primaryimage"},"image":{"@id":"https:\/\/blog.ccc.eu\/ro\/care-sunt-culorile-la-moda-in-vestimentatie-pentru-anul-2022\/#primaryimage"},"thumbnailUrl":"https:\/\/blog.ccc.eu\/ro\/wp-content\/uploads\/2022\/02\/02072021_ZUZA_QUAZI_0780_F-scaled.jpg","datePublished":"2022-02-15T10:10:49+00:00","dateModified":"2022-11-24T15:27:41+00:00","description":"Afla care sunt culorile la moda in anul 2022 si cum le poti integra cel mai bine in tinutele tale.","breadcrumb":{"@id":"https:\/\/blog.ccc.eu\/ro\/care-sunt-culorile-la-moda-in-vestimentatie-pentru-anul-2022\/#breadcrumb"},"inLanguage":"ro-RO","potentialAction":[{"@type":"ReadAction","target":["https:\/\/blog.ccc.eu\/ro\/care-sunt-culorile-la-moda-in-vestimentatie-pentru-anul-2022\/"]}]},{"@type":"ImageObject","inLanguage":"ro-RO","@id":"https:\/\/blog.ccc.eu\/ro\/care-sunt-culorile-la-moda-in-vestimentatie-pentru-anul-2022\/#primaryimage","url":"https:\/\/blog.ccc.eu\/ro\/wp-content\/uploads\/2022\/02\/02072021_ZUZA_QUAZI_0780_F-scaled.jpg","contentUrl":"https:\/\/blog.ccc.eu\/ro\/wp-content\/uploads\/2022\/02\/02072021_ZUZA_QUAZI_0780_F-scaled.jpg","width":1920,"height":2560},{"@type":"BreadcrumbList","@id":"https:\/\/blog.ccc.eu\/ro\/care-sunt-culorile-la-moda-in-vestimentatie-pentru-anul-2022\/#breadcrumb","itemListElement":[{"@type":"ListItem","position":1,"name":"Strona g\u0142\u00f3wna","item":"https:\/\/blog.ccc.eu\/ro\/"},{"@type":"ListItem","position":2,"name":"Care sunt culorile la mod\u0103 \u00een vestimenta\u021bie pentru anul 2022\u00a0"}]},{"@type":"WebSite","@id":"https:\/\/blog.ccc.eu\/ro\/#website","url":"https:\/\/blog.ccc.eu\/ro\/","name":"CCC Fashion blog","description":"Locul t\u0103u plin de inspira\u021bii \u00een mod\u0103","publisher":{"@id":"https:\/\/blog.ccc.eu\/ro\/#organization"},"potentialAction":[{"@type":"SearchAction","target":{"@type":"EntryPoint","urlTemplate":"https:\/\/blog.ccc.eu\/ro\/?s={search_term_string}"},"query-input":{"@type":"PropertyValueSpecification","valueRequired":true,"valueName":"search_term_string"}}],"inLanguage":"ro-RO"},{"@type":"Organization","@id":"https:\/\/blog.ccc.eu\/ro\/#organization","name":"CCC S.A.","url":"https:\/\/blog.ccc.eu\/ro\/","logo":{"@type":"ImageObject","inLanguage":"ro-RO","@id":"https:\/\/blog.ccc.eu\/ro\/#\/schema\/logo\/image\/","url":"https:\/\/blog.ccc.eu\/ro\/wp-content\/uploads\/2021\/11\/logo_ccc.png","contentUrl":"https:\/\/blog.ccc.eu\/ro\/wp-content\/uploads\/2021\/11\/logo_ccc.png","width":730,"height":270,"caption":"CCC S.A."},"image":{"@id":"https:\/\/blog.ccc.eu\/ro\/#\/schema\/logo\/image\/"}},{"@type":"Person","@id":"https:\/\/blog.ccc.eu\/ro\/#\/schema\/person\/9735c04e95c7b574bdea1696e22bfb4a","name":"Cristina Boncea","image":{"@type":"ImageObject","inLanguage":"ro-RO","@id":"https:\/\/blog.ccc.eu\/ro\/#\/schema\/person\/image\/","url":"https:\/\/blog.ccc.eu\/ro\/wp-content\/uploads\/2022\/01\/Cristina-Boncea-100x100.jpeg","contentUrl":"https:\/\/blog.ccc.eu\/ro\/wp-content\/uploads\/2022\/01\/Cristina-Boncea-100x100.jpeg","caption":"Cristina Boncea"},"url":"https:\/\/blog.ccc.eu\/ro\/author\/cristina-boncea\/"}]}},"_links":{"self":[{"href":"https:\/\/blog.ccc.eu\/ro\/wp-json\/wp\/v2\/posts\/5057","targetHints":{"allow":["GET"]}}],"collection":[{"href":"https:\/\/blog.ccc.eu\/ro\/wp-json\/wp\/v2\/posts"}],"about":[{"href":"https:\/\/blog.ccc.eu\/ro\/wp-json\/wp\/v2\/types\/post"}],"author":[{"embeddable":true,"href":"https:\/\/blog.ccc.eu\/ro\/wp-json\/wp\/v2\/users\/16"}],"replies":[{"embeddable":true,"href":"https:\/\/blog.ccc.eu\/ro\/wp-json\/wp\/v2\/comments?post=5057"}],"version-history":[{"count":3,"href":"https:\/\/blog.ccc.eu\/ro\/wp-json\/wp\/v2\/posts\/5057\/revisions"}],"predecessor-version":[{"id":5886,"href":"https:\/\/blog.ccc.eu\/ro\/wp-json\/wp\/v2\/posts\/5057\/revisions\/5886"}],"wp:featuredmedia":[{"embeddable":true,"href":"https:\/\/blog.ccc.eu\/ro\/wp-json\/wp\/v2\/media\/5063"}],"wp:attachment":[{"href":"https:\/\/blog.ccc.eu\/ro\/wp-json\/wp\/v2\/media?parent=5057"}],"wp:term":[{"taxonomy":"category","embeddable":true,"href":"https:\/\/blog.ccc.eu\/ro\/wp-json\/wp\/v2\/categories?post=5057"},{"taxonomy":"post_tag","embeddable":true,"href":"https:\/\/blog.ccc.eu\/ro\/wp-json\/wp\/v2\/tags?post=5057"}],"curies":[{"name":"wp","href":"https:\/\/api.w.org\/{rel}","templated":true}]}}