{"id":5072,"date":"2022-02-15T13:46:56","date_gmt":"2022-02-15T12:46:56","guid":{"rendered":"https:\/\/blog.ccc.eu\/ro\/?p=5072"},"modified":"2022-12-20T07:45:28","modified_gmt":"2022-12-20T06:45:28","slug":"culoarea-maro-in-tinutele-tale-cum-o-asortezi-si-de-ce-anume-sa-tii-cont","status":"publish","type":"post","link":"https:\/\/blog.ccc.eu\/ro\/culoarea-maro-in-tinutele-tale-cum-o-asortezi-si-de-ce-anume-sa-tii-cont\/","title":{"rendered":"Culoarea maro \u00een \u021binutele tale: cum o asortezi \u0219i de ce anume s\u0103 \u021bii cont\u00a0"},"content":{"rendered":"\n<p><b>De\u021bii multe obiecte vestimentare \u0219i accesorii maro \u00een garderoba ta \u0219i nu e\u0219ti sigur\u0103 cu ce pot fi asortate cel mai bine? Noi \u00ee\u021bi venim \u00een ajutor prin acest articol cu sfaturi \u0219i recomand\u0103ri utile. Afl\u0103 criteriile de care este bine s\u0103 \u021bii cont \u0219i vei ob\u021bine cele mai reu\u0219ite outfituri, \u00een func\u021bie de ocazia pentru care te preg\u0103te\u0219ti.&nbsp;<\/b><\/p>\n\n\n\n<figure class=\"wp-block-gallery has-nested-images columns-default is-cropped wp-block-gallery-1 is-layout-flex wp-block-gallery-is-layout-flex\">\n<figure class=\"wp-block-image size-large\"><img decoding=\"async\" data-id=\"5076\" src=\"https:\/\/blog.ccc.eu\/ro\/wp-content\/uploads\/2022\/02\/GR_LB_AW21_1208-2-1024x632.jpg\" alt=\"\" class=\"wp-image-5076\"\/><\/figure>\n<\/figure>\n\n\n\n<h2 class=\"wp-block-heading\" id=\"cu-ce-se-asorteaza-in-general-culoarea-maro\"><strong>Cu ce se asorteaz\u0103 \u00een general culoarea maro?&nbsp;<\/strong><\/h2>\n\n\n\n<p>Pentru a putea vorbi despre \u021binute complete \u0219i complexe ce au la baz\u0103 culoarea maro este necesar s\u0103 facem un scurt inventar al culorilor care se potrivesc cel mai bine \u00een <a href=\"https:\/\/blog.ccc.eu\/ro\/combinatii-de-culori-vestimentare-cu-care-nu-dai-gres\/\" target=\"_blank\" rel=\"noreferrer noopener\">combina\u021bie<\/a>. Iat\u0103, a\u0219adar, o list\u0103 cu cele mai populare dintre ele:&nbsp;<\/p>\n\n\n\n<ul class=\"wp-block-list\">\n<li>Negru&nbsp;<\/li>\n\n\n\n<li>Argintiu\/auriu&nbsp;<\/li>\n\n\n\n<li>Gri&nbsp;<\/li>\n\n\n\n<li>Bej&nbsp;<\/li>\n\n\n\n<li>Ro\u0219u&nbsp;<\/li>\n\n\n\n<li>Roz&nbsp;<\/li>\n\n\n\n<li>Portocaliu&nbsp;<\/li>\n\n\n\n<li>Albastru\/indigo&nbsp;<\/li>\n\n\n\n<li>Violet&nbsp;<\/li>\n\n\n\n<li>Verde&nbsp;&nbsp;<\/li>\n<\/ul>\n\n\n\n<p>Exist\u0103 \u0219i o serie de culori pe care este bine s\u0103 le evi\u021bi atunci c\u00e2nd vrei s\u0103 folose\u0219ti piese vestimentare \u0219i accesorii \u00een nuan\u021ba maro ca fiind predominante \u00een \u021binutele tale. De exemplu, albul arat\u0103 bine \u00een combina\u021bie cu maroul doar dac\u0103 exist\u0103 o nuan\u021b\u0103 intermediar\u0103 la mijloc care s\u0103 fac\u0103 leg\u0103tura \u00eentre cele dou\u0103. Galbenul poate fi la fel de nepl\u0103cut \u00een aceast\u0103 formul\u0103, except\u00e2nd cazul \u00een care g\u0103se\u0219ti dou\u0103 nuan\u021be mai deschise care s\u0103 creeze un contrast pl\u0103cut, dar extravagant.&nbsp;&nbsp;<\/p>\n\n\n\n<h2 class=\"wp-block-heading\" id=\"idei-de-\u021binute-ce-includ-culoarea-maro\"><strong>Idei de \u021binute ce includ culoarea maro&nbsp;<\/strong><\/h2>\n\n\n\n\n\n\n<ol class=\"wp-block-list\">\n<li><strong>Rochie casual-sport albastr\u0103 + vest\u0103 maro + accesorii&nbsp;<\/strong><\/li>\n<\/ol>\n\n\n\n<p>Dac\u0103 vrei s\u0103 ob\u021bii un look casual \u0219i foarte chic, po\u021bi \u00eencerca s\u0103 combini o <a href=\"https:\/\/ccc.eu\/ro\/haine\/femei\/rochii\" target=\"_blank\" rel=\"noreferrer noopener\">rochie casual-sport<\/a> \u00eentr-o nuan\u021b\u0103 de bleumarin \u00eenchis, peste care s\u0103 adaugi o vest\u0103 sport maro \u0219i o pereche de \u00eenc\u0103l\u021b\u0103minte sport \u00eentr-o culoare care s\u0103 se potriveasc\u0103 din punct de vedere cromatic. Noi \u00ee\u021bi propunem s\u0103 alegi o pereche de pantofi sport bej, negri sau chiar albi pentru a echilibra \u021binuta.&nbsp;&nbsp;<\/p>\n\n\n\n<p>Mai po\u021bi ad\u0103uga \u00een ecua\u021bie \u0219i un rucsac de dam\u0103 din piele \u00eentr-o nuan\u021b\u0103 de maro deschis sau \u00eenchis, \u00een func\u021bie de preferin\u021bele tale. Ai grij\u0103 \u00eens\u0103 s\u0103 nu combini mai mult de dou\u0103 nuan\u021be diferite de maro \u00een aceea\u0219i \u021binut\u0103 pentru c\u0103 ri\u0219ti s\u0103 creezi un outfit inestetic \u0219i dezechilibrat. Cea mai simpl\u0103 variant\u0103 este s\u0103 alegi \u00eenc\u0103l\u021b\u0103minte \u0219i <a href=\"https:\/\/ccc.eu\/ro\/accesorii\/femei\" target=\"_blank\" rel=\"noreferrer noopener\">accesorii<\/a> \u00een aceea\u0219i nuan\u021b\u0103 de maro, pe c\u00e2t posibil.&nbsp;&nbsp;<\/p>\n\n\n\n<p>\u00cen loc de \u00eenc\u0103l\u021b\u0103minte sport po\u021bi opta \u00een schimb pentru o pereche de ghete scurte din <a href=\"https:\/\/blog.ccc.eu\/ro\/pielea-naturala-cu-ce-se-curata-si-cum-se-intretine\/\" target=\"_blank\" rel=\"noreferrer noopener\">piele natural\u0103<\/a> maro care s\u0103 \u00ee\u021bi transforme \u021binuta \u00eentr-una de toamn\u0103. Adaug\u0103 o pereche de dresuri nude \u0219i o p\u0103l\u0103rie pentru a te proteja de v\u00e2nt. Vei fi astfel perfect preg\u0103tit\u0103 pentru o plimbare prin natur\u0103 sau o \u00eent\u00e2lnire cu prietenii la teras\u0103.&nbsp;&nbsp;<\/p>\n\n\n\n<ol class=\"wp-block-list\" start=\"2\">\n<li><strong>Tricou simplu roz + pantaloni sport maro + \u00eenc\u0103l\u021b\u0103minte sport&nbsp;<\/strong><\/li>\n<\/ol>\n\n\n\n<p>Dac\u0103 vrei s\u0103 concepi o \u021binut\u0103 lejer\u0103 pentru o plimbare prin parc sau chiar pentru a face ceva gimnastic\u0103 prin cas\u0103, po\u021bi combina un tricou roz stil crop-top cu o pereche de pantaloni sport maro, care s\u0103 \u00ee\u021bi vin\u0103 lejer \u0219i \u00een care s\u0103 te sim\u021bi pe c\u00e2t se poate de confortabil. Alege <a href=\"https:\/\/ccc.eu\/ro\/femei\/pantofi\/incaltaminte-sport\" target=\"_blank\" rel=\"noreferrer noopener\">\u00eenc\u0103l\u021b\u0103minte sport<\/a> de calitate, cu talpa flexibil\u0103 \u0219i care nu te \u00eempiedic\u0103 la mi\u0219care.&nbsp;&nbsp;<\/p>\n\n\n\n<p>Accesorizeaz\u0103 \u021binuta cu stil ad\u0103ug\u00e2nd <a href=\"https:\/\/blog.ccc.eu\/ro\/ochelarii-de-soare-forma-potrivita-in-functie-de-forma-fetei-2\/\">ochelari de soare<\/a> cu ramele maro \u0219i o geant\u0103 mic\u0103 de um\u0103r \u00een aceea\u0219i nuan\u021b\u0103. Po\u021bi transforma aceast\u0103 combina\u021bie vestimentar\u0103 \u00eentr-un look urban dac\u0103 \u00eenlocuie\u0219ti pantofii sport cu o pereche de bocanci, adaugi o jachet\u0103 \u0219i o \u0219apc\u0103 cool. Nu uita s\u0103 \u021bii cont de paleta cromatic\u0103 pe care \u021bi-am propus-o mai devreme \u0219i vei vedea cum maroul este o culoare foarte versatil\u0103 \u0219i pl\u0103cut\u0103 vederii.&nbsp;&nbsp;<\/p>\n\n\n\n<p>Cite\u0219te \u0219i articolul nostru despre <a href=\"https:\/\/blog.ccc.eu\/ro\/asortarea-pantofilor-cu-rochia-sfaturi-de-care-sa-tii-cont\/\" target=\"_blank\" rel=\"noreferrer noopener\">asortarea pantofilor cu rochia<\/a>.&nbsp;&nbsp;<\/p>\n\n\n\n<p>Criterii de care s\u0103 \u021bii cont atunci c\u00e2nd por\u021bi culoarea maro&nbsp;<\/p>\n\n\n\n\n\n\n<p>Mai jos \u00ee\u021bi oferim c\u00e2teva sfaturi \u0219i recomand\u0103ri utile pentru a te asigura c\u0103 integrezi corespunz\u0103tor culoarea maro \u00een \u021binutele tale. Urmeaz\u0103-le de fiecare dat\u0103 c\u00e2nd e\u0219ti \u00een incertitudine \u0219i vei ob\u021bine outfituri reu\u0219ite \u0219i de impact.&nbsp;<\/p>\n\n\n\n<ul class=\"wp-block-list\">\n<li>Dac\u0103 vrei s\u0103 por\u021bi o culoare care s\u0103 contrasteze cu maroul, alege piese vestimentare \u0219i accesorii \u00een urm\u0103toarele culori: verde, mov, indigo, albastru sau bleumarin.&nbsp;<\/li>\n\n\n\n<li>Dac\u0103 vrei s\u0103 por\u021bi culori asem\u0103n\u0103toare cu maroul, care s\u0103 creeze armonie \u00een \u021binut\u0103, alege s\u0103 por\u021bi: ro\u0219u, portocaliu, roz, bej sau negru.&nbsp;<\/li>\n\n\n\n<li>Culorile neutre care pot fi asortate cu orice sunt gri, argintiu \u0219i auriu. Combin\u0103-le cu piese vestimentare maro dac\u0103 vrei s\u0103 ob\u021bii un look str\u0103lucitor \u0219i de efect, inclusiv pentru evenimentele speciale.&nbsp;&nbsp;<\/li>\n<\/ul>\n\n\n\n<ul class=\"wp-block-list\">\n<li>C\u00e2nd vine vorba de \u00eenc\u0103l\u021b\u0103minte, cea mai sigur\u0103 variant\u0103 este s\u0103 alegi pantofi \u00een nuan\u021be naturale precum negru, maro \u00eenchis sau bleumarin. Evit\u0103 \u00eenc\u0103l\u021b\u0103mintea \u00een culori \u021bip\u0103toare dac\u0103 vrei s\u0103 creezi un outfit casual simplu.&nbsp;&nbsp;<\/li>\n\n\n\n<li>Accesoriile alese (<a href=\"https:\/\/ccc.eu\/ro\/genti\/rucsacuri\/rucsacuri-pentru-femei\" target=\"_blank\" rel=\"noreferrer noopener\">rucsac<\/a>, curea, ceas, ochelari de soare, \u0219apc\u0103, etc.) trebuie s\u0103 fie potrivite at\u00e2t ca nuan\u021b\u0103, c\u00e2t \u0219i ca material cu hainele pe care le por\u021bi. \u00cencearc\u0103 s\u0103 alegi nuan\u021be c\u00e2t mai apropiate \u00eentre ele pentru a nu ap\u0103rea discrepan\u021be la nivel cromatic \u00een \u021binut\u0103.&nbsp;&nbsp;<\/li>\n\n\n\n<li>Alege s\u0103 por\u021bi maro fie \u00een partea de sus a corpului, fie \u00een cea de jos, dar nu \u00eencerca s\u0103 ob\u021bii o \u021binut\u0103 monocromatic\u0103 \u00een aceast\u0103 culoare. Decide care este piesa vestimentar\u0103 de baz\u0103, pe care vrei s\u0103 pui accentul, \u0219i construie\u0219te-\u021bi outfitul pornind de acolo.&nbsp;&nbsp;<\/li>\n<\/ul>\n\n\n\n<p>Dac\u0103 nu de\u021bii foarte multe piese vestimentare sau accesorii maro \u00een garderoba ta, ce mai a\u0219tep\u021bi? Ai aflat c\u0103 este o culoare ce poate fi asortat\u0103 \u00een foarte multe feluri, iar dac\u0103 vei respecta sfaturile noastre vei reu\u0219i s\u0103 creezi ni\u0219te outfituri demen\u021biale!&nbsp;<\/p>\n","protected":false},"excerpt":{"rendered":"<p>De\u021bii multe obiecte vestimentare \u0219i accesorii maro \u00een garderoba ta \u0219i nu e\u0219ti sigur\u0103 cu ce pot fi asortate cel mai bine? Noi \u00ee\u021bi venim \u00een ajutor prin acest articol cu sfaturi \u0219i recomand\u0103ri utile. Afl\u0103 criteriile de care este bine s\u0103 \u021bii cont \u0219i vei ob\u021bine cele mai reu\u0219ite outfituri, \u00een func\u021bie de ocazia [&hellip;]<\/p>\n","protected":false},"author":16,"featured_media":5076,"comment_status":"open","ping_status":"open","sticky":false,"template":"","format":"standard","meta":{"_acf_changed":false,"footnotes":""},"categories":[4],"tags":[712,711,704,660,705],"class_list":["post-5072","post","type-post","status-publish","format-standard","has-post-thumbnail","hentry","category-sfaturi-de-moda","tag-asortareaculorilor","tag-culoareamaro","tag-modapentrufemei","tag-regulidestil","tag-sfaturimoda"],"acf":[],"yoast_head":"<!-- This site is optimized with the Yoast SEO plugin v26.9 - https:\/\/yoast.com\/product\/yoast-seo-wordpress\/ -->\n<title>Culoarea maro \u00een \u021binutele tale: cum o asortezi \u0219i de ce anume s\u0103 \u021bii cont\u00a0 - CCC Fashion blog<\/title>\n<meta name=\"description\" content=\"Afla cum asortezi culoarea maro intr-o tinuta si care sunt criteriile de care sa tii cont pentru a crea outfituri de succes. 2026\" \/>\n<meta name=\"robots\" content=\"index, follow, max-snippet:-1, max-image-preview:large, max-video-preview:-1\" \/>\n<link rel=\"canonical\" href=\"https:\/\/blog.ccc.eu\/ro\/culoarea-maro-in-tinutele-tale-cum-o-asortezi-si-de-ce-anume-sa-tii-cont\/\" \/>\n<meta property=\"og:locale\" content=\"ro_RO\" \/>\n<meta property=\"og:type\" content=\"article\" \/>\n<meta property=\"og:title\" content=\"Culoarea maro \u00een \u021binutele tale: cum o asortezi \u0219i de ce anume s\u0103 \u021bii cont\u00a0 - CCC Fashion blog\" \/>\n<meta property=\"og:description\" content=\"Afla cum asortezi culoarea maro intr-o tinuta si care sunt criteriile de care sa tii cont pentru a crea outfituri de succes.\" \/>\n<meta property=\"og:url\" content=\"https:\/\/blog.ccc.eu\/ro\/culoarea-maro-in-tinutele-tale-cum-o-asortezi-si-de-ce-anume-sa-tii-cont\/\" \/>\n<meta property=\"og:site_name\" content=\"CCC Fashion blog\" \/>\n<meta property=\"article:published_time\" content=\"2022-02-15T12:46:56+00:00\" \/>\n<meta property=\"article:modified_time\" content=\"2022-12-20T06:45:28+00:00\" \/>\n<meta property=\"og:image\" content=\"https:\/\/blog.ccc.eu\/ro\/wp-content\/uploads\/2022\/02\/GR_LB_AW21_1208-2-e1644929203330.jpg\" \/>\n\t<meta property=\"og:image:width\" content=\"826\" \/>\n\t<meta property=\"og:image:height\" content=\"1080\" \/>\n\t<meta property=\"og:image:type\" content=\"image\/jpeg\" \/>\n<meta name=\"author\" content=\"Cristina Boncea\" \/>\n<meta name=\"twitter:card\" content=\"summary_large_image\" \/>\n<meta name=\"twitter:label1\" content=\"Scris de\" \/>\n\t<meta name=\"twitter:data1\" content=\"Cristina Boncea\" \/>\n\t<meta name=\"twitter:label2\" content=\"Timp estimat pentru citire\" \/>\n\t<meta name=\"twitter:data2\" content=\"6 minute\" \/>\n<script type=\"application\/ld+json\" class=\"yoast-schema-graph\">{\"@context\":\"https:\/\/schema.org\",\"@graph\":[{\"@type\":\"Article\",\"@id\":\"https:\/\/blog.ccc.eu\/ro\/culoarea-maro-in-tinutele-tale-cum-o-asortezi-si-de-ce-anume-sa-tii-cont\/#article\",\"isPartOf\":{\"@id\":\"https:\/\/blog.ccc.eu\/ro\/culoarea-maro-in-tinutele-tale-cum-o-asortezi-si-de-ce-anume-sa-tii-cont\/\"},\"author\":{\"name\":\"Cristina Boncea\",\"@id\":\"https:\/\/blog.ccc.eu\/ro\/#\/schema\/person\/9735c04e95c7b574bdea1696e22bfb4a\"},\"headline\":\"Culoarea maro \u00een \u021binutele tale: cum o asortezi \u0219i de ce anume s\u0103 \u021bii cont\u00a0\",\"datePublished\":\"2022-02-15T12:46:56+00:00\",\"dateModified\":\"2022-12-20T06:45:28+00:00\",\"mainEntityOfPage\":{\"@id\":\"https:\/\/blog.ccc.eu\/ro\/culoarea-maro-in-tinutele-tale-cum-o-asortezi-si-de-ce-anume-sa-tii-cont\/\"},\"wordCount\":1047,\"commentCount\":0,\"publisher\":{\"@id\":\"https:\/\/blog.ccc.eu\/ro\/#organization\"},\"image\":{\"@id\":\"https:\/\/blog.ccc.eu\/ro\/culoarea-maro-in-tinutele-tale-cum-o-asortezi-si-de-ce-anume-sa-tii-cont\/#primaryimage\"},\"thumbnailUrl\":\"https:\/\/blog.ccc.eu\/ro\/wp-content\/uploads\/2022\/02\/GR_LB_AW21_1208-2-e1644929203330.jpg\",\"keywords\":[\"asortareaculorilor\",\"culoareamaro\",\"modapentrufemei\",\"regulidestil\",\"sfaturimoda\"],\"articleSection\":[\"SFATURI DE MOD\u0102\"],\"inLanguage\":\"ro-RO\",\"potentialAction\":[{\"@type\":\"CommentAction\",\"name\":\"Comment\",\"target\":[\"https:\/\/blog.ccc.eu\/ro\/culoarea-maro-in-tinutele-tale-cum-o-asortezi-si-de-ce-anume-sa-tii-cont\/#respond\"]}]},{\"@type\":\"WebPage\",\"@id\":\"https:\/\/blog.ccc.eu\/ro\/culoarea-maro-in-tinutele-tale-cum-o-asortezi-si-de-ce-anume-sa-tii-cont\/\",\"url\":\"https:\/\/blog.ccc.eu\/ro\/culoarea-maro-in-tinutele-tale-cum-o-asortezi-si-de-ce-anume-sa-tii-cont\/\",\"name\":\"Culoarea maro \u00een \u021binutele tale: cum o asortezi \u0219i de ce anume s\u0103 \u021bii cont\u00a0 - CCC Fashion blog\",\"isPartOf\":{\"@id\":\"https:\/\/blog.ccc.eu\/ro\/#website\"},\"primaryImageOfPage\":{\"@id\":\"https:\/\/blog.ccc.eu\/ro\/culoarea-maro-in-tinutele-tale-cum-o-asortezi-si-de-ce-anume-sa-tii-cont\/#primaryimage\"},\"image\":{\"@id\":\"https:\/\/blog.ccc.eu\/ro\/culoarea-maro-in-tinutele-tale-cum-o-asortezi-si-de-ce-anume-sa-tii-cont\/#primaryimage\"},\"thumbnailUrl\":\"https:\/\/blog.ccc.eu\/ro\/wp-content\/uploads\/2022\/02\/GR_LB_AW21_1208-2-e1644929203330.jpg\",\"datePublished\":\"2022-02-15T12:46:56+00:00\",\"dateModified\":\"2022-12-20T06:45:28+00:00\",\"description\":\"Afla cum asortezi culoarea maro intr-o tinuta si care sunt criteriile de care sa tii cont pentru a crea outfituri de succes.\",\"breadcrumb\":{\"@id\":\"https:\/\/blog.ccc.eu\/ro\/culoarea-maro-in-tinutele-tale-cum-o-asortezi-si-de-ce-anume-sa-tii-cont\/#breadcrumb\"},\"inLanguage\":\"ro-RO\",\"potentialAction\":[{\"@type\":\"ReadAction\",\"target\":[\"https:\/\/blog.ccc.eu\/ro\/culoarea-maro-in-tinutele-tale-cum-o-asortezi-si-de-ce-anume-sa-tii-cont\/\"]}]},{\"@type\":\"ImageObject\",\"inLanguage\":\"ro-RO\",\"@id\":\"https:\/\/blog.ccc.eu\/ro\/culoarea-maro-in-tinutele-tale-cum-o-asortezi-si-de-ce-anume-sa-tii-cont\/#primaryimage\",\"url\":\"https:\/\/blog.ccc.eu\/ro\/wp-content\/uploads\/2022\/02\/GR_LB_AW21_1208-2-e1644929203330.jpg\",\"contentUrl\":\"https:\/\/blog.ccc.eu\/ro\/wp-content\/uploads\/2022\/02\/GR_LB_AW21_1208-2-e1644929203330.jpg\",\"width\":826,\"height\":1080},{\"@type\":\"BreadcrumbList\",\"@id\":\"https:\/\/blog.ccc.eu\/ro\/culoarea-maro-in-tinutele-tale-cum-o-asortezi-si-de-ce-anume-sa-tii-cont\/#breadcrumb\",\"itemListElement\":[{\"@type\":\"ListItem\",\"position\":1,\"name\":\"Strona g\u0142\u00f3wna\",\"item\":\"https:\/\/blog.ccc.eu\/ro\/\"},{\"@type\":\"ListItem\",\"position\":2,\"name\":\"Culoarea maro \u00een \u021binutele tale: cum o asortezi \u0219i de ce anume s\u0103 \u021bii cont\u00a0\"}]},{\"@type\":\"WebSite\",\"@id\":\"https:\/\/blog.ccc.eu\/ro\/#website\",\"url\":\"https:\/\/blog.ccc.eu\/ro\/\",\"name\":\"CCC Fashion blog\",\"description\":\"Locul t\u0103u plin de inspira\u021bii \u00een mod\u0103\",\"publisher\":{\"@id\":\"https:\/\/blog.ccc.eu\/ro\/#organization\"},\"potentialAction\":[{\"@type\":\"SearchAction\",\"target\":{\"@type\":\"EntryPoint\",\"urlTemplate\":\"https:\/\/blog.ccc.eu\/ro\/?s={search_term_string}\"},\"query-input\":{\"@type\":\"PropertyValueSpecification\",\"valueRequired\":true,\"valueName\":\"search_term_string\"}}],\"inLanguage\":\"ro-RO\"},{\"@type\":\"Organization\",\"@id\":\"https:\/\/blog.ccc.eu\/ro\/#organization\",\"name\":\"CCC S.A.\",\"url\":\"https:\/\/blog.ccc.eu\/ro\/\",\"logo\":{\"@type\":\"ImageObject\",\"inLanguage\":\"ro-RO\",\"@id\":\"https:\/\/blog.ccc.eu\/ro\/#\/schema\/logo\/image\/\",\"url\":\"https:\/\/blog.ccc.eu\/ro\/wp-content\/uploads\/2021\/11\/logo_ccc.png\",\"contentUrl\":\"https:\/\/blog.ccc.eu\/ro\/wp-content\/uploads\/2021\/11\/logo_ccc.png\",\"width\":730,\"height\":270,\"caption\":\"CCC S.A.\"},\"image\":{\"@id\":\"https:\/\/blog.ccc.eu\/ro\/#\/schema\/logo\/image\/\"}},{\"@type\":\"Person\",\"@id\":\"https:\/\/blog.ccc.eu\/ro\/#\/schema\/person\/9735c04e95c7b574bdea1696e22bfb4a\",\"name\":\"Cristina Boncea\",\"image\":{\"@type\":\"ImageObject\",\"inLanguage\":\"ro-RO\",\"@id\":\"https:\/\/blog.ccc.eu\/ro\/#\/schema\/person\/image\/\",\"url\":\"https:\/\/blog.ccc.eu\/ro\/wp-content\/uploads\/2022\/01\/Cristina-Boncea-100x100.jpeg\",\"contentUrl\":\"https:\/\/blog.ccc.eu\/ro\/wp-content\/uploads\/2022\/01\/Cristina-Boncea-100x100.jpeg\",\"caption\":\"Cristina Boncea\"},\"url\":\"https:\/\/blog.ccc.eu\/ro\/author\/cristina-boncea\/\"}]}<\/script>\n<!-- \/ Yoast SEO plugin. -->","yoast_head_json":{"title":"Culoarea maro \u00een \u021binutele tale: cum o asortezi \u0219i de ce anume s\u0103 \u021bii cont\u00a0 - CCC Fashion blog","description":"Afla cum asortezi culoarea maro intr-o tinuta si care sunt criteriile de care sa tii cont pentru a crea outfituri de succes. 2026","robots":{"index":"index","follow":"follow","max-snippet":"max-snippet:-1","max-image-preview":"max-image-preview:large","max-video-preview":"max-video-preview:-1"},"canonical":"https:\/\/blog.ccc.eu\/ro\/culoarea-maro-in-tinutele-tale-cum-o-asortezi-si-de-ce-anume-sa-tii-cont\/","og_locale":"ro_RO","og_type":"article","og_title":"Culoarea maro \u00een \u021binutele tale: cum o asortezi \u0219i de ce anume s\u0103 \u021bii cont\u00a0 - CCC Fashion blog","og_description":"Afla cum asortezi culoarea maro intr-o tinuta si care sunt criteriile de care sa tii cont pentru a crea outfituri de succes.","og_url":"https:\/\/blog.ccc.eu\/ro\/culoarea-maro-in-tinutele-tale-cum-o-asortezi-si-de-ce-anume-sa-tii-cont\/","og_site_name":"CCC Fashion blog","article_published_time":"2022-02-15T12:46:56+00:00","article_modified_time":"2022-12-20T06:45:28+00:00","og_image":[{"width":826,"height":1080,"url":"https:\/\/blog.ccc.eu\/ro\/wp-content\/uploads\/2022\/02\/GR_LB_AW21_1208-2-e1644929203330.jpg","type":"image\/jpeg"}],"author":"Cristina Boncea","twitter_card":"summary_large_image","twitter_misc":{"Scris de":"Cristina Boncea","Timp estimat pentru citire":"6 minute"},"schema":{"@context":"https:\/\/schema.org","@graph":[{"@type":"Article","@id":"https:\/\/blog.ccc.eu\/ro\/culoarea-maro-in-tinutele-tale-cum-o-asortezi-si-de-ce-anume-sa-tii-cont\/#article","isPartOf":{"@id":"https:\/\/blog.ccc.eu\/ro\/culoarea-maro-in-tinutele-tale-cum-o-asortezi-si-de-ce-anume-sa-tii-cont\/"},"author":{"name":"Cristina Boncea","@id":"https:\/\/blog.ccc.eu\/ro\/#\/schema\/person\/9735c04e95c7b574bdea1696e22bfb4a"},"headline":"Culoarea maro \u00een \u021binutele tale: cum o asortezi \u0219i de ce anume s\u0103 \u021bii cont\u00a0","datePublished":"2022-02-15T12:46:56+00:00","dateModified":"2022-12-20T06:45:28+00:00","mainEntityOfPage":{"@id":"https:\/\/blog.ccc.eu\/ro\/culoarea-maro-in-tinutele-tale-cum-o-asortezi-si-de-ce-anume-sa-tii-cont\/"},"wordCount":1047,"commentCount":0,"publisher":{"@id":"https:\/\/blog.ccc.eu\/ro\/#organization"},"image":{"@id":"https:\/\/blog.ccc.eu\/ro\/culoarea-maro-in-tinutele-tale-cum-o-asortezi-si-de-ce-anume-sa-tii-cont\/#primaryimage"},"thumbnailUrl":"https:\/\/blog.ccc.eu\/ro\/wp-content\/uploads\/2022\/02\/GR_LB_AW21_1208-2-e1644929203330.jpg","keywords":["asortareaculorilor","culoareamaro","modapentrufemei","regulidestil","sfaturimoda"],"articleSection":["SFATURI DE MOD\u0102"],"inLanguage":"ro-RO","potentialAction":[{"@type":"CommentAction","name":"Comment","target":["https:\/\/blog.ccc.eu\/ro\/culoarea-maro-in-tinutele-tale-cum-o-asortezi-si-de-ce-anume-sa-tii-cont\/#respond"]}]},{"@type":"WebPage","@id":"https:\/\/blog.ccc.eu\/ro\/culoarea-maro-in-tinutele-tale-cum-o-asortezi-si-de-ce-anume-sa-tii-cont\/","url":"https:\/\/blog.ccc.eu\/ro\/culoarea-maro-in-tinutele-tale-cum-o-asortezi-si-de-ce-anume-sa-tii-cont\/","name":"Culoarea maro \u00een \u021binutele tale: cum o asortezi \u0219i de ce anume s\u0103 \u021bii cont\u00a0 - CCC Fashion blog","isPartOf":{"@id":"https:\/\/blog.ccc.eu\/ro\/#website"},"primaryImageOfPage":{"@id":"https:\/\/blog.ccc.eu\/ro\/culoarea-maro-in-tinutele-tale-cum-o-asortezi-si-de-ce-anume-sa-tii-cont\/#primaryimage"},"image":{"@id":"https:\/\/blog.ccc.eu\/ro\/culoarea-maro-in-tinutele-tale-cum-o-asortezi-si-de-ce-anume-sa-tii-cont\/#primaryimage"},"thumbnailUrl":"https:\/\/blog.ccc.eu\/ro\/wp-content\/uploads\/2022\/02\/GR_LB_AW21_1208-2-e1644929203330.jpg","datePublished":"2022-02-15T12:46:56+00:00","dateModified":"2022-12-20T06:45:28+00:00","description":"Afla cum asortezi culoarea maro intr-o tinuta si care sunt criteriile de care sa tii cont pentru a crea outfituri de succes.","breadcrumb":{"@id":"https:\/\/blog.ccc.eu\/ro\/culoarea-maro-in-tinutele-tale-cum-o-asortezi-si-de-ce-anume-sa-tii-cont\/#breadcrumb"},"inLanguage":"ro-RO","potentialAction":[{"@type":"ReadAction","target":["https:\/\/blog.ccc.eu\/ro\/culoarea-maro-in-tinutele-tale-cum-o-asortezi-si-de-ce-anume-sa-tii-cont\/"]}]},{"@type":"ImageObject","inLanguage":"ro-RO","@id":"https:\/\/blog.ccc.eu\/ro\/culoarea-maro-in-tinutele-tale-cum-o-asortezi-si-de-ce-anume-sa-tii-cont\/#primaryimage","url":"https:\/\/blog.ccc.eu\/ro\/wp-content\/uploads\/2022\/02\/GR_LB_AW21_1208-2-e1644929203330.jpg","contentUrl":"https:\/\/blog.ccc.eu\/ro\/wp-content\/uploads\/2022\/02\/GR_LB_AW21_1208-2-e1644929203330.jpg","width":826,"height":1080},{"@type":"BreadcrumbList","@id":"https:\/\/blog.ccc.eu\/ro\/culoarea-maro-in-tinutele-tale-cum-o-asortezi-si-de-ce-anume-sa-tii-cont\/#breadcrumb","itemListElement":[{"@type":"ListItem","position":1,"name":"Strona g\u0142\u00f3wna","item":"https:\/\/blog.ccc.eu\/ro\/"},{"@type":"ListItem","position":2,"name":"Culoarea maro \u00een \u021binutele tale: cum o asortezi \u0219i de ce anume s\u0103 \u021bii cont\u00a0"}]},{"@type":"WebSite","@id":"https:\/\/blog.ccc.eu\/ro\/#website","url":"https:\/\/blog.ccc.eu\/ro\/","name":"CCC Fashion blog","description":"Locul t\u0103u plin de inspira\u021bii \u00een mod\u0103","publisher":{"@id":"https:\/\/blog.ccc.eu\/ro\/#organization"},"potentialAction":[{"@type":"SearchAction","target":{"@type":"EntryPoint","urlTemplate":"https:\/\/blog.ccc.eu\/ro\/?s={search_term_string}"},"query-input":{"@type":"PropertyValueSpecification","valueRequired":true,"valueName":"search_term_string"}}],"inLanguage":"ro-RO"},{"@type":"Organization","@id":"https:\/\/blog.ccc.eu\/ro\/#organization","name":"CCC S.A.","url":"https:\/\/blog.ccc.eu\/ro\/","logo":{"@type":"ImageObject","inLanguage":"ro-RO","@id":"https:\/\/blog.ccc.eu\/ro\/#\/schema\/logo\/image\/","url":"https:\/\/blog.ccc.eu\/ro\/wp-content\/uploads\/2021\/11\/logo_ccc.png","contentUrl":"https:\/\/blog.ccc.eu\/ro\/wp-content\/uploads\/2021\/11\/logo_ccc.png","width":730,"height":270,"caption":"CCC S.A."},"image":{"@id":"https:\/\/blog.ccc.eu\/ro\/#\/schema\/logo\/image\/"}},{"@type":"Person","@id":"https:\/\/blog.ccc.eu\/ro\/#\/schema\/person\/9735c04e95c7b574bdea1696e22bfb4a","name":"Cristina Boncea","image":{"@type":"ImageObject","inLanguage":"ro-RO","@id":"https:\/\/blog.ccc.eu\/ro\/#\/schema\/person\/image\/","url":"https:\/\/blog.ccc.eu\/ro\/wp-content\/uploads\/2022\/01\/Cristina-Boncea-100x100.jpeg","contentUrl":"https:\/\/blog.ccc.eu\/ro\/wp-content\/uploads\/2022\/01\/Cristina-Boncea-100x100.jpeg","caption":"Cristina Boncea"},"url":"https:\/\/blog.ccc.eu\/ro\/author\/cristina-boncea\/"}]}},"_links":{"self":[{"href":"https:\/\/blog.ccc.eu\/ro\/wp-json\/wp\/v2\/posts\/5072","targetHints":{"allow":["GET"]}}],"collection":[{"href":"https:\/\/blog.ccc.eu\/ro\/wp-json\/wp\/v2\/posts"}],"about":[{"href":"https:\/\/blog.ccc.eu\/ro\/wp-json\/wp\/v2\/types\/post"}],"author":[{"embeddable":true,"href":"https:\/\/blog.ccc.eu\/ro\/wp-json\/wp\/v2\/users\/16"}],"replies":[{"embeddable":true,"href":"https:\/\/blog.ccc.eu\/ro\/wp-json\/wp\/v2\/comments?post=5072"}],"version-history":[{"count":4,"href":"https:\/\/blog.ccc.eu\/ro\/wp-json\/wp\/v2\/posts\/5072\/revisions"}],"predecessor-version":[{"id":5943,"href":"https:\/\/blog.ccc.eu\/ro\/wp-json\/wp\/v2\/posts\/5072\/revisions\/5943"}],"wp:featuredmedia":[{"embeddable":true,"href":"https:\/\/blog.ccc.eu\/ro\/wp-json\/wp\/v2\/media\/5076"}],"wp:attachment":[{"href":"https:\/\/blog.ccc.eu\/ro\/wp-json\/wp\/v2\/media?parent=5072"}],"wp:term":[{"taxonomy":"category","embeddable":true,"href":"https:\/\/blog.ccc.eu\/ro\/wp-json\/wp\/v2\/categories?post=5072"},{"taxonomy":"post_tag","embeddable":true,"href":"https:\/\/blog.ccc.eu\/ro\/wp-json\/wp\/v2\/tags?post=5072"}],"curies":[{"name":"wp","href":"https:\/\/api.w.org\/{rel}","templated":true}]}}