{"id":5083,"date":"2022-02-22T09:20:03","date_gmt":"2022-02-22T08:20:03","guid":{"rendered":"https:\/\/blog.ccc.eu\/ro\/?p=5083"},"modified":"2022-02-22T09:20:19","modified_gmt":"2022-02-22T08:20:19","slug":"principalele-tendinte-in-moda-pentru-anul-2022","status":"publish","type":"post","link":"https:\/\/blog.ccc.eu\/ro\/principalele-tendinte-in-moda-pentru-anul-2022\/","title":{"rendered":"Principalele tendin\u021be \u00een mod\u0103 pentru anul 2022\u00a0"},"content":{"rendered":"\n<p><b>Anul 2022 vine cu multe explozii de culori \u00een ceea ce prive\u0219te vestimenta\u021bia \u0219i \u00eenc\u0103l\u021b\u0103mintea pentru femei. Multe elemente revin din trecut pentru a face furori \u00een prim\u0103vara \u0219i vara acestui an, a\u0219a c\u0103 este bine s\u0103 te preg\u0103te\u0219ti din timp dac\u0103 vrei s\u0103 fii \u00een tendin\u021be. Afl\u0103 din articolul nostru care sunt culorile \u0219i modelele de pantofi care nu trebuie s\u0103 lipseasc\u0103 din garderoba ta!&nbsp;<\/b><\/p>\n\n\n\n<figure class=\"wp-block-gallery has-nested-images columns-default is-cropped wp-block-gallery-1 is-layout-flex wp-block-gallery-is-layout-flex\">\n<figure class=\"wp-block-image size-large\"><img loading=\"lazy\" decoding=\"async\" width=\"768\" height=\"1024\" data-id=\"5088\" src=\"https:\/\/blog.ccc.eu\/ro\/wp-content\/uploads\/2022\/02\/CCC_JF_SS22_47-1-768x1024.jpg\" alt=\"\" class=\"wp-image-5088\" srcset=\"https:\/\/blog.ccc.eu\/ro\/wp-content\/uploads\/2022\/02\/CCC_JF_SS22_47-1-768x1024.jpg 768w, https:\/\/blog.ccc.eu\/ro\/wp-content\/uploads\/2022\/02\/CCC_JF_SS22_47-1-225x300.jpg 225w, https:\/\/blog.ccc.eu\/ro\/wp-content\/uploads\/2022\/02\/CCC_JF_SS22_47-1-100x133.jpg 100w, https:\/\/blog.ccc.eu\/ro\/wp-content\/uploads\/2022\/02\/CCC_JF_SS22_47-1.jpg 1125w\" sizes=\"auto, (max-width: 768px) 100vw, 768px\" \/><\/figure>\n\n\n\n<figure class=\"wp-block-image size-large\"><img loading=\"lazy\" decoding=\"async\" width=\"819\" height=\"1024\" data-id=\"5089\" src=\"https:\/\/blog.ccc.eu\/ro\/wp-content\/uploads\/2022\/02\/CCC_JF_SS22_86-1-819x1024.jpg\" alt=\"\" class=\"wp-image-5089\" srcset=\"https:\/\/blog.ccc.eu\/ro\/wp-content\/uploads\/2022\/02\/CCC_JF_SS22_86-1-819x1024.jpg 819w, https:\/\/blog.ccc.eu\/ro\/wp-content\/uploads\/2022\/02\/CCC_JF_SS22_86-1-240x300.jpg 240w, https:\/\/blog.ccc.eu\/ro\/wp-content\/uploads\/2022\/02\/CCC_JF_SS22_86-1-768x960.jpg 768w, https:\/\/blog.ccc.eu\/ro\/wp-content\/uploads\/2022\/02\/CCC_JF_SS22_86-1-100x125.jpg 100w, https:\/\/blog.ccc.eu\/ro\/wp-content\/uploads\/2022\/02\/CCC_JF_SS22_86-1.jpg 1200w\" sizes=\"auto, (max-width: 819px) 100vw, 819px\" \/><\/figure>\n<\/figure>\n\n\n\n<h2 class=\"wp-block-heading\" id=\"care-sunt-tendin\u021bele-in-moda-generale-pentru-anul-2022\"><strong>Care sunt tendin\u021bele \u00een mod\u0103 generale pentru anul 2022\u00a0<\/strong><\/h2>\n\n\n\n<p>Poate c\u0103 ai auzit despre <a href=\"https:\/\/blog.ccc.eu\/ro\/culoarea-anului-2022-de-la-institutul-pantone\/\" target=\"_blank\" rel=\"noreferrer noopener\">culoarea anului 2022<\/a> care a fost aleas\u0103 de Institutul Pantone. Este vorba despre nuan\u021ba <em>Very Peri<\/em>, care vine la pachet cu alte <a href=\"https:\/\/blog.ccc.eu\/ro\/care-sunt-culorile-la-moda-in-vestimentatie-pentru-anul-2022\/\" target=\"_blank\" rel=\"noreferrer noopener\">culori foarte la mod\u0103 \u00een vestimenta\u021bie<\/a>. Toat\u0103 aceast\u0103 explozie cromatic\u0103 nu spune altceva dec\u00e2t faptul c\u0103 e vremea schimb\u0103rilor \u0219i reg\u0103sirii. Sim\u021bim nevoia s\u0103 ne trezim la via\u021b\u0103 \u0219i vrem s\u0103 exprim\u0103m acest lucru prin intermediul hainelor colorate pe care le purt\u0103m. Dar asta nu e tot!&nbsp;<\/p>\n\n\n\n<p>Mai mult dec\u00e2t cromatica \u021binutelor, moda anilor \u201860 \u0219i \u201870 revine \u00een for\u021b\u0103, al\u0103turi de elemente preluate de la \u00eenceputul anilor 2000. Istoria modei este rescris\u0103 \u0219i adaptat\u0103 la timpul prezent prin elemente precum fustele mini din denim, bluzele largi decoltate \u0219i sabo\u021bi. Hainele \u0219i \u00eenc\u0103l\u021b\u0103mintea sport revin \u0219i ele \u00een trenduri, tocmai pentru c\u0103 ne place mixul dintre confort \u0219i elegan\u021b\u0103. <a href=\"https:\/\/blog.ccc.eu\/ro\/tendintele-in-materie-de-rochii-casual-sport-in-2022\/\" target=\"_blank\" rel=\"noreferrer noopener\">Rochiile casual-sport<\/a> fac deja ravagii, a\u0219a c\u0103 gr\u0103be\u0219te-te s\u0103-\u021bi cumperi modelul favorit!&nbsp;&nbsp;<\/p>\n\n\n\n<p>Anul 2022 ne-a preg\u0103tit diversitate, imprimeuri extravagante \u0219i \u021binute pline de personalitate. Acum, mai mult ca niciodat\u0103, este momentul s\u0103 \u00ee\u021bi pui creativitatea \u00een joc \u0219i s\u0103 \u00ee\u021bi exersezi sim\u021bul artistic. Alege piesele tale vintage preferate \u0219i readu-le \u00een actualitate \u00eempreun\u0103 cu \u00eenc\u0103l\u021b\u0103mintea specific\u0103. \u00cen continuare, \u00ee\u021bi vom spune ce tip de <a href=\"https:\/\/ccc.eu\/ro\/femei\/pantofi\" target=\"_blank\" rel=\"noreferrer noopener\">pantofi<\/a> \u00ee\u021bi va fi indispensabil.&nbsp;&nbsp;<\/p>\n\n\n\n<h2 class=\"wp-block-heading\" id=\"tendin\u021be-in-moda-la-incal\u021bamintea-de-dama-ce-nu-trebuie-sa-\u021bi-lipseasca\"><strong>Tendin\u021be \u00een mod\u0103 la \u00eenc\u0103l\u021b\u0103mintea de dam\u0103: ce nu trebuie s\u0103-\u021bi lipseasc\u0103!\u00a0<\/strong><\/h2>\n\n\n\n<p>Mai jos \u00ee\u021bi vom oferi o list\u0103 a celor mai populare modele de \u00eenc\u0103l\u021b\u0103minte pentru femei pe care trebuie s\u0103 le de\u021bii pentru a contura outfit-uri la mod\u0103 \u00een 2022. Acestea pot fi integrate at\u00e2t \u00een \u021binute casual, c\u00e2t \u0219i elegante, oferindu-\u021bi posibilitatea de a jongla cu <a href=\"https:\/\/blog.ccc.eu\/ro\/cele-7-stiluri-vestimentare-de-baza-tinute-pentru-fiecare-gust\/\" target=\"_blank\" rel=\"noreferrer noopener\">stilurile vestimentare<\/a> pentru a-\u021bi exprima personalitatea. Iat\u0103 ce nu trebuie s\u0103 lipseasc\u0103 din garderoba ta \u00een materie de pantofi:&nbsp;<\/p>\n\n\n\n<h3 class=\"wp-block-heading\" id=\"sabo\u021bi\"><strong>Sabo\u021bi\u00a0<\/strong><\/h3>\n\n\n\n<p><strong><strong><\/strong><\/strong><\/p>\n\n\n\n<p>Sabo\u021bii au revenit \u00een for\u021b\u0103 anul acesta \u0219i sunt aici pentru a r\u0103m\u00e2ne! Sunt un tip de \u00eenc\u0103l\u021b\u0103minte foarte confortabil\u0103, ideal\u0103 pentru sezoanele calde \u00een combina\u021bie cu rochii sau fuste lejere \u0219i \u00een culori vesele. Exist\u0103 mai multe variante din care po\u021bi alege: cu toc gros sau sub\u021bire, cu sau f\u0103r\u0103 baret\u0103 la spate \u0219i \u00een toate culorile pe care \u021bi le po\u021bi imagina.&nbsp;&nbsp;<\/p>\n\n\n\n<p>Noi \u00ee\u021bi recomand\u0103m s\u0103 achizi\u021bionezi mai multe perechi, astfel \u00eenc\u00e2t s\u0103 ai mai multe op\u021biuni atunci c\u00e2nd vrei s\u0103 \u00ee\u021bi creezi un outfit pl\u0103cut pentru vremea \u00eensorit\u0103. Cu astfel de \u00eenc\u0103l\u021b\u0103minte nu va trebui s\u0103 \u00ee\u021bi faci griji \u00een privin\u021ba b\u0103t\u0103turilor cauzate de al\u021bi pantofi sau oboseala picioarelor. Te po\u021bi plimba lini\u0219tit\u0103 prin ora\u0219 \u0219tiind c\u0103 ar\u0103\u021bi foarte chic, iar sabo\u021bii t\u0103i atrag priviri admirative.&nbsp;&nbsp;<\/p>\n\n\n\n<h3 class=\"wp-block-heading\" id=\"incal\u021baminte-sport-cu-platforma\"><strong>\u00cenc\u0103l\u021b\u0103minte sport cu platform\u0103\u00a0<\/strong><\/h3>\n\n\n\n<p>\u00cen special pentru \u021binutele \u00een stilul vestimentar urban sau street-style, <a href=\"https:\/\/ccc.eu\/ro\/femei\/pantofi\/incaltaminte-sport\" target=\"_blank\" rel=\"noreferrer noopener\">\u00eenc\u0103l\u021b\u0103mintea sport<\/a> cu platform\u0103 este un must-have! Poate fi \u00eens\u0103 purtat\u0103 \u0219i la o \u021binut\u0103 casual, \u00eempreun\u0103 cu o <a href=\"https:\/\/ccc.eu\/ro\/haine\/femei\/rochii\" target=\"_blank\" rel=\"noreferrer noopener\">rochie sport<\/a> \u00een culoarea ta preferat\u0103. Po\u021bi aborda un astfel de look atunci c\u00e2nd ai lucruri de rezolvat prin ora\u0219 sau vrei s\u0103 ie\u0219i la o teras\u0103 cu prietenii t\u0103i.&nbsp;&nbsp;<\/p>\n\n\n\n<p>Acest tip de \u00eenc\u0103l\u021b\u0103minte este preferat de majoritate \u00een anul 2022 datorit\u0103 versatilit\u0103\u021bii sale. Poate fi purtat\u0103 cu o gam\u0103 larg\u0103 de obiecte vestimentare, inclusiv fuste sau pantaloni scur\u021bi pe timp de var\u0103. Alege un model care s\u0103 fie potrivit pentru mai multe \u021binute &#8211; at\u00e2t din punct de vedere cromatic, c\u00e2t \u0219i ca aspect.&nbsp;&nbsp;<\/p>\n\n\n\n<p>Noi \u00ee\u021bi recomand\u0103m modelele \u00een culori neutre precum bej, crem sau nude. Po\u021bi asorta cu u\u0219urin\u021b\u0103 astfel de \u00eenc\u0103l\u021b\u0103minte sport \u0219i, mai mult dec\u00e2t at\u00e2t, te vei sim\u021bi foarte confortabil la fiecare pas, indiferent unde te duci.&nbsp;<\/p>\n\n\n\n<h3 class=\"wp-block-heading\" id=\"pantofi-stralucitori\"><strong>Pantofi str\u0103lucitori\u00a0<\/strong><\/h3>\n\n\n\n<p><strong><strong><\/strong><\/strong><\/p>\n\n\n\n<p><a href=\"https:\/\/ccc.eu\/ro\/femei\/pantofi\/incaltaminte-sport\" target=\"_blank\" rel=\"noreferrer noopener\">Pantofii cu toc<\/a> \u00een forme neobi\u0219nuite, \u00een nuan\u021be precum auriu, argintiu sau verde neon sunt foarte \u00een trend anul acesta. Culorile \u021bip\u0103toare \u0219i extravagante te vor ajuta s\u0103 te remarci \u00eentr-o mul\u021bime, \u00een special dac\u0103 participi la un eveniment special unde nu cuno\u0219ti mult\u0103 lume. \u00cen func\u021bie de culoarea rochiei tale, alege o pereche de pantofi str\u0103lucitori verzi, alba\u0219tri, mov sau argintii pentru a-\u021bi completa \u021binuta.&nbsp;<\/p>\n\n\n\n<p>Vrei s\u0103 \u0219tii <a href=\"https:\/\/blog.ccc.eu\/ro\/pantofii-potriviti-pentru-rochia-ta-verde-5-idei-in-functie-de-ocazie\/\" target=\"_blank\" rel=\"noreferrer noopener\">ce culoare se potrive\u0219te cel mai bine cu rochia ta verde<\/a>? Afl\u0103 c\u0103 una dintre acestea este chiar verdele aprins, care te poate transforma \u00een vedeta serii dac\u0103 \u00ee\u021bi accesorizezi outfitul cu stil.&nbsp;&nbsp;<\/p>\n\n\n\n<p>Achizi\u021bioneaz\u0103 cel pu\u021bin o pereche de astfel de pantofi care sunt at\u00e2t confortabili, c\u00e2t \u0219i foarte chic \u0219i las\u0103-te purtat\u0103 de noul val vestimentar care ne-a luat pe to\u021bi cu asalt \u00een 2022!&nbsp;&nbsp;<\/p>\n\n\n\n<p>Tendin\u021bele \u00een mod\u0103 pentru anul 2022 sunt foarte variate, ceea ce \u00ee\u021bi permite s\u0103 \u00ee\u021bi dezl\u0103n\u021bui artistul interior. Cu to\u021bii avem propriile noastre viziuni despre \u021binuta ideal\u0103, a\u0219a c\u0103 acum este momentul t\u0103u s\u0103 \u00eembini toate elementele pe care \u021bi le-am men\u021bionat \u0219i s\u0103 str\u0103luce\u0219ti de-a dreptul oriunde te-ai duce!&nbsp;<\/p>\n","protected":false},"excerpt":{"rendered":"<p>Anul 2022 vine cu multe explozii de culori \u00een ceea ce prive\u0219te vestimenta\u021bia \u0219i \u00eenc\u0103l\u021b\u0103mintea pentru femei. Multe elemente revin din trecut pentru a face furori \u00een prim\u0103vara \u0219i vara acestui an, a\u0219a c\u0103 este bine s\u0103 te preg\u0103te\u0219ti din timp dac\u0103 vrei s\u0103 fii \u00een tendin\u021be. Afl\u0103 din articolul nostru care sunt culorile \u0219i [&hellip;]<\/p>\n","protected":false},"author":16,"featured_media":5087,"comment_status":"open","ping_status":"open","sticky":false,"template":"","format":"standard","meta":{"_acf_changed":false,"footnotes":""},"categories":[6],"tags":[635,704,648,665,719,720],"class_list":["post-5083","post","type-post","status-publish","format-standard","has-post-thumbnail","hentry","category-tendinte","tag-incaltaminte","tag-modapentrufemei","tag-pantofi","tag-sfaturidemoda","tag-tendinte2022","tag-tendinteinmoda"],"acf":[],"yoast_head":"<!-- This site is optimized with the Yoast SEO plugin v26.9 - https:\/\/yoast.com\/product\/yoast-seo-wordpress\/ -->\n<title>Principalele tendin\u021be \u00een mod\u0103 pentru anul 2022\u00a0 - CCC Fashion blog<\/title>\n<meta name=\"description\" content=\"Afla care sunt principalele tendinte in moda pentru anul 2022 si ce trebuie sa se regaseasca in garderoba ta pentru a fi chic in continuare. 2026\" \/>\n<meta name=\"robots\" content=\"index, follow, max-snippet:-1, max-image-preview:large, max-video-preview:-1\" \/>\n<link rel=\"canonical\" href=\"https:\/\/blog.ccc.eu\/ro\/principalele-tendinte-in-moda-pentru-anul-2022\/\" \/>\n<meta property=\"og:locale\" content=\"ro_RO\" \/>\n<meta property=\"og:type\" content=\"article\" \/>\n<meta property=\"og:title\" content=\"Principalele tendin\u021be \u00een mod\u0103 pentru anul 2022\u00a0 - CCC Fashion blog\" \/>\n<meta property=\"og:description\" content=\"Afla care sunt principalele tendinte in moda pentru anul 2022 si ce trebuie sa se regaseasca in garderoba ta pentru a fi chic in continuare.\" \/>\n<meta property=\"og:url\" content=\"https:\/\/blog.ccc.eu\/ro\/principalele-tendinte-in-moda-pentru-anul-2022\/\" \/>\n<meta property=\"og:site_name\" content=\"CCC Fashion blog\" \/>\n<meta property=\"article:published_time\" content=\"2022-02-22T08:20:03+00:00\" \/>\n<meta property=\"article:modified_time\" content=\"2022-02-22T08:20:19+00:00\" \/>\n<meta property=\"og:image\" content=\"https:\/\/blog.ccc.eu\/ro\/wp-content\/uploads\/2022\/02\/CCC_JF_SS22_86.jpg\" \/>\n\t<meta property=\"og:image:width\" content=\"1200\" \/>\n\t<meta property=\"og:image:height\" content=\"1500\" \/>\n\t<meta property=\"og:image:type\" content=\"image\/jpeg\" \/>\n<meta name=\"author\" content=\"Cristina Boncea\" \/>\n<meta name=\"twitter:card\" content=\"summary_large_image\" \/>\n<meta name=\"twitter:label1\" content=\"Scris de\" \/>\n\t<meta name=\"twitter:data1\" content=\"Cristina Boncea\" \/>\n\t<meta name=\"twitter:label2\" content=\"Timp estimat pentru citire\" \/>\n\t<meta name=\"twitter:data2\" content=\"6 minute\" \/>\n<script type=\"application\/ld+json\" class=\"yoast-schema-graph\">{\"@context\":\"https:\/\/schema.org\",\"@graph\":[{\"@type\":\"Article\",\"@id\":\"https:\/\/blog.ccc.eu\/ro\/principalele-tendinte-in-moda-pentru-anul-2022\/#article\",\"isPartOf\":{\"@id\":\"https:\/\/blog.ccc.eu\/ro\/principalele-tendinte-in-moda-pentru-anul-2022\/\"},\"author\":{\"name\":\"Cristina Boncea\",\"@id\":\"https:\/\/blog.ccc.eu\/ro\/#\/schema\/person\/9735c04e95c7b574bdea1696e22bfb4a\"},\"headline\":\"Principalele tendin\u021be \u00een mod\u0103 pentru anul 2022\u00a0\",\"datePublished\":\"2022-02-22T08:20:03+00:00\",\"dateModified\":\"2022-02-22T08:20:19+00:00\",\"mainEntityOfPage\":{\"@id\":\"https:\/\/blog.ccc.eu\/ro\/principalele-tendinte-in-moda-pentru-anul-2022\/\"},\"wordCount\":984,\"commentCount\":0,\"publisher\":{\"@id\":\"https:\/\/blog.ccc.eu\/ro\/#organization\"},\"image\":{\"@id\":\"https:\/\/blog.ccc.eu\/ro\/principalele-tendinte-in-moda-pentru-anul-2022\/#primaryimage\"},\"thumbnailUrl\":\"https:\/\/blog.ccc.eu\/ro\/wp-content\/uploads\/2022\/02\/CCC_JF_SS22_86.jpg\",\"keywords\":[\"incaltaminte\",\"modapentrufemei\",\"pantofi\",\"sfaturidemoda\",\"tendinte2022\",\"tendinteinmoda\"],\"articleSection\":[\"TENDIN\u021aE\"],\"inLanguage\":\"ro-RO\",\"potentialAction\":[{\"@type\":\"CommentAction\",\"name\":\"Comment\",\"target\":[\"https:\/\/blog.ccc.eu\/ro\/principalele-tendinte-in-moda-pentru-anul-2022\/#respond\"]}]},{\"@type\":\"WebPage\",\"@id\":\"https:\/\/blog.ccc.eu\/ro\/principalele-tendinte-in-moda-pentru-anul-2022\/\",\"url\":\"https:\/\/blog.ccc.eu\/ro\/principalele-tendinte-in-moda-pentru-anul-2022\/\",\"name\":\"Principalele tendin\u021be \u00een mod\u0103 pentru anul 2022\u00a0 - CCC Fashion blog\",\"isPartOf\":{\"@id\":\"https:\/\/blog.ccc.eu\/ro\/#website\"},\"primaryImageOfPage\":{\"@id\":\"https:\/\/blog.ccc.eu\/ro\/principalele-tendinte-in-moda-pentru-anul-2022\/#primaryimage\"},\"image\":{\"@id\":\"https:\/\/blog.ccc.eu\/ro\/principalele-tendinte-in-moda-pentru-anul-2022\/#primaryimage\"},\"thumbnailUrl\":\"https:\/\/blog.ccc.eu\/ro\/wp-content\/uploads\/2022\/02\/CCC_JF_SS22_86.jpg\",\"datePublished\":\"2022-02-22T08:20:03+00:00\",\"dateModified\":\"2022-02-22T08:20:19+00:00\",\"description\":\"Afla care sunt principalele tendinte in moda pentru anul 2022 si ce trebuie sa se regaseasca in garderoba ta pentru a fi chic in continuare.\",\"breadcrumb\":{\"@id\":\"https:\/\/blog.ccc.eu\/ro\/principalele-tendinte-in-moda-pentru-anul-2022\/#breadcrumb\"},\"inLanguage\":\"ro-RO\",\"potentialAction\":[{\"@type\":\"ReadAction\",\"target\":[\"https:\/\/blog.ccc.eu\/ro\/principalele-tendinte-in-moda-pentru-anul-2022\/\"]}]},{\"@type\":\"ImageObject\",\"inLanguage\":\"ro-RO\",\"@id\":\"https:\/\/blog.ccc.eu\/ro\/principalele-tendinte-in-moda-pentru-anul-2022\/#primaryimage\",\"url\":\"https:\/\/blog.ccc.eu\/ro\/wp-content\/uploads\/2022\/02\/CCC_JF_SS22_86.jpg\",\"contentUrl\":\"https:\/\/blog.ccc.eu\/ro\/wp-content\/uploads\/2022\/02\/CCC_JF_SS22_86.jpg\",\"width\":1200,\"height\":1500},{\"@type\":\"BreadcrumbList\",\"@id\":\"https:\/\/blog.ccc.eu\/ro\/principalele-tendinte-in-moda-pentru-anul-2022\/#breadcrumb\",\"itemListElement\":[{\"@type\":\"ListItem\",\"position\":1,\"name\":\"Strona g\u0142\u00f3wna\",\"item\":\"https:\/\/blog.ccc.eu\/ro\/\"},{\"@type\":\"ListItem\",\"position\":2,\"name\":\"Principalele tendin\u021be \u00een mod\u0103 pentru anul 2022\u00a0\"}]},{\"@type\":\"WebSite\",\"@id\":\"https:\/\/blog.ccc.eu\/ro\/#website\",\"url\":\"https:\/\/blog.ccc.eu\/ro\/\",\"name\":\"CCC Fashion blog\",\"description\":\"Locul t\u0103u plin de inspira\u021bii \u00een mod\u0103\",\"publisher\":{\"@id\":\"https:\/\/blog.ccc.eu\/ro\/#organization\"},\"potentialAction\":[{\"@type\":\"SearchAction\",\"target\":{\"@type\":\"EntryPoint\",\"urlTemplate\":\"https:\/\/blog.ccc.eu\/ro\/?s={search_term_string}\"},\"query-input\":{\"@type\":\"PropertyValueSpecification\",\"valueRequired\":true,\"valueName\":\"search_term_string\"}}],\"inLanguage\":\"ro-RO\"},{\"@type\":\"Organization\",\"@id\":\"https:\/\/blog.ccc.eu\/ro\/#organization\",\"name\":\"CCC S.A.\",\"url\":\"https:\/\/blog.ccc.eu\/ro\/\",\"logo\":{\"@type\":\"ImageObject\",\"inLanguage\":\"ro-RO\",\"@id\":\"https:\/\/blog.ccc.eu\/ro\/#\/schema\/logo\/image\/\",\"url\":\"https:\/\/blog.ccc.eu\/ro\/wp-content\/uploads\/2021\/11\/logo_ccc.png\",\"contentUrl\":\"https:\/\/blog.ccc.eu\/ro\/wp-content\/uploads\/2021\/11\/logo_ccc.png\",\"width\":730,\"height\":270,\"caption\":\"CCC S.A.\"},\"image\":{\"@id\":\"https:\/\/blog.ccc.eu\/ro\/#\/schema\/logo\/image\/\"}},{\"@type\":\"Person\",\"@id\":\"https:\/\/blog.ccc.eu\/ro\/#\/schema\/person\/9735c04e95c7b574bdea1696e22bfb4a\",\"name\":\"Cristina Boncea\",\"image\":{\"@type\":\"ImageObject\",\"inLanguage\":\"ro-RO\",\"@id\":\"https:\/\/blog.ccc.eu\/ro\/#\/schema\/person\/image\/\",\"url\":\"https:\/\/blog.ccc.eu\/ro\/wp-content\/uploads\/2022\/01\/Cristina-Boncea-100x100.jpeg\",\"contentUrl\":\"https:\/\/blog.ccc.eu\/ro\/wp-content\/uploads\/2022\/01\/Cristina-Boncea-100x100.jpeg\",\"caption\":\"Cristina Boncea\"},\"url\":\"https:\/\/blog.ccc.eu\/ro\/author\/cristina-boncea\/\"}]}<\/script>\n<!-- \/ Yoast SEO plugin. -->","yoast_head_json":{"title":"Principalele tendin\u021be \u00een mod\u0103 pentru anul 2022\u00a0 - CCC Fashion blog","description":"Afla care sunt principalele tendinte in moda pentru anul 2022 si ce trebuie sa se regaseasca in garderoba ta pentru a fi chic in continuare. 2026","robots":{"index":"index","follow":"follow","max-snippet":"max-snippet:-1","max-image-preview":"max-image-preview:large","max-video-preview":"max-video-preview:-1"},"canonical":"https:\/\/blog.ccc.eu\/ro\/principalele-tendinte-in-moda-pentru-anul-2022\/","og_locale":"ro_RO","og_type":"article","og_title":"Principalele tendin\u021be \u00een mod\u0103 pentru anul 2022\u00a0 - CCC Fashion blog","og_description":"Afla care sunt principalele tendinte in moda pentru anul 2022 si ce trebuie sa se regaseasca in garderoba ta pentru a fi chic in continuare.","og_url":"https:\/\/blog.ccc.eu\/ro\/principalele-tendinte-in-moda-pentru-anul-2022\/","og_site_name":"CCC Fashion blog","article_published_time":"2022-02-22T08:20:03+00:00","article_modified_time":"2022-02-22T08:20:19+00:00","og_image":[{"width":1200,"height":1500,"url":"https:\/\/blog.ccc.eu\/ro\/wp-content\/uploads\/2022\/02\/CCC_JF_SS22_86.jpg","type":"image\/jpeg"}],"author":"Cristina Boncea","twitter_card":"summary_large_image","twitter_misc":{"Scris de":"Cristina Boncea","Timp estimat pentru citire":"6 minute"},"schema":{"@context":"https:\/\/schema.org","@graph":[{"@type":"Article","@id":"https:\/\/blog.ccc.eu\/ro\/principalele-tendinte-in-moda-pentru-anul-2022\/#article","isPartOf":{"@id":"https:\/\/blog.ccc.eu\/ro\/principalele-tendinte-in-moda-pentru-anul-2022\/"},"author":{"name":"Cristina Boncea","@id":"https:\/\/blog.ccc.eu\/ro\/#\/schema\/person\/9735c04e95c7b574bdea1696e22bfb4a"},"headline":"Principalele tendin\u021be \u00een mod\u0103 pentru anul 2022\u00a0","datePublished":"2022-02-22T08:20:03+00:00","dateModified":"2022-02-22T08:20:19+00:00","mainEntityOfPage":{"@id":"https:\/\/blog.ccc.eu\/ro\/principalele-tendinte-in-moda-pentru-anul-2022\/"},"wordCount":984,"commentCount":0,"publisher":{"@id":"https:\/\/blog.ccc.eu\/ro\/#organization"},"image":{"@id":"https:\/\/blog.ccc.eu\/ro\/principalele-tendinte-in-moda-pentru-anul-2022\/#primaryimage"},"thumbnailUrl":"https:\/\/blog.ccc.eu\/ro\/wp-content\/uploads\/2022\/02\/CCC_JF_SS22_86.jpg","keywords":["incaltaminte","modapentrufemei","pantofi","sfaturidemoda","tendinte2022","tendinteinmoda"],"articleSection":["TENDIN\u021aE"],"inLanguage":"ro-RO","potentialAction":[{"@type":"CommentAction","name":"Comment","target":["https:\/\/blog.ccc.eu\/ro\/principalele-tendinte-in-moda-pentru-anul-2022\/#respond"]}]},{"@type":"WebPage","@id":"https:\/\/blog.ccc.eu\/ro\/principalele-tendinte-in-moda-pentru-anul-2022\/","url":"https:\/\/blog.ccc.eu\/ro\/principalele-tendinte-in-moda-pentru-anul-2022\/","name":"Principalele tendin\u021be \u00een mod\u0103 pentru anul 2022\u00a0 - CCC Fashion blog","isPartOf":{"@id":"https:\/\/blog.ccc.eu\/ro\/#website"},"primaryImageOfPage":{"@id":"https:\/\/blog.ccc.eu\/ro\/principalele-tendinte-in-moda-pentru-anul-2022\/#primaryimage"},"image":{"@id":"https:\/\/blog.ccc.eu\/ro\/principalele-tendinte-in-moda-pentru-anul-2022\/#primaryimage"},"thumbnailUrl":"https:\/\/blog.ccc.eu\/ro\/wp-content\/uploads\/2022\/02\/CCC_JF_SS22_86.jpg","datePublished":"2022-02-22T08:20:03+00:00","dateModified":"2022-02-22T08:20:19+00:00","description":"Afla care sunt principalele tendinte in moda pentru anul 2022 si ce trebuie sa se regaseasca in garderoba ta pentru a fi chic in continuare.","breadcrumb":{"@id":"https:\/\/blog.ccc.eu\/ro\/principalele-tendinte-in-moda-pentru-anul-2022\/#breadcrumb"},"inLanguage":"ro-RO","potentialAction":[{"@type":"ReadAction","target":["https:\/\/blog.ccc.eu\/ro\/principalele-tendinte-in-moda-pentru-anul-2022\/"]}]},{"@type":"ImageObject","inLanguage":"ro-RO","@id":"https:\/\/blog.ccc.eu\/ro\/principalele-tendinte-in-moda-pentru-anul-2022\/#primaryimage","url":"https:\/\/blog.ccc.eu\/ro\/wp-content\/uploads\/2022\/02\/CCC_JF_SS22_86.jpg","contentUrl":"https:\/\/blog.ccc.eu\/ro\/wp-content\/uploads\/2022\/02\/CCC_JF_SS22_86.jpg","width":1200,"height":1500},{"@type":"BreadcrumbList","@id":"https:\/\/blog.ccc.eu\/ro\/principalele-tendinte-in-moda-pentru-anul-2022\/#breadcrumb","itemListElement":[{"@type":"ListItem","position":1,"name":"Strona g\u0142\u00f3wna","item":"https:\/\/blog.ccc.eu\/ro\/"},{"@type":"ListItem","position":2,"name":"Principalele tendin\u021be \u00een mod\u0103 pentru anul 2022\u00a0"}]},{"@type":"WebSite","@id":"https:\/\/blog.ccc.eu\/ro\/#website","url":"https:\/\/blog.ccc.eu\/ro\/","name":"CCC Fashion blog","description":"Locul t\u0103u plin de inspira\u021bii \u00een mod\u0103","publisher":{"@id":"https:\/\/blog.ccc.eu\/ro\/#organization"},"potentialAction":[{"@type":"SearchAction","target":{"@type":"EntryPoint","urlTemplate":"https:\/\/blog.ccc.eu\/ro\/?s={search_term_string}"},"query-input":{"@type":"PropertyValueSpecification","valueRequired":true,"valueName":"search_term_string"}}],"inLanguage":"ro-RO"},{"@type":"Organization","@id":"https:\/\/blog.ccc.eu\/ro\/#organization","name":"CCC S.A.","url":"https:\/\/blog.ccc.eu\/ro\/","logo":{"@type":"ImageObject","inLanguage":"ro-RO","@id":"https:\/\/blog.ccc.eu\/ro\/#\/schema\/logo\/image\/","url":"https:\/\/blog.ccc.eu\/ro\/wp-content\/uploads\/2021\/11\/logo_ccc.png","contentUrl":"https:\/\/blog.ccc.eu\/ro\/wp-content\/uploads\/2021\/11\/logo_ccc.png","width":730,"height":270,"caption":"CCC S.A."},"image":{"@id":"https:\/\/blog.ccc.eu\/ro\/#\/schema\/logo\/image\/"}},{"@type":"Person","@id":"https:\/\/blog.ccc.eu\/ro\/#\/schema\/person\/9735c04e95c7b574bdea1696e22bfb4a","name":"Cristina Boncea","image":{"@type":"ImageObject","inLanguage":"ro-RO","@id":"https:\/\/blog.ccc.eu\/ro\/#\/schema\/person\/image\/","url":"https:\/\/blog.ccc.eu\/ro\/wp-content\/uploads\/2022\/01\/Cristina-Boncea-100x100.jpeg","contentUrl":"https:\/\/blog.ccc.eu\/ro\/wp-content\/uploads\/2022\/01\/Cristina-Boncea-100x100.jpeg","caption":"Cristina Boncea"},"url":"https:\/\/blog.ccc.eu\/ro\/author\/cristina-boncea\/"}]}},"_links":{"self":[{"href":"https:\/\/blog.ccc.eu\/ro\/wp-json\/wp\/v2\/posts\/5083","targetHints":{"allow":["GET"]}}],"collection":[{"href":"https:\/\/blog.ccc.eu\/ro\/wp-json\/wp\/v2\/posts"}],"about":[{"href":"https:\/\/blog.ccc.eu\/ro\/wp-json\/wp\/v2\/types\/post"}],"author":[{"embeddable":true,"href":"https:\/\/blog.ccc.eu\/ro\/wp-json\/wp\/v2\/users\/16"}],"replies":[{"embeddable":true,"href":"https:\/\/blog.ccc.eu\/ro\/wp-json\/wp\/v2\/comments?post=5083"}],"version-history":[{"count":3,"href":"https:\/\/blog.ccc.eu\/ro\/wp-json\/wp\/v2\/posts\/5083\/revisions"}],"predecessor-version":[{"id":5091,"href":"https:\/\/blog.ccc.eu\/ro\/wp-json\/wp\/v2\/posts\/5083\/revisions\/5091"}],"wp:featuredmedia":[{"embeddable":true,"href":"https:\/\/blog.ccc.eu\/ro\/wp-json\/wp\/v2\/media\/5087"}],"wp:attachment":[{"href":"https:\/\/blog.ccc.eu\/ro\/wp-json\/wp\/v2\/media?parent=5083"}],"wp:term":[{"taxonomy":"category","embeddable":true,"href":"https:\/\/blog.ccc.eu\/ro\/wp-json\/wp\/v2\/categories?post=5083"},{"taxonomy":"post_tag","embeddable":true,"href":"https:\/\/blog.ccc.eu\/ro\/wp-json\/wp\/v2\/tags?post=5083"}],"curies":[{"name":"wp","href":"https:\/\/api.w.org\/{rel}","templated":true}]}}