{"id":5419,"date":"2022-07-05T12:15:59","date_gmt":"2022-07-05T10:15:59","guid":{"rendered":"https:\/\/blog.ccc.eu\/ro\/?p=5419"},"modified":"2023-06-21T12:59:05","modified_gmt":"2023-06-21T10:59:05","slug":"title-moda-anilor-90-din-nou-in-prim-plan","status":"publish","type":"post","link":"https:\/\/blog.ccc.eu\/ro\/title-moda-anilor-90-din-nou-in-prim-plan\/","title":{"rendered":"Moda anilor 90 din nou \u00een prim-plan\u00a0"},"content":{"rendered":"\n<p><b>Moda anilor &#8217;90 este un stil fashion \u00eendr\u0103git chiar \u0219i \u00een prezent, revenind \u00eentotdeauna \u00een topul celor mai populare garderobe feminine \u0219i masculine. <em>Ceea ce este vechi este iar\u0103\u0219i nou! <\/em>A\u0219a c\u0103 preg\u0103te\u0219te o vestimenta\u021bie perfect\u0103 pentru activit\u0103\u021bile de zi cu zi \u0219i chiar pentru evenimentele importante din via\u021ba ta cu haine pline de nostalgie, look retro \u0219i modern totodat\u0103 \u0219i, bine\u00een\u021beles, cu o personalitate de invidiat!&nbsp;<\/b><\/p>\n\n\n\n<p><b>Iube\u0219ti moda anilor \u201890? Acum ai ocazia s\u0103 le ar\u0103\u021bi celor din jur cele mai trendy outfituri ale momentului \u0219i s\u0103 por\u021bi \u00eentotdeauna garderoba favorit\u0103, cu piese atemporale, pline de istorie \u0219i cultur\u0103! Iat\u0103 deci care sunt caracteristicile speciale ce pun \u00een eviden\u021b\u0103 \u021binutele anilor \u201890 fa\u021b\u0103 de toate celelalte look-uri fashion!&nbsp;<\/b><\/p>\n\n\n\n<figure class=\"wp-block-gallery has-nested-images columns-default is-cropped wp-block-gallery-1 is-layout-flex wp-block-gallery-is-layout-flex\">\n<figure class=\"wp-block-image size-large\"><img loading=\"lazy\" decoding=\"async\" width=\"640\" height=\"960\" data-id=\"5421\" src=\"https:\/\/blog.ccc.eu\/ro\/wp-content\/uploads\/2022\/07\/Sprandi_ASerge_035.jpeg\" alt=\"\" class=\"wp-image-5421\" srcset=\"https:\/\/blog.ccc.eu\/ro\/wp-content\/uploads\/2022\/07\/Sprandi_ASerge_035.jpeg 640w, https:\/\/blog.ccc.eu\/ro\/wp-content\/uploads\/2022\/07\/Sprandi_ASerge_035-200x300.jpeg 200w, https:\/\/blog.ccc.eu\/ro\/wp-content\/uploads\/2022\/07\/Sprandi_ASerge_035-100x150.jpeg 100w\" sizes=\"auto, (max-width: 640px) 100vw, 640px\" \/><\/figure>\n\n\n\n<figure class=\"wp-block-image size-large\"><img loading=\"lazy\" decoding=\"async\" width=\"640\" height=\"960\" data-id=\"5420\" src=\"https:\/\/blog.ccc.eu\/ro\/wp-content\/uploads\/2022\/07\/Sprandi_ASerge_054.jpeg\" alt=\"\" class=\"wp-image-5420\" srcset=\"https:\/\/blog.ccc.eu\/ro\/wp-content\/uploads\/2022\/07\/Sprandi_ASerge_054.jpeg 640w, https:\/\/blog.ccc.eu\/ro\/wp-content\/uploads\/2022\/07\/Sprandi_ASerge_054-200x300.jpeg 200w, https:\/\/blog.ccc.eu\/ro\/wp-content\/uploads\/2022\/07\/Sprandi_ASerge_054-100x150.jpeg 100w\" sizes=\"auto, (max-width: 640px) 100vw, 640px\" \/><\/figure>\n<\/figure>\n\n\n\n<h2 class=\"wp-block-heading\"><strong>Caracteristicile modei anilor \u201890&nbsp;<\/strong><\/h2>\n\n\n\n<p>Moda anilor &#8217;90 nu este reprezentat\u0103 doar prin <a href=\"https:\/\/ccc.eu\/ro\/haine\/femei\" target=\"_blank\" rel=\"noreferrer noopener\">piesele vestimentare inedite \u0219i atemporale<\/a>, ci \u0219i prin comportamentul, atitudinea \u0219i stilul de via\u021b\u0103 al tuturor oamenilor, tineri \u0219i adul\u021bi deopotriv\u0103! De la cele mai extravagante outfituri \u0219i p\u00e2n\u0103 la costuma\u021biile de fitness care au dep\u0103\u0219it grani\u021bele s\u0103lii de aerobic \u0219i au fost introduse \u00een outfitul zilnic, fiind lejer \u0219i u\u0219or de asortat.&nbsp;&nbsp;<\/p>\n\n\n\n<p>Pentru un look autentic anilor \u201890, iat\u0103 care sunt cele mai importante caracteristici de nelipsit. Creeaz\u0103-\u021bi \u00eentocmai aspectul dorit, vintage \u0219i modern, personalizat \u0219i plin de voie bun\u0103, pus \u00een eviden\u021b\u0103 \u0219i gata pentru a dep\u0103\u0219i orice provocare!&nbsp;<\/p>\n\n\n\n<h3 class=\"wp-block-heading\"><strong>Haine statement&nbsp;<\/strong><\/h3>\n\n\n\n<p>Printre hainele statement ale modei anilor \u201890 se afl\u0103 pantalonii mom, pantalonii rup\u021bi, jacheta de denim sau piele, <a href=\"https:\/\/ccc.eu\/ro\/haine\/femei\" target=\"_blank\" rel=\"noreferrer noopener\">hanoracul \u0219i alte haine sport<\/a>, rochiile etc. Aceste \u021binute completeaz\u0103 zi de zi garderoba ta retro!&nbsp;<\/p>\n\n\n\n<h3 class=\"wp-block-heading\"><strong>Palete cromatice versatile \u0219i imprimeuri bogate&nbsp;<\/strong><\/h3>\n\n\n\n<p>Culorile extravagante \u0219i puternice, combina\u021biile deosebite de nuan\u021be \u0219i texturi, animal print-ul \u0219i alte <a href=\"https:\/\/blog.ccc.eu\/ro\/imprimeul-floral-10-idei-de-tinute-si-accesoriile-potrivite\/\" target=\"_blank\" rel=\"noreferrer noopener\">imprimeuri puternice florale<\/a>, pigmentate \u0219i bogate \u00een design \u00ee\u0219i au cu siguran\u021b\u0103 locul \u00een acest stil fashion. Explozia de culoare este clar caracteristic\u0103 modei, hainele av\u00e2nd nuan\u021be puternice de galben, violet, verde, albastru, ro\u0219u etc.&nbsp;<\/p>\n\n\n\n<h3 class=\"wp-block-heading\"><strong>Tocuri groase&nbsp;<\/strong><\/h3>\n\n\n\n<p>Tocurile groase sunt perfecte pentru outfiturile anilor &#8217;90 \u0219i totodat\u0103 ideale pentru o \u021binut\u0103 de invidiat \u00een zilele noastre! Fie acestea <a href=\"https:\/\/ccc.eu\/ro\/femei\/pantofi\/sandale\" target=\"_blank\" rel=\"noreferrer noopener\">sandale pentru sezonul c\u0103lduros<\/a> sau o pereche de <a href=\"https:\/\/ccc.eu\/ro\/femei\/pantofi\/categorie:ghete\" target=\"_blank\" rel=\"noreferrer noopener\">ghete excelente pentru toamn\u0103 \u0219i iarn\u0103<\/a>, \u00eenc\u0103l\u021b\u0103mintea cu toc gros va cuceri \u00eentotdeauna privirile celorlal\u021bi, fiind ideale de purtat at\u00e2t pentru activit\u0103\u021bile de lung\u0103 durat\u0103, dar \u0219i pentru ocaziile solemne deoarece. Pantofii sunt foarte confortabili, versatili \u0219i perfec\u021bi oriunde \u0219i oric\u00e2nd!&nbsp;<\/p>\n\n\n\n\n\n\n\n<p><\/p>\n\n\n\n<p>Dac\u0103 e\u0219ti pasionat\u0103 de moda vintage \u0219i de un look plin de istorie, personalitate \u0219i cultur\u0103, atunci combin\u0103 garderoba anilor \u201890 cu influen\u021bele timpului din urm\u0103. Descoper\u0103 <a href=\"https:\/\/blog.ccc.eu\/ro\/moda-anilor-60-din-nou-in-trend-in-2022\/\" target=\"_blank\" rel=\"noreferrer noopener\">piesele vestimentare ale anilor &#8217;60<\/a> \u0219i cum le asortezi pe acestea \u00eentr-un decor fashion perfect din prezent!&nbsp;<\/p>\n\n\n\n<h2 class=\"wp-block-heading\"><strong>Piese vestimentare \u201emust-have\u201d pentru moda anilor \u201890&nbsp;<\/strong><\/h2>\n\n\n\n<h3 class=\"wp-block-heading\"><strong>Hainele din denim&nbsp;<\/strong><\/h3>\n\n\n\n<p>Jachetele, vestele, <a href=\"https:\/\/blog.ccc.eu\/ro\/tinute-cu-pantaloni-scurti-pantofii-si-accesoriile-potrivite-acestora\/\" target=\"_blank\" rel=\"noreferrer noopener\">pantalonii scur\u021bi<\/a> sau lungi din denim au fost o atrac\u021bie irezistibil\u0103 \u00een perioada anilor &#8217;90, iar aceasta s-a p\u0103strat de-a lungul timpului, p\u00e2n\u0103 \u00een prezent. Vei g\u0103si femei \u0219i b\u0103rba\u021bi deopotriv\u0103 care poart\u0103 blugi sau jachete de denim \u00een fiecare zi; acestea f\u0103c\u00e2nd parte din outfitul lor statement \u0219i vintage!&nbsp;<\/p>\n\n\n\n<h3 class=\"wp-block-heading\"><strong>Jacheta de piele&nbsp;<\/strong><\/h3>\n\n\n\n<p>Men\u021bionat anterior, anii &#8217;90 au reprezentat o explozie de comportamente, atitudini \u0219i personalit\u0103\u021bi aparte, fiecare persoan\u0103 dorind s\u0103-\u0219i pun\u0103 \u00een eviden\u021b\u0103 tr\u0103s\u0103turile \u0219i pasiunile. Cu jacheta de piele puteai transmite \u00eentocmai ceea ce doreai, asemeni momentelor din prezent! Exist\u0103 jachete din piele cu model simplu, sau cu \u0219nururi, fermoare, \u021binte etc.&nbsp;<\/p>\n\n\n\n<h3 class=\"wp-block-heading\"><strong>Maioul alb din raiat&nbsp;<\/strong><\/h3>\n\n\n\n<p>O <a href=\"https:\/\/blog.ccc.eu\/ro\/garderoba-capsula-o-solutie-pentru-orice-buget\/\" target=\"_blank\" rel=\"noreferrer noopener\">pies\u0103 atemporal\u0103<\/a> care-\u0219i are originile \u00een moda anilor &#8217;90, maioul alb din raiat face \u00een continuare furori \u00een lumea fashion! Alege pantalonii largi \u0219i lungi, al\u0103turi de <a href=\"https:\/\/ccc.eu\/ro\/femei\/pantofi\/categorie:botine\" target=\"_blank\" rel=\"noreferrer noopener\">botine cu toc gros<\/a>, sandale sau <a href=\"https:\/\/ccc.eu\/ro\/femei\/pantofi\" target=\"_blank\" rel=\"noreferrer noopener\">pantofii favori\u021bi<\/a>!&nbsp;&nbsp;<\/p>\n\n\n\n<h3 class=\"wp-block-heading\"><strong>\u00cenc\u0103l\u021b\u0103mintea sport&nbsp;<\/strong><\/h3>\n\n\n\n<p>Colan\u021bii, tricourile \u0219i bustierele \u0219i-au g\u0103sit locul \u00een moda anilor &#8217;90, acestea fiind purtate zilnic pentru activit\u0103\u021bile gospod\u0103re\u0219ti sau chiar la o plimbare al\u0103turi de familie \u0219i prieteni. <a href=\"https:\/\/ccc.eu\/ro\/femei\/pantofi\/incaltaminte-sport\" target=\"_blank\" rel=\"noreferrer noopener\">\u00cenc\u0103l\u021b\u0103mintea sport<\/a> are, de asemenea, un rol important \u00een lumea fashion! Culorile exagerate, modelul deosebit \u0219i lejeritatea oferit\u0103 de ace\u0219tia cu siguran\u021b\u0103 te vor face mai \u00eencrez\u0103toare \u0219i gata de noi aventuri \u0219i drume\u021bii, fie ele \u00een ora\u0219 sau \u00een excursiile montane!&nbsp;<\/p>\n\n\n\n\n\n\n\n<p><\/p>\n\n\n\n<h3 class=\"wp-block-heading\"><strong>Topuri&nbsp;<\/strong><\/h3>\n\n\n\n<p>Cu siguran\u021b\u0103 ai observat numeroase persoane care poart\u0103 topuri scurte\/ crop tops, fie acestea simple, sub form\u0103 de tricou sau maiou sau cu diverse inser\u021bii \u0219i imprimeuri. Dac\u0103 ai deja \u00een garderob\u0103 c\u00e2teva modele de crop top, atunci nu mai sta pe g\u00e2nduri \u0219i reintrodu-le numaidec\u00e2t \u00een \u021binutele tale zilnice, mai ales \u00een momentele c\u0103lduroase ale sezonului cald!&nbsp;<\/p>\n\n\n\n<h2 class=\"wp-block-heading\"><strong>Accesoriile nelipsite ale modei anilor \u201890&nbsp;<\/strong><\/h2>\n\n\n\n<ul class=\"wp-block-list\">\n<li><strong>Ochelarii de soare ovali <\/strong>&#8211; Erau accesoriile nelipsite ale trendului anilor &#8217;90. <a href=\"https:\/\/ccc.eu\/ro\/accesorii\/femei\/ochelari\" target=\"_blank\" rel=\"noreferrer noopener\">Ochelarii de soare<\/a> pot fi purta\u021bi cu orice \u021binut\u0103 de var\u0103, oferind un look de invidiat \u0219i fiind potrivi\u021bi pentru personalitatea ta!&nbsp;<\/li>\n\n\n\n<li><strong>\u0218ireturile de culori diferite<\/strong> &#8211; Ai v\u0103zut la tineri \u0219i adolescen\u021bi <a href=\"https:\/\/ccc.eu\/ro\/accesorii\/extras-si-ingrijire\/sireturi-pentru-incalaminte-inserturi-incalatoare-de-pantofi\" target=\"_blank\" rel=\"noreferrer noopener\">\u0219ireturi de culori \u0219i modele diferite<\/a>? Ei bine, trebuie s\u0103 \u0219tii c\u0103 acest trend a pornit \u00eenc\u0103 din anii &#8217;90; c\u00e2nd oamenii puneau mult accent pe individualitate, creativitate \u0219i culori bogate!&nbsp;<\/li>\n\n\n\n<li><strong>Curele fashion<\/strong> &#8211; <a href=\"https:\/\/ccc.eu\/ro\/accesorii\/femei\/curele\" target=\"_blank\" rel=\"noreferrer noopener\">Curelele<\/a> nu sunt purtate doar ca accesoriu pentru sus\u021binere, ci sunt \u0219i un decor statement, mai ales pentru persoanele ce fac parte din grupurile nonconformiste care prefer\u0103 s\u0103 poarte dou\u0103 curele la br\u00e2u sau cele care aleg modele \u201erock\u201d, cu \u021binte \u0219i lan\u021buri.&nbsp;<\/li>\n\n\n\n<li><strong>Gen\u021bile <\/strong>&#8211; <a href=\"https:\/\/ccc.eu\/ro\/genti\/genti-pentru-femei\/genti-de-umar\" target=\"_blank\" rel=\"noreferrer noopener\">Gen\u021bile au un rol important \u00een orice stil fashion<\/a>, iar pentru moda anilor &#8217;90 introdu \u00een \u021binutele tale po\u0219ete de um\u0103r, de tip po\u0219ta\u0219, rucsacii din piele sau p\u00e2nz\u0103 etc.&nbsp;<\/li>\n<\/ul>\n\n\n\n<p>Cucere\u0219te-i pe to\u021bi cu vestimenta\u021biile atemporale ale modei anilor \u201890, de la blugi mom la pulovere supradimensionate \u0219i haine cu personalitate, \u00eenc\u0103l\u021b\u0103minte perfect\u0103 pentru stilul abordat \u0219i, bine\u00een\u021beles, accesoriile de nelipsit! Descoper\u0103 <a href=\"https:\/\/ccc.eu\/ro\/\" target=\"_blank\" rel=\"noreferrer noopener\">\u00eentreaga colec\u021bie online CCC<\/a> \u0219i comand\u0103 \u021binutele statement ale look-ului trendy \u0219i vintage al anilor \u201890!&nbsp;<\/p>\n","protected":false},"excerpt":{"rendered":"<p>Moda anilor &#8217;90 este un stil fashion \u00eendr\u0103git chiar \u0219i \u00een prezent, revenind \u00eentotdeauna \u00een topul celor mai populare garderobe feminine \u0219i masculine. Ceea ce este vechi este iar\u0103\u0219i nou! A\u0219a c\u0103 preg\u0103te\u0219te o vestimenta\u021bie perfect\u0103 pentru activit\u0103\u021bile de zi cu zi \u0219i chiar pentru evenimentele importante din via\u021ba ta cu haine pline de nostalgie, [&hellip;]<\/p>\n","protected":false},"author":12,"featured_media":5420,"comment_status":"open","ping_status":"open","sticky":false,"template":"","format":"standard","meta":{"_acf_changed":false,"footnotes":""},"categories":[6],"tags":[792,979,980],"class_list":["post-5419","post","type-post","status-publish","format-standard","has-post-thumbnail","hentry","category-tendinte","tag-fashion","tag-moda-anilor-90","tag-tendite"],"acf":[],"yoast_head":"<!-- This site is optimized with the Yoast SEO plugin v26.9 - https:\/\/yoast.com\/product\/yoast-seo-wordpress\/ -->\n<title>Moda anilor 90 din nou \u00een prim-plan\u00a0 - CCC Fashion blog<\/title>\n<meta name=\"description\" content=\"2026\" \/>\n<meta name=\"robots\" content=\"index, follow, max-snippet:-1, max-image-preview:large, max-video-preview:-1\" \/>\n<link rel=\"canonical\" href=\"https:\/\/blog.ccc.eu\/ro\/title-moda-anilor-90-din-nou-in-prim-plan\/\" \/>\n<meta property=\"og:locale\" content=\"ro_RO\" \/>\n<meta property=\"og:type\" content=\"article\" \/>\n<meta property=\"og:title\" content=\"Moda anilor 90 din nou \u00een prim-plan\u00a0 - CCC Fashion blog\" \/>\n<meta property=\"og:description\" content=\"Moda anilor &#8217;90 este un stil fashion \u00eendr\u0103git chiar \u0219i \u00een prezent, revenind \u00eentotdeauna \u00een topul celor mai populare garderobe feminine \u0219i masculine. Ceea ce este vechi este iar\u0103\u0219i nou! A\u0219a c\u0103 preg\u0103te\u0219te o vestimenta\u021bie perfect\u0103 pentru activit\u0103\u021bile de zi cu zi \u0219i chiar pentru evenimentele importante din via\u021ba ta cu haine pline de nostalgie, [&hellip;]\" \/>\n<meta property=\"og:url\" content=\"https:\/\/blog.ccc.eu\/ro\/title-moda-anilor-90-din-nou-in-prim-plan\/\" \/>\n<meta property=\"og:site_name\" content=\"CCC Fashion blog\" \/>\n<meta property=\"article:published_time\" content=\"2022-07-05T10:15:59+00:00\" \/>\n<meta property=\"article:modified_time\" content=\"2023-06-21T10:59:05+00:00\" \/>\n<meta property=\"og:image\" content=\"https:\/\/blog.ccc.eu\/ro\/wp-content\/uploads\/2022\/07\/Sprandi_ASerge_054.jpeg\" \/>\n\t<meta property=\"og:image:width\" content=\"640\" \/>\n\t<meta property=\"og:image:height\" content=\"960\" \/>\n\t<meta property=\"og:image:type\" content=\"image\/jpeg\" \/>\n<meta name=\"author\" content=\"Cezara Marin\" \/>\n<meta name=\"twitter:card\" content=\"summary_large_image\" \/>\n<meta name=\"twitter:label1\" content=\"Scris de\" \/>\n\t<meta name=\"twitter:data1\" content=\"Cezara Marin\" \/>\n\t<meta name=\"twitter:label2\" content=\"Timp estimat pentru citire\" \/>\n\t<meta name=\"twitter:data2\" content=\"6 minute\" \/>\n<script type=\"application\/ld+json\" class=\"yoast-schema-graph\">{\"@context\":\"https:\/\/schema.org\",\"@graph\":[{\"@type\":\"Article\",\"@id\":\"https:\/\/blog.ccc.eu\/ro\/title-moda-anilor-90-din-nou-in-prim-plan\/#article\",\"isPartOf\":{\"@id\":\"https:\/\/blog.ccc.eu\/ro\/title-moda-anilor-90-din-nou-in-prim-plan\/\"},\"author\":{\"name\":\"Cezara Marin\",\"@id\":\"https:\/\/blog.ccc.eu\/ro\/#\/schema\/person\/1459f4c13ee85ff93053f189d05193ff\"},\"headline\":\"Moda anilor 90 din nou \u00een prim-plan\u00a0\",\"datePublished\":\"2022-07-05T10:15:59+00:00\",\"dateModified\":\"2023-06-21T10:59:05+00:00\",\"mainEntityOfPage\":{\"@id\":\"https:\/\/blog.ccc.eu\/ro\/title-moda-anilor-90-din-nou-in-prim-plan\/\"},\"wordCount\":1061,\"commentCount\":0,\"publisher\":{\"@id\":\"https:\/\/blog.ccc.eu\/ro\/#organization\"},\"image\":{\"@id\":\"https:\/\/blog.ccc.eu\/ro\/title-moda-anilor-90-din-nou-in-prim-plan\/#primaryimage\"},\"thumbnailUrl\":\"https:\/\/blog.ccc.eu\/ro\/wp-content\/uploads\/2022\/07\/Sprandi_ASerge_054.jpeg\",\"keywords\":[\"fashion\",\"moda anilor 90\",\"tendite\"],\"articleSection\":[\"TENDIN\u021aE\"],\"inLanguage\":\"ro-RO\",\"potentialAction\":[{\"@type\":\"CommentAction\",\"name\":\"Comment\",\"target\":[\"https:\/\/blog.ccc.eu\/ro\/title-moda-anilor-90-din-nou-in-prim-plan\/#respond\"]}]},{\"@type\":\"WebPage\",\"@id\":\"https:\/\/blog.ccc.eu\/ro\/title-moda-anilor-90-din-nou-in-prim-plan\/\",\"url\":\"https:\/\/blog.ccc.eu\/ro\/title-moda-anilor-90-din-nou-in-prim-plan\/\",\"name\":\"Moda anilor 90 din nou \u00een prim-plan\u00a0 - CCC Fashion blog\",\"isPartOf\":{\"@id\":\"https:\/\/blog.ccc.eu\/ro\/#website\"},\"primaryImageOfPage\":{\"@id\":\"https:\/\/blog.ccc.eu\/ro\/title-moda-anilor-90-din-nou-in-prim-plan\/#primaryimage\"},\"image\":{\"@id\":\"https:\/\/blog.ccc.eu\/ro\/title-moda-anilor-90-din-nou-in-prim-plan\/#primaryimage\"},\"thumbnailUrl\":\"https:\/\/blog.ccc.eu\/ro\/wp-content\/uploads\/2022\/07\/Sprandi_ASerge_054.jpeg\",\"datePublished\":\"2022-07-05T10:15:59+00:00\",\"dateModified\":\"2023-06-21T10:59:05+00:00\",\"breadcrumb\":{\"@id\":\"https:\/\/blog.ccc.eu\/ro\/title-moda-anilor-90-din-nou-in-prim-plan\/#breadcrumb\"},\"inLanguage\":\"ro-RO\",\"potentialAction\":[{\"@type\":\"ReadAction\",\"target\":[\"https:\/\/blog.ccc.eu\/ro\/title-moda-anilor-90-din-nou-in-prim-plan\/\"]}]},{\"@type\":\"ImageObject\",\"inLanguage\":\"ro-RO\",\"@id\":\"https:\/\/blog.ccc.eu\/ro\/title-moda-anilor-90-din-nou-in-prim-plan\/#primaryimage\",\"url\":\"https:\/\/blog.ccc.eu\/ro\/wp-content\/uploads\/2022\/07\/Sprandi_ASerge_054.jpeg\",\"contentUrl\":\"https:\/\/blog.ccc.eu\/ro\/wp-content\/uploads\/2022\/07\/Sprandi_ASerge_054.jpeg\",\"width\":640,\"height\":960},{\"@type\":\"BreadcrumbList\",\"@id\":\"https:\/\/blog.ccc.eu\/ro\/title-moda-anilor-90-din-nou-in-prim-plan\/#breadcrumb\",\"itemListElement\":[{\"@type\":\"ListItem\",\"position\":1,\"name\":\"Strona g\u0142\u00f3wna\",\"item\":\"https:\/\/blog.ccc.eu\/ro\/\"},{\"@type\":\"ListItem\",\"position\":2,\"name\":\"Moda anilor 90 din nou \u00een prim-plan\u00a0\"}]},{\"@type\":\"WebSite\",\"@id\":\"https:\/\/blog.ccc.eu\/ro\/#website\",\"url\":\"https:\/\/blog.ccc.eu\/ro\/\",\"name\":\"CCC Fashion blog\",\"description\":\"Locul t\u0103u plin de inspira\u021bii \u00een mod\u0103\",\"publisher\":{\"@id\":\"https:\/\/blog.ccc.eu\/ro\/#organization\"},\"potentialAction\":[{\"@type\":\"SearchAction\",\"target\":{\"@type\":\"EntryPoint\",\"urlTemplate\":\"https:\/\/blog.ccc.eu\/ro\/?s={search_term_string}\"},\"query-input\":{\"@type\":\"PropertyValueSpecification\",\"valueRequired\":true,\"valueName\":\"search_term_string\"}}],\"inLanguage\":\"ro-RO\"},{\"@type\":\"Organization\",\"@id\":\"https:\/\/blog.ccc.eu\/ro\/#organization\",\"name\":\"CCC S.A.\",\"url\":\"https:\/\/blog.ccc.eu\/ro\/\",\"logo\":{\"@type\":\"ImageObject\",\"inLanguage\":\"ro-RO\",\"@id\":\"https:\/\/blog.ccc.eu\/ro\/#\/schema\/logo\/image\/\",\"url\":\"https:\/\/blog.ccc.eu\/ro\/wp-content\/uploads\/2021\/11\/logo_ccc.png\",\"contentUrl\":\"https:\/\/blog.ccc.eu\/ro\/wp-content\/uploads\/2021\/11\/logo_ccc.png\",\"width\":730,\"height\":270,\"caption\":\"CCC S.A.\"},\"image\":{\"@id\":\"https:\/\/blog.ccc.eu\/ro\/#\/schema\/logo\/image\/\"}},{\"@type\":\"Person\",\"@id\":\"https:\/\/blog.ccc.eu\/ro\/#\/schema\/person\/1459f4c13ee85ff93053f189d05193ff\",\"name\":\"Cezara Marin\",\"image\":{\"@type\":\"ImageObject\",\"inLanguage\":\"ro-RO\",\"@id\":\"https:\/\/blog.ccc.eu\/ro\/#\/schema\/person\/image\/\",\"url\":\"https:\/\/blog.ccc.eu\/ro\/wp-content\/uploads\/2022\/01\/Cezara-Marin-100x100.jpeg\",\"contentUrl\":\"https:\/\/blog.ccc.eu\/ro\/wp-content\/uploads\/2022\/01\/Cezara-Marin-100x100.jpeg\",\"caption\":\"Cezara Marin\"},\"url\":\"https:\/\/blog.ccc.eu\/ro\/author\/cezara-marin\/\"}]}<\/script>\n<!-- \/ Yoast SEO plugin. -->","yoast_head_json":{"title":"Moda anilor 90 din nou \u00een prim-plan\u00a0 - CCC Fashion blog","description":"2026","robots":{"index":"index","follow":"follow","max-snippet":"max-snippet:-1","max-image-preview":"max-image-preview:large","max-video-preview":"max-video-preview:-1"},"canonical":"https:\/\/blog.ccc.eu\/ro\/title-moda-anilor-90-din-nou-in-prim-plan\/","og_locale":"ro_RO","og_type":"article","og_title":"Moda anilor 90 din nou \u00een prim-plan\u00a0 - CCC Fashion blog","og_description":"Moda anilor &#8217;90 este un stil fashion \u00eendr\u0103git chiar \u0219i \u00een prezent, revenind \u00eentotdeauna \u00een topul celor mai populare garderobe feminine \u0219i masculine. Ceea ce este vechi este iar\u0103\u0219i nou! A\u0219a c\u0103 preg\u0103te\u0219te o vestimenta\u021bie perfect\u0103 pentru activit\u0103\u021bile de zi cu zi \u0219i chiar pentru evenimentele importante din via\u021ba ta cu haine pline de nostalgie, [&hellip;]","og_url":"https:\/\/blog.ccc.eu\/ro\/title-moda-anilor-90-din-nou-in-prim-plan\/","og_site_name":"CCC Fashion blog","article_published_time":"2022-07-05T10:15:59+00:00","article_modified_time":"2023-06-21T10:59:05+00:00","og_image":[{"width":640,"height":960,"url":"https:\/\/blog.ccc.eu\/ro\/wp-content\/uploads\/2022\/07\/Sprandi_ASerge_054.jpeg","type":"image\/jpeg"}],"author":"Cezara Marin","twitter_card":"summary_large_image","twitter_misc":{"Scris de":"Cezara Marin","Timp estimat pentru citire":"6 minute"},"schema":{"@context":"https:\/\/schema.org","@graph":[{"@type":"Article","@id":"https:\/\/blog.ccc.eu\/ro\/title-moda-anilor-90-din-nou-in-prim-plan\/#article","isPartOf":{"@id":"https:\/\/blog.ccc.eu\/ro\/title-moda-anilor-90-din-nou-in-prim-plan\/"},"author":{"name":"Cezara Marin","@id":"https:\/\/blog.ccc.eu\/ro\/#\/schema\/person\/1459f4c13ee85ff93053f189d05193ff"},"headline":"Moda anilor 90 din nou \u00een prim-plan\u00a0","datePublished":"2022-07-05T10:15:59+00:00","dateModified":"2023-06-21T10:59:05+00:00","mainEntityOfPage":{"@id":"https:\/\/blog.ccc.eu\/ro\/title-moda-anilor-90-din-nou-in-prim-plan\/"},"wordCount":1061,"commentCount":0,"publisher":{"@id":"https:\/\/blog.ccc.eu\/ro\/#organization"},"image":{"@id":"https:\/\/blog.ccc.eu\/ro\/title-moda-anilor-90-din-nou-in-prim-plan\/#primaryimage"},"thumbnailUrl":"https:\/\/blog.ccc.eu\/ro\/wp-content\/uploads\/2022\/07\/Sprandi_ASerge_054.jpeg","keywords":["fashion","moda anilor 90","tendite"],"articleSection":["TENDIN\u021aE"],"inLanguage":"ro-RO","potentialAction":[{"@type":"CommentAction","name":"Comment","target":["https:\/\/blog.ccc.eu\/ro\/title-moda-anilor-90-din-nou-in-prim-plan\/#respond"]}]},{"@type":"WebPage","@id":"https:\/\/blog.ccc.eu\/ro\/title-moda-anilor-90-din-nou-in-prim-plan\/","url":"https:\/\/blog.ccc.eu\/ro\/title-moda-anilor-90-din-nou-in-prim-plan\/","name":"Moda anilor 90 din nou \u00een prim-plan\u00a0 - CCC Fashion blog","isPartOf":{"@id":"https:\/\/blog.ccc.eu\/ro\/#website"},"primaryImageOfPage":{"@id":"https:\/\/blog.ccc.eu\/ro\/title-moda-anilor-90-din-nou-in-prim-plan\/#primaryimage"},"image":{"@id":"https:\/\/blog.ccc.eu\/ro\/title-moda-anilor-90-din-nou-in-prim-plan\/#primaryimage"},"thumbnailUrl":"https:\/\/blog.ccc.eu\/ro\/wp-content\/uploads\/2022\/07\/Sprandi_ASerge_054.jpeg","datePublished":"2022-07-05T10:15:59+00:00","dateModified":"2023-06-21T10:59:05+00:00","breadcrumb":{"@id":"https:\/\/blog.ccc.eu\/ro\/title-moda-anilor-90-din-nou-in-prim-plan\/#breadcrumb"},"inLanguage":"ro-RO","potentialAction":[{"@type":"ReadAction","target":["https:\/\/blog.ccc.eu\/ro\/title-moda-anilor-90-din-nou-in-prim-plan\/"]}]},{"@type":"ImageObject","inLanguage":"ro-RO","@id":"https:\/\/blog.ccc.eu\/ro\/title-moda-anilor-90-din-nou-in-prim-plan\/#primaryimage","url":"https:\/\/blog.ccc.eu\/ro\/wp-content\/uploads\/2022\/07\/Sprandi_ASerge_054.jpeg","contentUrl":"https:\/\/blog.ccc.eu\/ro\/wp-content\/uploads\/2022\/07\/Sprandi_ASerge_054.jpeg","width":640,"height":960},{"@type":"BreadcrumbList","@id":"https:\/\/blog.ccc.eu\/ro\/title-moda-anilor-90-din-nou-in-prim-plan\/#breadcrumb","itemListElement":[{"@type":"ListItem","position":1,"name":"Strona g\u0142\u00f3wna","item":"https:\/\/blog.ccc.eu\/ro\/"},{"@type":"ListItem","position":2,"name":"Moda anilor 90 din nou \u00een prim-plan\u00a0"}]},{"@type":"WebSite","@id":"https:\/\/blog.ccc.eu\/ro\/#website","url":"https:\/\/blog.ccc.eu\/ro\/","name":"CCC Fashion blog","description":"Locul t\u0103u plin de inspira\u021bii \u00een mod\u0103","publisher":{"@id":"https:\/\/blog.ccc.eu\/ro\/#organization"},"potentialAction":[{"@type":"SearchAction","target":{"@type":"EntryPoint","urlTemplate":"https:\/\/blog.ccc.eu\/ro\/?s={search_term_string}"},"query-input":{"@type":"PropertyValueSpecification","valueRequired":true,"valueName":"search_term_string"}}],"inLanguage":"ro-RO"},{"@type":"Organization","@id":"https:\/\/blog.ccc.eu\/ro\/#organization","name":"CCC S.A.","url":"https:\/\/blog.ccc.eu\/ro\/","logo":{"@type":"ImageObject","inLanguage":"ro-RO","@id":"https:\/\/blog.ccc.eu\/ro\/#\/schema\/logo\/image\/","url":"https:\/\/blog.ccc.eu\/ro\/wp-content\/uploads\/2021\/11\/logo_ccc.png","contentUrl":"https:\/\/blog.ccc.eu\/ro\/wp-content\/uploads\/2021\/11\/logo_ccc.png","width":730,"height":270,"caption":"CCC S.A."},"image":{"@id":"https:\/\/blog.ccc.eu\/ro\/#\/schema\/logo\/image\/"}},{"@type":"Person","@id":"https:\/\/blog.ccc.eu\/ro\/#\/schema\/person\/1459f4c13ee85ff93053f189d05193ff","name":"Cezara Marin","image":{"@type":"ImageObject","inLanguage":"ro-RO","@id":"https:\/\/blog.ccc.eu\/ro\/#\/schema\/person\/image\/","url":"https:\/\/blog.ccc.eu\/ro\/wp-content\/uploads\/2022\/01\/Cezara-Marin-100x100.jpeg","contentUrl":"https:\/\/blog.ccc.eu\/ro\/wp-content\/uploads\/2022\/01\/Cezara-Marin-100x100.jpeg","caption":"Cezara Marin"},"url":"https:\/\/blog.ccc.eu\/ro\/author\/cezara-marin\/"}]}},"_links":{"self":[{"href":"https:\/\/blog.ccc.eu\/ro\/wp-json\/wp\/v2\/posts\/5419","targetHints":{"allow":["GET"]}}],"collection":[{"href":"https:\/\/blog.ccc.eu\/ro\/wp-json\/wp\/v2\/posts"}],"about":[{"href":"https:\/\/blog.ccc.eu\/ro\/wp-json\/wp\/v2\/types\/post"}],"author":[{"embeddable":true,"href":"https:\/\/blog.ccc.eu\/ro\/wp-json\/wp\/v2\/users\/12"}],"replies":[{"embeddable":true,"href":"https:\/\/blog.ccc.eu\/ro\/wp-json\/wp\/v2\/comments?post=5419"}],"version-history":[{"count":3,"href":"https:\/\/blog.ccc.eu\/ro\/wp-json\/wp\/v2\/posts\/5419\/revisions"}],"predecessor-version":[{"id":6446,"href":"https:\/\/blog.ccc.eu\/ro\/wp-json\/wp\/v2\/posts\/5419\/revisions\/6446"}],"wp:featuredmedia":[{"embeddable":true,"href":"https:\/\/blog.ccc.eu\/ro\/wp-json\/wp\/v2\/media\/5420"}],"wp:attachment":[{"href":"https:\/\/blog.ccc.eu\/ro\/wp-json\/wp\/v2\/media?parent=5419"}],"wp:term":[{"taxonomy":"category","embeddable":true,"href":"https:\/\/blog.ccc.eu\/ro\/wp-json\/wp\/v2\/categories?post=5419"},{"taxonomy":"post_tag","embeddable":true,"href":"https:\/\/blog.ccc.eu\/ro\/wp-json\/wp\/v2\/tags?post=5419"}],"curies":[{"name":"wp","href":"https:\/\/api.w.org\/{rel}","templated":true}]}}