{"id":5426,"date":"2022-07-11T09:51:10","date_gmt":"2022-07-11T07:51:10","guid":{"rendered":"https:\/\/blog.ccc.eu\/ro\/?p=5426"},"modified":"2022-10-26T09:27:24","modified_gmt":"2022-10-26T07:27:24","slug":"moda-anilor-80-reinterpretata-in-2022","status":"publish","type":"post","link":"https:\/\/blog.ccc.eu\/ro\/moda-anilor-80-reinterpretata-in-2022\/","title":{"rendered":"Moda anilor 80 reinterpretat\u0103 \u00een 2022\u00a0"},"content":{"rendered":"\n<p><b>Decada anilor \u201880 ocup\u0103 un loc unic \u00een lumea modei, a tendin\u021belor \u0219i a stilurilor. C\u00e2nd spunem \u201eanii \u201880\u201d, ne ducem cu g\u00e2ndul la explozia de culori, la excesul \u0219i la opulen\u021ba care descriu stilurile vestimentare predominante ale acelei perioade. \u00cen moda anilor \u201880, limitele se estompeaz\u0103 \u0219i dau curs libert\u0103\u021bii de a aborda un stil atipic \u0219i ostentativ, care s\u0103 atrag\u0103 toate privirile.&nbsp;&nbsp;<\/b><\/p>\n\n\n\n<p>Moda este ciclic\u0103, iar \u00een prezent se remarc\u0103 o \u00eentoarcere \u00een timp \u0219i o reinterpretare a trendurilor decadelor trecute. \u0218i aici nu facem referire doar la moda anilor 80, ci \u0219i la <a href=\"https:\/\/blog.ccc.eu\/ro\/moda-anilor-60-din-nou-in-trend-in-2022\/\" target=\"_blank\" rel=\"noreferrer noopener\">moda anilor \u201860<\/a> sau sofisticatele <a href=\"https:\/\/blog.ccc.eu\/ro\/trendurile-anilor-50-si-moda-actuala\/\" target=\"_blank\" rel=\"noreferrer noopener\">trenduri ale anilor \u201850<\/a>. \u00cenainte \u00eens\u0103 de a-\u021bi propune combina\u021bii vestimentare moderne inspirate din moda anilor \u201880, \u00ee\u021bi vom prezenta principalele caracteristici ale anilor \u201880 \u00een mod\u0103.&nbsp;&nbsp;<\/p>\n\n\n\n<p>Mai mult, vom analiza cum era moda anilor \u201880 \u00een Rom\u00e2nia, dar \u0219i care erau elementele vestimentare esen\u021biale \u00een acea perioad\u0103. Iat\u0103 de ce moda anilor \u201880 este reinterpretat\u0103 \u00een <a href=\"https:\/\/blog.ccc.eu\/ro\/principalele-tendinte-in-moda-pentru-anul-2022\/\" target=\"_blank\" rel=\"noreferrer noopener\">tendin\u021bele \u00een mod\u0103 din 2022<\/a>!&nbsp;<\/p>\n\n\n\n<p>&nbsp;<\/p>\n\n\n\n<figure class=\"wp-block-gallery has-nested-images columns-default is-cropped wp-block-gallery-1 is-layout-flex wp-block-gallery-is-layout-flex\">\n<figure class=\"wp-block-image size-large\"><img loading=\"lazy\" decoding=\"async\" width=\"765\" height=\"1020\" data-id=\"5428\" src=\"https:\/\/blog.ccc.eu\/ro\/wp-content\/uploads\/2022\/07\/Shot_04_022_V7_PORTRAIT.jpg\" alt=\"\" class=\"wp-image-5428\" srcset=\"https:\/\/blog.ccc.eu\/ro\/wp-content\/uploads\/2022\/07\/Shot_04_022_V7_PORTRAIT.jpg 765w, https:\/\/blog.ccc.eu\/ro\/wp-content\/uploads\/2022\/07\/Shot_04_022_V7_PORTRAIT-225x300.jpg 225w, https:\/\/blog.ccc.eu\/ro\/wp-content\/uploads\/2022\/07\/Shot_04_022_V7_PORTRAIT-100x133.jpg 100w\" sizes=\"auto, (max-width: 765px) 100vw, 765px\" \/><\/figure>\n\n\n\n<figure class=\"wp-block-image size-large\"><img loading=\"lazy\" decoding=\"async\" width=\"765\" height=\"1020\" data-id=\"5429\" src=\"https:\/\/blog.ccc.eu\/ro\/wp-content\/uploads\/2022\/07\/Shot_06_053_V6_PORTRAIT.jpg\" alt=\"\" class=\"wp-image-5429\" srcset=\"https:\/\/blog.ccc.eu\/ro\/wp-content\/uploads\/2022\/07\/Shot_06_053_V6_PORTRAIT.jpg 765w, https:\/\/blog.ccc.eu\/ro\/wp-content\/uploads\/2022\/07\/Shot_06_053_V6_PORTRAIT-225x300.jpg 225w, https:\/\/blog.ccc.eu\/ro\/wp-content\/uploads\/2022\/07\/Shot_06_053_V6_PORTRAIT-100x133.jpg 100w\" sizes=\"auto, (max-width: 765px) 100vw, 765px\" \/><\/figure>\n<\/figure>\n\n\n\n<h2 class=\"wp-block-heading\"><strong>Caracteristici ale modei anilor \u201880&nbsp;<\/strong><\/h2>\n\n\n\n<p>Anii \u201880 \u0219i-au revendicat u\u0219or locul \u00een istoria modei, av\u00e2nd o influen\u021b\u0103 colosal\u0103 asupra trendurilor de ast\u0103zi. Atunci c\u00e2nd vorbim despre stilul anilor \u201880 ne g\u00e2ndim la culori neon \u0219i pastel, la accesorii impozante, la un machiaj intens sau la p\u0103rul tapat. Aceast\u0103 \u00eendr\u0103zneal\u0103 \u00een termeni de mod\u0103 a fost rezultatul revolu\u021biei feministe din anii \u201860 \u0219i \u201870, ce le-a \u00eencurajat pe femei s\u0103 fie mai \u00eencrez\u0103toare, independente \u0219i puternice.&nbsp;&nbsp;<\/p>\n\n\n\n<p>Multe dintre aceste tendin\u021be au f\u0103cut furori datorit\u0103 multor celebrit\u0103\u021bi \u0219i designeri de mod\u0103. De pild\u0103, Madonna era personajul principal, reprezent\u00e2nd tinere\u021bea pop a acelor vremuri. Moda anilor \u201880 este \u0219i cea care ne face cuno\u0219tin\u021b\u0103 cu cele mai populare modele ale vremii, precum Brooke Shields, Carol Art, Dalma Callado sau Farida Khelfa.&nbsp;&nbsp;<\/p>\n\n\n\n<p>Plin\u0103 de complexitate, moda anilor \u201880 poate fi destul de dificil de caracterizat, \u00eens\u0103 exist\u0103 c\u00e2teva elemente specifice ale acestei perioade, care o diferen\u021biaz\u0103 din punct de vedere estetic \u00een istoria modei. Dintre acestea enumer\u0103m:&nbsp;&nbsp;<\/p>\n\n\n\n<ul class=\"wp-block-list\"><li>Hainele supradimensionate&nbsp;&nbsp;<\/li><\/ul>\n\n\n\n<p>\u00cen aceast\u0103 perioad\u0103 erau la mod\u0103 costumele \u0219i jachetele cu umeri supradimensiona\u021bi, care inspirau independen\u021ba femeilor care le purtau.&nbsp;&nbsp;<\/p>\n\n\n\n<ul class=\"wp-block-list\"><li>Excesul de culoare&nbsp;&nbsp;<\/li><\/ul>\n\n\n\n<p>Culorile \u00ee\u0219i fac sim\u021bit\u0103 prezen\u021ba \u00een moda anilor \u201880 at\u00e2t \u00een vestimenta\u021bie, c\u00e2t \u0219i la nivel de accesorii \u0219i machiaj.&nbsp;&nbsp;<\/p>\n\n\n\n<ul class=\"wp-block-list\"><li>Accesoriile extravagante&nbsp;&nbsp;<\/li><\/ul>\n\n\n\n<p>Moda anilor \u201880 era despre opulen\u021b\u0103, prin urmare, cu c\u00e2t accesoriile ie\u0219eau c\u00e2t mai mult \u00een eviden\u021b\u0103, cu at\u00e2t mai bine. Tot acum apar \u00een mod\u0103 \u0219i paietele, al\u0103turi de culorile neon.&nbsp;&nbsp;<\/p>\n\n\n\n<ul class=\"wp-block-list\"><li>Piesele vestimentare unisex&nbsp;&nbsp;<\/li><\/ul>\n\n\n\n<p>Acestea erau ideale at\u00e2t pentru \u021binutele de femei, c\u00e2t \u0219i pentru cele de b\u0103rba\u021bi. De cele mai multe ori, acestea erau inspirate de moda sport a decadei.&nbsp;&nbsp;<\/p>\n\n\n\n<ul class=\"wp-block-list\"><li>Articolele din denim&nbsp;&nbsp;<\/li><\/ul>\n\n\n\n<p>Aceste articole vestimentare erau la mare c\u0103utarea \u00een moda anilor \u201880, \u00een special blugii rup\u021bi sau cu aspect presp\u0103lat.&nbsp;&nbsp;<\/p>\n\n\n\n<h2 class=\"wp-block-heading\"><strong>Stiluri vestimentare populare \u00een anii \u201880&nbsp;<\/strong><\/h2>\n\n\n\n<p>De\u0219i moda anilor \u201880 este asociat\u0103 \u00een principiu cu stilul disco, redat de hainele cu aspect lucios, paiete, machiaj extravagant \u0219i pantaloni mula\u021bi, \u00een aceast\u0103 perioad\u0103 erau \u00een vog\u0103 numeroase stiluri vestimentare inspirate de muzica momentului. Acestea au inspirat, la r\u00e2ndul lor, numeroase trenduri diferite \u00een lumea modei.&nbsp;<\/p>\n\n\n\n<p>A\u0219adar, moda acestei perioade a oferit tuturor o nou\u0103 perspectiv\u0103 fashion, dar \u0219i oportunitatea de a se afirma prin intermediul vestimenta\u021biei. Iat\u0103 ce stiluri vestimentare au stat la baza modei anilor \u201880!&nbsp;&nbsp;<\/p>\n\n\n\n<h3 class=\"wp-block-heading\"><strong>Stilul rock \u0219i punk&nbsp;<\/strong><\/h3>\n\n\n\n<p>Rebelii din anii \u201880 continuau s\u0103 uimeasc\u0103 societatea prin vestimenta\u021biile lor non-conformiste \u0219i a mesajelor transmise prin intermediul pieselor vestimentare. Stilurile rock \u0219i punk au avut un impact major \u00een ni\u0219a modei acelei perioade, ele fiind influen\u021bate de muzic\u0103, dar \u0219i de personalit\u0103\u021bile puternice ale adep\u021bilor acestor genuri. Piesele vestimentare care st\u0103teau la baza acestor stiluri erau:&nbsp;&nbsp;<\/p>\n\n\n\n<ul class=\"wp-block-list\"><li>Jachetele \u0219i pantalonii din piele;&nbsp;&nbsp;<\/li><\/ul>\n\n\n\n<ul class=\"wp-block-list\"><li>Pantalonii cargo;&nbsp;&nbsp;<\/li><li>Bocancii;&nbsp;&nbsp;<\/li><li>Vestele cu patch-uri;&nbsp;&nbsp;<\/li><li>Lan\u021burile pentru pantaloni;&nbsp;&nbsp;<\/li><li>Fustele scurte.&nbsp;&nbsp;&nbsp;<\/li><\/ul>\n\n\n\n<h3 class=\"wp-block-heading\"><strong>Stilul hip-hop&nbsp;&nbsp;<\/strong><\/h3>\n\n\n\n<p>De\u0219i stilul hip-hop \u00ee\u0219i are r\u0103d\u0103cinile \u00een cea de-a doua jum\u0103tate a anilor \u201870, el r\u0103m\u00e2ne ancorat \u0219i \u00een decada urm\u0103toare, definind garderoba multor hipsteri \u00een anii \u201880. Acest stil vestimentar era caracterizat prin muzic\u0103 \u0219i mi\u0219c\u0103rile culturale urbane ale vremii. De\u0219i ini\u021bial era asociat cu persoanele r\u0103ufamate, din cartierele m\u0103rgina\u0219e ale ora\u0219elor, stilul hip-hop s-a transformat \u00eentr-o real\u0103 subcultur\u0103, fiind caracterizat prin:&nbsp;&nbsp;<\/p>\n\n\n\n<ul class=\"wp-block-list\"><li>Haine sport supradimensionate;&nbsp;&nbsp;<\/li><li>Pantaloni largi;&nbsp;&nbsp;<\/li><li>Lan\u021buri;&nbsp;&nbsp;<\/li><\/ul>\n\n\n\n<ul class=\"wp-block-list\"><li>Tricouri largi;&nbsp;&nbsp;<\/li><li>\u0218epci;&nbsp;&nbsp;<\/li><li>Treninguri;&nbsp;&nbsp;<\/li><li>Jean\u0219i cu turul l\u0103sat;&nbsp;&nbsp;<\/li><li><a href=\"https:\/\/ccc.eu\/ro\/femei\/pantofi\/sneakers\" target=\"_blank\" rel=\"noreferrer noopener\">Sneakers<\/a>.&nbsp;&nbsp;<\/li><\/ul>\n\n\n\n<h3 class=\"wp-block-heading\"><strong>Stilul disco&nbsp;&nbsp;<\/strong><\/h3>\n\n\n\n<p>Discotecile erau \u00een trend \u00een moda anilor \u201880. Aici erau \u00eent\u00e2lnite cele mai diverse outfituri, de la rochii \u0219i fuste mini, la paiete \u0219i pantofi cu toc \u0219i platforme. Stilul disco al decadei era caracterizat prin:&nbsp;&nbsp;<\/p>\n\n\n\n<ul class=\"wp-block-list\"><li>Haine colorate, cu cele mai diverse pattern-uri;&nbsp;&nbsp;<\/li><li>Rochii;&nbsp;&nbsp;<\/li><li>Paiete;&nbsp;&nbsp;<\/li><\/ul>\n\n\n\n<ul class=\"wp-block-list\"><li>Accesorii voluminoase;&nbsp;&nbsp;<\/li><li><a href=\"https:\/\/ccc.eu\/ro\/femei\/pantofi\/pantofi-eleganti\" target=\"_blank\" rel=\"noreferrer noopener\">Pantofi cu toc<\/a>.&nbsp;&nbsp;<\/li><\/ul>\n\n\n\n\n\n\n\n<h3 class=\"wp-block-heading\"><strong>Stilul sport&nbsp;&nbsp;<\/strong><\/h3>\n\n\n\n<p>Unul dintre <a href=\"https:\/\/blog.ccc.eu\/ro\/cele-7-stiluri-vestimentare-de-baza-tinute-pentru-fiecare-gust\/\" target=\"_blank\" rel=\"noreferrer noopener\">stilurile vestimentare<\/a> preferate \u00een moda anilor \u201880, a\u0219a cum se \u00eent\u00e2mpl\u0103 \u0219i \u00een prezent, este stilul sport. Astfel, colan\u021bii colora\u021bi, maiourile \u0219i tricourile colorate, benti\u021bele pentru p\u0103r \u0219i banderolele pentru \u00eencheieturi nu mai erau prezente doar la sala de sport, ci \u0219i pe strad\u0103, sub form\u0103 de costuma\u021bii casual. Stilul sport era caracterizat \u00een acea perioad\u0103 prin:&nbsp;&nbsp;<\/p>\n\n\n\n<ul class=\"wp-block-list\"><li>Colan\u021bi;&nbsp;&nbsp;<\/li><li>Haine stridente;&nbsp;&nbsp;<\/li><li>Hanorace sport;&nbsp;&nbsp;<\/li><\/ul>\n\n\n\n<ul class=\"wp-block-list\"><li>Body-uri \u0219i tricouri mulate;&nbsp;&nbsp;<\/li><li>Pantaloni foarte scur\u021bi.&nbsp;&nbsp;<\/li><\/ul>\n\n\n\n<h3 class=\"wp-block-heading\"><strong>Stilul preppy&nbsp;&nbsp;<\/strong><\/h3>\n\n\n\n<p>Spre deosebire de stilul hip-hop, stilul preppy era asociat persoanelor burgheze, care locuiau \u00een zonele reziden\u021biale. Acest stil reprezint\u0103 categoria oamenilor avu\u021bi, care purtau \u00eentotdeauna haine perfect aranjate, de la branduri renumite. Stilul preppy din moda anilor \u201880 era definit de piese vestimentare precum:&nbsp;<\/p>\n\n\n\n<ul class=\"wp-block-list\"><li>Pulovere din materiale calitative;&nbsp;&nbsp;<\/li><\/ul>\n\n\n\n<ul class=\"wp-block-list\"><li>Tricouri polo;&nbsp;&nbsp;<\/li><li>C\u0103m\u0103\u0219i;&nbsp;&nbsp;<\/li><li>Pantaloni lungi;&nbsp;&nbsp;<\/li><li>Pantofi din piele;&nbsp;&nbsp;<\/li><li>Nuan\u021be pastel.&nbsp;&nbsp;<\/li><\/ul>\n\n\n\n<h2 class=\"wp-block-heading\"><strong>Moda anilor \u201880 \u00een Rom\u00e2nia&nbsp;&nbsp;<\/strong><\/h2>\n\n\n\n<p>Din nefericire, moda anilor \u201880 \u00een Rom\u00e2nia nu s-a bucurat de aceea\u0219i libertate de exprimare, a\u0219a cum se \u00eent\u00e2mpla \u00een restul lumii. \u00cen \u021bara noastr\u0103, aceast\u0103 perioad\u0103 a fost caracterizat\u0103 de lipsa accesului la bunuri de baz\u0103, inclusiv \u00een ceea ce prive\u0219te moda. \u00cen acea perioad\u0103 era destul de greu s\u0103 g\u0103se\u0219ti \u021binute moderne, inspirate de moda din Occident.&nbsp;&nbsp;<\/p>\n\n\n\n<p>Cu toate acestea, au existat \u0219i \u00een Rom\u00e2nia anumite libert\u0103\u021bi din punct de vedere vestimentar. Curentul rock a ajuns \u0219i \u00een \u021bara noastr\u0103, \u00eens\u0103 tinerilor \u201erebeli\u201d nu li se permiteau libert\u0103\u021bile presupuse de acest stil vestimentar. Hainele \u00een stil rock nu erau nici ele prea u\u0219or de g\u0103sit.&nbsp;&nbsp;<\/p>\n\n\n\n<p>Dat fiind c\u0103 \u00een Rom\u00e2nia nu se g\u0103seau blugi t\u0103ia\u021bi, tinerii \u00ee\u0219i t\u0103iau singuri blugii sau \u00eei frecau cu o piatr\u0103 ponce, pentru a dob\u00e2ndi acel aspect uzat. Mesajele de pe tricouri erau de cele mai multe ori scrise cu pixul sau cariocile, c\u0103ci \u00een magazinele de haine nu existau tricouri cu texte imprimate.&nbsp;&nbsp;<\/p>\n\n\n\n<p>\u0218i \u00een Rom\u00e2nia se purtau \u00een anii \u201880 rochiile cu paiete, fustele scurte, bluzele decoltate, p\u0103rul tapat \u0219i machiajul strident. Cu toate acestea, cele mai populare articole vestimentare \u00een Rom\u00e2nia anilor \u201880 erau costumele cu umeri supradimensiona\u021bi \u0219i epole\u021bi, colan\u021bii, jachetele \u0219i p\u0103l\u0103riile supradimensionate, puloverele \u0219i <a href=\"https:\/\/ccc.eu\/ro\/accesorii\/femei\/ochelari\" target=\"_blank\" rel=\"noreferrer noopener\">ochelarii de soare<\/a>.&nbsp;&nbsp;<\/p>\n\n\n\n<h2 class=\"wp-block-heading\"><strong>Elemente esen\u021biale pentru stilul anilor \u201880&nbsp;<\/strong><\/h2>\n\n\n\n<p>A\u0219a cum probabil deja ai dedus din r\u00e2ndurile anterioare, moda anilor \u201880 include o varietate de stiluri vestimentare, implicit o gam\u0103 larg\u0103 de accesorii \u0219i haine. Dintre toate acestea, se pot remarca \u00eens\u0103 c\u00e2teva elemente vestimentare esen\u021biale pentru stilul acelei perioade, acestea put\u00e2nd fi considerate embleme ale modei optzeciste:&nbsp;&nbsp;<\/p>\n\n\n\n<ul class=\"wp-block-list\"><li>Costumele cu umeri supradimensiona\u021bi&nbsp;&nbsp;<\/li><\/ul>\n\n\n\n<p>\u00cen moda anilor \u201880, femeile optau adesea pentru <em>power suits <\/em>cu epole\u021bi, pentru ca umerii s\u0103 par\u0103 mai volumino\u0219i \u0219i talia mai mic\u0103. Umerii supradimensiona\u021bi erau esen\u021biali la orice costum, fie el cu fust\u0103 sau pantaloni, fiind considera\u021bi un simbol al elegan\u021bei \u0219i independen\u021bei feminine.&nbsp;&nbsp;<\/p>\n\n\n\n<ul class=\"wp-block-list\"><li>Tricourile cu imprimeuri&nbsp;&nbsp;<\/li><\/ul>\n\n\n\n<p>\u00cen anii \u201880, tricourile cu diferite mesaje imprimate erau la mare c\u0103utare. De cele mai multe ori, sloganurile vizau mesaje de natur\u0103 politic\u0103, \u00eens\u0103 existau \u0219i tricouri cu texte inspirate din melodii sau care promovau diverse trupe ale momentului.&nbsp;&nbsp;<\/p>\n\n\n\n<ul class=\"wp-block-list\"><li>Rochiile cu paiete&nbsp;&nbsp;<\/li><\/ul>\n\n\n\n<p>Rochiile din anii \u201880 erau stridente, lucioase sau cu paiete, \u00een culori aprinse, neon. De altfel, aceste modele de rochii pot fi considerate emblema modei disco. Preferate pentru mersul la discotec\u0103, rochiile cu paiete erau asociate cu o coafur\u0103 rebel\u0103, specific\u0103 anilor \u201880 \u0219i un machiaj excentric.&nbsp;&nbsp;<\/p>\n\n\n\n<ul class=\"wp-block-list\"><li>Jean\u0219ii presp\u0103la\u021bi&nbsp;&nbsp;<\/li><\/ul>\n\n\n\n<p>Blugii presp\u0103la\u021bi, cu aspect \u00eenvechit, au fost populari de la mijlocul p\u00e2n\u0103 la sf\u00e2r\u0219itul anilor \u201880&nbsp; \u0219i chiar \u0219i la \u00eenceputul anilor \u201890. Ace\u0219tia au fost inventa\u021bi de compania Rifle Jeans din Italia, sp\u0103l\u00e2nd denim cu clor \u0219i folosind o piatr\u0103 ponce pentru a degrada materialul. \u00cendr\u0103gi\u021bi de trupele de heavy metal \u0219i rock, blugii presp\u0103la\u021bi erau asorta\u021bi adesea cu jachete tip biker sau jachete cu franjuri, \u00een stil cowboy.&nbsp;&nbsp;<\/p>\n\n\n\n<h2 class=\"wp-block-heading\"><strong>Moda anilor \u201880 reinterpretat\u0103 prin \u021binute cool \u00een 2022&nbsp;&nbsp;<\/strong><\/h2>\n\n\n\n<p>Arunc\u00e2nd o privire peste elementele esen\u021biale din moda anilor \u201880, cu siguran\u021b\u0103 ai realizat c\u00e2t de multe similitudini exist\u0103 \u00eentre trendurile acelei decade \u0219i moda prezentului. \u0218i cum moda anilor \u201880 prezint\u0103 \u021binute pentru toate gusturile \u0219i stilurile, iar elementele acesteia pot fi reg\u0103site \u00een multe dintre trendurile actuale, am \u00eembinat \u00een r\u00e2ndurile de mai jos inova\u021bia trendy cu cea vintage prin \u021binute cool \u00een 2022. Iat\u0103 prin ce outfituri po\u021bi reinterpreta moda anilor \u201880!&nbsp;&nbsp;<\/p>\n\n\n\n<h3 class=\"wp-block-heading\"><strong>\u021ainut\u0103 elegant\u0103 cu rochie de paiete&nbsp;&nbsp;<\/strong><\/h3>\n\n\n\n<p>Dac\u0103 vrei s\u0103 aduci vibe-ul anilor \u201880 \u00een \u021binuta ta de petrecere, opteaz\u0103 pentru o rochie neagr\u0103 cu paiete. \u021ai-am povestit deja <a href=\"https:\/\/blog.ccc.eu\/ro\/cum-alegi-accesoriile-potrivite-pentru-o-rochie-neagra\/\" target=\"_blank\" rel=\"noreferrer noopener\">cum alegi accesoriile potrivite pentru o rochie neagr\u0103<\/a>, prin urmare c\u00e2teva bijuterii masive \u0219i \u00eendr\u0103zne\u021be, al\u0103turi de o pereche de pantofi cu toc kitten sau <a href=\"https:\/\/ccc.eu\/ro\/femei\/pantofi\/pantofi-stiletto\" target=\"_blank\" rel=\"noreferrer noopener\">pantofi stiletto<\/a> \u0219i un clutch str\u0103lucitor pot compune una dintre cele mai festive \u021binute inspirate din moda anilor \u201880!&nbsp;<\/p>\n\n\n\n\n\n\n\n<p><\/p>\n\n\n\n<h2 class=\"wp-block-heading\"><strong>\u021ainut\u0103 urban chic cu costum supradimensionat&nbsp;&nbsp;<\/strong><\/h2>\n\n\n\n<p>Costumele supradimensionate \u0219i stilul masculin erau \u00een vog\u0103 \u00een moda pentru femei a anilor \u201880, a\u0219a c\u0103 po\u021bi aduce aceste elemente \u00een moda prezentului combin\u00e2nd un costum supradimensionat, un crop top \u0219i o pereche de <a href=\"https:\/\/ccc.eu\/ro\/femei\/pantofi\/incaltaminte-sport\" target=\"_blank\" rel=\"noreferrer noopener\">\u00eenc\u0103l\u021b\u0103minte sport<\/a>. O \u0219apc\u0103 se va potrivi de minune \u00een aceast\u0103 combina\u021bie, complet\u00e2nd cu succes outfitul t\u0103u de inspira\u021bie optzecist\u0103!&nbsp;&nbsp;<\/p>\n\n\n\n<h2 class=\"wp-block-heading\"><strong>\u021ainut\u0103 sport casual cu tricou \u0219i jeans presp\u0103la\u021bi&nbsp;&nbsp;<\/strong><\/h2>\n\n\n\n<p>Blugii presp\u0103la\u021bi \u0219i tricourile cu sloganuri erau \u00een topul trendurilor anilor \u201880, a\u0219a c\u0103 \u00ee\u021bi suger\u0103m s\u0103 combini un tricou cu sloganul trupei muzicale preferate \u0219i o pereche de jeans cu aspect uzat. Completeaz\u0103 look-ul cu o pereche de <a href=\"https:\/\/ccc.eu\/ro\/femei\/pantofi\/tenisi\" target=\"_blank\" rel=\"noreferrer noopener\">teni\u0219i<\/a> \u0219i un <a href=\"https:\/\/ccc.eu\/ro\/genti\/rucsacuri\/rucsacuri-pentru-femei\" target=\"_blank\" rel=\"noreferrer noopener\">rucsac de dam\u0103<\/a> din piele. Dac\u0103 dore\u0219ti s\u0103 aduci un aer punk optzecist \u021binutei, po\u021bi ad\u0103uga \u0219i un lan\u021b jean\u0219ilor.&nbsp;&nbsp;<\/p>\n\n\n\n<p>Te-am convins de c\u00e2t este de simplu de reinterpretat moda anilor \u201880 \u00een \u021binutele tale actuale? Pune-\u021bi creativitatea la \u00eencercare \u0219i creez\u0103 look-uri vintage actuale, abord\u00e2nd unul dintre numeroasele stiluri vestimentare care s-au purtat \u00een acea perioad\u0103, indiferent dac\u0103 preferi stilul disco, sport, rock, punk sau hip-hop. \u00cen plus, \u00een <a href=\"https:\/\/ccc.eu\/ro\/\">magazinul online CCC<\/a> vei g\u0103si cele mai diverse articole vestimentare, prin care po\u021bi aborda trendurile din acea decad\u0103!\u00a0\u00a0<\/p>\n","protected":false},"excerpt":{"rendered":"<p>Decada anilor \u201880 ocup\u0103 un loc unic \u00een lumea modei, a tendin\u021belor \u0219i a stilurilor. C\u00e2nd spunem \u201eanii \u201880\u201d, ne ducem cu g\u00e2ndul la explozia de culori, la excesul \u0219i la opulen\u021ba care descriu stilurile vestimentare predominante ale acelei perioade. \u00cen moda anilor \u201880, limitele se estompeaz\u0103 \u0219i dau curs libert\u0103\u021bii de a aborda un [&hellip;]<\/p>\n","protected":false},"author":14,"featured_media":5429,"comment_status":"open","ping_status":"open","sticky":false,"template":"","format":"standard","meta":{"_acf_changed":false,"footnotes":""},"categories":[6],"tags":[988,983,984,987,986,982,989,985],"class_list":["post-5426","post","type-post","status-publish","format-standard","has-post-thumbnail","hentry","category-tendinte","tag-anii-80","tag-anii-80-moda","tag-haine-anii-80","tag-moda-anilor-80","tag-moda-anilor-80-in-romania","tag-stilul-anilor-80","tag-tinute-anii-80","tag-tinute-moda-anilor-80"],"acf":[],"yoast_head":"<!-- This site is optimized with the Yoast SEO plugin v26.9 - https:\/\/yoast.com\/product\/yoast-seo-wordpress\/ -->\n<title>Moda anilor 80 reinterpretat\u0103 \u00een 2022\u00a0 - CCC Fashion blog<\/title>\n<meta name=\"description\" content=\"Moda anilor 80 are un ecou rezonant in istoria modei. Iata care sunt caracteristicile sale si cum poti reinterpreta stilul anilor 80 in moda prezentului! 2026\" \/>\n<meta name=\"robots\" content=\"index, follow, max-snippet:-1, max-image-preview:large, max-video-preview:-1\" \/>\n<link rel=\"canonical\" href=\"https:\/\/blog.ccc.eu\/ro\/moda-anilor-80-reinterpretata-in-2022\/\" \/>\n<meta property=\"og:locale\" content=\"ro_RO\" \/>\n<meta property=\"og:type\" content=\"article\" \/>\n<meta property=\"og:title\" content=\"Moda anilor 80 reinterpretat\u0103 \u00een 2022\u00a0 - CCC Fashion blog\" \/>\n<meta property=\"og:description\" content=\"Moda anilor 80 are un ecou rezonant in istoria modei. Iata care sunt caracteristicile sale si cum poti reinterpreta stilul anilor 80 in moda prezentului!\" \/>\n<meta property=\"og:url\" content=\"https:\/\/blog.ccc.eu\/ro\/moda-anilor-80-reinterpretata-in-2022\/\" \/>\n<meta property=\"og:site_name\" content=\"CCC Fashion blog\" \/>\n<meta property=\"article:published_time\" content=\"2022-07-11T07:51:10+00:00\" \/>\n<meta property=\"article:modified_time\" content=\"2022-10-26T07:27:24+00:00\" \/>\n<meta property=\"og:image\" content=\"https:\/\/blog.ccc.eu\/ro\/wp-content\/uploads\/2022\/07\/Shot_06_053_V6_PORTRAIT.jpg\" \/>\n\t<meta property=\"og:image:width\" content=\"765\" \/>\n\t<meta property=\"og:image:height\" content=\"1020\" \/>\n\t<meta property=\"og:image:type\" content=\"image\/jpeg\" \/>\n<meta name=\"author\" content=\"Andreea Stoian\u00a0\" \/>\n<meta name=\"twitter:card\" content=\"summary_large_image\" \/>\n<meta name=\"twitter:label1\" content=\"Scris de\" \/>\n\t<meta name=\"twitter:data1\" content=\"Andreea Stoian\u00a0\" \/>\n\t<meta name=\"twitter:label2\" content=\"Timp estimat pentru citire\" \/>\n\t<meta name=\"twitter:data2\" content=\"10 minute\" \/>\n<script type=\"application\/ld+json\" class=\"yoast-schema-graph\">{\"@context\":\"https:\/\/schema.org\",\"@graph\":[{\"@type\":\"Article\",\"@id\":\"https:\/\/blog.ccc.eu\/ro\/moda-anilor-80-reinterpretata-in-2022\/#article\",\"isPartOf\":{\"@id\":\"https:\/\/blog.ccc.eu\/ro\/moda-anilor-80-reinterpretata-in-2022\/\"},\"author\":{\"name\":\"Andreea Stoian\u00a0\",\"@id\":\"https:\/\/blog.ccc.eu\/ro\/#\/schema\/person\/0601bbc3e409e0a44a47df3630e6edf2\"},\"headline\":\"Moda anilor 80 reinterpretat\u0103 \u00een 2022\u00a0\",\"datePublished\":\"2022-07-11T07:51:10+00:00\",\"dateModified\":\"2022-10-26T07:27:24+00:00\",\"mainEntityOfPage\":{\"@id\":\"https:\/\/blog.ccc.eu\/ro\/moda-anilor-80-reinterpretata-in-2022\/\"},\"wordCount\":2061,\"commentCount\":0,\"publisher\":{\"@id\":\"https:\/\/blog.ccc.eu\/ro\/#organization\"},\"image\":{\"@id\":\"https:\/\/blog.ccc.eu\/ro\/moda-anilor-80-reinterpretata-in-2022\/#primaryimage\"},\"thumbnailUrl\":\"https:\/\/blog.ccc.eu\/ro\/wp-content\/uploads\/2022\/07\/Shot_06_053_V6_PORTRAIT.jpg\",\"keywords\":[\"anii 80\",\"anii 80 moda\",\"haine anii 80\",\"moda anilor 80\",\"moda anilor 80 in Romania\",\"stilul anilor 80\",\"tinute anii 80\",\"tinute moda anilor 80\"],\"articleSection\":[\"TENDIN\u021aE\"],\"inLanguage\":\"ro-RO\",\"potentialAction\":[{\"@type\":\"CommentAction\",\"name\":\"Comment\",\"target\":[\"https:\/\/blog.ccc.eu\/ro\/moda-anilor-80-reinterpretata-in-2022\/#respond\"]}]},{\"@type\":\"WebPage\",\"@id\":\"https:\/\/blog.ccc.eu\/ro\/moda-anilor-80-reinterpretata-in-2022\/\",\"url\":\"https:\/\/blog.ccc.eu\/ro\/moda-anilor-80-reinterpretata-in-2022\/\",\"name\":\"Moda anilor 80 reinterpretat\u0103 \u00een 2022\u00a0 - CCC Fashion blog\",\"isPartOf\":{\"@id\":\"https:\/\/blog.ccc.eu\/ro\/#website\"},\"primaryImageOfPage\":{\"@id\":\"https:\/\/blog.ccc.eu\/ro\/moda-anilor-80-reinterpretata-in-2022\/#primaryimage\"},\"image\":{\"@id\":\"https:\/\/blog.ccc.eu\/ro\/moda-anilor-80-reinterpretata-in-2022\/#primaryimage\"},\"thumbnailUrl\":\"https:\/\/blog.ccc.eu\/ro\/wp-content\/uploads\/2022\/07\/Shot_06_053_V6_PORTRAIT.jpg\",\"datePublished\":\"2022-07-11T07:51:10+00:00\",\"dateModified\":\"2022-10-26T07:27:24+00:00\",\"description\":\"Moda anilor 80 are un ecou rezonant in istoria modei. Iata care sunt caracteristicile sale si cum poti reinterpreta stilul anilor 80 in moda prezentului!\",\"breadcrumb\":{\"@id\":\"https:\/\/blog.ccc.eu\/ro\/moda-anilor-80-reinterpretata-in-2022\/#breadcrumb\"},\"inLanguage\":\"ro-RO\",\"potentialAction\":[{\"@type\":\"ReadAction\",\"target\":[\"https:\/\/blog.ccc.eu\/ro\/moda-anilor-80-reinterpretata-in-2022\/\"]}]},{\"@type\":\"ImageObject\",\"inLanguage\":\"ro-RO\",\"@id\":\"https:\/\/blog.ccc.eu\/ro\/moda-anilor-80-reinterpretata-in-2022\/#primaryimage\",\"url\":\"https:\/\/blog.ccc.eu\/ro\/wp-content\/uploads\/2022\/07\/Shot_06_053_V6_PORTRAIT.jpg\",\"contentUrl\":\"https:\/\/blog.ccc.eu\/ro\/wp-content\/uploads\/2022\/07\/Shot_06_053_V6_PORTRAIT.jpg\",\"width\":765,\"height\":1020},{\"@type\":\"BreadcrumbList\",\"@id\":\"https:\/\/blog.ccc.eu\/ro\/moda-anilor-80-reinterpretata-in-2022\/#breadcrumb\",\"itemListElement\":[{\"@type\":\"ListItem\",\"position\":1,\"name\":\"Strona g\u0142\u00f3wna\",\"item\":\"https:\/\/blog.ccc.eu\/ro\/\"},{\"@type\":\"ListItem\",\"position\":2,\"name\":\"Moda anilor 80 reinterpretat\u0103 \u00een 2022\u00a0\"}]},{\"@type\":\"WebSite\",\"@id\":\"https:\/\/blog.ccc.eu\/ro\/#website\",\"url\":\"https:\/\/blog.ccc.eu\/ro\/\",\"name\":\"CCC Fashion blog\",\"description\":\"Locul t\u0103u plin de inspira\u021bii \u00een mod\u0103\",\"publisher\":{\"@id\":\"https:\/\/blog.ccc.eu\/ro\/#organization\"},\"potentialAction\":[{\"@type\":\"SearchAction\",\"target\":{\"@type\":\"EntryPoint\",\"urlTemplate\":\"https:\/\/blog.ccc.eu\/ro\/?s={search_term_string}\"},\"query-input\":{\"@type\":\"PropertyValueSpecification\",\"valueRequired\":true,\"valueName\":\"search_term_string\"}}],\"inLanguage\":\"ro-RO\"},{\"@type\":\"Organization\",\"@id\":\"https:\/\/blog.ccc.eu\/ro\/#organization\",\"name\":\"CCC S.A.\",\"url\":\"https:\/\/blog.ccc.eu\/ro\/\",\"logo\":{\"@type\":\"ImageObject\",\"inLanguage\":\"ro-RO\",\"@id\":\"https:\/\/blog.ccc.eu\/ro\/#\/schema\/logo\/image\/\",\"url\":\"https:\/\/blog.ccc.eu\/ro\/wp-content\/uploads\/2021\/11\/logo_ccc.png\",\"contentUrl\":\"https:\/\/blog.ccc.eu\/ro\/wp-content\/uploads\/2021\/11\/logo_ccc.png\",\"width\":730,\"height\":270,\"caption\":\"CCC S.A.\"},\"image\":{\"@id\":\"https:\/\/blog.ccc.eu\/ro\/#\/schema\/logo\/image\/\"}},{\"@type\":\"Person\",\"@id\":\"https:\/\/blog.ccc.eu\/ro\/#\/schema\/person\/0601bbc3e409e0a44a47df3630e6edf2\",\"name\":\"Andreea Stoian\u00a0\",\"image\":{\"@type\":\"ImageObject\",\"inLanguage\":\"ro-RO\",\"@id\":\"https:\/\/blog.ccc.eu\/ro\/#\/schema\/person\/image\/\",\"url\":\"https:\/\/blog.ccc.eu\/ro\/wp-content\/uploads\/2022\/01\/Andreea-Stoian-2-100x100.jpeg\",\"contentUrl\":\"https:\/\/blog.ccc.eu\/ro\/wp-content\/uploads\/2022\/01\/Andreea-Stoian-2-100x100.jpeg\",\"caption\":\"Andreea Stoian\u00a0\"},\"url\":\"https:\/\/blog.ccc.eu\/ro\/author\/andreea-stoian\/\"}]}<\/script>\n<!-- \/ Yoast SEO plugin. -->","yoast_head_json":{"title":"Moda anilor 80 reinterpretat\u0103 \u00een 2022\u00a0 - CCC Fashion blog","description":"Moda anilor 80 are un ecou rezonant in istoria modei. Iata care sunt caracteristicile sale si cum poti reinterpreta stilul anilor 80 in moda prezentului! 2026","robots":{"index":"index","follow":"follow","max-snippet":"max-snippet:-1","max-image-preview":"max-image-preview:large","max-video-preview":"max-video-preview:-1"},"canonical":"https:\/\/blog.ccc.eu\/ro\/moda-anilor-80-reinterpretata-in-2022\/","og_locale":"ro_RO","og_type":"article","og_title":"Moda anilor 80 reinterpretat\u0103 \u00een 2022\u00a0 - CCC Fashion blog","og_description":"Moda anilor 80 are un ecou rezonant in istoria modei. Iata care sunt caracteristicile sale si cum poti reinterpreta stilul anilor 80 in moda prezentului!","og_url":"https:\/\/blog.ccc.eu\/ro\/moda-anilor-80-reinterpretata-in-2022\/","og_site_name":"CCC Fashion blog","article_published_time":"2022-07-11T07:51:10+00:00","article_modified_time":"2022-10-26T07:27:24+00:00","og_image":[{"width":765,"height":1020,"url":"https:\/\/blog.ccc.eu\/ro\/wp-content\/uploads\/2022\/07\/Shot_06_053_V6_PORTRAIT.jpg","type":"image\/jpeg"}],"author":"Andreea Stoian\u00a0","twitter_card":"summary_large_image","twitter_misc":{"Scris de":"Andreea Stoian\u00a0","Timp estimat pentru citire":"10 minute"},"schema":{"@context":"https:\/\/schema.org","@graph":[{"@type":"Article","@id":"https:\/\/blog.ccc.eu\/ro\/moda-anilor-80-reinterpretata-in-2022\/#article","isPartOf":{"@id":"https:\/\/blog.ccc.eu\/ro\/moda-anilor-80-reinterpretata-in-2022\/"},"author":{"name":"Andreea Stoian\u00a0","@id":"https:\/\/blog.ccc.eu\/ro\/#\/schema\/person\/0601bbc3e409e0a44a47df3630e6edf2"},"headline":"Moda anilor 80 reinterpretat\u0103 \u00een 2022\u00a0","datePublished":"2022-07-11T07:51:10+00:00","dateModified":"2022-10-26T07:27:24+00:00","mainEntityOfPage":{"@id":"https:\/\/blog.ccc.eu\/ro\/moda-anilor-80-reinterpretata-in-2022\/"},"wordCount":2061,"commentCount":0,"publisher":{"@id":"https:\/\/blog.ccc.eu\/ro\/#organization"},"image":{"@id":"https:\/\/blog.ccc.eu\/ro\/moda-anilor-80-reinterpretata-in-2022\/#primaryimage"},"thumbnailUrl":"https:\/\/blog.ccc.eu\/ro\/wp-content\/uploads\/2022\/07\/Shot_06_053_V6_PORTRAIT.jpg","keywords":["anii 80","anii 80 moda","haine anii 80","moda anilor 80","moda anilor 80 in Romania","stilul anilor 80","tinute anii 80","tinute moda anilor 80"],"articleSection":["TENDIN\u021aE"],"inLanguage":"ro-RO","potentialAction":[{"@type":"CommentAction","name":"Comment","target":["https:\/\/blog.ccc.eu\/ro\/moda-anilor-80-reinterpretata-in-2022\/#respond"]}]},{"@type":"WebPage","@id":"https:\/\/blog.ccc.eu\/ro\/moda-anilor-80-reinterpretata-in-2022\/","url":"https:\/\/blog.ccc.eu\/ro\/moda-anilor-80-reinterpretata-in-2022\/","name":"Moda anilor 80 reinterpretat\u0103 \u00een 2022\u00a0 - CCC Fashion blog","isPartOf":{"@id":"https:\/\/blog.ccc.eu\/ro\/#website"},"primaryImageOfPage":{"@id":"https:\/\/blog.ccc.eu\/ro\/moda-anilor-80-reinterpretata-in-2022\/#primaryimage"},"image":{"@id":"https:\/\/blog.ccc.eu\/ro\/moda-anilor-80-reinterpretata-in-2022\/#primaryimage"},"thumbnailUrl":"https:\/\/blog.ccc.eu\/ro\/wp-content\/uploads\/2022\/07\/Shot_06_053_V6_PORTRAIT.jpg","datePublished":"2022-07-11T07:51:10+00:00","dateModified":"2022-10-26T07:27:24+00:00","description":"Moda anilor 80 are un ecou rezonant in istoria modei. Iata care sunt caracteristicile sale si cum poti reinterpreta stilul anilor 80 in moda prezentului!","breadcrumb":{"@id":"https:\/\/blog.ccc.eu\/ro\/moda-anilor-80-reinterpretata-in-2022\/#breadcrumb"},"inLanguage":"ro-RO","potentialAction":[{"@type":"ReadAction","target":["https:\/\/blog.ccc.eu\/ro\/moda-anilor-80-reinterpretata-in-2022\/"]}]},{"@type":"ImageObject","inLanguage":"ro-RO","@id":"https:\/\/blog.ccc.eu\/ro\/moda-anilor-80-reinterpretata-in-2022\/#primaryimage","url":"https:\/\/blog.ccc.eu\/ro\/wp-content\/uploads\/2022\/07\/Shot_06_053_V6_PORTRAIT.jpg","contentUrl":"https:\/\/blog.ccc.eu\/ro\/wp-content\/uploads\/2022\/07\/Shot_06_053_V6_PORTRAIT.jpg","width":765,"height":1020},{"@type":"BreadcrumbList","@id":"https:\/\/blog.ccc.eu\/ro\/moda-anilor-80-reinterpretata-in-2022\/#breadcrumb","itemListElement":[{"@type":"ListItem","position":1,"name":"Strona g\u0142\u00f3wna","item":"https:\/\/blog.ccc.eu\/ro\/"},{"@type":"ListItem","position":2,"name":"Moda anilor 80 reinterpretat\u0103 \u00een 2022\u00a0"}]},{"@type":"WebSite","@id":"https:\/\/blog.ccc.eu\/ro\/#website","url":"https:\/\/blog.ccc.eu\/ro\/","name":"CCC Fashion blog","description":"Locul t\u0103u plin de inspira\u021bii \u00een mod\u0103","publisher":{"@id":"https:\/\/blog.ccc.eu\/ro\/#organization"},"potentialAction":[{"@type":"SearchAction","target":{"@type":"EntryPoint","urlTemplate":"https:\/\/blog.ccc.eu\/ro\/?s={search_term_string}"},"query-input":{"@type":"PropertyValueSpecification","valueRequired":true,"valueName":"search_term_string"}}],"inLanguage":"ro-RO"},{"@type":"Organization","@id":"https:\/\/blog.ccc.eu\/ro\/#organization","name":"CCC S.A.","url":"https:\/\/blog.ccc.eu\/ro\/","logo":{"@type":"ImageObject","inLanguage":"ro-RO","@id":"https:\/\/blog.ccc.eu\/ro\/#\/schema\/logo\/image\/","url":"https:\/\/blog.ccc.eu\/ro\/wp-content\/uploads\/2021\/11\/logo_ccc.png","contentUrl":"https:\/\/blog.ccc.eu\/ro\/wp-content\/uploads\/2021\/11\/logo_ccc.png","width":730,"height":270,"caption":"CCC S.A."},"image":{"@id":"https:\/\/blog.ccc.eu\/ro\/#\/schema\/logo\/image\/"}},{"@type":"Person","@id":"https:\/\/blog.ccc.eu\/ro\/#\/schema\/person\/0601bbc3e409e0a44a47df3630e6edf2","name":"Andreea Stoian\u00a0","image":{"@type":"ImageObject","inLanguage":"ro-RO","@id":"https:\/\/blog.ccc.eu\/ro\/#\/schema\/person\/image\/","url":"https:\/\/blog.ccc.eu\/ro\/wp-content\/uploads\/2022\/01\/Andreea-Stoian-2-100x100.jpeg","contentUrl":"https:\/\/blog.ccc.eu\/ro\/wp-content\/uploads\/2022\/01\/Andreea-Stoian-2-100x100.jpeg","caption":"Andreea Stoian\u00a0"},"url":"https:\/\/blog.ccc.eu\/ro\/author\/andreea-stoian\/"}]}},"_links":{"self":[{"href":"https:\/\/blog.ccc.eu\/ro\/wp-json\/wp\/v2\/posts\/5426","targetHints":{"allow":["GET"]}}],"collection":[{"href":"https:\/\/blog.ccc.eu\/ro\/wp-json\/wp\/v2\/posts"}],"about":[{"href":"https:\/\/blog.ccc.eu\/ro\/wp-json\/wp\/v2\/types\/post"}],"author":[{"embeddable":true,"href":"https:\/\/blog.ccc.eu\/ro\/wp-json\/wp\/v2\/users\/14"}],"replies":[{"embeddable":true,"href":"https:\/\/blog.ccc.eu\/ro\/wp-json\/wp\/v2\/comments?post=5426"}],"version-history":[{"count":3,"href":"https:\/\/blog.ccc.eu\/ro\/wp-json\/wp\/v2\/posts\/5426\/revisions"}],"predecessor-version":[{"id":5758,"href":"https:\/\/blog.ccc.eu\/ro\/wp-json\/wp\/v2\/posts\/5426\/revisions\/5758"}],"wp:featuredmedia":[{"embeddable":true,"href":"https:\/\/blog.ccc.eu\/ro\/wp-json\/wp\/v2\/media\/5429"}],"wp:attachment":[{"href":"https:\/\/blog.ccc.eu\/ro\/wp-json\/wp\/v2\/media?parent=5426"}],"wp:term":[{"taxonomy":"category","embeddable":true,"href":"https:\/\/blog.ccc.eu\/ro\/wp-json\/wp\/v2\/categories?post=5426"},{"taxonomy":"post_tag","embeddable":true,"href":"https:\/\/blog.ccc.eu\/ro\/wp-json\/wp\/v2\/tags?post=5426"}],"curies":[{"name":"wp","href":"https:\/\/api.w.org\/{rel}","templated":true}]}}