{"id":5508,"date":"2022-08-11T11:50:59","date_gmt":"2022-08-11T09:50:59","guid":{"rendered":"https:\/\/blog.ccc.eu\/ro\/?p=5508"},"modified":"2022-08-11T11:51:00","modified_gmt":"2022-08-11T09:51:00","slug":"sfaturi-de-stil-cum-se-poarta-borseta","status":"publish","type":"post","link":"https:\/\/blog.ccc.eu\/ro\/sfaturi-de-stil-cum-se-poarta-borseta\/","title":{"rendered":"Sfaturi de stil: cum se poart\u0103 borseta?\u00a0"},"content":{"rendered":"\n<p><strong>Borseta este un accesoriu extrem de versatil dac\u0103 \u0219tii cum s\u0103 o integrezi \u00een \u021binutele tale. Fie c\u0103 e vorba despre outfituri casual, sport sau \u00een stilul urban, borseta nu trebuie s\u0103 \u00ee\u021bi lipseasc\u0103 din garderob\u0103. At\u00e2t din punct de vedere estetic, c\u00e2t \u0219i practic, acest accesoriu va aduce un plus de valoare felului \u00een care te \u00eembraci \u0219i \u00ee\u021bi va oferi, totodat\u0103, un spa\u021biu de depozitare compact \u0219i foarte chic. Afl\u0103 cum se poart\u0103 borseta!\u00a0<\/strong><\/p>\n\n\n\n<figure class=\"wp-block-gallery has-nested-images columns-default is-cropped wp-block-gallery-1 is-layout-flex wp-block-gallery-is-layout-flex\">\n<figure class=\"wp-block-image size-large\"><img loading=\"lazy\" decoding=\"async\" width=\"563\" height=\"750\" data-id=\"5510\" src=\"https:\/\/blog.ccc.eu\/ro\/wp-content\/uploads\/2022\/08\/CCC_JF_SS22_38.jpg\" alt=\"\" class=\"wp-image-5510\" srcset=\"https:\/\/blog.ccc.eu\/ro\/wp-content\/uploads\/2022\/08\/CCC_JF_SS22_38.jpg 563w, https:\/\/blog.ccc.eu\/ro\/wp-content\/uploads\/2022\/08\/CCC_JF_SS22_38-225x300.jpg 225w, https:\/\/blog.ccc.eu\/ro\/wp-content\/uploads\/2022\/08\/CCC_JF_SS22_38-100x133.jpg 100w\" sizes=\"auto, (max-width: 563px) 100vw, 563px\" \/><\/figure>\n\n\n\n<figure class=\"wp-block-image size-large\"><img loading=\"lazy\" decoding=\"async\" width=\"563\" height=\"750\" data-id=\"5511\" src=\"https:\/\/blog.ccc.eu\/ro\/wp-content\/uploads\/2022\/08\/CCC_JF_SS22_58.jpg\" alt=\"\" class=\"wp-image-5511\" srcset=\"https:\/\/blog.ccc.eu\/ro\/wp-content\/uploads\/2022\/08\/CCC_JF_SS22_58.jpg 563w, https:\/\/blog.ccc.eu\/ro\/wp-content\/uploads\/2022\/08\/CCC_JF_SS22_58-225x300.jpg 225w, https:\/\/blog.ccc.eu\/ro\/wp-content\/uploads\/2022\/08\/CCC_JF_SS22_58-100x133.jpg 100w\" sizes=\"auto, (max-width: 563px) 100vw, 563px\" \/><\/figure>\n<\/figure>\n\n\n\n<h2 class=\"wp-block-heading\"><strong>Cum se poart\u0103 borseta \u00een func\u021bie de stilul vestimentar\u00a0<\/strong><\/h2>\n\n\n\n\n\n\n<p>Tocmai pentru c\u0103 este un accesoriu versatil, <a href=\"https:\/\/ccc.eu\/ro\/genti\/genti-pentru-femei\/genti-mici\" target=\"_blank\" rel=\"noreferrer noopener\">borseta<\/a> poate fi integrat\u0103 \u00een diverse moduri \u00een \u021binutele tale. \u00cen func\u021bie de evenimentul la care vei participa, po\u021bi alege s\u0103 o por\u021bi pe<em> \u0219olduri, \u00een jurul taliei, pe spate, pe um\u0103r sau pe diagonala pieptului<\/em>. Mai jos, \u00ee\u021bi vom oferi c\u00e2teva idei, astfel \u00eenc\u00e2t s\u0103 decizi cum e mai bine pentru tine s\u0103 por\u021bi unul dintre <a href=\"https:\/\/blog.ccc.eu\/ro\/fashion-trends-tendintele-in-materie-de-genti-pentru-vara-anului-2022\/\" target=\"_blank\" rel=\"noreferrer noopener\">cele mai trendy accesorii ale momentului<\/a>.&nbsp;&nbsp;<\/p>\n\n\n\n<h3 class=\"wp-block-heading\"><strong>\u021ainuta de festival\u00a0<\/strong><\/h3>\n\n\n\n<p>\u00ce\u021bi place s\u0103 participi adesea la <a href=\"https:\/\/blog.ccc.eu\/ro\/cum-sa-ti-asortezi-tinutele-de-festival-8-recomandari-stilistice\/\" target=\"_blank\" rel=\"noreferrer noopener\">festivaluri de muzic\u0103<\/a>, pline de \u021binute extravagante, culoare \u0219i arti\u0219tii t\u0103i prefera\u021bi? Cu siguran\u021b\u0103 nu trebuie s\u0103 \u00ee\u021bi la\u0219i borseta acas\u0103, deoarece vei avea nevoie s\u0103 \u00ee\u021bi protejezi telefonul, portofelul \u0219i cheile \u00eentr-un mod creativ \u0219i care arat\u0103 foarte chic.&nbsp;&nbsp;<\/p>\n\n\n\n<p>\u00cen acest caz, \u00ee\u021bi recomand\u0103m o borset\u0103 la fel de plin\u0103 de culoare precum atmosfera din jurul t\u0103u. Cel mai comod mod \u00een care o po\u021bi purta este pe diagonala pieptului. Nu este indicat s\u0103 o por\u021bi pe spate \u00een cadrul unui astfel de eveniment cu numero\u0219i participan\u021bi, din cauza lipsei vizibilit\u0103\u021bii.&nbsp;&nbsp;<\/p>\n\n\n\n<p>Cu toate acestea, \u00ee\u021bi va fi de mare ajutor atunci c\u00e2nd vrei s\u0103 te r\u0103core\u0219ti cu o b\u0103utur\u0103 carbogazoas\u0103 \u0219i po\u021bi pl\u0103ti rapid la bar, dar \u0219i c\u00e2nd \u00ee\u021bi dore\u0219ti s\u0103 ai m\u00e2inile libere pentru a te mi\u0219ca pe ritmurile muzicii.&nbsp;&nbsp;<\/p>\n\n\n\n<h3 class=\"wp-block-heading\"><strong>\u021ainuta de strad\u0103\u00a0<\/strong><\/h3>\n\n\n\n<p>\u021ainutele de strad\u0103, \u00een <a href=\"https:\/\/blog.ccc.eu\/ro\/cele-7-stiluri-vestimentare-de-baza-tinute-pentru-fiecare-gust\/\" target=\"_blank\" rel=\"noreferrer noopener\">stilul urban sau streetstyle<\/a>, pot fi completate excelent cu ajutorul unei borsete care impune fie opulen\u021b\u0103, fie un mix radiant de culori, care s\u0103 pun\u0103 \u00een eviden\u021b\u0103 hainele pe care le por\u021bi.&nbsp;&nbsp;<\/p>\n\n\n\n<p>\u00cen primul caz, dac\u0103 aderi la un outfit chic, dar serios, alege o borset\u0103 neagr\u0103, simpl\u0103, realizat\u0103 din piele natural\u0103. \u00ce\u021bi recomand\u0103m s\u0103 o por\u021bi fie \u00een jurul taliei, fie pe um\u0103r, astfel \u00eenc\u00e2t articolele vestimentare s\u0103 nu fie eclipsate de aceasta.&nbsp;&nbsp;<\/p>\n\n\n\n<p>\u00cen schimb, pentru o \u021binut\u0103 streetstyle plin\u0103 de culoare, inspirat\u0103 din scena american\u0103 de rap, po\u021bi alege o borset\u0103 realizat\u0103 din material textil, care s\u0103 se \u00eencadreze \u00een paleta cromatic\u0103 pentru care ai optat. Cel mai indicat este s\u0103 o por\u021bi pe diagonala pieptului, astfel \u00eenc\u00e2t s\u0103 po\u021bi accesa cu u\u0219urin\u021b\u0103 obiectele personale din interiorul s\u0103u.&nbsp;&nbsp;<\/p>\n\n\n\n<h3 class=\"wp-block-heading\"><strong>\u021ainuta elegant\u0103\u00a0<\/strong><\/h3>\n\n\n\n<p>Chiar \u0219i o \u021binut\u0103 elegant\u0103 poate fi accesorizat\u0103 cu o borset\u0103, \u00eens\u0103 aspectul s\u0103u conteaz\u0103 cel mai tare \u00een acest context. Un sacou str\u00e2ns \u00een talie cu ajutorul unei borsete ce poart\u0103 logoul unui brand celebru te va scoate din anonimat \u0219i reprezint\u0103 o idee excelent\u0103 pentru un outfit pe care-l po\u021bi purta la o petrecere semi-formal\u0103.&nbsp;&nbsp;<\/p>\n\n\n\n<p>De asemenea, \u0219i <a href=\"https:\/\/ccc.eu\/ro\/haine\/femei\/rochii\" target=\"_blank\" rel=\"noreferrer noopener\">rochiile<\/a> negre, simple, cu o croial\u0103 mulat\u0103 pe corp pot fi accesorizate cu borseta potrivit\u0103. Nu este recomandat ca \u00een acest caz s\u0103 o por\u021bi pe \u0219olduri, pe um\u0103r sau la spate, deoarece astfel de modalit\u0103\u021bi de prindere sunt mai degrab\u0103 reprezentative pentru stilul sport sau casual.&nbsp;&nbsp;<\/p>\n\n\n\n<p>Alege borseta potrivit\u0103 pentru o astfel de \u021binut\u0103 atunci c\u00e2nd mergi la cump\u0103r\u0103turi \u0219i investe\u0219te \u00een elegan\u021b\u0103!&nbsp;<\/p>\n\n\n\n<h3 class=\"wp-block-heading\"><strong>\u021ainuta boho chic\u00a0<\/strong><\/h3>\n\n\n\n<p>\u00ce\u021bi place s\u0103 te \u00eembraci precum un adev\u0103rat artist boem, iar <a href=\"https:\/\/ccc.eu\/ro\/accesorii\/femei\" target=\"_blank\" rel=\"noreferrer noopener\">accesoriile<\/a> tale s\u0103 completeze acest frumos tablou? \u00ce\u021bi suger\u0103m s\u0103 introduci borseta \u00een \u021binutele cu rochii sau fuste vaporoase sau chiar \u0219i atunci c\u00e2nd por\u021bi blugi \u0219i o ie cu modele tradi\u021bionale. Modelul potrivit de accesoriu \u00een acest caz \u00eel reprezint\u0103 borsetele realizate din piele \u00eentoars\u0103 sau \u00een nuan\u021be neutre de maro.&nbsp;<\/p>\n\n\n\n<p>Nu este \u00eens\u0103 gre\u0219it s\u0103 adaugi o borset\u0103 alb\u0103, simpl\u0103, din <a href=\"https:\/\/blog.ccc.eu\/ro\/ce-este-pielea-ecologica-si-cum-se-diferentiaza-de-cea-naturala\/\" target=\"_blank\" rel=\"noreferrer noopener\">piele ecologic\u0103<\/a> la o \u021binut\u0103 din categoria boho-chic. Cu at\u00e2t mai mult vei sublinia romantismul pe care \u00eel exprim\u0103 acest stil vestimentar, \u00een special dac\u0103 alegi s\u0103 o por\u021bi pe um\u0103r sau \u00een jurul taliei.&nbsp;&nbsp;<\/p>\n\n\n\n<p>De asemenea, ia \u00een considerare \u0219i conceptul modern de borset\u0103 prins\u0103 de <a href=\"https:\/\/ccc.eu\/ro\/accesorii\/femei\/curele\" target=\"_blank\" rel=\"noreferrer noopener\">curea<\/a>. Acesta este foarte practic \u0219i arat\u0103 minunat \u00een \u021binutele cu <a href=\"https:\/\/ccc.eu\/ro\/haine\/femei\/pantaloni\" target=\"_blank\" rel=\"noreferrer noopener\">pantaloni<\/a> sau cu fuste care au talia \u00eenalt\u0103.\u00a0<\/p>\n\n\n\n\n\n\n<p>\u021aine cont de recomand\u0103rile pe care \u021bi le-am oferit \u0219i achizi\u021bioneaz\u0103 borseta perfect\u0103 pentru fiecare stil vestimentar \u00een parte. Designul acesteia \u0219i felul \u00een care o por\u021bi joac\u0103 un rol extrem de important \u00een imaginea pe care vrei s\u0103 o creezi.&nbsp;&nbsp;<\/p>\n\n\n\n<p>Te a\u0219tept\u0103m pe site-ul nostru cu zeci de modele diferite de borsete, unde cu siguran\u021b\u0103 te va a\u0219tepta <a href=\"https:\/\/blog.ccc.eu\/ro\/accesorii-din-materiale-vegane-pentru-iubitorii-de-animale\/\" target=\"_blank\" rel=\"noreferrer noopener\">viitorul t\u0103u accesoriu favorit<\/a>!&nbsp;&nbsp;<\/p>\n","protected":false},"excerpt":{"rendered":"<p>Borseta este un accesoriu extrem de versatil dac\u0103 \u0219tii cum s\u0103 o integrezi \u00een \u021binutele tale. Fie c\u0103 e vorba despre outfituri casual, sport sau \u00een stilul urban, borseta nu trebuie s\u0103 \u00ee\u021bi lipseasc\u0103 din garderob\u0103. At\u00e2t din punct de vedere estetic, c\u00e2t \u0219i practic, acest accesoriu va aduce un plus de valoare felului \u00een [&hellip;]<\/p>\n","protected":false},"author":16,"featured_media":5511,"comment_status":"open","ping_status":"open","sticky":false,"template":"","format":"standard","meta":{"_acf_changed":false,"footnotes":""},"categories":[4],"tags":[572,1067,1068,704,788,724],"class_list":["post-5508","post","type-post","status-publish","format-standard","has-post-thumbnail","hentry","category-sfaturi-de-moda","tag-accesorii","tag-borseta","tag-cumsepoarta","tag-modapentrufemei","tag-sfaturidestil","tag-tendinte"],"acf":[],"yoast_head":"<!-- This site is optimized with the Yoast SEO plugin v26.9 - https:\/\/yoast.com\/product\/yoast-seo-wordpress\/ -->\n<title>Sfaturi de stil: cum se poart\u0103 borseta?\u00a0 - CCC Fashion blog<\/title>\n<meta name=\"description\" content=\"Descopera cum se poarta borseta astfel incat sa creezi tinute moderne si cu stil. Iti oferim sfaturi si recomandari utile. 2026\" \/>\n<meta name=\"robots\" content=\"index, follow, max-snippet:-1, max-image-preview:large, max-video-preview:-1\" \/>\n<link rel=\"canonical\" href=\"https:\/\/blog.ccc.eu\/ro\/sfaturi-de-stil-cum-se-poarta-borseta\/\" \/>\n<meta property=\"og:locale\" content=\"ro_RO\" \/>\n<meta property=\"og:type\" content=\"article\" \/>\n<meta property=\"og:title\" content=\"Sfaturi de stil: cum se poart\u0103 borseta?\u00a0 - CCC Fashion blog\" \/>\n<meta property=\"og:description\" content=\"Descopera cum se poarta borseta astfel incat sa creezi tinute moderne si cu stil. Iti oferim sfaturi si recomandari utile.\" \/>\n<meta property=\"og:url\" content=\"https:\/\/blog.ccc.eu\/ro\/sfaturi-de-stil-cum-se-poarta-borseta\/\" \/>\n<meta property=\"og:site_name\" content=\"CCC Fashion blog\" \/>\n<meta property=\"article:published_time\" content=\"2022-08-11T09:50:59+00:00\" \/>\n<meta property=\"article:modified_time\" content=\"2022-08-11T09:51:00+00:00\" \/>\n<meta property=\"og:image\" content=\"https:\/\/blog.ccc.eu\/ro\/wp-content\/uploads\/2022\/08\/CCC_JF_SS22_58.jpg\" \/>\n\t<meta property=\"og:image:width\" content=\"563\" \/>\n\t<meta property=\"og:image:height\" content=\"750\" \/>\n\t<meta property=\"og:image:type\" content=\"image\/jpeg\" \/>\n<meta name=\"author\" content=\"Cristina Boncea\" \/>\n<meta name=\"twitter:card\" content=\"summary_large_image\" \/>\n<meta name=\"twitter:label1\" content=\"Scris de\" \/>\n\t<meta name=\"twitter:data1\" content=\"Cristina Boncea\" \/>\n\t<meta name=\"twitter:label2\" content=\"Timp estimat pentru citire\" \/>\n\t<meta name=\"twitter:data2\" content=\"5 minute\" \/>\n<script type=\"application\/ld+json\" class=\"yoast-schema-graph\">{\"@context\":\"https:\/\/schema.org\",\"@graph\":[{\"@type\":\"Article\",\"@id\":\"https:\/\/blog.ccc.eu\/ro\/sfaturi-de-stil-cum-se-poarta-borseta\/#article\",\"isPartOf\":{\"@id\":\"https:\/\/blog.ccc.eu\/ro\/sfaturi-de-stil-cum-se-poarta-borseta\/\"},\"author\":{\"name\":\"Cristina Boncea\",\"@id\":\"https:\/\/blog.ccc.eu\/ro\/#\/schema\/person\/9735c04e95c7b574bdea1696e22bfb4a\"},\"headline\":\"Sfaturi de stil: cum se poart\u0103 borseta?\u00a0\",\"datePublished\":\"2022-08-11T09:50:59+00:00\",\"dateModified\":\"2022-08-11T09:51:00+00:00\",\"mainEntityOfPage\":{\"@id\":\"https:\/\/blog.ccc.eu\/ro\/sfaturi-de-stil-cum-se-poarta-borseta\/\"},\"wordCount\":895,\"commentCount\":0,\"publisher\":{\"@id\":\"https:\/\/blog.ccc.eu\/ro\/#organization\"},\"image\":{\"@id\":\"https:\/\/blog.ccc.eu\/ro\/sfaturi-de-stil-cum-se-poarta-borseta\/#primaryimage\"},\"thumbnailUrl\":\"https:\/\/blog.ccc.eu\/ro\/wp-content\/uploads\/2022\/08\/CCC_JF_SS22_58.jpg\",\"keywords\":[\"accesorii\",\"borseta\",\"cumsepoarta\",\"modapentrufemei\",\"sfaturidestil\",\"tendinte\"],\"articleSection\":[\"SFATURI DE MOD\u0102\"],\"inLanguage\":\"ro-RO\",\"potentialAction\":[{\"@type\":\"CommentAction\",\"name\":\"Comment\",\"target\":[\"https:\/\/blog.ccc.eu\/ro\/sfaturi-de-stil-cum-se-poarta-borseta\/#respond\"]}]},{\"@type\":\"WebPage\",\"@id\":\"https:\/\/blog.ccc.eu\/ro\/sfaturi-de-stil-cum-se-poarta-borseta\/\",\"url\":\"https:\/\/blog.ccc.eu\/ro\/sfaturi-de-stil-cum-se-poarta-borseta\/\",\"name\":\"Sfaturi de stil: cum se poart\u0103 borseta?\u00a0 - CCC Fashion blog\",\"isPartOf\":{\"@id\":\"https:\/\/blog.ccc.eu\/ro\/#website\"},\"primaryImageOfPage\":{\"@id\":\"https:\/\/blog.ccc.eu\/ro\/sfaturi-de-stil-cum-se-poarta-borseta\/#primaryimage\"},\"image\":{\"@id\":\"https:\/\/blog.ccc.eu\/ro\/sfaturi-de-stil-cum-se-poarta-borseta\/#primaryimage\"},\"thumbnailUrl\":\"https:\/\/blog.ccc.eu\/ro\/wp-content\/uploads\/2022\/08\/CCC_JF_SS22_58.jpg\",\"datePublished\":\"2022-08-11T09:50:59+00:00\",\"dateModified\":\"2022-08-11T09:51:00+00:00\",\"description\":\"Descopera cum se poarta borseta astfel incat sa creezi tinute moderne si cu stil. Iti oferim sfaturi si recomandari utile.\",\"breadcrumb\":{\"@id\":\"https:\/\/blog.ccc.eu\/ro\/sfaturi-de-stil-cum-se-poarta-borseta\/#breadcrumb\"},\"inLanguage\":\"ro-RO\",\"potentialAction\":[{\"@type\":\"ReadAction\",\"target\":[\"https:\/\/blog.ccc.eu\/ro\/sfaturi-de-stil-cum-se-poarta-borseta\/\"]}]},{\"@type\":\"ImageObject\",\"inLanguage\":\"ro-RO\",\"@id\":\"https:\/\/blog.ccc.eu\/ro\/sfaturi-de-stil-cum-se-poarta-borseta\/#primaryimage\",\"url\":\"https:\/\/blog.ccc.eu\/ro\/wp-content\/uploads\/2022\/08\/CCC_JF_SS22_58.jpg\",\"contentUrl\":\"https:\/\/blog.ccc.eu\/ro\/wp-content\/uploads\/2022\/08\/CCC_JF_SS22_58.jpg\",\"width\":563,\"height\":750},{\"@type\":\"BreadcrumbList\",\"@id\":\"https:\/\/blog.ccc.eu\/ro\/sfaturi-de-stil-cum-se-poarta-borseta\/#breadcrumb\",\"itemListElement\":[{\"@type\":\"ListItem\",\"position\":1,\"name\":\"Strona g\u0142\u00f3wna\",\"item\":\"https:\/\/blog.ccc.eu\/ro\/\"},{\"@type\":\"ListItem\",\"position\":2,\"name\":\"Sfaturi de stil: cum se poart\u0103 borseta?\u00a0\"}]},{\"@type\":\"WebSite\",\"@id\":\"https:\/\/blog.ccc.eu\/ro\/#website\",\"url\":\"https:\/\/blog.ccc.eu\/ro\/\",\"name\":\"CCC Fashion blog\",\"description\":\"Locul t\u0103u plin de inspira\u021bii \u00een mod\u0103\",\"publisher\":{\"@id\":\"https:\/\/blog.ccc.eu\/ro\/#organization\"},\"potentialAction\":[{\"@type\":\"SearchAction\",\"target\":{\"@type\":\"EntryPoint\",\"urlTemplate\":\"https:\/\/blog.ccc.eu\/ro\/?s={search_term_string}\"},\"query-input\":{\"@type\":\"PropertyValueSpecification\",\"valueRequired\":true,\"valueName\":\"search_term_string\"}}],\"inLanguage\":\"ro-RO\"},{\"@type\":\"Organization\",\"@id\":\"https:\/\/blog.ccc.eu\/ro\/#organization\",\"name\":\"CCC S.A.\",\"url\":\"https:\/\/blog.ccc.eu\/ro\/\",\"logo\":{\"@type\":\"ImageObject\",\"inLanguage\":\"ro-RO\",\"@id\":\"https:\/\/blog.ccc.eu\/ro\/#\/schema\/logo\/image\/\",\"url\":\"https:\/\/blog.ccc.eu\/ro\/wp-content\/uploads\/2021\/11\/logo_ccc.png\",\"contentUrl\":\"https:\/\/blog.ccc.eu\/ro\/wp-content\/uploads\/2021\/11\/logo_ccc.png\",\"width\":730,\"height\":270,\"caption\":\"CCC S.A.\"},\"image\":{\"@id\":\"https:\/\/blog.ccc.eu\/ro\/#\/schema\/logo\/image\/\"}},{\"@type\":\"Person\",\"@id\":\"https:\/\/blog.ccc.eu\/ro\/#\/schema\/person\/9735c04e95c7b574bdea1696e22bfb4a\",\"name\":\"Cristina Boncea\",\"image\":{\"@type\":\"ImageObject\",\"inLanguage\":\"ro-RO\",\"@id\":\"https:\/\/blog.ccc.eu\/ro\/#\/schema\/person\/image\/\",\"url\":\"https:\/\/blog.ccc.eu\/ro\/wp-content\/uploads\/2022\/01\/Cristina-Boncea-100x100.jpeg\",\"contentUrl\":\"https:\/\/blog.ccc.eu\/ro\/wp-content\/uploads\/2022\/01\/Cristina-Boncea-100x100.jpeg\",\"caption\":\"Cristina Boncea\"},\"url\":\"https:\/\/blog.ccc.eu\/ro\/author\/cristina-boncea\/\"}]}<\/script>\n<!-- \/ Yoast SEO plugin. -->","yoast_head_json":{"title":"Sfaturi de stil: cum se poart\u0103 borseta?\u00a0 - CCC Fashion blog","description":"Descopera cum se poarta borseta astfel incat sa creezi tinute moderne si cu stil. Iti oferim sfaturi si recomandari utile. 2026","robots":{"index":"index","follow":"follow","max-snippet":"max-snippet:-1","max-image-preview":"max-image-preview:large","max-video-preview":"max-video-preview:-1"},"canonical":"https:\/\/blog.ccc.eu\/ro\/sfaturi-de-stil-cum-se-poarta-borseta\/","og_locale":"ro_RO","og_type":"article","og_title":"Sfaturi de stil: cum se poart\u0103 borseta?\u00a0 - CCC Fashion blog","og_description":"Descopera cum se poarta borseta astfel incat sa creezi tinute moderne si cu stil. Iti oferim sfaturi si recomandari utile.","og_url":"https:\/\/blog.ccc.eu\/ro\/sfaturi-de-stil-cum-se-poarta-borseta\/","og_site_name":"CCC Fashion blog","article_published_time":"2022-08-11T09:50:59+00:00","article_modified_time":"2022-08-11T09:51:00+00:00","og_image":[{"width":563,"height":750,"url":"https:\/\/blog.ccc.eu\/ro\/wp-content\/uploads\/2022\/08\/CCC_JF_SS22_58.jpg","type":"image\/jpeg"}],"author":"Cristina Boncea","twitter_card":"summary_large_image","twitter_misc":{"Scris de":"Cristina Boncea","Timp estimat pentru citire":"5 minute"},"schema":{"@context":"https:\/\/schema.org","@graph":[{"@type":"Article","@id":"https:\/\/blog.ccc.eu\/ro\/sfaturi-de-stil-cum-se-poarta-borseta\/#article","isPartOf":{"@id":"https:\/\/blog.ccc.eu\/ro\/sfaturi-de-stil-cum-se-poarta-borseta\/"},"author":{"name":"Cristina Boncea","@id":"https:\/\/blog.ccc.eu\/ro\/#\/schema\/person\/9735c04e95c7b574bdea1696e22bfb4a"},"headline":"Sfaturi de stil: cum se poart\u0103 borseta?\u00a0","datePublished":"2022-08-11T09:50:59+00:00","dateModified":"2022-08-11T09:51:00+00:00","mainEntityOfPage":{"@id":"https:\/\/blog.ccc.eu\/ro\/sfaturi-de-stil-cum-se-poarta-borseta\/"},"wordCount":895,"commentCount":0,"publisher":{"@id":"https:\/\/blog.ccc.eu\/ro\/#organization"},"image":{"@id":"https:\/\/blog.ccc.eu\/ro\/sfaturi-de-stil-cum-se-poarta-borseta\/#primaryimage"},"thumbnailUrl":"https:\/\/blog.ccc.eu\/ro\/wp-content\/uploads\/2022\/08\/CCC_JF_SS22_58.jpg","keywords":["accesorii","borseta","cumsepoarta","modapentrufemei","sfaturidestil","tendinte"],"articleSection":["SFATURI DE MOD\u0102"],"inLanguage":"ro-RO","potentialAction":[{"@type":"CommentAction","name":"Comment","target":["https:\/\/blog.ccc.eu\/ro\/sfaturi-de-stil-cum-se-poarta-borseta\/#respond"]}]},{"@type":"WebPage","@id":"https:\/\/blog.ccc.eu\/ro\/sfaturi-de-stil-cum-se-poarta-borseta\/","url":"https:\/\/blog.ccc.eu\/ro\/sfaturi-de-stil-cum-se-poarta-borseta\/","name":"Sfaturi de stil: cum se poart\u0103 borseta?\u00a0 - CCC Fashion blog","isPartOf":{"@id":"https:\/\/blog.ccc.eu\/ro\/#website"},"primaryImageOfPage":{"@id":"https:\/\/blog.ccc.eu\/ro\/sfaturi-de-stil-cum-se-poarta-borseta\/#primaryimage"},"image":{"@id":"https:\/\/blog.ccc.eu\/ro\/sfaturi-de-stil-cum-se-poarta-borseta\/#primaryimage"},"thumbnailUrl":"https:\/\/blog.ccc.eu\/ro\/wp-content\/uploads\/2022\/08\/CCC_JF_SS22_58.jpg","datePublished":"2022-08-11T09:50:59+00:00","dateModified":"2022-08-11T09:51:00+00:00","description":"Descopera cum se poarta borseta astfel incat sa creezi tinute moderne si cu stil. Iti oferim sfaturi si recomandari utile.","breadcrumb":{"@id":"https:\/\/blog.ccc.eu\/ro\/sfaturi-de-stil-cum-se-poarta-borseta\/#breadcrumb"},"inLanguage":"ro-RO","potentialAction":[{"@type":"ReadAction","target":["https:\/\/blog.ccc.eu\/ro\/sfaturi-de-stil-cum-se-poarta-borseta\/"]}]},{"@type":"ImageObject","inLanguage":"ro-RO","@id":"https:\/\/blog.ccc.eu\/ro\/sfaturi-de-stil-cum-se-poarta-borseta\/#primaryimage","url":"https:\/\/blog.ccc.eu\/ro\/wp-content\/uploads\/2022\/08\/CCC_JF_SS22_58.jpg","contentUrl":"https:\/\/blog.ccc.eu\/ro\/wp-content\/uploads\/2022\/08\/CCC_JF_SS22_58.jpg","width":563,"height":750},{"@type":"BreadcrumbList","@id":"https:\/\/blog.ccc.eu\/ro\/sfaturi-de-stil-cum-se-poarta-borseta\/#breadcrumb","itemListElement":[{"@type":"ListItem","position":1,"name":"Strona g\u0142\u00f3wna","item":"https:\/\/blog.ccc.eu\/ro\/"},{"@type":"ListItem","position":2,"name":"Sfaturi de stil: cum se poart\u0103 borseta?\u00a0"}]},{"@type":"WebSite","@id":"https:\/\/blog.ccc.eu\/ro\/#website","url":"https:\/\/blog.ccc.eu\/ro\/","name":"CCC Fashion blog","description":"Locul t\u0103u plin de inspira\u021bii \u00een mod\u0103","publisher":{"@id":"https:\/\/blog.ccc.eu\/ro\/#organization"},"potentialAction":[{"@type":"SearchAction","target":{"@type":"EntryPoint","urlTemplate":"https:\/\/blog.ccc.eu\/ro\/?s={search_term_string}"},"query-input":{"@type":"PropertyValueSpecification","valueRequired":true,"valueName":"search_term_string"}}],"inLanguage":"ro-RO"},{"@type":"Organization","@id":"https:\/\/blog.ccc.eu\/ro\/#organization","name":"CCC S.A.","url":"https:\/\/blog.ccc.eu\/ro\/","logo":{"@type":"ImageObject","inLanguage":"ro-RO","@id":"https:\/\/blog.ccc.eu\/ro\/#\/schema\/logo\/image\/","url":"https:\/\/blog.ccc.eu\/ro\/wp-content\/uploads\/2021\/11\/logo_ccc.png","contentUrl":"https:\/\/blog.ccc.eu\/ro\/wp-content\/uploads\/2021\/11\/logo_ccc.png","width":730,"height":270,"caption":"CCC S.A."},"image":{"@id":"https:\/\/blog.ccc.eu\/ro\/#\/schema\/logo\/image\/"}},{"@type":"Person","@id":"https:\/\/blog.ccc.eu\/ro\/#\/schema\/person\/9735c04e95c7b574bdea1696e22bfb4a","name":"Cristina Boncea","image":{"@type":"ImageObject","inLanguage":"ro-RO","@id":"https:\/\/blog.ccc.eu\/ro\/#\/schema\/person\/image\/","url":"https:\/\/blog.ccc.eu\/ro\/wp-content\/uploads\/2022\/01\/Cristina-Boncea-100x100.jpeg","contentUrl":"https:\/\/blog.ccc.eu\/ro\/wp-content\/uploads\/2022\/01\/Cristina-Boncea-100x100.jpeg","caption":"Cristina Boncea"},"url":"https:\/\/blog.ccc.eu\/ro\/author\/cristina-boncea\/"}]}},"_links":{"self":[{"href":"https:\/\/blog.ccc.eu\/ro\/wp-json\/wp\/v2\/posts\/5508","targetHints":{"allow":["GET"]}}],"collection":[{"href":"https:\/\/blog.ccc.eu\/ro\/wp-json\/wp\/v2\/posts"}],"about":[{"href":"https:\/\/blog.ccc.eu\/ro\/wp-json\/wp\/v2\/types\/post"}],"author":[{"embeddable":true,"href":"https:\/\/blog.ccc.eu\/ro\/wp-json\/wp\/v2\/users\/16"}],"replies":[{"embeddable":true,"href":"https:\/\/blog.ccc.eu\/ro\/wp-json\/wp\/v2\/comments?post=5508"}],"version-history":[{"count":1,"href":"https:\/\/blog.ccc.eu\/ro\/wp-json\/wp\/v2\/posts\/5508\/revisions"}],"predecessor-version":[{"id":5512,"href":"https:\/\/blog.ccc.eu\/ro\/wp-json\/wp\/v2\/posts\/5508\/revisions\/5512"}],"wp:featuredmedia":[{"embeddable":true,"href":"https:\/\/blog.ccc.eu\/ro\/wp-json\/wp\/v2\/media\/5511"}],"wp:attachment":[{"href":"https:\/\/blog.ccc.eu\/ro\/wp-json\/wp\/v2\/media?parent=5508"}],"wp:term":[{"taxonomy":"category","embeddable":true,"href":"https:\/\/blog.ccc.eu\/ro\/wp-json\/wp\/v2\/categories?post=5508"},{"taxonomy":"post_tag","embeddable":true,"href":"https:\/\/blog.ccc.eu\/ro\/wp-json\/wp\/v2\/tags?post=5508"}],"curies":[{"name":"wp","href":"https:\/\/api.w.org\/{rel}","templated":true}]}}