{"id":5566,"date":"2022-09-02T13:10:13","date_gmt":"2022-09-02T11:10:13","guid":{"rendered":"https:\/\/blog.ccc.eu\/ro\/?p=5566"},"modified":"2022-09-02T13:11:01","modified_gmt":"2022-09-02T11:11:01","slug":"ghid-de-stil-idei-de-tinute-si-accesorii-pentru-prima-zi-de-scoala","status":"publish","type":"post","link":"https:\/\/blog.ccc.eu\/ro\/ghid-de-stil-idei-de-tinute-si-accesorii-pentru-prima-zi-de-scoala\/","title":{"rendered":"Ghid de stil: Idei de \u021binute \u0219i accesorii pentru prima zi de \u0219coal\u0103"},"content":{"rendered":"\n<p><b>Noul an \u0219colar se apropie cu pa\u0219i repezi, iar copilul t\u0103u de abia a\u0219teapt\u0103 s\u0103 mearg\u0103 la festivitatea de deschidere din general\u0103? Cau\u021bi un outfit trendy pentru adolescen\u021bii din locuin\u021b\u0103 care tocmai p\u0103\u0219esc pe coridoarele liceului sau vrei s\u0103 creezi un outfit f\u0103r\u0103 cusur pentru prima ta zi de la facultate? \u00cen ghidul CCC vei g\u0103si \u00eentocmai \u021binutele perfecte, indiferent de etapa educa\u021bional\u0103 \u00een care te afli tu sau copilul t\u0103u, fie acesta feti\u021b\u0103 sau b\u0103iat!<\/b><\/p>\n\n\n\n<figure class=\"wp-block-gallery has-nested-images columns-default is-cropped wp-block-gallery-1 is-layout-flex wp-block-gallery-is-layout-flex\">\n<figure class=\"wp-block-image size-large\"><img loading=\"lazy\" decoding=\"async\" width=\"1024\" height=\"768\" data-id=\"5572\" src=\"https:\/\/blog.ccc.eu\/ro\/wp-content\/uploads\/2022\/09\/20220606_ZUZA_CCC_0274-Copy-1024x768.jpg\" alt=\"\" class=\"wp-image-5572\" srcset=\"https:\/\/blog.ccc.eu\/ro\/wp-content\/uploads\/2022\/09\/20220606_ZUZA_CCC_0274-Copy-1024x768.jpg 1024w, https:\/\/blog.ccc.eu\/ro\/wp-content\/uploads\/2022\/09\/20220606_ZUZA_CCC_0274-Copy-300x225.jpg 300w, https:\/\/blog.ccc.eu\/ro\/wp-content\/uploads\/2022\/09\/20220606_ZUZA_CCC_0274-Copy-768x576.jpg 768w, https:\/\/blog.ccc.eu\/ro\/wp-content\/uploads\/2022\/09\/20220606_ZUZA_CCC_0274-Copy-100x75.jpg 100w, https:\/\/blog.ccc.eu\/ro\/wp-content\/uploads\/2022\/09\/20220606_ZUZA_CCC_0274-Copy.jpg 1400w\" sizes=\"auto, (max-width: 1024px) 100vw, 1024px\" \/><\/figure>\n<\/figure>\n\n\n\n<h2 class=\"wp-block-heading\"><strong>\u021ainute pentru prima zi din \u0219coala primar\u0103 sau gimnazial\u0103<\/strong><\/h2>\n\n\n\n<p>Unele dintre cele mai importante momente ale celor mici sunt \u00eenceputurile de an \u0219colar, mai ales \u00een clasele gimnaziale V-VIII deoarece \u00eent\u00e2lnesc \u00een fiecare an profesori noi \u00een func\u021bie de materii, dar \u0219i colegi \u0219i colege cu care urmeaz\u0103 s\u0103 petreac\u0103 modulele educa\u021bionale.<\/p>\n\n\n\n<p>Deoarece, indiferent de v\u00e2rst\u0103, toate persoanele doresc s\u0103 fac\u0103 impresie, iat\u0103 c\u00e2teva idei de <a href=\"https:\/\/blog.ccc.eu\/ro\/6-idei-de-outfituri-potrivite-la-scoala\/\">\u021binute trendy pentru fete \u0219i b\u0103ie\u021bi<\/a>! Urm\u0103toarele \u021binute pot fi purtate at\u00e2t de domni\u0219oare, c\u00e2t \u0219i de domni\u0219ori, fiind adaptate stilului \u0219i personalit\u0103\u021bii subiectului!<\/p>\n\n\n\n<h3 class=\"wp-block-heading\"><strong>Jeans, tricou alb \u0219i teni\u0219i<\/strong><\/h3>\n\n\n\n<p>Una dintre cele mai versatile outfituri pe care le pot purta cei mici la \u00eenceput de an \u0219colar este combo-ul de jeans \u0219i <a href=\"https:\/\/ccc.eu\/ro\/haine\/copii\/tricou\">tricou alb<\/a>. Cel din urm\u0103 poate fi \u00eenlocuit de o bluz\u0103 cu m\u00e2nec\u0103 lung\u0103 \u00een cazul \u00een care temperaturile sunt sc\u0103zute sau chiar de o <a href=\"https:\/\/ccc.eu\/ro\/haine\/femei\/camaa\">c\u0103ma\u0219\u0103 cochet\u0103 \u0219i elegant\u0103<\/a>.<\/p>\n\n\n\n<p>Dac\u0103 la b\u0103ie\u021bi este simplu, deoarece exist\u0103 numeroase modele de jeans din care s\u0103 aleag\u0103, fetele pot decide \u00eentre pantalonii de blugi sau fusta denim, fie aceasta midi sau maxi. Pentru un plus de confort, noi \u00ee\u021bi recomand\u0103m <a href=\"https:\/\/ccc.eu\/ro\/copii\/incaltaminte-pentru-fete\/tenisi\">teni\u0219ii cu modele colorate sau uni<\/a>, din material gumat, flexibil \u0219i u\u0219or de purtat!<\/p>\n\n\n\n<h3 class=\"wp-block-heading\"><strong>Hanorac oversized, pantaloni negri \u0219i ghete<\/strong><\/h3>\n\n\n\n<p>Deja a \u00eenceput sezonul ploios sau temperaturile au sc\u0103zut mult spre deosebire de august \u00een care nimeni nu dorea s\u0103 p\u0103r\u0103seasc\u0103 litoralul? Nu \u00ee\u021bi face probleme, copilul t\u0103u va ar\u0103ta chic, se va sim\u021bi incredibil \u0219i confortabil cu urm\u0103toarea \u021binut\u0103: tricou sau maiou, hanorac oversized \u0219i <a href=\"https:\/\/ccc.eu\/ro\/copii\/incaltaminte-pentru-baieti\/ghete\">ghete de toamn\u0103<\/a>.<\/p>\n\n\n\n<p>Hanoracele oversized sunt la mod\u0103, foarte confortabile \u0219i au buzunare \u00een care copii \u00ee\u0219i pot \u00eenc\u0103lzi m\u00e2inile \u00een timpul ceremoniei. Totodat\u0103, aceast\u0103 vestimenta\u021bie le d\u0103 celor mici libertate \u00een mi\u0219care. Deoarece outfitul este sporty, un <a href=\"https:\/\/ccc.eu\/ro\/genti\/rucsacuri\/rucsacuri-pentru-copii\">rucsac compartimentat<\/a> va fi \u00eentocmai accesoriul statement!<\/p>\n\n\n\n<h3 class=\"wp-block-heading\"><strong>Rochie pentru feti\u021be<\/strong><\/h3>\n\n\n\n<p><a href=\"https:\/\/ccc.eu\/ro\/haine\/femei\/rochii\">Rochiile midi sau maxi<\/a>, \u00een culorile vii ale verii sau cele nude \u0219i mahon ale toamnei vor oferi un aspect irezistibil&nbsp; pentru outfitul primei zile de \u0219coal\u0103. Costuma\u021bia poate fi \u00eenso\u021bit\u0103 de o jachet\u0103 denim sau piele.<\/p>\n\n\n\n<p>Totodat\u0103, dac\u0103 vrei ca feti\u021ba ta s\u0103 aib\u0103 un look deosebit, atunci po\u021bi opta pentru o rochie-sarafan care va ar\u0103ta irezistibil al\u0103turi de o c\u0103ma\u0219\u0103 catifelat\u0103. <a href=\"https:\/\/ccc.eu\/ro\/copii\/incaltaminte-pentru-fete\/pantofi-cu-toc-mediu\">Pantofii cu toc mediu<\/a> \u00eenfrumuse\u021beaz\u0103 \u00eentreaga \u021binut\u0103, iar feti\u021ba se va bucura din plin de prima ei zi de \u0219coal\u0103!<\/p>\n\n\n\n<h2 class=\"wp-block-heading\"><strong>\u021ainute pentru zi de liceu<\/strong><\/h2>\n\n\n\n<h3 class=\"wp-block-heading\"><strong>\u021ainut\u0103 sport<\/strong><\/h3>\n\n\n\n<p>Un alt look acceptat de sistemul educa\u021bional liceal este <a href=\"https:\/\/blog.ccc.eu\/ro\/echipamentul-de-sport-pentru-ora-de-educatie-fizica-a-copilului-tau\/\">stilul sportiv<\/a>, mai exact: pantaloni lungi de trening, tricouri, <a href=\"https:\/\/ccc.eu\/ro\/haine\/barbai\/bluza-sport\">hanorac<\/a> sau fust\u0103 sporty pentru fete. Nu sunt recomandate, \u00een afara orelor de sport, maiourile, \u0219or\u021burile, colan\u021bii sau body-urile.<\/p>\n\n\n\n<p>Pentru liceu accesoriile sunt nelipsite, iar cele mai \u00eendr\u0103gite dintre ele sunt: \u0219epcile pentru b\u0103ie\u021bi, ochelarii de soare, bijuteriile \u0219i \u00eenc\u0103l\u021b\u0103mintea sport de la <a href=\"https:\/\/ccc.eu\/ro\/lista-de-marci\">branduri cu renume<\/a>: ADIDAS, Puma, Vans, Skechers, Reebok, Champion, Kappa etc.<\/p>\n\n\n\n<h3 class=\"wp-block-heading\"><strong>Outfit monocrom<\/strong><\/h3>\n\n\n\n<p>Purtarea unei singure nuan\u021be este de efect, mai ales la liceu unde urmeaz\u0103 s\u0103 cuno\u0219ti foarte mul\u021bi colegi \u0219i profesori noi, fiecare dintre ace\u0219tia av\u00e2nd preferin\u021be \u0219i dorin\u021be aparte. Datorit\u0103 unei vestimenta\u021bii monocrom vei oferi impresia unui caracter optimist, deschis la necunoscut, sociabil \u0219i rafinat.<\/p>\n\n\n\n<p>Printre cele mai populare culori sunt gri, bej, nude, culoarea \u0219ampaniei, galben pastelat, negru sau alb. Cu toate acestea, dac\u0103 vrei s\u0103 aduci un pic de culoare \u0219i personalitate garderobei, atunci opteaz\u0103 pentru <a href=\"https:\/\/ccc.eu\/ro\/femei\/pantofi\/sneakers\">sneakers dinamici<\/a> \u0219i pl\u0103cu\u021bi purt\u0103rii!<\/p>\n\n\n\n\n\n\n<p><\/p>\n\n\n\n<h2 class=\"wp-block-heading\"><strong>\u021ainute pentru primul an de facultate<\/strong><\/h2>\n\n\n\n<p>Dac\u0103 pentru outfiturile de \u0219coal\u0103 \u0219i liceu \u021bi-a fost u\u0219or s\u0103 alegi <a href=\"https:\/\/ccc.eu\/ro\/haine\/femei\">piesele vestimentare perfecte<\/a>, \u021binuta pentru primul an de facultate depinde mai ales de studiile alese: informatic\u0103, psihologie, muzic\u0103, contabilitate, teatru, management etc. Indiferent de garderoba aleas\u0103, aceasta trebuie s\u0103-\u021bi pun\u0103 \u00een eviden\u021b\u0103 personalitatea, stilul \u0219i rafinamentul.<\/p>\n\n\n\n<p>Asemeni \u021binutelor oferite pentru celelalte trepte educa\u021bionale, urm\u0103toarele idei sunt potrivite at\u00e2t pentru femei, dar \u0219i pentru b\u0103rba\u021bi, fiecare fiind \u00eenfrumuse\u021bate cu <a href=\"https:\/\/ccc.eu\/ro\/accesorii\/femei\">accesoriile \u0219i bijuteriile<\/a> potrivite!<\/p>\n\n\n\n<h3 class=\"wp-block-heading\"><strong>Costumul masculin<\/strong><\/h3>\n\n\n\n<p>Costumul format din dou\u0103 piese: pantaloni \u0219i sacou, este ideal indiferent de gen. Fiecare pies\u0103 este versatil\u0103 \u0219i ofer\u0103 modele \u0219i texturi diverse, de la cele slim fit la liniile oversized, a\u0219a c\u0103 vei g\u0103si cu siguran\u021b\u0103 sacoul perfect pentru tine!<\/p>\n\n\n\n<p>Pentru un look smart casual, b\u0103rba\u021bii pot asorta costumul deux-pieces cu \u00eenc\u0103l\u021b\u0103mintea sport, iar doamnele \u0219i domni\u0219oarele cu o pereche de pantofi \u00eenchi\u0219i. Nu uita de accesoriile statement: bijuteriile discrete \u0219i <a href=\"https:\/\/ccc.eu\/ro\/genti\/genti-pentru-femei\/genti-de-umar\">geanta de um\u0103r<\/a>!<\/p>\n\n\n\n<h3 class=\"wp-block-heading\"><strong>Outfit de piele<\/strong><\/h3>\n\n\n\n<p>Pune-\u021bi \u00een eviden\u021b\u0103 personalitatea printr-o vestimenta\u021bie \u201ebadass\u201d care s\u0103 te scoat\u0103 din cotidian \u0219i s\u0103 fii \u00eenc\u0103 din prima zi de facultate \u00een centrul aten\u021biei! Fie pantaloni, fust\u0103, c\u0103ma\u0219\u0103 sau jachet\u0103 de piele, vei atrage aten\u021bia celorlal\u021bi numaidec\u00e2t! Completeaz\u0103-\u021bi \u021binuta cu o pereche de <a href=\"https:\/\/ccc.eu\/ro\/femei\/pantofi\/bocanci\">bocanci simpli, cu \u021binte, capse sau catarame<\/a>!<\/p>\n\n\n\n\n\n\n<p><\/p>\n\n\n\n<h3 class=\"wp-block-heading\"><strong>C\u0103ma\u0219\u0103 denim, pantaloni slim fit \u0219i \u00eenc\u0103l\u021b\u0103minte confortabil\u0103<\/strong><\/h3>\n\n\n\n<p>Un outfit confortabil, discret \u0219i elegant, ideal pentru prima zi de facultate, indiferent de domeniul \u00een care urmeaz\u0103 s\u0103 studiezi, este alc\u0103tuit dintr-o c\u0103ma\u0219\u0103 denim, pantaloni slim fit \u00een nuan\u021be de negru, maro sau albastru \u0219i, bine\u00een\u021beles, o pereche de pantofi de calitate. Outfitul este unul tineresc \u0219i te va ajuta s\u0103 creezi noi leg\u0103turi cu persoanele din jurul t\u0103u chiar \u00eenainte de \u00eencheierea ceremoniei de deschidere!<\/p>\n\n\n\n<p>Indiferent dac\u0103 e\u0219ti \u00een c\u0103utarea unei \u021binute de \u00eenceput de an pentru gimnaziu, liceu sau facultate, este important s\u0103 alegi \u00eentocmai outfitul confortabil, elegant \u0219i relaxant deopotriv\u0103. Deoarece este un moment special din via\u021b\u0103, emo\u021biile vor fi prezente, iar ca s\u0103 te bucuri de o ceremonie perfect\u0103 de \u00eenceperea anului \u0219colar, alege doar hainele care ofer\u0103 \u00eencredere, al\u0103turi de accesoriile \u0219i pantofii potrivi\u021bi!<\/p>\n","protected":false},"excerpt":{"rendered":"<p>Noul an \u0219colar se apropie cu pa\u0219i repezi, iar copilul t\u0103u de abia a\u0219teapt\u0103 s\u0103 mearg\u0103 la festivitatea de deschidere din general\u0103? Cau\u021bi un outfit trendy pentru adolescen\u021bii din locuin\u021b\u0103 care tocmai p\u0103\u0219esc pe coridoarele liceului sau vrei s\u0103 creezi un outfit f\u0103r\u0103 cusur pentru prima ta zi de la facultate? \u00cen ghidul CCC vei [&hellip;]<\/p>\n","protected":false},"author":12,"featured_media":5572,"comment_status":"open","ping_status":"open","sticky":false,"template":"","format":"standard","meta":{"_acf_changed":false,"footnotes":""},"categories":[4],"tags":[572,645,1121,792,1118,539,951,1119,710,1120,724,1117,1122],"class_list":["post-5566","post","type-post","status-publish","format-standard","has-post-thumbnail","hentry","category-sfaturi-de-moda","tag-accesorii","tag-baieti","tag-educatie","tag-fashion","tag-ghid","tag-moda","tag-outfit","tag-scoala","tag-sfaturi","tag-stil","tag-tendinte","tag-tinute-2","tag-uniforma"],"acf":[],"yoast_head":"<!-- This site is optimized with the Yoast SEO plugin v26.9 - https:\/\/yoast.com\/product\/yoast-seo-wordpress\/ -->\n<title>Ghid de stil: Idei de \u021binute \u0219i accesorii pentru prima zi de \u0219coal\u0103 - CCC Fashion blog<\/title>\n<meta name=\"description\" content=\"Prima zi de \u0219coal\u0103 se apropie cu pa\u0219i repezi \u0219i e\u0219ti \u00een c\u0103utarea unei \u021binute perfecte? Iat\u0103 ideile fashion, accesoriile \u0219i pantofii pentru un nou \u00eenceput! 2026\" \/>\n<meta name=\"robots\" content=\"index, follow, max-snippet:-1, max-image-preview:large, max-video-preview:-1\" \/>\n<link rel=\"canonical\" href=\"https:\/\/blog.ccc.eu\/ro\/ghid-de-stil-idei-de-tinute-si-accesorii-pentru-prima-zi-de-scoala\/\" \/>\n<meta property=\"og:locale\" content=\"ro_RO\" \/>\n<meta property=\"og:type\" content=\"article\" \/>\n<meta property=\"og:title\" content=\"Ghid de stil: Idei de \u021binute \u0219i accesorii pentru prima zi de \u0219coal\u0103 - CCC Fashion blog\" \/>\n<meta property=\"og:description\" content=\"Prima zi de \u0219coal\u0103 se apropie cu pa\u0219i repezi \u0219i e\u0219ti \u00een c\u0103utarea unei \u021binute perfecte? Iat\u0103 ideile fashion, accesoriile \u0219i pantofii pentru un nou \u00eenceput!\" \/>\n<meta property=\"og:url\" content=\"https:\/\/blog.ccc.eu\/ro\/ghid-de-stil-idei-de-tinute-si-accesorii-pentru-prima-zi-de-scoala\/\" \/>\n<meta property=\"og:site_name\" content=\"CCC Fashion blog\" \/>\n<meta property=\"article:published_time\" content=\"2022-09-02T11:10:13+00:00\" \/>\n<meta property=\"article:modified_time\" content=\"2022-09-02T11:11:01+00:00\" \/>\n<meta property=\"og:image\" content=\"https:\/\/blog.ccc.eu\/ro\/wp-content\/uploads\/2022\/09\/20220606_ZUZA_CCC_0274-Copy.jpg\" \/>\n\t<meta property=\"og:image:width\" content=\"1400\" \/>\n\t<meta property=\"og:image:height\" content=\"1050\" \/>\n\t<meta property=\"og:image:type\" content=\"image\/jpeg\" \/>\n<meta name=\"author\" content=\"Cezara Marin\" \/>\n<meta name=\"twitter:card\" content=\"summary_large_image\" \/>\n<meta name=\"twitter:label1\" content=\"Scris de\" \/>\n\t<meta name=\"twitter:data1\" content=\"Cezara Marin\" \/>\n\t<meta name=\"twitter:label2\" content=\"Timp estimat pentru citire\" \/>\n\t<meta name=\"twitter:data2\" content=\"6 minute\" \/>\n<script type=\"application\/ld+json\" class=\"yoast-schema-graph\">{\"@context\":\"https:\/\/schema.org\",\"@graph\":[{\"@type\":\"Article\",\"@id\":\"https:\/\/blog.ccc.eu\/ro\/ghid-de-stil-idei-de-tinute-si-accesorii-pentru-prima-zi-de-scoala\/#article\",\"isPartOf\":{\"@id\":\"https:\/\/blog.ccc.eu\/ro\/ghid-de-stil-idei-de-tinute-si-accesorii-pentru-prima-zi-de-scoala\/\"},\"author\":{\"name\":\"Cezara Marin\",\"@id\":\"https:\/\/blog.ccc.eu\/ro\/#\/schema\/person\/1459f4c13ee85ff93053f189d05193ff\"},\"headline\":\"Ghid de stil: Idei de \u021binute \u0219i accesorii pentru prima zi de \u0219coal\u0103\",\"datePublished\":\"2022-09-02T11:10:13+00:00\",\"dateModified\":\"2022-09-02T11:11:01+00:00\",\"mainEntityOfPage\":{\"@id\":\"https:\/\/blog.ccc.eu\/ro\/ghid-de-stil-idei-de-tinute-si-accesorii-pentru-prima-zi-de-scoala\/\"},\"wordCount\":1124,\"commentCount\":0,\"publisher\":{\"@id\":\"https:\/\/blog.ccc.eu\/ro\/#organization\"},\"image\":{\"@id\":\"https:\/\/blog.ccc.eu\/ro\/ghid-de-stil-idei-de-tinute-si-accesorii-pentru-prima-zi-de-scoala\/#primaryimage\"},\"thumbnailUrl\":\"https:\/\/blog.ccc.eu\/ro\/wp-content\/uploads\/2022\/09\/20220606_ZUZA_CCC_0274-Copy.jpg\",\"keywords\":[\"accesorii\",\"baieti\",\"educatie\",\"fashion\",\"ghid\",\"moda\",\"outfit\",\"scoala\",\"sfaturi\",\"stil\",\"tendinte\",\"tinute\",\"uniforma\"],\"articleSection\":[\"SFATURI DE MOD\u0102\"],\"inLanguage\":\"ro-RO\",\"potentialAction\":[{\"@type\":\"CommentAction\",\"name\":\"Comment\",\"target\":[\"https:\/\/blog.ccc.eu\/ro\/ghid-de-stil-idei-de-tinute-si-accesorii-pentru-prima-zi-de-scoala\/#respond\"]}]},{\"@type\":\"WebPage\",\"@id\":\"https:\/\/blog.ccc.eu\/ro\/ghid-de-stil-idei-de-tinute-si-accesorii-pentru-prima-zi-de-scoala\/\",\"url\":\"https:\/\/blog.ccc.eu\/ro\/ghid-de-stil-idei-de-tinute-si-accesorii-pentru-prima-zi-de-scoala\/\",\"name\":\"Ghid de stil: Idei de \u021binute \u0219i accesorii pentru prima zi de \u0219coal\u0103 - CCC Fashion blog\",\"isPartOf\":{\"@id\":\"https:\/\/blog.ccc.eu\/ro\/#website\"},\"primaryImageOfPage\":{\"@id\":\"https:\/\/blog.ccc.eu\/ro\/ghid-de-stil-idei-de-tinute-si-accesorii-pentru-prima-zi-de-scoala\/#primaryimage\"},\"image\":{\"@id\":\"https:\/\/blog.ccc.eu\/ro\/ghid-de-stil-idei-de-tinute-si-accesorii-pentru-prima-zi-de-scoala\/#primaryimage\"},\"thumbnailUrl\":\"https:\/\/blog.ccc.eu\/ro\/wp-content\/uploads\/2022\/09\/20220606_ZUZA_CCC_0274-Copy.jpg\",\"datePublished\":\"2022-09-02T11:10:13+00:00\",\"dateModified\":\"2022-09-02T11:11:01+00:00\",\"description\":\"Prima zi de \u0219coal\u0103 se apropie cu pa\u0219i repezi \u0219i e\u0219ti \u00een c\u0103utarea unei \u021binute perfecte? Iat\u0103 ideile fashion, accesoriile \u0219i pantofii pentru un nou \u00eenceput!\",\"breadcrumb\":{\"@id\":\"https:\/\/blog.ccc.eu\/ro\/ghid-de-stil-idei-de-tinute-si-accesorii-pentru-prima-zi-de-scoala\/#breadcrumb\"},\"inLanguage\":\"ro-RO\",\"potentialAction\":[{\"@type\":\"ReadAction\",\"target\":[\"https:\/\/blog.ccc.eu\/ro\/ghid-de-stil-idei-de-tinute-si-accesorii-pentru-prima-zi-de-scoala\/\"]}]},{\"@type\":\"ImageObject\",\"inLanguage\":\"ro-RO\",\"@id\":\"https:\/\/blog.ccc.eu\/ro\/ghid-de-stil-idei-de-tinute-si-accesorii-pentru-prima-zi-de-scoala\/#primaryimage\",\"url\":\"https:\/\/blog.ccc.eu\/ro\/wp-content\/uploads\/2022\/09\/20220606_ZUZA_CCC_0274-Copy.jpg\",\"contentUrl\":\"https:\/\/blog.ccc.eu\/ro\/wp-content\/uploads\/2022\/09\/20220606_ZUZA_CCC_0274-Copy.jpg\",\"width\":1400,\"height\":1050},{\"@type\":\"BreadcrumbList\",\"@id\":\"https:\/\/blog.ccc.eu\/ro\/ghid-de-stil-idei-de-tinute-si-accesorii-pentru-prima-zi-de-scoala\/#breadcrumb\",\"itemListElement\":[{\"@type\":\"ListItem\",\"position\":1,\"name\":\"Strona g\u0142\u00f3wna\",\"item\":\"https:\/\/blog.ccc.eu\/ro\/\"},{\"@type\":\"ListItem\",\"position\":2,\"name\":\"Ghid de stil: Idei de \u021binute \u0219i accesorii pentru prima zi de \u0219coal\u0103\"}]},{\"@type\":\"WebSite\",\"@id\":\"https:\/\/blog.ccc.eu\/ro\/#website\",\"url\":\"https:\/\/blog.ccc.eu\/ro\/\",\"name\":\"CCC Fashion blog\",\"description\":\"Locul t\u0103u plin de inspira\u021bii \u00een mod\u0103\",\"publisher\":{\"@id\":\"https:\/\/blog.ccc.eu\/ro\/#organization\"},\"potentialAction\":[{\"@type\":\"SearchAction\",\"target\":{\"@type\":\"EntryPoint\",\"urlTemplate\":\"https:\/\/blog.ccc.eu\/ro\/?s={search_term_string}\"},\"query-input\":{\"@type\":\"PropertyValueSpecification\",\"valueRequired\":true,\"valueName\":\"search_term_string\"}}],\"inLanguage\":\"ro-RO\"},{\"@type\":\"Organization\",\"@id\":\"https:\/\/blog.ccc.eu\/ro\/#organization\",\"name\":\"CCC S.A.\",\"url\":\"https:\/\/blog.ccc.eu\/ro\/\",\"logo\":{\"@type\":\"ImageObject\",\"inLanguage\":\"ro-RO\",\"@id\":\"https:\/\/blog.ccc.eu\/ro\/#\/schema\/logo\/image\/\",\"url\":\"https:\/\/blog.ccc.eu\/ro\/wp-content\/uploads\/2021\/11\/logo_ccc.png\",\"contentUrl\":\"https:\/\/blog.ccc.eu\/ro\/wp-content\/uploads\/2021\/11\/logo_ccc.png\",\"width\":730,\"height\":270,\"caption\":\"CCC S.A.\"},\"image\":{\"@id\":\"https:\/\/blog.ccc.eu\/ro\/#\/schema\/logo\/image\/\"}},{\"@type\":\"Person\",\"@id\":\"https:\/\/blog.ccc.eu\/ro\/#\/schema\/person\/1459f4c13ee85ff93053f189d05193ff\",\"name\":\"Cezara Marin\",\"image\":{\"@type\":\"ImageObject\",\"inLanguage\":\"ro-RO\",\"@id\":\"https:\/\/blog.ccc.eu\/ro\/#\/schema\/person\/image\/\",\"url\":\"https:\/\/blog.ccc.eu\/ro\/wp-content\/uploads\/2022\/01\/Cezara-Marin-100x100.jpeg\",\"contentUrl\":\"https:\/\/blog.ccc.eu\/ro\/wp-content\/uploads\/2022\/01\/Cezara-Marin-100x100.jpeg\",\"caption\":\"Cezara Marin\"},\"url\":\"https:\/\/blog.ccc.eu\/ro\/author\/cezara-marin\/\"}]}<\/script>\n<!-- \/ Yoast SEO plugin. -->","yoast_head_json":{"title":"Ghid de stil: Idei de \u021binute \u0219i accesorii pentru prima zi de \u0219coal\u0103 - CCC Fashion blog","description":"Prima zi de \u0219coal\u0103 se apropie cu pa\u0219i repezi \u0219i e\u0219ti \u00een c\u0103utarea unei \u021binute perfecte? Iat\u0103 ideile fashion, accesoriile \u0219i pantofii pentru un nou \u00eenceput! 2026","robots":{"index":"index","follow":"follow","max-snippet":"max-snippet:-1","max-image-preview":"max-image-preview:large","max-video-preview":"max-video-preview:-1"},"canonical":"https:\/\/blog.ccc.eu\/ro\/ghid-de-stil-idei-de-tinute-si-accesorii-pentru-prima-zi-de-scoala\/","og_locale":"ro_RO","og_type":"article","og_title":"Ghid de stil: Idei de \u021binute \u0219i accesorii pentru prima zi de \u0219coal\u0103 - CCC Fashion blog","og_description":"Prima zi de \u0219coal\u0103 se apropie cu pa\u0219i repezi \u0219i e\u0219ti \u00een c\u0103utarea unei \u021binute perfecte? Iat\u0103 ideile fashion, accesoriile \u0219i pantofii pentru un nou \u00eenceput!","og_url":"https:\/\/blog.ccc.eu\/ro\/ghid-de-stil-idei-de-tinute-si-accesorii-pentru-prima-zi-de-scoala\/","og_site_name":"CCC Fashion blog","article_published_time":"2022-09-02T11:10:13+00:00","article_modified_time":"2022-09-02T11:11:01+00:00","og_image":[{"width":1400,"height":1050,"url":"https:\/\/blog.ccc.eu\/ro\/wp-content\/uploads\/2022\/09\/20220606_ZUZA_CCC_0274-Copy.jpg","type":"image\/jpeg"}],"author":"Cezara Marin","twitter_card":"summary_large_image","twitter_misc":{"Scris de":"Cezara Marin","Timp estimat pentru citire":"6 minute"},"schema":{"@context":"https:\/\/schema.org","@graph":[{"@type":"Article","@id":"https:\/\/blog.ccc.eu\/ro\/ghid-de-stil-idei-de-tinute-si-accesorii-pentru-prima-zi-de-scoala\/#article","isPartOf":{"@id":"https:\/\/blog.ccc.eu\/ro\/ghid-de-stil-idei-de-tinute-si-accesorii-pentru-prima-zi-de-scoala\/"},"author":{"name":"Cezara Marin","@id":"https:\/\/blog.ccc.eu\/ro\/#\/schema\/person\/1459f4c13ee85ff93053f189d05193ff"},"headline":"Ghid de stil: Idei de \u021binute \u0219i accesorii pentru prima zi de \u0219coal\u0103","datePublished":"2022-09-02T11:10:13+00:00","dateModified":"2022-09-02T11:11:01+00:00","mainEntityOfPage":{"@id":"https:\/\/blog.ccc.eu\/ro\/ghid-de-stil-idei-de-tinute-si-accesorii-pentru-prima-zi-de-scoala\/"},"wordCount":1124,"commentCount":0,"publisher":{"@id":"https:\/\/blog.ccc.eu\/ro\/#organization"},"image":{"@id":"https:\/\/blog.ccc.eu\/ro\/ghid-de-stil-idei-de-tinute-si-accesorii-pentru-prima-zi-de-scoala\/#primaryimage"},"thumbnailUrl":"https:\/\/blog.ccc.eu\/ro\/wp-content\/uploads\/2022\/09\/20220606_ZUZA_CCC_0274-Copy.jpg","keywords":["accesorii","baieti","educatie","fashion","ghid","moda","outfit","scoala","sfaturi","stil","tendinte","tinute","uniforma"],"articleSection":["SFATURI DE MOD\u0102"],"inLanguage":"ro-RO","potentialAction":[{"@type":"CommentAction","name":"Comment","target":["https:\/\/blog.ccc.eu\/ro\/ghid-de-stil-idei-de-tinute-si-accesorii-pentru-prima-zi-de-scoala\/#respond"]}]},{"@type":"WebPage","@id":"https:\/\/blog.ccc.eu\/ro\/ghid-de-stil-idei-de-tinute-si-accesorii-pentru-prima-zi-de-scoala\/","url":"https:\/\/blog.ccc.eu\/ro\/ghid-de-stil-idei-de-tinute-si-accesorii-pentru-prima-zi-de-scoala\/","name":"Ghid de stil: Idei de \u021binute \u0219i accesorii pentru prima zi de \u0219coal\u0103 - CCC Fashion blog","isPartOf":{"@id":"https:\/\/blog.ccc.eu\/ro\/#website"},"primaryImageOfPage":{"@id":"https:\/\/blog.ccc.eu\/ro\/ghid-de-stil-idei-de-tinute-si-accesorii-pentru-prima-zi-de-scoala\/#primaryimage"},"image":{"@id":"https:\/\/blog.ccc.eu\/ro\/ghid-de-stil-idei-de-tinute-si-accesorii-pentru-prima-zi-de-scoala\/#primaryimage"},"thumbnailUrl":"https:\/\/blog.ccc.eu\/ro\/wp-content\/uploads\/2022\/09\/20220606_ZUZA_CCC_0274-Copy.jpg","datePublished":"2022-09-02T11:10:13+00:00","dateModified":"2022-09-02T11:11:01+00:00","description":"Prima zi de \u0219coal\u0103 se apropie cu pa\u0219i repezi \u0219i e\u0219ti \u00een c\u0103utarea unei \u021binute perfecte? Iat\u0103 ideile fashion, accesoriile \u0219i pantofii pentru un nou \u00eenceput!","breadcrumb":{"@id":"https:\/\/blog.ccc.eu\/ro\/ghid-de-stil-idei-de-tinute-si-accesorii-pentru-prima-zi-de-scoala\/#breadcrumb"},"inLanguage":"ro-RO","potentialAction":[{"@type":"ReadAction","target":["https:\/\/blog.ccc.eu\/ro\/ghid-de-stil-idei-de-tinute-si-accesorii-pentru-prima-zi-de-scoala\/"]}]},{"@type":"ImageObject","inLanguage":"ro-RO","@id":"https:\/\/blog.ccc.eu\/ro\/ghid-de-stil-idei-de-tinute-si-accesorii-pentru-prima-zi-de-scoala\/#primaryimage","url":"https:\/\/blog.ccc.eu\/ro\/wp-content\/uploads\/2022\/09\/20220606_ZUZA_CCC_0274-Copy.jpg","contentUrl":"https:\/\/blog.ccc.eu\/ro\/wp-content\/uploads\/2022\/09\/20220606_ZUZA_CCC_0274-Copy.jpg","width":1400,"height":1050},{"@type":"BreadcrumbList","@id":"https:\/\/blog.ccc.eu\/ro\/ghid-de-stil-idei-de-tinute-si-accesorii-pentru-prima-zi-de-scoala\/#breadcrumb","itemListElement":[{"@type":"ListItem","position":1,"name":"Strona g\u0142\u00f3wna","item":"https:\/\/blog.ccc.eu\/ro\/"},{"@type":"ListItem","position":2,"name":"Ghid de stil: Idei de \u021binute \u0219i accesorii pentru prima zi de \u0219coal\u0103"}]},{"@type":"WebSite","@id":"https:\/\/blog.ccc.eu\/ro\/#website","url":"https:\/\/blog.ccc.eu\/ro\/","name":"CCC Fashion blog","description":"Locul t\u0103u plin de inspira\u021bii \u00een mod\u0103","publisher":{"@id":"https:\/\/blog.ccc.eu\/ro\/#organization"},"potentialAction":[{"@type":"SearchAction","target":{"@type":"EntryPoint","urlTemplate":"https:\/\/blog.ccc.eu\/ro\/?s={search_term_string}"},"query-input":{"@type":"PropertyValueSpecification","valueRequired":true,"valueName":"search_term_string"}}],"inLanguage":"ro-RO"},{"@type":"Organization","@id":"https:\/\/blog.ccc.eu\/ro\/#organization","name":"CCC S.A.","url":"https:\/\/blog.ccc.eu\/ro\/","logo":{"@type":"ImageObject","inLanguage":"ro-RO","@id":"https:\/\/blog.ccc.eu\/ro\/#\/schema\/logo\/image\/","url":"https:\/\/blog.ccc.eu\/ro\/wp-content\/uploads\/2021\/11\/logo_ccc.png","contentUrl":"https:\/\/blog.ccc.eu\/ro\/wp-content\/uploads\/2021\/11\/logo_ccc.png","width":730,"height":270,"caption":"CCC S.A."},"image":{"@id":"https:\/\/blog.ccc.eu\/ro\/#\/schema\/logo\/image\/"}},{"@type":"Person","@id":"https:\/\/blog.ccc.eu\/ro\/#\/schema\/person\/1459f4c13ee85ff93053f189d05193ff","name":"Cezara Marin","image":{"@type":"ImageObject","inLanguage":"ro-RO","@id":"https:\/\/blog.ccc.eu\/ro\/#\/schema\/person\/image\/","url":"https:\/\/blog.ccc.eu\/ro\/wp-content\/uploads\/2022\/01\/Cezara-Marin-100x100.jpeg","contentUrl":"https:\/\/blog.ccc.eu\/ro\/wp-content\/uploads\/2022\/01\/Cezara-Marin-100x100.jpeg","caption":"Cezara Marin"},"url":"https:\/\/blog.ccc.eu\/ro\/author\/cezara-marin\/"}]}},"_links":{"self":[{"href":"https:\/\/blog.ccc.eu\/ro\/wp-json\/wp\/v2\/posts\/5566","targetHints":{"allow":["GET"]}}],"collection":[{"href":"https:\/\/blog.ccc.eu\/ro\/wp-json\/wp\/v2\/posts"}],"about":[{"href":"https:\/\/blog.ccc.eu\/ro\/wp-json\/wp\/v2\/types\/post"}],"author":[{"embeddable":true,"href":"https:\/\/blog.ccc.eu\/ro\/wp-json\/wp\/v2\/users\/12"}],"replies":[{"embeddable":true,"href":"https:\/\/blog.ccc.eu\/ro\/wp-json\/wp\/v2\/comments?post=5566"}],"version-history":[{"count":1,"href":"https:\/\/blog.ccc.eu\/ro\/wp-json\/wp\/v2\/posts\/5566\/revisions"}],"predecessor-version":[{"id":5573,"href":"https:\/\/blog.ccc.eu\/ro\/wp-json\/wp\/v2\/posts\/5566\/revisions\/5573"}],"wp:featuredmedia":[{"embeddable":true,"href":"https:\/\/blog.ccc.eu\/ro\/wp-json\/wp\/v2\/media\/5572"}],"wp:attachment":[{"href":"https:\/\/blog.ccc.eu\/ro\/wp-json\/wp\/v2\/media?parent=5566"}],"wp:term":[{"taxonomy":"category","embeddable":true,"href":"https:\/\/blog.ccc.eu\/ro\/wp-json\/wp\/v2\/categories?post=5566"},{"taxonomy":"post_tag","embeddable":true,"href":"https:\/\/blog.ccc.eu\/ro\/wp-json\/wp\/v2\/tags?post=5566"}],"curies":[{"name":"wp","href":"https:\/\/api.w.org\/{rel}","templated":true}]}}