{"id":5637,"date":"2022-09-21T11:15:54","date_gmt":"2022-09-21T09:15:54","guid":{"rendered":"https:\/\/blog.ccc.eu\/ro\/?p=5637"},"modified":"2022-10-26T09:53:11","modified_gmt":"2022-10-26T07:53:11","slug":"ghid-de-stil-cum-alegi-caciula-potrivita","status":"publish","type":"post","link":"https:\/\/blog.ccc.eu\/ro\/ghid-de-stil-cum-alegi-caciula-potrivita\/","title":{"rendered":"Ghid de stil: cum alegi c\u0103ciula potrivit\u0103?"},"content":{"rendered":"\n<p><b>C\u0103ciulile \u0219i p\u0103l\u0103riile au existat \u00eenc\u0103 din cele mai vechi timpuri, oamenii acoperindu-\u0219i capul, \u00een primul r\u00e2nd din motive practice, pentru a se feri de frig sau de soare prea puternic \u0219i \u00een al doilea r\u00e2nd pentru a completa c\u00e2t mai estetic \u021binutele pe care le poart\u0103. \u0218i cum \u00een prezent frigul s-a instalat din nou, considerentele practice intervin \u00een mod\u0103: c\u0103ciulile nu numai c\u0103 sunt \u00een tendin\u021be, \u00eens\u0103 \u0219i \u00eendeplinesc rolul de protec\u021bie \u00eempotriva temperaturilor reci.<\/b><\/p>\n\n\n\n<p><b>Desigur, asta nu \u00eenseamn\u0103 c\u0103 trebuie s\u0103 dai buzna \u00een magazine \u0219i s\u0103 alegi orice c\u0103ciul\u0103 \u00ee\u021bi iese \u00een cale. Prin urmare, te vom ajuta s\u0103 alegi c\u0103ciula potrivit\u0103, care s\u0103 te protejeze de intemperiile de sezon, dar care s\u0103 se \u0219i potriveasc\u0103 perfect fizionomiei tale \u0219i <a href=\"https:\/\/blog.ccc.eu\/ro\/principalele-tendinte-in-moda-pentru-anul-2022\/\">tendin\u021belor de mod\u0103 \u00een 2022<\/a>. Dac\u0103 \u0219i tu vrei s\u0103 g\u0103se\u0219ti c\u0103ciula perfect\u0103, care s\u0103-\u021bi avantajeze tr\u0103s\u0103turile \u0219i stilul personal, descoper\u0103 \u00een r\u00e2ndurile de mai jos cum o alegi pe cea mai potrivit\u0103!<\/b><\/p>\n\n\n\n<figure class=\"wp-block-gallery has-nested-images columns-default is-cropped wp-block-gallery-1 is-layout-flex wp-block-gallery-is-layout-flex\">\n<figure class=\"wp-block-image size-large\"><img loading=\"lazy\" decoding=\"async\" width=\"683\" height=\"1024\" data-id=\"5639\" src=\"https:\/\/blog.ccc.eu\/ro\/wp-content\/uploads\/2022\/09\/Sprandi_LB_AW21_Shot-6_1290_-768x1152-1-683x1024.jpg\" alt=\"\" class=\"wp-image-5639\" srcset=\"https:\/\/blog.ccc.eu\/ro\/wp-content\/uploads\/2022\/09\/Sprandi_LB_AW21_Shot-6_1290_-768x1152-1-683x1024.jpg 683w, https:\/\/blog.ccc.eu\/ro\/wp-content\/uploads\/2022\/09\/Sprandi_LB_AW21_Shot-6_1290_-768x1152-1-200x300.jpg 200w, https:\/\/blog.ccc.eu\/ro\/wp-content\/uploads\/2022\/09\/Sprandi_LB_AW21_Shot-6_1290_-768x1152-1-100x150.jpg 100w, https:\/\/blog.ccc.eu\/ro\/wp-content\/uploads\/2022\/09\/Sprandi_LB_AW21_Shot-6_1290_-768x1152-1.jpg 768w\" sizes=\"auto, (max-width: 683px) 100vw, 683px\" \/><\/figure>\n\n\n\n<figure class=\"wp-block-image size-large\"><img loading=\"lazy\" decoding=\"async\" width=\"682\" height=\"1024\" data-id=\"5640\" src=\"https:\/\/blog.ccc.eu\/ro\/wp-content\/uploads\/2022\/09\/Sprandi_LB_AW21_Shot-15_3249_-682x1024.jpg\" alt=\"\" class=\"wp-image-5640\" srcset=\"https:\/\/blog.ccc.eu\/ro\/wp-content\/uploads\/2022\/09\/Sprandi_LB_AW21_Shot-15_3249_-682x1024.jpg 682w, https:\/\/blog.ccc.eu\/ro\/wp-content\/uploads\/2022\/09\/Sprandi_LB_AW21_Shot-15_3249_-200x300.jpg 200w, https:\/\/blog.ccc.eu\/ro\/wp-content\/uploads\/2022\/09\/Sprandi_LB_AW21_Shot-15_3249_-768x1152.jpg 768w, https:\/\/blog.ccc.eu\/ro\/wp-content\/uploads\/2022\/09\/Sprandi_LB_AW21_Shot-15_3249_-1024x1536.jpg 1024w, https:\/\/blog.ccc.eu\/ro\/wp-content\/uploads\/2022\/09\/Sprandi_LB_AW21_Shot-15_3249_-100x150.jpg 100w, https:\/\/blog.ccc.eu\/ro\/wp-content\/uploads\/2022\/09\/Sprandi_LB_AW21_Shot-15_3249_.jpg 1097w\" sizes=\"auto, (max-width: 682px) 100vw, 682px\" \/><\/figure>\n<\/figure>\n\n\n\n<h2 class=\"wp-block-heading\">Cum alegi c\u0103ciula potrivit\u0103?<\/h2>\n\n\n\n<p>Poate p\u0103rea c\u0103 alegerea c\u0103ciulii potrivite este una c\u00e2t se poate de banal\u0103, \u00eens\u0103, \u00een fapt, c\u0103ciula perfect\u0103 pentru tine va trebui aleas\u0103 printr-un proces la baza c\u0103ruia stau c\u00e2teva criterii importante de selec\u021bie. Forma fe\u021bei, anotimpul \u0219i stilul vestimentar care te reprezint\u0103 sunt cele mai importante de acestea, a\u0219a c\u0103 iat\u0103 cum alegi c\u0103ciula potrivit\u0103 av\u00e2nd \u00een minte aceste considerente!<\/p>\n\n\n\n<h3 class=\"wp-block-heading\"><a><\/a>\u00cen func\u021bie de forma fe\u021bei<\/h3>\n\n\n\n<p>La fel cum alegi <a href=\"https:\/\/blog.ccc.eu\/ro\/10-idei-de-tinute-in-functie-de-forma-corpului-tau\/\">\u021binutele \u00een func\u021bie de forma corpului t\u0103u<\/a> sau cum alegi <a href=\"https:\/\/blog.ccc.eu\/ro\/ochelarii-de-soare-forma-potrivita-in-functie-de-forma-fetei-2\/\">ochelarii de soare \u00een func\u021bie de forma fe\u021bei<\/a>, a\u0219a vei determina \u0219i care este c\u0103ciula potrivit\u0103 pentru tr\u0103s\u0103turile tale. Prin urmare, forma fe\u021bei este un criteriu important de alegere a c\u0103ciulii perfecte. Vorba aceea, \u201espune-mi care este forma fe\u021bei tale, ca s\u0103-\u021bi spun ce c\u0103ciul\u0103 po\u021bi porta\u201d!<\/p>\n\n\n\n<ul class=\"wp-block-list\"><li>Dac\u0103 fa\u021ba ta are o lungime \u0219i o l\u0103\u021bime similare, cu b\u0103rbia rotunjit\u0103 \u0219i obrajii proeminen\u021bi, atunci ai o fa\u021b\u0103 rotund\u0103. \u00cen acest caz, cele mai potrivite modele de c\u0103ciuli pentru tine vor fi c\u0103ciulile sau p\u0103l\u0103riile asimetrice, beretele \u00eenclinate, \u0219epcile \u0219i c\u0103ciulile din l\u00e2n\u0103.<\/li><li>Dac\u0103 ai fruntea lat\u0103, pome\u021bii proeminen\u021bi \u0219i o linie nedefinit\u0103 a maxilarului, cu o b\u0103rbie \u00eengust\u0103, fa\u021ba ta este una triunghiular\u0103. Pentru astfel de tr\u0103s\u0103turi, modelele potrivite de c\u0103ciuli vor fi \u0219epcile cu cozoroc, c\u0103ciulile fixe pe frunte \u0219i c\u0103ciulile tip beanie. O c\u0103ciul\u0103 cu urechi va putea, de asemenea, echilibra vizual tr\u0103s\u0103turile fe\u021bei tale.<\/li><li>Ai pome\u021bii la\u021bi, un maxilar proeminent \u0219i o frunte lat\u0103 \u0219i plat\u0103? Atunci fa\u021ba ta este una p\u0103trat\u0103, iar c\u0103ciulile potrivite pentru tine vor fi cele \u00eenalte, care prelungesc fizionomia chipului. Po\u021bi opta, de asemenea, \u0219i pentru berete sau p\u0103l\u0103rii cu boruri largi.<\/li><li>Dac\u0103 fa\u021ba ta este lung\u0103 \u0219i \u00eengust\u0103, iar fruntea \u00eenalt\u0103 este una dintre caracteristicile sale, atunci fa\u021ba ta este de form\u0103 dreptunghiular\u0103. Prin urmare, i se vor potrivi modelele de c\u0103ciuli care se suprapun pe frunte, c\u0103ciuli cu blan\u0103, c\u0103ciuli cu urechi, \u0219epci, beanies \u0219i bucket hats.<\/li><li>Dac\u0103 ai fa\u021ba oval\u0103, respectiv o fa\u021b\u0103 cu o form\u0103 simetric\u0103 \u0219i cu un unghi rotunjit al maxilarului, trebuie s\u0103 te consideri o norocoas\u0103, c\u0103ci \u021bie \u021bi se vor potrivi majoritatea tipurilor de c\u0103ciuli. Doar s\u0103 ai grij\u0103 ca acestea s\u0103 nu-\u021bi \u201ealungeasc\u0103\u201d prea mult tr\u0103s\u0103turile fe\u021bei!<\/li><li>Fruntea lat\u0103, b\u0103rbia ascu\u021bit\u0103 \u0219i linia puternic\u0103 a maxilarului sunt caracteristici ale fe\u021bei \u00een form\u0103 de inim\u0103. Dac\u0103 \u0219i tu ai aceste tr\u0103s\u0103turi, \u021bi se vor potrivi c\u0103ciulile lejere, p\u0103l\u0103riile mici \u0219i \u0219epcile de tip baseball hat.<\/li><\/ul>\n\n\n\n\n\n\n<p><\/p>\n\n\n\n<h3 class=\"wp-block-heading\">\u00cen func\u021bie de sezon<\/h3>\n\n\n\n<p>Un alt criteriu important care poate determina cum s\u0103 alegi c\u0103ciula potrivit\u0103 este \u0219i sezonul. \u0218tim c\u0103 poate suna u\u0219or confuz s\u0103 alegi aceste <a href=\"https:\/\/ccc.eu\/ro\/accesorii\/femei\">accesorii de dam\u0103<\/a> \u00een sezonul cald, \u00eens\u0103 am considerat c\u0103 \u0219i articole precum \u0219epcile sau p\u0103l\u0103riile se vor reg\u0103si \u00een aceea\u0219i categorie. A\u0219adar, iat\u0103 care sunt cele mai potrivite modele de c\u0103ciuli \u00een func\u021bie de sezon:<\/p>\n\n\n\n<ul class=\"wp-block-list\"><li>C\u0103ciuli pentru sezonul prim\u0103var\u0103-var\u0103<\/li><\/ul>\n\n\n\n<p>\u00cen sezonul cald, cele mai potrivite modele de c\u0103ciuli sunt p\u0103l\u0103riile \u0219i \u0219epcile de dam\u0103 din materiale textile sub\u021biri. P\u0103l\u0103riile din paie cu boruri largi, p\u0103l\u0103riile stil crochet, bonetele, \u0219epcile cu vizor \u0219i p\u0103l\u0103riile stil bucket sunt unele dintre cele mai populare alegeri pentru sezonul de prim\u0103var\u0103-var\u0103.<\/p>\n\n\n\n<ul class=\"wp-block-list\"><li>C\u0103ciuli pentru sezonul toamn\u0103-iarn\u0103<\/li><\/ul>\n\n\n\n<p>C\u00e2nd temperaturile din termometre scad, \u0219i c\u0103ciulile potrivite pentru acest sezon vor diferi din punct de vedere al texturilor \u0219i aspectului general. C\u0103ciulile tip cagul\u0103, \u0219epcile din materiale groase, fesurile supradimensionate, c\u0103ciulile groase tip bucket, beretele fran\u021buze\u0219ti, fesurile cu urechi sau c\u0103ciulile din blan\u0103 se num\u0103r\u0103 printre preferatele sezonului.<\/p>\n\n\n\n<h3 class=\"wp-block-heading\"><a><\/a>\u00cen func\u021bie de stilul vestimentar<\/h3>\n\n\n\n<p><a href=\"https:\/\/blog.ccc.eu\/ro\/cele-7-stiluri-vestimentare-de-baza-tinute-pentru-fiecare-gust\/\">Stilurile vestimentare<\/a> pot dicta \u0219i ele modul \u00een care alegi c\u0103ciula potrivit\u0103 pentru \u021binutele tale. La fel cum o c\u0103ciul\u0103 din blan\u0103 nu se va potrivi \u021binutelor sport, nici o \u0219apc\u0103 nu se va potrivi <a href=\"https:\/\/blog.ccc.eu\/ro\/stilul-smart-casual-cum-este-definit-si-idei-de-tinute\/\">stilului smart casual<\/a>. Prin urmare, va trebui s\u0103 te orientezi spre alegerea unor c\u0103ciuli care s\u0103 se potriveasc\u0103 \u00eentocmai stilului vestimentar pe care-l adop\u021bi.<\/p>\n\n\n\n<ul class=\"wp-block-list\"><li>Modele de c\u0103ciuli \u00een stil elegant: berete \u00een stil fran\u021buzesc, c\u0103ciuli din blan\u0103;&nbsp;<\/li><li>Modele de c\u0103ciuli \u00een stil glam: p\u0103l\u0103rii stil Fedora, p\u0103l\u0103riile \u00een clo\u0219, c\u0103ciuli cu aplica\u021bii;&nbsp;<\/li><li>Modele de c\u0103ciuli \u00een stil office: b\u0103\u0219ti, berete;<\/li><li>Modele de c\u0103ciuli \u00een stil casual: c\u0103ciuli tip cagul\u0103, \u0219epci din piele, fesuri stil beanie, bucket hat, c\u0103ciulile cu urechi, p\u0103l\u0103rii din paie;&nbsp;<\/li><li>Modele de c\u0103ciuli \u00een stil sport: \u0219epci sport, fes cro\u0219etat.<\/li><\/ul>\n\n\n\n<h2 class=\"wp-block-heading\"><a><\/a>Reguli importante pentru alegerea c\u0103ciulilor<\/h2>\n\n\n\n<p>Desigur, am stabilit deja cum alegi c\u0103ciula potrivit\u0103 \u00een func\u021bie de fizionomia fe\u021bei, de sezon sau de stilul vestimentar care te define\u0219te, \u00eens\u0103 exist\u0103 \u0219i alte c\u00e2teva reguli esen\u021biale de care s\u0103 \u021bii cont atunci c\u00e2nd \u00ee\u021bi accesorizezi \u021binuta cu o c\u0103ciul\u0103. Iat\u0103 care sunt cele mai importante dintre acestea:<\/p>\n\n\n\n<ul class=\"wp-block-list\"><li>Dac\u0103 e\u0219ti \u00eenalt\u0103, ar trebui s\u0103 evi\u021bi alegerea unor c\u0103ciuli sau p\u0103l\u0103rii micu\u021be. Po\u021bi opta, \u00een schimb, pentru modelele mai \u00eenalte, \u00eens\u0103 nu prea simetrice.<\/li><li>Dac\u0103 e\u0219ti mic\u0103 de statur\u0103, cele mai potrivite <a href=\"https:\/\/blog.ccc.eu\/ro\/5-tinute-si-accesorii-potrivite-pentru-minione\/\">accesorii pentru minione<\/a> \u00een materie de c\u0103ciuli sunt cele micu\u021be, care nu eviden\u021biaz\u0103 prea mult faptul c\u0103 e\u0219ti minion\u0103. De asemenea, p\u0103l\u0103riile cu boruri \u00eenguste \u021bi se vor potrivi de minune.<\/li><li>Dac\u0103 e\u0219ti plinu\u021b\u0103, o p\u0103l\u0103rie cu boruri late sau o c\u0103ciul\u0103 oversize va putea contrabalansa formele pline.<\/li><li>C\u0103ciula potrivit\u0103 nu ar trebui s\u0103-\u021bi creeze niciun disconfort, a\u0219a c\u0103 trebuie s\u0103 te asiguri c\u0103 vei alege de fiecare dat\u0103 m\u0103sura potrivit\u0103, \u00eentruc\u00e2t majoritatea modelelor de c\u0103ciuli vin \u00een diferite m\u0103rimi.<\/li><li>Alege o c\u0103ciul\u0103 cu o form\u0103 diferit\u0103 fa\u021b\u0103 de linia b\u0103rbiei tale. Deja \u021bi-am povestit mai sus cum alegi c\u0103ciula potrivit\u0103 \u00een func\u021bie de forma fe\u021bei, a\u0219a c\u0103 suntem siguri c\u0103 vei face cele mai bune alegeri.<\/li><li>Atunci c\u00e2nd alegi o c\u0103ciul\u0103, \u021bine cont \u0219i de nuan\u021ba tenului t\u0103u. Dac\u0103 tenul t\u0103u are tonuri reci \u0219i pielea este u\u0219or palid\u0103, alege c\u0103ciuli \u00een nuan\u021be calde. \u00cen schimb, dac\u0103 nuan\u021ba tenului t\u0103u este mai cald\u0103, po\u021bi opta pentru orice culoare.<\/li><li>O c\u0103ciul\u0103 se va asorta cel mai bine cu p\u0103rul desf\u0103cut sau cu o coad\u0103 de cal \u00eentr-o parte, simpl\u0103 sau \u00eempletit\u0103. O p\u0103l\u0103ria va putea fi purtat\u0103 ideal cu aproape orice coafur\u0103, \u00eens\u0103 un coc simplu, la baza g\u00e2tului, va oferi o alur\u0103 elegant\u0103 apari\u021biei tale.<\/li><li><\/li><\/ul>\n\n\n\n\n\n\n\n<h2 class=\"wp-block-heading\"><a><\/a>Tendin\u021be c\u0103ciuli pentru toamn\u0103-iarn\u0103 2022-2023&nbsp;<\/h2>\n\n\n\n<p>\u0218i dac\u0103 tot am vorbit despre cum alegi c\u0103ciula potrivit\u0103 dintre at\u00e2tea tipuri de c\u0103ciuli existente \u00een trenduri, te vom inspira \u0219i cu cele mai de top <a href=\"https:\/\/blog.ccc.eu\/ro\/tendintele-in-moda-pentru-sezonul-toamna-iarna-2022\/\">tendin\u021be \u00een mod\u0103 pentru sezonul toamn\u0103-iarn\u0103 2022<\/a>-2023 \u00een materie de c\u0103ciuli. Iat\u0103 ce c\u0103ciuli se poart\u0103 \u00een acest sezon!<\/p>\n\n\n\n<ul class=\"wp-block-list\"><li>C\u0103ciula tip cagul\u0103<\/li><\/ul>\n\n\n\n<p>De pe podiumurile de mod\u0103 Max Mara p\u00e2n\u0103 la Coperni, c\u0103ciula tip cagul\u0103 a devenit un adev\u0103rat simbol al sezonului rece. \u0218i este numai perfect\u0103 pentru a o integra \u00een \u021binutele tale casual!&nbsp;<\/p>\n\n\n\n<ul class=\"wp-block-list\"><li>C\u0103ciula baseball cap<\/li><\/ul>\n\n\n\n<p>O \u0219apc\u0103 de baseball este un accesoriu atemporal cu o not\u0103 masculin\u0103. De la forma clasic\u0103 de \u0219apc\u0103 pe podiumurile de la Coach, p\u00e2n\u0103 la c\u0103ciuli baseball cap cu sclipici elegant marca Off-White, exist\u0103 o interpretare a acestor modele de c\u0103ciuli pentru toat\u0103 lumea.<\/p>\n\n\n\n<ul class=\"wp-block-list\"><li>C\u0103ciula beanie oversize<\/li><\/ul>\n\n\n\n<p>O tendin\u021b\u0103 \u00eentotdeauna perfect\u0103 pentru toamn\u0103-iarn\u0103, c\u0103ciulile tip beanie, \u00een varianta oversize, au fost din nou aprobate de designerii de mod\u0103. Simple, lejere, c\u0103lduroase \u0219i practice, aceste tipuri de c\u0103ciuli se afl\u0103 \u00een topul preferin\u021belor de sezon.<\/p>\n\n\n\n<ul class=\"wp-block-list\"><li>C\u0103ciula bucket hat<\/li><\/ul>\n\n\n\n<p>C\u0103ciulile de tip bucket hat \u00ee\u0219i p\u0103streaz\u0103 \u0219i \u00een acest sezon aceea\u0219i popularitate din timpul sezonului cald, numai c\u0103 de data aceasta modelele de c\u0103ciuli bucket vin \u00een variante \u00eembl\u0103nite sau din materiale pufoase, pentru un plus de c\u0103ldur\u0103 \u0219i confort \u00een zilele reci.<\/p>\n\n\n\n<ul class=\"wp-block-list\"><li>Bereta fran\u021buzeasc\u0103<\/li><\/ul>\n\n\n\n<p>Urm\u0103rind aspectul p\u0103l\u0103riilor pariziene clasice, beretel \u00ee\u0219i c\u00e2\u0219tig\u0103 din nou pozi\u021bia \u00een topul tendin\u021belor de toamn\u0103-iarn\u0103. Bereta fran\u021buzeasc\u0103 este o modalitate perfect\u0103 de a condimenta orice \u021binut\u0103, a\u0219a c\u0103 nu trebuie s\u0103-\u021bi lipseasc\u0103 din garderob\u0103.<\/p>\n\n\n\n<ul class=\"wp-block-list\"><li>P\u0103l\u0103ria Fedora<\/li><\/ul>\n\n\n\n<p>Un alt must-have important al sezonului toamn\u0103-iarn\u0103 este \u0219i p\u0103l\u0103ria Fedora, ce \u0219i-a f\u0103cut locul cu succes \u00een garderoba femeilor. Acest model de c\u0103ciul\u0103 reprezint\u0103 echilibrul ideal \u00eentre p\u0103l\u0103riile cu boruri largi \u0219i cele \u00een stil clo\u0219.<\/p>\n\n\n\n<ul class=\"wp-block-list\"><li>C\u0103ciula din blan\u0103<\/li><\/ul>\n\n\n\n<p>Materialele pufoase sunt o modalitate excelent\u0103 de a-\u021bi men\u021bine confortul termic \u00een timp ce urm\u0103re\u0219ti tendin\u021bele c\u0103ciulilor de iarn\u0103. Dac\u0103 \u0219i tu vrei s\u0103-\u021bi men\u021bii capul \u0219i urechile calde \u00een acest sezon, atunci o c\u0103ciul\u0103 din blan\u0103 va fi alegerea perfect\u0103!<\/p>\n\n\n\n<ul class=\"wp-block-list\"><li>Basca din materiale groase<\/li><\/ul>\n\n\n\n<p>Basca, aceast\u0103 beret\u0103 cu cozoroc, se num\u0103r\u0103 printre trendurile momentului, a\u0219a c\u0103 dac\u0103 dore\u0219ti s\u0103 oferi o alur\u0103 chic \u021binutelor tale, po\u021bi opta pentru acest model de c\u0103ciul\u0103, disponibil \u00een cele mai diverse culori, materiale \u0219i imprimeuri.<\/p>\n\n\n\n<ul class=\"wp-block-list\"><li>C\u0103ciula cu urechi&nbsp;<\/li><\/ul>\n\n\n\n<p>\u00cen acest sezon se poart\u0103 \u0219i urechiu\u0219ele, iar c\u0103ciulile cu urechi se afl\u0103 \u00een topul preferin\u021belor pentru zilele reci de iarn\u0103. Fie c\u0103 alegi c\u0103ciuli colorate sau uni, cu ciucuri sau cu bl\u0103ni\u021b\u0103, aceste modele sunt extrem de confortabile indiferent de activit\u0103\u021bile de sezon.<\/p>\n\n\n\n<p>Acum c\u0103 \u0219tii cum s\u0103 alegi c\u0103ciula potrivit\u0103, arunc\u0103 o privire \u00een colec\u021bia de c\u0103ciuli, p\u0103l\u0103rii \u0219i fesuri a <a href=\"https:\/\/ccc.eu\/ro\/\">magazinului online CCC<\/a> \u0219i alege c\u0103ciula care crezi c\u0103 se potrive\u0219te cel mai bine fizionomiei tale, dar \u0219i stilului t\u0103u vestimentar. Doar acum ai la \u00eendem\u00e2n\u0103 toate criteriile pentru a face alegerea ideal\u0103!<\/p>\n","protected":false},"excerpt":{"rendered":"<p>C\u0103ciulile \u0219i p\u0103l\u0103riile au existat \u00eenc\u0103 din cele mai vechi timpuri, oamenii acoperindu-\u0219i capul, \u00een primul r\u00e2nd din motive practice, pentru a se feri de frig sau de soare prea puternic \u0219i \u00een al doilea r\u00e2nd pentru a completa c\u00e2t mai estetic \u021binutele pe care le poart\u0103. \u0218i cum \u00een prezent frigul s-a instalat din [&hellip;]<\/p>\n","protected":false},"author":14,"featured_media":5640,"comment_status":"open","ping_status":"open","sticky":false,"template":"","format":"standard","meta":{"_acf_changed":false,"footnotes":""},"categories":[4],"tags":[1173,1174,1180,834,1175,1016,1176,1184,1181],"class_list":["post-5637","post","type-post","status-publish","format-standard","has-post-thumbnail","hentry","category-sfaturi-de-moda","tag-caciula-beanie","tag-caciula-blana","tag-caciula-cagula","tag-ghid-de-stil","tag-modele-de-caciuli","tag-sfaturi-de-stil","tag-tendinte-caciuli","tag-tipuri-de-caciuli","tag-trenduri-caciuli"],"acf":[],"yoast_head":"<!-- This site is optimized with the Yoast SEO plugin v26.9 - https:\/\/yoast.com\/product\/yoast-seo-wordpress\/ -->\n<title>Ghid de stil: cum alegi c\u0103ciula potrivit\u0103? - CCC Fashion blog<\/title>\n<meta name=\"description\" content=\"Nu stii cum sa alegi caciula potrivita pentru tine? Descopera pe blogul CCC care sunt criteriile de alegere, dar si tendintele toamna-iarna pentru caciuli! 2026\" \/>\n<meta name=\"robots\" content=\"index, follow, max-snippet:-1, max-image-preview:large, max-video-preview:-1\" \/>\n<link rel=\"canonical\" href=\"https:\/\/blog.ccc.eu\/ro\/ghid-de-stil-cum-alegi-caciula-potrivita\/\" \/>\n<meta property=\"og:locale\" content=\"ro_RO\" \/>\n<meta property=\"og:type\" content=\"article\" \/>\n<meta property=\"og:title\" content=\"Ghid de stil: cum alegi c\u0103ciula potrivit\u0103? - CCC Fashion blog\" \/>\n<meta property=\"og:description\" content=\"Nu stii cum sa alegi caciula potrivita pentru tine? Descopera pe blogul CCC care sunt criteriile de alegere, dar si tendintele toamna-iarna pentru caciuli!\" \/>\n<meta property=\"og:url\" content=\"https:\/\/blog.ccc.eu\/ro\/ghid-de-stil-cum-alegi-caciula-potrivita\/\" \/>\n<meta property=\"og:site_name\" content=\"CCC Fashion blog\" \/>\n<meta property=\"article:published_time\" content=\"2022-09-21T09:15:54+00:00\" \/>\n<meta property=\"article:modified_time\" content=\"2022-10-26T07:53:11+00:00\" \/>\n<meta property=\"og:image\" content=\"https:\/\/blog.ccc.eu\/ro\/wp-content\/uploads\/2022\/09\/Sprandi_LB_AW21_Shot-15_3249_.jpg\" \/>\n\t<meta property=\"og:image:width\" content=\"1097\" \/>\n\t<meta property=\"og:image:height\" content=\"1646\" \/>\n\t<meta property=\"og:image:type\" content=\"image\/jpeg\" \/>\n<meta name=\"author\" content=\"Andreea Stoian\u00a0\" \/>\n<meta name=\"twitter:card\" content=\"summary_large_image\" \/>\n<meta name=\"twitter:label1\" content=\"Scris de\" \/>\n\t<meta name=\"twitter:data1\" content=\"Andreea Stoian\u00a0\" \/>\n\t<meta name=\"twitter:label2\" content=\"Timp estimat pentru citire\" \/>\n\t<meta name=\"twitter:data2\" content=\"10 minute\" \/>\n<script type=\"application\/ld+json\" class=\"yoast-schema-graph\">{\"@context\":\"https:\/\/schema.org\",\"@graph\":[{\"@type\":\"Article\",\"@id\":\"https:\/\/blog.ccc.eu\/ro\/ghid-de-stil-cum-alegi-caciula-potrivita\/#article\",\"isPartOf\":{\"@id\":\"https:\/\/blog.ccc.eu\/ro\/ghid-de-stil-cum-alegi-caciula-potrivita\/\"},\"author\":{\"name\":\"Andreea Stoian\u00a0\",\"@id\":\"https:\/\/blog.ccc.eu\/ro\/#\/schema\/person\/0601bbc3e409e0a44a47df3630e6edf2\"},\"headline\":\"Ghid de stil: cum alegi c\u0103ciula potrivit\u0103?\",\"datePublished\":\"2022-09-21T09:15:54+00:00\",\"dateModified\":\"2022-10-26T07:53:11+00:00\",\"mainEntityOfPage\":{\"@id\":\"https:\/\/blog.ccc.eu\/ro\/ghid-de-stil-cum-alegi-caciula-potrivita\/\"},\"wordCount\":1974,\"commentCount\":0,\"publisher\":{\"@id\":\"https:\/\/blog.ccc.eu\/ro\/#organization\"},\"image\":{\"@id\":\"https:\/\/blog.ccc.eu\/ro\/ghid-de-stil-cum-alegi-caciula-potrivita\/#primaryimage\"},\"thumbnailUrl\":\"https:\/\/blog.ccc.eu\/ro\/wp-content\/uploads\/2022\/09\/Sprandi_LB_AW21_Shot-15_3249_.jpg\",\"keywords\":[\"caciula beanie\",\"caciula blana\",\"caciula cagula\",\"ghid de stil\",\"modele de caciuli\",\"sfaturi de stil\",\"tendinte caciuli\",\"tipuri de caciuli\",\"trenduri caciuli\"],\"articleSection\":[\"SFATURI DE MOD\u0102\"],\"inLanguage\":\"ro-RO\",\"potentialAction\":[{\"@type\":\"CommentAction\",\"name\":\"Comment\",\"target\":[\"https:\/\/blog.ccc.eu\/ro\/ghid-de-stil-cum-alegi-caciula-potrivita\/#respond\"]}]},{\"@type\":\"WebPage\",\"@id\":\"https:\/\/blog.ccc.eu\/ro\/ghid-de-stil-cum-alegi-caciula-potrivita\/\",\"url\":\"https:\/\/blog.ccc.eu\/ro\/ghid-de-stil-cum-alegi-caciula-potrivita\/\",\"name\":\"Ghid de stil: cum alegi c\u0103ciula potrivit\u0103? - CCC Fashion blog\",\"isPartOf\":{\"@id\":\"https:\/\/blog.ccc.eu\/ro\/#website\"},\"primaryImageOfPage\":{\"@id\":\"https:\/\/blog.ccc.eu\/ro\/ghid-de-stil-cum-alegi-caciula-potrivita\/#primaryimage\"},\"image\":{\"@id\":\"https:\/\/blog.ccc.eu\/ro\/ghid-de-stil-cum-alegi-caciula-potrivita\/#primaryimage\"},\"thumbnailUrl\":\"https:\/\/blog.ccc.eu\/ro\/wp-content\/uploads\/2022\/09\/Sprandi_LB_AW21_Shot-15_3249_.jpg\",\"datePublished\":\"2022-09-21T09:15:54+00:00\",\"dateModified\":\"2022-10-26T07:53:11+00:00\",\"description\":\"Nu stii cum sa alegi caciula potrivita pentru tine? Descopera pe blogul CCC care sunt criteriile de alegere, dar si tendintele toamna-iarna pentru caciuli!\",\"breadcrumb\":{\"@id\":\"https:\/\/blog.ccc.eu\/ro\/ghid-de-stil-cum-alegi-caciula-potrivita\/#breadcrumb\"},\"inLanguage\":\"ro-RO\",\"potentialAction\":[{\"@type\":\"ReadAction\",\"target\":[\"https:\/\/blog.ccc.eu\/ro\/ghid-de-stil-cum-alegi-caciula-potrivita\/\"]}]},{\"@type\":\"ImageObject\",\"inLanguage\":\"ro-RO\",\"@id\":\"https:\/\/blog.ccc.eu\/ro\/ghid-de-stil-cum-alegi-caciula-potrivita\/#primaryimage\",\"url\":\"https:\/\/blog.ccc.eu\/ro\/wp-content\/uploads\/2022\/09\/Sprandi_LB_AW21_Shot-15_3249_.jpg\",\"contentUrl\":\"https:\/\/blog.ccc.eu\/ro\/wp-content\/uploads\/2022\/09\/Sprandi_LB_AW21_Shot-15_3249_.jpg\",\"width\":1097,\"height\":1646},{\"@type\":\"BreadcrumbList\",\"@id\":\"https:\/\/blog.ccc.eu\/ro\/ghid-de-stil-cum-alegi-caciula-potrivita\/#breadcrumb\",\"itemListElement\":[{\"@type\":\"ListItem\",\"position\":1,\"name\":\"Strona g\u0142\u00f3wna\",\"item\":\"https:\/\/blog.ccc.eu\/ro\/\"},{\"@type\":\"ListItem\",\"position\":2,\"name\":\"Ghid de stil: cum alegi c\u0103ciula potrivit\u0103?\"}]},{\"@type\":\"WebSite\",\"@id\":\"https:\/\/blog.ccc.eu\/ro\/#website\",\"url\":\"https:\/\/blog.ccc.eu\/ro\/\",\"name\":\"CCC Fashion blog\",\"description\":\"Locul t\u0103u plin de inspira\u021bii \u00een mod\u0103\",\"publisher\":{\"@id\":\"https:\/\/blog.ccc.eu\/ro\/#organization\"},\"potentialAction\":[{\"@type\":\"SearchAction\",\"target\":{\"@type\":\"EntryPoint\",\"urlTemplate\":\"https:\/\/blog.ccc.eu\/ro\/?s={search_term_string}\"},\"query-input\":{\"@type\":\"PropertyValueSpecification\",\"valueRequired\":true,\"valueName\":\"search_term_string\"}}],\"inLanguage\":\"ro-RO\"},{\"@type\":\"Organization\",\"@id\":\"https:\/\/blog.ccc.eu\/ro\/#organization\",\"name\":\"CCC S.A.\",\"url\":\"https:\/\/blog.ccc.eu\/ro\/\",\"logo\":{\"@type\":\"ImageObject\",\"inLanguage\":\"ro-RO\",\"@id\":\"https:\/\/blog.ccc.eu\/ro\/#\/schema\/logo\/image\/\",\"url\":\"https:\/\/blog.ccc.eu\/ro\/wp-content\/uploads\/2021\/11\/logo_ccc.png\",\"contentUrl\":\"https:\/\/blog.ccc.eu\/ro\/wp-content\/uploads\/2021\/11\/logo_ccc.png\",\"width\":730,\"height\":270,\"caption\":\"CCC S.A.\"},\"image\":{\"@id\":\"https:\/\/blog.ccc.eu\/ro\/#\/schema\/logo\/image\/\"}},{\"@type\":\"Person\",\"@id\":\"https:\/\/blog.ccc.eu\/ro\/#\/schema\/person\/0601bbc3e409e0a44a47df3630e6edf2\",\"name\":\"Andreea Stoian\u00a0\",\"image\":{\"@type\":\"ImageObject\",\"inLanguage\":\"ro-RO\",\"@id\":\"https:\/\/blog.ccc.eu\/ro\/#\/schema\/person\/image\/\",\"url\":\"https:\/\/blog.ccc.eu\/ro\/wp-content\/uploads\/2022\/01\/Andreea-Stoian-2-100x100.jpeg\",\"contentUrl\":\"https:\/\/blog.ccc.eu\/ro\/wp-content\/uploads\/2022\/01\/Andreea-Stoian-2-100x100.jpeg\",\"caption\":\"Andreea Stoian\u00a0\"},\"url\":\"https:\/\/blog.ccc.eu\/ro\/author\/andreea-stoian\/\"}]}<\/script>\n<!-- \/ Yoast SEO plugin. -->","yoast_head_json":{"title":"Ghid de stil: cum alegi c\u0103ciula potrivit\u0103? - CCC Fashion blog","description":"Nu stii cum sa alegi caciula potrivita pentru tine? Descopera pe blogul CCC care sunt criteriile de alegere, dar si tendintele toamna-iarna pentru caciuli! 2026","robots":{"index":"index","follow":"follow","max-snippet":"max-snippet:-1","max-image-preview":"max-image-preview:large","max-video-preview":"max-video-preview:-1"},"canonical":"https:\/\/blog.ccc.eu\/ro\/ghid-de-stil-cum-alegi-caciula-potrivita\/","og_locale":"ro_RO","og_type":"article","og_title":"Ghid de stil: cum alegi c\u0103ciula potrivit\u0103? - CCC Fashion blog","og_description":"Nu stii cum sa alegi caciula potrivita pentru tine? Descopera pe blogul CCC care sunt criteriile de alegere, dar si tendintele toamna-iarna pentru caciuli!","og_url":"https:\/\/blog.ccc.eu\/ro\/ghid-de-stil-cum-alegi-caciula-potrivita\/","og_site_name":"CCC Fashion blog","article_published_time":"2022-09-21T09:15:54+00:00","article_modified_time":"2022-10-26T07:53:11+00:00","og_image":[{"width":1097,"height":1646,"url":"https:\/\/blog.ccc.eu\/ro\/wp-content\/uploads\/2022\/09\/Sprandi_LB_AW21_Shot-15_3249_.jpg","type":"image\/jpeg"}],"author":"Andreea Stoian\u00a0","twitter_card":"summary_large_image","twitter_misc":{"Scris de":"Andreea Stoian\u00a0","Timp estimat pentru citire":"10 minute"},"schema":{"@context":"https:\/\/schema.org","@graph":[{"@type":"Article","@id":"https:\/\/blog.ccc.eu\/ro\/ghid-de-stil-cum-alegi-caciula-potrivita\/#article","isPartOf":{"@id":"https:\/\/blog.ccc.eu\/ro\/ghid-de-stil-cum-alegi-caciula-potrivita\/"},"author":{"name":"Andreea Stoian\u00a0","@id":"https:\/\/blog.ccc.eu\/ro\/#\/schema\/person\/0601bbc3e409e0a44a47df3630e6edf2"},"headline":"Ghid de stil: cum alegi c\u0103ciula potrivit\u0103?","datePublished":"2022-09-21T09:15:54+00:00","dateModified":"2022-10-26T07:53:11+00:00","mainEntityOfPage":{"@id":"https:\/\/blog.ccc.eu\/ro\/ghid-de-stil-cum-alegi-caciula-potrivita\/"},"wordCount":1974,"commentCount":0,"publisher":{"@id":"https:\/\/blog.ccc.eu\/ro\/#organization"},"image":{"@id":"https:\/\/blog.ccc.eu\/ro\/ghid-de-stil-cum-alegi-caciula-potrivita\/#primaryimage"},"thumbnailUrl":"https:\/\/blog.ccc.eu\/ro\/wp-content\/uploads\/2022\/09\/Sprandi_LB_AW21_Shot-15_3249_.jpg","keywords":["caciula beanie","caciula blana","caciula cagula","ghid de stil","modele de caciuli","sfaturi de stil","tendinte caciuli","tipuri de caciuli","trenduri caciuli"],"articleSection":["SFATURI DE MOD\u0102"],"inLanguage":"ro-RO","potentialAction":[{"@type":"CommentAction","name":"Comment","target":["https:\/\/blog.ccc.eu\/ro\/ghid-de-stil-cum-alegi-caciula-potrivita\/#respond"]}]},{"@type":"WebPage","@id":"https:\/\/blog.ccc.eu\/ro\/ghid-de-stil-cum-alegi-caciula-potrivita\/","url":"https:\/\/blog.ccc.eu\/ro\/ghid-de-stil-cum-alegi-caciula-potrivita\/","name":"Ghid de stil: cum alegi c\u0103ciula potrivit\u0103? - CCC Fashion blog","isPartOf":{"@id":"https:\/\/blog.ccc.eu\/ro\/#website"},"primaryImageOfPage":{"@id":"https:\/\/blog.ccc.eu\/ro\/ghid-de-stil-cum-alegi-caciula-potrivita\/#primaryimage"},"image":{"@id":"https:\/\/blog.ccc.eu\/ro\/ghid-de-stil-cum-alegi-caciula-potrivita\/#primaryimage"},"thumbnailUrl":"https:\/\/blog.ccc.eu\/ro\/wp-content\/uploads\/2022\/09\/Sprandi_LB_AW21_Shot-15_3249_.jpg","datePublished":"2022-09-21T09:15:54+00:00","dateModified":"2022-10-26T07:53:11+00:00","description":"Nu stii cum sa alegi caciula potrivita pentru tine? Descopera pe blogul CCC care sunt criteriile de alegere, dar si tendintele toamna-iarna pentru caciuli!","breadcrumb":{"@id":"https:\/\/blog.ccc.eu\/ro\/ghid-de-stil-cum-alegi-caciula-potrivita\/#breadcrumb"},"inLanguage":"ro-RO","potentialAction":[{"@type":"ReadAction","target":["https:\/\/blog.ccc.eu\/ro\/ghid-de-stil-cum-alegi-caciula-potrivita\/"]}]},{"@type":"ImageObject","inLanguage":"ro-RO","@id":"https:\/\/blog.ccc.eu\/ro\/ghid-de-stil-cum-alegi-caciula-potrivita\/#primaryimage","url":"https:\/\/blog.ccc.eu\/ro\/wp-content\/uploads\/2022\/09\/Sprandi_LB_AW21_Shot-15_3249_.jpg","contentUrl":"https:\/\/blog.ccc.eu\/ro\/wp-content\/uploads\/2022\/09\/Sprandi_LB_AW21_Shot-15_3249_.jpg","width":1097,"height":1646},{"@type":"BreadcrumbList","@id":"https:\/\/blog.ccc.eu\/ro\/ghid-de-stil-cum-alegi-caciula-potrivita\/#breadcrumb","itemListElement":[{"@type":"ListItem","position":1,"name":"Strona g\u0142\u00f3wna","item":"https:\/\/blog.ccc.eu\/ro\/"},{"@type":"ListItem","position":2,"name":"Ghid de stil: cum alegi c\u0103ciula potrivit\u0103?"}]},{"@type":"WebSite","@id":"https:\/\/blog.ccc.eu\/ro\/#website","url":"https:\/\/blog.ccc.eu\/ro\/","name":"CCC Fashion blog","description":"Locul t\u0103u plin de inspira\u021bii \u00een mod\u0103","publisher":{"@id":"https:\/\/blog.ccc.eu\/ro\/#organization"},"potentialAction":[{"@type":"SearchAction","target":{"@type":"EntryPoint","urlTemplate":"https:\/\/blog.ccc.eu\/ro\/?s={search_term_string}"},"query-input":{"@type":"PropertyValueSpecification","valueRequired":true,"valueName":"search_term_string"}}],"inLanguage":"ro-RO"},{"@type":"Organization","@id":"https:\/\/blog.ccc.eu\/ro\/#organization","name":"CCC S.A.","url":"https:\/\/blog.ccc.eu\/ro\/","logo":{"@type":"ImageObject","inLanguage":"ro-RO","@id":"https:\/\/blog.ccc.eu\/ro\/#\/schema\/logo\/image\/","url":"https:\/\/blog.ccc.eu\/ro\/wp-content\/uploads\/2021\/11\/logo_ccc.png","contentUrl":"https:\/\/blog.ccc.eu\/ro\/wp-content\/uploads\/2021\/11\/logo_ccc.png","width":730,"height":270,"caption":"CCC S.A."},"image":{"@id":"https:\/\/blog.ccc.eu\/ro\/#\/schema\/logo\/image\/"}},{"@type":"Person","@id":"https:\/\/blog.ccc.eu\/ro\/#\/schema\/person\/0601bbc3e409e0a44a47df3630e6edf2","name":"Andreea Stoian\u00a0","image":{"@type":"ImageObject","inLanguage":"ro-RO","@id":"https:\/\/blog.ccc.eu\/ro\/#\/schema\/person\/image\/","url":"https:\/\/blog.ccc.eu\/ro\/wp-content\/uploads\/2022\/01\/Andreea-Stoian-2-100x100.jpeg","contentUrl":"https:\/\/blog.ccc.eu\/ro\/wp-content\/uploads\/2022\/01\/Andreea-Stoian-2-100x100.jpeg","caption":"Andreea Stoian\u00a0"},"url":"https:\/\/blog.ccc.eu\/ro\/author\/andreea-stoian\/"}]}},"_links":{"self":[{"href":"https:\/\/blog.ccc.eu\/ro\/wp-json\/wp\/v2\/posts\/5637","targetHints":{"allow":["GET"]}}],"collection":[{"href":"https:\/\/blog.ccc.eu\/ro\/wp-json\/wp\/v2\/posts"}],"about":[{"href":"https:\/\/blog.ccc.eu\/ro\/wp-json\/wp\/v2\/types\/post"}],"author":[{"embeddable":true,"href":"https:\/\/blog.ccc.eu\/ro\/wp-json\/wp\/v2\/users\/14"}],"replies":[{"embeddable":true,"href":"https:\/\/blog.ccc.eu\/ro\/wp-json\/wp\/v2\/comments?post=5637"}],"version-history":[{"count":3,"href":"https:\/\/blog.ccc.eu\/ro\/wp-json\/wp\/v2\/posts\/5637\/revisions"}],"predecessor-version":[{"id":5774,"href":"https:\/\/blog.ccc.eu\/ro\/wp-json\/wp\/v2\/posts\/5637\/revisions\/5774"}],"wp:featuredmedia":[{"embeddable":true,"href":"https:\/\/blog.ccc.eu\/ro\/wp-json\/wp\/v2\/media\/5640"}],"wp:attachment":[{"href":"https:\/\/blog.ccc.eu\/ro\/wp-json\/wp\/v2\/media?parent=5637"}],"wp:term":[{"taxonomy":"category","embeddable":true,"href":"https:\/\/blog.ccc.eu\/ro\/wp-json\/wp\/v2\/categories?post=5637"},{"taxonomy":"post_tag","embeddable":true,"href":"https:\/\/blog.ccc.eu\/ro\/wp-json\/wp\/v2\/tags?post=5637"}],"curies":[{"name":"wp","href":"https:\/\/api.w.org\/{rel}","templated":true}]}}