{"id":5687,"date":"2022-11-01T11:53:00","date_gmt":"2022-11-01T10:53:00","guid":{"rendered":"https:\/\/blog.ccc.eu\/ro\/?p=5687"},"modified":"2022-11-03T11:33:51","modified_gmt":"2022-11-03T10:33:51","slug":"cu-ce-se-asorteaza-culoarea-bordo-idei-tinute-de-toamna","status":"publish","type":"post","link":"https:\/\/blog.ccc.eu\/ro\/cu-ce-se-asorteaza-culoarea-bordo-idei-tinute-de-toamna\/","title":{"rendered":"Cu ce se asorteaz\u0103 culoarea bordo \u0219i cum o por\u021bi \u00een \u021binutele de toamn\u0103"},"content":{"rendered":"\n<p><b>Toamna este anotimpul favorit al persoanelor iubitoare de fashion deoarece \u00een aceste luni po\u021bi \u00eencerca cele mai incredibile vestimenta\u021bii \u0219i accesorii: rochii mini, midi \u0219i maxi, pantaloni lungi sau pantaloni scur\u021bi purta\u021bi \u00eempreun\u0103 cu un dres gros, bluze turtleneck \u0219i fuste plisate, salopete cu paltoane p\u00e2n\u0103 \u00een p\u0103m\u00e2nt. Toamna ofer\u0103 infinite combina\u021bii de outfituri perfecte indiferent de eveniment sau activitate, iar al\u0103turi de haine \u0219i accesorii, vei fi uimit\u0103 de noile tonuri cromatice ale anotimpului!<\/b><\/p>\n\n\n\n<p><b>Dac\u0103 vrei s\u0103 descoperi cele mai trendy outfituri \u00een culoarea bordo pentru trendul toamnei, ce reprezint\u0103 aceast\u0103 nuan\u021b\u0103 \u0219i cum o asortezi cu pantofii \u0219i accesoriile favorite, cite\u0219te articolul <a href=\"https:\/\/ccc.eu\/ro\/\">CCC<\/a> \u0219i bucur\u0103-te de \u021binute \u00eendr\u0103zne\u021be!<\/b><\/p>\n\n\n\n<figure class=\"wp-block-gallery has-nested-images columns-default is-cropped wp-block-gallery-1 is-layout-flex wp-block-gallery-is-layout-flex\">\n<figure class=\"wp-block-image size-large\"><img loading=\"lazy\" decoding=\"async\" width=\"744\" height=\"1000\" data-id=\"5688\" src=\"https:\/\/blog.ccc.eu\/ro\/wp-content\/uploads\/2022\/10\/untitled-4584_Lasocki_AW22.jpg\" alt=\"\" class=\"wp-image-5688\" srcset=\"https:\/\/blog.ccc.eu\/ro\/wp-content\/uploads\/2022\/10\/untitled-4584_Lasocki_AW22.jpg 744w, https:\/\/blog.ccc.eu\/ro\/wp-content\/uploads\/2022\/10\/untitled-4584_Lasocki_AW22-223x300.jpg 223w, https:\/\/blog.ccc.eu\/ro\/wp-content\/uploads\/2022\/10\/untitled-4584_Lasocki_AW22-100x134.jpg 100w\" sizes=\"auto, (max-width: 744px) 100vw, 744px\" \/><\/figure>\n\n\n\n<figure class=\"wp-block-image size-large\"><img loading=\"lazy\" decoding=\"async\" width=\"739\" height=\"1000\" data-id=\"5689\" src=\"https:\/\/blog.ccc.eu\/ro\/wp-content\/uploads\/2022\/10\/untitled-4587_Lasocki_AW22.jpg\" alt=\"\" class=\"wp-image-5689\" srcset=\"https:\/\/blog.ccc.eu\/ro\/wp-content\/uploads\/2022\/10\/untitled-4587_Lasocki_AW22.jpg 739w, https:\/\/blog.ccc.eu\/ro\/wp-content\/uploads\/2022\/10\/untitled-4587_Lasocki_AW22-222x300.jpg 222w, https:\/\/blog.ccc.eu\/ro\/wp-content\/uploads\/2022\/10\/untitled-4587_Lasocki_AW22-100x135.jpg 100w\" sizes=\"auto, (max-width: 739px) 100vw, 739px\" \/><\/figure>\n<\/figure>\n\n\n\n<h2 class=\"wp-block-heading\">Ce reprezint\u0103 culoarea bordo?<\/h2>\n\n\n\n<p>Culoare bordo, \u00eent\u00e2lnit\u0103 \u0219i sub formele de \u201eburgundia\u201d, \u201egrena\u201d sau \u201ebordeaux\u201d, este o nuan\u021b\u0103 irezistibil\u0103, misterioas\u0103, elegant\u0103, feminin\u0103 \u0219i provocatoare deopotriv\u0103 ce semnific\u0103 abunden\u021b\u0103, putere, stim\u0103 de sine, \u00eencredere, charm \u0219i rafinament. Culoarea bordo este excelent\u0103 de introdus \u00een <a href=\"https:\/\/blog.ccc.eu\/ro\/ce-culori-se-poarta-in-sezonul-toamna-iarna-2022\/\">paletele cromatice ale toamnei<\/a>, fiind adesea purtate de persoanele puternice, indiferent de siluet\u0103, deoarece pune \u00eentotdeauna \u00een eviden\u021b\u0103 doar cele mai frumoase tr\u0103s\u0103turi!<\/p>\n\n\n\n<p>Cu toate acestea, totul trebuie f\u0103cut cu m\u0103sur\u0103! A\u0219adar, dac\u0103 vrei s\u0103 pui \u00een valoare frumuse\u021bea acestei nuan\u021be, nu atrage privirile celorlal\u021bi prin bijuterii, accesorii, pantofi extravagan\u021bi sau printr-un caracter for\u021bat. Fii natural\u0103!<\/p>\n\n\n\n<p>Versatil\u0103 \u0219i pl\u0103cut\u0103 de foarte mul\u021bi adep\u021bi fashion, bordo este o culoare \u00eent\u00e2lnit\u0103 at\u00e2t \u00een \u021binutele casual, dar \u0219i \u00een cele potrivite pentru office, petreceri amicale, absolviri sau chiar evenimente formale, precum nun\u021bile, botezurile, cununiile civile etc, a\u0219a c\u0103 \u00eendr\u0103zne\u0219te s\u0103 por\u021bi ceea ce \u00ee\u021bi place: oriunde \u0219i oric\u00e2nd!<\/p>\n\n\n\n<h2 class=\"wp-block-heading\"><a><\/a>Cu ce alte culori se asorteaz\u0103 bordo: 7 idei de \u021binute<\/h2>\n\n\n\n<h3 class=\"wp-block-heading\"><a><\/a>Bordo + negru<\/h3>\n\n\n\n<p>Negrul se asorteaz\u0103 excelent cu majoritatea culorilor de toamn\u0103, \u00eens\u0103 \u00een combina\u021bie cu bordo vei cuceri pe toat\u0103 lumea! Este un duo clasic, elegant \u0219i chic deopotriv\u0103, o vestimenta\u021bie ce nu se demodeaz\u0103 o dat\u0103 cu trecerea timpului, fiind deci perfect\u0103 at\u00e2t pentru o <a href=\"https:\/\/blog.ccc.eu\/ro\/idei-pentru-tinutele-cocktail-pantofii-si-accesoriile-potrivite\/\">petrecere de tip cocktail<\/a>: rochie discret\u0103 bordo, palton \u0219i pantofi negri, dar \u0219i pentru \u021binut\u0103 sport: colan\u021bi negri, hanorac sau tricou bordo \u0219i <a href=\"https:\/\/ccc.eu\/ro\/sneakers-femei-aw22\">sneakersi confortabili<\/a>.<\/p>\n\n\n\n<h3 class=\"wp-block-heading\"><a><\/a>Bordo + gri<\/h3>\n\n\n\n<p>Culoarea gri a fost \u00eentotdeauna considerat\u0103 o nuan\u021b\u0103 nonconformist\u0103 \u0219i neutr\u0103 totodat\u0103, fiind deci u\u0219or de asortat indiferent de paletele cromatice favorite sau de piesele vestimentare pe care vrei s\u0103 le por\u021bi! Pentru o \u021binut\u0103 office, orienteaz\u0103-te c\u0103tre o combina\u021bie feminin\u0103 \u0219i elegant\u0103 deopotriv\u0103: pantaloni evaza\u021bi bordo \u0219i tricou, bluz\u0103, turtleneck sau <a href=\"https:\/\/ccc.eu\/ro\/haine\/femei\/camaa\">c\u0103ma\u0219\u0103<\/a> gri. \u00ce\u021bi este dificil s\u0103 g\u0103se\u0219ti accesoriile potrivite? <a href=\"https:\/\/ccc.eu\/ro\/accesorii\/femei\/ceasuri\">Ceasul de m\u00e2n\u0103<\/a> \u00ee\u021bi vine \u00een ajutor!<\/p>\n\n\n\n<h3 class=\"wp-block-heading\"><a><\/a>Bordo + alb<\/h3>\n\n\n\n<p>Albul, culoarea purit\u0103\u021bii \u0219i a inocen\u021bei, asortat cu bordo va crea o \u021binut\u0103 \u00een antitez\u0103, seduc\u0103toare \u0219i ginga\u0219\u0103 deopotriv\u0103, astfel \u00eenc\u00e2t po\u021bi purta o astfel de combina\u021bie chiar \u0219i la <a href=\"https:\/\/blog.ccc.eu\/ro\/cum-sa-ti-asortezi-tinutele-de-festival-8-recomandari-stilistice\/\">festivaluri de muzic\u0103 live<\/a>, dar \u0219i la job, facultate sau la o ie\u0219ire al\u0103turi de prietenii t\u0103i. Pentru un look cu totul deosebit, orienteaz\u0103-te c\u0103tre haine \u00een nuan\u021be de alb: alb ca z\u0103pada, alb-rose, alb natural, ivoire etc., \u0219i o <a href=\"https:\/\/ccc.eu\/ro\/femei\/pantofi\/culoare:grena\">pereche de pantofi \u00een nuan\u021be bordo<\/a>!<\/p>\n\n\n\n\n\n\n<p><\/p>\n\n\n\n<h3 class=\"wp-block-heading\">Bordo + nude<\/h3>\n\n\n\n<p>O alt\u0103 culoare ce poate fi asortat\u0103 numaidec\u00e2t cu bordo este nude-ul (crem, maro \u0219ampanie, caramel). Sunt dou\u0103 nuan\u021be irezistibile de purtat toamna, de aceea nu trebuie s\u0103 lipseasc\u0103 din garderoba ta. Culorile frunzelor trecute de vreme sunt puse \u00een valoare \u00eentocmai datorit\u0103 acestor dou\u0103 tonuri!<\/p>\n\n\n\n<p>A\u0219adar, imagineaz\u0103-\u021bi doar urm\u0103torul outfit pe care-l po\u021bi purta oriunde: la job sau facultate, la un photoshooting, la o plimbare \u00een parc \u0219i chiar pe ringul de dans: \u00een nuan\u021be de bordo &#8211; <a href=\"https:\/\/ccc.eu\/ro\/cizme-femei-aw22\">cizme \u00eenalte<\/a>, fust\u0103 de piele \u0219i fular sau e\u0219arf\u0103, iar nude &#8211; pulover-ul, <a href=\"https:\/\/ccc.eu\/ro\/genti\/genti-pentru-femei\">geanta<\/a> \u0219i celelalte accesorii!<\/p>\n\n\n\n<h3 class=\"wp-block-heading\"><a><\/a>Bordo + verde<\/h3>\n\n\n\n<p>Verdele aduce un look deosebit \u021binutelor de toamn\u0103 cu nuan\u021be de bordo deoarece reaminte\u0219te de culorile vii ale frunzelor din sezonul c\u0103lduros; de aceea \u0219i creeaz\u0103 un outfit frumos, elegant, feminin \u0219i juc\u0103u\u0219 totodat\u0103!<\/p>\n\n\n\n<p>Deoarece vrei s\u0103 pui \u00een eviden\u021b\u0103 tonurile de grena, opteaz\u0103 pentru <a href=\"https:\/\/ccc.eu\/ro\/accesorii\/femei\">accesorii de verde \u00eenchis<\/a>, precum gen\u021bile, e\u0219arfele sau fularul, m\u0103nu\u0219ile, c\u0103ciula, ceasul de m\u00e2n\u0103 sau bijuteriile. Indiferent de piesele vestimentare alese, vei ar\u0103ta incredibil al\u0103turi de<a href=\"https:\/\/ccc.eu\/ro\/femei\/pantofi\/bocanci\/culoare:verde\"> bocancii \u00een nuan\u021be de verde<\/a>!<\/p>\n\n\n\n<h3 class=\"wp-block-heading\"><a><\/a>Bordo + galben<\/h3>\n\n\n\n<p>Bordo cu galben creeaz\u0103 outfituri care fur\u0103 cu adev\u0103rat toate privirile! Este o combina\u021bie total \u00eendr\u0103znea\u021b\u0103 care te va plasa numaidec\u00e2t \u00een lumina reflectoarelor, indiferent de locul \u00een care te afli, a\u0219a c\u0103 preg\u0103te\u0219te-te s\u0103 prime\u0219ti doar complimente!<\/p>\n\n\n\n<p>Alege o <a href=\"https:\/\/ccc.eu\/ro\/stiletto-pantofi-cu-toc-femei-aw22\">pereche de pantofi stiletto cu toc<\/a> pentru a-\u021bi pune \u00een eviden\u021b\u0103 frumuse\u021bea picioarelor, pantaloni sau fust\u0103 neagr\u0103 sau bordo \u0219i un top: c\u0103ma\u0219\u0103, pulover \u0219i chiar blazer sau sacou \u00een nuan\u021be de galben sau oranj. Accesorizeaz\u0103 \u00eentregul outfit cu obiecte decorative \u0219i gen\u021bi bordo!<\/p>\n\n\n\n\n\n\n\n<p><\/p>\n\n\n\n<h3 class=\"wp-block-heading\"><a><\/a>Bordo + nuan\u021be neon<\/h3>\n\n\n\n<p>Un <a href=\"https:\/\/blog.ccc.eu\/ro\/tendinte-in-2022-ce-este-maximalismul-idei-de-tinute-si-accesorii\/\">outfit maximalist<\/a> pentru toamn\u0103 este cel alc\u0103tuit din nuan\u021be bordo \u0219i tonuri neon, perfect cu siguran\u021b\u0103 pentru o sear\u0103 \u00een club! Culorile neon atrag aten\u021bia! Fiind o senza\u021bie fashion, chic \u0219i \u00eendr\u0103znea\u021b\u0103 deopotriv\u0103, nu vei avea cum s\u0103 dai gre\u0219 cu o astfel de vestimenta\u021bie.<\/p>\n\n\n\n<p>Cu toate acestea, \u021bine minte c\u0103 s-ar putea ca neon-ul s\u0103 nu fie cea mai bun\u0103 op\u021biune pentru un eveniment formal; bine\u00een\u021beles, doar \u00een cazul \u00een care se impune un astfel de dress-code. Poart\u0103 <a href=\"https:\/\/blog.ccc.eu\/ro\/culorile-neon-accesorii-si-sfaturi-de-styling\/\">\u021binutele \u00een culori neon<\/a> \u0219i bordo la petrecerile al\u0103turi de cei dragi, seara, la dans, \u00een excursii, la concerte etc.<\/p>\n\n\n\n<p>Te-ai decis cu ce urmeaz\u0103 s\u0103 te \u00eembraci la viitoarele evenimente \u0219i activit\u0103\u021bi importante din via\u021ba ta? Cu siguran\u021b\u0103 nu trebuie s\u0103-\u021bi lipseasc\u0103 nuan\u021ba bordo din \u021binut\u0103! \u00cencearc\u0103 outfiturile oferite sau combin\u0103 piesele vestimentare dup\u0103 bunul plac \u0219i nu uita de pantofii \u0219i accesoriile momentului!<\/p>\n","protected":false},"excerpt":{"rendered":"<p>Toamna este anotimpul favorit al persoanelor iubitoare de fashion deoarece \u00een aceste luni po\u021bi \u00eencerca cele mai incredibile vestimenta\u021bii \u0219i accesorii: rochii mini, midi \u0219i maxi, pantaloni lungi sau pantaloni scur\u021bi purta\u021bi \u00eempreun\u0103 cu un dres gros, bluze turtleneck \u0219i fuste plisate, salopete cu paltoane p\u00e2n\u0103 \u00een p\u0103m\u00e2nt. Toamna ofer\u0103 infinite combina\u021bii de outfituri perfecte [&hellip;]<\/p>\n","protected":false},"author":12,"featured_media":5689,"comment_status":"open","ping_status":"open","sticky":false,"template":"","format":"standard","meta":{"_acf_changed":false,"footnotes":""},"categories":[4],"tags":[],"class_list":["post-5687","post","type-post","status-publish","format-standard","has-post-thumbnail","hentry","category-sfaturi-de-moda"],"acf":[],"yoast_head":"<!-- This site is optimized with the Yoast SEO plugin v26.9 - https:\/\/yoast.com\/product\/yoast-seo-wordpress\/ -->\n<title>Cu ce se asorteaz\u0103 culoarea bordo \u0219i cum o por\u021bi \u00een \u021binutele de toamn\u0103 - CCC Fashion blog<\/title>\n<meta name=\"description\" content=\"description: Vrei s\u0103 aduci o palet\u0103 nou\u0103 de culoare \u00een garderoba ta pentru toamna aceasta? Iat\u0103 cu ce se asorteaz\u0103 culoarea bordo \u0219i cum creezi \u021binutele perfecte! 2026\" \/>\n<meta name=\"robots\" content=\"index, follow, max-snippet:-1, max-image-preview:large, max-video-preview:-1\" \/>\n<link rel=\"canonical\" href=\"https:\/\/blog.ccc.eu\/ro\/cu-ce-se-asorteaza-culoarea-bordo-idei-tinute-de-toamna\/\" \/>\n<meta property=\"og:locale\" content=\"ro_RO\" \/>\n<meta property=\"og:type\" content=\"article\" \/>\n<meta property=\"og:title\" content=\"Cu ce se asorteaz\u0103 culoarea bordo \u0219i cum o por\u021bi \u00een \u021binutele de toamn\u0103 - CCC Fashion blog\" \/>\n<meta property=\"og:description\" content=\"description: Vrei s\u0103 aduci o palet\u0103 nou\u0103 de culoare \u00een garderoba ta pentru toamna aceasta? Iat\u0103 cu ce se asorteaz\u0103 culoarea bordo \u0219i cum creezi \u021binutele perfecte!\" \/>\n<meta property=\"og:url\" content=\"https:\/\/blog.ccc.eu\/ro\/cu-ce-se-asorteaza-culoarea-bordo-idei-tinute-de-toamna\/\" \/>\n<meta property=\"og:site_name\" content=\"CCC Fashion blog\" \/>\n<meta property=\"article:published_time\" content=\"2022-11-01T10:53:00+00:00\" \/>\n<meta property=\"article:modified_time\" content=\"2022-11-03T10:33:51+00:00\" \/>\n<meta property=\"og:image\" content=\"https:\/\/blog.ccc.eu\/ro\/wp-content\/uploads\/2022\/10\/untitled-4587_Lasocki_AW22.jpg\" \/>\n\t<meta property=\"og:image:width\" content=\"739\" \/>\n\t<meta property=\"og:image:height\" content=\"1000\" \/>\n\t<meta property=\"og:image:type\" content=\"image\/jpeg\" \/>\n<meta name=\"author\" content=\"Cezara Marin\" \/>\n<meta name=\"twitter:card\" content=\"summary_large_image\" \/>\n<meta name=\"twitter:label1\" content=\"Scris de\" \/>\n\t<meta name=\"twitter:data1\" content=\"Cezara Marin\" \/>\n\t<meta name=\"twitter:label2\" content=\"Timp estimat pentru citire\" \/>\n\t<meta name=\"twitter:data2\" content=\"6 minute\" \/>\n<script type=\"application\/ld+json\" class=\"yoast-schema-graph\">{\"@context\":\"https:\/\/schema.org\",\"@graph\":[{\"@type\":\"Article\",\"@id\":\"https:\/\/blog.ccc.eu\/ro\/cu-ce-se-asorteaza-culoarea-bordo-idei-tinute-de-toamna\/#article\",\"isPartOf\":{\"@id\":\"https:\/\/blog.ccc.eu\/ro\/cu-ce-se-asorteaza-culoarea-bordo-idei-tinute-de-toamna\/\"},\"author\":{\"name\":\"Cezara Marin\",\"@id\":\"https:\/\/blog.ccc.eu\/ro\/#\/schema\/person\/1459f4c13ee85ff93053f189d05193ff\"},\"headline\":\"Cu ce se asorteaz\u0103 culoarea bordo \u0219i cum o por\u021bi \u00een \u021binutele de toamn\u0103\",\"datePublished\":\"2022-11-01T10:53:00+00:00\",\"dateModified\":\"2022-11-03T10:33:51+00:00\",\"mainEntityOfPage\":{\"@id\":\"https:\/\/blog.ccc.eu\/ro\/cu-ce-se-asorteaza-culoarea-bordo-idei-tinute-de-toamna\/\"},\"wordCount\":1054,\"commentCount\":0,\"publisher\":{\"@id\":\"https:\/\/blog.ccc.eu\/ro\/#organization\"},\"image\":{\"@id\":\"https:\/\/blog.ccc.eu\/ro\/cu-ce-se-asorteaza-culoarea-bordo-idei-tinute-de-toamna\/#primaryimage\"},\"thumbnailUrl\":\"https:\/\/blog.ccc.eu\/ro\/wp-content\/uploads\/2022\/10\/untitled-4587_Lasocki_AW22.jpg\",\"articleSection\":[\"SFATURI DE MOD\u0102\"],\"inLanguage\":\"ro-RO\",\"potentialAction\":[{\"@type\":\"CommentAction\",\"name\":\"Comment\",\"target\":[\"https:\/\/blog.ccc.eu\/ro\/cu-ce-se-asorteaza-culoarea-bordo-idei-tinute-de-toamna\/#respond\"]}]},{\"@type\":\"WebPage\",\"@id\":\"https:\/\/blog.ccc.eu\/ro\/cu-ce-se-asorteaza-culoarea-bordo-idei-tinute-de-toamna\/\",\"url\":\"https:\/\/blog.ccc.eu\/ro\/cu-ce-se-asorteaza-culoarea-bordo-idei-tinute-de-toamna\/\",\"name\":\"Cu ce se asorteaz\u0103 culoarea bordo \u0219i cum o por\u021bi \u00een \u021binutele de toamn\u0103 - CCC Fashion blog\",\"isPartOf\":{\"@id\":\"https:\/\/blog.ccc.eu\/ro\/#website\"},\"primaryImageOfPage\":{\"@id\":\"https:\/\/blog.ccc.eu\/ro\/cu-ce-se-asorteaza-culoarea-bordo-idei-tinute-de-toamna\/#primaryimage\"},\"image\":{\"@id\":\"https:\/\/blog.ccc.eu\/ro\/cu-ce-se-asorteaza-culoarea-bordo-idei-tinute-de-toamna\/#primaryimage\"},\"thumbnailUrl\":\"https:\/\/blog.ccc.eu\/ro\/wp-content\/uploads\/2022\/10\/untitled-4587_Lasocki_AW22.jpg\",\"datePublished\":\"2022-11-01T10:53:00+00:00\",\"dateModified\":\"2022-11-03T10:33:51+00:00\",\"description\":\"description: Vrei s\u0103 aduci o palet\u0103 nou\u0103 de culoare \u00een garderoba ta pentru toamna aceasta? Iat\u0103 cu ce se asorteaz\u0103 culoarea bordo \u0219i cum creezi \u021binutele perfecte!\",\"breadcrumb\":{\"@id\":\"https:\/\/blog.ccc.eu\/ro\/cu-ce-se-asorteaza-culoarea-bordo-idei-tinute-de-toamna\/#breadcrumb\"},\"inLanguage\":\"ro-RO\",\"potentialAction\":[{\"@type\":\"ReadAction\",\"target\":[\"https:\/\/blog.ccc.eu\/ro\/cu-ce-se-asorteaza-culoarea-bordo-idei-tinute-de-toamna\/\"]}]},{\"@type\":\"ImageObject\",\"inLanguage\":\"ro-RO\",\"@id\":\"https:\/\/blog.ccc.eu\/ro\/cu-ce-se-asorteaza-culoarea-bordo-idei-tinute-de-toamna\/#primaryimage\",\"url\":\"https:\/\/blog.ccc.eu\/ro\/wp-content\/uploads\/2022\/10\/untitled-4587_Lasocki_AW22.jpg\",\"contentUrl\":\"https:\/\/blog.ccc.eu\/ro\/wp-content\/uploads\/2022\/10\/untitled-4587_Lasocki_AW22.jpg\",\"width\":739,\"height\":1000},{\"@type\":\"BreadcrumbList\",\"@id\":\"https:\/\/blog.ccc.eu\/ro\/cu-ce-se-asorteaza-culoarea-bordo-idei-tinute-de-toamna\/#breadcrumb\",\"itemListElement\":[{\"@type\":\"ListItem\",\"position\":1,\"name\":\"Strona g\u0142\u00f3wna\",\"item\":\"https:\/\/blog.ccc.eu\/ro\/\"},{\"@type\":\"ListItem\",\"position\":2,\"name\":\"Cu ce se asorteaz\u0103 culoarea bordo \u0219i cum o por\u021bi \u00een \u021binutele de toamn\u0103\"}]},{\"@type\":\"WebSite\",\"@id\":\"https:\/\/blog.ccc.eu\/ro\/#website\",\"url\":\"https:\/\/blog.ccc.eu\/ro\/\",\"name\":\"CCC Fashion blog\",\"description\":\"Locul t\u0103u plin de inspira\u021bii \u00een mod\u0103\",\"publisher\":{\"@id\":\"https:\/\/blog.ccc.eu\/ro\/#organization\"},\"potentialAction\":[{\"@type\":\"SearchAction\",\"target\":{\"@type\":\"EntryPoint\",\"urlTemplate\":\"https:\/\/blog.ccc.eu\/ro\/?s={search_term_string}\"},\"query-input\":{\"@type\":\"PropertyValueSpecification\",\"valueRequired\":true,\"valueName\":\"search_term_string\"}}],\"inLanguage\":\"ro-RO\"},{\"@type\":\"Organization\",\"@id\":\"https:\/\/blog.ccc.eu\/ro\/#organization\",\"name\":\"CCC S.A.\",\"url\":\"https:\/\/blog.ccc.eu\/ro\/\",\"logo\":{\"@type\":\"ImageObject\",\"inLanguage\":\"ro-RO\",\"@id\":\"https:\/\/blog.ccc.eu\/ro\/#\/schema\/logo\/image\/\",\"url\":\"https:\/\/blog.ccc.eu\/ro\/wp-content\/uploads\/2021\/11\/logo_ccc.png\",\"contentUrl\":\"https:\/\/blog.ccc.eu\/ro\/wp-content\/uploads\/2021\/11\/logo_ccc.png\",\"width\":730,\"height\":270,\"caption\":\"CCC S.A.\"},\"image\":{\"@id\":\"https:\/\/blog.ccc.eu\/ro\/#\/schema\/logo\/image\/\"}},{\"@type\":\"Person\",\"@id\":\"https:\/\/blog.ccc.eu\/ro\/#\/schema\/person\/1459f4c13ee85ff93053f189d05193ff\",\"name\":\"Cezara Marin\",\"image\":{\"@type\":\"ImageObject\",\"inLanguage\":\"ro-RO\",\"@id\":\"https:\/\/blog.ccc.eu\/ro\/#\/schema\/person\/image\/\",\"url\":\"https:\/\/blog.ccc.eu\/ro\/wp-content\/uploads\/2022\/01\/Cezara-Marin-100x100.jpeg\",\"contentUrl\":\"https:\/\/blog.ccc.eu\/ro\/wp-content\/uploads\/2022\/01\/Cezara-Marin-100x100.jpeg\",\"caption\":\"Cezara Marin\"},\"url\":\"https:\/\/blog.ccc.eu\/ro\/author\/cezara-marin\/\"}]}<\/script>\n<!-- \/ Yoast SEO plugin. -->","yoast_head_json":{"title":"Cu ce se asorteaz\u0103 culoarea bordo \u0219i cum o por\u021bi \u00een \u021binutele de toamn\u0103 - CCC Fashion blog","description":"description: Vrei s\u0103 aduci o palet\u0103 nou\u0103 de culoare \u00een garderoba ta pentru toamna aceasta? Iat\u0103 cu ce se asorteaz\u0103 culoarea bordo \u0219i cum creezi \u021binutele perfecte! 2026","robots":{"index":"index","follow":"follow","max-snippet":"max-snippet:-1","max-image-preview":"max-image-preview:large","max-video-preview":"max-video-preview:-1"},"canonical":"https:\/\/blog.ccc.eu\/ro\/cu-ce-se-asorteaza-culoarea-bordo-idei-tinute-de-toamna\/","og_locale":"ro_RO","og_type":"article","og_title":"Cu ce se asorteaz\u0103 culoarea bordo \u0219i cum o por\u021bi \u00een \u021binutele de toamn\u0103 - CCC Fashion blog","og_description":"description: Vrei s\u0103 aduci o palet\u0103 nou\u0103 de culoare \u00een garderoba ta pentru toamna aceasta? Iat\u0103 cu ce se asorteaz\u0103 culoarea bordo \u0219i cum creezi \u021binutele perfecte!","og_url":"https:\/\/blog.ccc.eu\/ro\/cu-ce-se-asorteaza-culoarea-bordo-idei-tinute-de-toamna\/","og_site_name":"CCC Fashion blog","article_published_time":"2022-11-01T10:53:00+00:00","article_modified_time":"2022-11-03T10:33:51+00:00","og_image":[{"width":739,"height":1000,"url":"https:\/\/blog.ccc.eu\/ro\/wp-content\/uploads\/2022\/10\/untitled-4587_Lasocki_AW22.jpg","type":"image\/jpeg"}],"author":"Cezara Marin","twitter_card":"summary_large_image","twitter_misc":{"Scris de":"Cezara Marin","Timp estimat pentru citire":"6 minute"},"schema":{"@context":"https:\/\/schema.org","@graph":[{"@type":"Article","@id":"https:\/\/blog.ccc.eu\/ro\/cu-ce-se-asorteaza-culoarea-bordo-idei-tinute-de-toamna\/#article","isPartOf":{"@id":"https:\/\/blog.ccc.eu\/ro\/cu-ce-se-asorteaza-culoarea-bordo-idei-tinute-de-toamna\/"},"author":{"name":"Cezara Marin","@id":"https:\/\/blog.ccc.eu\/ro\/#\/schema\/person\/1459f4c13ee85ff93053f189d05193ff"},"headline":"Cu ce se asorteaz\u0103 culoarea bordo \u0219i cum o por\u021bi \u00een \u021binutele de toamn\u0103","datePublished":"2022-11-01T10:53:00+00:00","dateModified":"2022-11-03T10:33:51+00:00","mainEntityOfPage":{"@id":"https:\/\/blog.ccc.eu\/ro\/cu-ce-se-asorteaza-culoarea-bordo-idei-tinute-de-toamna\/"},"wordCount":1054,"commentCount":0,"publisher":{"@id":"https:\/\/blog.ccc.eu\/ro\/#organization"},"image":{"@id":"https:\/\/blog.ccc.eu\/ro\/cu-ce-se-asorteaza-culoarea-bordo-idei-tinute-de-toamna\/#primaryimage"},"thumbnailUrl":"https:\/\/blog.ccc.eu\/ro\/wp-content\/uploads\/2022\/10\/untitled-4587_Lasocki_AW22.jpg","articleSection":["SFATURI DE MOD\u0102"],"inLanguage":"ro-RO","potentialAction":[{"@type":"CommentAction","name":"Comment","target":["https:\/\/blog.ccc.eu\/ro\/cu-ce-se-asorteaza-culoarea-bordo-idei-tinute-de-toamna\/#respond"]}]},{"@type":"WebPage","@id":"https:\/\/blog.ccc.eu\/ro\/cu-ce-se-asorteaza-culoarea-bordo-idei-tinute-de-toamna\/","url":"https:\/\/blog.ccc.eu\/ro\/cu-ce-se-asorteaza-culoarea-bordo-idei-tinute-de-toamna\/","name":"Cu ce se asorteaz\u0103 culoarea bordo \u0219i cum o por\u021bi \u00een \u021binutele de toamn\u0103 - CCC Fashion blog","isPartOf":{"@id":"https:\/\/blog.ccc.eu\/ro\/#website"},"primaryImageOfPage":{"@id":"https:\/\/blog.ccc.eu\/ro\/cu-ce-se-asorteaza-culoarea-bordo-idei-tinute-de-toamna\/#primaryimage"},"image":{"@id":"https:\/\/blog.ccc.eu\/ro\/cu-ce-se-asorteaza-culoarea-bordo-idei-tinute-de-toamna\/#primaryimage"},"thumbnailUrl":"https:\/\/blog.ccc.eu\/ro\/wp-content\/uploads\/2022\/10\/untitled-4587_Lasocki_AW22.jpg","datePublished":"2022-11-01T10:53:00+00:00","dateModified":"2022-11-03T10:33:51+00:00","description":"description: Vrei s\u0103 aduci o palet\u0103 nou\u0103 de culoare \u00een garderoba ta pentru toamna aceasta? Iat\u0103 cu ce se asorteaz\u0103 culoarea bordo \u0219i cum creezi \u021binutele perfecte!","breadcrumb":{"@id":"https:\/\/blog.ccc.eu\/ro\/cu-ce-se-asorteaza-culoarea-bordo-idei-tinute-de-toamna\/#breadcrumb"},"inLanguage":"ro-RO","potentialAction":[{"@type":"ReadAction","target":["https:\/\/blog.ccc.eu\/ro\/cu-ce-se-asorteaza-culoarea-bordo-idei-tinute-de-toamna\/"]}]},{"@type":"ImageObject","inLanguage":"ro-RO","@id":"https:\/\/blog.ccc.eu\/ro\/cu-ce-se-asorteaza-culoarea-bordo-idei-tinute-de-toamna\/#primaryimage","url":"https:\/\/blog.ccc.eu\/ro\/wp-content\/uploads\/2022\/10\/untitled-4587_Lasocki_AW22.jpg","contentUrl":"https:\/\/blog.ccc.eu\/ro\/wp-content\/uploads\/2022\/10\/untitled-4587_Lasocki_AW22.jpg","width":739,"height":1000},{"@type":"BreadcrumbList","@id":"https:\/\/blog.ccc.eu\/ro\/cu-ce-se-asorteaza-culoarea-bordo-idei-tinute-de-toamna\/#breadcrumb","itemListElement":[{"@type":"ListItem","position":1,"name":"Strona g\u0142\u00f3wna","item":"https:\/\/blog.ccc.eu\/ro\/"},{"@type":"ListItem","position":2,"name":"Cu ce se asorteaz\u0103 culoarea bordo \u0219i cum o por\u021bi \u00een \u021binutele de toamn\u0103"}]},{"@type":"WebSite","@id":"https:\/\/blog.ccc.eu\/ro\/#website","url":"https:\/\/blog.ccc.eu\/ro\/","name":"CCC Fashion blog","description":"Locul t\u0103u plin de inspira\u021bii \u00een mod\u0103","publisher":{"@id":"https:\/\/blog.ccc.eu\/ro\/#organization"},"potentialAction":[{"@type":"SearchAction","target":{"@type":"EntryPoint","urlTemplate":"https:\/\/blog.ccc.eu\/ro\/?s={search_term_string}"},"query-input":{"@type":"PropertyValueSpecification","valueRequired":true,"valueName":"search_term_string"}}],"inLanguage":"ro-RO"},{"@type":"Organization","@id":"https:\/\/blog.ccc.eu\/ro\/#organization","name":"CCC S.A.","url":"https:\/\/blog.ccc.eu\/ro\/","logo":{"@type":"ImageObject","inLanguage":"ro-RO","@id":"https:\/\/blog.ccc.eu\/ro\/#\/schema\/logo\/image\/","url":"https:\/\/blog.ccc.eu\/ro\/wp-content\/uploads\/2021\/11\/logo_ccc.png","contentUrl":"https:\/\/blog.ccc.eu\/ro\/wp-content\/uploads\/2021\/11\/logo_ccc.png","width":730,"height":270,"caption":"CCC S.A."},"image":{"@id":"https:\/\/blog.ccc.eu\/ro\/#\/schema\/logo\/image\/"}},{"@type":"Person","@id":"https:\/\/blog.ccc.eu\/ro\/#\/schema\/person\/1459f4c13ee85ff93053f189d05193ff","name":"Cezara Marin","image":{"@type":"ImageObject","inLanguage":"ro-RO","@id":"https:\/\/blog.ccc.eu\/ro\/#\/schema\/person\/image\/","url":"https:\/\/blog.ccc.eu\/ro\/wp-content\/uploads\/2022\/01\/Cezara-Marin-100x100.jpeg","contentUrl":"https:\/\/blog.ccc.eu\/ro\/wp-content\/uploads\/2022\/01\/Cezara-Marin-100x100.jpeg","caption":"Cezara Marin"},"url":"https:\/\/blog.ccc.eu\/ro\/author\/cezara-marin\/"}]}},"_links":{"self":[{"href":"https:\/\/blog.ccc.eu\/ro\/wp-json\/wp\/v2\/posts\/5687","targetHints":{"allow":["GET"]}}],"collection":[{"href":"https:\/\/blog.ccc.eu\/ro\/wp-json\/wp\/v2\/posts"}],"about":[{"href":"https:\/\/blog.ccc.eu\/ro\/wp-json\/wp\/v2\/types\/post"}],"author":[{"embeddable":true,"href":"https:\/\/blog.ccc.eu\/ro\/wp-json\/wp\/v2\/users\/12"}],"replies":[{"embeddable":true,"href":"https:\/\/blog.ccc.eu\/ro\/wp-json\/wp\/v2\/comments?post=5687"}],"version-history":[{"count":1,"href":"https:\/\/blog.ccc.eu\/ro\/wp-json\/wp\/v2\/posts\/5687\/revisions"}],"predecessor-version":[{"id":5690,"href":"https:\/\/blog.ccc.eu\/ro\/wp-json\/wp\/v2\/posts\/5687\/revisions\/5690"}],"wp:featuredmedia":[{"embeddable":true,"href":"https:\/\/blog.ccc.eu\/ro\/wp-json\/wp\/v2\/media\/5689"}],"wp:attachment":[{"href":"https:\/\/blog.ccc.eu\/ro\/wp-json\/wp\/v2\/media?parent=5687"}],"wp:term":[{"taxonomy":"category","embeddable":true,"href":"https:\/\/blog.ccc.eu\/ro\/wp-json\/wp\/v2\/categories?post=5687"},{"taxonomy":"post_tag","embeddable":true,"href":"https:\/\/blog.ccc.eu\/ro\/wp-json\/wp\/v2\/tags?post=5687"}],"curies":[{"name":"wp","href":"https:\/\/api.w.org\/{rel}","templated":true}]}}