{"id":5709,"date":"2022-10-20T15:36:12","date_gmt":"2022-10-20T13:36:12","guid":{"rendered":"https:\/\/blog.ccc.eu\/ro\/?p=5709"},"modified":"2022-10-20T15:36:13","modified_gmt":"2022-10-20T13:36:13","slug":"ce-poti-purta-peste-o-rochie-toamna","status":"publish","type":"post","link":"https:\/\/blog.ccc.eu\/ro\/ce-poti-purta-peste-o-rochie-toamna\/","title":{"rendered":"Ce po\u021bi purta peste o rochie \u00een serile r\u0103coroase de toamn\u0103"},"content":{"rendered":"\n<p><b>Elegan\u021ba nu \u021bine cont de vremea de afar\u0103, a\u0219a c\u0103 te po\u021bi bucura \u00een continuare de articolele tale vestimentare favorite atunci c\u00e2nd le \u00eembini corespunz\u0103tor \u00eentr-o \u021binut\u0103! \u00cen acest articol \u00ee\u021bi vom oferi c\u00e2teva sugestii \u00een ceea ce prive\u0219te gecile, trenciurile sau jachetele pe care le po\u021bi purta peste o rochie \u00een timpul sezonului rece, c\u00e2t \u0219i accesoriile care se potrivesc \u00een func\u021bie de context.<\/b><\/p>\n\n\n\n<figure class=\"wp-block-gallery has-nested-images columns-default is-cropped wp-block-gallery-1 is-layout-flex wp-block-gallery-is-layout-flex\">\n<figure class=\"wp-block-image size-large\"><img loading=\"lazy\" decoding=\"async\" width=\"768\" height=\"1024\" data-id=\"5710\" src=\"https:\/\/blog.ccc.eu\/ro\/wp-content\/uploads\/2022\/10\/0808_gino_rossi_AW22_3x4_dpi120-Copy-768x1024.jpg\" alt=\"\" class=\"wp-image-5710\" srcset=\"https:\/\/blog.ccc.eu\/ro\/wp-content\/uploads\/2022\/10\/0808_gino_rossi_AW22_3x4_dpi120-Copy-768x1024.jpg 768w, https:\/\/blog.ccc.eu\/ro\/wp-content\/uploads\/2022\/10\/0808_gino_rossi_AW22_3x4_dpi120-Copy-225x300.jpg 225w, https:\/\/blog.ccc.eu\/ro\/wp-content\/uploads\/2022\/10\/0808_gino_rossi_AW22_3x4_dpi120-Copy-1152x1536.jpg 1152w, https:\/\/blog.ccc.eu\/ro\/wp-content\/uploads\/2022\/10\/0808_gino_rossi_AW22_3x4_dpi120-Copy-100x133.jpg 100w, https:\/\/blog.ccc.eu\/ro\/wp-content\/uploads\/2022\/10\/0808_gino_rossi_AW22_3x4_dpi120-Copy.jpg 1400w\" sizes=\"auto, (max-width: 768px) 100vw, 768px\" \/><\/figure>\n\n\n\n<figure class=\"wp-block-image size-large\"><img loading=\"lazy\" decoding=\"async\" width=\"768\" height=\"1024\" data-id=\"5711\" src=\"https:\/\/blog.ccc.eu\/ro\/wp-content\/uploads\/2022\/10\/0911_gino_rossi_AW22_3x4_dpi120-Copy-768x1024.jpg\" alt=\"\" class=\"wp-image-5711\" srcset=\"https:\/\/blog.ccc.eu\/ro\/wp-content\/uploads\/2022\/10\/0911_gino_rossi_AW22_3x4_dpi120-Copy-768x1024.jpg 768w, https:\/\/blog.ccc.eu\/ro\/wp-content\/uploads\/2022\/10\/0911_gino_rossi_AW22_3x4_dpi120-Copy-225x300.jpg 225w, https:\/\/blog.ccc.eu\/ro\/wp-content\/uploads\/2022\/10\/0911_gino_rossi_AW22_3x4_dpi120-Copy-1152x1536.jpg 1152w, https:\/\/blog.ccc.eu\/ro\/wp-content\/uploads\/2022\/10\/0911_gino_rossi_AW22_3x4_dpi120-Copy-100x133.jpg 100w, https:\/\/blog.ccc.eu\/ro\/wp-content\/uploads\/2022\/10\/0911_gino_rossi_AW22_3x4_dpi120-Copy.jpg 1400w\" sizes=\"auto, (max-width: 768px) 100vw, 768px\" \/><\/figure>\n<\/figure>\n\n\n\n<h2 class=\"wp-block-heading\">Ce po\u021bi purta peste o rochie seara?<\/h2>\n\n\n\n<p>Pentru a-\u021bi putea oferi idei de \u021binute potrivite <a href=\"https:\/\/blog.ccc.eu\/ro\/ce-culori-se-poarta-in-sezonul-toamna-iarna-2022\/\">sezonului toamn\u0103-iarn\u0103<\/a>, \u00ee\u021bi vom expune mai \u00eent\u00e2i c\u00e2teva op\u021biuni \u00een ceea ce prive\u0219te alegerea articolelor vestimentare potrivite pentru o rochie. \u00cen func\u021bie de modelul acesteia, casual, sport sau elegant\u0103, iat\u0103 care sunt propunerile noastre pentru tine:<\/p>\n\n\n\n\n\n\n\n<p><\/p>\n\n\n\n<h3 class=\"wp-block-heading\"><a><\/a>\u25cf&nbsp;&nbsp;&nbsp;&nbsp; Un trenci<\/h3>\n\n\n\n<p><a href=\"https:\/\/ccc.eu\/ro\/haine\/femei\/trenci\">Trenciurile<\/a> lungi sunt ideale pentru a fi purtate cu rochii scurte sau midi deoarece \u00ee\u021bi vor \u021bine de cald \u0219i vor oferi un nivel \u00eenalt de confort termic \u00een acela\u0219i timp. Atunci c\u00e2nd por\u021bi o rochie colorat\u0103, cea mai bun\u0103 op\u021biune este s\u0103 alegi un trenci \u00eentr-o nuan\u021b\u0103 neutr\u0103 sau o culoare \u00eenchis\u0103 precum negru sau bleumarin. \u00cen func\u021bie de materialul din care este fabricat trenciul, \u00eel po\u021bi purta inclusiv peste o rochie de sear\u0103 elegant\u0103.<\/p>\n\n\n\n<h3 class=\"wp-block-heading\"><a><\/a>\u25cf&nbsp;&nbsp;&nbsp;&nbsp; O vest\u0103<\/h3>\n\n\n\n<p><a href=\"https:\/\/ccc.eu\/ro\/haine\/femei\/veste\">Vestele<\/a> sunt potrivite pentru rochiile casual-sport sau cele tricotate, care pot fi purtate \u00een via\u021ba de zi cu zi. O vest\u0103 mai lung\u0103 din poliamid\u0103 \u00ee\u021bi va \u021bine de cald \u0219i \u00een zona coapselor, \u00een timp ce vestele mai scurte arat\u0103 chic \u00een combina\u021bie cu rochii \u00een stil trapez. Po\u021bi ob\u021bine o \u021binut\u0103 urban\u0103 foarte chic prin al\u0103turarea acestor dou\u0103 articole vestimentare. De asemenea, vestele realizate din material textil sunt foarte apreciate \u00een ultima perioad\u0103, \u00eens\u0103 cel mai bine se potrivesc peste rochiile tip c\u0103ma\u0219\u0103.&nbsp;<\/p>\n\n\n\n<h3 class=\"wp-block-heading\"><a><\/a>\u25cf&nbsp;&nbsp;&nbsp;&nbsp; O geac\u0103<\/h3>\n\n\n\n<p><a href=\"https:\/\/ccc.eu\/ro\/haine\/femei\/geaca\">Gecile<\/a> simple sau matlasate nu se potrivesc deloc cu o rochie lung\u0103 de sear\u0103, \u00eens\u0103 pot fi ideale pentru orice rochie casual pe care vrei s\u0103 o por\u021bi \u00een aceast\u0103 toamn\u0103. Alege modelul \u0219i culoarea gecii \u00een func\u021bie de paleta cromatic\u0103 pe care vrei s\u0103 o urmezi \u0219i cu siguran\u021b\u0103 r\u0103coarea serii nu va fi o problem\u0103 pentru tine. Gecile din denim pot fi \u0219i ele o alternativ\u0103 potrivit\u0103, \u00eens\u0103 alege un model c\u0103ptu\u0219it pe interior.<\/p>\n\n\n\n<h3 class=\"wp-block-heading\"><a><\/a>\u25cf&nbsp;&nbsp;&nbsp;&nbsp; Un pulover<\/h3>\n\n\n\n<p>Dac\u0103 temperaturile nu sunt at\u00e2t de sc\u0103zute \u00eenc\u0103, te po\u021bi baza pe un <a href=\"https:\/\/ccc.eu\/ro\/haine\/femei\/pulover\">pulover cu nasturi<\/a> s\u0103 \u00ee\u021bi ofere confortul termic de care ai nevoie pe timp de toamn\u0103. Astfel de pulovere din bumbac sunt potrivite chiar \u0219i pentru rochiile mai elegante, din satin sau alte materiale fine. Pentru a realiza o combina\u021bie \u0219i mai c\u0103lduroas\u0103, opteaz\u0103 pentru un sarafan pe sub care s\u0103 por\u021bi o bluz\u0103 pe g\u00e2t.<\/p>\n\n\n\n<h2 class=\"wp-block-heading\"><a><\/a>Idei de \u021binute cu rochii de toamn\u0103<\/h2>\n\n\n\n<h3 class=\"wp-block-heading\"><a><\/a>1.&nbsp;&nbsp; Trenci \u0219i rochie elegant\u0103<\/h3>\n\n\n\n<p>Atunci c\u00e2nd urmeaz\u0103 s\u0103 participi la o \u00eent\u00e2lnire romantic\u0103 sau la o petrecere semi-formal\u0103, \u00ee\u021bi suger\u0103m s\u0103 optezi pentru o rochie c\u00e2t mai simpl\u0103, astfel \u00eenc\u00e2t s\u0103 la\u0219i loc pentru accesorizare. De exemplu, o rochie neagr\u0103 \u00een form\u0103 de A poate fi u\u0219or eviden\u021biat\u0103 prin intermediul bijuteriilor precum cercei lungi, colier \u0219i br\u0103\u021bar\u0103.<\/p>\n\n\n\n<p>Indiferent de culoarea rochiei pe care o por\u021bi, un trenci negru \u00ee\u021bi va oferi mereu un plus de elegan\u021b\u0103. Referitor la <a href=\"https:\/\/ccc.eu\/ro\/femei\/pantofi\">\u00eenc\u0103l\u021b\u0103minte<\/a>, \u00ee\u021bi suger\u0103m o pereche de botine cu tocul sub\u021bire sau pantofi cu toc din piele natural\u0103, astfel \u00eenc\u00e2t s\u0103 te bucuri de maximul de confort.<\/p>\n\n\n\n<h3 class=\"wp-block-heading\"><a><\/a>2.&nbsp;&nbsp; Vest\u0103 \u0219i rochie casual-sport<\/h3>\n\n\n\n<p>Descoper\u0103 numeroasele <a href=\"https:\/\/blog.ccc.eu\/ro\/tendintele-in-materie-de-rochii-casual-sport-in-2022\/\">modele de rochii casual-sport de la CCC<\/a> \u0219i \u00eencearc\u0103 o astfel de \u021binut\u0103 lejer\u0103 \u0219i foarte chic. Po\u021bi al\u0103tura o rochie \u0219i o vest\u0103 \u00een dou\u0103 nuan\u021be diferite de albastru, de exemplu sau po\u021bi s\u0103 te joci cu paleta cromatic\u0103 a \u021binutei prin alegerea a dou\u0103 culori contrastante, precum galben \u0219i mov.<\/p>\n\n\n\n<p>\u00cen partea de jos, adaug\u0103 o pereche de dresuri care s\u0103 \u00ee\u021bi \u021bin\u0103 de cald \u0219i ni\u0219te ghete bine c\u0103ptu\u0219ite pe interior. O alt\u0103 op\u021biune pentru \u00eenc\u0103l\u021b\u0103ri o reprezint\u0103 sneaker\u0219ii \u00eenal\u021bi de dam\u0103, care se potrivesc perfect \u00eentr-un astfel de outfit sport. Asigur\u0103-te numai c\u0103 nuan\u021ba pantofilor se potrive\u0219te cu restul hainelor. Un accesoriu potrivit pentru a completa \u021binuta este un <a href=\"https:\/\/ccc.eu\/ro\/genti\/rucsacuri\/rucsacuri-pentru-femei\">ghiozdan de dam\u0103<\/a> de mici dimensiuni.&nbsp;<\/p>\n\n\n\n<h3 class=\"wp-block-heading\"><a><\/a>3.&nbsp;&nbsp; Geac\u0103 \u0219i rochie tricotat\u0103<\/h3>\n\n\n\n<p>Feminitatea poate fi exprimat\u0103 \u00eentr-o mie de feluri, iar combina\u021bia de rochie lung\u0103 din bumbac \u0219i o geac\u0103 scurt\u0103 este una dintre ele. Dac\u0103 vrei s\u0103 ie\u0219i din tipare, alege o rochie \u00eentr-o nuan\u021b\u0103 viu colorat\u0103, precum mov sau roz. Geaca poate fi de asemenea str\u0103lucitoare &#8211; fie gri metalizat, fie negru lucios. Aceast\u0103 \u021binut\u0103 poate fi cu u\u0219urin\u021b\u0103 \u00eendreptat\u0103 \u00eenspre stilul rock al\u0103turi de machiaj \u0219i c\u00e2teva accesorii specifice.<\/p>\n\n\n\n<p>\u00ce\u021bi recomand\u0103m o pereche de bocanci cu \u021binte sau lan\u021buri \u0219i <a href=\"https:\/\/ccc.eu\/ro\/accesorii\/femei\/bijuterii\">accesorii pentru p\u0103r<\/a> care s\u0103 completeze look-ul. Nu este gre\u0219it s\u0103 combini o rochie lung\u0103 cu o pereche de <a href=\"https:\/\/blog.ccc.eu\/ro\/sfaturi-de-stil-cizme-la-moda-in-2022\/\">cizme \u00eenalte, mulate pe picior<\/a>, pentru a oferi continuitate. Asigur\u0103-te doar c\u0103 rochia \u0219i \u00eenc\u0103l\u021b\u0103rile sunt \u00een aceea\u0219i nuan\u021b\u0103, \u00een acest caz.<\/p>\n\n\n\n\n\n\n<p><\/p>\n\n\n\n<p>Sper\u0103m c\u0103 ideile noastre te vor inspira \u00een serile r\u0103coroase de toamn\u0103. Pe site-ul nostru g\u0103se\u0219ti tot ce ai nevoie pentru cele mai trendy \u021binute!<\/p>\n","protected":false},"excerpt":{"rendered":"<p>Elegan\u021ba nu \u021bine cont de vremea de afar\u0103, a\u0219a c\u0103 te po\u021bi bucura \u00een continuare de articolele tale vestimentare favorite atunci c\u00e2nd le \u00eembini corespunz\u0103tor \u00eentr-o \u021binut\u0103! \u00cen acest articol \u00ee\u021bi vom oferi c\u00e2teva sugestii \u00een ceea ce prive\u0219te gecile, trenciurile sau jachetele pe care le po\u021bi purta peste o rochie \u00een timpul sezonului rece, [&hellip;]<\/p>\n","protected":false},"author":16,"featured_media":5711,"comment_status":"open","ping_status":"open","sticky":false,"template":"","format":"standard","meta":{"_acf_changed":false,"footnotes":""},"categories":[4],"tags":[747,1247,1232,1248,1246],"class_list":["post-5709","post","type-post","status-publish","format-standard","has-post-thumbnail","hentry","category-sfaturi-de-moda","tag-idei-de-tinute","tag-imbracaminte-femei","tag-incaltaminte-femei","tag-recomandari-haine","tag-rochii-de-dama"],"acf":[],"yoast_head":"<!-- This site is optimized with the Yoast SEO plugin v26.9 - https:\/\/yoast.com\/product\/yoast-seo-wordpress\/ -->\n<title>Ce po\u021bi purta peste o rochie \u00een serile r\u0103coroase de toamn\u0103 - CCC Fashion blog<\/title>\n<meta name=\"description\" content=\"Descopera ce poti purta peste o rochie in serile racoroase de toamna in functie de modelul acesteia si evenimentul la care participi. 2026\" \/>\n<meta name=\"robots\" content=\"index, follow, max-snippet:-1, max-image-preview:large, max-video-preview:-1\" \/>\n<link rel=\"canonical\" href=\"https:\/\/blog.ccc.eu\/ro\/ce-poti-purta-peste-o-rochie-toamna\/\" \/>\n<meta property=\"og:locale\" content=\"ro_RO\" \/>\n<meta property=\"og:type\" content=\"article\" \/>\n<meta property=\"og:title\" content=\"Ce po\u021bi purta peste o rochie \u00een serile r\u0103coroase de toamn\u0103 - CCC Fashion blog\" \/>\n<meta property=\"og:description\" content=\"Descopera ce poti purta peste o rochie in serile racoroase de toamna in functie de modelul acesteia si evenimentul la care participi.\" \/>\n<meta property=\"og:url\" content=\"https:\/\/blog.ccc.eu\/ro\/ce-poti-purta-peste-o-rochie-toamna\/\" \/>\n<meta property=\"og:site_name\" content=\"CCC Fashion blog\" \/>\n<meta property=\"article:published_time\" content=\"2022-10-20T13:36:12+00:00\" \/>\n<meta property=\"article:modified_time\" content=\"2022-10-20T13:36:13+00:00\" \/>\n<meta property=\"og:image\" content=\"https:\/\/blog.ccc.eu\/ro\/wp-content\/uploads\/2022\/10\/0911_gino_rossi_AW22_3x4_dpi120-Copy.jpg\" \/>\n\t<meta property=\"og:image:width\" content=\"1400\" \/>\n\t<meta property=\"og:image:height\" content=\"1867\" \/>\n\t<meta property=\"og:image:type\" content=\"image\/jpeg\" \/>\n<meta name=\"author\" content=\"Cristina Boncea\" \/>\n<meta name=\"twitter:card\" content=\"summary_large_image\" \/>\n<meta name=\"twitter:label1\" content=\"Scris de\" \/>\n\t<meta name=\"twitter:data1\" content=\"Cristina Boncea\" \/>\n\t<meta name=\"twitter:label2\" content=\"Timp estimat pentru citire\" \/>\n\t<meta name=\"twitter:data2\" content=\"6 minute\" \/>\n<script type=\"application\/ld+json\" class=\"yoast-schema-graph\">{\"@context\":\"https:\/\/schema.org\",\"@graph\":[{\"@type\":\"Article\",\"@id\":\"https:\/\/blog.ccc.eu\/ro\/ce-poti-purta-peste-o-rochie-toamna\/#article\",\"isPartOf\":{\"@id\":\"https:\/\/blog.ccc.eu\/ro\/ce-poti-purta-peste-o-rochie-toamna\/\"},\"author\":{\"name\":\"Cristina Boncea\",\"@id\":\"https:\/\/blog.ccc.eu\/ro\/#\/schema\/person\/9735c04e95c7b574bdea1696e22bfb4a\"},\"headline\":\"Ce po\u021bi purta peste o rochie \u00een serile r\u0103coroase de toamn\u0103\",\"datePublished\":\"2022-10-20T13:36:12+00:00\",\"dateModified\":\"2022-10-20T13:36:13+00:00\",\"mainEntityOfPage\":{\"@id\":\"https:\/\/blog.ccc.eu\/ro\/ce-poti-purta-peste-o-rochie-toamna\/\"},\"wordCount\":968,\"commentCount\":0,\"publisher\":{\"@id\":\"https:\/\/blog.ccc.eu\/ro\/#organization\"},\"image\":{\"@id\":\"https:\/\/blog.ccc.eu\/ro\/ce-poti-purta-peste-o-rochie-toamna\/#primaryimage\"},\"thumbnailUrl\":\"https:\/\/blog.ccc.eu\/ro\/wp-content\/uploads\/2022\/10\/0911_gino_rossi_AW22_3x4_dpi120-Copy.jpg\",\"keywords\":[\"idei de tinute\",\"imbracaminte femei\",\"incaltaminte femei\",\"recomandari haine\",\"rochii de dama\"],\"articleSection\":[\"SFATURI DE MOD\u0102\"],\"inLanguage\":\"ro-RO\",\"potentialAction\":[{\"@type\":\"CommentAction\",\"name\":\"Comment\",\"target\":[\"https:\/\/blog.ccc.eu\/ro\/ce-poti-purta-peste-o-rochie-toamna\/#respond\"]}]},{\"@type\":\"WebPage\",\"@id\":\"https:\/\/blog.ccc.eu\/ro\/ce-poti-purta-peste-o-rochie-toamna\/\",\"url\":\"https:\/\/blog.ccc.eu\/ro\/ce-poti-purta-peste-o-rochie-toamna\/\",\"name\":\"Ce po\u021bi purta peste o rochie \u00een serile r\u0103coroase de toamn\u0103 - CCC Fashion blog\",\"isPartOf\":{\"@id\":\"https:\/\/blog.ccc.eu\/ro\/#website\"},\"primaryImageOfPage\":{\"@id\":\"https:\/\/blog.ccc.eu\/ro\/ce-poti-purta-peste-o-rochie-toamna\/#primaryimage\"},\"image\":{\"@id\":\"https:\/\/blog.ccc.eu\/ro\/ce-poti-purta-peste-o-rochie-toamna\/#primaryimage\"},\"thumbnailUrl\":\"https:\/\/blog.ccc.eu\/ro\/wp-content\/uploads\/2022\/10\/0911_gino_rossi_AW22_3x4_dpi120-Copy.jpg\",\"datePublished\":\"2022-10-20T13:36:12+00:00\",\"dateModified\":\"2022-10-20T13:36:13+00:00\",\"description\":\"Descopera ce poti purta peste o rochie in serile racoroase de toamna in functie de modelul acesteia si evenimentul la care participi.\",\"breadcrumb\":{\"@id\":\"https:\/\/blog.ccc.eu\/ro\/ce-poti-purta-peste-o-rochie-toamna\/#breadcrumb\"},\"inLanguage\":\"ro-RO\",\"potentialAction\":[{\"@type\":\"ReadAction\",\"target\":[\"https:\/\/blog.ccc.eu\/ro\/ce-poti-purta-peste-o-rochie-toamna\/\"]}]},{\"@type\":\"ImageObject\",\"inLanguage\":\"ro-RO\",\"@id\":\"https:\/\/blog.ccc.eu\/ro\/ce-poti-purta-peste-o-rochie-toamna\/#primaryimage\",\"url\":\"https:\/\/blog.ccc.eu\/ro\/wp-content\/uploads\/2022\/10\/0911_gino_rossi_AW22_3x4_dpi120-Copy.jpg\",\"contentUrl\":\"https:\/\/blog.ccc.eu\/ro\/wp-content\/uploads\/2022\/10\/0911_gino_rossi_AW22_3x4_dpi120-Copy.jpg\",\"width\":1400,\"height\":1867},{\"@type\":\"BreadcrumbList\",\"@id\":\"https:\/\/blog.ccc.eu\/ro\/ce-poti-purta-peste-o-rochie-toamna\/#breadcrumb\",\"itemListElement\":[{\"@type\":\"ListItem\",\"position\":1,\"name\":\"Strona g\u0142\u00f3wna\",\"item\":\"https:\/\/blog.ccc.eu\/ro\/\"},{\"@type\":\"ListItem\",\"position\":2,\"name\":\"Ce po\u021bi purta peste o rochie \u00een serile r\u0103coroase de toamn\u0103\"}]},{\"@type\":\"WebSite\",\"@id\":\"https:\/\/blog.ccc.eu\/ro\/#website\",\"url\":\"https:\/\/blog.ccc.eu\/ro\/\",\"name\":\"CCC Fashion blog\",\"description\":\"Locul t\u0103u plin de inspira\u021bii \u00een mod\u0103\",\"publisher\":{\"@id\":\"https:\/\/blog.ccc.eu\/ro\/#organization\"},\"potentialAction\":[{\"@type\":\"SearchAction\",\"target\":{\"@type\":\"EntryPoint\",\"urlTemplate\":\"https:\/\/blog.ccc.eu\/ro\/?s={search_term_string}\"},\"query-input\":{\"@type\":\"PropertyValueSpecification\",\"valueRequired\":true,\"valueName\":\"search_term_string\"}}],\"inLanguage\":\"ro-RO\"},{\"@type\":\"Organization\",\"@id\":\"https:\/\/blog.ccc.eu\/ro\/#organization\",\"name\":\"CCC S.A.\",\"url\":\"https:\/\/blog.ccc.eu\/ro\/\",\"logo\":{\"@type\":\"ImageObject\",\"inLanguage\":\"ro-RO\",\"@id\":\"https:\/\/blog.ccc.eu\/ro\/#\/schema\/logo\/image\/\",\"url\":\"https:\/\/blog.ccc.eu\/ro\/wp-content\/uploads\/2021\/11\/logo_ccc.png\",\"contentUrl\":\"https:\/\/blog.ccc.eu\/ro\/wp-content\/uploads\/2021\/11\/logo_ccc.png\",\"width\":730,\"height\":270,\"caption\":\"CCC S.A.\"},\"image\":{\"@id\":\"https:\/\/blog.ccc.eu\/ro\/#\/schema\/logo\/image\/\"}},{\"@type\":\"Person\",\"@id\":\"https:\/\/blog.ccc.eu\/ro\/#\/schema\/person\/9735c04e95c7b574bdea1696e22bfb4a\",\"name\":\"Cristina Boncea\",\"image\":{\"@type\":\"ImageObject\",\"inLanguage\":\"ro-RO\",\"@id\":\"https:\/\/blog.ccc.eu\/ro\/#\/schema\/person\/image\/\",\"url\":\"https:\/\/blog.ccc.eu\/ro\/wp-content\/uploads\/2022\/01\/Cristina-Boncea-100x100.jpeg\",\"contentUrl\":\"https:\/\/blog.ccc.eu\/ro\/wp-content\/uploads\/2022\/01\/Cristina-Boncea-100x100.jpeg\",\"caption\":\"Cristina Boncea\"},\"url\":\"https:\/\/blog.ccc.eu\/ro\/author\/cristina-boncea\/\"}]}<\/script>\n<!-- \/ Yoast SEO plugin. -->","yoast_head_json":{"title":"Ce po\u021bi purta peste o rochie \u00een serile r\u0103coroase de toamn\u0103 - CCC Fashion blog","description":"Descopera ce poti purta peste o rochie in serile racoroase de toamna in functie de modelul acesteia si evenimentul la care participi. 2026","robots":{"index":"index","follow":"follow","max-snippet":"max-snippet:-1","max-image-preview":"max-image-preview:large","max-video-preview":"max-video-preview:-1"},"canonical":"https:\/\/blog.ccc.eu\/ro\/ce-poti-purta-peste-o-rochie-toamna\/","og_locale":"ro_RO","og_type":"article","og_title":"Ce po\u021bi purta peste o rochie \u00een serile r\u0103coroase de toamn\u0103 - CCC Fashion blog","og_description":"Descopera ce poti purta peste o rochie in serile racoroase de toamna in functie de modelul acesteia si evenimentul la care participi.","og_url":"https:\/\/blog.ccc.eu\/ro\/ce-poti-purta-peste-o-rochie-toamna\/","og_site_name":"CCC Fashion blog","article_published_time":"2022-10-20T13:36:12+00:00","article_modified_time":"2022-10-20T13:36:13+00:00","og_image":[{"width":1400,"height":1867,"url":"https:\/\/blog.ccc.eu\/ro\/wp-content\/uploads\/2022\/10\/0911_gino_rossi_AW22_3x4_dpi120-Copy.jpg","type":"image\/jpeg"}],"author":"Cristina Boncea","twitter_card":"summary_large_image","twitter_misc":{"Scris de":"Cristina Boncea","Timp estimat pentru citire":"6 minute"},"schema":{"@context":"https:\/\/schema.org","@graph":[{"@type":"Article","@id":"https:\/\/blog.ccc.eu\/ro\/ce-poti-purta-peste-o-rochie-toamna\/#article","isPartOf":{"@id":"https:\/\/blog.ccc.eu\/ro\/ce-poti-purta-peste-o-rochie-toamna\/"},"author":{"name":"Cristina Boncea","@id":"https:\/\/blog.ccc.eu\/ro\/#\/schema\/person\/9735c04e95c7b574bdea1696e22bfb4a"},"headline":"Ce po\u021bi purta peste o rochie \u00een serile r\u0103coroase de toamn\u0103","datePublished":"2022-10-20T13:36:12+00:00","dateModified":"2022-10-20T13:36:13+00:00","mainEntityOfPage":{"@id":"https:\/\/blog.ccc.eu\/ro\/ce-poti-purta-peste-o-rochie-toamna\/"},"wordCount":968,"commentCount":0,"publisher":{"@id":"https:\/\/blog.ccc.eu\/ro\/#organization"},"image":{"@id":"https:\/\/blog.ccc.eu\/ro\/ce-poti-purta-peste-o-rochie-toamna\/#primaryimage"},"thumbnailUrl":"https:\/\/blog.ccc.eu\/ro\/wp-content\/uploads\/2022\/10\/0911_gino_rossi_AW22_3x4_dpi120-Copy.jpg","keywords":["idei de tinute","imbracaminte femei","incaltaminte femei","recomandari haine","rochii de dama"],"articleSection":["SFATURI DE MOD\u0102"],"inLanguage":"ro-RO","potentialAction":[{"@type":"CommentAction","name":"Comment","target":["https:\/\/blog.ccc.eu\/ro\/ce-poti-purta-peste-o-rochie-toamna\/#respond"]}]},{"@type":"WebPage","@id":"https:\/\/blog.ccc.eu\/ro\/ce-poti-purta-peste-o-rochie-toamna\/","url":"https:\/\/blog.ccc.eu\/ro\/ce-poti-purta-peste-o-rochie-toamna\/","name":"Ce po\u021bi purta peste o rochie \u00een serile r\u0103coroase de toamn\u0103 - CCC Fashion blog","isPartOf":{"@id":"https:\/\/blog.ccc.eu\/ro\/#website"},"primaryImageOfPage":{"@id":"https:\/\/blog.ccc.eu\/ro\/ce-poti-purta-peste-o-rochie-toamna\/#primaryimage"},"image":{"@id":"https:\/\/blog.ccc.eu\/ro\/ce-poti-purta-peste-o-rochie-toamna\/#primaryimage"},"thumbnailUrl":"https:\/\/blog.ccc.eu\/ro\/wp-content\/uploads\/2022\/10\/0911_gino_rossi_AW22_3x4_dpi120-Copy.jpg","datePublished":"2022-10-20T13:36:12+00:00","dateModified":"2022-10-20T13:36:13+00:00","description":"Descopera ce poti purta peste o rochie in serile racoroase de toamna in functie de modelul acesteia si evenimentul la care participi.","breadcrumb":{"@id":"https:\/\/blog.ccc.eu\/ro\/ce-poti-purta-peste-o-rochie-toamna\/#breadcrumb"},"inLanguage":"ro-RO","potentialAction":[{"@type":"ReadAction","target":["https:\/\/blog.ccc.eu\/ro\/ce-poti-purta-peste-o-rochie-toamna\/"]}]},{"@type":"ImageObject","inLanguage":"ro-RO","@id":"https:\/\/blog.ccc.eu\/ro\/ce-poti-purta-peste-o-rochie-toamna\/#primaryimage","url":"https:\/\/blog.ccc.eu\/ro\/wp-content\/uploads\/2022\/10\/0911_gino_rossi_AW22_3x4_dpi120-Copy.jpg","contentUrl":"https:\/\/blog.ccc.eu\/ro\/wp-content\/uploads\/2022\/10\/0911_gino_rossi_AW22_3x4_dpi120-Copy.jpg","width":1400,"height":1867},{"@type":"BreadcrumbList","@id":"https:\/\/blog.ccc.eu\/ro\/ce-poti-purta-peste-o-rochie-toamna\/#breadcrumb","itemListElement":[{"@type":"ListItem","position":1,"name":"Strona g\u0142\u00f3wna","item":"https:\/\/blog.ccc.eu\/ro\/"},{"@type":"ListItem","position":2,"name":"Ce po\u021bi purta peste o rochie \u00een serile r\u0103coroase de toamn\u0103"}]},{"@type":"WebSite","@id":"https:\/\/blog.ccc.eu\/ro\/#website","url":"https:\/\/blog.ccc.eu\/ro\/","name":"CCC Fashion blog","description":"Locul t\u0103u plin de inspira\u021bii \u00een mod\u0103","publisher":{"@id":"https:\/\/blog.ccc.eu\/ro\/#organization"},"potentialAction":[{"@type":"SearchAction","target":{"@type":"EntryPoint","urlTemplate":"https:\/\/blog.ccc.eu\/ro\/?s={search_term_string}"},"query-input":{"@type":"PropertyValueSpecification","valueRequired":true,"valueName":"search_term_string"}}],"inLanguage":"ro-RO"},{"@type":"Organization","@id":"https:\/\/blog.ccc.eu\/ro\/#organization","name":"CCC S.A.","url":"https:\/\/blog.ccc.eu\/ro\/","logo":{"@type":"ImageObject","inLanguage":"ro-RO","@id":"https:\/\/blog.ccc.eu\/ro\/#\/schema\/logo\/image\/","url":"https:\/\/blog.ccc.eu\/ro\/wp-content\/uploads\/2021\/11\/logo_ccc.png","contentUrl":"https:\/\/blog.ccc.eu\/ro\/wp-content\/uploads\/2021\/11\/logo_ccc.png","width":730,"height":270,"caption":"CCC S.A."},"image":{"@id":"https:\/\/blog.ccc.eu\/ro\/#\/schema\/logo\/image\/"}},{"@type":"Person","@id":"https:\/\/blog.ccc.eu\/ro\/#\/schema\/person\/9735c04e95c7b574bdea1696e22bfb4a","name":"Cristina Boncea","image":{"@type":"ImageObject","inLanguage":"ro-RO","@id":"https:\/\/blog.ccc.eu\/ro\/#\/schema\/person\/image\/","url":"https:\/\/blog.ccc.eu\/ro\/wp-content\/uploads\/2022\/01\/Cristina-Boncea-100x100.jpeg","contentUrl":"https:\/\/blog.ccc.eu\/ro\/wp-content\/uploads\/2022\/01\/Cristina-Boncea-100x100.jpeg","caption":"Cristina Boncea"},"url":"https:\/\/blog.ccc.eu\/ro\/author\/cristina-boncea\/"}]}},"_links":{"self":[{"href":"https:\/\/blog.ccc.eu\/ro\/wp-json\/wp\/v2\/posts\/5709","targetHints":{"allow":["GET"]}}],"collection":[{"href":"https:\/\/blog.ccc.eu\/ro\/wp-json\/wp\/v2\/posts"}],"about":[{"href":"https:\/\/blog.ccc.eu\/ro\/wp-json\/wp\/v2\/types\/post"}],"author":[{"embeddable":true,"href":"https:\/\/blog.ccc.eu\/ro\/wp-json\/wp\/v2\/users\/16"}],"replies":[{"embeddable":true,"href":"https:\/\/blog.ccc.eu\/ro\/wp-json\/wp\/v2\/comments?post=5709"}],"version-history":[{"count":1,"href":"https:\/\/blog.ccc.eu\/ro\/wp-json\/wp\/v2\/posts\/5709\/revisions"}],"predecessor-version":[{"id":5712,"href":"https:\/\/blog.ccc.eu\/ro\/wp-json\/wp\/v2\/posts\/5709\/revisions\/5712"}],"wp:featuredmedia":[{"embeddable":true,"href":"https:\/\/blog.ccc.eu\/ro\/wp-json\/wp\/v2\/media\/5711"}],"wp:attachment":[{"href":"https:\/\/blog.ccc.eu\/ro\/wp-json\/wp\/v2\/media?parent=5709"}],"wp:term":[{"taxonomy":"category","embeddable":true,"href":"https:\/\/blog.ccc.eu\/ro\/wp-json\/wp\/v2\/categories?post=5709"},{"taxonomy":"post_tag","embeddable":true,"href":"https:\/\/blog.ccc.eu\/ro\/wp-json\/wp\/v2\/tags?post=5709"}],"curies":[{"name":"wp","href":"https:\/\/api.w.org\/{rel}","templated":true}]}}