{"id":6002,"date":"2023-01-17T13:07:47","date_gmt":"2023-01-17T12:07:47","guid":{"rendered":"https:\/\/blog.ccc.eu\/ro\/?p=6002"},"modified":"2023-01-17T13:08:59","modified_gmt":"2023-01-17T12:08:59","slug":"cum-sa-te-imbraci-la-moda-in-2023","status":"publish","type":"post","link":"https:\/\/blog.ccc.eu\/ro\/cum-sa-te-imbraci-la-moda-in-2023\/","title":{"rendered":"Cum s\u0103 te \u00eembraci la mod\u0103 \u00een 2023: \u021binute pentru femei sofisticate"},"content":{"rendered":"\n<p><b>Dac\u0103 \u00ee\u021bi place s\u0103 r\u0103m\u00e2i \u00een pas cu moda, cu siguran\u021b\u0103 nu vei fi foarte surprins\u0103 de tendin\u021bele anului 2023. \u00cen aceast\u0103 perioad\u0103, rochiile mini, denimul \u0219i articolele vestimentare cu franjuri, dar \u0219i stilul numit \u201c<em>mermaidcore<\/em>\u201d vor ie\u0219i \u00een eviden\u021b\u0103 pretutindeni, oferind numeroase op\u021biuni de asortare. Descoper\u0103 din articolul nostru c\u00e2teva idei de \u021binute pentru femei sofisticate!<\/b><\/p>\n\n\n\n<figure class=\"wp-block-gallery has-nested-images columns-default is-cropped wp-block-gallery-1 is-layout-flex wp-block-gallery-is-layout-flex\">\n<figure class=\"wp-block-image size-large\"><img loading=\"lazy\" decoding=\"async\" width=\"1024\" height=\"559\" data-id=\"6003\" src=\"https:\/\/blog.ccc.eu\/ro\/wp-content\/uploads\/2023\/01\/Jenny-Fairy-LB-AW22_Shot-12_2216_ext-Copy-1024x559.jpg\" alt=\"\" class=\"wp-image-6003\" srcset=\"https:\/\/blog.ccc.eu\/ro\/wp-content\/uploads\/2023\/01\/Jenny-Fairy-LB-AW22_Shot-12_2216_ext-Copy-1024x559.jpg 1024w, https:\/\/blog.ccc.eu\/ro\/wp-content\/uploads\/2023\/01\/Jenny-Fairy-LB-AW22_Shot-12_2216_ext-Copy-300x164.jpg 300w, https:\/\/blog.ccc.eu\/ro\/wp-content\/uploads\/2023\/01\/Jenny-Fairy-LB-AW22_Shot-12_2216_ext-Copy-768x419.jpg 768w, https:\/\/blog.ccc.eu\/ro\/wp-content\/uploads\/2023\/01\/Jenny-Fairy-LB-AW22_Shot-12_2216_ext-Copy-100x55.jpg 100w, https:\/\/blog.ccc.eu\/ro\/wp-content\/uploads\/2023\/01\/Jenny-Fairy-LB-AW22_Shot-12_2216_ext-Copy.jpg 1200w\" sizes=\"auto, (max-width: 1024px) 100vw, 1024px\" \/><\/figure>\n<\/figure>\n\n\n\n<h2 class=\"wp-block-heading\">Ce haine, accesorii \u0219i pantofi sunt la mod\u0103 \u00een 2023<\/h2>\n\n\n\n\n\n\n\n<p><\/p>\n\n\n\n<h3 class=\"wp-block-heading\"><a><\/a>Haine<\/h3>\n\n\n\n<p>\u00cen ceea ce prive\u0219te articolele vestimentare, anul 2023 nu se las\u0103 mai prejos dec\u00e2t anteriorul. Explozia de culori continu\u0103 \u0219i \u00een sezoanele urm\u0103toare sub forma rochiilor decupate fie \u00een fa\u021b\u0103, fie la spate, a combina\u021biilor \u00een stil grunge care amintesc de perioada anilor \u201890 \u0219i a costumelor cu fitting b\u0103rb\u0103tesc.<\/p>\n\n\n\n<p>Femeile pot r\u0103m\u00e2ne sofisticate \u0219i pline de stil prin includerea culorii anului curent &#8211; Viva Magenta &#8211; \u00een \u021binutele de orice tip, de la casual la office. Nu \u00een ultimul r\u00e2nd, \u00een 2023 ne juc\u0103m foarte mult cu texturile \u0219i reintroducem topurile cu pene \u0219i bluzele sau rochiile cu paiete \u00een garderob\u0103. Totodat\u0103, \u021binutele care amintesc de <a href=\"https:\/\/blog.ccc.eu\/ro\/moda-anilor-2000-despre-platforme-si-alte-tipuri-de-pantofi\/\">moda anilor 2000<\/a> sunt \u00een continuare pe val!<\/p>\n\n\n\n<figure class=\"wp-block-gallery has-nested-images columns-default is-cropped wp-block-gallery-2 is-layout-flex wp-block-gallery-is-layout-flex\">\n<figure class=\"wp-block-image size-large\"><img loading=\"lazy\" decoding=\"async\" width=\"683\" height=\"1024\" data-id=\"6005\" src=\"https:\/\/blog.ccc.eu\/ro\/wp-content\/uploads\/2023\/01\/Jenny-Fairy-LB-AW22_Shot-2_441-Copy-683x1024.jpg\" alt=\"\" class=\"wp-image-6005\" srcset=\"https:\/\/blog.ccc.eu\/ro\/wp-content\/uploads\/2023\/01\/Jenny-Fairy-LB-AW22_Shot-2_441-Copy-683x1024.jpg 683w, https:\/\/blog.ccc.eu\/ro\/wp-content\/uploads\/2023\/01\/Jenny-Fairy-LB-AW22_Shot-2_441-Copy-200x300.jpg 200w, https:\/\/blog.ccc.eu\/ro\/wp-content\/uploads\/2023\/01\/Jenny-Fairy-LB-AW22_Shot-2_441-Copy-768x1152.jpg 768w, https:\/\/blog.ccc.eu\/ro\/wp-content\/uploads\/2023\/01\/Jenny-Fairy-LB-AW22_Shot-2_441-Copy-1024x1536.jpg 1024w, https:\/\/blog.ccc.eu\/ro\/wp-content\/uploads\/2023\/01\/Jenny-Fairy-LB-AW22_Shot-2_441-Copy-100x150.jpg 100w, https:\/\/blog.ccc.eu\/ro\/wp-content\/uploads\/2023\/01\/Jenny-Fairy-LB-AW22_Shot-2_441-Copy.jpg 1200w\" sizes=\"auto, (max-width: 683px) 100vw, 683px\" \/><\/figure>\n\n\n\n<figure class=\"wp-block-image size-large\"><img loading=\"lazy\" decoding=\"async\" width=\"683\" height=\"1024\" data-id=\"6004\" src=\"https:\/\/blog.ccc.eu\/ro\/wp-content\/uploads\/2023\/01\/Jenny-Fairy-LB-AW22_Shot-2_457-Copy-683x1024.jpg\" alt=\"\" class=\"wp-image-6004\" srcset=\"https:\/\/blog.ccc.eu\/ro\/wp-content\/uploads\/2023\/01\/Jenny-Fairy-LB-AW22_Shot-2_457-Copy-683x1024.jpg 683w, https:\/\/blog.ccc.eu\/ro\/wp-content\/uploads\/2023\/01\/Jenny-Fairy-LB-AW22_Shot-2_457-Copy-200x300.jpg 200w, https:\/\/blog.ccc.eu\/ro\/wp-content\/uploads\/2023\/01\/Jenny-Fairy-LB-AW22_Shot-2_457-Copy-768x1152.jpg 768w, https:\/\/blog.ccc.eu\/ro\/wp-content\/uploads\/2023\/01\/Jenny-Fairy-LB-AW22_Shot-2_457-Copy-1024x1536.jpg 1024w, https:\/\/blog.ccc.eu\/ro\/wp-content\/uploads\/2023\/01\/Jenny-Fairy-LB-AW22_Shot-2_457-Copy-100x150.jpg 100w, https:\/\/blog.ccc.eu\/ro\/wp-content\/uploads\/2023\/01\/Jenny-Fairy-LB-AW22_Shot-2_457-Copy.jpg 1200w\" sizes=\"auto, (max-width: 683px) 100vw, 683px\" \/><\/figure>\n<\/figure>\n\n\n\n<h3 class=\"wp-block-heading\"><a><\/a>Accesorii<\/h3>\n\n\n\n<p><a href=\"https:\/\/ccc.eu\/ro\/genti\/genti-pentru-femei\/genti-mari\">Gen\u021bile oversized<\/a>, realizate din materiale vegane sunt \u00een vog\u0103 anul acesta, fie c\u0103 vorbim despre varianta cu m\u00e2nere sau modelul tip sac, de purtat pe um\u0103r. Orice accesoriu \u00een nuan\u021ba argintie este binevenit \u00eentr-o \u021binut\u0103 modern\u0103 \u0219i stilat\u0103, potrivit\u0103 femeilor cu atitudine: cercei, lan\u021buri sau chiar bro\u0219e. De asemenea, p\u0103l\u0103riile tip g\u0103leat\u0103 fac ravagii \u00een continuare, a\u0219a c\u0103 achizi\u021bioneaz\u0103 modele simple sau cu imprimeuri care se vor asorta \u021binutelor tale.<\/p>\n\n\n\n<p>M\u0103nu\u0219ile lungi, elegante ar trebui s\u0103 fie nelipsite dintr-o \u021binut\u0103 potrivit\u0103 unui eveniment formal \u0219i, dac\u0103 vrei un element extra care s\u0103 te scoat\u0103 \u00een eviden\u021b\u0103, adaug\u0103 un accesoriu sub form\u0103 de trandafir la m\u00e2n\u0103 sau la g\u00e2t. Borsetele nu \u0219i-au pierdut deloc din str\u0103lucire, a\u0219a c\u0103 nu pierde ocazia de a-\u021bi re\u00eemprosp\u0103ta colec\u021bia pentru \u021binutele de festival sau pentru via\u021ba de zi cu zi.<\/p>\n\n\n\n<h3 class=\"wp-block-heading\"><a><\/a>Pantofi<\/h3>\n\n\n\n<p>C\u00e2nd vine vorba despre <a href=\"https:\/\/ccc.eu\/ro\/femei\/pantofi\">pantofi de dam\u0103<\/a>, platformele sunt cu siguran\u021b\u0103 \u00een v\u00e2rful piramidei. Este necesar s\u0103 de\u021bii minimum o pereche de pantofi cu platform\u0103 \u00eenalt\u0103 \u0219i tocul gros pe care s\u0103 o combini \u00een diferite tipuri de \u021binute. \u00cen mod surprinz\u0103tor sau nu, cizmele \u00eenalte p\u00e2n\u0103 la genunchi au realizat un comeback \u00een lumea modei, a\u0219a c\u0103 preg\u0103te\u0219te-te s\u0103 defilezi pe un fundal de tipul \u201cthese boots are made for walking\u201d!<\/p>\n\n\n\n<p>Un alt model de \u00eenc\u0103l\u021b\u0103minte feminin\u0103 care se afl\u0103 \u00een trendurile anului 2023 este reprezentat de pantofii cu tocul foarte mic, denumi\u021bi \u201ckitten heels\u201d. Aceste \u00eenc\u0103l\u021b\u0103ri sunt foarte versatile c\u00e2nd vine vorba despre integrarea \u00een outfituri casual sau mai elegante, a\u0219a c\u0103 asigur\u0103-te c\u0103 nu \u00ee\u021bi lipsesc din colec\u021bie! Tot anul acesta se poart\u0103 \u0219i pantofii transparen\u021bi, sandalele cu numeroase curele \u0219i ghetele butuc\u0103noase, cu talpa groas\u0103.<\/p>\n\n\n\n<h2 class=\"wp-block-heading\"><a><\/a>Idei de \u021binute trendy \u00een 2023<\/h2>\n\n\n\n<h3 class=\"wp-block-heading\"><a><\/a>\u021ainuta casual<\/h3>\n\n\n\n<p>O \u021binut\u0103 casual de succes ar putea ar\u0103ta \u00een felul urm\u0103tor: pantofi tip kitten heels, <a href=\"https:\/\/blog.ccc.eu\/ro\/cu-ce-se-poarta-pantalonii-largi-sfaturi-in-functie-de-stil\/\">pantaloni evaza\u021bi<\/a> din satin \u00eentr-o nuan\u021b\u0103 pastelat\u0103 de verde sau albastru, un sacou cambrat \u00een talie \u0219i o bluz\u0103 asimetric\u0103 pe dedesubt. Adaug\u0103 o geant\u0103 multicolor\u0103 \u0219i de mari dimensiuni \u00een ecua\u021bie \u0219i vei ob\u021bine un look de invidiat, ideal pentru trecerea dintre sezonul rece \u0219i cel cald.&nbsp;&nbsp;<\/p>\n\n\n\n<h3 class=\"wp-block-heading\"><a><\/a>\u021ainuta urban\u0103<\/h3>\n\n\n\n<p>Dac\u0103 vrei s\u0103 ar\u0103\u021bi plin\u0103 de \u00eencredere \u00eentr-un outfit sofisticat de toat\u0103 ziua, iat\u0103 ce \u00ee\u021bi propunem: pantaloni negri din piele, un pulover tricotat \u00een culoarea anului 2023 sau asem\u0103n\u0103toare, o vest\u0103 cu puf la g\u00e2t \u0219i o pereche de tocuri cu platform\u0103 \u00eenalt\u0103. Evit\u0103 pantofii cu baret\u0103 dac\u0103 nu ai gleznele foarte sub\u021biri \u0219i opteaz\u0103, \u00een schimb, pentru o variant\u0103 \u00eenchis\u0103 \u00een partea din fa\u021b\u0103.<\/p>\n\n\n\n<p>O astfel de \u021binut\u0103 poate fi completat\u0103 cu o beret\u0103 \u00een stil fran\u021buzesc sau chiar o p\u0103l\u0103rie de tip g\u0103leat\u0103 din acela\u0219i material precum pantalonii. Nu uita s\u0103 adaugi c\u00e2teva dintre accesoriile men\u021bionate mai sus: chiar \u0219i c\u00e2\u021biva butoni sau o geant\u0103 cu lan\u021bul argintiu vor oferi plus valoare \u021binutei pe care o por\u021bi \u0219i te vor scoate \u00een eviden\u021b\u0103 printre ceilal\u021bi oameni de pe strad\u0103.<\/p>\n\n\n\n<h3 class=\"wp-block-heading\"><a><\/a>\u021ainuta de petrecere<\/h3>\n\n\n\n<p>Dac\u0103 urmeaz\u0103 s\u0103 participi la o petrecere care nu are un dress code prestabilit, po\u021bi profita de aceast\u0103 ocazie pentru a \u00eencerca rochiile tip siren\u0103, cu sclipiri asem\u0103n\u0103toare solzilor de pe\u0219te. \u00cen cazul \u00een care aceast\u0103 imagine nu te reprezint\u0103, pune-\u021bi \u00een valoare feminitatea cu ajutorul rochiilor midi cu dantel\u0103, care se cambreaz\u0103 frumos pe corp \u0219i totu\u0219i nu las\u0103 foarte mult\u0103 piele la vedere.<\/p>\n\n\n\n<p>\u00cen func\u021bie de context, pantofii ale\u0219i trebuie s\u0103 se potriveasc\u0103 mai \u00eent\u00e2i din punct de vedere cromatic cu \u021binuta pe care o por\u021bi. A\u0219adar, dac\u0103 ai optat pentru o rochie sub\u021bire, cu detalii \u00een trend precum dantel\u0103 sau pene, adaug\u0103 o pereche de <a href=\"https:\/\/ccc.eu\/ro\/femei\/pantofi\/sandale\">sandale<\/a> cu toc \u00een aceea\u0219i nuan\u021b\u0103. \u00cen schimb, pentru un look mai elegant \u0219i mai formal, alege pantofi cu v\u00e2rful ascu\u021bit \u0219i tocul p\u0103trat, care s\u0103 fie cu o nuan\u021b\u0103 mai \u00eenchi\u0219i dec\u00e2t culoarea rochiei tale.<\/p>\n\n\n\n\n\n\n\n<p><\/p>\n\n\n\n<p>La CCC g\u0103se\u0219ti accesorii \u0219i \u00eenc\u0103l\u021b\u0103minte care te vor ajuta s\u0103 r\u0103m\u00e2i o femeie stilat\u0103 \u0219i \u00een pas cu moda!<\/p>\n","protected":false},"excerpt":{"rendered":"<p>Dac\u0103 \u00ee\u021bi place s\u0103 r\u0103m\u00e2i \u00een pas cu moda, cu siguran\u021b\u0103 nu vei fi foarte surprins\u0103 de tendin\u021bele anului 2023. \u00cen aceast\u0103 perioad\u0103, rochiile mini, denimul \u0219i articolele vestimentare cu franjuri, dar \u0219i stilul numit \u201cmermaidcore\u201d vor ie\u0219i \u00een eviden\u021b\u0103 pretutindeni, oferind numeroase op\u021biuni de asortare. Descoper\u0103 din articolul nostru c\u00e2teva idei de \u021binute pentru [&hellip;]<\/p>\n","protected":false},"author":14,"featured_media":6003,"comment_status":"open","ping_status":"open","sticky":false,"template":"","format":"standard","meta":{"_acf_changed":false,"footnotes":""},"categories":[6],"tags":[747,1232,682,744,694,724],"class_list":["post-6002","post","type-post","status-publish","format-standard","has-post-thumbnail","hentry","category-tendinte","tag-idei-de-tinute","tag-incaltaminte-femei","tag-moda-pentru-femei","tag-pantofi-de-dama","tag-reguli-de-stil","tag-tendinte"],"acf":[],"yoast_head":"<!-- This site is optimized with the Yoast SEO plugin v26.9 - https:\/\/yoast.com\/product\/yoast-seo-wordpress\/ -->\n<title>Cum s\u0103 te \u00eembraci la mod\u0103 \u00een 2023: \u021binute pentru femei sofisticate - CCC Fashion blog<\/title>\n<meta name=\"description\" content=\"Descopera ce haine, accesorii si pantofi sunt la moda in anul 2023. Iti oferim idei de tinute care sa te ajute sa ramai in pas cu trendurile actuale. 2026\" \/>\n<meta name=\"robots\" content=\"index, follow, max-snippet:-1, max-image-preview:large, max-video-preview:-1\" \/>\n<link rel=\"canonical\" href=\"https:\/\/blog.ccc.eu\/ro\/cum-sa-te-imbraci-la-moda-in-2023\/\" \/>\n<meta property=\"og:locale\" content=\"ro_RO\" \/>\n<meta property=\"og:type\" content=\"article\" \/>\n<meta property=\"og:title\" content=\"Cum s\u0103 te \u00eembraci la mod\u0103 \u00een 2023: \u021binute pentru femei sofisticate - CCC Fashion blog\" \/>\n<meta property=\"og:description\" content=\"Descopera ce haine, accesorii si pantofi sunt la moda in anul 2023. Iti oferim idei de tinute care sa te ajute sa ramai in pas cu trendurile actuale.\" \/>\n<meta property=\"og:url\" content=\"https:\/\/blog.ccc.eu\/ro\/cum-sa-te-imbraci-la-moda-in-2023\/\" \/>\n<meta property=\"og:site_name\" content=\"CCC Fashion blog\" \/>\n<meta property=\"article:published_time\" content=\"2023-01-17T12:07:47+00:00\" \/>\n<meta property=\"article:modified_time\" content=\"2023-01-17T12:08:59+00:00\" \/>\n<meta property=\"og:image\" content=\"https:\/\/blog.ccc.eu\/ro\/wp-content\/uploads\/2023\/01\/Jenny-Fairy-LB-AW22_Shot-12_2216_ext-Copy.jpg\" \/>\n\t<meta property=\"og:image:width\" content=\"1200\" \/>\n\t<meta property=\"og:image:height\" content=\"655\" \/>\n\t<meta property=\"og:image:type\" content=\"image\/jpeg\" \/>\n<meta name=\"author\" content=\"Andreea Stoian\u00a0\" \/>\n<meta name=\"twitter:card\" content=\"summary_large_image\" \/>\n<meta name=\"twitter:label1\" content=\"Scris de\" \/>\n\t<meta name=\"twitter:data1\" content=\"Andreea Stoian\u00a0\" \/>\n\t<meta name=\"twitter:label2\" content=\"Timp estimat pentru citire\" \/>\n\t<meta name=\"twitter:data2\" content=\"6 minute\" \/>\n<script type=\"application\/ld+json\" class=\"yoast-schema-graph\">{\"@context\":\"https:\/\/schema.org\",\"@graph\":[{\"@type\":\"Article\",\"@id\":\"https:\/\/blog.ccc.eu\/ro\/cum-sa-te-imbraci-la-moda-in-2023\/#article\",\"isPartOf\":{\"@id\":\"https:\/\/blog.ccc.eu\/ro\/cum-sa-te-imbraci-la-moda-in-2023\/\"},\"author\":{\"name\":\"Andreea Stoian\u00a0\",\"@id\":\"https:\/\/blog.ccc.eu\/ro\/#\/schema\/person\/0601bbc3e409e0a44a47df3630e6edf2\"},\"headline\":\"Cum s\u0103 te \u00eembraci la mod\u0103 \u00een 2023: \u021binute pentru femei sofisticate\",\"datePublished\":\"2023-01-17T12:07:47+00:00\",\"dateModified\":\"2023-01-17T12:08:59+00:00\",\"mainEntityOfPage\":{\"@id\":\"https:\/\/blog.ccc.eu\/ro\/cum-sa-te-imbraci-la-moda-in-2023\/\"},\"wordCount\":966,\"commentCount\":0,\"publisher\":{\"@id\":\"https:\/\/blog.ccc.eu\/ro\/#organization\"},\"image\":{\"@id\":\"https:\/\/blog.ccc.eu\/ro\/cum-sa-te-imbraci-la-moda-in-2023\/#primaryimage\"},\"thumbnailUrl\":\"https:\/\/blog.ccc.eu\/ro\/wp-content\/uploads\/2023\/01\/Jenny-Fairy-LB-AW22_Shot-12_2216_ext-Copy.jpg\",\"keywords\":[\"idei de tinute\",\"incaltaminte femei\",\"moda pentru femei\",\"pantofi de dama\",\"reguli de stil\",\"tendinte\"],\"articleSection\":[\"TENDIN\u021aE\"],\"inLanguage\":\"ro-RO\",\"potentialAction\":[{\"@type\":\"CommentAction\",\"name\":\"Comment\",\"target\":[\"https:\/\/blog.ccc.eu\/ro\/cum-sa-te-imbraci-la-moda-in-2023\/#respond\"]}]},{\"@type\":\"WebPage\",\"@id\":\"https:\/\/blog.ccc.eu\/ro\/cum-sa-te-imbraci-la-moda-in-2023\/\",\"url\":\"https:\/\/blog.ccc.eu\/ro\/cum-sa-te-imbraci-la-moda-in-2023\/\",\"name\":\"Cum s\u0103 te \u00eembraci la mod\u0103 \u00een 2023: \u021binute pentru femei sofisticate - CCC Fashion blog\",\"isPartOf\":{\"@id\":\"https:\/\/blog.ccc.eu\/ro\/#website\"},\"primaryImageOfPage\":{\"@id\":\"https:\/\/blog.ccc.eu\/ro\/cum-sa-te-imbraci-la-moda-in-2023\/#primaryimage\"},\"image\":{\"@id\":\"https:\/\/blog.ccc.eu\/ro\/cum-sa-te-imbraci-la-moda-in-2023\/#primaryimage\"},\"thumbnailUrl\":\"https:\/\/blog.ccc.eu\/ro\/wp-content\/uploads\/2023\/01\/Jenny-Fairy-LB-AW22_Shot-12_2216_ext-Copy.jpg\",\"datePublished\":\"2023-01-17T12:07:47+00:00\",\"dateModified\":\"2023-01-17T12:08:59+00:00\",\"description\":\"Descopera ce haine, accesorii si pantofi sunt la moda in anul 2023. Iti oferim idei de tinute care sa te ajute sa ramai in pas cu trendurile actuale.\",\"breadcrumb\":{\"@id\":\"https:\/\/blog.ccc.eu\/ro\/cum-sa-te-imbraci-la-moda-in-2023\/#breadcrumb\"},\"inLanguage\":\"ro-RO\",\"potentialAction\":[{\"@type\":\"ReadAction\",\"target\":[\"https:\/\/blog.ccc.eu\/ro\/cum-sa-te-imbraci-la-moda-in-2023\/\"]}]},{\"@type\":\"ImageObject\",\"inLanguage\":\"ro-RO\",\"@id\":\"https:\/\/blog.ccc.eu\/ro\/cum-sa-te-imbraci-la-moda-in-2023\/#primaryimage\",\"url\":\"https:\/\/blog.ccc.eu\/ro\/wp-content\/uploads\/2023\/01\/Jenny-Fairy-LB-AW22_Shot-12_2216_ext-Copy.jpg\",\"contentUrl\":\"https:\/\/blog.ccc.eu\/ro\/wp-content\/uploads\/2023\/01\/Jenny-Fairy-LB-AW22_Shot-12_2216_ext-Copy.jpg\",\"width\":1200,\"height\":655},{\"@type\":\"BreadcrumbList\",\"@id\":\"https:\/\/blog.ccc.eu\/ro\/cum-sa-te-imbraci-la-moda-in-2023\/#breadcrumb\",\"itemListElement\":[{\"@type\":\"ListItem\",\"position\":1,\"name\":\"Strona g\u0142\u00f3wna\",\"item\":\"https:\/\/blog.ccc.eu\/ro\/\"},{\"@type\":\"ListItem\",\"position\":2,\"name\":\"Cum s\u0103 te \u00eembraci la mod\u0103 \u00een 2023: \u021binute pentru femei sofisticate\"}]},{\"@type\":\"WebSite\",\"@id\":\"https:\/\/blog.ccc.eu\/ro\/#website\",\"url\":\"https:\/\/blog.ccc.eu\/ro\/\",\"name\":\"CCC Fashion blog\",\"description\":\"Locul t\u0103u plin de inspira\u021bii \u00een mod\u0103\",\"publisher\":{\"@id\":\"https:\/\/blog.ccc.eu\/ro\/#organization\"},\"potentialAction\":[{\"@type\":\"SearchAction\",\"target\":{\"@type\":\"EntryPoint\",\"urlTemplate\":\"https:\/\/blog.ccc.eu\/ro\/?s={search_term_string}\"},\"query-input\":{\"@type\":\"PropertyValueSpecification\",\"valueRequired\":true,\"valueName\":\"search_term_string\"}}],\"inLanguage\":\"ro-RO\"},{\"@type\":\"Organization\",\"@id\":\"https:\/\/blog.ccc.eu\/ro\/#organization\",\"name\":\"CCC S.A.\",\"url\":\"https:\/\/blog.ccc.eu\/ro\/\",\"logo\":{\"@type\":\"ImageObject\",\"inLanguage\":\"ro-RO\",\"@id\":\"https:\/\/blog.ccc.eu\/ro\/#\/schema\/logo\/image\/\",\"url\":\"https:\/\/blog.ccc.eu\/ro\/wp-content\/uploads\/2021\/11\/logo_ccc.png\",\"contentUrl\":\"https:\/\/blog.ccc.eu\/ro\/wp-content\/uploads\/2021\/11\/logo_ccc.png\",\"width\":730,\"height\":270,\"caption\":\"CCC S.A.\"},\"image\":{\"@id\":\"https:\/\/blog.ccc.eu\/ro\/#\/schema\/logo\/image\/\"}},{\"@type\":\"Person\",\"@id\":\"https:\/\/blog.ccc.eu\/ro\/#\/schema\/person\/0601bbc3e409e0a44a47df3630e6edf2\",\"name\":\"Andreea Stoian\u00a0\",\"image\":{\"@type\":\"ImageObject\",\"inLanguage\":\"ro-RO\",\"@id\":\"https:\/\/blog.ccc.eu\/ro\/#\/schema\/person\/image\/\",\"url\":\"https:\/\/blog.ccc.eu\/ro\/wp-content\/uploads\/2022\/01\/Andreea-Stoian-2-100x100.jpeg\",\"contentUrl\":\"https:\/\/blog.ccc.eu\/ro\/wp-content\/uploads\/2022\/01\/Andreea-Stoian-2-100x100.jpeg\",\"caption\":\"Andreea Stoian\u00a0\"},\"url\":\"https:\/\/blog.ccc.eu\/ro\/author\/andreea-stoian\/\"}]}<\/script>\n<!-- \/ Yoast SEO plugin. -->","yoast_head_json":{"title":"Cum s\u0103 te \u00eembraci la mod\u0103 \u00een 2023: \u021binute pentru femei sofisticate - CCC Fashion blog","description":"Descopera ce haine, accesorii si pantofi sunt la moda in anul 2023. Iti oferim idei de tinute care sa te ajute sa ramai in pas cu trendurile actuale. 2026","robots":{"index":"index","follow":"follow","max-snippet":"max-snippet:-1","max-image-preview":"max-image-preview:large","max-video-preview":"max-video-preview:-1"},"canonical":"https:\/\/blog.ccc.eu\/ro\/cum-sa-te-imbraci-la-moda-in-2023\/","og_locale":"ro_RO","og_type":"article","og_title":"Cum s\u0103 te \u00eembraci la mod\u0103 \u00een 2023: \u021binute pentru femei sofisticate - CCC Fashion blog","og_description":"Descopera ce haine, accesorii si pantofi sunt la moda in anul 2023. Iti oferim idei de tinute care sa te ajute sa ramai in pas cu trendurile actuale.","og_url":"https:\/\/blog.ccc.eu\/ro\/cum-sa-te-imbraci-la-moda-in-2023\/","og_site_name":"CCC Fashion blog","article_published_time":"2023-01-17T12:07:47+00:00","article_modified_time":"2023-01-17T12:08:59+00:00","og_image":[{"width":1200,"height":655,"url":"https:\/\/blog.ccc.eu\/ro\/wp-content\/uploads\/2023\/01\/Jenny-Fairy-LB-AW22_Shot-12_2216_ext-Copy.jpg","type":"image\/jpeg"}],"author":"Andreea Stoian\u00a0","twitter_card":"summary_large_image","twitter_misc":{"Scris de":"Andreea Stoian\u00a0","Timp estimat pentru citire":"6 minute"},"schema":{"@context":"https:\/\/schema.org","@graph":[{"@type":"Article","@id":"https:\/\/blog.ccc.eu\/ro\/cum-sa-te-imbraci-la-moda-in-2023\/#article","isPartOf":{"@id":"https:\/\/blog.ccc.eu\/ro\/cum-sa-te-imbraci-la-moda-in-2023\/"},"author":{"name":"Andreea Stoian\u00a0","@id":"https:\/\/blog.ccc.eu\/ro\/#\/schema\/person\/0601bbc3e409e0a44a47df3630e6edf2"},"headline":"Cum s\u0103 te \u00eembraci la mod\u0103 \u00een 2023: \u021binute pentru femei sofisticate","datePublished":"2023-01-17T12:07:47+00:00","dateModified":"2023-01-17T12:08:59+00:00","mainEntityOfPage":{"@id":"https:\/\/blog.ccc.eu\/ro\/cum-sa-te-imbraci-la-moda-in-2023\/"},"wordCount":966,"commentCount":0,"publisher":{"@id":"https:\/\/blog.ccc.eu\/ro\/#organization"},"image":{"@id":"https:\/\/blog.ccc.eu\/ro\/cum-sa-te-imbraci-la-moda-in-2023\/#primaryimage"},"thumbnailUrl":"https:\/\/blog.ccc.eu\/ro\/wp-content\/uploads\/2023\/01\/Jenny-Fairy-LB-AW22_Shot-12_2216_ext-Copy.jpg","keywords":["idei de tinute","incaltaminte femei","moda pentru femei","pantofi de dama","reguli de stil","tendinte"],"articleSection":["TENDIN\u021aE"],"inLanguage":"ro-RO","potentialAction":[{"@type":"CommentAction","name":"Comment","target":["https:\/\/blog.ccc.eu\/ro\/cum-sa-te-imbraci-la-moda-in-2023\/#respond"]}]},{"@type":"WebPage","@id":"https:\/\/blog.ccc.eu\/ro\/cum-sa-te-imbraci-la-moda-in-2023\/","url":"https:\/\/blog.ccc.eu\/ro\/cum-sa-te-imbraci-la-moda-in-2023\/","name":"Cum s\u0103 te \u00eembraci la mod\u0103 \u00een 2023: \u021binute pentru femei sofisticate - CCC Fashion blog","isPartOf":{"@id":"https:\/\/blog.ccc.eu\/ro\/#website"},"primaryImageOfPage":{"@id":"https:\/\/blog.ccc.eu\/ro\/cum-sa-te-imbraci-la-moda-in-2023\/#primaryimage"},"image":{"@id":"https:\/\/blog.ccc.eu\/ro\/cum-sa-te-imbraci-la-moda-in-2023\/#primaryimage"},"thumbnailUrl":"https:\/\/blog.ccc.eu\/ro\/wp-content\/uploads\/2023\/01\/Jenny-Fairy-LB-AW22_Shot-12_2216_ext-Copy.jpg","datePublished":"2023-01-17T12:07:47+00:00","dateModified":"2023-01-17T12:08:59+00:00","description":"Descopera ce haine, accesorii si pantofi sunt la moda in anul 2023. Iti oferim idei de tinute care sa te ajute sa ramai in pas cu trendurile actuale.","breadcrumb":{"@id":"https:\/\/blog.ccc.eu\/ro\/cum-sa-te-imbraci-la-moda-in-2023\/#breadcrumb"},"inLanguage":"ro-RO","potentialAction":[{"@type":"ReadAction","target":["https:\/\/blog.ccc.eu\/ro\/cum-sa-te-imbraci-la-moda-in-2023\/"]}]},{"@type":"ImageObject","inLanguage":"ro-RO","@id":"https:\/\/blog.ccc.eu\/ro\/cum-sa-te-imbraci-la-moda-in-2023\/#primaryimage","url":"https:\/\/blog.ccc.eu\/ro\/wp-content\/uploads\/2023\/01\/Jenny-Fairy-LB-AW22_Shot-12_2216_ext-Copy.jpg","contentUrl":"https:\/\/blog.ccc.eu\/ro\/wp-content\/uploads\/2023\/01\/Jenny-Fairy-LB-AW22_Shot-12_2216_ext-Copy.jpg","width":1200,"height":655},{"@type":"BreadcrumbList","@id":"https:\/\/blog.ccc.eu\/ro\/cum-sa-te-imbraci-la-moda-in-2023\/#breadcrumb","itemListElement":[{"@type":"ListItem","position":1,"name":"Strona g\u0142\u00f3wna","item":"https:\/\/blog.ccc.eu\/ro\/"},{"@type":"ListItem","position":2,"name":"Cum s\u0103 te \u00eembraci la mod\u0103 \u00een 2023: \u021binute pentru femei sofisticate"}]},{"@type":"WebSite","@id":"https:\/\/blog.ccc.eu\/ro\/#website","url":"https:\/\/blog.ccc.eu\/ro\/","name":"CCC Fashion blog","description":"Locul t\u0103u plin de inspira\u021bii \u00een mod\u0103","publisher":{"@id":"https:\/\/blog.ccc.eu\/ro\/#organization"},"potentialAction":[{"@type":"SearchAction","target":{"@type":"EntryPoint","urlTemplate":"https:\/\/blog.ccc.eu\/ro\/?s={search_term_string}"},"query-input":{"@type":"PropertyValueSpecification","valueRequired":true,"valueName":"search_term_string"}}],"inLanguage":"ro-RO"},{"@type":"Organization","@id":"https:\/\/blog.ccc.eu\/ro\/#organization","name":"CCC S.A.","url":"https:\/\/blog.ccc.eu\/ro\/","logo":{"@type":"ImageObject","inLanguage":"ro-RO","@id":"https:\/\/blog.ccc.eu\/ro\/#\/schema\/logo\/image\/","url":"https:\/\/blog.ccc.eu\/ro\/wp-content\/uploads\/2021\/11\/logo_ccc.png","contentUrl":"https:\/\/blog.ccc.eu\/ro\/wp-content\/uploads\/2021\/11\/logo_ccc.png","width":730,"height":270,"caption":"CCC S.A."},"image":{"@id":"https:\/\/blog.ccc.eu\/ro\/#\/schema\/logo\/image\/"}},{"@type":"Person","@id":"https:\/\/blog.ccc.eu\/ro\/#\/schema\/person\/0601bbc3e409e0a44a47df3630e6edf2","name":"Andreea Stoian\u00a0","image":{"@type":"ImageObject","inLanguage":"ro-RO","@id":"https:\/\/blog.ccc.eu\/ro\/#\/schema\/person\/image\/","url":"https:\/\/blog.ccc.eu\/ro\/wp-content\/uploads\/2022\/01\/Andreea-Stoian-2-100x100.jpeg","contentUrl":"https:\/\/blog.ccc.eu\/ro\/wp-content\/uploads\/2022\/01\/Andreea-Stoian-2-100x100.jpeg","caption":"Andreea Stoian\u00a0"},"url":"https:\/\/blog.ccc.eu\/ro\/author\/andreea-stoian\/"}]}},"_links":{"self":[{"href":"https:\/\/blog.ccc.eu\/ro\/wp-json\/wp\/v2\/posts\/6002","targetHints":{"allow":["GET"]}}],"collection":[{"href":"https:\/\/blog.ccc.eu\/ro\/wp-json\/wp\/v2\/posts"}],"about":[{"href":"https:\/\/blog.ccc.eu\/ro\/wp-json\/wp\/v2\/types\/post"}],"author":[{"embeddable":true,"href":"https:\/\/blog.ccc.eu\/ro\/wp-json\/wp\/v2\/users\/14"}],"replies":[{"embeddable":true,"href":"https:\/\/blog.ccc.eu\/ro\/wp-json\/wp\/v2\/comments?post=6002"}],"version-history":[{"count":1,"href":"https:\/\/blog.ccc.eu\/ro\/wp-json\/wp\/v2\/posts\/6002\/revisions"}],"predecessor-version":[{"id":6006,"href":"https:\/\/blog.ccc.eu\/ro\/wp-json\/wp\/v2\/posts\/6002\/revisions\/6006"}],"wp:featuredmedia":[{"embeddable":true,"href":"https:\/\/blog.ccc.eu\/ro\/wp-json\/wp\/v2\/media\/6003"}],"wp:attachment":[{"href":"https:\/\/blog.ccc.eu\/ro\/wp-json\/wp\/v2\/media?parent=6002"}],"wp:term":[{"taxonomy":"category","embeddable":true,"href":"https:\/\/blog.ccc.eu\/ro\/wp-json\/wp\/v2\/categories?post=6002"},{"taxonomy":"post_tag","embeddable":true,"href":"https:\/\/blog.ccc.eu\/ro\/wp-json\/wp\/v2\/tags?post=6002"}],"curies":[{"name":"wp","href":"https:\/\/api.w.org\/{rel}","templated":true}]}}