{"id":6219,"date":"2023-04-20T12:34:41","date_gmt":"2023-04-20T10:34:41","guid":{"rendered":"https:\/\/blog.ccc.eu\/ro\/?p=6219"},"modified":"2023-04-20T13:25:25","modified_gmt":"2023-04-20T11:25:25","slug":"cum-sa-asortezi-pantofii-cu-o-rochie-albastra","status":"publish","type":"post","link":"https:\/\/blog.ccc.eu\/ro\/cum-sa-asortezi-pantofii-cu-o-rochie-albastra\/","title":{"rendered":"Cum s\u0103 asortezi pantofii cu o rochie albastr\u0103 pentru ocazii speciale"},"content":{"rendered":"\n<p><strong>Nu este niciun secret faptul c\u0103 fiecare femeie \u00ee\u0219i dore\u0219te s\u0103 arate \u00eentotdeauna uimitor de romantic \u0219i de feminin, iar culoarea albastru este, f\u0103r\u0103 doar \u0219i poate, una dintre cele mai feminine alegeri \u00een materie de rochii pentru ocazii speciale. \u00centreaga palet\u0103 de nuan\u021be de albastru este potrivit\u0103 pentru multe doamne \u0219i domni\u0219oare, permi\u021b\u00e2ndu-le s\u0103 creeze imagini delicate \u0219i fermec\u0103toare.&nbsp;<\/strong><\/p>\n\n\n\n<p>Cu toate acestea, pentru ca \u021binutele s\u0103 fie \u00een deplin\u0103 armonie, at\u00e2t din punct de vedere al stilului, c\u00e2t \u0219i al paletei cromatice abordare, este important s\u0103 \u0219tii cum s\u0103 asortezi pantofii cu o rochie albastr\u0103, cum s\u0103 alegi accesoriile potrivite, dar \u0219i care este machiajul ideal pentru o astfel de apari\u021bie de poveste. \u00cen articolul de ast\u0103zi vom aborda cea mai intrigant\u0103 parte &#8211; cea a asort\u0103rii pantofilor cu rochia. Descoper\u0103 \u00een continuare ce culori merg cu albastru \u0219i cum po\u021bi asorta pantofii cu o rochie albastr\u0103, indiferent de nuan\u021ba aleas\u0103!&nbsp;<\/p>\n\n\n\n<figure class=\"wp-block-gallery has-nested-images columns-default is-cropped wp-block-gallery-1 is-layout-flex wp-block-gallery-is-layout-flex\">\n<figure class=\"wp-block-image size-large\"><img loading=\"lazy\" decoding=\"async\" width=\"682\" height=\"1024\" data-id=\"6229\" src=\"https:\/\/blog.ccc.eu\/ro\/wp-content\/uploads\/2023\/04\/GettyImages-1368187972-682x1024.jpg\" alt=\"fat\u0103 \u00een rochie albastr\u0103\" class=\"wp-image-6229\" srcset=\"https:\/\/blog.ccc.eu\/ro\/wp-content\/uploads\/2023\/04\/GettyImages-1368187972-682x1024.jpg 682w, https:\/\/blog.ccc.eu\/ro\/wp-content\/uploads\/2023\/04\/GettyImages-1368187972-200x300.jpg 200w, https:\/\/blog.ccc.eu\/ro\/wp-content\/uploads\/2023\/04\/GettyImages-1368187972-100x150.jpg 100w, https:\/\/blog.ccc.eu\/ro\/wp-content\/uploads\/2023\/04\/GettyImages-1368187972.jpg 707w\" sizes=\"auto, (max-width: 682px) 100vw, 682px\" \/><\/figure>\n\n\n\n<figure class=\"wp-block-image size-large\"><img loading=\"lazy\" decoding=\"async\" width=\"682\" height=\"1024\" data-id=\"6230\" src=\"https:\/\/blog.ccc.eu\/ro\/wp-content\/uploads\/2023\/04\/GettyImages-1368187277-682x1024.jpg\" alt=\"femeie \u00een rochie albastr\u0103\" class=\"wp-image-6230\" srcset=\"https:\/\/blog.ccc.eu\/ro\/wp-content\/uploads\/2023\/04\/GettyImages-1368187277-682x1024.jpg 682w, https:\/\/blog.ccc.eu\/ro\/wp-content\/uploads\/2023\/04\/GettyImages-1368187277-200x300.jpg 200w, https:\/\/blog.ccc.eu\/ro\/wp-content\/uploads\/2023\/04\/GettyImages-1368187277-100x150.jpg 100w, https:\/\/blog.ccc.eu\/ro\/wp-content\/uploads\/2023\/04\/GettyImages-1368187277.jpg 707w\" sizes=\"auto, (max-width: 682px) 100vw, 682px\" \/><\/figure>\n<\/figure>\n\n\n\n<h2 class=\"wp-block-heading\">Reguli generale de asortare a pantofilor cu rochia&nbsp;<\/h2>\n\n\n\n<p>Despre <a href=\"https:\/\/blog.ccc.eu\/ro\/asortarea-pantofilor-cu-rochia-sfaturi-de-care-sa-tii-cont\/\">asortarea pantofilor cu rochia<\/a> am vorbit pe blogul nostru \u00een numeroase r\u00e2nduri, prin urmare deja e\u0219ti familiarizat\u0103 cu tot ceea ce \u00eenseamn\u0103 completarea unei \u021binute de ocazie cu pantofii de dam\u0103 potrivi\u021bi. Cu toate acestea, ne dorim s\u0103-\u021bi reamintim c\u00e2teva reguli generale de asortare a pantofilor cu rochia, astfel \u00eenc\u00e2t s\u0103 ai cele mai fabuloase apari\u021bii, indiferent de ocazie. Iat\u0103 recomand\u0103rile generale privind asortarea pantofilor:&nbsp;<\/p>\n\n\n\n<ul class=\"wp-block-list\">\n<li>stilul pantofilor trebuie s\u0103 corespund\u0103 \u00eentotdeauna stilului vestimentar abordat, codului vestimentar al evenimentului, dar \u0219i perioadei din an;&nbsp;<\/li>\n\n\n\n<li>pantofii trebuie s\u0103 fie \u00eentotdeauna confortabili, \u00eentruc\u00e2t, \u00een caz contrar, ace\u0219tia vor ruina aspectul luxos al \u021binutei pe care o por\u021bi;&nbsp;<\/li>\n\n\n\n<li>exist\u0103 culori universale care pot fi u\u0219or combinate cu majoritatea nuan\u021belor existente \u00een paleta cromatic\u0103, a\u0219a c\u0103 nu vei da gre\u0219 niciodat\u0103 opt\u00e2nd pentru pantofi \u00een nuan\u021be de negru sau nude;&nbsp;<\/li>\n\n\n\n<li>materialul din care sunt realiza\u021bi pantofii trebuie s\u0103 se potriveasc\u0103 ideal cu cel al rochiei, prin urmare este important s\u0103 mizezi pe calitatea materialelor atunci c\u00e2nd dore\u0219ti s\u0103 asortezi pantofii cu o rochie pentru ocazii speciale;<\/li>\n\n\n\n<li>este important s\u0103 \u0219tii <a href=\"https:\/\/blog.ccc.eu\/ro\/cum-alegi-culoarea-pantofilor-in-functie-de-rochia-pe-care-o-porti\/\">cum s\u0103 alegi culoarea pantofilor \u00een func\u021bie de rochia pe care o por\u021bi<\/a>, subiect dezb\u0103tut pe larg pe blogul nostru;&nbsp;<\/li>\n\n\n\n<li>dac\u0103 rochia abordeaz\u0103 o palet\u0103 cromatic\u0103 variat\u0103, culoarea pantofilor trebuie s\u0103 se potriveasc\u0103 cu una dintre culorile rochiei;&nbsp;<\/li>\n\n\n\n<li>rochiile pentru ocazii speciale vor fi \u00eentotdeauna asortate cu <a href=\"https:\/\/ccc.eu\/ro\/femei\/pantofi\/pantofi-eleganti\">pantofi elegan\u021bi de dam\u0103<\/a>, \u00eentruc\u00e2t doar ace\u0219tia vor putea completa ideal o \u021binut\u0103 de ocazie.&nbsp;<\/li>\n<\/ul>\n\n\n\n<p><\/p>\n\n\n\n\n\n\n<p><\/p>\n\n\n\n<h2 class=\"wp-block-heading\">Cu ce se asorteaz\u0103 culoarea albastru?&nbsp;<\/h2>\n\n\n\n<p>Albastrul, culoarea m\u0103rii \u0219i a cerului, este adesea asociat cu ad\u00e2ncimea \u0219i profunzimea. Albastrul este o culoare care se potrive\u0219te oric\u0103rei persoane, indiferent de tonul pielii, \u00eens\u0103 este important s\u0103 \u021binem cont de varietatea de nuan\u021be de albastru existent\u0103, pentru a face cele mai potrivite alegeri vestimentare. Dac\u0103 te \u00eentrebi ce culoare merge cel mai bine cu albastru, \u00ee\u021bi propunem \u00een r\u00e2ndurile urm\u0103toare c\u00e2teva combina\u021bii de culori pentru apari\u021bii deosebite:&nbsp;<\/p>\n\n\n\n<h3 class=\"wp-block-heading\">Bej \u0219i nude&nbsp;<\/h3>\n\n\n\n<p>Aceste nuan\u021be sunt considerate apropiate de \u201eculoarea pielii\u201d \u0219i sunt cunoscute sub denumirea de nuan\u021be neutre. Acestea se vor asorta ideal cu orice culoare, iar albastrul poate fi completarea ideal\u0103 pentru un bej cald.&nbsp;<\/p>\n\n\n\n<h3 class=\"wp-block-heading\">Gri&nbsp;<\/h3>\n\n\n\n<p>Griul este o alt\u0103 culoare neutr\u0103 care se va asorta ideal cu oricare alta, iar \u00een combina\u021bie cu albastru nu va face dec\u00e2t s\u0103 o eviden\u021bieze pe cea din urm\u0103 \u0219i s\u0103 o pun\u0103 \u00een valoare.&nbsp;<\/p>\n\n\n\n<h3 class=\"wp-block-heading\">Alb \u0219i negru&nbsp;<\/h3>\n\n\n\n<p>Nonculorile vor realiza \u00eentotdeauna combina\u021bii interesante \u0219i cumin\u021bi cu alte culori din \u00eentreaga palet\u0103 cromatic\u0103. \u00cen timp ce albul se potrive\u0219te perfect cu nuan\u021bele de albastru deschis, negrul completeaz\u0103 ideal nuan\u021bele \u00eenchise de albastru.&nbsp;<\/p>\n\n\n\n<h3 class=\"wp-block-heading\">Ro\u0219u, roz, vi\u0219iniu \u0219i maro&nbsp;<\/h3>\n\n\n\n<p>Combina\u021bia de ro\u0219u \u0219i albastru este cu adev\u0103rat una contrastant\u0103, motiv pentru care aceste culori vor fi prezente \u00een cantit\u0103\u021bi inegale. Fiind dou\u0103 culori tari, doar una dintre acestea va fi dominant\u0103. La fel de bine se vor asorta cu diferite nuan\u021be de albastru \u0219i rozul, vi\u0219iniul \u0219i tonurile de maro.&nbsp;<\/p>\n\n\n\n<h3 class=\"wp-block-heading\">Verde \u0219i mov&nbsp;<\/h3>\n\n\n\n<p>Atunci c\u00e2nd vine vorba de ce culori merg cu albastru, trebuie s\u0103 \u0219tii c\u0103 acesta poate fi asortat excelent \u0219i cu derivatele sale, verde \u0219i mov. Verdele poate fi ob\u021binut prin combinarea albastrului cu galben, \u00een timp ce movul se ob\u021bine prin mixarea albastrului cu ro\u0219u.&nbsp;<\/p>\n\n\n\n<h3 class=\"wp-block-heading\">Argintiu \u0219i auriu&nbsp;<\/h3>\n\n\n\n<p>Argintiul \u0219i auriul pot fi asortate cu orice culoare, iar albastrul nu face o excep\u021bie de la regul\u0103. Aceste nuan\u021be metalice nu vor face dec\u00e2t s\u0103 aduc\u0103 un aspect pre\u021bios nuan\u021belor de albastru cu care sunt combinate.&nbsp;<\/p>\n\n\n\n<p><\/p>\n\n\n\n\n\n\n<p><\/p>\n\n\n\n<figure class=\"wp-block-gallery has-nested-images columns-default is-cropped wp-block-gallery-2 is-layout-flex wp-block-gallery-is-layout-flex\">\n<figure class=\"wp-block-image size-large\"><img loading=\"lazy\" decoding=\"async\" width=\"1024\" height=\"682\" data-id=\"6231\" src=\"https:\/\/blog.ccc.eu\/ro\/wp-content\/uploads\/2023\/04\/GettyImages-1368187933-1024x682.jpg\" alt=\"rochie albastr\u0103 \u0219i pantofi negri\" class=\"wp-image-6231\" srcset=\"https:\/\/blog.ccc.eu\/ro\/wp-content\/uploads\/2023\/04\/GettyImages-1368187933-1024x682.jpg 1024w, https:\/\/blog.ccc.eu\/ro\/wp-content\/uploads\/2023\/04\/GettyImages-1368187933-300x200.jpg 300w, https:\/\/blog.ccc.eu\/ro\/wp-content\/uploads\/2023\/04\/GettyImages-1368187933-768x512.jpg 768w, https:\/\/blog.ccc.eu\/ro\/wp-content\/uploads\/2023\/04\/GettyImages-1368187933-100x67.jpg 100w, https:\/\/blog.ccc.eu\/ro\/wp-content\/uploads\/2023\/04\/GettyImages-1368187933.jpg 1061w\" sizes=\"auto, (max-width: 1024px) 100vw, 1024px\" \/><\/figure>\n<\/figure>\n\n\n\n<h2 class=\"wp-block-heading\">Ce pantofi merg la o rochie albastr\u0103: 5 idei de culori de pantofi&nbsp;<\/h2>\n\n\n\n<p>Acum c\u0103 ai descoperit cu ce se asorteaz\u0103 albastru, ne dorim s\u0103-\u021bi oferim \u0219i cele mai interesante idei despre cum s\u0103 asortezi pantofii cu o rochie albastr\u0103, \u00een func\u021bie de nuan\u021ba rochiei alese pentru o ocazie special\u0103. Iat\u0103 5 idei de culori de pantofi potrivite pentru o rochie albastr\u0103!&nbsp;<\/p>\n\n\n\n<h3 class=\"wp-block-heading\">1. Pantofi nude sau bej cu o rochie albastr\u0103<\/h3>\n\n\n\n<p>Uneori, alegerea nuan\u021bei potrivite a pantofilor, care s\u0103 completeze cu succes o rochie de ocazie, poate fi una dificil\u0103. \u00cens\u0103 dac\u0103 vrei s\u0103 mergi la sigur, \u00ee\u021bi recomand\u0103m s\u0103 achizi\u021bionezi o pereche de pantofi \u00een nuan\u021be de bej, nude sau crem, astfel \u00eenc\u00e2t s\u0103-i po\u021bi asorta cu u\u0219urin\u021b\u0103 rochiei albastre.&nbsp;<\/p>\n\n\n\n<p>Indiferent c\u0103 vorbim despre o rochie \u00een nuan\u021ba albastru regal, despre rochii albastru imperial, o rochie bleumarin, rochii albastru electric, albastru deschis, turcoaz, albastru pal sau albastru \u00eenchis, o pereche de <a href=\"https:\/\/ccc.eu\/ro\/femei\/pantofi\/pantofi-stiletto\">pantofi stiletto<\/a> bej sau nude vor reu\u0219i s\u0103 completeze ideal outfitul t\u0103u.&nbsp;<\/p>\n\n\n\n<h3 class=\"wp-block-heading\">2. Pantofi negri cu o rochie albastru \u00eenchis&nbsp;<\/h3>\n\n\n\n<p>Pantofii negri se vor potrivi perfect cu rochiile de la nuan\u021be de albastru regal, la nuan\u021be de albastru \u00eenchis sau bleumarin. Este important de precizat s\u0103 evi\u021bi purtarea unor pantofi negri la rochii albastru deschis, \u00eentruc\u00e2t acestea se vor potrivi mai bine cu pantofi \u00een nuan\u021be deschise. Orice femeie ar trebui s\u0103 aib\u0103 \u00een garderoba sa cel pu\u021bin o pereche de pantofi negri elegan\u021bi, care o vor scoate oric\u00e2nd din \u00eencurc\u0103tur\u0103!&nbsp;<\/p>\n\n\n\n<h3 class=\"wp-block-heading\">3. Pantofi albi cu o rochie albastru deschis&nbsp;<\/h3>\n\n\n\n<p>De cele mai multe ori, femeile evit\u0103 s\u0103 poarte pantofi albi, \u00eens\u0103 ace\u0219tia nu trebuie nicidecum ocoli\u021bi. Pantofii albi pot fi asorta\u021bi cu succes cu o rochie albastr\u0103, \u00een special cu rochiile albastru deschis sau albastru royal. \u00ce\u021bi recomand\u0103m s\u0103 optezi pentru o pereche de pantofi albi, cu at\u00e2t mai mult dac\u0103 evenimentul la care urmeaz\u0103 s\u0103 participi are loc \u00een sezonul estival. Fie c\u0103 optezi pentru o pereche de pantofi stiletto, fie pentru o pereche de <a href=\"https:\/\/ccc.eu\/ro\/femei\/pantofi\/sandale\">sandale de dam\u0103 cu toc<\/a>, albul acestora se va potrivi ideal cu o rochie albastru deschis!&nbsp;<\/p>\n\n\n\n<h3 class=\"wp-block-heading\">4. Pantofi aurii sau argintii cu o rochie albastr\u0103&nbsp;<\/h3>\n\n\n\n<p>Pantofii \u00een nuan\u021be metalice, adic\u0103 cei aurii, argintii sau \u00een nuan\u021be de bronz, sunt o alegere excelent\u0103 pentru asortarea rochiei albastre. Ace\u0219tia reu\u0219esc s\u0103 adauge o not\u0103 de glamour \u00eentregii \u021binute \u0219i au un aspect pre\u021bios. Dac\u0103 nu \u0219tii ce s\u0103 alegi, <a href=\"https:\/\/blog.ccc.eu\/ro\/sandale-sau-pantofi-pentru-rochia-de-seara-6-sfaturi-de-care-sa-tii-cont\/\">sandale sau pantofi la rochia de seara<\/a>, vei g\u0103si \u00eentr-un articol anterior de pe blog c\u00e2teva sfaturi care s\u0103 te ajute s\u0103 faci cea mai bun\u0103 alegere.&nbsp;<\/p>\n\n\n\n<p>Fie c\u0103 vorbim despre o pereche de pantofi elegan\u021bi cu toc, fie despre o pereche de sandale aurii sau argintii, acestea se vor potrivi ideal rochiei tale albastre, indiferent de nuan\u021ba ei.&nbsp;<\/p>\n\n\n\n<h3 class=\"wp-block-heading\">5. Pantofi mov sau roz cu o rochie albastr\u0103&nbsp;<\/h3>\n\n\n\n<p>Pantofii mov sau roz vor ar\u0103ta \u00eentotdeauna spectaculos \u00een combina\u021bie cu o rochie albastr\u0103 sau bleumarin. Dac\u0103 te temi c\u0103 nuan\u021bele de mov sau roz sunt prea puternice, po\u021bi miza pe varianta de pantofi \u00een nuan\u021be deschise, pale, pentru a completa \u00eentr-un mod subtil \u021binuta ta de ocazie.&nbsp;<\/p>\n\n\n\n<p>Acum suntem convin\u0219i c\u0103 \u0219tii cum s\u0103 asortezi pantofii cu o rochie albastr\u0103, indiferent de ocazia special\u0103 pe care o onorezi. Cu aceste idei \u00een minte, te a\u0219tept\u0103m \u00een <a href=\"https:\/\/ccc.eu\/ro\">magazinul online CCC<\/a>, pentru a face cele mai inspirate alegeri \u00een materie de \u021binute de ocazie \u0219i pentru a completa cu stil orice rochie elegant\u0103 vei purta!&nbsp;<\/p>\n","protected":false},"excerpt":{"rendered":"<p>Nu este niciun secret faptul c\u0103 fiecare femeie \u00ee\u0219i dore\u0219te s\u0103 arate \u00eentotdeauna uimitor de romantic \u0219i de feminin, iar culoarea albastru este, f\u0103r\u0103 doar \u0219i poate, una dintre cele mai feminine alegeri \u00een materie de rochii pentru ocazii speciale. \u00centreaga palet\u0103 de nuan\u021be de albastru este potrivit\u0103 pentru multe doamne \u0219i domni\u0219oare, permi\u021b\u00e2ndu-le s\u0103 [&hellip;]<\/p>\n","protected":false},"author":14,"featured_media":6229,"comment_status":"closed","ping_status":"closed","sticky":false,"template":"","format":"standard","meta":{"_acf_changed":false,"footnotes":""},"categories":[4],"tags":[1524,1525,1526,1527,1523,727],"class_list":["post-6219","post","type-post","status-publish","format-standard","has-post-thumbnail","hentry","category-sfaturi-de-moda","tag-accesorii-rochie-albastra","tag-asortarea-pantofilor-cu-rochia","tag-cu-ce-se-asorteaza-albastru","tag-culoarea-pantofilor-in-functie-de-rochie","tag-pantofi-rochie-albastra","tag-sfaturi-de-moda"],"acf":[],"yoast_head":"<!-- This site is optimized with the Yoast SEO plugin v26.9 - https:\/\/yoast.com\/product\/yoast-seo-wordpress\/ -->\n<title>Cum s\u0103 asortezi pantofii cu o rochie albastr\u0103 pentru ocazii speciale - CCC Fashion blog<\/title>\n<meta name=\"description\" content=\"Nu stii cum sa asortezi pantofii cu o rochie albastra? Iata cu ce se asorteaza albastru si ce pantofi poti alege pentru tinutele de ocazie! 2026\" \/>\n<meta name=\"robots\" content=\"index, follow, max-snippet:-1, max-image-preview:large, max-video-preview:-1\" \/>\n<link rel=\"canonical\" href=\"https:\/\/blog.ccc.eu\/ro\/cum-sa-asortezi-pantofii-cu-o-rochie-albastra\/\" \/>\n<meta property=\"og:locale\" content=\"ro_RO\" \/>\n<meta property=\"og:type\" content=\"article\" \/>\n<meta property=\"og:title\" content=\"Cum s\u0103 asortezi pantofii cu o rochie albastr\u0103 pentru ocazii speciale - CCC Fashion blog\" \/>\n<meta property=\"og:description\" content=\"Nu stii cum sa asortezi pantofii cu o rochie albastra? Iata cu ce se asorteaza albastru si ce pantofi poti alege pentru tinutele de ocazie!\" \/>\n<meta property=\"og:url\" content=\"https:\/\/blog.ccc.eu\/ro\/cum-sa-asortezi-pantofii-cu-o-rochie-albastra\/\" \/>\n<meta property=\"og:site_name\" content=\"CCC Fashion blog\" \/>\n<meta property=\"article:published_time\" content=\"2023-04-20T10:34:41+00:00\" \/>\n<meta property=\"article:modified_time\" content=\"2023-04-20T11:25:25+00:00\" \/>\n<meta property=\"og:image\" content=\"https:\/\/blog.ccc.eu\/ro\/wp-content\/uploads\/2023\/04\/GettyImages-1368187972.jpg\" \/>\n\t<meta property=\"og:image:width\" content=\"707\" \/>\n\t<meta property=\"og:image:height\" content=\"1061\" \/>\n\t<meta property=\"og:image:type\" content=\"image\/jpeg\" \/>\n<meta name=\"author\" content=\"Andreea Stoian\u00a0\" \/>\n<meta name=\"twitter:card\" content=\"summary_large_image\" \/>\n<meta name=\"twitter:label1\" content=\"Scris de\" \/>\n\t<meta name=\"twitter:data1\" content=\"Andreea Stoian\u00a0\" \/>\n\t<meta name=\"twitter:label2\" content=\"Timp estimat pentru citire\" \/>\n\t<meta name=\"twitter:data2\" content=\"7 minute\" \/>\n<script type=\"application\/ld+json\" class=\"yoast-schema-graph\">{\"@context\":\"https:\/\/schema.org\",\"@graph\":[{\"@type\":\"Article\",\"@id\":\"https:\/\/blog.ccc.eu\/ro\/cum-sa-asortezi-pantofii-cu-o-rochie-albastra\/#article\",\"isPartOf\":{\"@id\":\"https:\/\/blog.ccc.eu\/ro\/cum-sa-asortezi-pantofii-cu-o-rochie-albastra\/\"},\"author\":{\"name\":\"Andreea Stoian\u00a0\",\"@id\":\"https:\/\/blog.ccc.eu\/ro\/#\/schema\/person\/0601bbc3e409e0a44a47df3630e6edf2\"},\"headline\":\"Cum s\u0103 asortezi pantofii cu o rochie albastr\u0103 pentru ocazii speciale\",\"datePublished\":\"2023-04-20T10:34:41+00:00\",\"dateModified\":\"2023-04-20T11:25:25+00:00\",\"mainEntityOfPage\":{\"@id\":\"https:\/\/blog.ccc.eu\/ro\/cum-sa-asortezi-pantofii-cu-o-rochie-albastra\/\"},\"wordCount\":1487,\"publisher\":{\"@id\":\"https:\/\/blog.ccc.eu\/ro\/#organization\"},\"image\":{\"@id\":\"https:\/\/blog.ccc.eu\/ro\/cum-sa-asortezi-pantofii-cu-o-rochie-albastra\/#primaryimage\"},\"thumbnailUrl\":\"https:\/\/blog.ccc.eu\/ro\/wp-content\/uploads\/2023\/04\/GettyImages-1368187972.jpg\",\"keywords\":[\"accesorii rochie albastra\",\"asortarea pantofilor cu rochia\",\"cu ce se asorteaza albastru\",\"culoarea pantofilor in functie de rochie\",\"pantofi rochie albastra\",\"sfaturi de moda\"],\"articleSection\":[\"SFATURI DE MOD\u0102\"],\"inLanguage\":\"ro-RO\"},{\"@type\":\"WebPage\",\"@id\":\"https:\/\/blog.ccc.eu\/ro\/cum-sa-asortezi-pantofii-cu-o-rochie-albastra\/\",\"url\":\"https:\/\/blog.ccc.eu\/ro\/cum-sa-asortezi-pantofii-cu-o-rochie-albastra\/\",\"name\":\"Cum s\u0103 asortezi pantofii cu o rochie albastr\u0103 pentru ocazii speciale - CCC Fashion blog\",\"isPartOf\":{\"@id\":\"https:\/\/blog.ccc.eu\/ro\/#website\"},\"primaryImageOfPage\":{\"@id\":\"https:\/\/blog.ccc.eu\/ro\/cum-sa-asortezi-pantofii-cu-o-rochie-albastra\/#primaryimage\"},\"image\":{\"@id\":\"https:\/\/blog.ccc.eu\/ro\/cum-sa-asortezi-pantofii-cu-o-rochie-albastra\/#primaryimage\"},\"thumbnailUrl\":\"https:\/\/blog.ccc.eu\/ro\/wp-content\/uploads\/2023\/04\/GettyImages-1368187972.jpg\",\"datePublished\":\"2023-04-20T10:34:41+00:00\",\"dateModified\":\"2023-04-20T11:25:25+00:00\",\"description\":\"Nu stii cum sa asortezi pantofii cu o rochie albastra? Iata cu ce se asorteaza albastru si ce pantofi poti alege pentru tinutele de ocazie!\",\"breadcrumb\":{\"@id\":\"https:\/\/blog.ccc.eu\/ro\/cum-sa-asortezi-pantofii-cu-o-rochie-albastra\/#breadcrumb\"},\"inLanguage\":\"ro-RO\",\"potentialAction\":[{\"@type\":\"ReadAction\",\"target\":[\"https:\/\/blog.ccc.eu\/ro\/cum-sa-asortezi-pantofii-cu-o-rochie-albastra\/\"]}]},{\"@type\":\"ImageObject\",\"inLanguage\":\"ro-RO\",\"@id\":\"https:\/\/blog.ccc.eu\/ro\/cum-sa-asortezi-pantofii-cu-o-rochie-albastra\/#primaryimage\",\"url\":\"https:\/\/blog.ccc.eu\/ro\/wp-content\/uploads\/2023\/04\/GettyImages-1368187972.jpg\",\"contentUrl\":\"https:\/\/blog.ccc.eu\/ro\/wp-content\/uploads\/2023\/04\/GettyImages-1368187972.jpg\",\"width\":707,\"height\":1061,\"caption\":\"Full length of smiling albino young woman standing with arms crossed against blue background\"},{\"@type\":\"BreadcrumbList\",\"@id\":\"https:\/\/blog.ccc.eu\/ro\/cum-sa-asortezi-pantofii-cu-o-rochie-albastra\/#breadcrumb\",\"itemListElement\":[{\"@type\":\"ListItem\",\"position\":1,\"name\":\"Strona g\u0142\u00f3wna\",\"item\":\"https:\/\/blog.ccc.eu\/ro\/\"},{\"@type\":\"ListItem\",\"position\":2,\"name\":\"Cum s\u0103 asortezi pantofii cu o rochie albastr\u0103 pentru ocazii speciale\"}]},{\"@type\":\"WebSite\",\"@id\":\"https:\/\/blog.ccc.eu\/ro\/#website\",\"url\":\"https:\/\/blog.ccc.eu\/ro\/\",\"name\":\"CCC Fashion blog\",\"description\":\"Locul t\u0103u plin de inspira\u021bii \u00een mod\u0103\",\"publisher\":{\"@id\":\"https:\/\/blog.ccc.eu\/ro\/#organization\"},\"potentialAction\":[{\"@type\":\"SearchAction\",\"target\":{\"@type\":\"EntryPoint\",\"urlTemplate\":\"https:\/\/blog.ccc.eu\/ro\/?s={search_term_string}\"},\"query-input\":{\"@type\":\"PropertyValueSpecification\",\"valueRequired\":true,\"valueName\":\"search_term_string\"}}],\"inLanguage\":\"ro-RO\"},{\"@type\":\"Organization\",\"@id\":\"https:\/\/blog.ccc.eu\/ro\/#organization\",\"name\":\"CCC S.A.\",\"url\":\"https:\/\/blog.ccc.eu\/ro\/\",\"logo\":{\"@type\":\"ImageObject\",\"inLanguage\":\"ro-RO\",\"@id\":\"https:\/\/blog.ccc.eu\/ro\/#\/schema\/logo\/image\/\",\"url\":\"https:\/\/blog.ccc.eu\/ro\/wp-content\/uploads\/2021\/11\/logo_ccc.png\",\"contentUrl\":\"https:\/\/blog.ccc.eu\/ro\/wp-content\/uploads\/2021\/11\/logo_ccc.png\",\"width\":730,\"height\":270,\"caption\":\"CCC S.A.\"},\"image\":{\"@id\":\"https:\/\/blog.ccc.eu\/ro\/#\/schema\/logo\/image\/\"}},{\"@type\":\"Person\",\"@id\":\"https:\/\/blog.ccc.eu\/ro\/#\/schema\/person\/0601bbc3e409e0a44a47df3630e6edf2\",\"name\":\"Andreea Stoian\u00a0\",\"image\":{\"@type\":\"ImageObject\",\"inLanguage\":\"ro-RO\",\"@id\":\"https:\/\/blog.ccc.eu\/ro\/#\/schema\/person\/image\/\",\"url\":\"https:\/\/blog.ccc.eu\/ro\/wp-content\/uploads\/2022\/01\/Andreea-Stoian-2-100x100.jpeg\",\"contentUrl\":\"https:\/\/blog.ccc.eu\/ro\/wp-content\/uploads\/2022\/01\/Andreea-Stoian-2-100x100.jpeg\",\"caption\":\"Andreea Stoian\u00a0\"},\"url\":\"https:\/\/blog.ccc.eu\/ro\/author\/andreea-stoian\/\"}]}<\/script>\n<!-- \/ Yoast SEO plugin. -->","yoast_head_json":{"title":"Cum s\u0103 asortezi pantofii cu o rochie albastr\u0103 pentru ocazii speciale - CCC Fashion blog","description":"Nu stii cum sa asortezi pantofii cu o rochie albastra? Iata cu ce se asorteaza albastru si ce pantofi poti alege pentru tinutele de ocazie! 2026","robots":{"index":"index","follow":"follow","max-snippet":"max-snippet:-1","max-image-preview":"max-image-preview:large","max-video-preview":"max-video-preview:-1"},"canonical":"https:\/\/blog.ccc.eu\/ro\/cum-sa-asortezi-pantofii-cu-o-rochie-albastra\/","og_locale":"ro_RO","og_type":"article","og_title":"Cum s\u0103 asortezi pantofii cu o rochie albastr\u0103 pentru ocazii speciale - CCC Fashion blog","og_description":"Nu stii cum sa asortezi pantofii cu o rochie albastra? Iata cu ce se asorteaza albastru si ce pantofi poti alege pentru tinutele de ocazie!","og_url":"https:\/\/blog.ccc.eu\/ro\/cum-sa-asortezi-pantofii-cu-o-rochie-albastra\/","og_site_name":"CCC Fashion blog","article_published_time":"2023-04-20T10:34:41+00:00","article_modified_time":"2023-04-20T11:25:25+00:00","og_image":[{"width":707,"height":1061,"url":"https:\/\/blog.ccc.eu\/ro\/wp-content\/uploads\/2023\/04\/GettyImages-1368187972.jpg","type":"image\/jpeg"}],"author":"Andreea Stoian\u00a0","twitter_card":"summary_large_image","twitter_misc":{"Scris de":"Andreea Stoian\u00a0","Timp estimat pentru citire":"7 minute"},"schema":{"@context":"https:\/\/schema.org","@graph":[{"@type":"Article","@id":"https:\/\/blog.ccc.eu\/ro\/cum-sa-asortezi-pantofii-cu-o-rochie-albastra\/#article","isPartOf":{"@id":"https:\/\/blog.ccc.eu\/ro\/cum-sa-asortezi-pantofii-cu-o-rochie-albastra\/"},"author":{"name":"Andreea Stoian\u00a0","@id":"https:\/\/blog.ccc.eu\/ro\/#\/schema\/person\/0601bbc3e409e0a44a47df3630e6edf2"},"headline":"Cum s\u0103 asortezi pantofii cu o rochie albastr\u0103 pentru ocazii speciale","datePublished":"2023-04-20T10:34:41+00:00","dateModified":"2023-04-20T11:25:25+00:00","mainEntityOfPage":{"@id":"https:\/\/blog.ccc.eu\/ro\/cum-sa-asortezi-pantofii-cu-o-rochie-albastra\/"},"wordCount":1487,"publisher":{"@id":"https:\/\/blog.ccc.eu\/ro\/#organization"},"image":{"@id":"https:\/\/blog.ccc.eu\/ro\/cum-sa-asortezi-pantofii-cu-o-rochie-albastra\/#primaryimage"},"thumbnailUrl":"https:\/\/blog.ccc.eu\/ro\/wp-content\/uploads\/2023\/04\/GettyImages-1368187972.jpg","keywords":["accesorii rochie albastra","asortarea pantofilor cu rochia","cu ce se asorteaza albastru","culoarea pantofilor in functie de rochie","pantofi rochie albastra","sfaturi de moda"],"articleSection":["SFATURI DE MOD\u0102"],"inLanguage":"ro-RO"},{"@type":"WebPage","@id":"https:\/\/blog.ccc.eu\/ro\/cum-sa-asortezi-pantofii-cu-o-rochie-albastra\/","url":"https:\/\/blog.ccc.eu\/ro\/cum-sa-asortezi-pantofii-cu-o-rochie-albastra\/","name":"Cum s\u0103 asortezi pantofii cu o rochie albastr\u0103 pentru ocazii speciale - CCC Fashion blog","isPartOf":{"@id":"https:\/\/blog.ccc.eu\/ro\/#website"},"primaryImageOfPage":{"@id":"https:\/\/blog.ccc.eu\/ro\/cum-sa-asortezi-pantofii-cu-o-rochie-albastra\/#primaryimage"},"image":{"@id":"https:\/\/blog.ccc.eu\/ro\/cum-sa-asortezi-pantofii-cu-o-rochie-albastra\/#primaryimage"},"thumbnailUrl":"https:\/\/blog.ccc.eu\/ro\/wp-content\/uploads\/2023\/04\/GettyImages-1368187972.jpg","datePublished":"2023-04-20T10:34:41+00:00","dateModified":"2023-04-20T11:25:25+00:00","description":"Nu stii cum sa asortezi pantofii cu o rochie albastra? Iata cu ce se asorteaza albastru si ce pantofi poti alege pentru tinutele de ocazie!","breadcrumb":{"@id":"https:\/\/blog.ccc.eu\/ro\/cum-sa-asortezi-pantofii-cu-o-rochie-albastra\/#breadcrumb"},"inLanguage":"ro-RO","potentialAction":[{"@type":"ReadAction","target":["https:\/\/blog.ccc.eu\/ro\/cum-sa-asortezi-pantofii-cu-o-rochie-albastra\/"]}]},{"@type":"ImageObject","inLanguage":"ro-RO","@id":"https:\/\/blog.ccc.eu\/ro\/cum-sa-asortezi-pantofii-cu-o-rochie-albastra\/#primaryimage","url":"https:\/\/blog.ccc.eu\/ro\/wp-content\/uploads\/2023\/04\/GettyImages-1368187972.jpg","contentUrl":"https:\/\/blog.ccc.eu\/ro\/wp-content\/uploads\/2023\/04\/GettyImages-1368187972.jpg","width":707,"height":1061,"caption":"Full length of smiling albino young woman standing with arms crossed against blue background"},{"@type":"BreadcrumbList","@id":"https:\/\/blog.ccc.eu\/ro\/cum-sa-asortezi-pantofii-cu-o-rochie-albastra\/#breadcrumb","itemListElement":[{"@type":"ListItem","position":1,"name":"Strona g\u0142\u00f3wna","item":"https:\/\/blog.ccc.eu\/ro\/"},{"@type":"ListItem","position":2,"name":"Cum s\u0103 asortezi pantofii cu o rochie albastr\u0103 pentru ocazii speciale"}]},{"@type":"WebSite","@id":"https:\/\/blog.ccc.eu\/ro\/#website","url":"https:\/\/blog.ccc.eu\/ro\/","name":"CCC Fashion blog","description":"Locul t\u0103u plin de inspira\u021bii \u00een mod\u0103","publisher":{"@id":"https:\/\/blog.ccc.eu\/ro\/#organization"},"potentialAction":[{"@type":"SearchAction","target":{"@type":"EntryPoint","urlTemplate":"https:\/\/blog.ccc.eu\/ro\/?s={search_term_string}"},"query-input":{"@type":"PropertyValueSpecification","valueRequired":true,"valueName":"search_term_string"}}],"inLanguage":"ro-RO"},{"@type":"Organization","@id":"https:\/\/blog.ccc.eu\/ro\/#organization","name":"CCC S.A.","url":"https:\/\/blog.ccc.eu\/ro\/","logo":{"@type":"ImageObject","inLanguage":"ro-RO","@id":"https:\/\/blog.ccc.eu\/ro\/#\/schema\/logo\/image\/","url":"https:\/\/blog.ccc.eu\/ro\/wp-content\/uploads\/2021\/11\/logo_ccc.png","contentUrl":"https:\/\/blog.ccc.eu\/ro\/wp-content\/uploads\/2021\/11\/logo_ccc.png","width":730,"height":270,"caption":"CCC S.A."},"image":{"@id":"https:\/\/blog.ccc.eu\/ro\/#\/schema\/logo\/image\/"}},{"@type":"Person","@id":"https:\/\/blog.ccc.eu\/ro\/#\/schema\/person\/0601bbc3e409e0a44a47df3630e6edf2","name":"Andreea Stoian\u00a0","image":{"@type":"ImageObject","inLanguage":"ro-RO","@id":"https:\/\/blog.ccc.eu\/ro\/#\/schema\/person\/image\/","url":"https:\/\/blog.ccc.eu\/ro\/wp-content\/uploads\/2022\/01\/Andreea-Stoian-2-100x100.jpeg","contentUrl":"https:\/\/blog.ccc.eu\/ro\/wp-content\/uploads\/2022\/01\/Andreea-Stoian-2-100x100.jpeg","caption":"Andreea Stoian\u00a0"},"url":"https:\/\/blog.ccc.eu\/ro\/author\/andreea-stoian\/"}]}},"_links":{"self":[{"href":"https:\/\/blog.ccc.eu\/ro\/wp-json\/wp\/v2\/posts\/6219","targetHints":{"allow":["GET"]}}],"collection":[{"href":"https:\/\/blog.ccc.eu\/ro\/wp-json\/wp\/v2\/posts"}],"about":[{"href":"https:\/\/blog.ccc.eu\/ro\/wp-json\/wp\/v2\/types\/post"}],"author":[{"embeddable":true,"href":"https:\/\/blog.ccc.eu\/ro\/wp-json\/wp\/v2\/users\/14"}],"replies":[{"embeddable":true,"href":"https:\/\/blog.ccc.eu\/ro\/wp-json\/wp\/v2\/comments?post=6219"}],"version-history":[{"count":8,"href":"https:\/\/blog.ccc.eu\/ro\/wp-json\/wp\/v2\/posts\/6219\/revisions"}],"predecessor-version":[{"id":6234,"href":"https:\/\/blog.ccc.eu\/ro\/wp-json\/wp\/v2\/posts\/6219\/revisions\/6234"}],"wp:featuredmedia":[{"embeddable":true,"href":"https:\/\/blog.ccc.eu\/ro\/wp-json\/wp\/v2\/media\/6229"}],"wp:attachment":[{"href":"https:\/\/blog.ccc.eu\/ro\/wp-json\/wp\/v2\/media?parent=6219"}],"wp:term":[{"taxonomy":"category","embeddable":true,"href":"https:\/\/blog.ccc.eu\/ro\/wp-json\/wp\/v2\/categories?post=6219"},{"taxonomy":"post_tag","embeddable":true,"href":"https:\/\/blog.ccc.eu\/ro\/wp-json\/wp\/v2\/tags?post=6219"}],"curies":[{"name":"wp","href":"https:\/\/api.w.org\/{rel}","templated":true}]}}