{"id":6296,"date":"2023-05-05T08:04:32","date_gmt":"2023-05-05T06:04:32","guid":{"rendered":"https:\/\/blog.ccc.eu\/ro\/?p=6296"},"modified":"2023-05-05T08:05:29","modified_gmt":"2023-05-05T06:05:29","slug":"noua-colectie-primavara-vara-jenny-fairy-de-la-ccc","status":"publish","type":"post","link":"https:\/\/blog.ccc.eu\/ro\/noua-colectie-primavara-vara-jenny-fairy-de-la-ccc\/","title":{"rendered":"Noua colec\u021bie prim\u0103var\u0103-var\u0103 Jenny Fairy de la CCC"},"content":{"rendered":"\n<p><b>Dac\u0103 e\u0219ti la fel de pasionat\u0103 de mod\u0103 precum noi, cu siguran\u021b\u0103 \u0219tii c\u0103 nu exist\u0103 un moment mai oportun pentru a da un refresh garderobei dec\u00e2t atunci c\u00e2nd se schimb\u0103 sezonul. \u0218i odat\u0103 cu venirea c\u0103ldurii, noile colec\u021bii de prim\u0103var\u0103-var\u0103 au luat cu asalt lumea modei, prin culori, lumin\u0103, transparen\u021b\u0103, str\u0103lucire, confort, glamour \u0219i combina\u021bii \u00eentre toate acestea. Atunci c\u00e2nd vine vorba despre ce se poart\u0103 \u00een sezonul de prim\u0103var\u0103-var\u0103 2023, designerii \u0219i-au propus s\u0103 aduc\u0103 \u00een prim plan un look fresh \u0219i optimist.&nbsp;&nbsp;<\/b><\/p>\n\n\n\n<p><b>Odat\u0103 ce vei descoperi noua colec\u021bie de prim\u0103var\u0103-var\u0103<a href=\"https:\/\/ccc.eu\/ro\/femei\/marci\/marcile-noastre\/jenny-fairy\"> Jenny Fairy<\/a> de la CCC cu siguran\u021b\u0103 te vei \u00eendr\u0103gosti de trendurile propuse, care-\u021bi ofer\u0103 posibilit\u0103\u021bi infinite de a experimenta cu \u021binutele de sezon. Afl\u0103 din articolul urm\u0103tor designurile propuse de Jenny Fairy pentru sezonul cald \u00een materie de pantofi \u0219i accesorii, cum s\u0103 abordezi aceste elemente \u00een func\u021bie de stilul personal \u0219i cum s\u0103 creezi \u021binute armonioase \u0219i la mod\u0103!&nbsp;&nbsp;<\/b><\/p>\n\n\n\n<figure class=\"wp-block-gallery has-nested-images columns-default is-cropped wp-block-gallery-1 is-layout-flex wp-block-gallery-is-layout-flex\">\n<figure class=\"wp-block-image size-large\"><img loading=\"lazy\" decoding=\"async\" width=\"683\" height=\"1024\" data-id=\"6298\" src=\"https:\/\/blog.ccc.eu\/ro\/wp-content\/uploads\/2023\/05\/JF_SS23_06_0124_300dpi-683x1024.jpg\" alt=\"\" class=\"wp-image-6298\" srcset=\"https:\/\/blog.ccc.eu\/ro\/wp-content\/uploads\/2023\/05\/JF_SS23_06_0124_300dpi-683x1024.jpg 683w, https:\/\/blog.ccc.eu\/ro\/wp-content\/uploads\/2023\/05\/JF_SS23_06_0124_300dpi-200x300.jpg 200w, https:\/\/blog.ccc.eu\/ro\/wp-content\/uploads\/2023\/05\/JF_SS23_06_0124_300dpi-768x1152.jpg 768w, https:\/\/blog.ccc.eu\/ro\/wp-content\/uploads\/2023\/05\/JF_SS23_06_0124_300dpi-1024x1536.jpg 1024w, https:\/\/blog.ccc.eu\/ro\/wp-content\/uploads\/2023\/05\/JF_SS23_06_0124_300dpi-100x150.jpg 100w, https:\/\/blog.ccc.eu\/ro\/wp-content\/uploads\/2023\/05\/JF_SS23_06_0124_300dpi.jpg 1167w\" sizes=\"auto, (max-width: 683px) 100vw, 683px\" \/><\/figure>\n\n\n\n<figure class=\"wp-block-image size-large\"><img loading=\"lazy\" decoding=\"async\" width=\"683\" height=\"1024\" data-id=\"6297\" src=\"https:\/\/blog.ccc.eu\/ro\/wp-content\/uploads\/2023\/05\/JF_SS23_08_0173_LBX_300dpi-683x1024.jpg\" alt=\"\" class=\"wp-image-6297\" srcset=\"https:\/\/blog.ccc.eu\/ro\/wp-content\/uploads\/2023\/05\/JF_SS23_08_0173_LBX_300dpi-683x1024.jpg 683w, https:\/\/blog.ccc.eu\/ro\/wp-content\/uploads\/2023\/05\/JF_SS23_08_0173_LBX_300dpi-200x300.jpg 200w, https:\/\/blog.ccc.eu\/ro\/wp-content\/uploads\/2023\/05\/JF_SS23_08_0173_LBX_300dpi-768x1151.jpg 768w, https:\/\/blog.ccc.eu\/ro\/wp-content\/uploads\/2023\/05\/JF_SS23_08_0173_LBX_300dpi-1025x1536.jpg 1025w, https:\/\/blog.ccc.eu\/ro\/wp-content\/uploads\/2023\/05\/JF_SS23_08_0173_LBX_300dpi-100x150.jpg 100w, https:\/\/blog.ccc.eu\/ro\/wp-content\/uploads\/2023\/05\/JF_SS23_08_0173_LBX_300dpi.jpg 1168w\" sizes=\"auto, (max-width: 683px) 100vw, 683px\" \/><\/figure>\n<\/figure>\n\n\n\n<h2 class=\"wp-block-heading\">Noua colec\u021bie de prim\u0103var\u0103-var\u0103 Jenny Fairy de la CCC: ce articole vei g\u0103si?&nbsp;<\/h2>\n\n\n\n<p>Deja \u021bi-am vorbit \u00eentr-un articol anterior de pe blog despre<a href=\"https:\/\/blog.ccc.eu\/ro\/principalele-tendinte-de-moda-in-primavara-lui-2023\/\"> principalele tendin\u021be de mod\u0103 \u00een prim\u0103vara lui 2023<\/a>, a\u0219a c\u0103 nu vine ca o surpriz\u0103 faptul c\u0103 textilele fluide, texturile metalice, accesoriile transparente, culorile pastel, pantofii transparen\u021bi \u0219i po\u0219etele statement se num\u0103r\u0103 printre cele mai \u00een vog\u0103 trenduri de sezon. Iat\u0103 care sunt principalele articole pe care le vei descoperi \u00een noua colec\u021bie Jenny Fairy de la CCC!&nbsp;<\/p>\n\n\n\n<figure class=\"wp-block-gallery has-nested-images columns-default is-cropped wp-block-gallery-2 is-layout-flex wp-block-gallery-is-layout-flex\">\n<figure class=\"wp-block-image size-large\"><img decoding=\"async\" data-id=\"6299\" src=\"https:\/\/blog.ccc.eu\/ro\/wp-content\/uploads\/2023\/05\/JF_SS23_11_0109_LBX_crop_300dpi-1024x700.jpg\" alt=\"\" class=\"wp-image-6299\"\/><\/figure>\n<\/figure>\n\n\n\n<h2 class=\"wp-block-heading\">Sandale transparente \u0219i sandale cu platform\u0103&nbsp;<\/h2>\n\n\n\n<p>Printre principalele trenduri propuse de colec\u021bia prim\u0103var\u0103-var\u0103 Jenny Fairy se num\u0103r\u0103 sandalele transparente. Ai aflat deja de pe blog<a href=\"https:\/\/blog.ccc.eu\/ro\/cum-asortezi-pantofii-transparenti-la-tinute-de-primavara\/\"> cum asortezi pantofii transparen\u021bi la \u021binute de prim\u0103var\u0103<\/a>, pentru a ob\u021bine \u021binute sofisticate de sezon. Colec\u021bia include modele versatile de sandale, care pot fi purtate \u00een mai multe ocazii \u0219i combinate \u00een diferite \u021binute, oferind astfel op\u021biuni variate pentru orice stil.<\/p>\n\n\n\n<p>De asememea, colec\u021bia Jenny Fairy propune \u0219i sandalele cu platform\u0103, acestea num\u0103r\u00e2ndu-se printre cele mai populare trenduri \u00een moda noului sezon. \u0218i vestea bun\u0103 este c\u0103 aceste modele de<a href=\"https:\/\/ccc.eu\/ro\/femei\/pantofi\/sandale\"> sandale<\/a> sunt disponibile \u00een cele mai chic culori, pentru look-uri prim\u0103v\u0103ratice de excep\u021bie.&nbsp;<\/p>\n\n\n\n<h2 class=\"wp-block-heading\">Pantofi casual \u00een nuan\u021be pastel&nbsp;<\/h2>\n\n\n\n<p>Pantofii casual \u00een nuan\u021be pastel, fie c\u0103 vorbim despre<a href=\"https:\/\/ccc.eu\/ro\/mocasini-balerini\"> mocasini<\/a>, fie despre cei \u00een stil loafers sunt propu\u0219i \u00een nuan\u021be pastelate, perfecte pentru acest sezon. Aceste noi modele de pantofi sunt perfec\u021bi at\u00e2t pentru \u021binutele casual chic, c\u00e2t \u0219i pentru cele office, \u00eens\u0103 pot fi integrate cu succes \u0219i \u00een outfituri u\u0219or elegante.&nbsp;<\/p>\n\n\n\n<h2 class=\"wp-block-heading\">Pantofi sport \u00een culori neutre&nbsp;<\/h2>\n\n\n\n<p>Inspir\u00e2ndu-se din tendin\u021bele interna\u021bionale, colec\u021bia Jenny Fairy se adreseaz\u0103 unui public divers, care apreciaz\u0103 at\u00e2t stilul clasic \u0219i elegant, c\u00e2t \u0219i cel sport sau casual. Astfel, colec\u021bia \u00ee\u0219i propune s\u0103 acopere o gam\u0103 larg\u0103 de preferin\u021be \u0219i propune chiar \u0219i<a href=\"https:\/\/ccc.eu\/ro\/jenny-fairy\"> pantofi sport<\/a>, \u00een tonuri neutre, care s\u0103 completeze ideal \u021binutele de zi cu zi.&nbsp;<\/p>\n\n\n\n<h2 class=\"wp-block-heading\">Gen\u021bi de m\u00e2n\u0103 \u00een modele chic&nbsp;<\/h2>\n\n\n\n<p>Colec\u021bia de prim\u0103var\u0103-var\u0103 Jenny Fairy aduce \u00een prim plan \u0219i<a href=\"https:\/\/ccc.eu\/ro\/genti\/genti-pentru-femei\"> gen\u021bile de m\u00e2n\u0103<\/a> statement, fie ele \u00een nuan\u021be pastelate, \u00een culorii vii, cu detalii texturate, cu accente metalice sau cu aplica\u021bii str\u0103lucitoare sau glam. Toate aceste modele se num\u0103r\u0103 printre<a href=\"https:\/\/blog.ccc.eu\/ro\/cele-mai-in-voga-genti-ale-anului-2023\/\"> cele mai \u00een vog\u0103 gen\u021bi ale anului 2023<\/a>, a\u0219a c\u0103 le po\u021bi integra chiar acum \u00een garderoba ta de prim\u0103var\u0103-var\u0103!&nbsp;<\/p>\n\n\n\n\n\n\n<h2 class=\"wp-block-heading\">Sandalele Jenny Fairy din noua colec\u021bie CCC<\/h2>\n\n\n\n<p>Dac\u0103 nu \u0219tii<a href=\"https:\/\/blog.ccc.eu\/ro\/cum-sa-te-imbraci-la-moda-in-2023\/\"> cum s\u0103 te \u00eembraci la mod\u0103 \u00een 2023<\/a>, sandalele de dam\u0103 disponibile \u00een noua colec\u021bie prim\u0103var\u0103-var\u0103 Jenny Fairy cu siguran\u021b\u0103 vor reu\u0219i s\u0103 aduc\u0103 \u021binutele tale \u00een topul celor mai apreciate apari\u021bii. Modelele de sandale disponibile \u00een colec\u021bie sunt extrem de diverse \u0219i se potrivesc cu diferite preferin\u021be \u0219i stiluri. Printre acestea se num\u0103r\u0103:&nbsp;<\/p>\n\n\n\n<ul class=\"wp-block-list\">\n<li>sandalele transparente cu toc, care pot fi pot fi elegante \u0219i potrivite pentru ocazii speciale;&nbsp;<\/li>\n\n\n\n<li>sandalele de var\u0103 cu platform\u0103, care sunt at\u00e2t comode, c\u00e2t \u0219i stylish;&nbsp;<\/li>\n\n\n\n<li>sandalele cu barete, ideale pentru zilele c\u0103lduroase de sezon;&nbsp;<\/li>\n\n\n\n<li>sandalele cu toc gros, perfecte pentru un look casual chic;&nbsp;<\/li>\n\n\n\n<li>sandalele cu talp\u0103 plat\u0103, disponibile \u00eentr-o varietate de modele \u0219i culori;<\/li>\n\n\n\n<li>sandalele \u00een nuan\u021be metalice, perfecte pentru o doz\u0103 de glamour;&nbsp;<\/li>\n\n\n\n<li>sandalele cu aplica\u021bii str\u0103lucitoare, pentru propulsarea \u021binutelor elegante.&nbsp;<\/li>\n<\/ul>\n\n\n\n<p><strong>Pantofii Jenny Fairy pentru orice ocazie<\/strong><strong><\/strong><\/p>\n\n\n\n<p>\u00cen ceea ce prive\u0219te pantofii de dam\u0103 disponibili \u00een noua colec\u021bie de prim\u0103var\u0103-var\u0103 Jenny Fairy este important s\u0103 eviden\u021biem diversitatea stilurilor disponibile. Jenny Fairy a creat modele elegante, sport \u0219i casual, pentru a r\u0103spunde nevoilor \u0219i preferin\u021belor fiec\u0103rei persoane. Iat\u0103 ce modele de pantofi te a\u0219teapt\u0103 \u00een colec\u021bia Jenny Fairy de la CCC:&nbsp;<\/p>\n\n\n\n<ul class=\"wp-block-list\">\n<li>Pantofi elegan\u021bi \u00een tonuri pastel, pentru \u021binute chic de sezon;&nbsp;<\/li>\n\n\n\n<li>Mocasini \u00een nuan\u021be pastelate, propu\u0219i \u0219i de <a href=\"https:\/\/blog.ccc.eu\/ro\/noua-campanie-ccc-jenny-fairy-cu-emily-ratajkowski\/\">noua campanie CCC: Jenny Fairy cu Emily Ratajkowski<\/a>;&nbsp;<\/li>\n\n\n\n<li>Pantofi \u00een stil loafers \u00een nuan\u021be neutre, ideali pentru completarea \u021binutelor casual;&nbsp;<\/li>\n\n\n\n<li>Pantofi \u00een stil Mary Jane, l\u0103cui\u021bi, pentru look-uri smart casual sau formale;&nbsp;<\/li>\n\n\n\n<li>Papuci de dam\u0103 cu tocuri transparente sau \u00een nuan\u021be metalice;&nbsp;<\/li>\n\n\n\n<li>Espadrile chic, pentru \u021binute de var\u0103 cochete;&nbsp;<\/li>\n\n\n\n<li>Pantofi sport \u00een nuan\u021be neutre, ce vor accesoriza cu succes \u021binutele casual sau urbane.&nbsp;<\/li>\n<\/ul>\n\n\n\n<h2 class=\"wp-block-heading\">Geanta perfect\u0103 \u00een colec\u021bia Jenny Fairy<\/h2>\n\n\n\n<p>Diversitatea modelelor de<a href=\"https:\/\/ccc.eu\/ro\/jenny-fairy\/categorie:geanta_de_mana-rucsac\"> gen\u021bi din colec\u021bia Jenny Fairy<\/a> este una dintre caracteristicile acestei colec\u021bii. \u00cen colec\u021bie vei g\u0103si o gam\u0103 larg\u0103 de gen\u021bi, cum ar fi po\u0219ete, gen\u021bi de m\u00e2n\u0103, gen\u021bi de um\u0103r, rucsacuri \u0219i multe altele. Fiecare model are propriile sale caracteristici \u0219i avantaje, astfel \u00eenc\u00e2t s\u0103 po\u021bi alege geanta potrivit\u0103 pentru nevoile tale. De exemplu,<a href=\"https:\/\/ccc.eu\/ro\/genti\/genti-pentru-femei\/genti-mici\"> po\u0219etele<\/a> sunt ideale pentru ocazii speciale, \u00een timp ce rucsacurile sunt perfecte pentru activit\u0103\u021bi zilnice sau pentru c\u0103l\u0103torii. Printre cele mai populare modele de gen\u021bi Jenny Fairy se num\u0103r\u0103:&nbsp;<\/p>\n\n\n\n<ul class=\"wp-block-list\">\n<li>gen\u021bile de m\u00e2n\u0103 din materiale plastice de cea mai bun\u0103 calitate, disponibile \u00eentr-o varietate de culori;&nbsp;<\/li>\n\n\n\n<li>gen\u021bile de m\u00e2n\u0103 \u00een nuan\u021be pastel, ce se potrivesc excelent \u021binutelor feminine din acest sezon;&nbsp;<\/li>\n\n\n\n<li>gen\u021bile de m\u00e2n\u0103 cu m\u00e2nere solide cu aplica\u021bii glam;&nbsp;<\/li>\n\n\n\n<li><a href=\"https:\/\/ccc.eu\/ro\/genti\/genti-pentru-femei\/genti-mari\">gen\u021bile mari de dam\u0103<\/a>, pentru \u021binute office sau casual sofisticate;&nbsp;<\/li>\n\n\n\n<li>gen\u021bile str\u0103lucitoare, \u00een nuan\u021be de argintiu \u0219i auriu, pentru \u021binute elegante;&nbsp;<\/li>\n\n\n\n<li>gen\u021bile \u00een culori vii, perfecte pentru \u00eent\u00e2mpinarea sezonului cald.&nbsp;<\/li>\n<\/ul>\n\n\n\n\n\n\n<h2 class=\"wp-block-heading\">Cum s\u0103 combini accesoriile din colec\u021bia prim\u0103var\u0103-var\u0103 Jenny Fairy<\/h2>\n\n\n\n<p>Asortarea culorilor este un aspect important \u00een crearea unei \u021binute armonioase \u0219i pl\u0103cute din punct de vedere estetic. Regula celor trei culori sugereaz\u0103 combinarea a cel mult trei culori \u00eentr-o singur\u0103 \u021binut\u0103, iar tonurile complementare sau analoage pot fi alese pentru a crea un contrast pl\u0103cut. \u00cen colec\u021bia prim\u0103var\u0103-var\u0103 Jenny Fairy, culorile pastelate, precum rozul pr\u0103fuit sau albastrul deschis, pot fi asortate cu tonuri neutre, precum alb sau bej, pentru un aspect elegant \u0219i feminin.<br><br>Mixarea materialelor poate fi o modalitate interesant\u0103 de a crea o \u021binut\u0103 original\u0103 \u0219i plin\u0103 de personalitate. \u00cen colec\u021bia prim\u0103var\u0103-var\u0103 Jenny Fairy, exist\u0103 o gam\u0103 variat\u0103 de materiale, de la piele \u0219i materiale plastice, la textile u\u0219oare \u0219i materiale metalice. Pentru a crea un aspect armonios, este important s\u0103 echilibrezi materialele diferite, astfel \u00eenc\u00e2t s\u0103 se potriveasc\u0103 \u00eentre ele din punct de vedere vizual \u0219i textural. De exemplu, o geant\u0103 de piele poate fi asortat\u0103 cu pantofi din textil sau cu un accesoriu metalic, pentru un aspect echilibrat \u0219i pl\u0103cut.<br><br>Stilurile \u0219i siluetele diferite ale accesoriilor din colec\u021bia prim\u0103var\u0103-var\u0103 Jenny Fairy pot fi combinate \u00een func\u021bie de ocazie \u0219i de stilul personal. Pentru un look minimalist, po\u021bi alege o po\u0219et\u0103 simpl\u0103 din piele, iar pentru un look glam, po\u021bi alege o geant\u0103 cu aplica\u021bii str\u0103lucitoare. Pentru a crea un aspect romantic, po\u021bi alege o pereche de sandale cu toc \u00eenalt, \u00een timp ce pentru un look casual chic sandalele cu platform\u0103 sunt alegerea perfect\u0103. \u00cen general, este important s\u0103 alegi accesorii care s\u0103 se potriveasc\u0103 cu stilul t\u0103u personal \u0219i cu evenimentul la care participi.<br><br>Balansarea propor\u021biilor poate fi crucial\u0103 \u00een crearea unei \u021binute echilibrate \u0219i pl\u0103cute din punct de vedere estetic. De exemplu, o geant\u0103 de dimensiuni mari poate fi asortat\u0103 cu o pereche de sandale cu toc \u00eenalt, pentru un aspect echilibrat \u0219i pl\u0103cut. \u00cen colec\u021bia prim\u0103var\u0103-var\u0103 Jenny Fairy, exist\u0103 o gam\u0103 variat\u0103 de dimensiuni \u0219i forme pentru accesorii, astfel \u00eenc\u00e2t s\u0103 po\u021bi alege cele mai potrivite pentru a crea o \u021binut\u0103 echilibrat\u0103 \u0219i pl\u0103cut\u0103.<\/p>\n\n\n\n<p>Acum c\u0103 \u021bi-am f\u0103cut cuno\u0219tin\u021b\u0103 cu noua colec\u021bie pentru prim\u0103var\u0103-var\u0103 Jenny Fairy de la CCC, cu siguran\u021b\u0103 te-ai convins c\u0103 ofer\u0103 o varietate impresionant\u0103 de \u00eenc\u0103l\u021b\u0103minte \u0219i accesorii, satisf\u0103c\u00e2nd gusturile \u0219i nevoile oric\u0103rei femei moderne. De la sandalele confortabile \u0219i pantofii elegan\u021bi, p\u00e2n\u0103 la gen\u021bile versatile, Jenny Fairy aduce \u00een prim-plan trendurile sezonului, sus\u021bin\u00e2nd orice stil personal. Nu rata ocazia de a-\u021bi completa garderoba cu piese la mod\u0103, a\u0219a c\u0103 viziteaz\u0103 site-ul CCC \u0219i descoper\u0103 \u00eentreaga colec\u021bie Jenny Fairy pentru a te bucura de un look armonios \u00een acest sezon!<\/p>\n","protected":false},"excerpt":{"rendered":"<p>Dac\u0103 e\u0219ti la fel de pasionat\u0103 de mod\u0103 precum noi, cu siguran\u021b\u0103 \u0219tii c\u0103 nu exist\u0103 un moment mai oportun pentru a da un refresh garderobei dec\u00e2t atunci c\u00e2nd se schimb\u0103 sezonul. \u0218i odat\u0103 cu venirea c\u0103ldurii, noile colec\u021bii de prim\u0103var\u0103-var\u0103 au luat cu asalt lumea modei, prin culori, lumin\u0103, transparen\u021b\u0103, str\u0103lucire, confort, glamour \u0219i [&hellip;]<\/p>\n","protected":false},"author":14,"featured_media":6297,"comment_status":"closed","ping_status":"closed","sticky":false,"template":"","format":"standard","meta":{"_acf_changed":false,"footnotes":""},"categories":[432],"tags":[1551,1548,1547,1550,1553,727,724,1546,1552],"class_list":["post-6296","post","type-post","status-publish","format-standard","has-post-thumbnail","hentry","category-noutati","tag-accesorii-jenny-fairy","tag-colectie-jenny-fairy","tag-genti-jenny-fairy","tag-pantofi-jenny-fairy","tag-sandale-jenny-fairy","tag-sfaturi-de-moda","tag-tendinte","tag-tendinte-noul-sezon","tag-tendinte-primavara-vara"],"acf":[],"yoast_head":"<!-- This site is optimized with the Yoast SEO plugin v26.9 - https:\/\/yoast.com\/product\/yoast-seo-wordpress\/ -->\n<title>Noua colec\u021bie prim\u0103var\u0103-var\u0103 Jenny Fairy de la CCC - CCC Fashion blog<\/title>\n<meta name=\"description\" content=\"Descopera noua colectie pentru primavara-vara Jenny Fairy de la CCC si adauga in garderoba de sezon cele mai chic modele de incaltaminte si accesorii! 2026\" \/>\n<meta name=\"robots\" content=\"index, follow, max-snippet:-1, max-image-preview:large, max-video-preview:-1\" \/>\n<link rel=\"canonical\" href=\"https:\/\/blog.ccc.eu\/ro\/noua-colectie-primavara-vara-jenny-fairy-de-la-ccc\/\" \/>\n<meta property=\"og:locale\" content=\"ro_RO\" \/>\n<meta property=\"og:type\" content=\"article\" \/>\n<meta property=\"og:title\" content=\"Noua colec\u021bie prim\u0103var\u0103-var\u0103 Jenny Fairy de la CCC - CCC Fashion blog\" \/>\n<meta property=\"og:description\" content=\"Descopera noua colectie pentru primavara-vara Jenny Fairy de la CCC si adauga in garderoba de sezon cele mai chic modele de incaltaminte si accesorii!\" \/>\n<meta property=\"og:url\" content=\"https:\/\/blog.ccc.eu\/ro\/noua-colectie-primavara-vara-jenny-fairy-de-la-ccc\/\" \/>\n<meta property=\"og:site_name\" content=\"CCC Fashion blog\" \/>\n<meta property=\"article:published_time\" content=\"2023-05-05T06:04:32+00:00\" \/>\n<meta property=\"article:modified_time\" content=\"2023-05-05T06:05:29+00:00\" \/>\n<meta property=\"og:image\" content=\"https:\/\/blog.ccc.eu\/ro\/wp-content\/uploads\/2023\/05\/JF_SS23_08_0173_LBX_300dpi.jpg\" \/>\n\t<meta property=\"og:image:width\" content=\"1168\" \/>\n\t<meta property=\"og:image:height\" content=\"1750\" \/>\n\t<meta property=\"og:image:type\" content=\"image\/jpeg\" \/>\n<meta name=\"author\" content=\"Andreea Stoian\u00a0\" \/>\n<meta name=\"twitter:card\" content=\"summary_large_image\" \/>\n<meta name=\"twitter:label1\" content=\"Scris de\" \/>\n\t<meta name=\"twitter:data1\" content=\"Andreea Stoian\u00a0\" \/>\n\t<meta name=\"twitter:label2\" content=\"Timp estimat pentru citire\" \/>\n\t<meta name=\"twitter:data2\" content=\"8 minute\" \/>\n<script type=\"application\/ld+json\" class=\"yoast-schema-graph\">{\"@context\":\"https:\/\/schema.org\",\"@graph\":[{\"@type\":\"Article\",\"@id\":\"https:\/\/blog.ccc.eu\/ro\/noua-colectie-primavara-vara-jenny-fairy-de-la-ccc\/#article\",\"isPartOf\":{\"@id\":\"https:\/\/blog.ccc.eu\/ro\/noua-colectie-primavara-vara-jenny-fairy-de-la-ccc\/\"},\"author\":{\"name\":\"Andreea Stoian\u00a0\",\"@id\":\"https:\/\/blog.ccc.eu\/ro\/#\/schema\/person\/0601bbc3e409e0a44a47df3630e6edf2\"},\"headline\":\"Noua colec\u021bie prim\u0103var\u0103-var\u0103 Jenny Fairy de la CCC\",\"datePublished\":\"2023-05-05T06:04:32+00:00\",\"dateModified\":\"2023-05-05T06:05:29+00:00\",\"mainEntityOfPage\":{\"@id\":\"https:\/\/blog.ccc.eu\/ro\/noua-colectie-primavara-vara-jenny-fairy-de-la-ccc\/\"},\"wordCount\":1666,\"publisher\":{\"@id\":\"https:\/\/blog.ccc.eu\/ro\/#organization\"},\"image\":{\"@id\":\"https:\/\/blog.ccc.eu\/ro\/noua-colectie-primavara-vara-jenny-fairy-de-la-ccc\/#primaryimage\"},\"thumbnailUrl\":\"https:\/\/blog.ccc.eu\/ro\/wp-content\/uploads\/2023\/05\/JF_SS23_08_0173_LBX_300dpi.jpg\",\"keywords\":[\"accesorii Jenny Fairy\",\"colectie Jenny Fairy\",\"genti Jenny Fairy\",\"pantofi Jenny Fairy\",\"sandale Jenny Fairy\",\"sfaturi de moda\",\"tendinte\",\"tendinte noul sezon\",\"tendinte primavara-vara\"],\"articleSection\":[\"NOUT\u0102\u021aI\"],\"inLanguage\":\"ro-RO\"},{\"@type\":\"WebPage\",\"@id\":\"https:\/\/blog.ccc.eu\/ro\/noua-colectie-primavara-vara-jenny-fairy-de-la-ccc\/\",\"url\":\"https:\/\/blog.ccc.eu\/ro\/noua-colectie-primavara-vara-jenny-fairy-de-la-ccc\/\",\"name\":\"Noua colec\u021bie prim\u0103var\u0103-var\u0103 Jenny Fairy de la CCC - CCC Fashion blog\",\"isPartOf\":{\"@id\":\"https:\/\/blog.ccc.eu\/ro\/#website\"},\"primaryImageOfPage\":{\"@id\":\"https:\/\/blog.ccc.eu\/ro\/noua-colectie-primavara-vara-jenny-fairy-de-la-ccc\/#primaryimage\"},\"image\":{\"@id\":\"https:\/\/blog.ccc.eu\/ro\/noua-colectie-primavara-vara-jenny-fairy-de-la-ccc\/#primaryimage\"},\"thumbnailUrl\":\"https:\/\/blog.ccc.eu\/ro\/wp-content\/uploads\/2023\/05\/JF_SS23_08_0173_LBX_300dpi.jpg\",\"datePublished\":\"2023-05-05T06:04:32+00:00\",\"dateModified\":\"2023-05-05T06:05:29+00:00\",\"description\":\"Descopera noua colectie pentru primavara-vara Jenny Fairy de la CCC si adauga in garderoba de sezon cele mai chic modele de incaltaminte si accesorii!\",\"breadcrumb\":{\"@id\":\"https:\/\/blog.ccc.eu\/ro\/noua-colectie-primavara-vara-jenny-fairy-de-la-ccc\/#breadcrumb\"},\"inLanguage\":\"ro-RO\",\"potentialAction\":[{\"@type\":\"ReadAction\",\"target\":[\"https:\/\/blog.ccc.eu\/ro\/noua-colectie-primavara-vara-jenny-fairy-de-la-ccc\/\"]}]},{\"@type\":\"ImageObject\",\"inLanguage\":\"ro-RO\",\"@id\":\"https:\/\/blog.ccc.eu\/ro\/noua-colectie-primavara-vara-jenny-fairy-de-la-ccc\/#primaryimage\",\"url\":\"https:\/\/blog.ccc.eu\/ro\/wp-content\/uploads\/2023\/05\/JF_SS23_08_0173_LBX_300dpi.jpg\",\"contentUrl\":\"https:\/\/blog.ccc.eu\/ro\/wp-content\/uploads\/2023\/05\/JF_SS23_08_0173_LBX_300dpi.jpg\",\"width\":1168,\"height\":1750},{\"@type\":\"BreadcrumbList\",\"@id\":\"https:\/\/blog.ccc.eu\/ro\/noua-colectie-primavara-vara-jenny-fairy-de-la-ccc\/#breadcrumb\",\"itemListElement\":[{\"@type\":\"ListItem\",\"position\":1,\"name\":\"Strona g\u0142\u00f3wna\",\"item\":\"https:\/\/blog.ccc.eu\/ro\/\"},{\"@type\":\"ListItem\",\"position\":2,\"name\":\"Noua colec\u021bie prim\u0103var\u0103-var\u0103 Jenny Fairy de la CCC\"}]},{\"@type\":\"WebSite\",\"@id\":\"https:\/\/blog.ccc.eu\/ro\/#website\",\"url\":\"https:\/\/blog.ccc.eu\/ro\/\",\"name\":\"CCC Fashion blog\",\"description\":\"Locul t\u0103u plin de inspira\u021bii \u00een mod\u0103\",\"publisher\":{\"@id\":\"https:\/\/blog.ccc.eu\/ro\/#organization\"},\"potentialAction\":[{\"@type\":\"SearchAction\",\"target\":{\"@type\":\"EntryPoint\",\"urlTemplate\":\"https:\/\/blog.ccc.eu\/ro\/?s={search_term_string}\"},\"query-input\":{\"@type\":\"PropertyValueSpecification\",\"valueRequired\":true,\"valueName\":\"search_term_string\"}}],\"inLanguage\":\"ro-RO\"},{\"@type\":\"Organization\",\"@id\":\"https:\/\/blog.ccc.eu\/ro\/#organization\",\"name\":\"CCC S.A.\",\"url\":\"https:\/\/blog.ccc.eu\/ro\/\",\"logo\":{\"@type\":\"ImageObject\",\"inLanguage\":\"ro-RO\",\"@id\":\"https:\/\/blog.ccc.eu\/ro\/#\/schema\/logo\/image\/\",\"url\":\"https:\/\/blog.ccc.eu\/ro\/wp-content\/uploads\/2021\/11\/logo_ccc.png\",\"contentUrl\":\"https:\/\/blog.ccc.eu\/ro\/wp-content\/uploads\/2021\/11\/logo_ccc.png\",\"width\":730,\"height\":270,\"caption\":\"CCC S.A.\"},\"image\":{\"@id\":\"https:\/\/blog.ccc.eu\/ro\/#\/schema\/logo\/image\/\"}},{\"@type\":\"Person\",\"@id\":\"https:\/\/blog.ccc.eu\/ro\/#\/schema\/person\/0601bbc3e409e0a44a47df3630e6edf2\",\"name\":\"Andreea Stoian\u00a0\",\"image\":{\"@type\":\"ImageObject\",\"inLanguage\":\"ro-RO\",\"@id\":\"https:\/\/blog.ccc.eu\/ro\/#\/schema\/person\/image\/\",\"url\":\"https:\/\/blog.ccc.eu\/ro\/wp-content\/uploads\/2022\/01\/Andreea-Stoian-2-100x100.jpeg\",\"contentUrl\":\"https:\/\/blog.ccc.eu\/ro\/wp-content\/uploads\/2022\/01\/Andreea-Stoian-2-100x100.jpeg\",\"caption\":\"Andreea Stoian\u00a0\"},\"url\":\"https:\/\/blog.ccc.eu\/ro\/author\/andreea-stoian\/\"}]}<\/script>\n<!-- \/ Yoast SEO plugin. -->","yoast_head_json":{"title":"Noua colec\u021bie prim\u0103var\u0103-var\u0103 Jenny Fairy de la CCC - CCC Fashion blog","description":"Descopera noua colectie pentru primavara-vara Jenny Fairy de la CCC si adauga in garderoba de sezon cele mai chic modele de incaltaminte si accesorii! 2026","robots":{"index":"index","follow":"follow","max-snippet":"max-snippet:-1","max-image-preview":"max-image-preview:large","max-video-preview":"max-video-preview:-1"},"canonical":"https:\/\/blog.ccc.eu\/ro\/noua-colectie-primavara-vara-jenny-fairy-de-la-ccc\/","og_locale":"ro_RO","og_type":"article","og_title":"Noua colec\u021bie prim\u0103var\u0103-var\u0103 Jenny Fairy de la CCC - CCC Fashion blog","og_description":"Descopera noua colectie pentru primavara-vara Jenny Fairy de la CCC si adauga in garderoba de sezon cele mai chic modele de incaltaminte si accesorii!","og_url":"https:\/\/blog.ccc.eu\/ro\/noua-colectie-primavara-vara-jenny-fairy-de-la-ccc\/","og_site_name":"CCC Fashion blog","article_published_time":"2023-05-05T06:04:32+00:00","article_modified_time":"2023-05-05T06:05:29+00:00","og_image":[{"width":1168,"height":1750,"url":"https:\/\/blog.ccc.eu\/ro\/wp-content\/uploads\/2023\/05\/JF_SS23_08_0173_LBX_300dpi.jpg","type":"image\/jpeg"}],"author":"Andreea Stoian\u00a0","twitter_card":"summary_large_image","twitter_misc":{"Scris de":"Andreea Stoian\u00a0","Timp estimat pentru citire":"8 minute"},"schema":{"@context":"https:\/\/schema.org","@graph":[{"@type":"Article","@id":"https:\/\/blog.ccc.eu\/ro\/noua-colectie-primavara-vara-jenny-fairy-de-la-ccc\/#article","isPartOf":{"@id":"https:\/\/blog.ccc.eu\/ro\/noua-colectie-primavara-vara-jenny-fairy-de-la-ccc\/"},"author":{"name":"Andreea Stoian\u00a0","@id":"https:\/\/blog.ccc.eu\/ro\/#\/schema\/person\/0601bbc3e409e0a44a47df3630e6edf2"},"headline":"Noua colec\u021bie prim\u0103var\u0103-var\u0103 Jenny Fairy de la CCC","datePublished":"2023-05-05T06:04:32+00:00","dateModified":"2023-05-05T06:05:29+00:00","mainEntityOfPage":{"@id":"https:\/\/blog.ccc.eu\/ro\/noua-colectie-primavara-vara-jenny-fairy-de-la-ccc\/"},"wordCount":1666,"publisher":{"@id":"https:\/\/blog.ccc.eu\/ro\/#organization"},"image":{"@id":"https:\/\/blog.ccc.eu\/ro\/noua-colectie-primavara-vara-jenny-fairy-de-la-ccc\/#primaryimage"},"thumbnailUrl":"https:\/\/blog.ccc.eu\/ro\/wp-content\/uploads\/2023\/05\/JF_SS23_08_0173_LBX_300dpi.jpg","keywords":["accesorii Jenny Fairy","colectie Jenny Fairy","genti Jenny Fairy","pantofi Jenny Fairy","sandale Jenny Fairy","sfaturi de moda","tendinte","tendinte noul sezon","tendinte primavara-vara"],"articleSection":["NOUT\u0102\u021aI"],"inLanguage":"ro-RO"},{"@type":"WebPage","@id":"https:\/\/blog.ccc.eu\/ro\/noua-colectie-primavara-vara-jenny-fairy-de-la-ccc\/","url":"https:\/\/blog.ccc.eu\/ro\/noua-colectie-primavara-vara-jenny-fairy-de-la-ccc\/","name":"Noua colec\u021bie prim\u0103var\u0103-var\u0103 Jenny Fairy de la CCC - CCC Fashion blog","isPartOf":{"@id":"https:\/\/blog.ccc.eu\/ro\/#website"},"primaryImageOfPage":{"@id":"https:\/\/blog.ccc.eu\/ro\/noua-colectie-primavara-vara-jenny-fairy-de-la-ccc\/#primaryimage"},"image":{"@id":"https:\/\/blog.ccc.eu\/ro\/noua-colectie-primavara-vara-jenny-fairy-de-la-ccc\/#primaryimage"},"thumbnailUrl":"https:\/\/blog.ccc.eu\/ro\/wp-content\/uploads\/2023\/05\/JF_SS23_08_0173_LBX_300dpi.jpg","datePublished":"2023-05-05T06:04:32+00:00","dateModified":"2023-05-05T06:05:29+00:00","description":"Descopera noua colectie pentru primavara-vara Jenny Fairy de la CCC si adauga in garderoba de sezon cele mai chic modele de incaltaminte si accesorii!","breadcrumb":{"@id":"https:\/\/blog.ccc.eu\/ro\/noua-colectie-primavara-vara-jenny-fairy-de-la-ccc\/#breadcrumb"},"inLanguage":"ro-RO","potentialAction":[{"@type":"ReadAction","target":["https:\/\/blog.ccc.eu\/ro\/noua-colectie-primavara-vara-jenny-fairy-de-la-ccc\/"]}]},{"@type":"ImageObject","inLanguage":"ro-RO","@id":"https:\/\/blog.ccc.eu\/ro\/noua-colectie-primavara-vara-jenny-fairy-de-la-ccc\/#primaryimage","url":"https:\/\/blog.ccc.eu\/ro\/wp-content\/uploads\/2023\/05\/JF_SS23_08_0173_LBX_300dpi.jpg","contentUrl":"https:\/\/blog.ccc.eu\/ro\/wp-content\/uploads\/2023\/05\/JF_SS23_08_0173_LBX_300dpi.jpg","width":1168,"height":1750},{"@type":"BreadcrumbList","@id":"https:\/\/blog.ccc.eu\/ro\/noua-colectie-primavara-vara-jenny-fairy-de-la-ccc\/#breadcrumb","itemListElement":[{"@type":"ListItem","position":1,"name":"Strona g\u0142\u00f3wna","item":"https:\/\/blog.ccc.eu\/ro\/"},{"@type":"ListItem","position":2,"name":"Noua colec\u021bie prim\u0103var\u0103-var\u0103 Jenny Fairy de la CCC"}]},{"@type":"WebSite","@id":"https:\/\/blog.ccc.eu\/ro\/#website","url":"https:\/\/blog.ccc.eu\/ro\/","name":"CCC Fashion blog","description":"Locul t\u0103u plin de inspira\u021bii \u00een mod\u0103","publisher":{"@id":"https:\/\/blog.ccc.eu\/ro\/#organization"},"potentialAction":[{"@type":"SearchAction","target":{"@type":"EntryPoint","urlTemplate":"https:\/\/blog.ccc.eu\/ro\/?s={search_term_string}"},"query-input":{"@type":"PropertyValueSpecification","valueRequired":true,"valueName":"search_term_string"}}],"inLanguage":"ro-RO"},{"@type":"Organization","@id":"https:\/\/blog.ccc.eu\/ro\/#organization","name":"CCC S.A.","url":"https:\/\/blog.ccc.eu\/ro\/","logo":{"@type":"ImageObject","inLanguage":"ro-RO","@id":"https:\/\/blog.ccc.eu\/ro\/#\/schema\/logo\/image\/","url":"https:\/\/blog.ccc.eu\/ro\/wp-content\/uploads\/2021\/11\/logo_ccc.png","contentUrl":"https:\/\/blog.ccc.eu\/ro\/wp-content\/uploads\/2021\/11\/logo_ccc.png","width":730,"height":270,"caption":"CCC S.A."},"image":{"@id":"https:\/\/blog.ccc.eu\/ro\/#\/schema\/logo\/image\/"}},{"@type":"Person","@id":"https:\/\/blog.ccc.eu\/ro\/#\/schema\/person\/0601bbc3e409e0a44a47df3630e6edf2","name":"Andreea Stoian\u00a0","image":{"@type":"ImageObject","inLanguage":"ro-RO","@id":"https:\/\/blog.ccc.eu\/ro\/#\/schema\/person\/image\/","url":"https:\/\/blog.ccc.eu\/ro\/wp-content\/uploads\/2022\/01\/Andreea-Stoian-2-100x100.jpeg","contentUrl":"https:\/\/blog.ccc.eu\/ro\/wp-content\/uploads\/2022\/01\/Andreea-Stoian-2-100x100.jpeg","caption":"Andreea Stoian\u00a0"},"url":"https:\/\/blog.ccc.eu\/ro\/author\/andreea-stoian\/"}]}},"_links":{"self":[{"href":"https:\/\/blog.ccc.eu\/ro\/wp-json\/wp\/v2\/posts\/6296","targetHints":{"allow":["GET"]}}],"collection":[{"href":"https:\/\/blog.ccc.eu\/ro\/wp-json\/wp\/v2\/posts"}],"about":[{"href":"https:\/\/blog.ccc.eu\/ro\/wp-json\/wp\/v2\/types\/post"}],"author":[{"embeddable":true,"href":"https:\/\/blog.ccc.eu\/ro\/wp-json\/wp\/v2\/users\/14"}],"replies":[{"embeddable":true,"href":"https:\/\/blog.ccc.eu\/ro\/wp-json\/wp\/v2\/comments?post=6296"}],"version-history":[{"count":2,"href":"https:\/\/blog.ccc.eu\/ro\/wp-json\/wp\/v2\/posts\/6296\/revisions"}],"predecessor-version":[{"id":6301,"href":"https:\/\/blog.ccc.eu\/ro\/wp-json\/wp\/v2\/posts\/6296\/revisions\/6301"}],"wp:featuredmedia":[{"embeddable":true,"href":"https:\/\/blog.ccc.eu\/ro\/wp-json\/wp\/v2\/media\/6297"}],"wp:attachment":[{"href":"https:\/\/blog.ccc.eu\/ro\/wp-json\/wp\/v2\/media?parent=6296"}],"wp:term":[{"taxonomy":"category","embeddable":true,"href":"https:\/\/blog.ccc.eu\/ro\/wp-json\/wp\/v2\/categories?post=6296"},{"taxonomy":"post_tag","embeddable":true,"href":"https:\/\/blog.ccc.eu\/ro\/wp-json\/wp\/v2\/tags?post=6296"}],"curies":[{"name":"wp","href":"https:\/\/api.w.org\/{rel}","templated":true}]}}