{"id":6354,"date":"2023-05-16T11:25:48","date_gmt":"2023-05-16T09:25:48","guid":{"rendered":"https:\/\/blog.ccc.eu\/ro\/?p=6354"},"modified":"2023-05-16T11:25:49","modified_gmt":"2023-05-16T09:25:49","slug":"tendinte-in-materie-de-sandale-de-seara-in-acest-sezon","status":"publish","type":"post","link":"https:\/\/blog.ccc.eu\/ro\/tendinte-in-materie-de-sandale-de-seara-in-acest-sezon\/","title":{"rendered":"Tendin\u021be \u00een materie de sandale de sear\u0103 \u00een acest sezon"},"content":{"rendered":"\n<p><b>A venit momentul s\u0103 descoperi cele mai recente tendin\u021be \u00een materie de sandale de sear\u0103 pentru acest sezon! \u00cen articolul nostru, vei explora o varietate de stiluri populare \u0219i vei \u00eenv\u0103\u021ba cum s\u0103 alegi sandalele potrivite pentru diferite tipuri de evenimente. Nu numai at\u00e2t, dar vei primi \u0219i sfaturi utile pentru combinarea sandalelor de sear\u0103 cu \u021binutele potrivite, precum \u0219i informa\u021bii despre tendin\u021bele actuale \u00een materie de culori \u0219i materiale. A\u0219adar, preg\u0103te\u0219te-te s\u0103 \u00ee\u021bi impresionezi prietenii \u0219i s\u0103 str\u0103luce\u0219ti \u00een acest sezon cu ajutorul sandalelor de la CCC!&nbsp;<\/b><\/p>\n\n\n\n<figure class=\"wp-block-gallery has-nested-images columns-default is-cropped wp-block-gallery-1 is-layout-flex wp-block-gallery-is-layout-flex\">\n<figure class=\"wp-block-image size-large\"><img loading=\"lazy\" decoding=\"async\" width=\"827\" height=\"1024\" data-id=\"6356\" src=\"https:\/\/blog.ccc.eu\/ro\/wp-content\/uploads\/2023\/05\/Jenny_Fairy_analog_AS07-1-827x1024.jpg\" alt=\"\" class=\"wp-image-6356\" srcset=\"https:\/\/blog.ccc.eu\/ro\/wp-content\/uploads\/2023\/05\/Jenny_Fairy_analog_AS07-1-827x1024.jpg 827w, https:\/\/blog.ccc.eu\/ro\/wp-content\/uploads\/2023\/05\/Jenny_Fairy_analog_AS07-1-242x300.jpg 242w, https:\/\/blog.ccc.eu\/ro\/wp-content\/uploads\/2023\/05\/Jenny_Fairy_analog_AS07-1-768x951.jpg 768w, https:\/\/blog.ccc.eu\/ro\/wp-content\/uploads\/2023\/05\/Jenny_Fairy_analog_AS07-1-100x124.jpg 100w, https:\/\/blog.ccc.eu\/ro\/wp-content\/uploads\/2023\/05\/Jenny_Fairy_analog_AS07-1.jpg 896w\" sizes=\"auto, (max-width: 827px) 100vw, 827px\" \/><\/figure>\n\n\n\n<figure class=\"wp-block-image size-large\"><img loading=\"lazy\" decoding=\"async\" width=\"817\" height=\"1024\" data-id=\"6355\" src=\"https:\/\/blog.ccc.eu\/ro\/wp-content\/uploads\/2023\/05\/Jenny_Fairy_analog_AS10-1-817x1024.jpg\" alt=\"\" class=\"wp-image-6355\" srcset=\"https:\/\/blog.ccc.eu\/ro\/wp-content\/uploads\/2023\/05\/Jenny_Fairy_analog_AS10-1-817x1024.jpg 817w, https:\/\/blog.ccc.eu\/ro\/wp-content\/uploads\/2023\/05\/Jenny_Fairy_analog_AS10-1-239x300.jpg 239w, https:\/\/blog.ccc.eu\/ro\/wp-content\/uploads\/2023\/05\/Jenny_Fairy_analog_AS10-1-768x963.jpg 768w, https:\/\/blog.ccc.eu\/ro\/wp-content\/uploads\/2023\/05\/Jenny_Fairy_analog_AS10-1-100x125.jpg 100w, https:\/\/blog.ccc.eu\/ro\/wp-content\/uploads\/2023\/05\/Jenny_Fairy_analog_AS10-1.jpg 896w\" sizes=\"auto, (max-width: 817px) 100vw, 817px\" \/><\/figure>\n<\/figure>\n\n\n\n<h2 class=\"wp-block-heading\">Cele mai populare stiluri de sandale de sear\u0103 \u00een acest sezon<\/h2>\n\n\n\n<p>Cele mai populare stiluri de <a href=\"https:\/\/ccc.eu\/ro\/femei\/pantofi\/sandale\">sandale <\/a>de sear\u0103 \u00een acest sezon sunt sandalele cu toc \u00eenalt \u0219i sub\u021bire, sandalele cu platform\u0103, sandalele cu barete \u0219i catarame \u0219i sandalele gladiator.<\/p>\n\n\n\n<ul class=\"wp-block-list\">\n<li><strong>Sandalele cu toc \u00eenalt \u0219i sub\u021bire<\/strong> sunt ideale pentru evenimente formale sau petreceri de sear\u0103. Acestea ofer\u0103 un aspect elegant \u0219i sofisticat, datorit\u0103 tocului \u00eenalt \u0219i sub\u021bire care alunge\u0219te picioarele \u0219i ofer\u0103 o alur\u0103 rafinat\u0103 \u021binutei.&nbsp;<\/li>\n\n\n\n<li><strong>Sandalele cu platform\u0103 <\/strong>sunt potrivite pentru evenimente semi-formale sau petreceri \u00een aer liber. Acestea \u00eembin\u0103 confortul cu stilul, oferind \u00een\u0103l\u021bime f\u0103r\u0103 a sacrifica gradul de confort resim\u021bit. Platforma sus\u021bine toat\u0103 talpa piciorului, fapt care face ca aceste sandale s\u0103 fie confortabile \u0219i u\u0219or de purtat.<\/li>\n\n\n\n<li><strong>Sandalele cu barete \u0219i catarame<\/strong> sunt caracterizate de multiple barete care se \u00eencruci\u0219eaz\u0103 sau se \u00eenf\u0103\u0219oar\u0103 \u00een jurul gleznei. Cataramele adaug\u0103 un element de design interesant \u0219i permit ajustarea sandalelor pentru o potrivire perfect\u0103. Aceste sandale sunt potrivite pentru evenimente casual sau semi-formale, fiind ideale pentru o \u021binut\u0103 lejer\u0103 \u0219i confortabil\u0103.<\/li>\n\n\n\n<li><strong>Sandalele gladiator<\/strong> sunt inspirate de \u00eenc\u0103l\u021b\u0103mintea antic\u0103 roman\u0103 \u0219i sunt caracterizate de barete lungi \u0219i \u00eencruci\u0219ate care se \u00eenf\u0103\u0219oar\u0103 \u00een jurul piciorului \u0219i gleznei. Aceste sandale ofer\u0103 un aspect \u00eendr\u0103zne\u021b \u0219i pot fi purtate la evenimente informale sau petreceri \u00een aer liber.&nbsp;<\/li>\n<\/ul>\n\n\n\n<p><br>\u00cen concluzie, indiferent de preferin\u021bele tale \u00een materie de \u00eenc\u0103l\u021b\u0103minte, \u00een acest sezon vei g\u0103si o varietate de modele de sandale de sear\u0103 care s\u0103 se potriveasc\u0103 stilului t\u0103u \u0219i evenimentelor la care participi!<\/p>\n\n\n\n\n\n\n<h2 class=\"wp-block-heading\">Cum s\u0103 alegi sandalele potrivite pentru diferite tipuri de evenimente<\/h2>\n\n\n\n<p><strong>1. Analiza evenimentului:<\/strong> \u00cenainte de a alege sandalele potrivite pentru un eveniment, este important s\u0103 analizezi nivelul de formalitate al acestuia. La o <a href=\"https:\/\/ccc.eu\/ro\/pantofi-de-nunta-dama\">nunt\u0103 <\/a>sau o gal\u0103, opteaz\u0103 pentru sandale cu toc \u00eenalt \u0219i design elegant, iar la petreceri informale, po\u021bi alege modele cu toc mediu sau plat, cu detalii mai \u00eendr\u0103zne\u021be.<br><br><strong>2. Compatibilitatea cu \u021binuta:<\/strong> Sandalele pe care le alegi trebuie s\u0103 se potriveasc\u0103 perfect cu \u021binuta pe care o por\u021bi. \u00cen general, culoarea, materialul, lungimea \u0219i stilul rochiei sau costumului ar trebui s\u0103 fie luate \u00een considerare atunci c\u00e2nd alegi sandalele. De exemplu, pentru o rochie lung\u0103 \u0219i str\u00e2mt\u0103, alege sandale cu toc \u00eenalt \u0219i design simplu, \u00een timp ce pentru o rochie scurt\u0103 \u0219i vaporoas\u0103, po\u021bi opta pentru sandale cu platform\u0103 sau detalii mai sofisticate.<br><br><strong>3. Confortul<\/strong>: \u00cenainte de a alege sandalele pentru un eveniment, este important s\u0103 te asiguri c\u0103 sunt confortabile. Sandalele trebuie s\u0103 aib\u0103 talp\u0103 moale \u0219i s\u0103 sus\u021bin\u0103 piciorul \u00een mod corespunz\u0103tor. \u00cen plus, este recomandat s\u0103 le testezi \u00eenainte de a le purta la eveniment pentru a evita disconfortul sau durerile de picioare. Este important <a href=\"https:\/\/ccc.eu\/ro\/cum-se-alege-marimea-pantofilor\">s\u0103 alegi m\u0103rimea potrivit\u0103<\/a> \u0219i s\u0103 te asiguri c\u0103 nu te str\u00e2ng.<br><br><strong>4. Accesoriile potrivite: <\/strong>Atunci c\u00e2nd alegi sandalele pentru un eveniment, ia \u00een considerare accesoriile pe care le vei purta, cum ar fi bijuteriile, po\u0219eta sau <a href=\"https:\/\/ccc.eu\/ro\/accesorii\/femei\/curele\">cureaua<\/a>. Dac\u0103 ai deja un accent puternic \u00een \u021binut\u0103, cum ar fi o bijuterie statement sau o po\u0219et\u0103 str\u0103lucitoare, alege sandale mai simple \u0219i neutre, care s\u0103 nu concureze cu aceste accesorii.<\/p>\n\n\n\n<h2 class=\"wp-block-heading\">Sfaturi pentru combinarea sandalelor de sear\u0103 cu \u021binutele potrivite<\/h2>\n\n\n\n<p>Acordarea aten\u021biei la forma \u0219i designul sandalelor este esen\u021bial\u0103 pentru a ob\u021bine un aspect armonios. Un sfat important este s\u0103 alegi sandale cu un design care s\u0103 se potriveasc\u0103 stilului \u021binutei. De exemplu, sandale cu barete sub\u021biri \u0219i elegante pentru rochii de sear\u0103 elegante sau sandale cu un aspect mai \u00eendr\u0103zne\u021b, cum ar fi cele cu platform\u0103 sau toc gros, pentru <a href=\"https:\/\/blog.ccc.eu\/ro\/stil-casual-sfaturi-si-idei-de-imbracaminte\/\">\u021binute mai casual<\/a>.<br><br>Coordonarea culorilor este, de asemenea, un aspect important de luat \u00een considerare. Asigur\u0103-te c\u0103 sandalele se potrivesc culorilor \u021binutei. Poate fi o potrivire exact\u0103, \u00een cazul \u00een care sandalele \u0219i \u021binuta au aceea\u0219i nuan\u021b\u0103, sau po\u021bi opta pentru sandale cu o nuan\u021b\u0103 contrastant\u0103 pentru a crea un punct de atrac\u021bie \u00een outfitul t\u0103u.<br><br>Este important s\u0103 \u021bii cont de lungimea \u0219i croiala \u021binutei atunci c\u00e2nd alegi sandalele de sear\u0103. De exemplu, rochiile lungi p\u00e2n\u0103 la podea pot ascunde sandalele, deci alege un model cu toc \u00eenalt pentru a prelungi silueta! Pentru rochii scurte, asigur\u0103-te c\u0103 sandalele nu sunt prea \u00eenc\u0103rcate sau prea \u00eenalte, pentru a nu distorsiona propor\u021biile corpului.<br><br>Accesorizarea corect\u0103 poate aduce un plus de stil \u00eentregii \u021binute. \u00cen func\u021bie de stilul sandalelor \u0219i al \u021binutei, po\u021bi ad\u0103uga <a href=\"https:\/\/ccc.eu\/ro\/accesorii\/femei\">accesorii <\/a>potrivite, cum ar fi coliere, cercei sau br\u0103\u021b\u0103ri, care s\u0103 completeze \u00eentregul look. Asigur\u0103-te c\u0103 elementele de design ale sandalelor se potrivesc cu cele ale accesoriilor, pentru a crea o imagine armonioas\u0103 \u0219i coerent\u0103.<\/p>\n\n\n\n<h2 class=\"wp-block-heading\">Tendin\u021be \u00een materie de culori \u0219i materiale pentru sandalele de sear\u0103<\/h2>\n\n\n\n<p>\u00cen acest sezon, sandalele de sear\u0103 se \u00eendreapt\u0103 c\u0103tre culori metalice, precum auriu, argintiu \u0219i bronz, dar \u0219i c\u0103tre nuan\u021be vibrante de ro\u0219u, albastru sau verde smarald. De asemenea, nuan\u021bele neutre precum negru, bej sau gri r\u0103m\u00e2n o alegere clasic\u0103 \u0219i elegant\u0103.<br><br>Materialele preferate pentru sandalele de sear\u0103 sunt pielea natural\u0103, satinul \u0219i dantela. <a href=\"https:\/\/blog.ccc.eu\/ro\/pielea-naturala-cu-ce-se-curata-si-cum-se-intretine\/\">Pielea natural\u0103<\/a> confer\u0103 durabilitate \u0219i confort, \u00een timp ce satinul \u0219i dantela aduc un plus de rafinament \u0219i feminitate \u021binutelor de ocazie. Aplicarea de pietre pre\u021bioase, perlu\u021be, broderii sau franjuri reprezint\u0103 o tendin\u021b\u0103 important\u0103 \u00een acest sezon. Aceste detalii adaug\u0103 un aer sofisticat \u0219i luxos sandalelor de sear\u0103, transform\u00e2ndu-le \u00een adev\u0103rate bijuterii pentru picioare.<\/p>\n\n\n\n\n\n\n<p>Nu ezita s\u0103 explorezi site-ul <a href=\"https:\/\/ccc.eu\/ro\/\">CCC <\/a>pentru mai multe informa\u021bii relevante \u0219i pentru a descoperi gama de produse care \u00ee\u021bi stau la dispozi\u021bie. Fii \u00een pas cu moda \u0219i alege sandalele perfecte pentru evenimentele tale speciale!<\/p>\n","protected":false},"excerpt":{"rendered":"<p>A venit momentul s\u0103 descoperi cele mai recente tendin\u021be \u00een materie de sandale de sear\u0103 pentru acest sezon! \u00cen articolul nostru, vei explora o varietate de stiluri populare \u0219i vei \u00eenv\u0103\u021ba cum s\u0103 alegi sandalele potrivite pentru diferite tipuri de evenimente. Nu numai at\u00e2t, dar vei primi \u0219i sfaturi utile pentru combinarea sandalelor de sear\u0103 [&hellip;]<\/p>\n","protected":false},"author":16,"featured_media":6355,"comment_status":"closed","ping_status":"closed","sticky":false,"template":"","format":"standard","meta":{"_acf_changed":false,"footnotes":""},"categories":[4],"tags":[1329,1204,1617,1616,727,1618],"class_list":["post-6354","post","type-post","status-publish","format-standard","has-post-thumbnail","hentry","category-sfaturi-de-moda","tag-idei-de-asortare","tag-incaltaminte-dama","tag-pantofi-in-tendinte","tag-sandale-de-dama","tag-sfaturi-de-moda","tag-tinuta-de-seara"],"acf":[],"yoast_head":"<!-- This site is optimized with the Yoast SEO plugin v26.9 - https:\/\/yoast.com\/product\/yoast-seo-wordpress\/ -->\n<title>Tendin\u021be \u00een materie de sandale de sear\u0103 \u00een acest sezon - CCC Fashion blog<\/title>\n<meta name=\"description\" content=\"Descopera care sunt cele mai populare modele de sandale de seara in acest sezon. Iti oferim recomandari pentru integrarea acestora in tinutele elegante. 2026\" \/>\n<meta name=\"robots\" content=\"index, follow, max-snippet:-1, max-image-preview:large, max-video-preview:-1\" \/>\n<link rel=\"canonical\" href=\"https:\/\/blog.ccc.eu\/ro\/tendinte-in-materie-de-sandale-de-seara-in-acest-sezon\/\" \/>\n<meta property=\"og:locale\" content=\"ro_RO\" \/>\n<meta property=\"og:type\" content=\"article\" \/>\n<meta property=\"og:title\" content=\"Tendin\u021be \u00een materie de sandale de sear\u0103 \u00een acest sezon - CCC Fashion blog\" \/>\n<meta property=\"og:description\" content=\"Descopera care sunt cele mai populare modele de sandale de seara in acest sezon. Iti oferim recomandari pentru integrarea acestora in tinutele elegante.\" \/>\n<meta property=\"og:url\" content=\"https:\/\/blog.ccc.eu\/ro\/tendinte-in-materie-de-sandale-de-seara-in-acest-sezon\/\" \/>\n<meta property=\"og:site_name\" content=\"CCC Fashion blog\" \/>\n<meta property=\"article:published_time\" content=\"2023-05-16T09:25:48+00:00\" \/>\n<meta property=\"article:modified_time\" content=\"2023-05-16T09:25:49+00:00\" \/>\n<meta property=\"og:image\" content=\"https:\/\/blog.ccc.eu\/ro\/wp-content\/uploads\/2023\/05\/Jenny_Fairy_analog_AS10-1.jpg\" \/>\n\t<meta property=\"og:image:width\" content=\"896\" \/>\n\t<meta property=\"og:image:height\" content=\"1123\" \/>\n\t<meta property=\"og:image:type\" content=\"image\/jpeg\" \/>\n<meta name=\"author\" content=\"Cristina Boncea\" \/>\n<meta name=\"twitter:card\" content=\"summary_large_image\" \/>\n<meta name=\"twitter:label1\" content=\"Scris de\" \/>\n\t<meta name=\"twitter:data1\" content=\"Cristina Boncea\" \/>\n\t<meta name=\"twitter:label2\" content=\"Timp estimat pentru citire\" \/>\n\t<meta name=\"twitter:data2\" content=\"6 minute\" \/>\n<script type=\"application\/ld+json\" class=\"yoast-schema-graph\">{\"@context\":\"https:\/\/schema.org\",\"@graph\":[{\"@type\":\"Article\",\"@id\":\"https:\/\/blog.ccc.eu\/ro\/tendinte-in-materie-de-sandale-de-seara-in-acest-sezon\/#article\",\"isPartOf\":{\"@id\":\"https:\/\/blog.ccc.eu\/ro\/tendinte-in-materie-de-sandale-de-seara-in-acest-sezon\/\"},\"author\":{\"name\":\"Cristina Boncea\",\"@id\":\"https:\/\/blog.ccc.eu\/ro\/#\/schema\/person\/9735c04e95c7b574bdea1696e22bfb4a\"},\"headline\":\"Tendin\u021be \u00een materie de sandale de sear\u0103 \u00een acest sezon\",\"datePublished\":\"2023-05-16T09:25:48+00:00\",\"dateModified\":\"2023-05-16T09:25:49+00:00\",\"mainEntityOfPage\":{\"@id\":\"https:\/\/blog.ccc.eu\/ro\/tendinte-in-materie-de-sandale-de-seara-in-acest-sezon\/\"},\"wordCount\":1116,\"publisher\":{\"@id\":\"https:\/\/blog.ccc.eu\/ro\/#organization\"},\"image\":{\"@id\":\"https:\/\/blog.ccc.eu\/ro\/tendinte-in-materie-de-sandale-de-seara-in-acest-sezon\/#primaryimage\"},\"thumbnailUrl\":\"https:\/\/blog.ccc.eu\/ro\/wp-content\/uploads\/2023\/05\/Jenny_Fairy_analog_AS10-1.jpg\",\"keywords\":[\"idei de asortare\",\"incaltaminte dama\",\"pantofi in tendinte\",\"sandale de dama\",\"sfaturi de moda\",\"tinuta de seara\"],\"articleSection\":[\"SFATURI DE MOD\u0102\"],\"inLanguage\":\"ro-RO\"},{\"@type\":\"WebPage\",\"@id\":\"https:\/\/blog.ccc.eu\/ro\/tendinte-in-materie-de-sandale-de-seara-in-acest-sezon\/\",\"url\":\"https:\/\/blog.ccc.eu\/ro\/tendinte-in-materie-de-sandale-de-seara-in-acest-sezon\/\",\"name\":\"Tendin\u021be \u00een materie de sandale de sear\u0103 \u00een acest sezon - CCC Fashion blog\",\"isPartOf\":{\"@id\":\"https:\/\/blog.ccc.eu\/ro\/#website\"},\"primaryImageOfPage\":{\"@id\":\"https:\/\/blog.ccc.eu\/ro\/tendinte-in-materie-de-sandale-de-seara-in-acest-sezon\/#primaryimage\"},\"image\":{\"@id\":\"https:\/\/blog.ccc.eu\/ro\/tendinte-in-materie-de-sandale-de-seara-in-acest-sezon\/#primaryimage\"},\"thumbnailUrl\":\"https:\/\/blog.ccc.eu\/ro\/wp-content\/uploads\/2023\/05\/Jenny_Fairy_analog_AS10-1.jpg\",\"datePublished\":\"2023-05-16T09:25:48+00:00\",\"dateModified\":\"2023-05-16T09:25:49+00:00\",\"description\":\"Descopera care sunt cele mai populare modele de sandale de seara in acest sezon. Iti oferim recomandari pentru integrarea acestora in tinutele elegante.\",\"breadcrumb\":{\"@id\":\"https:\/\/blog.ccc.eu\/ro\/tendinte-in-materie-de-sandale-de-seara-in-acest-sezon\/#breadcrumb\"},\"inLanguage\":\"ro-RO\",\"potentialAction\":[{\"@type\":\"ReadAction\",\"target\":[\"https:\/\/blog.ccc.eu\/ro\/tendinte-in-materie-de-sandale-de-seara-in-acest-sezon\/\"]}]},{\"@type\":\"ImageObject\",\"inLanguage\":\"ro-RO\",\"@id\":\"https:\/\/blog.ccc.eu\/ro\/tendinte-in-materie-de-sandale-de-seara-in-acest-sezon\/#primaryimage\",\"url\":\"https:\/\/blog.ccc.eu\/ro\/wp-content\/uploads\/2023\/05\/Jenny_Fairy_analog_AS10-1.jpg\",\"contentUrl\":\"https:\/\/blog.ccc.eu\/ro\/wp-content\/uploads\/2023\/05\/Jenny_Fairy_analog_AS10-1.jpg\",\"width\":896,\"height\":1123},{\"@type\":\"BreadcrumbList\",\"@id\":\"https:\/\/blog.ccc.eu\/ro\/tendinte-in-materie-de-sandale-de-seara-in-acest-sezon\/#breadcrumb\",\"itemListElement\":[{\"@type\":\"ListItem\",\"position\":1,\"name\":\"Strona g\u0142\u00f3wna\",\"item\":\"https:\/\/blog.ccc.eu\/ro\/\"},{\"@type\":\"ListItem\",\"position\":2,\"name\":\"Tendin\u021be \u00een materie de sandale de sear\u0103 \u00een acest sezon\"}]},{\"@type\":\"WebSite\",\"@id\":\"https:\/\/blog.ccc.eu\/ro\/#website\",\"url\":\"https:\/\/blog.ccc.eu\/ro\/\",\"name\":\"CCC Fashion blog\",\"description\":\"Locul t\u0103u plin de inspira\u021bii \u00een mod\u0103\",\"publisher\":{\"@id\":\"https:\/\/blog.ccc.eu\/ro\/#organization\"},\"potentialAction\":[{\"@type\":\"SearchAction\",\"target\":{\"@type\":\"EntryPoint\",\"urlTemplate\":\"https:\/\/blog.ccc.eu\/ro\/?s={search_term_string}\"},\"query-input\":{\"@type\":\"PropertyValueSpecification\",\"valueRequired\":true,\"valueName\":\"search_term_string\"}}],\"inLanguage\":\"ro-RO\"},{\"@type\":\"Organization\",\"@id\":\"https:\/\/blog.ccc.eu\/ro\/#organization\",\"name\":\"CCC S.A.\",\"url\":\"https:\/\/blog.ccc.eu\/ro\/\",\"logo\":{\"@type\":\"ImageObject\",\"inLanguage\":\"ro-RO\",\"@id\":\"https:\/\/blog.ccc.eu\/ro\/#\/schema\/logo\/image\/\",\"url\":\"https:\/\/blog.ccc.eu\/ro\/wp-content\/uploads\/2021\/11\/logo_ccc.png\",\"contentUrl\":\"https:\/\/blog.ccc.eu\/ro\/wp-content\/uploads\/2021\/11\/logo_ccc.png\",\"width\":730,\"height\":270,\"caption\":\"CCC S.A.\"},\"image\":{\"@id\":\"https:\/\/blog.ccc.eu\/ro\/#\/schema\/logo\/image\/\"}},{\"@type\":\"Person\",\"@id\":\"https:\/\/blog.ccc.eu\/ro\/#\/schema\/person\/9735c04e95c7b574bdea1696e22bfb4a\",\"name\":\"Cristina Boncea\",\"image\":{\"@type\":\"ImageObject\",\"inLanguage\":\"ro-RO\",\"@id\":\"https:\/\/blog.ccc.eu\/ro\/#\/schema\/person\/image\/\",\"url\":\"https:\/\/blog.ccc.eu\/ro\/wp-content\/uploads\/2022\/01\/Cristina-Boncea-100x100.jpeg\",\"contentUrl\":\"https:\/\/blog.ccc.eu\/ro\/wp-content\/uploads\/2022\/01\/Cristina-Boncea-100x100.jpeg\",\"caption\":\"Cristina Boncea\"},\"url\":\"https:\/\/blog.ccc.eu\/ro\/author\/cristina-boncea\/\"}]}<\/script>\n<!-- \/ Yoast SEO plugin. -->","yoast_head_json":{"title":"Tendin\u021be \u00een materie de sandale de sear\u0103 \u00een acest sezon - CCC Fashion blog","description":"Descopera care sunt cele mai populare modele de sandale de seara in acest sezon. Iti oferim recomandari pentru integrarea acestora in tinutele elegante. 2026","robots":{"index":"index","follow":"follow","max-snippet":"max-snippet:-1","max-image-preview":"max-image-preview:large","max-video-preview":"max-video-preview:-1"},"canonical":"https:\/\/blog.ccc.eu\/ro\/tendinte-in-materie-de-sandale-de-seara-in-acest-sezon\/","og_locale":"ro_RO","og_type":"article","og_title":"Tendin\u021be \u00een materie de sandale de sear\u0103 \u00een acest sezon - CCC Fashion blog","og_description":"Descopera care sunt cele mai populare modele de sandale de seara in acest sezon. Iti oferim recomandari pentru integrarea acestora in tinutele elegante.","og_url":"https:\/\/blog.ccc.eu\/ro\/tendinte-in-materie-de-sandale-de-seara-in-acest-sezon\/","og_site_name":"CCC Fashion blog","article_published_time":"2023-05-16T09:25:48+00:00","article_modified_time":"2023-05-16T09:25:49+00:00","og_image":[{"width":896,"height":1123,"url":"https:\/\/blog.ccc.eu\/ro\/wp-content\/uploads\/2023\/05\/Jenny_Fairy_analog_AS10-1.jpg","type":"image\/jpeg"}],"author":"Cristina Boncea","twitter_card":"summary_large_image","twitter_misc":{"Scris de":"Cristina Boncea","Timp estimat pentru citire":"6 minute"},"schema":{"@context":"https:\/\/schema.org","@graph":[{"@type":"Article","@id":"https:\/\/blog.ccc.eu\/ro\/tendinte-in-materie-de-sandale-de-seara-in-acest-sezon\/#article","isPartOf":{"@id":"https:\/\/blog.ccc.eu\/ro\/tendinte-in-materie-de-sandale-de-seara-in-acest-sezon\/"},"author":{"name":"Cristina Boncea","@id":"https:\/\/blog.ccc.eu\/ro\/#\/schema\/person\/9735c04e95c7b574bdea1696e22bfb4a"},"headline":"Tendin\u021be \u00een materie de sandale de sear\u0103 \u00een acest sezon","datePublished":"2023-05-16T09:25:48+00:00","dateModified":"2023-05-16T09:25:49+00:00","mainEntityOfPage":{"@id":"https:\/\/blog.ccc.eu\/ro\/tendinte-in-materie-de-sandale-de-seara-in-acest-sezon\/"},"wordCount":1116,"publisher":{"@id":"https:\/\/blog.ccc.eu\/ro\/#organization"},"image":{"@id":"https:\/\/blog.ccc.eu\/ro\/tendinte-in-materie-de-sandale-de-seara-in-acest-sezon\/#primaryimage"},"thumbnailUrl":"https:\/\/blog.ccc.eu\/ro\/wp-content\/uploads\/2023\/05\/Jenny_Fairy_analog_AS10-1.jpg","keywords":["idei de asortare","incaltaminte dama","pantofi in tendinte","sandale de dama","sfaturi de moda","tinuta de seara"],"articleSection":["SFATURI DE MOD\u0102"],"inLanguage":"ro-RO"},{"@type":"WebPage","@id":"https:\/\/blog.ccc.eu\/ro\/tendinte-in-materie-de-sandale-de-seara-in-acest-sezon\/","url":"https:\/\/blog.ccc.eu\/ro\/tendinte-in-materie-de-sandale-de-seara-in-acest-sezon\/","name":"Tendin\u021be \u00een materie de sandale de sear\u0103 \u00een acest sezon - CCC Fashion blog","isPartOf":{"@id":"https:\/\/blog.ccc.eu\/ro\/#website"},"primaryImageOfPage":{"@id":"https:\/\/blog.ccc.eu\/ro\/tendinte-in-materie-de-sandale-de-seara-in-acest-sezon\/#primaryimage"},"image":{"@id":"https:\/\/blog.ccc.eu\/ro\/tendinte-in-materie-de-sandale-de-seara-in-acest-sezon\/#primaryimage"},"thumbnailUrl":"https:\/\/blog.ccc.eu\/ro\/wp-content\/uploads\/2023\/05\/Jenny_Fairy_analog_AS10-1.jpg","datePublished":"2023-05-16T09:25:48+00:00","dateModified":"2023-05-16T09:25:49+00:00","description":"Descopera care sunt cele mai populare modele de sandale de seara in acest sezon. Iti oferim recomandari pentru integrarea acestora in tinutele elegante.","breadcrumb":{"@id":"https:\/\/blog.ccc.eu\/ro\/tendinte-in-materie-de-sandale-de-seara-in-acest-sezon\/#breadcrumb"},"inLanguage":"ro-RO","potentialAction":[{"@type":"ReadAction","target":["https:\/\/blog.ccc.eu\/ro\/tendinte-in-materie-de-sandale-de-seara-in-acest-sezon\/"]}]},{"@type":"ImageObject","inLanguage":"ro-RO","@id":"https:\/\/blog.ccc.eu\/ro\/tendinte-in-materie-de-sandale-de-seara-in-acest-sezon\/#primaryimage","url":"https:\/\/blog.ccc.eu\/ro\/wp-content\/uploads\/2023\/05\/Jenny_Fairy_analog_AS10-1.jpg","contentUrl":"https:\/\/blog.ccc.eu\/ro\/wp-content\/uploads\/2023\/05\/Jenny_Fairy_analog_AS10-1.jpg","width":896,"height":1123},{"@type":"BreadcrumbList","@id":"https:\/\/blog.ccc.eu\/ro\/tendinte-in-materie-de-sandale-de-seara-in-acest-sezon\/#breadcrumb","itemListElement":[{"@type":"ListItem","position":1,"name":"Strona g\u0142\u00f3wna","item":"https:\/\/blog.ccc.eu\/ro\/"},{"@type":"ListItem","position":2,"name":"Tendin\u021be \u00een materie de sandale de sear\u0103 \u00een acest sezon"}]},{"@type":"WebSite","@id":"https:\/\/blog.ccc.eu\/ro\/#website","url":"https:\/\/blog.ccc.eu\/ro\/","name":"CCC Fashion blog","description":"Locul t\u0103u plin de inspira\u021bii \u00een mod\u0103","publisher":{"@id":"https:\/\/blog.ccc.eu\/ro\/#organization"},"potentialAction":[{"@type":"SearchAction","target":{"@type":"EntryPoint","urlTemplate":"https:\/\/blog.ccc.eu\/ro\/?s={search_term_string}"},"query-input":{"@type":"PropertyValueSpecification","valueRequired":true,"valueName":"search_term_string"}}],"inLanguage":"ro-RO"},{"@type":"Organization","@id":"https:\/\/blog.ccc.eu\/ro\/#organization","name":"CCC S.A.","url":"https:\/\/blog.ccc.eu\/ro\/","logo":{"@type":"ImageObject","inLanguage":"ro-RO","@id":"https:\/\/blog.ccc.eu\/ro\/#\/schema\/logo\/image\/","url":"https:\/\/blog.ccc.eu\/ro\/wp-content\/uploads\/2021\/11\/logo_ccc.png","contentUrl":"https:\/\/blog.ccc.eu\/ro\/wp-content\/uploads\/2021\/11\/logo_ccc.png","width":730,"height":270,"caption":"CCC S.A."},"image":{"@id":"https:\/\/blog.ccc.eu\/ro\/#\/schema\/logo\/image\/"}},{"@type":"Person","@id":"https:\/\/blog.ccc.eu\/ro\/#\/schema\/person\/9735c04e95c7b574bdea1696e22bfb4a","name":"Cristina Boncea","image":{"@type":"ImageObject","inLanguage":"ro-RO","@id":"https:\/\/blog.ccc.eu\/ro\/#\/schema\/person\/image\/","url":"https:\/\/blog.ccc.eu\/ro\/wp-content\/uploads\/2022\/01\/Cristina-Boncea-100x100.jpeg","contentUrl":"https:\/\/blog.ccc.eu\/ro\/wp-content\/uploads\/2022\/01\/Cristina-Boncea-100x100.jpeg","caption":"Cristina Boncea"},"url":"https:\/\/blog.ccc.eu\/ro\/author\/cristina-boncea\/"}]}},"_links":{"self":[{"href":"https:\/\/blog.ccc.eu\/ro\/wp-json\/wp\/v2\/posts\/6354","targetHints":{"allow":["GET"]}}],"collection":[{"href":"https:\/\/blog.ccc.eu\/ro\/wp-json\/wp\/v2\/posts"}],"about":[{"href":"https:\/\/blog.ccc.eu\/ro\/wp-json\/wp\/v2\/types\/post"}],"author":[{"embeddable":true,"href":"https:\/\/blog.ccc.eu\/ro\/wp-json\/wp\/v2\/users\/16"}],"replies":[{"embeddable":true,"href":"https:\/\/blog.ccc.eu\/ro\/wp-json\/wp\/v2\/comments?post=6354"}],"version-history":[{"count":1,"href":"https:\/\/blog.ccc.eu\/ro\/wp-json\/wp\/v2\/posts\/6354\/revisions"}],"predecessor-version":[{"id":6357,"href":"https:\/\/blog.ccc.eu\/ro\/wp-json\/wp\/v2\/posts\/6354\/revisions\/6357"}],"wp:featuredmedia":[{"embeddable":true,"href":"https:\/\/blog.ccc.eu\/ro\/wp-json\/wp\/v2\/media\/6355"}],"wp:attachment":[{"href":"https:\/\/blog.ccc.eu\/ro\/wp-json\/wp\/v2\/media?parent=6354"}],"wp:term":[{"taxonomy":"category","embeddable":true,"href":"https:\/\/blog.ccc.eu\/ro\/wp-json\/wp\/v2\/categories?post=6354"},{"taxonomy":"post_tag","embeddable":true,"href":"https:\/\/blog.ccc.eu\/ro\/wp-json\/wp\/v2\/tags?post=6354"}],"curies":[{"name":"wp","href":"https:\/\/api.w.org\/{rel}","templated":true}]}}