{"id":6780,"date":"2023-11-03T07:30:48","date_gmt":"2023-11-03T06:30:48","guid":{"rendered":"https:\/\/blog.ccc.eu\/ro\/?p=6780"},"modified":"2023-11-03T13:49:14","modified_gmt":"2023-11-03T12:49:14","slug":"tinuta-ghete-pana-la-glezna","status":"publish","type":"post","link":"https:\/\/blog.ccc.eu\/ro\/tinuta-ghete-pana-la-glezna\/","title":{"rendered":"Cum s\u0103 integrezi \u00eentr-o \u021binut\u0103 ghetele p\u00e2n\u0103 la glezn\u0103"},"content":{"rendered":"\n<p>Dac\u0103 exist\u0103 modele de \u00eenc\u0103l\u021b\u0103minte de dam\u0103 care s\u0103 poat\u0103 fi asortate cu piesele vestimentare din garderob\u0103, sezon dup\u0103 sezon, acestea sunt ghetele p\u00e2n\u0103 la glezn\u0103 sau celebrele&nbsp;<em>ankle boots<\/em>, a\u0219a cum sunt ele cunoscute \u00een moda interna\u021bional\u0103. Asemenea pieselor vestimentare clasice, \u0219i ghetele p\u00e2n\u0103 la glezn\u0103 reprezint\u0103 elemente esen\u021biale&nbsp;<em>seasonless<\/em>, cu op\u021biuni infinite de stilizare pe aproape tot parcursul anului. Acestea fiind spuse, cu siguran\u021b\u0103 vei avea nevoie de pu\u021bin research pentru a descoperi perechea perfect\u0103 de ghete pe care s\u0103 o adaugi dressingului t\u0103u.<\/p>\n\n\n\n<p>A\u0219a c\u0103 dac\u0103 ai de g\u00e2nd s\u0103-\u021bi \u00eemprosp\u0103tezi garderoba de sezon \u0219i nu \u0219tii cum s\u0103 asortezi ghetele p\u00e2n\u0103 la glezn\u0103 \u00een \u021binutele tale, te invit\u0103m s\u0103 descoperi cum s\u0103 alegi perechea potrivit\u0103 \u0219i cum s\u0103 potrive\u0219ti ghetele cu diferite \u021binute, pentru a avea apari\u021bii spectaculoase \u00een acest sezon. Mai mult, te vom inspira cu idei de \u021binute chic cu ghete p\u00e2n\u0103 la glezn\u0103 \u0219i \u00ee\u021bi vom povesti despre popularitatea acestor <a href=\"https:\/\/ccc.eu\/ro\/noutaile-saptamanii-femei\">modele de \u00eenc\u0103l\u021b\u0103minte de dam\u0103<\/a>. Iat\u0103 cum integrezi ghetele p\u00e2n\u0103 la glezn\u0103 \u00eentr-o \u021binut\u0103!\u00a0<\/p>\n\n\n\n<p><a href=\"https:\/\/www.instagram.com\/p\/CynS0_VpPQk\/?utm_source=ig_web_copy_link\">\n    <blockquote class=\"instagram-media\" data-instgrm-captioned=\"\"\n                data-instgrm-permalink=\"https:\/\/www.instagram.com\/p\/CynS0_VpPQk\/\"\n                data-instgrm-version=\"14\"\n                style=\" background:#FFF; border:0; border-radius:3px; box-shadow:0 0 1px 0 rgba(0,0,0,0.5),0 1px 10px 0 rgba(0,0,0,0.15); margin: 1px; max-width:540px; min-width:326px; padding:0; width:99.375%; width:-webkit-calc(100% - 2px); width:calc(100% - 2px);\">\n        <div style=\"padding:16px;\"><a\n                    href=\"https:\/\/www.instagram.com\/p\/CynS0_VpPQk\/\"\n                    style=\" background:#FFFFFF; line-height:0; padding:0 0; text-align:center; text-decoration:none; width:100%;\"\n                    target=\"_blank\" rel=\"noopener\">\n                <div style=\" display: flex; flex-direction: row; align-items: center;\">\n                    <div style=\"background-color: #F4F4F4; border-radius: 50%; flex-grow: 0; height: 40px; margin-right: 14px; width: 40px;\"><\/div>\n                    <div style=\"display: flex; flex-direction: column; flex-grow: 1; justify-content: center;\">\n                        <div style=\" background-color: #F4F4F4; border-radius: 4px; flex-grow: 0; height: 14px; margin-bottom: 6px; width: 100px;\"><\/div>\n                        <div style=\" background-color: #F4F4F4; border-radius: 4px; flex-grow: 0; height: 14px; width: 60px;\"><\/div>\n                    <\/div>\n                <\/div>\n                <div style=\"padding: 19% 0;\"><\/div>\n                <div style=\"display:block; height:50px; margin:0 auto 12px; width:50px;\">\n                    <svg width=\"50px\" height=\"50px\" viewBox=\"0 0 60 60\" version=\"1.1\"\n                         xmlns=\"https:\/\/www.w3.org\/2000\/svg\" xmlns:xlink=\"https:\/\/www.w3.org\/1999\/xlink\">\n                        <g stroke=\"none\" stroke-width=\"1\" fill=\"none\" fill-rule=\"evenodd\">\n                            <g transform=\"translate(-511.000000, -20.000000)\" fill=\"#000000\">\n                                <g>\n                                    <path d=\"M556.869,30.41 C554.814,30.41 553.148,32.076 553.148,34.131 C553.148,36.186 554.814,37.852 556.869,37.852 C558.924,37.852 560.59,36.186 560.59,34.131 C560.59,32.076 558.924,30.41 556.869,30.41 M541,60.657 C535.114,60.657 530.342,55.887 530.342,50 C530.342,44.114 535.114,39.342 541,39.342 C546.887,39.342 551.658,44.114 551.658,50 C551.658,55.887 546.887,60.657 541,60.657 M541,33.886 C532.1,33.886 524.886,41.1 524.886,50 C524.886,58.899 532.1,66.113 541,66.113 C549.9,66.113 557.115,58.899 557.115,50 C557.115,41.1 549.9,33.886 541,33.886 M565.378,62.101 C565.244,65.022 564.756,66.606 564.346,67.663 C563.803,69.06 563.154,70.057 562.106,71.106 C561.058,72.155 560.06,72.803 558.662,73.347 C557.607,73.757 556.021,74.244 553.102,74.378 C549.944,74.521 548.997,74.552 541,74.552 C533.003,74.552 532.056,74.521 528.898,74.378 C525.979,74.244 524.393,73.757 523.338,73.347 C521.94,72.803 520.942,72.155 519.894,71.106 C518.846,70.057 518.197,69.06 517.654,67.663 C517.244,66.606 516.755,65.022 516.623,62.101 C516.479,58.943 516.448,57.996 516.448,50 C516.448,42.003 516.479,41.056 516.623,37.899 C516.755,34.978 517.244,33.391 517.654,32.338 C518.197,30.938 518.846,29.942 519.894,28.894 C520.942,27.846 521.94,27.196 523.338,26.654 C524.393,26.244 525.979,25.756 528.898,25.623 C532.057,25.479 533.004,25.448 541,25.448 C548.997,25.448 549.943,25.479 553.102,25.623 C556.021,25.756 557.607,26.244 558.662,26.654 C560.06,27.196 561.058,27.846 562.106,28.894 C563.154,29.942 563.803,30.938 564.346,32.338 C564.756,33.391 565.244,34.978 565.378,37.899 C565.522,41.056 565.552,42.003 565.552,50 C565.552,57.996 565.522,58.943 565.378,62.101 M570.82,37.631 C570.674,34.438 570.167,32.258 569.425,30.349 C568.659,28.377 567.633,26.702 565.965,25.035 C564.297,23.368 562.623,22.342 560.652,21.575 C558.743,20.834 556.562,20.326 553.369,20.18 C550.169,20.033 549.148,20 541,20 C532.853,20 531.831,20.033 528.631,20.18 C525.438,20.326 523.257,20.834 521.349,21.575 C519.376,22.342 517.703,23.368 516.035,25.035 C514.368,26.702 513.342,28.377 512.574,30.349 C511.834,32.258 511.326,34.438 511.181,37.631 C511.035,40.831 511,41.851 511,50 C511,58.147 511.035,59.17 511.181,62.369 C511.326,65.562 511.834,67.743 512.574,69.651 C513.342,71.625 514.368,73.296 516.035,74.965 C517.703,76.634 519.376,77.658 521.349,78.425 C523.257,79.167 525.438,79.673 528.631,79.82 C531.831,79.965 532.853,80.001 541,80.001 C549.148,80.001 550.169,79.965 553.369,79.82 C556.562,79.673 558.743,79.167 560.652,78.425 C562.623,77.658 564.297,76.634 565.965,74.965 C567.633,73.296 568.659,71.625 569.425,69.651 C570.167,67.743 570.674,65.562 570.82,62.369 C570.966,59.17 571,58.147 571,50 C571,41.851 570.966,40.831 570.82,37.631\"><\/path>\n                                <\/g>\n                            <\/g>\n                        <\/g>\n                    <\/svg>\n                <\/div>\n                <div style=\"padding: 12.5% 0;\"><\/div>\n                <div style=\"display: flex; flex-direction: row; margin-bottom: 14px; align-items: center;\">\n                    <div>\n                        <div style=\"background-color: #F4F4F4; border-radius: 50%; height: 12.5px; width: 12.5px; transform: translateX(0px) translateY(7px);\"><\/div>\n                        <div style=\"background-color: #F4F4F4; height: 12.5px; transform: rotate(-45deg) translateX(3px) translateY(1px); width: 12.5px; flex-grow: 0; margin-right: 14px; margin-left: 2px;\"><\/div>\n                        <div style=\"background-color: #F4F4F4; border-radius: 50%; height: 12.5px; width: 12.5px; transform: translateX(9px) translateY(-18px);\"><\/div>\n                    <\/div>\n                    <div style=\"margin-left: 8px;\">\n                        <div style=\" background-color: #F4F4F4; border-radius: 50%; flex-grow: 0; height: 20px; width: 20px;\"><\/div>\n                        <div style=\" width: 0; height: 0; border-top: 2px solid transparent; border-left: 6px solid #f4f4f4; border-bottom: 2px solid transparent; transform: translateX(16px) translateY(-4px) rotate(30deg)\"><\/div>\n                    <\/div>\n                    <div style=\"margin-left: auto;\">\n                        <div style=\" width: 0px; border-top: 8px solid #F4F4F4; border-right: 8px solid transparent; transform: translateY(16px);\"><\/div>\n                        <div style=\" background-color: #F4F4F4; flex-grow: 0; height: 12px; width: 16px; transform: translateY(-4px);\"><\/div>\n                        <div style=\" width: 0; height: 0; border-top: 8px solid #F4F4F4; border-left: 8px solid transparent; transform: translateY(-4px) translateX(8px);\"><\/div>\n                    <\/div>\n                <\/div>\n                <div style=\"display: flex; flex-direction: column; flex-grow: 1; justify-content: center; margin-bottom: 24px;\">\n                    <div style=\" background-color: #F4F4F4; border-radius: 4px; flex-grow: 0; height: 14px; margin-bottom: 6px; width: 224px;\"><\/div>\n                    <div style=\" background-color: #F4F4F4; border-radius: 4px; flex-grow: 0; height: 14px; width: 144px;\"><\/div>\n                <\/div>\n            <\/a><\/div>\n    <\/blockquote>\n    <script async=\"\" src=\"\/\/www.instagram.com\/embed.js\"><\/script>\n\t\n\t?utm_source=ig_web_copy_link<\/a><\/p>\n\n\n\n<h2 class=\"wp-block-heading\">Ce sunt ghetele p\u00e2n\u0103 la glezn\u0103 \u0219i de ce sunt \u00een trend?<\/h2>\n\n\n\n<p>Ghetele p\u00e2n\u0103 la glezn\u0103 sunt o form\u0103 de \u00eenc\u0103l\u021b\u0103minte care acoper\u0103 piciorul \u0219i glezna, ajung\u00e2nd p\u00e2n\u0103 la nivelul articula\u021biei gleznei. Acestea sunt caracterizate de \u00een\u0103l\u021bimea lor specific\u0103 \u0219i pot fi fabricate dintr-o varietate de materiale, cum ar fi pielea natural\u0103, pielea sintetic\u0103 sau materialul textil. Exist\u0103 o gam\u0103 larg\u0103 de modele \u0219i stiluri disponibile, de la ghete casual, p\u00e2n\u0103 la cele elegante sau sport-casual.&nbsp;<\/p>\n\n\n\n<p>Istoria \u0219i evolu\u021bia ghetelor p\u00e2n\u0103 la glezn\u0103 sunt fascinante \u0219i reflect\u0103 schimb\u0103rile din moda \u0219i stil de-a lungul timpului. Acestea au ap\u0103rut pentru prima dat\u0103 \u00een anii 1800 \u0219i au fost folosite ini\u021bial ca \u00eenc\u0103l\u021b\u0103minte de munc\u0103, datorit\u0103 rezisten\u021bei \u0219i protec\u021biei pe care o ofer\u0103. De-a lungul anilor, ghetele p\u00e2n\u0103 la glezn\u0103 au devenit din ce \u00een ce mai populare \u0219i au evoluat \u00eentr-o form\u0103 de \u00eenc\u0103l\u021b\u0103minte versatil\u0103 \u0219i stilat\u0103.<\/p>\n\n\n\n<p>Exist\u0103 mai multe motive pentru care <a href=\"https:\/\/ccc.eu\/ro\/femei\/pantofi\/botine-dama\">ghetele p\u00e2n\u0103 la glezn\u0103<\/a> sunt \u00een trend \u00een prezent. \u00cen primul r\u00e2nd, acestea sunt extrem de versatile \u0219i pot fi integrate \u00eentr-o varietate de \u021binute, de la \u021binute casual de zi cu zi, p\u00e2n\u0103 la \u021binute elegante de sear\u0103. Ele pot fi purtate cu blugi, fuste, rochii sau chiar pantaloni elegan\u021bi, ad\u0103ug\u00e2nd un aspect cool \u0219i modern.&nbsp;Un alt motiv pentru popularitatea ghetelor p\u00e2n\u0103 la glezn\u0103 este confortul pe care \u00eel ofer\u0103. Acestea sunt de obicei prev\u0103zute cu c\u0103ptu\u0219eal\u0103 moale \u0219i talp\u0103 flexibil\u0103, asigur\u00e2nd astfel confortul pe tot parcursul zilei. De asemenea, ofer\u0103 stabilitate \u0219i sus\u021binere pentru picior, ceea ce le face ideale pentru activit\u0103\u021bi diverse.<\/p>\n\n\n\n<p>Ghetele p\u00e2n\u0103 la glezn\u0103 au un impact semnificativ \u00een industria modei. Designerii de top le includ \u00een colec\u021biile lor, iar influen\u021ba lor se resimte \u00eentr-o varietate de alte tendin\u021be. De asemenea, acestea au schimbat modul \u00een care ne g\u00e2ndim la \u00eenc\u0103l\u021b\u0103minte \u0219i le-au adus \u00een prim-plan ca un element esen\u021bial \u00een orice \u021binut\u0103. Chiar \u0219i Vogue sus\u021bine c\u0103 ghetele p\u00e2n\u0103 la glezn\u0103 au devenit o pies\u0103 de baz\u0103 \u00een garderoba femeilor, dar \u0219i o adev\u0103rat\u0103 tendin\u021b\u0103 pe pistele de la Fashion Week, sezon dup\u0103 sezon.&nbsp;<\/p>\n\n\n\n\n\n\n<h2 class=\"wp-block-heading\">Alegerea ghetelor p\u00e2n\u0103 la glezn\u0103 potrivite<\/h2>\n\n\n\n<p>C\u00e2nd vine vorba de alegerea ghetelor p\u00e2n\u0103 la glezn\u0103 exist\u0103 c\u00e2\u021biva factori cheie de luat \u00een considerare. Iat\u0103 care sunt criteriile care stau la baza alegerii unor modele potrivite de ghete p\u00e2n\u0103 la glezn\u0103 sau ankle boots!&nbsp;<\/p>\n\n\n\n<ul class=\"wp-block-list\">\n<li>Cunoa\u0219terea stilului personal&nbsp;<\/li>\n<\/ul>\n\n\n\n<p>Primul pas \u00een acest proces este cunoa\u0219terea stilului personal. Fie c\u0103 preferi un stil casual, chic, boho, clasic sau sport, trebuie s\u0103 te asiguri c\u0103 ghetele pe care le alegi se potrivesc cu acest stil. De exemplu, pentru un look casual, ghetele f\u0103r\u0103 toc sau cu un toc mic \u0219i gros sunt cea mai potrivit\u0103 op\u021biune. Vezi \u00eentr-un articol anterior modelele de <a href=\"https:\/\/blog.ccc.eu\/ro\/top-modele-pantofi-la-moda-sezonul-toamna-iarna-2023\/\">pantofi la mod\u0103 \u00een sezonul toamn\u0103-iarn\u0103<\/a> \u0219i alege ghetele \u00een consecin\u021b\u0103!&nbsp;<\/p>\n\n\n\n<ul class=\"wp-block-list\">\n<li>Alegerea culorilor potrivite&nbsp;<\/li>\n<\/ul>\n\n\n\n<p>Un alt aspect important este alegerea culorilor potrivite. Culorile ghetelor p\u00e2n\u0103 la glezn\u0103 ar trebui s\u0103 se potriveasc\u0103 cu \u021binutele pe care le ai \u00een garderob\u0103. Culorile neutre, cum ar fi negru, maro sau gri, sunt foarte versatile \u0219i pot fi u\u0219or de combinat cu diferite \u021binute. Dac\u0103 preferi un look mai \u00eendr\u0103zne\u021b, po\u021bi opta pentru ghetu\u021be \u00een culori vii, cum ar fi ro\u0219u sau albastru electric, care vor ad\u0103uga un strop de culoare \u021binutelor tale. Pentru o doz\u0103 suplimentar\u0103 de inspira\u021bie, po\u021bi parcurge ideile de \u021binute oferite \u00eentr-un alt articol, pentru a introduce <a href=\"https:\/\/blog.ccc.eu\/ro\/top-piese-din-bagaj-vara-aceasta\/\">culorile neutre \u00een stilul elegant<\/a>.&nbsp;<\/p>\n\n\n\n<ul class=\"wp-block-list\">\n<li>Materialul ghetelor p\u00e2n\u0103 la glezn\u0103&nbsp;<\/li>\n<\/ul>\n\n\n\n<p>Printre cele mai importante criterii de selec\u021bie se num\u0103r\u0103 \u0219i materialul din care sunt confec\u021bionate ghetu\u021bele. Pielea natural\u0103 este un material durabil \u0219i confortabil, perfect pentru sezonul toamn\u0103-iarn\u0103. \u00cen schimb, pielea \u00eentoars\u0103 poate fi o op\u021biune excelent\u0103 pentru prim\u0103var\u0103 \u0219i toamn\u0103, dar necesit\u0103 o \u00eengrijire mai atent\u0103.&nbsp;<\/p>\n\n\n\n<ul class=\"wp-block-list\">\n<li>Tipul de siluet\u0103&nbsp;<\/li>\n<\/ul>\n\n\n\n<p>De asemenea, este important s\u0103 \u021bii cont de tipul de siluet\u0103 atunci c\u00e2nd alegi ghetele p\u00e2n\u0103 la glezn\u0103. Acestea pot avea un efect vizual diferit asupra siluetei tale. De exemplu, persoanele cu glezne sub\u021biri pot opta pentru ghete care se \u00eencheie chiar la nivelul gleznei, pentru a le pune \u00een eviden\u021b\u0103. \u00cen schimb, pentru cele cu glezne mai groase, ghetele cu o lungime deasupra gleznei vor alungi vizual picioarele.&nbsp;<\/p>\n\n\n\n<h2 class=\"wp-block-heading\">Asortarea ghetelor p\u00e2n\u0103 la glezn\u0103 cu diferite \u021binute<\/h2>\n\n\n\n<p>Asortarea ghetelor p\u00e2n\u0103 la glezn\u0103 cu \u021binutele din garderob\u0103 poate fi o provocare chiar \u0219i pentru fashioniste. Cu toate acestea, exist\u0103 c\u00e2teva sfaturi \u0219i trucuri care te pot ajuta s\u0103 ob\u021bii un look armonios \u0219i stilat. Iat\u0103 care sunt recomand\u0103rile noastre pentru asortarea diferitelor modele de ghete p\u00e2n\u0103 la glezne cu \u021binutele de sezon!&nbsp;<\/p>\n\n\n\n<ul class=\"wp-block-list\">\n<li>Combin\u0103 ghetele cu fuste \u0219i rochii de toamn\u0103&nbsp;<\/li>\n<\/ul>\n\n\n\n<p>Ghetele p\u00e2n\u0103 la glezn\u0103 pot fi integrate cu succes \u00een \u021binutele cu rochii sau fuste. Un aspect important de luat \u00een considerare este lungimea \u0219i stilul acestora. Pentru o \u021binut\u0103 feminin\u0103 \u0219i chic, po\u021bi alege rochii midi sau fuste plisate, care vor merge perfect cu ghetele p\u00e2n\u0103 la glezn\u0103 \u0219i vor crea un look elegant \u0219i rafinat.&nbsp;<\/p>\n\n\n\n<ul class=\"wp-block-list\">\n<li>Asorteaz\u0103 ghetele cu pantalonii potrivi\u021bi \u00een func\u021bie de stil&nbsp;<\/li>\n<\/ul>\n\n\n\n<p>Atunci c\u00e2nd vine vorba de pantaloni, exist\u0103 mai multe op\u021biuni de asortare cu ghetele p\u00e2n\u0103 la glezn\u0103. Dac\u0103 dore\u0219ti s\u0103 ob\u021bii un aspect alungit al picioarelor, po\u021bi opta pentru pantaloni skinny care se \u00eengusteaz\u0103 pe toat\u0103 lungimea piciorului. Ace\u0219tia vor crea o linie dreapt\u0103 \u0219i vor face ca picioarele tale s\u0103 par\u0103 mai lungi. Pe de alt\u0103 parte, dac\u0103 vrei s\u0103 creezi un contrast interesant, po\u021bi alege s\u0103 construie\u0219ti <a href=\"https:\/\/blog.ccc.eu\/ro\/tinute-cu-pantaloni-largi-pantofii-si-accesoriile-potrivite-acestora\/\">\u021binute cu pantaloni largi<\/a> sau culottes, care vor scoate \u00een eviden\u021b\u0103 ghetele p\u00e2n\u0103 la glezn\u0103 \u0219i vor ad\u0103uga o not\u0103 de originalitate la \u021binut\u0103.&nbsp;<\/p>\n\n\n\n<ul class=\"wp-block-list\">\n<li>Alege accesorii care s\u0103 pun\u0103 \u00een valoare ghetele p\u00e2n\u0103 la glezn\u0103&nbsp;<\/li>\n<\/ul>\n\n\n\n<p>Accesoriile pot juca un rol crucial \u00een aspectul final al \u021binutei tale. De exemplu, ciorapii pot ad\u0103uga un plus de stil dac\u0103 sunt vizibili \u00eentre ghete \u0219i pantaloni sau rochie. Po\u021bi alege ciorapi colora\u021bi sau cu modele interesante pentru a ad\u0103uga un accent suplimentar outfitului \u0219i a aborda <a href=\"https:\/\/blog.ccc.eu\/ro\/stilul-romantic-in-garderoba-de-iarna-botine-potrivite\/\">stilul romantic<\/a> \u00eentr-un mod juc\u0103u\u0219. \u00cen plus, gen\u021bile \u0219i bijuteriile pot fi folosite pentru a completa \u021binuta \u0219i a-i ad\u0103uga un aspect personalizat.<\/p>\n\n\n\n<ul class=\"wp-block-list\">\n<li>Experimenteaz\u0103 cu diferite stiluri vestimentare&nbsp;<\/li>\n<\/ul>\n\n\n\n<p>Ghetele p\u00e2n\u0103 la glezn\u0103 sunt extrem de versatile \u0219i pot fi integrate \u00eentr-o varietate de stiluri. De la cel casual, la cel elegant sau punk, nu exist\u0103 limite \u00een ceea ce prive\u0219te modul \u00een care le po\u021bi asorta. Este important s\u0103 experimentezi \u0219i s\u0103 \u00eencerci diferite combina\u021bii pentru a g\u0103si cea mai bun\u0103 potrivire personal\u0103 \u0219i pentru a-\u021bi exprima stilul individual.<\/p>\n\n\n\n\n\n\n<h2 class=\"wp-block-heading\">Idei de \u021binute cu ghete p\u00e2n\u0103 la glezn\u0103<\/h2>\n\n\n\n<p>Pentru a sus\u021bine informa\u021biile oferite anterior despre ghetele p\u00e2n\u0103 la glezn\u0103 \u0219i integrarea acestora \u00een outfiturile de zi cu zi, ne dorim s\u0103 te inspir\u0103m \u00een cele ce urmeaz\u0103 cu idei de \u021binute de sezon ce pornesc de la aceste modele de \u00eenc\u0103l\u021b\u0103minte. Iat\u0103 cum po\u021bi integra ghetele p\u00e2n\u0103 la glezn\u0103 \u00een \u021binutele tale, \u00een func\u021bie de <a href=\"https:\/\/blog.ccc.eu\/ro\/cele-7-stiluri-vestimentare-de-baza-tinute-pentru-fiecare-gust\/\">stilul vestimentar<\/a> abordat!&nbsp;<\/p>\n\n\n\n<h3 class=\"wp-block-heading\">\u021ainut\u0103 casual cu ghete p\u00e2n\u0103 la glezn\u0103&nbsp;<\/h3>\n\n\n\n<p>Ghetele p\u00e2n\u0103 la glezn\u0103 sunt o alegere excelent\u0103 pentru a ad\u0103uga un vibe casual \u0219i relaxat unei \u021binute. Acestea pot fi integrate perfect \u00een \u021binutele casual, oferind un aspect stilat \u0219i confortabil. Pentru un outfit casual, po\u021bi \u00eencerca s\u0103 asortezi ghetele p\u00e2n\u0103 la glezn\u0103 cu o pereche de jeans \u0219i un pulover lejer. Acest look simplu poate fi completat cu o geac\u0103 de piele \u0219i c\u00e2teva accesorii statement, precum o e\u0219arf\u0103 sau o p\u0103l\u0103rie. Este important s\u0103 alegi ghetele \u00een func\u021bie de culoarea \u0219i textura materialului pentru a crea un contrast pl\u0103cut \u0219i echilibrat \u00een \u021binut\u0103.&nbsp;<\/p>\n\n\n\n<h3 class=\"wp-block-heading\">\u021ainut\u0103 elegant\u0103 cu ghete p\u00e2n\u0103 la glezn\u0103&nbsp;<\/h3>\n\n\n\n<p>De\u0219i poate p\u0103rea neobi\u0219nuit, ghetele p\u00e2n\u0103 la glezn\u0103 pot fi integrate cu succes \u00een \u021binutele elegante. Pentru a ob\u021bine un look sofisticat \u0219i elegant, po\u021bi purta o rochie elegant\u0103, p\u00e2n\u0103 la genunchi, \u00eenso\u021bit\u0103 de o pereche de ghete p\u00e2n\u0103 la glezn\u0103, cu toc gros. Acest contrast poate crea un aspect interesant \u0219i inedit. Asigur\u0103-te c\u0103 ghetele sunt dintr-un material de calitate \u0219i au un aspect rafinat, pentru a se potrivi cu stilul \u021binutei tale. Nu uita s\u0103 alegi o pereche de ciorapi sub\u021biri \u0219i s\u0103 adaugi c\u00e2teva accesorii elegante pentru a completa look-ul.&nbsp;<\/p>\n\n\n\n<h3 class=\"wp-block-heading\">\u021ainut\u0103 urban\u0103 cu ghete p\u00e2n\u0103 la glezn\u0103&nbsp;<\/h3>\n\n\n\n<p><a href=\"https:\/\/blog.ccc.eu\/ro\/stilul-de-imbracaminte-urban-piese-vestimentare-must-have-pentru-toamna\/\">Stilul de \u00eembr\u0103c\u0103minte urban<\/a> este unul cu care cochet\u0103m de ceva timp aici pe blog, iar ghetele p\u00e2n\u0103 la glezn\u0103 de ofer\u0103 ocazia ideal\u0103 de a crea un look urban cool pentru acest sezon. A\u0219adar, po\u021bi aborda \u00een sezonul rece o \u021binut\u0103 tip biker, cu o pereche de baggy jeans, un hanorac oversize, o jachet\u0103 supradimensionat\u0103 din piele \u0219i o pereche de ghete p\u00e2n\u0103 la glezne din piele natural\u0103.&nbsp;<\/p>\n\n\n\n<p>\u00cen concluzie, ghetele p\u00e2n\u0103 la glezn\u0103 ofer\u0103 o versatilitate incredibil\u0103 \u00een crearea \u021binutelor la mod\u0103 pentru noul sezon. Prin alegerea corect\u0103 \u0219i asortarea inteligent\u0103, acestea pot deveni un element esen\u021bial \u00een garderoba ta. Nu uita, totul \u021bine de gustul personal \u0219i de exprimarea propriei personalit\u0103\u021bi! Continu\u0103 s\u0103 explorezi blogul nostru pentru&nbsp;mai multe sfaturi de stil \u0219i inspira\u021bie \u00een crearea \u021binutelor cu ghete p\u00e2n\u0103 la glezn\u0103! De asemenea, \u00een <a href=\"https:\/\/ccc.eu\/ro\/\">magazinul online CCC<\/a> vei descoperi o gam\u0103 variat\u0103 de ghete, care s\u0103-\u021bi completeze \u021binutele \u0219i s\u0103 te ajute s\u0103-\u021bi pui \u00een valoare stilul personal.<\/p>\n","protected":false},"excerpt":{"rendered":"<p>Dac\u0103 exist\u0103 modele de \u00eenc\u0103l\u021b\u0103minte de dam\u0103 care s\u0103 poat\u0103 fi asortate cu piesele vestimentare din garderob\u0103, sezon dup\u0103 sezon, acestea sunt ghetele p\u00e2n\u0103 la glezn\u0103 sau celebrele&nbsp;ankle boots, a\u0219a cum sunt ele cunoscute \u00een moda interna\u021bional\u0103. Asemenea pieselor vestimentare clasice, \u0219i ghetele p\u00e2n\u0103 la glezn\u0103 reprezint\u0103 elemente esen\u021biale&nbsp;seasonless, cu op\u021biuni infinite de stilizare pe [&hellip;]<\/p>\n","protected":false},"author":14,"featured_media":6784,"comment_status":"closed","ping_status":"closed","sticky":false,"template":"","format":"standard","meta":{"_acf_changed":false,"footnotes":""},"categories":[4,6],"tags":[1811,1809,1808,1810,727,1812],"class_list":["post-6780","post","type-post","status-publish","format-standard","has-post-thumbnail","hentry","category-sfaturi-de-moda","category-tendinte","tag-asortare-ghete-dama","tag-ghete-de-dama","tag-ghete-pana-la-glezna","tag-ghete-tinute-toamna","tag-sfaturi-de-moda","tag-tendinte-ghete"],"acf":[],"yoast_head":"<!-- This site is optimized with the Yoast SEO plugin v26.9 - https:\/\/yoast.com\/product\/yoast-seo-wordpress\/ -->\n<title>Cum s\u0103 integrezi \u00eentr-o \u021binut\u0103 ghetele p\u00e2n\u0103 la glezn\u0103 - CCC Fashion blog<\/title>\n<meta name=\"description\" content=\"Nu stii cum sa integrezi ghetele pana la glezna in tinutele de sezon? CCC iti ofera inspiratia necesara prin idei de tinute cu ghete. Descopera-le si tu! 2026\" \/>\n<meta name=\"robots\" content=\"index, follow, max-snippet:-1, max-image-preview:large, max-video-preview:-1\" \/>\n<link rel=\"canonical\" href=\"https:\/\/blog.ccc.eu\/ro\/tinuta-ghete-pana-la-glezna\/\" \/>\n<meta property=\"og:locale\" content=\"ro_RO\" \/>\n<meta property=\"og:type\" content=\"article\" \/>\n<meta property=\"og:title\" content=\"Cum s\u0103 integrezi \u00eentr-o \u021binut\u0103 ghetele p\u00e2n\u0103 la glezn\u0103 - CCC Fashion blog\" \/>\n<meta property=\"og:description\" content=\"Nu stii cum sa integrezi ghetele pana la glezna in tinutele de sezon? CCC iti ofera inspiratia necesara prin idei de tinute cu ghete. Descopera-le si tu!\" \/>\n<meta property=\"og:url\" content=\"https:\/\/blog.ccc.eu\/ro\/tinuta-ghete-pana-la-glezna\/\" \/>\n<meta property=\"og:site_name\" content=\"CCC Fashion blog\" \/>\n<meta property=\"article:published_time\" content=\"2023-11-03T06:30:48+00:00\" \/>\n<meta property=\"article:modified_time\" content=\"2023-11-03T12:49:14+00:00\" \/>\n<meta property=\"og:image\" content=\"https:\/\/blog.ccc.eu\/ro\/wp-content\/uploads\/2023\/11\/CCC_5905588234524_02M_0464-scaled.jpg\" \/>\n\t<meta property=\"og:image:width\" content=\"1920\" \/>\n\t<meta property=\"og:image:height\" content=\"2560\" \/>\n\t<meta property=\"og:image:type\" content=\"image\/jpeg\" \/>\n<meta name=\"author\" content=\"Andreea Stoian\u00a0\" \/>\n<meta name=\"twitter:card\" content=\"summary_large_image\" \/>\n<meta name=\"twitter:label1\" content=\"Scris de\" \/>\n\t<meta name=\"twitter:data1\" content=\"Andreea Stoian\u00a0\" \/>\n\t<meta name=\"twitter:label2\" content=\"Timp estimat pentru citire\" \/>\n\t<meta name=\"twitter:data2\" content=\"10 minute\" \/>\n<script type=\"application\/ld+json\" class=\"yoast-schema-graph\">{\"@context\":\"https:\/\/schema.org\",\"@graph\":[{\"@type\":\"Article\",\"@id\":\"https:\/\/blog.ccc.eu\/ro\/tinuta-ghete-pana-la-glezna\/#article\",\"isPartOf\":{\"@id\":\"https:\/\/blog.ccc.eu\/ro\/tinuta-ghete-pana-la-glezna\/\"},\"author\":{\"name\":\"Andreea Stoian\u00a0\",\"@id\":\"https:\/\/blog.ccc.eu\/ro\/#\/schema\/person\/0601bbc3e409e0a44a47df3630e6edf2\"},\"headline\":\"Cum s\u0103 integrezi \u00eentr-o \u021binut\u0103 ghetele p\u00e2n\u0103 la glezn\u0103\",\"datePublished\":\"2023-11-03T06:30:48+00:00\",\"dateModified\":\"2023-11-03T12:49:14+00:00\",\"mainEntityOfPage\":{\"@id\":\"https:\/\/blog.ccc.eu\/ro\/tinuta-ghete-pana-la-glezna\/\"},\"wordCount\":1929,\"publisher\":{\"@id\":\"https:\/\/blog.ccc.eu\/ro\/#organization\"},\"image\":{\"@id\":\"https:\/\/blog.ccc.eu\/ro\/tinuta-ghete-pana-la-glezna\/#primaryimage\"},\"thumbnailUrl\":\"https:\/\/blog.ccc.eu\/ro\/wp-content\/uploads\/2023\/11\/CCC_5905588234524_02M_0464-scaled.jpg\",\"keywords\":[\"asortare ghete dama\",\"ghete de dama\",\"ghete pana la glezna\",\"ghete tinute toamna\",\"sfaturi de moda\",\"tendinte ghete\"],\"articleSection\":[\"SFATURI DE MOD\u0102\",\"TENDIN\u021aE\"],\"inLanguage\":\"ro-RO\"},{\"@type\":\"WebPage\",\"@id\":\"https:\/\/blog.ccc.eu\/ro\/tinuta-ghete-pana-la-glezna\/\",\"url\":\"https:\/\/blog.ccc.eu\/ro\/tinuta-ghete-pana-la-glezna\/\",\"name\":\"Cum s\u0103 integrezi \u00eentr-o \u021binut\u0103 ghetele p\u00e2n\u0103 la glezn\u0103 - CCC Fashion blog\",\"isPartOf\":{\"@id\":\"https:\/\/blog.ccc.eu\/ro\/#website\"},\"primaryImageOfPage\":{\"@id\":\"https:\/\/blog.ccc.eu\/ro\/tinuta-ghete-pana-la-glezna\/#primaryimage\"},\"image\":{\"@id\":\"https:\/\/blog.ccc.eu\/ro\/tinuta-ghete-pana-la-glezna\/#primaryimage\"},\"thumbnailUrl\":\"https:\/\/blog.ccc.eu\/ro\/wp-content\/uploads\/2023\/11\/CCC_5905588234524_02M_0464-scaled.jpg\",\"datePublished\":\"2023-11-03T06:30:48+00:00\",\"dateModified\":\"2023-11-03T12:49:14+00:00\",\"description\":\"Nu stii cum sa integrezi ghetele pana la glezna in tinutele de sezon? CCC iti ofera inspiratia necesara prin idei de tinute cu ghete. Descopera-le si tu!\",\"breadcrumb\":{\"@id\":\"https:\/\/blog.ccc.eu\/ro\/tinuta-ghete-pana-la-glezna\/#breadcrumb\"},\"inLanguage\":\"ro-RO\",\"potentialAction\":[{\"@type\":\"ReadAction\",\"target\":[\"https:\/\/blog.ccc.eu\/ro\/tinuta-ghete-pana-la-glezna\/\"]}]},{\"@type\":\"ImageObject\",\"inLanguage\":\"ro-RO\",\"@id\":\"https:\/\/blog.ccc.eu\/ro\/tinuta-ghete-pana-la-glezna\/#primaryimage\",\"url\":\"https:\/\/blog.ccc.eu\/ro\/wp-content\/uploads\/2023\/11\/CCC_5905588234524_02M_0464-scaled.jpg\",\"contentUrl\":\"https:\/\/blog.ccc.eu\/ro\/wp-content\/uploads\/2023\/11\/CCC_5905588234524_02M_0464-scaled.jpg\",\"width\":1920,\"height\":2560},{\"@type\":\"BreadcrumbList\",\"@id\":\"https:\/\/blog.ccc.eu\/ro\/tinuta-ghete-pana-la-glezna\/#breadcrumb\",\"itemListElement\":[{\"@type\":\"ListItem\",\"position\":1,\"name\":\"Strona g\u0142\u00f3wna\",\"item\":\"https:\/\/blog.ccc.eu\/ro\/\"},{\"@type\":\"ListItem\",\"position\":2,\"name\":\"Cum s\u0103 integrezi \u00eentr-o \u021binut\u0103 ghetele p\u00e2n\u0103 la glezn\u0103\"}]},{\"@type\":\"WebSite\",\"@id\":\"https:\/\/blog.ccc.eu\/ro\/#website\",\"url\":\"https:\/\/blog.ccc.eu\/ro\/\",\"name\":\"CCC Fashion blog\",\"description\":\"Locul t\u0103u plin de inspira\u021bii \u00een mod\u0103\",\"publisher\":{\"@id\":\"https:\/\/blog.ccc.eu\/ro\/#organization\"},\"potentialAction\":[{\"@type\":\"SearchAction\",\"target\":{\"@type\":\"EntryPoint\",\"urlTemplate\":\"https:\/\/blog.ccc.eu\/ro\/?s={search_term_string}\"},\"query-input\":{\"@type\":\"PropertyValueSpecification\",\"valueRequired\":true,\"valueName\":\"search_term_string\"}}],\"inLanguage\":\"ro-RO\"},{\"@type\":\"Organization\",\"@id\":\"https:\/\/blog.ccc.eu\/ro\/#organization\",\"name\":\"CCC S.A.\",\"url\":\"https:\/\/blog.ccc.eu\/ro\/\",\"logo\":{\"@type\":\"ImageObject\",\"inLanguage\":\"ro-RO\",\"@id\":\"https:\/\/blog.ccc.eu\/ro\/#\/schema\/logo\/image\/\",\"url\":\"https:\/\/blog.ccc.eu\/ro\/wp-content\/uploads\/2021\/11\/logo_ccc.png\",\"contentUrl\":\"https:\/\/blog.ccc.eu\/ro\/wp-content\/uploads\/2021\/11\/logo_ccc.png\",\"width\":730,\"height\":270,\"caption\":\"CCC S.A.\"},\"image\":{\"@id\":\"https:\/\/blog.ccc.eu\/ro\/#\/schema\/logo\/image\/\"}},{\"@type\":\"Person\",\"@id\":\"https:\/\/blog.ccc.eu\/ro\/#\/schema\/person\/0601bbc3e409e0a44a47df3630e6edf2\",\"name\":\"Andreea Stoian\u00a0\",\"image\":{\"@type\":\"ImageObject\",\"inLanguage\":\"ro-RO\",\"@id\":\"https:\/\/blog.ccc.eu\/ro\/#\/schema\/person\/image\/\",\"url\":\"https:\/\/blog.ccc.eu\/ro\/wp-content\/uploads\/2022\/01\/Andreea-Stoian-2-100x100.jpeg\",\"contentUrl\":\"https:\/\/blog.ccc.eu\/ro\/wp-content\/uploads\/2022\/01\/Andreea-Stoian-2-100x100.jpeg\",\"caption\":\"Andreea Stoian\u00a0\"},\"url\":\"https:\/\/blog.ccc.eu\/ro\/author\/andreea-stoian\/\"}]}<\/script>\n<!-- \/ Yoast SEO plugin. -->","yoast_head_json":{"title":"Cum s\u0103 integrezi \u00eentr-o \u021binut\u0103 ghetele p\u00e2n\u0103 la glezn\u0103 - CCC Fashion blog","description":"Nu stii cum sa integrezi ghetele pana la glezna in tinutele de sezon? CCC iti ofera inspiratia necesara prin idei de tinute cu ghete. Descopera-le si tu! 2026","robots":{"index":"index","follow":"follow","max-snippet":"max-snippet:-1","max-image-preview":"max-image-preview:large","max-video-preview":"max-video-preview:-1"},"canonical":"https:\/\/blog.ccc.eu\/ro\/tinuta-ghete-pana-la-glezna\/","og_locale":"ro_RO","og_type":"article","og_title":"Cum s\u0103 integrezi \u00eentr-o \u021binut\u0103 ghetele p\u00e2n\u0103 la glezn\u0103 - CCC Fashion blog","og_description":"Nu stii cum sa integrezi ghetele pana la glezna in tinutele de sezon? CCC iti ofera inspiratia necesara prin idei de tinute cu ghete. Descopera-le si tu!","og_url":"https:\/\/blog.ccc.eu\/ro\/tinuta-ghete-pana-la-glezna\/","og_site_name":"CCC Fashion blog","article_published_time":"2023-11-03T06:30:48+00:00","article_modified_time":"2023-11-03T12:49:14+00:00","og_image":[{"width":1920,"height":2560,"url":"https:\/\/blog.ccc.eu\/ro\/wp-content\/uploads\/2023\/11\/CCC_5905588234524_02M_0464-scaled.jpg","type":"image\/jpeg"}],"author":"Andreea Stoian\u00a0","twitter_card":"summary_large_image","twitter_misc":{"Scris de":"Andreea Stoian\u00a0","Timp estimat pentru citire":"10 minute"},"schema":{"@context":"https:\/\/schema.org","@graph":[{"@type":"Article","@id":"https:\/\/blog.ccc.eu\/ro\/tinuta-ghete-pana-la-glezna\/#article","isPartOf":{"@id":"https:\/\/blog.ccc.eu\/ro\/tinuta-ghete-pana-la-glezna\/"},"author":{"name":"Andreea Stoian\u00a0","@id":"https:\/\/blog.ccc.eu\/ro\/#\/schema\/person\/0601bbc3e409e0a44a47df3630e6edf2"},"headline":"Cum s\u0103 integrezi \u00eentr-o \u021binut\u0103 ghetele p\u00e2n\u0103 la glezn\u0103","datePublished":"2023-11-03T06:30:48+00:00","dateModified":"2023-11-03T12:49:14+00:00","mainEntityOfPage":{"@id":"https:\/\/blog.ccc.eu\/ro\/tinuta-ghete-pana-la-glezna\/"},"wordCount":1929,"publisher":{"@id":"https:\/\/blog.ccc.eu\/ro\/#organization"},"image":{"@id":"https:\/\/blog.ccc.eu\/ro\/tinuta-ghete-pana-la-glezna\/#primaryimage"},"thumbnailUrl":"https:\/\/blog.ccc.eu\/ro\/wp-content\/uploads\/2023\/11\/CCC_5905588234524_02M_0464-scaled.jpg","keywords":["asortare ghete dama","ghete de dama","ghete pana la glezna","ghete tinute toamna","sfaturi de moda","tendinte ghete"],"articleSection":["SFATURI DE MOD\u0102","TENDIN\u021aE"],"inLanguage":"ro-RO"},{"@type":"WebPage","@id":"https:\/\/blog.ccc.eu\/ro\/tinuta-ghete-pana-la-glezna\/","url":"https:\/\/blog.ccc.eu\/ro\/tinuta-ghete-pana-la-glezna\/","name":"Cum s\u0103 integrezi \u00eentr-o \u021binut\u0103 ghetele p\u00e2n\u0103 la glezn\u0103 - CCC Fashion blog","isPartOf":{"@id":"https:\/\/blog.ccc.eu\/ro\/#website"},"primaryImageOfPage":{"@id":"https:\/\/blog.ccc.eu\/ro\/tinuta-ghete-pana-la-glezna\/#primaryimage"},"image":{"@id":"https:\/\/blog.ccc.eu\/ro\/tinuta-ghete-pana-la-glezna\/#primaryimage"},"thumbnailUrl":"https:\/\/blog.ccc.eu\/ro\/wp-content\/uploads\/2023\/11\/CCC_5905588234524_02M_0464-scaled.jpg","datePublished":"2023-11-03T06:30:48+00:00","dateModified":"2023-11-03T12:49:14+00:00","description":"Nu stii cum sa integrezi ghetele pana la glezna in tinutele de sezon? CCC iti ofera inspiratia necesara prin idei de tinute cu ghete. Descopera-le si tu!","breadcrumb":{"@id":"https:\/\/blog.ccc.eu\/ro\/tinuta-ghete-pana-la-glezna\/#breadcrumb"},"inLanguage":"ro-RO","potentialAction":[{"@type":"ReadAction","target":["https:\/\/blog.ccc.eu\/ro\/tinuta-ghete-pana-la-glezna\/"]}]},{"@type":"ImageObject","inLanguage":"ro-RO","@id":"https:\/\/blog.ccc.eu\/ro\/tinuta-ghete-pana-la-glezna\/#primaryimage","url":"https:\/\/blog.ccc.eu\/ro\/wp-content\/uploads\/2023\/11\/CCC_5905588234524_02M_0464-scaled.jpg","contentUrl":"https:\/\/blog.ccc.eu\/ro\/wp-content\/uploads\/2023\/11\/CCC_5905588234524_02M_0464-scaled.jpg","width":1920,"height":2560},{"@type":"BreadcrumbList","@id":"https:\/\/blog.ccc.eu\/ro\/tinuta-ghete-pana-la-glezna\/#breadcrumb","itemListElement":[{"@type":"ListItem","position":1,"name":"Strona g\u0142\u00f3wna","item":"https:\/\/blog.ccc.eu\/ro\/"},{"@type":"ListItem","position":2,"name":"Cum s\u0103 integrezi \u00eentr-o \u021binut\u0103 ghetele p\u00e2n\u0103 la glezn\u0103"}]},{"@type":"WebSite","@id":"https:\/\/blog.ccc.eu\/ro\/#website","url":"https:\/\/blog.ccc.eu\/ro\/","name":"CCC Fashion blog","description":"Locul t\u0103u plin de inspira\u021bii \u00een mod\u0103","publisher":{"@id":"https:\/\/blog.ccc.eu\/ro\/#organization"},"potentialAction":[{"@type":"SearchAction","target":{"@type":"EntryPoint","urlTemplate":"https:\/\/blog.ccc.eu\/ro\/?s={search_term_string}"},"query-input":{"@type":"PropertyValueSpecification","valueRequired":true,"valueName":"search_term_string"}}],"inLanguage":"ro-RO"},{"@type":"Organization","@id":"https:\/\/blog.ccc.eu\/ro\/#organization","name":"CCC S.A.","url":"https:\/\/blog.ccc.eu\/ro\/","logo":{"@type":"ImageObject","inLanguage":"ro-RO","@id":"https:\/\/blog.ccc.eu\/ro\/#\/schema\/logo\/image\/","url":"https:\/\/blog.ccc.eu\/ro\/wp-content\/uploads\/2021\/11\/logo_ccc.png","contentUrl":"https:\/\/blog.ccc.eu\/ro\/wp-content\/uploads\/2021\/11\/logo_ccc.png","width":730,"height":270,"caption":"CCC S.A."},"image":{"@id":"https:\/\/blog.ccc.eu\/ro\/#\/schema\/logo\/image\/"}},{"@type":"Person","@id":"https:\/\/blog.ccc.eu\/ro\/#\/schema\/person\/0601bbc3e409e0a44a47df3630e6edf2","name":"Andreea Stoian\u00a0","image":{"@type":"ImageObject","inLanguage":"ro-RO","@id":"https:\/\/blog.ccc.eu\/ro\/#\/schema\/person\/image\/","url":"https:\/\/blog.ccc.eu\/ro\/wp-content\/uploads\/2022\/01\/Andreea-Stoian-2-100x100.jpeg","contentUrl":"https:\/\/blog.ccc.eu\/ro\/wp-content\/uploads\/2022\/01\/Andreea-Stoian-2-100x100.jpeg","caption":"Andreea Stoian\u00a0"},"url":"https:\/\/blog.ccc.eu\/ro\/author\/andreea-stoian\/"}]}},"_links":{"self":[{"href":"https:\/\/blog.ccc.eu\/ro\/wp-json\/wp\/v2\/posts\/6780","targetHints":{"allow":["GET"]}}],"collection":[{"href":"https:\/\/blog.ccc.eu\/ro\/wp-json\/wp\/v2\/posts"}],"about":[{"href":"https:\/\/blog.ccc.eu\/ro\/wp-json\/wp\/v2\/types\/post"}],"author":[{"embeddable":true,"href":"https:\/\/blog.ccc.eu\/ro\/wp-json\/wp\/v2\/users\/14"}],"replies":[{"embeddable":true,"href":"https:\/\/blog.ccc.eu\/ro\/wp-json\/wp\/v2\/comments?post=6780"}],"version-history":[{"count":6,"href":"https:\/\/blog.ccc.eu\/ro\/wp-json\/wp\/v2\/posts\/6780\/revisions"}],"predecessor-version":[{"id":6788,"href":"https:\/\/blog.ccc.eu\/ro\/wp-json\/wp\/v2\/posts\/6780\/revisions\/6788"}],"wp:featuredmedia":[{"embeddable":true,"href":"https:\/\/blog.ccc.eu\/ro\/wp-json\/wp\/v2\/media\/6784"}],"wp:attachment":[{"href":"https:\/\/blog.ccc.eu\/ro\/wp-json\/wp\/v2\/media?parent=6780"}],"wp:term":[{"taxonomy":"category","embeddable":true,"href":"https:\/\/blog.ccc.eu\/ro\/wp-json\/wp\/v2\/categories?post=6780"},{"taxonomy":"post_tag","embeddable":true,"href":"https:\/\/blog.ccc.eu\/ro\/wp-json\/wp\/v2\/tags?post=6780"}],"curies":[{"name":"wp","href":"https:\/\/api.w.org\/{rel}","templated":true}]}}