{"id":6790,"date":"2023-11-07T15:54:15","date_gmt":"2023-11-07T14:54:15","guid":{"rendered":"https:\/\/blog.ccc.eu\/ro\/?p=6790"},"modified":"2023-11-07T15:54:16","modified_gmt":"2023-11-07T14:54:16","slug":"incaltamintea-potrivita-pentru-interviu-cum-sa-ai-un-look-profesional","status":"publish","type":"post","link":"https:\/\/blog.ccc.eu\/ro\/incaltamintea-potrivita-pentru-interviu-cum-sa-ai-un-look-profesional\/","title":{"rendered":"\u00cenc\u0103l\u021b\u0103mintea potrivit\u0103 pentru interviu: cum s\u0103 ai un look profesional"},"content":{"rendered":"\n<p>Orice \u021bi s-ar spune, prima impresie chiar conteaz\u0103 &#8211; mai ales c\u00e2nd vine vorba de interviul de angajare! Este drept c\u0103 po\u021bi ap\u0103rea la interviu cu un CV impecabil \u0219i o atitudine \u00eencrez\u0103toare, \u00eens\u0103 alegerea pantofilor pentru interviu va influen\u021ba \u00eentr-o mare m\u0103sur\u0103 modul \u00een care e\u0219ti perceput de poten\u021bialii angajatori. Totu\u0219i, nu trebuie s\u0103 intri \u00een panic\u0103!<\/p>\n\n\n\n<p>Dac\u0103 te \u00eentrebi care este \u00eenc\u0103l\u021b\u0103mintea potrivit\u0103 pentru interviu, care s\u0103 te ajute s\u0103 ai un look profesional, suntem aici s\u0103-\u021bi oferim toate sfaturile de care ai nevoie. \u00cen articolul urm\u0103tor vom explora importan\u021ba alegerii \u00eenc\u0103l\u021b\u0103mintei potrivite pentru interviu, dar \u0219i cele mai bune op\u021biuni de pantofi pentru interviu at\u00e2t pentru femei, c\u00e2t \u0219i pentru b\u0103rba\u021bi. \u00cen acest fel, ne vom asigura c\u0103 vei face o impresie memorabil\u0103 \u0219i c\u0103 vei oferi un vibe profesional poten\u021bialului t\u0103u angajator. Iat\u0103 cum ob\u021bii un look profesional cu \u00eenc\u0103l\u021b\u0103mintea potrivit\u0103 pentru interviu!\u00a0<\/p>\n\n\n\n<h2 class=\"wp-block-heading\">Importan\u021ba alegerii corecte a \u00eenc\u0103l\u021b\u0103mintei pentru un interviu<\/h2>\n\n\n\n<p>Primul pas \u00eentr-un interviu este s\u0103 faci o impresie bun\u0103, \u00eenainte chiar de a rosti primul cuv\u00e2nt. Se spune adesea c\u0103 angajatorii \u00ee\u0219i formeaz\u0103 o impresie despre candida\u021bi \u00een primele 7 secunde ale interviului, iar alegerea \u00eenc\u0103l\u021b\u0103mintei poate avea un rol important \u00een acest proces. \u00cenc\u0103l\u021b\u0103mintea poate fi un indicator al aten\u021biei la detalii, profesionalismului \u0219i gradului de preg\u0103tire al candidatului. O pereche de pantofi bine ale\u0219i \u0219i \u00eengriji\u021bi reflect\u0103 respectul fa\u021b\u0103 de interlocutor \u0219i seriozitatea candidatului.<\/p>\n\n\n\n<p>\u00cenc\u0103l\u021b\u0103mintea nu este doar un accesoriu, ci o parte esen\u021bial\u0103 a unei \u021binute profesionale. Aceasta poate completa o \u021binut\u0103 sau poate distrage aten\u021bia de la restul \u021binutei. Pantofii potrivi\u021bi pot \u00eembun\u0103t\u0103\u021bi o \u021binut\u0103 simpl\u0103, \u00een timp ce o pereche nepotrivit\u0103 poate submina o \u021binut\u0103 impecabil\u0103. \u00cenc\u0103l\u021b\u0103mintea este, de asemenea, un mod de a transmite mesajul c\u0103 \u00een\u021belegi mediul profesional \u0219i cultura companiei la care aplici. Re\u021bine: primul pas spre un interviu reu\u0219it este alegerea corect\u0103 a \u00eenc\u0103l\u021b\u0103mintei!<\/p>\n\n\n\n\n\n\n<h2 class=\"wp-block-heading\">\u00a0Sfaturi pentru alegerea \u00eenc\u0103l\u021b\u0103mintei pentru interviu<\/h2>\n\n\n\n<p>Alegerea \u00eenc\u0103l\u021b\u0103mintei pentru un interviu nu trebuie f\u0103cut\u0103 la \u00eent\u00e2mplare, ci trebuie s\u0103 \u021bin\u0103 cont de c\u00e2teva criterii importante. Iat\u0103 cum alegi \u00eenc\u0103l\u021b\u0103mintea potrivit\u0103 pentru interviu!&nbsp;<\/p>\n\n\n\n<ul class=\"wp-block-list\">\n<li>\u021aine cont de mediul profesional \u00een care se desf\u0103\u0219oar\u0103 interviul<\/li>\n<\/ul>\n\n\n\n<p>Angajatorii au tendin\u021ba de a analiza candida\u021bii \u0219i dup\u0103 \u021binuta lor, inclusiv dup\u0103 \u00eenc\u0103l\u021b\u0103mintea pe care o poart\u0103. Dac\u0103 interviul este pentru un birou corporativ formal, alegerea \u00eenc\u0103l\u021b\u0103mintei trebuie s\u0103 reflecte acest lucru. Dac\u0103 vorbim despre doamne, <a href=\"https:\/\/ccc.eu\/ro\/femei\/pantofi\/pantofi-eleganti\">pantofii cu toc<\/a> gros pot fi o alegere potrivit\u0103. \u00cen cazul domnilor, <a href=\"https:\/\/ccc.eu\/ro\/barbati\/recomandat\/pantofi-pentru-costum\">pantofii elegan\u021bi pentru b\u0103rba\u021bi<\/a> \u00een stil Oxford, \u00eentr-o culoare neutr\u0103 pot fi alegerea ideal\u0103. \u00cen cazul \u00een care interviul este \u00eentr-un mediu mai casual, se pot lua \u00een considerare \u0219i op\u021biuni mai relaxate, cum ar fi mocasini sau pantofi Derby.<\/p>\n\n\n\n<ul class=\"wp-block-list\">\n<li>Asigur\u0103-te de confortul pantofilor&nbsp;<\/li>\n<\/ul>\n\n\n\n<p>Confortul este un alt factor esen\u021bial atunci c\u00e2nd alegi \u00eenc\u0103l\u021b\u0103mintea pentru interviu. Oric\u00e2t de stylish ar fi pantofii, dac\u0103 nu sunt confortabili, nu vor face dec\u00e2t s\u0103 distrag\u0103 aten\u021bia de la interviu. A\u0219adar, este foarte important s\u0103 alegi o pereche de pantofi confortabili. Este recomandat s\u0103 \u00eei \u00eencerci \u00eenainte de interviu \u0219i s\u0103 te asiguri c\u0103 te sim\u021bi bine purt\u00e2ndu-i.<\/p>\n\n\n\n<ul class=\"wp-block-list\">\n<li>Ai \u00een vedere nivelul de formalitate al \u00eenc\u0103l\u021b\u0103mintei&nbsp;<\/li>\n<\/ul>\n\n\n\n<p>Formalitatea \u00eenc\u0103l\u021b\u0103mintei trebuie s\u0103 fie \u00een concordan\u021b\u0103 cu restul \u021binutei. \u00cen situa\u021bia \u00een care o doamn\u0103 alege s\u0103 poarte la interviu un costum formal din dou\u0103 piese, atunci cu siguran\u021b\u0103 o pereche de pantofi la fel de formali s-ar potrivi outfitului. Dac\u0103 un domn alege s\u0103 se prezinte la interviu \u00eentr-o \u021binut\u0103 mai casual, exist\u0103 numeroase modele de <a href=\"https:\/\/ccc.eu\/ro\/barbati\/pantofi\/pantofi-casual\">pantofi casual pentru b\u0103rba\u021bi<\/a> pentru care ar putea opta s\u0103-\u0219i completeze \u021binuta de interviu.&nbsp;<\/p>\n\n\n\n<ul class=\"wp-block-list\">\n<li>Opteaz\u0103 pentru \u00eenc\u0103l\u021b\u0103minte din piele pentru interviu, \u00een culori neutre<\/li>\n<\/ul>\n\n\n\n<p>Referitor la materialele \u00eenc\u0103l\u021b\u0103mintei, <a href=\"https:\/\/blog.ccc.eu\/ro\/pielea-naturala-cu-ce-se-curata-si-cum-se-intretine\/\">pielea natural\u0103<\/a> este \u00eentotdeauna o op\u021biune sigur\u0103 \u0219i elegant\u0103. Acest material este perceput ca fiind mai formal \u0219i mai profesional. \u00cen ceea ce prive\u0219te culorile, este \u00eentotdeauna mai bine s\u0103 r\u0103m\u00e2i la culorile neutre, cum ar fi negru, maro sau gri. Acestea sunt u\u0219or de asortat cu restul \u021binutei \u0219i transmit profesionalism.<\/p>\n\n\n\n<h2 class=\"wp-block-heading\">Cum s\u0103 asortezi \u00eenc\u0103l\u021b\u0103mintea cu restul \u021binutei pentru interviu<\/h2>\n\n\n\n<p>Pentru a face o impresie bun\u0103 \u00een timpul unui interviu, este esen\u021bial s\u0103 acorzi aten\u021bie detaliilor \u0219i s\u0103 te asiguri c\u0103 nivelul de formalitate al \u00eenc\u0103l\u021b\u0103mintei se potrive\u0219te cu restul \u021binutei. O rochie sau un costum formal vor fi \u00eentotdeauna completate de o pereche de pantofi la fel de formali. Alegerea unei \u00eenc\u0103l\u021b\u0103ri nepotrivite poate submina seriozitatea \u021binutei \u0219i poate transmite un mesaj gre\u0219it despre profesionalismul \u0219i aten\u021bia ta la detalii. Iat\u0103 cum po\u021bi asorta \u00eenc\u0103l\u021b\u0103mintea cu \u021binuta pentru interviu!\u00a0<\/p>\n\n\n\n<h3 class=\"wp-block-heading\">\u00cenc\u0103l\u021b\u0103mintea pentru interviu trebuie coordonat\u0103 cromatic cu \u021binuta<\/h3>\n\n\n\n<p>Un aspect cheie \u00een asortarea \u00eenc\u0103l\u021b\u0103mintei cu restul \u021binutei este coordonarea culorilor. Culoarea \u00eenc\u0103l\u021b\u0103mintei ar trebui s\u0103 se potriveasc\u0103 sau s\u0103 contrasteze \u00een mod pl\u0103cut cu nuan\u021bele predominante ale \u021binutei. De exemplu, un costum bleumarin poate fi complementat de o pereche de pantofi negri sau maro \u00eenchis. \u00cen acela\u0219i timp, o \u021binut\u0103 \u00een culori neutre poate fi animat\u0103 prin alegerea unei \u00eenc\u0103l\u021b\u0103ri \u00een culori vii, \u00een cazul doamnelor. Parcurge un articol anterior \u00een care vorbeam despre <a href=\"https:\/\/blog.ccc.eu\/ro\/combinatii-de-culori-vestimentare-cu-care-nu-dai-gres\/\">combina\u021bii de culori vestimentare<\/a> reu\u0219ite pentru a te inspira!\u00a0<\/p>\n\n\n\n<h3 class=\"wp-block-heading\">Stilul \u00eenc\u0103l\u021b\u0103mintei trebuie s\u0103 se potiveasc\u0103 cu stilul vestimentar abordat<\/h3>\n\n\n\n<p>Stilul \u00eenc\u0103l\u021b\u0103mintei trebuie, de asemenea, s\u0103 se potriveasc\u0103 cu tipul de \u021binut\u0103 pe care \u00eel por\u021bi. Pantalonii de costum sunt potrivi\u021bi cu pantofi Oxford sau <a href=\"https:\/\/ccc.eu\/ro\/barbati\/pantofi\/mocasini\">mocasini pentru b\u0103rba\u021bi<\/a>, \u00een timp ce rochiile \u0219i fustele pot fi complementate cu tocuri sau balerini. \u00cen cazul femeilor, pantofii cu toc pot ad\u0103uga o not\u0103 de elegan\u021b\u0103, dar este important s\u0103 te asiguri c\u0103 sunt confortabili \u0219i c\u0103 te po\u021bi deplasa cu u\u0219urin\u021b\u0103 purt\u00e2ndu-i. Descoper\u0103 \u00eentr-un alt articol de pe blog care sunt <a href=\"https:\/\/blog.ccc.eu\/ro\/care-sunt-cei-mai-comozi-pantofi-de-dama-si-cum-ii-alegi-in-functie-de-vreme\/\">cei mai comozi pantofi de dam\u0103<\/a> pe care \u00eei po\u021bi alege pentru interviu!\u00a0<\/p>\n\n\n\n<h3 class=\"wp-block-heading\">Complimenteaz\u0103 \u00eenc\u0103l\u021b\u0103mintea pentru interviu cu ajutorul accesoriilor\u00a0<\/h3>\n\n\n\n<p>Accesoriile pot juca un rol important \u00een asortarea \u021binutei cu \u00eenc\u0103l\u021b\u0103mintea. De exemplu, geanta, cureaua sau bijuteriile pot fi folosite pentru a crea un look coerent. Este important s\u0103 nu supra\u00eencarci \u021binuta cu prea multe accesorii, ci s\u0103 alegi c\u00e2teva piese cheie care s\u0103 completeze ansamblul. De pild\u0103, o <a href=\"https:\/\/ccc.eu\/ro\/genti\/genti-pentru-femei\/genti-din-piele\">geant\u0103 de dam\u0103 din piele<\/a> se va potrivi perfect cu acei pantofi elegan\u021bi din piele, \u00een timp ce \u00een cazul domnilor o <a href=\"https:\/\/ccc.eu\/ro\/accesorii\/barbati\/curele\">curea din piele<\/a> va complimenta perfect \u00eenc\u0103l\u021b\u0103mintea pentru interviu.\u00a0<\/p>\n\n\n\n\n\n\n<h2 class=\"wp-block-heading\">Exemple de gre\u0219eli comune \u0219i cum s\u0103 le evi\u021bi<\/h2>\n\n\n\n<p>\u00cen cadrul unui interviu, \u00eenc\u0103l\u021b\u0103mintea poate spune multe despre personalitatea \u0219i profesionalismul unui candidat. Astfel, este esen\u021bial s\u0103 evi\u021bi anumite gre\u0219eli comune care pot compromite \u0219ansele de reu\u0219it\u0103. Iat\u0103 care sunt cele mai comune gre\u0219eli \u00een alegerea \u00eenc\u0103l\u021b\u0103mintei pentru interviu!&nbsp;<\/p>\n\n\n\n<ul class=\"wp-block-list\">\n<li>Alegerea unor pantofi cu un design extravagant&nbsp;<\/li>\n<\/ul>\n\n\n\n<p>Prima gre\u0219eal\u0103 frecvent \u00eent\u00e2lnit\u0103 este alegerea unor pantofi prea str\u0103lucitori sau cu un design extravagant. \u00cen timp ce este important s\u0103 ne exprim\u0103m personalitatea prin intermediul stilului vestimentar, un interviu este, de obicei, o situa\u021bie \u00een care este preferabil s\u0103 opt\u0103m pentru o \u00eenc\u0103l\u021b\u0103minte mai conservatoare. Astfel, evit\u0103m s\u0103 distragem aten\u021bia de la competen\u021bele noastre profesionale.&nbsp;<\/p>\n\n\n\n<ul class=\"wp-block-list\">\n<li>Neglijarea confortului \u00eenc\u0103l\u021b\u0103mintei&nbsp;<\/li>\n<\/ul>\n\n\n\n<p>A doua gre\u0219eal\u0103 comun\u0103 este neglijarea confortului. De\u0219i estetica este important\u0103, confortul nu ar trebui ignorat. O \u00eenc\u0103l\u021b\u0103minte incomod\u0103 poate fi o surs\u0103 major\u0103 de distragere \u00een timpul interviului, f\u0103c\u00e2nd imposibil\u0103 concentrarea sau prezentarea eficient\u0103 a r\u0103spunsurilor. \u00cen acest sens, este recomandat s\u0103 evi\u021bi pantofii noi, care nu au fost \u00eenc\u0103 purta\u021bi, sau \u00eenc\u0103l\u021b\u0103mintea care este prea str\u00e2mt\u0103 sau prea larg\u0103.&nbsp;<\/p>\n\n\n\n<ul class=\"wp-block-list\">\n<li>Ignorarea codului vestimentar al companiei&nbsp;<\/li>\n<\/ul>\n\n\n\n<p>O alt\u0103 gre\u0219eal\u0103 ar fi ignorarea codului de \u00eembr\u0103c\u0103minte al companiei. Este esen\u021bial s\u0103 te informezi \u00eenainte despre cultura corporativ\u0103 a companiei unde ai interviul. Dac\u0103 mediul office este mai formal, ar trebui s\u0103 optezi pentru pantofi elegan\u021bi, \u00een timp ce \u00een cazul unei companii cu o atmosfer\u0103 mai relaxat\u0103, pantofii casual pot fi o op\u021biune mai potrivit\u0103.<\/p>\n\n\n\n<ul class=\"wp-block-list\">\n<li>Ne\u00eengrijirea \u00eenc\u0103l\u021b\u0103mintei&nbsp;<\/li>\n<\/ul>\n\n\n\n<p>\u00cen final, o \u00eenc\u0103l\u021b\u0103minte ne\u00eengrijit\u0103 poate crea o impresie negativ\u0103, indiferent c\u00e2t de potrivit\u0103 ar fi pentru context. Chiar dac\u0103 ai ales perechea de pantofi corect\u0103, trebuie s\u0103 te asiguri c\u0103 pantofii sunt cura\u021bi \u0219i bine \u00eentre\u021binu\u021bi. Dac\u0103 ai \u00eenc\u0103l\u021b\u0103minte din piele, vei g\u0103si \u00eentr-un articol anterior de pe blog informa\u021bii despre <a href=\"https:\/\/blog.ccc.eu\/ro\/ingrijirea-pantofilor-din-piele-intoarsa-sfaturi-si-recomandari\/\">\u00eengrijirea pantofilor din piele \u00eentoars\u0103<\/a>, pentru un look impecabil la interviu.&nbsp;<\/p>\n\n\n\n<p>Alegerea corect\u0103 a \u00eenc\u0103l\u021b\u0103mintei pentru un interviu poate face diferen\u021ba dintre succes \u0219i e\u0219ec. Prin urmare, este esen\u021bial s\u0103 \u00ee\u021bi asortezi \u00eenc\u0103l\u021b\u0103mintea cu restul \u021binutei, s\u0103 optezi pentru culori \u0219i materiale adecvate \u0219i s\u0103 evi\u021bi gre\u0219elile comune. Nu uita c\u0103 \u00eenc\u0103l\u021b\u0103mintea reflect\u0103 personalitatea \u0219i profesionalismul t\u0103u, a\u0219a c\u0103 alege cu grij\u0103! Dac\u0103 dore\u0219ti s\u0103 descoperi op\u021biuni de \u00eenc\u0103l\u021b\u0103minte potrivite pentru interviu, te invit\u0103m s\u0103 explorezi <a href=\"https:\/\/ccc.eu\/ro\">magazinul online CCC<\/a>, pentru a ad\u0103uga \u00een co\u0219ul de cump\u0103r\u0103turi cele mai potrivite modele de pantofi pentru \u021binuta de interviu!&nbsp;<\/p>\n","protected":false},"excerpt":{"rendered":"<p>Orice \u021bi s-ar spune, prima impresie chiar conteaz\u0103 &#8211; mai ales c\u00e2nd vine vorba de interviul de angajare! Este drept c\u0103 po\u021bi ap\u0103rea la interviu cu un CV impecabil \u0219i o atitudine \u00eencrez\u0103toare, \u00eens\u0103 alegerea pantofilor pentru interviu va influen\u021ba \u00eentr-o mare m\u0103sur\u0103 modul \u00een care e\u0219ti perceput de poten\u021bialii angajatori. Totu\u0219i, nu trebuie s\u0103 [&hellip;]<\/p>\n","protected":false},"author":14,"featured_media":6794,"comment_status":"closed","ping_status":"closed","sticky":false,"template":"","format":"standard","meta":{"_acf_changed":false,"footnotes":""},"categories":[4],"tags":[1813,1279,1816,1815,1814,1817],"class_list":["post-6790","post","type-post","status-publish","format-standard","has-post-thumbnail","hentry","category-sfaturi-de-moda","tag-incaltaminte-pentru-interviu","tag-modele-de-pantofi","tag-pantofi-barbati-interviu","tag-pantofi-dama-interviu","tag-pantofi-interviu","tag-tinuta-pentru-interviu"],"acf":[],"yoast_head":"<!-- This site is optimized with the Yoast SEO plugin v26.9 - https:\/\/yoast.com\/product\/yoast-seo-wordpress\/ -->\n<title>\u00cenc\u0103l\u021b\u0103mintea potrivit\u0103 pentru interviu: cum s\u0103 ai un look profesional - CCC Fashion blog<\/title>\n<meta name=\"description\" content=\"Nu stii care este incaltamintea potrivita pentru interviu? Descopera pe blogul CCC cum sa adopti un look profesional cu ajutorul incaltamintei!\u00a0 2026\" \/>\n<meta name=\"robots\" content=\"index, follow, max-snippet:-1, max-image-preview:large, max-video-preview:-1\" \/>\n<link rel=\"canonical\" href=\"https:\/\/blog.ccc.eu\/ro\/incaltamintea-potrivita-pentru-interviu-cum-sa-ai-un-look-profesional\/\" \/>\n<meta property=\"og:locale\" content=\"ro_RO\" \/>\n<meta property=\"og:type\" content=\"article\" \/>\n<meta property=\"og:title\" content=\"\u00cenc\u0103l\u021b\u0103mintea potrivit\u0103 pentru interviu: cum s\u0103 ai un look profesional - CCC Fashion blog\" \/>\n<meta property=\"og:description\" content=\"Nu stii care este incaltamintea potrivita pentru interviu? Descopera pe blogul CCC cum sa adopti un look profesional cu ajutorul incaltamintei!\u00a0\" \/>\n<meta property=\"og:url\" content=\"https:\/\/blog.ccc.eu\/ro\/incaltamintea-potrivita-pentru-interviu-cum-sa-ai-un-look-profesional\/\" \/>\n<meta property=\"og:site_name\" content=\"CCC Fashion blog\" \/>\n<meta property=\"article:published_time\" content=\"2023-11-07T14:54:15+00:00\" \/>\n<meta property=\"article:modified_time\" content=\"2023-11-07T14:54:16+00:00\" \/>\n<meta property=\"og:image\" content=\"https:\/\/blog.ccc.eu\/ro\/wp-content\/uploads\/2023\/11\/230808_CCC_1003-scaled.jpg\" \/>\n\t<meta property=\"og:image:width\" content=\"2560\" \/>\n\t<meta property=\"og:image:height\" content=\"1920\" \/>\n\t<meta property=\"og:image:type\" content=\"image\/jpeg\" \/>\n<meta name=\"author\" content=\"Andreea Stoian\u00a0\" \/>\n<meta name=\"twitter:card\" content=\"summary_large_image\" \/>\n<meta name=\"twitter:label1\" content=\"Scris de\" \/>\n\t<meta name=\"twitter:data1\" content=\"Andreea Stoian\u00a0\" \/>\n\t<meta name=\"twitter:label2\" content=\"Timp estimat pentru citire\" \/>\n\t<meta name=\"twitter:data2\" content=\"8 minute\" \/>\n<script type=\"application\/ld+json\" class=\"yoast-schema-graph\">{\"@context\":\"https:\/\/schema.org\",\"@graph\":[{\"@type\":\"Article\",\"@id\":\"https:\/\/blog.ccc.eu\/ro\/incaltamintea-potrivita-pentru-interviu-cum-sa-ai-un-look-profesional\/#article\",\"isPartOf\":{\"@id\":\"https:\/\/blog.ccc.eu\/ro\/incaltamintea-potrivita-pentru-interviu-cum-sa-ai-un-look-profesional\/\"},\"author\":{\"name\":\"Andreea Stoian\u00a0\",\"@id\":\"https:\/\/blog.ccc.eu\/ro\/#\/schema\/person\/0601bbc3e409e0a44a47df3630e6edf2\"},\"headline\":\"\u00cenc\u0103l\u021b\u0103mintea potrivit\u0103 pentru interviu: cum s\u0103 ai un look profesional\",\"datePublished\":\"2023-11-07T14:54:15+00:00\",\"dateModified\":\"2023-11-07T14:54:16+00:00\",\"mainEntityOfPage\":{\"@id\":\"https:\/\/blog.ccc.eu\/ro\/incaltamintea-potrivita-pentru-interviu-cum-sa-ai-un-look-profesional\/\"},\"wordCount\":1680,\"publisher\":{\"@id\":\"https:\/\/blog.ccc.eu\/ro\/#organization\"},\"image\":{\"@id\":\"https:\/\/blog.ccc.eu\/ro\/incaltamintea-potrivita-pentru-interviu-cum-sa-ai-un-look-profesional\/#primaryimage\"},\"thumbnailUrl\":\"https:\/\/blog.ccc.eu\/ro\/wp-content\/uploads\/2023\/11\/230808_CCC_1003-scaled.jpg\",\"keywords\":[\"incaltaminte pentru interviu\",\"modele de pantofi\",\"pantofi barbati interviu\",\"pantofi dama interviu\",\"pantofi interviu\",\"tinuta pentru interviu\"],\"articleSection\":[\"SFATURI DE MOD\u0102\"],\"inLanguage\":\"ro-RO\"},{\"@type\":\"WebPage\",\"@id\":\"https:\/\/blog.ccc.eu\/ro\/incaltamintea-potrivita-pentru-interviu-cum-sa-ai-un-look-profesional\/\",\"url\":\"https:\/\/blog.ccc.eu\/ro\/incaltamintea-potrivita-pentru-interviu-cum-sa-ai-un-look-profesional\/\",\"name\":\"\u00cenc\u0103l\u021b\u0103mintea potrivit\u0103 pentru interviu: cum s\u0103 ai un look profesional - CCC Fashion blog\",\"isPartOf\":{\"@id\":\"https:\/\/blog.ccc.eu\/ro\/#website\"},\"primaryImageOfPage\":{\"@id\":\"https:\/\/blog.ccc.eu\/ro\/incaltamintea-potrivita-pentru-interviu-cum-sa-ai-un-look-profesional\/#primaryimage\"},\"image\":{\"@id\":\"https:\/\/blog.ccc.eu\/ro\/incaltamintea-potrivita-pentru-interviu-cum-sa-ai-un-look-profesional\/#primaryimage\"},\"thumbnailUrl\":\"https:\/\/blog.ccc.eu\/ro\/wp-content\/uploads\/2023\/11\/230808_CCC_1003-scaled.jpg\",\"datePublished\":\"2023-11-07T14:54:15+00:00\",\"dateModified\":\"2023-11-07T14:54:16+00:00\",\"description\":\"Nu stii care este incaltamintea potrivita pentru interviu? Descopera pe blogul CCC cum sa adopti un look profesional cu ajutorul incaltamintei!\u00a0\",\"breadcrumb\":{\"@id\":\"https:\/\/blog.ccc.eu\/ro\/incaltamintea-potrivita-pentru-interviu-cum-sa-ai-un-look-profesional\/#breadcrumb\"},\"inLanguage\":\"ro-RO\",\"potentialAction\":[{\"@type\":\"ReadAction\",\"target\":[\"https:\/\/blog.ccc.eu\/ro\/incaltamintea-potrivita-pentru-interviu-cum-sa-ai-un-look-profesional\/\"]}]},{\"@type\":\"ImageObject\",\"inLanguage\":\"ro-RO\",\"@id\":\"https:\/\/blog.ccc.eu\/ro\/incaltamintea-potrivita-pentru-interviu-cum-sa-ai-un-look-profesional\/#primaryimage\",\"url\":\"https:\/\/blog.ccc.eu\/ro\/wp-content\/uploads\/2023\/11\/230808_CCC_1003-scaled.jpg\",\"contentUrl\":\"https:\/\/blog.ccc.eu\/ro\/wp-content\/uploads\/2023\/11\/230808_CCC_1003-scaled.jpg\",\"width\":2560,\"height\":1920},{\"@type\":\"BreadcrumbList\",\"@id\":\"https:\/\/blog.ccc.eu\/ro\/incaltamintea-potrivita-pentru-interviu-cum-sa-ai-un-look-profesional\/#breadcrumb\",\"itemListElement\":[{\"@type\":\"ListItem\",\"position\":1,\"name\":\"Strona g\u0142\u00f3wna\",\"item\":\"https:\/\/blog.ccc.eu\/ro\/\"},{\"@type\":\"ListItem\",\"position\":2,\"name\":\"\u00cenc\u0103l\u021b\u0103mintea potrivit\u0103 pentru interviu: cum s\u0103 ai un look profesional\"}]},{\"@type\":\"WebSite\",\"@id\":\"https:\/\/blog.ccc.eu\/ro\/#website\",\"url\":\"https:\/\/blog.ccc.eu\/ro\/\",\"name\":\"CCC Fashion blog\",\"description\":\"Locul t\u0103u plin de inspira\u021bii \u00een mod\u0103\",\"publisher\":{\"@id\":\"https:\/\/blog.ccc.eu\/ro\/#organization\"},\"potentialAction\":[{\"@type\":\"SearchAction\",\"target\":{\"@type\":\"EntryPoint\",\"urlTemplate\":\"https:\/\/blog.ccc.eu\/ro\/?s={search_term_string}\"},\"query-input\":{\"@type\":\"PropertyValueSpecification\",\"valueRequired\":true,\"valueName\":\"search_term_string\"}}],\"inLanguage\":\"ro-RO\"},{\"@type\":\"Organization\",\"@id\":\"https:\/\/blog.ccc.eu\/ro\/#organization\",\"name\":\"CCC S.A.\",\"url\":\"https:\/\/blog.ccc.eu\/ro\/\",\"logo\":{\"@type\":\"ImageObject\",\"inLanguage\":\"ro-RO\",\"@id\":\"https:\/\/blog.ccc.eu\/ro\/#\/schema\/logo\/image\/\",\"url\":\"https:\/\/blog.ccc.eu\/ro\/wp-content\/uploads\/2021\/11\/logo_ccc.png\",\"contentUrl\":\"https:\/\/blog.ccc.eu\/ro\/wp-content\/uploads\/2021\/11\/logo_ccc.png\",\"width\":730,\"height\":270,\"caption\":\"CCC S.A.\"},\"image\":{\"@id\":\"https:\/\/blog.ccc.eu\/ro\/#\/schema\/logo\/image\/\"}},{\"@type\":\"Person\",\"@id\":\"https:\/\/blog.ccc.eu\/ro\/#\/schema\/person\/0601bbc3e409e0a44a47df3630e6edf2\",\"name\":\"Andreea Stoian\u00a0\",\"image\":{\"@type\":\"ImageObject\",\"inLanguage\":\"ro-RO\",\"@id\":\"https:\/\/blog.ccc.eu\/ro\/#\/schema\/person\/image\/\",\"url\":\"https:\/\/blog.ccc.eu\/ro\/wp-content\/uploads\/2022\/01\/Andreea-Stoian-2-100x100.jpeg\",\"contentUrl\":\"https:\/\/blog.ccc.eu\/ro\/wp-content\/uploads\/2022\/01\/Andreea-Stoian-2-100x100.jpeg\",\"caption\":\"Andreea Stoian\u00a0\"},\"url\":\"https:\/\/blog.ccc.eu\/ro\/author\/andreea-stoian\/\"}]}<\/script>\n<!-- \/ Yoast SEO plugin. -->","yoast_head_json":{"title":"\u00cenc\u0103l\u021b\u0103mintea potrivit\u0103 pentru interviu: cum s\u0103 ai un look profesional - CCC Fashion blog","description":"Nu stii care este incaltamintea potrivita pentru interviu? Descopera pe blogul CCC cum sa adopti un look profesional cu ajutorul incaltamintei!\u00a0 2026","robots":{"index":"index","follow":"follow","max-snippet":"max-snippet:-1","max-image-preview":"max-image-preview:large","max-video-preview":"max-video-preview:-1"},"canonical":"https:\/\/blog.ccc.eu\/ro\/incaltamintea-potrivita-pentru-interviu-cum-sa-ai-un-look-profesional\/","og_locale":"ro_RO","og_type":"article","og_title":"\u00cenc\u0103l\u021b\u0103mintea potrivit\u0103 pentru interviu: cum s\u0103 ai un look profesional - CCC Fashion blog","og_description":"Nu stii care este incaltamintea potrivita pentru interviu? Descopera pe blogul CCC cum sa adopti un look profesional cu ajutorul incaltamintei!\u00a0","og_url":"https:\/\/blog.ccc.eu\/ro\/incaltamintea-potrivita-pentru-interviu-cum-sa-ai-un-look-profesional\/","og_site_name":"CCC Fashion blog","article_published_time":"2023-11-07T14:54:15+00:00","article_modified_time":"2023-11-07T14:54:16+00:00","og_image":[{"width":2560,"height":1920,"url":"https:\/\/blog.ccc.eu\/ro\/wp-content\/uploads\/2023\/11\/230808_CCC_1003-scaled.jpg","type":"image\/jpeg"}],"author":"Andreea Stoian\u00a0","twitter_card":"summary_large_image","twitter_misc":{"Scris de":"Andreea Stoian\u00a0","Timp estimat pentru citire":"8 minute"},"schema":{"@context":"https:\/\/schema.org","@graph":[{"@type":"Article","@id":"https:\/\/blog.ccc.eu\/ro\/incaltamintea-potrivita-pentru-interviu-cum-sa-ai-un-look-profesional\/#article","isPartOf":{"@id":"https:\/\/blog.ccc.eu\/ro\/incaltamintea-potrivita-pentru-interviu-cum-sa-ai-un-look-profesional\/"},"author":{"name":"Andreea Stoian\u00a0","@id":"https:\/\/blog.ccc.eu\/ro\/#\/schema\/person\/0601bbc3e409e0a44a47df3630e6edf2"},"headline":"\u00cenc\u0103l\u021b\u0103mintea potrivit\u0103 pentru interviu: cum s\u0103 ai un look profesional","datePublished":"2023-11-07T14:54:15+00:00","dateModified":"2023-11-07T14:54:16+00:00","mainEntityOfPage":{"@id":"https:\/\/blog.ccc.eu\/ro\/incaltamintea-potrivita-pentru-interviu-cum-sa-ai-un-look-profesional\/"},"wordCount":1680,"publisher":{"@id":"https:\/\/blog.ccc.eu\/ro\/#organization"},"image":{"@id":"https:\/\/blog.ccc.eu\/ro\/incaltamintea-potrivita-pentru-interviu-cum-sa-ai-un-look-profesional\/#primaryimage"},"thumbnailUrl":"https:\/\/blog.ccc.eu\/ro\/wp-content\/uploads\/2023\/11\/230808_CCC_1003-scaled.jpg","keywords":["incaltaminte pentru interviu","modele de pantofi","pantofi barbati interviu","pantofi dama interviu","pantofi interviu","tinuta pentru interviu"],"articleSection":["SFATURI DE MOD\u0102"],"inLanguage":"ro-RO"},{"@type":"WebPage","@id":"https:\/\/blog.ccc.eu\/ro\/incaltamintea-potrivita-pentru-interviu-cum-sa-ai-un-look-profesional\/","url":"https:\/\/blog.ccc.eu\/ro\/incaltamintea-potrivita-pentru-interviu-cum-sa-ai-un-look-profesional\/","name":"\u00cenc\u0103l\u021b\u0103mintea potrivit\u0103 pentru interviu: cum s\u0103 ai un look profesional - CCC Fashion blog","isPartOf":{"@id":"https:\/\/blog.ccc.eu\/ro\/#website"},"primaryImageOfPage":{"@id":"https:\/\/blog.ccc.eu\/ro\/incaltamintea-potrivita-pentru-interviu-cum-sa-ai-un-look-profesional\/#primaryimage"},"image":{"@id":"https:\/\/blog.ccc.eu\/ro\/incaltamintea-potrivita-pentru-interviu-cum-sa-ai-un-look-profesional\/#primaryimage"},"thumbnailUrl":"https:\/\/blog.ccc.eu\/ro\/wp-content\/uploads\/2023\/11\/230808_CCC_1003-scaled.jpg","datePublished":"2023-11-07T14:54:15+00:00","dateModified":"2023-11-07T14:54:16+00:00","description":"Nu stii care este incaltamintea potrivita pentru interviu? Descopera pe blogul CCC cum sa adopti un look profesional cu ajutorul incaltamintei!\u00a0","breadcrumb":{"@id":"https:\/\/blog.ccc.eu\/ro\/incaltamintea-potrivita-pentru-interviu-cum-sa-ai-un-look-profesional\/#breadcrumb"},"inLanguage":"ro-RO","potentialAction":[{"@type":"ReadAction","target":["https:\/\/blog.ccc.eu\/ro\/incaltamintea-potrivita-pentru-interviu-cum-sa-ai-un-look-profesional\/"]}]},{"@type":"ImageObject","inLanguage":"ro-RO","@id":"https:\/\/blog.ccc.eu\/ro\/incaltamintea-potrivita-pentru-interviu-cum-sa-ai-un-look-profesional\/#primaryimage","url":"https:\/\/blog.ccc.eu\/ro\/wp-content\/uploads\/2023\/11\/230808_CCC_1003-scaled.jpg","contentUrl":"https:\/\/blog.ccc.eu\/ro\/wp-content\/uploads\/2023\/11\/230808_CCC_1003-scaled.jpg","width":2560,"height":1920},{"@type":"BreadcrumbList","@id":"https:\/\/blog.ccc.eu\/ro\/incaltamintea-potrivita-pentru-interviu-cum-sa-ai-un-look-profesional\/#breadcrumb","itemListElement":[{"@type":"ListItem","position":1,"name":"Strona g\u0142\u00f3wna","item":"https:\/\/blog.ccc.eu\/ro\/"},{"@type":"ListItem","position":2,"name":"\u00cenc\u0103l\u021b\u0103mintea potrivit\u0103 pentru interviu: cum s\u0103 ai un look profesional"}]},{"@type":"WebSite","@id":"https:\/\/blog.ccc.eu\/ro\/#website","url":"https:\/\/blog.ccc.eu\/ro\/","name":"CCC Fashion blog","description":"Locul t\u0103u plin de inspira\u021bii \u00een mod\u0103","publisher":{"@id":"https:\/\/blog.ccc.eu\/ro\/#organization"},"potentialAction":[{"@type":"SearchAction","target":{"@type":"EntryPoint","urlTemplate":"https:\/\/blog.ccc.eu\/ro\/?s={search_term_string}"},"query-input":{"@type":"PropertyValueSpecification","valueRequired":true,"valueName":"search_term_string"}}],"inLanguage":"ro-RO"},{"@type":"Organization","@id":"https:\/\/blog.ccc.eu\/ro\/#organization","name":"CCC S.A.","url":"https:\/\/blog.ccc.eu\/ro\/","logo":{"@type":"ImageObject","inLanguage":"ro-RO","@id":"https:\/\/blog.ccc.eu\/ro\/#\/schema\/logo\/image\/","url":"https:\/\/blog.ccc.eu\/ro\/wp-content\/uploads\/2021\/11\/logo_ccc.png","contentUrl":"https:\/\/blog.ccc.eu\/ro\/wp-content\/uploads\/2021\/11\/logo_ccc.png","width":730,"height":270,"caption":"CCC S.A."},"image":{"@id":"https:\/\/blog.ccc.eu\/ro\/#\/schema\/logo\/image\/"}},{"@type":"Person","@id":"https:\/\/blog.ccc.eu\/ro\/#\/schema\/person\/0601bbc3e409e0a44a47df3630e6edf2","name":"Andreea Stoian\u00a0","image":{"@type":"ImageObject","inLanguage":"ro-RO","@id":"https:\/\/blog.ccc.eu\/ro\/#\/schema\/person\/image\/","url":"https:\/\/blog.ccc.eu\/ro\/wp-content\/uploads\/2022\/01\/Andreea-Stoian-2-100x100.jpeg","contentUrl":"https:\/\/blog.ccc.eu\/ro\/wp-content\/uploads\/2022\/01\/Andreea-Stoian-2-100x100.jpeg","caption":"Andreea Stoian\u00a0"},"url":"https:\/\/blog.ccc.eu\/ro\/author\/andreea-stoian\/"}]}},"_links":{"self":[{"href":"https:\/\/blog.ccc.eu\/ro\/wp-json\/wp\/v2\/posts\/6790","targetHints":{"allow":["GET"]}}],"collection":[{"href":"https:\/\/blog.ccc.eu\/ro\/wp-json\/wp\/v2\/posts"}],"about":[{"href":"https:\/\/blog.ccc.eu\/ro\/wp-json\/wp\/v2\/types\/post"}],"author":[{"embeddable":true,"href":"https:\/\/blog.ccc.eu\/ro\/wp-json\/wp\/v2\/users\/14"}],"replies":[{"embeddable":true,"href":"https:\/\/blog.ccc.eu\/ro\/wp-json\/wp\/v2\/comments?post=6790"}],"version-history":[{"count":2,"href":"https:\/\/blog.ccc.eu\/ro\/wp-json\/wp\/v2\/posts\/6790\/revisions"}],"predecessor-version":[{"id":6793,"href":"https:\/\/blog.ccc.eu\/ro\/wp-json\/wp\/v2\/posts\/6790\/revisions\/6793"}],"wp:featuredmedia":[{"embeddable":true,"href":"https:\/\/blog.ccc.eu\/ro\/wp-json\/wp\/v2\/media\/6794"}],"wp:attachment":[{"href":"https:\/\/blog.ccc.eu\/ro\/wp-json\/wp\/v2\/media?parent=6790"}],"wp:term":[{"taxonomy":"category","embeddable":true,"href":"https:\/\/blog.ccc.eu\/ro\/wp-json\/wp\/v2\/categories?post=6790"},{"taxonomy":"post_tag","embeddable":true,"href":"https:\/\/blog.ccc.eu\/ro\/wp-json\/wp\/v2\/tags?post=6790"}],"curies":[{"name":"wp","href":"https:\/\/api.w.org\/{rel}","templated":true}]}}