{"id":6868,"date":"2024-01-03T14:49:04","date_gmt":"2024-01-03T13:49:04","guid":{"rendered":"https:\/\/blog.ccc.eu\/ro\/?p=6868"},"modified":"2024-01-03T14:55:51","modified_gmt":"2024-01-03T13:55:51","slug":"jacheta-fleece-cum-o-integram-in-tinute","status":"publish","type":"post","link":"https:\/\/blog.ccc.eu\/ro\/jacheta-fleece-cum-o-integram-in-tinute\/","title":{"rendered":"Jacheta fleece: cum o integr\u0103m \u00een \u021binuta de zi cu zi"},"content":{"rendered":"\n<p>Nu mai este mult timp p\u00e2n\u0103 c\u00e2nd sezonul rece \u00ee\u0219i intr\u0103 pe deplin \u00een drepturi, ceea ce nu ne face dec\u00e2t s\u0103 ne g\u00e2ndim la orice op\u021biune vestimentar\u0103 care s\u0103 ne \u021bin\u0103 de cald \u0219i care s\u0103 ne ofere un look cozy c\u00e2nd termometrele indic\u0103 temperaturi neprietenoase. \u0218i dac\u0103 ar fi s\u0103 realiz\u0103m un top al celor mai c\u0103lduroase materiale pe care le putem purta \u00een timpul iernii, mai mult ca sigur fleece-ul se num\u0103r\u0103 printre ele.&nbsp;<\/p>\n\n\n\n<p>Cunoscut \u0219i sub denumirea popular\u0103 de \u201epolar\u201d, materialul fleece reprezint\u0103 una dintre cele mai bune op\u021biuni ce vin s\u0103 \u00eembun\u0103t\u0103\u021beasc\u0103 nivelul de confort termic \u00een sezonul rece. Vestea bun\u0103 este c\u0103 din acest material &#8211; pe c\u00e2t de confortabil, pe at\u00e2t de chic \u0219i c\u0103lduros, sunt realizate o mul\u021bime de piese vestimentare, jacheta fleece fiind una dintre cele mai populare piese vestimentare de sezon. Afl\u0103 mai multe despre acest material inovator \u0219i despre cum po\u021bi integra o jachet\u0103 din fleece \u00een \u021binuta de zi cu zi!\u00a0<\/p>\n\n\n\n<h2 class=\"wp-block-heading\">Ce este fleece \u0219i ce caracteristici are acest material?<\/h2>\n\n\n\n<p>Fleece-ul este un material sintetic, de obicei fabricat din poliester, care imit\u0103 l\u00e2na \u00een textura \u0219i propriet\u0103\u021bile sale de izolare termic\u0103. Acesta este un material u\u0219or, moale, durabil \u0219i respirabil, fiind folosit adesea \u00een fabricarea \u00eembr\u0103c\u0103mintei de iarn\u0103, inclusiv a jachetelor. Putem spune c\u0103 fleece-ul este unul dintre cele mai populare materiale pentru \u00eembr\u0103c\u0103minte datorit\u0103 acestor propriet\u0103\u021bi.<br><br>Fleece-ul are o serie de caracteristici care \u00eel fac ideal pentru \u00eembr\u0103c\u0103mintea de iarn\u0103. Este foarte c\u0103lduros, oferind o izolare termic\u0103 excelent\u0103. De asemenea, este u\u0219or \u0219i respirabil, ceea ce \u00eel face confortabil pentru purtare \u00eendelungat\u0103. \u00cen plus, fleece-ul este durabil \u0219i rezist\u0103 la uzur\u0103, ceea ce \u00eel transform\u0103 \u00eentr-o op\u021biune economic\u0103 pe termen lung. Cea mai important\u0103 calitate a acestui material r\u0103m\u00e2ne capacitatea de a men\u021bine c\u0103ldura emanat\u0103 de corpul uman \u00een mod natural.&nbsp;<\/p>\n\n\n\n<p>Jacheta fleece este un element de baz\u0103 \u00een garderoba de iarn\u0103. Datorit\u0103 propriet\u0103\u021bilor sale de izolare termic\u0103, este ideal\u0103 pentru zilele reci. \u00cen plus, este u\u0219oar\u0103 \u0219i confortabil\u0103, ceea ce o face potrivit\u0103 pentru purtarea de zi cu zi. Jacheta fleece este, de asemenea, u\u0219or de asortat, put\u00e2nd fi purtat\u0103 \u00een multe contexte diferite, de la activit\u0103\u021bi \u00een aer liber la \u021binute casual de birou.\u00a0<\/p>\n\n\n\n<p><\/p>\n\n\n\n\n\n\n<h2 class=\"wp-block-heading\">Cum s\u0103 alegi o jachet\u0103 fleece?<\/h2>\n\n\n\n<p>A\u0219a cum men\u021bionam anterior, jacheta fleece sau polar se num\u0103r\u0103 printre cele mai recomandate piese vestimentare din fleece. Realizat\u0103 \u00een baza unei tehnologii de \u00eenc\u0103lzire ce garanteaz\u0103 confortul termic, aceast\u0103 pies\u0103 vestimentar\u0103 este de nelipsit din garderoba de iarn\u0103. Cum alegi \u00eens\u0103 o jachet\u0103 fleece potrivit\u0103? Iat\u0103 care sunt criteriile pe care trebuie s\u0103 le iei \u00een considerare!\u00a0<\/p>\n\n\n\n<h3 class=\"wp-block-heading\">Determin\u0103 scopul pentru care vei folosi jacheta fleece<\/h3>\n\n\n\n<p>C\u00e2nd vine vorba de alegerea unei jachete fleece, primul pas este determinarea scopului pentru care o vei folosi. Fie c\u0103 este vorba de drume\u021bii, alpinism, schi sau pur \u0219i simplu pentru a te \u00eenc\u0103lzi \u00een zilele reci de iarn\u0103, fiecare activitate poate necesita un anumit tip de jachet\u0103. De exemplu, dac\u0103 inten\u021bionezi s\u0103 o folose\u0219ti \u00een timpul drume\u021biilor, ai nevoie de o jachet\u0103 fleece ce beneficiaz\u0103 de caracteristici suplimentare, cum ar fi gulerul \u00eenalt sau buzunarele cu fermoar. Scopul utiliz\u0103rii jachetei va influen\u021ba \u00een mod semnificativ alegerea stilului, m\u0103rimea \u0219i caracteristicile suplimentare.<\/p>\n\n\n\n<h3 class=\"wp-block-heading\">Alege m\u0103rimea \u0219i stilul potrivit al jachetei\u00a0<\/h3>\n\n\n\n<p>Alegerea m\u0103rimii \u0219i stilului potrivit este, de asemenea, esen\u021bial\u0103. Trebuie s\u0103 \u021bii cont de nevoile \u0219i preferin\u021bele tale. Jacheta ar trebui s\u0103 fie suficient de mare pentru a permite mi\u0219carea liber\u0103, dar suficient de mic\u0103 pentru a oferi o izolare termic\u0103 eficient\u0103. De exemplu, pentru activit\u0103\u021bi \u00een aer liber, poate fi mai bine s\u0103 alegi un model cu guler \u00eenalt sau buzunare cu fermoar. Dac\u0103 dore\u0219ti s\u0103 integrezi jacheta fleece \u00een <a href=\"https:\/\/blog.ccc.eu\/ro\/stil-casual-sfaturi-si-idei-de-imbracaminte\/\">\u021binute casual<\/a> de sezon, po\u021bi opta pentru diferite modele, cum ar fi o jachet\u0103 polar supradimensionat\u0103.\u00a0<\/p>\n\n\n\n<h3 class=\"wp-block-heading\">\u021aine cont de culoarea jachetei polar\u00a0<\/h3>\n\n\n\n<p>Culoarea jachetei este un alt factor important de luat \u00een considerare. Culorile deschise sunt mai potrivite pentru activit\u0103\u021bi de zi, \u00een timp ce culorile \u00eenchise pot fi mai rezistente la murd\u0103rie. De asemenea, trebuie s\u0103 te asiguri c\u0103 alegi o culoare care se potrive\u0219te cu restul garderobei tale. \u021ai-am povestit \u00eentr-un alt articol ce <a href=\"https:\/\/blog.ccc.eu\/ro\/combinatii-de-culori-vestimentare-cu-care-nu-dai-gres\/\">combina\u021bii de culori vestimentare<\/a> po\u021bi alege pentru un look reu\u0219it!\u00a0<\/p>\n\n\n\n<h3 class=\"wp-block-heading\">Investe\u0219te \u00eentr-un material fleece de calitate<\/h3>\n\n\n\n<p>Un alt aspect esen\u021bial atunci c\u00e2nd alegi o jachet\u0103 fleece este materialul \u0219i calitatea acesteia. Materialul poate influen\u021ba confortul, izolarea termic\u0103 \u0219i durabilitatea jachetei. Jachetele fleece de calitate superioar\u0103 sunt adesea mai c\u0103lduroase, mai confortabile \u0219i mai durabile. De asemenea, este important s\u0103 verifici dac\u0103 materialul este rezistent la intemperii, \u00een cazul \u00een care aceste caracteristici sunt importante pentru tine.<\/p>\n\n\n\n<h3 class=\"wp-block-heading\">Fii \u00een pas cu ultimele tendin\u021be \u00een materie de jachete fleece<\/h3>\n\n\n\n<p>Jachetele polar sunt \u00eentotdeauna la mod\u0103. Indiferent c\u0103 dore\u0219ti s\u0103 ob\u021bii un look minimalist sau e\u0219ti un fan al layeringului, o jachet\u0103 fleece este op\u021biunea perfect\u0103 pentru iarn\u0103. Dac\u0103 vrei s\u0103 integrezi o astfel de pies\u0103 \u00een \u021binuta de zi cu zi, ar fi indicat s\u0103 arunci o privire \u0219i peste ultimele tendin\u021be \u00een materie de jachete polar. De pild\u0103, sunt la mod\u0103 \u00een acest sezon jachetele fleece \u00een <a href=\"https:\/\/blog.ccc.eu\/ro\/cum-sa-te-imbraci-in-stilul-vanilla-girl-in-2023\/\">stilul Vanilla Girl<\/a>, \u00een nuan\u021be neutre, dar \u0219i jachetele fleece cu imprimeuri sau \u00een nuan\u021be vii.\u00a0<\/p>\n\n\n\n\n\n\n<h2 class=\"wp-block-heading\">Cum s\u0103 por\u021bi o jachet\u0103 fleece: idei de \u021binute<\/h2>\n\n\n\n<p>Purtarea unei jachete fleece \u00eencepe cu definirea stilului personal. Aceste jachete sunt disponibile \u00eentr-o varietate de stiluri, de la cele casual la cele sport. Pentru c\u0103 ne dorim s\u0103 integrezi o jachet\u0103 fleece \u00een \u021binute cool \u0219i cozy de sezon, \u00ee\u021bi vom propune \u00een continuare c\u00e2teva idei de \u021binute cu jachete fleece care s\u0103 te inspire. Iat\u0103 propunerile noastre vestimentare!\u00a0<\/p>\n\n\n\n<h3 class=\"wp-block-heading\">\u021ainut\u0103 cu jachet\u0103 fleece, pantaloni \u0219i pantofi casual\u00a0<\/h3>\n\n\n\n<p>Una dintre cele mai chic \u021binute cu jachet\u0103 fleece pe care le po\u021bi aborda \u00een sezonul rece este combinarea unor pantaloni casual negri, a unei hel\u0103nci negre \u0219i a unei jachete fleece cu imprimeu \u00een stil\u00a0<em>chess board.\u00a0<\/em>Asorteaz\u0103 \u021binuta cu <a href=\"https:\/\/ccc.eu\/ro\/femei\/pantofi\/pantofi-casual\">pantofi casual de dam\u0103<\/a>, inspir\u00e2ndu-te din <a href=\"https:\/\/blog.ccc.eu\/ro\/trenduri-toamna-iarna-pe-care-trebuie-sa-le-stii-in-2023-2024\/\">trendurile de toamn\u0103-iarn\u0103<\/a> \u0219i cu o geant\u0103 de m\u00e2n\u0103 din piele. Vei avea un look c\u0103lduros \u0219i la mod\u0103, cu siguran\u021b\u0103!\u00a0<\/p>\n\n\n\n<h3 class=\"wp-block-heading\">\u021ainut\u0103 cu jachet\u0103 fleece, jeans \u0219i sneakers<\/h3>\n\n\n\n<p>O alt\u0103 \u021binut\u0103 de zi cu zi confortabil\u0103 pe care o po\u021bi purta este cea format\u0103 dintr-o pereche de jeans, un pulover \u00een nuan\u021be neutre, o jachet\u0103 fleece \u0219i <a href=\"https:\/\/ccc.eu\/ro\/femei\/pantofi\/sneakers\">sneakers de dam\u0103<\/a> \u00eentr-o culoare neutr\u0103. Accesorizeaz\u0103 look-ul cu ochelari de soare \u0219i o <a href=\"https:\/\/ccc.eu\/ro\/genti\/genti-pentru-femei\/genti-de-umar\">geant\u0103 de um\u0103r din piele<\/a> \u0219i e\u0219ti preg\u0103tit\u0103 pentru orice activitate zilnic\u0103!\u00a0<\/p>\n\n\n\n<h3 class=\"wp-block-heading\">\u021ainut\u0103 cu jachet\u0103 fleece, pantaloni din piele \u0219i cizme \u00eembl\u0103nite\u00a0<\/h3>\n\n\n\n<p>Un look casual urban se potrive\u0219te de minune cu jachetele fleece. Dac\u0103 \u0219i tu \u00ee\u021bi dore\u0219ti o \u021binut\u0103 \u00een <a href=\"https:\/\/blog.ccc.eu\/ro\/stilul-de-imbracaminte-urban-piese-vestimentare-must-have-pentru-toamna\/\">stil urban<\/a>, \u00ee\u021bi propunem s\u0103 asortezi un hanorac supradimensionat cu pantaloni din piele, o jachet\u0103 fleece oversize \u0219i <a href=\"https:\/\/ccc.eu\/ro\/femei\/pantofi\/cizme-dama\">cizme de dam\u0103 \u00eembl\u0103nite<\/a>. Po\u021bi ad\u0103uga un plus de stil \u021binutei cu ajutorul unui fes \u0219i al unei gen\u021bi de m\u00e2n\u0103 din piele natural\u0103.\u00a0<\/p>\n\n\n\n<h3 class=\"wp-block-heading\">\u021ainut\u0103 cu jachet\u0103 fleece, pantaloni evaza\u021bi \u0219i ghete din piele<\/h3>\n\n\n\n<p>Idei de <a href=\"https:\/\/blog.ccc.eu\/ro\/10-idei-de-tinute-cu-pantaloni-evazati-si-pantofi\/\">\u021binute cu pantaloni evaza\u021bi<\/a> \u021bi-am mai oferit de-a lungul timpului pe blogul nostru de mod\u0103, \u00eens\u0103 de aceast\u0103 dat\u0103 ne dorim s\u0103 integr\u0103m \u0219i jacheta fleece \u00een aceste \u021binute. Recomandarea noastr\u0103 pentru a ob\u021bine o \u021binut\u0103 relaxat\u0103 \u0219i confortabil\u0103 de zi cu zi este s\u0103 asortezi blugi evaza\u021bi cu un pulover chic, o jachet\u0103 fleece \u00een nuan\u021be p\u0103m\u00e2ntii \u0219i <a href=\"https:\/\/ccc.eu\/ro\/femei\/pantofi\/ghete\">ghete de dam\u0103 din piele<\/a>. Pentru o doz\u0103 suplimentar\u0103 de stil, te po\u021bi inspira dintr-un articol anterior \u00een care \u00ee\u021bi ofeream <a href=\"https:\/\/blog.ccc.eu\/ro\/tinuta-ghete-pana-la-glezna\/\">idei de \u021binute cu ghete<\/a> p\u00e2n\u0103 la glezn\u0103.\u00a0<\/p>\n\n\n\n<h3 class=\"wp-block-heading\">\u021ainut\u0103 cu jachet\u0103 fleece, pantaloni fleece \u0219i bocanci\u00a0<\/h3>\n\n\n\n<p>\u00ce\u021bi dore\u0219ti s\u0103 mergi cu \u021binuta de zi cu zi \u00een zona sport casual? Ei bine, po\u021bi opta pentru combinarea unei jachete fleece \u00een stil army cu un hanorac oversize, pantaloni fleece \u0219i o pereche de <a href=\"https:\/\/ccc.eu\/ro\/femei\/pantofi\/bocanci\">bocanci de dam\u0103<\/a> \u00een stil combat. Completeaz\u0103 look-ul cu un rucsac \u0219i o c\u0103ciul\u0103 la mod\u0103 \u0219i e\u0219ti gata s\u0103 faci fa\u021b\u0103 frigului \u00eentr-un mod chic!&nbsp;<\/p>\n\n\n\n<p>Acum c\u0103 \u0219tii ce \u00eenseamn\u0103 fleece \u0219i te-ai familiarizat cu avantajele pe care le ofer\u0103 \u021binutei de zi cu zi \u00een sezonul rece, nu mai r\u0103m\u00e2ne dec\u00e2t s\u0103 te inspiri din ideile de \u021binute oferite \u0219i s\u0103 creezi cele mai cool outfituri \u00een acest sezon. Nu uita c\u0103 <a href=\"https:\/\/ccc.eu\/ro\/\">magazinul online CCC<\/a> te a\u0219teapt\u0103 cu numeroase modele de \u00eenc\u0103l\u021b\u0103minte de dam\u0103, care vor reu\u0219i s\u0103 completeze \u00een mod ideal o \u021binut\u0103 cu jachet\u0103 fleece!&nbsp;<\/p>\n","protected":false},"excerpt":{"rendered":"<p>Nu mai este mult timp p\u00e2n\u0103 c\u00e2nd sezonul rece \u00ee\u0219i intr\u0103 pe deplin \u00een drepturi, ceea ce nu ne face dec\u00e2t s\u0103 ne g\u00e2ndim la orice op\u021biune vestimentar\u0103 care s\u0103 ne \u021bin\u0103 de cald \u0219i care s\u0103 ne ofere un look cozy c\u00e2nd termometrele indic\u0103 temperaturi neprietenoase. \u0218i dac\u0103 ar fi s\u0103 realiz\u0103m un top [&hellip;]<\/p>\n","protected":false},"author":14,"featured_media":0,"comment_status":"closed","ping_status":"closed","sticky":false,"template":"","format":"standard","meta":{"_acf_changed":false,"footnotes":""},"categories":[4],"tags":[1860,1858,1857,1861,727,1266,1859],"class_list":["post-6868","post","type-post","status-publish","format-standard","hentry","category-sfaturi-de-moda","tag-asortare-jacheta-fleece","tag-ce-inseamna-fleece","tag-jacheta-fleece","tag-material-fleece","tag-sfaturi-de-moda","tag-tinute-de-iarna","tag-tinute-jacheta-fleece"],"acf":[],"yoast_head":"<!-- This site is optimized with the Yoast SEO plugin v26.9 - https:\/\/yoast.com\/product\/yoast-seo-wordpress\/ -->\n<title>Jacheta fleece: cum o integr\u0103m \u00een \u021binuta de zi cu zi - CCC Fashion blog<\/title>\n<meta name=\"description\" content=\"Iti doresti tinute calduroase in acest sezon? CCC iti propune jacheta fleece si idei de tinute cu jacheta fleece, pentru un look confortabil de iarna!\u00a0 2026\" \/>\n<meta name=\"robots\" content=\"index, follow, max-snippet:-1, max-image-preview:large, max-video-preview:-1\" \/>\n<link rel=\"canonical\" href=\"https:\/\/blog.ccc.eu\/ro\/jacheta-fleece-cum-o-integram-in-tinute\/\" \/>\n<meta property=\"og:locale\" content=\"ro_RO\" \/>\n<meta property=\"og:type\" content=\"article\" \/>\n<meta property=\"og:title\" content=\"Jacheta fleece: cum o integr\u0103m \u00een \u021binuta de zi cu zi - CCC Fashion blog\" \/>\n<meta property=\"og:description\" content=\"Iti doresti tinute calduroase in acest sezon? CCC iti propune jacheta fleece si idei de tinute cu jacheta fleece, pentru un look confortabil de iarna!\u00a0\" \/>\n<meta property=\"og:url\" content=\"https:\/\/blog.ccc.eu\/ro\/jacheta-fleece-cum-o-integram-in-tinute\/\" \/>\n<meta property=\"og:site_name\" content=\"CCC Fashion blog\" \/>\n<meta property=\"article:published_time\" content=\"2024-01-03T13:49:04+00:00\" \/>\n<meta property=\"article:modified_time\" content=\"2024-01-03T13:55:51+00:00\" \/>\n<meta name=\"author\" content=\"Andreea Stoian\u00a0\" \/>\n<meta name=\"twitter:card\" content=\"summary_large_image\" \/>\n<meta name=\"twitter:label1\" content=\"Scris de\" \/>\n\t<meta name=\"twitter:data1\" content=\"Andreea Stoian\u00a0\" \/>\n\t<meta name=\"twitter:label2\" content=\"Timp estimat pentru citire\" \/>\n\t<meta name=\"twitter:data2\" content=\"8 minute\" \/>\n<script type=\"application\/ld+json\" class=\"yoast-schema-graph\">{\"@context\":\"https:\/\/schema.org\",\"@graph\":[{\"@type\":\"Article\",\"@id\":\"https:\/\/blog.ccc.eu\/ro\/jacheta-fleece-cum-o-integram-in-tinute\/#article\",\"isPartOf\":{\"@id\":\"https:\/\/blog.ccc.eu\/ro\/jacheta-fleece-cum-o-integram-in-tinute\/\"},\"author\":{\"name\":\"Andreea Stoian\u00a0\",\"@id\":\"https:\/\/blog.ccc.eu\/ro\/#\/schema\/person\/0601bbc3e409e0a44a47df3630e6edf2\"},\"headline\":\"Jacheta fleece: cum o integr\u0103m \u00een \u021binuta de zi cu zi\",\"datePublished\":\"2024-01-03T13:49:04+00:00\",\"dateModified\":\"2024-01-03T13:55:51+00:00\",\"mainEntityOfPage\":{\"@id\":\"https:\/\/blog.ccc.eu\/ro\/jacheta-fleece-cum-o-integram-in-tinute\/\"},\"wordCount\":1533,\"publisher\":{\"@id\":\"https:\/\/blog.ccc.eu\/ro\/#organization\"},\"keywords\":[\"asortare jacheta fleece\",\"ce inseamna fleece\",\"jacheta fleece\",\"material fleece\",\"sfaturi de moda\",\"tinute de iarna\",\"tinute jacheta fleece\"],\"articleSection\":[\"SFATURI DE MOD\u0102\"],\"inLanguage\":\"ro-RO\"},{\"@type\":\"WebPage\",\"@id\":\"https:\/\/blog.ccc.eu\/ro\/jacheta-fleece-cum-o-integram-in-tinute\/\",\"url\":\"https:\/\/blog.ccc.eu\/ro\/jacheta-fleece-cum-o-integram-in-tinute\/\",\"name\":\"Jacheta fleece: cum o integr\u0103m \u00een \u021binuta de zi cu zi - CCC Fashion blog\",\"isPartOf\":{\"@id\":\"https:\/\/blog.ccc.eu\/ro\/#website\"},\"datePublished\":\"2024-01-03T13:49:04+00:00\",\"dateModified\":\"2024-01-03T13:55:51+00:00\",\"description\":\"Iti doresti tinute calduroase in acest sezon? CCC iti propune jacheta fleece si idei de tinute cu jacheta fleece, pentru un look confortabil de iarna!\u00a0\",\"breadcrumb\":{\"@id\":\"https:\/\/blog.ccc.eu\/ro\/jacheta-fleece-cum-o-integram-in-tinute\/#breadcrumb\"},\"inLanguage\":\"ro-RO\",\"potentialAction\":[{\"@type\":\"ReadAction\",\"target\":[\"https:\/\/blog.ccc.eu\/ro\/jacheta-fleece-cum-o-integram-in-tinute\/\"]}]},{\"@type\":\"BreadcrumbList\",\"@id\":\"https:\/\/blog.ccc.eu\/ro\/jacheta-fleece-cum-o-integram-in-tinute\/#breadcrumb\",\"itemListElement\":[{\"@type\":\"ListItem\",\"position\":1,\"name\":\"Strona g\u0142\u00f3wna\",\"item\":\"https:\/\/blog.ccc.eu\/ro\/\"},{\"@type\":\"ListItem\",\"position\":2,\"name\":\"Jacheta fleece: cum o integr\u0103m \u00een \u021binuta de zi cu zi\"}]},{\"@type\":\"WebSite\",\"@id\":\"https:\/\/blog.ccc.eu\/ro\/#website\",\"url\":\"https:\/\/blog.ccc.eu\/ro\/\",\"name\":\"CCC Fashion blog\",\"description\":\"Locul t\u0103u plin de inspira\u021bii \u00een mod\u0103\",\"publisher\":{\"@id\":\"https:\/\/blog.ccc.eu\/ro\/#organization\"},\"potentialAction\":[{\"@type\":\"SearchAction\",\"target\":{\"@type\":\"EntryPoint\",\"urlTemplate\":\"https:\/\/blog.ccc.eu\/ro\/?s={search_term_string}\"},\"query-input\":{\"@type\":\"PropertyValueSpecification\",\"valueRequired\":true,\"valueName\":\"search_term_string\"}}],\"inLanguage\":\"ro-RO\"},{\"@type\":\"Organization\",\"@id\":\"https:\/\/blog.ccc.eu\/ro\/#organization\",\"name\":\"CCC S.A.\",\"url\":\"https:\/\/blog.ccc.eu\/ro\/\",\"logo\":{\"@type\":\"ImageObject\",\"inLanguage\":\"ro-RO\",\"@id\":\"https:\/\/blog.ccc.eu\/ro\/#\/schema\/logo\/image\/\",\"url\":\"https:\/\/blog.ccc.eu\/ro\/wp-content\/uploads\/2021\/11\/logo_ccc.png\",\"contentUrl\":\"https:\/\/blog.ccc.eu\/ro\/wp-content\/uploads\/2021\/11\/logo_ccc.png\",\"width\":730,\"height\":270,\"caption\":\"CCC S.A.\"},\"image\":{\"@id\":\"https:\/\/blog.ccc.eu\/ro\/#\/schema\/logo\/image\/\"}},{\"@type\":\"Person\",\"@id\":\"https:\/\/blog.ccc.eu\/ro\/#\/schema\/person\/0601bbc3e409e0a44a47df3630e6edf2\",\"name\":\"Andreea Stoian\u00a0\",\"image\":{\"@type\":\"ImageObject\",\"inLanguage\":\"ro-RO\",\"@id\":\"https:\/\/blog.ccc.eu\/ro\/#\/schema\/person\/image\/\",\"url\":\"https:\/\/blog.ccc.eu\/ro\/wp-content\/uploads\/2022\/01\/Andreea-Stoian-2-100x100.jpeg\",\"contentUrl\":\"https:\/\/blog.ccc.eu\/ro\/wp-content\/uploads\/2022\/01\/Andreea-Stoian-2-100x100.jpeg\",\"caption\":\"Andreea Stoian\u00a0\"},\"url\":\"https:\/\/blog.ccc.eu\/ro\/author\/andreea-stoian\/\"}]}<\/script>\n<!-- \/ Yoast SEO plugin. -->","yoast_head_json":{"title":"Jacheta fleece: cum o integr\u0103m \u00een \u021binuta de zi cu zi - CCC Fashion blog","description":"Iti doresti tinute calduroase in acest sezon? CCC iti propune jacheta fleece si idei de tinute cu jacheta fleece, pentru un look confortabil de iarna!\u00a0 2026","robots":{"index":"index","follow":"follow","max-snippet":"max-snippet:-1","max-image-preview":"max-image-preview:large","max-video-preview":"max-video-preview:-1"},"canonical":"https:\/\/blog.ccc.eu\/ro\/jacheta-fleece-cum-o-integram-in-tinute\/","og_locale":"ro_RO","og_type":"article","og_title":"Jacheta fleece: cum o integr\u0103m \u00een \u021binuta de zi cu zi - CCC Fashion blog","og_description":"Iti doresti tinute calduroase in acest sezon? CCC iti propune jacheta fleece si idei de tinute cu jacheta fleece, pentru un look confortabil de iarna!\u00a0","og_url":"https:\/\/blog.ccc.eu\/ro\/jacheta-fleece-cum-o-integram-in-tinute\/","og_site_name":"CCC Fashion blog","article_published_time":"2024-01-03T13:49:04+00:00","article_modified_time":"2024-01-03T13:55:51+00:00","author":"Andreea Stoian\u00a0","twitter_card":"summary_large_image","twitter_misc":{"Scris de":"Andreea Stoian\u00a0","Timp estimat pentru citire":"8 minute"},"schema":{"@context":"https:\/\/schema.org","@graph":[{"@type":"Article","@id":"https:\/\/blog.ccc.eu\/ro\/jacheta-fleece-cum-o-integram-in-tinute\/#article","isPartOf":{"@id":"https:\/\/blog.ccc.eu\/ro\/jacheta-fleece-cum-o-integram-in-tinute\/"},"author":{"name":"Andreea Stoian\u00a0","@id":"https:\/\/blog.ccc.eu\/ro\/#\/schema\/person\/0601bbc3e409e0a44a47df3630e6edf2"},"headline":"Jacheta fleece: cum o integr\u0103m \u00een \u021binuta de zi cu zi","datePublished":"2024-01-03T13:49:04+00:00","dateModified":"2024-01-03T13:55:51+00:00","mainEntityOfPage":{"@id":"https:\/\/blog.ccc.eu\/ro\/jacheta-fleece-cum-o-integram-in-tinute\/"},"wordCount":1533,"publisher":{"@id":"https:\/\/blog.ccc.eu\/ro\/#organization"},"keywords":["asortare jacheta fleece","ce inseamna fleece","jacheta fleece","material fleece","sfaturi de moda","tinute de iarna","tinute jacheta fleece"],"articleSection":["SFATURI DE MOD\u0102"],"inLanguage":"ro-RO"},{"@type":"WebPage","@id":"https:\/\/blog.ccc.eu\/ro\/jacheta-fleece-cum-o-integram-in-tinute\/","url":"https:\/\/blog.ccc.eu\/ro\/jacheta-fleece-cum-o-integram-in-tinute\/","name":"Jacheta fleece: cum o integr\u0103m \u00een \u021binuta de zi cu zi - CCC Fashion blog","isPartOf":{"@id":"https:\/\/blog.ccc.eu\/ro\/#website"},"datePublished":"2024-01-03T13:49:04+00:00","dateModified":"2024-01-03T13:55:51+00:00","description":"Iti doresti tinute calduroase in acest sezon? CCC iti propune jacheta fleece si idei de tinute cu jacheta fleece, pentru un look confortabil de iarna!\u00a0","breadcrumb":{"@id":"https:\/\/blog.ccc.eu\/ro\/jacheta-fleece-cum-o-integram-in-tinute\/#breadcrumb"},"inLanguage":"ro-RO","potentialAction":[{"@type":"ReadAction","target":["https:\/\/blog.ccc.eu\/ro\/jacheta-fleece-cum-o-integram-in-tinute\/"]}]},{"@type":"BreadcrumbList","@id":"https:\/\/blog.ccc.eu\/ro\/jacheta-fleece-cum-o-integram-in-tinute\/#breadcrumb","itemListElement":[{"@type":"ListItem","position":1,"name":"Strona g\u0142\u00f3wna","item":"https:\/\/blog.ccc.eu\/ro\/"},{"@type":"ListItem","position":2,"name":"Jacheta fleece: cum o integr\u0103m \u00een \u021binuta de zi cu zi"}]},{"@type":"WebSite","@id":"https:\/\/blog.ccc.eu\/ro\/#website","url":"https:\/\/blog.ccc.eu\/ro\/","name":"CCC Fashion blog","description":"Locul t\u0103u plin de inspira\u021bii \u00een mod\u0103","publisher":{"@id":"https:\/\/blog.ccc.eu\/ro\/#organization"},"potentialAction":[{"@type":"SearchAction","target":{"@type":"EntryPoint","urlTemplate":"https:\/\/blog.ccc.eu\/ro\/?s={search_term_string}"},"query-input":{"@type":"PropertyValueSpecification","valueRequired":true,"valueName":"search_term_string"}}],"inLanguage":"ro-RO"},{"@type":"Organization","@id":"https:\/\/blog.ccc.eu\/ro\/#organization","name":"CCC S.A.","url":"https:\/\/blog.ccc.eu\/ro\/","logo":{"@type":"ImageObject","inLanguage":"ro-RO","@id":"https:\/\/blog.ccc.eu\/ro\/#\/schema\/logo\/image\/","url":"https:\/\/blog.ccc.eu\/ro\/wp-content\/uploads\/2021\/11\/logo_ccc.png","contentUrl":"https:\/\/blog.ccc.eu\/ro\/wp-content\/uploads\/2021\/11\/logo_ccc.png","width":730,"height":270,"caption":"CCC S.A."},"image":{"@id":"https:\/\/blog.ccc.eu\/ro\/#\/schema\/logo\/image\/"}},{"@type":"Person","@id":"https:\/\/blog.ccc.eu\/ro\/#\/schema\/person\/0601bbc3e409e0a44a47df3630e6edf2","name":"Andreea Stoian\u00a0","image":{"@type":"ImageObject","inLanguage":"ro-RO","@id":"https:\/\/blog.ccc.eu\/ro\/#\/schema\/person\/image\/","url":"https:\/\/blog.ccc.eu\/ro\/wp-content\/uploads\/2022\/01\/Andreea-Stoian-2-100x100.jpeg","contentUrl":"https:\/\/blog.ccc.eu\/ro\/wp-content\/uploads\/2022\/01\/Andreea-Stoian-2-100x100.jpeg","caption":"Andreea Stoian\u00a0"},"url":"https:\/\/blog.ccc.eu\/ro\/author\/andreea-stoian\/"}]}},"_links":{"self":[{"href":"https:\/\/blog.ccc.eu\/ro\/wp-json\/wp\/v2\/posts\/6868","targetHints":{"allow":["GET"]}}],"collection":[{"href":"https:\/\/blog.ccc.eu\/ro\/wp-json\/wp\/v2\/posts"}],"about":[{"href":"https:\/\/blog.ccc.eu\/ro\/wp-json\/wp\/v2\/types\/post"}],"author":[{"embeddable":true,"href":"https:\/\/blog.ccc.eu\/ro\/wp-json\/wp\/v2\/users\/14"}],"replies":[{"embeddable":true,"href":"https:\/\/blog.ccc.eu\/ro\/wp-json\/wp\/v2\/comments?post=6868"}],"version-history":[{"count":3,"href":"https:\/\/blog.ccc.eu\/ro\/wp-json\/wp\/v2\/posts\/6868\/revisions"}],"predecessor-version":[{"id":6872,"href":"https:\/\/blog.ccc.eu\/ro\/wp-json\/wp\/v2\/posts\/6868\/revisions\/6872"}],"wp:attachment":[{"href":"https:\/\/blog.ccc.eu\/ro\/wp-json\/wp\/v2\/media?parent=6868"}],"wp:term":[{"taxonomy":"category","embeddable":true,"href":"https:\/\/blog.ccc.eu\/ro\/wp-json\/wp\/v2\/categories?post=6868"},{"taxonomy":"post_tag","embeddable":true,"href":"https:\/\/blog.ccc.eu\/ro\/wp-json\/wp\/v2\/tags?post=6868"}],"curies":[{"name":"wp","href":"https:\/\/api.w.org\/{rel}","templated":true}]}}