{"id":7008,"date":"2023-10-05T13:06:35","date_gmt":"2023-10-05T11:06:35","guid":{"rendered":"https:\/\/blog.ccc.eu\/ro\/?p=7008"},"modified":"2024-02-08T13:07:13","modified_gmt":"2024-02-08T12:07:13","slug":"modele-noi-de-adidasi-care-domina-sezonul-acesta","status":"publish","type":"post","link":"https:\/\/blog.ccc.eu\/ro\/modele-noi-de-adidasi-care-domina-sezonul-acesta\/","title":{"rendered":"5 modele noi de adida\u0219i care domin\u0103 sezonul acesta"},"content":{"rendered":"\n<h2 class=\"wp-block-heading\"><strong>Toamna este aici \u0219i moda perpetueaz\u0103, sezon dup\u0103 sezon, modele de \u00eenc\u0103l\u021b\u0103minte care promoveaz\u0103 confortul \u0219i stilul relaxat &#8211; desigur, pe l\u00e2ng\u0103 tocurile ame\u021bitoare \u00een care defileaz\u0103 modelele la Fashion Week. Unele dintre aceste modele de \u00eenc\u0103l\u021b\u0103minte sunt adida\u0219ii, cunoscu\u021bi pentru nivelul ridicat de confort pe care-l ofer\u0103 \u0219i pentru u\u0219urin\u021ba cu care pot fi asorta\u021bi \u00eentr-o mul\u021bime de outfituri, indiferent de sezon.\u00a0<\/strong><\/h2>\n\n\n\n<p><strong>Noi, cei de la <\/strong><a href=\"https:\/\/ccc.eu\/ro\/\"><strong>CCC<\/strong><\/a><strong>, suntem tot timpul \u00een pas cu moda, motiv pentru care ne-am propus s\u0103 aducem \u00een prim plan modele noi de adida\u0219i care domin\u0103 tendin\u021bele din acest sezon. Dac\u0103 \u0219i tu e\u0219ti adepta <\/strong><a href=\"https:\/\/blog.ccc.eu\/ro\/stilul-sport-piese-de-baza-si-sfaturi-pentru-accesorizare-in-sezonul-rece\/\"><strong>stilului sport<\/strong><\/a><strong> sau dac\u0103 e\u0219ti \u00een c\u0103utarea unor modele de \u00eenc\u0103l\u021b\u0103minte care s\u0103-\u021bi completeze \u021binutele de toamn\u0103 \u00eentr-un mod cool \u0219i confortabil, te invit\u0103m s\u0103 afli care sunt modelele de adida\u0219i \u00een tendin\u021be, al\u0103turi de sfaturi de asortare a adida\u0219ilor de dam\u0103. Vei fi surprins\u0103 s\u0103 descoperi ce \u021bi-a preg\u0103tit moda \u00een acest sezon!<\/strong><\/p>\n\n\n\n<div class=\"wp-block-group\"><div class=\"wp-block-group__inner-container is-layout-constrained wp-block-group-is-layout-constrained\">\n<figure class=\"wp-block-image size-full\"><img loading=\"lazy\" decoding=\"async\" width=\"656\" height=\"875\" src=\"https:\/\/blog.ccc.eu\/ro\/wp-content\/uploads\/2024\/02\/230306_CCC_1393_r2-1.jpg\" alt=\"\" class=\"wp-image-7018\" srcset=\"https:\/\/blog.ccc.eu\/ro\/wp-content\/uploads\/2024\/02\/230306_CCC_1393_r2-1.jpg 656w, https:\/\/blog.ccc.eu\/ro\/wp-content\/uploads\/2024\/02\/230306_CCC_1393_r2-1-225x300.jpg 225w, https:\/\/blog.ccc.eu\/ro\/wp-content\/uploads\/2024\/02\/230306_CCC_1393_r2-1-100x133.jpg 100w\" sizes=\"auto, (max-width: 656px) 100vw, 656px\" \/><\/figure>\n<\/div><\/div>\n\n\n\n<h2 class=\"wp-block-heading\"><strong>Modele de adida\u0219i la mod\u0103 \u00een acest sezon<\/strong><\/h2>\n\n\n\n<p>\u00cen acest sezon, exist\u0103 c\u00e2teva modele de adida\u0219i la mod\u0103 care atrag aten\u021bia \u0219i se bucur\u0103 de popularitate \u00een r\u00e2ndul fashionistelor. Fiecare model se remarc\u0103 prin designul unic, culorile dominante \u0219i materialele folosite \u00een confec\u021bionarea lor. Iat\u0103 care sunt cele mai noi modele de <a href=\"https:\/\/ccc.eu\/ro\/femei\/pantofi\/incaltaminte-sport\">adida\u0219i de dam\u0103<\/a>, care promit s\u0103 fac\u0103 deliciul \u021binutelor relaxate din acest sezon!\u00a0<\/p>\n\n\n\n<h3 class=\"wp-block-heading\"><strong>1. Adida\u0219i cu aspect sporty\u00a0<\/strong><\/h3>\n\n\n\n<p>Primul model este reprezentat de adida\u0219ii cu aspect sporty. Ace\u0219ti adida\u0219i se caracterizeaz\u0103 prin linii simple \u0219i minimaliste, precum \u0219i prin utilizarea predominat\u0103 a culorilor neutre, cum ar fi alb, negru sau gri. <a href=\"https:\/\/ccc.eu\/ro\/femei\/pantofi\/sneakers\">Sneaker\u0219ii de dam\u0103<\/a>, adida\u0219ii pentru tenis sau chiar \u0219i adida\u0219ii de fotbal sunt modele trendy de adida\u0219i \u00een acest sezon. Aceste modele se potrivesc at\u00e2t \u00een \u021binutele casual, c\u00e2t \u0219i \u00een \u021binutele chic casual sau smart casual.\u00a0<\/p>\n\n\n\n<h3 class=\"wp-block-heading\"><strong>2. Adida\u0219i cu accente retro\u00a0<\/strong><\/h3>\n\n\n\n<p>Al doilea model de adida\u0219i la mod\u0103 este cel cu accente retro. Ace\u0219ti adida\u0219i aduc un omagiu <a href=\"https:\/\/blog.ccc.eu\/ro\/moda-anilor-80-reinterpretata-in-2022\/\">modei anilor 80<\/a> \u0219i 90, prin utilizarea combina\u021biilor de culori vibrante \u0219i a detaliilor retro. Ace\u0219ti adida\u0219i sunt perfec\u021bi pentru a ad\u0103uga un strop de nostalgie \u00een orice \u021binut\u0103. \u0218i exist\u0103 o mul\u021bime de modele de la <a href=\"https:\/\/blog.ccc.eu\/ro\/cele-mai-populare-10-branduri-sport-din-toate-timpurile\/\">cele mai populare branduri sport<\/a> care s\u0103-\u021bi \u00eentregeasc\u0103 garderoba!<\/p>\n\n\n\n<h3 class=\"wp-block-heading\"><strong>3. Adida\u0219i \u00een nuan\u021be metalice<\/strong><\/h3>\n\n\n\n<p>\u00centr-un articol anterior \u00een care vorbeam despre <a href=\"https:\/\/blog.ccc.eu\/ro\/top-modele-pantofi-la-moda-sezonul-toamna-iarna-2023\/\">modele de pantofi la mod\u0103 \u00een sezonul toamn\u0103-iarn\u0103 2023<\/a>, am men\u021bionat c\u0103 nuan\u021bele metalice sunt \u00een vog\u0103 \u00een acest sezon. Ei bine, nici adida\u0219ii nu fac excep\u021bie de la regul\u0103, \u00eentruc\u00e2t printre modelele noi de adida\u0219i care domin\u0103 sezonul acesta se num\u0103r\u0103 \u0219i cele \u00een nuan\u021be metalice. Ace\u0219ti adida\u0219i de dam\u0103 sunt perfec\u021bi pentru a aduce un plus de str\u0103lucire \u0219i elegan\u021b\u0103 \u00een \u021binutele casual. Culorile metalice precum argintiu \u0219i auriu sunt cele mai populare \u00een aceast\u0103 toamn\u0103.<\/p>\n\n\n\n<h3 class=\"wp-block-heading\"><strong>\u00a04. Adida\u0219i din materiale u\u0219oare<\/strong><\/h3>\n\n\n\n<p>Pentru cele care prefer\u0103 confortul \u0219i u\u0219urin\u021ba \u00een purtarea perechilor de \u00eenc\u0103l\u021b\u0103minte, adida\u0219ii din materiale u\u0219oare sunt alegerea ideal\u0103. Ace\u0219ti adida\u0219i sunt confec\u021biona\u021bi din materiale respirabile \u0219i flexibile, care asigur\u0103 un confort sporit pe tot parcursul zilei. Culorile pastelate \u0219i designul minimalist sunt caracteristice acestui model. Dac\u0103 dore\u0219ti s\u0103 investe\u0219ti \u00een cel mai bun echipament de sal\u0103, atunci cu siguran\u021b\u0103 <a href=\"https:\/\/blog.ccc.eu\/ro\/cum-alegi-pantofii-potriviti-pentru-sala-de-fitness\/\">pantofii potrivi\u021bi pentru sala de fitness<\/a> pot fi adida\u0219ii din materiale u\u0219oare, la mod\u0103 \u00een acest sezon!\u00a0<\/p>\n\n\n\n<h3 class=\"wp-block-heading\"><strong>5. Adida\u0219i de alergare \u00een nuan\u021be pigmentate<\/strong><\/h3>\n\n\n\n<p>Nu \u00een ultimul r\u00e2nd, adida\u0219ii de alergare \u00een nuan\u021be pigmentate sunt un trend puternic \u00een acest sezon. Ace\u0219ti adida\u0219i sunt special concepu\u021bi pentru alergare, av\u00e2nd o talp\u0103 cu amortizare \u0219i o construc\u021bie durabil\u0103. Culorile intense \u0219i str\u0103lucitoare, precum galben, verde sau albastru, sunt cele mai \u00eent\u00e2lnite la acest model de adida\u0219i. \u00centr-un ghid anterior chiar \u021bi-am dezv\u0103luit <a href=\"https:\/\/blog.ccc.eu\/ro\/cum-alegi-cei-mai-buni-adidasi-de-alergat-ghid-complet\/\">cum alegi cei mai buni adida\u0219i de alergat<\/a>, a\u0219a c\u0103 te po\u021bi inspira de acolo pentru o alegere excelent\u0103.\u00a0<\/p>\n\n\n\n\n\n\n<h2 class=\"wp-block-heading\"><strong>Sfaturi pentru alegerea noilor modele de adida\u0219i<\/strong><\/h2>\n\n\n\n<p>Varietatea de modele noi de adida\u0219i la mod\u0103 mai mult ca sigur te-a luat prin surprindere. Cu toate acestea, nu trebuie s\u0103 te impacientezi, pentru c\u0103 am preg\u0103tit \u00een r\u00e2ndurile urm\u0103toare c\u00e2teva sfaturi de stil care te vor ajuta s\u0103 alegi modelele de adida\u0219i potrivite pentru tine.&nbsp;<\/p>\n\n\n\n<ul class=\"wp-block-list\">\n<li>\u00cen\u021belege trendurile actuale \u00een materie de adida\u0219i&nbsp;<\/li>\n<\/ul>\n\n\n\n<p>Pentru a face o alegere \u00een\u021beleapt\u0103, este esen\u021bial s\u0103 fii la curent cu tendin\u021bele actuale \u00een materie de modele de adida\u0219i. \u00cen acest sens, po\u021bi urm\u0103ri reviste de mod\u0103, bloguri sau site-uri specializate \u00een domeniu pentru a afla ce modele sunt la mod\u0103 \u00een acest sezon. De asemenea, po\u021bi analiza \u021binutele influencerilor de pe Instagram, pentru a te asigura c\u0103 vei alege adida\u0219i \u00een ton cu trendurile actuale.\u00a0<\/p>\n\n\n\n<figure class=\"wp-block-image size-large\"><img loading=\"lazy\" decoding=\"async\" width=\"683\" height=\"1024\" src=\"https:\/\/blog.ccc.eu\/ro\/wp-content\/uploads\/2024\/02\/CCC_5904862419909_05_lr-1-768x1152-1-683x1024.jpg\" alt=\"\" class=\"wp-image-7021\" srcset=\"https:\/\/blog.ccc.eu\/ro\/wp-content\/uploads\/2024\/02\/CCC_5904862419909_05_lr-1-768x1152-1-683x1024.jpg 683w, https:\/\/blog.ccc.eu\/ro\/wp-content\/uploads\/2024\/02\/CCC_5904862419909_05_lr-1-768x1152-1-200x300.jpg 200w, https:\/\/blog.ccc.eu\/ro\/wp-content\/uploads\/2024\/02\/CCC_5904862419909_05_lr-1-768x1152-1-100x150.jpg 100w, https:\/\/blog.ccc.eu\/ro\/wp-content\/uploads\/2024\/02\/CCC_5904862419909_05_lr-1-768x1152-1.jpg 768w\" sizes=\"auto, (max-width: 683px) 100vw, 683px\" \/><\/figure>\n\n\n\n<ul class=\"wp-block-list\">\n<li>Asigur\u0103-te c\u0103 alegi modele confortabile de adida\u0219i&nbsp;<\/li>\n<\/ul>\n\n\n\n<p>\u00cenainte de a face o alegere final\u0103, este important s\u0103 \u00eencerci mai multe perechi de adida\u0219i pentru a te asigura c\u0103 ace\u0219tia sunt confortabili \u0219i se potrivesc perfect picioarelor tale. Po\u021bi g\u0103si \u00eentr-un alt articol sfaturi pentru a g\u0103si <a href=\"https:\/\/blog.ccc.eu\/ro\/6-sfaturi-pentru-a-gasi-marimea-potrivita-la-incaltaminte\/\">m\u0103rimea potrivit\u0103 la \u00eenc\u0103l\u021b\u0103minte<\/a>. De asemenea, ar trebui s\u0103 acorzi aten\u021bie \u0219i materialului din care sunt fabrica\u021bi adida\u0219ii, deoarece acesta poate influen\u021ba confortul \u0219i felul \u00een care ace\u0219tia se potrivesc pe picior.&nbsp;<\/p>\n\n\n\n<ul class=\"wp-block-list\">\n<li>Verific\u0103 dac\u0103 ace\u0219tia sunt potrivi\u021bi mai multor stiluri vestimentare&nbsp;<\/li>\n<\/ul>\n\n\n\n<p>Pentru a putea beneficia la maxim de noua achizi\u021bie, este important ca adida\u0219ii s\u0103 se potriveasc\u0103 armonios cu diferite tipuri de \u021binute. Astfel, vei putea purta adida\u0219ii \u00een diverse ocazii \u0219i cu diferite stiluri vestimentare. De pild\u0103, te po\u021bi orienta c\u0103tre <a href=\"https:\/\/blog.ccc.eu\/ro\/7-tipuri-de-adidasi-care-merg-cu-rochii\/\">adida\u0219i care merg cu rochii<\/a> \u0219i pe care s\u0103-i po\u021bi purta \u0219i cu o <a href=\"https:\/\/blog.ccc.eu\/ro\/fusta-de-blugi-cu-ce-o-asortam\/\">fust\u0103 de blugi<\/a> sau pantaloni.&nbsp;<\/p>\n\n\n\n<ul class=\"wp-block-list\">\n<li>Mizeaz\u0103 pe calitate \u0219i durabilitate&nbsp;<\/li>\n<\/ul>\n\n\n\n<p>Pentru a te asigura c\u0103 investi\u021bia \u00een adida\u0219i este una pe termen lung, este important s\u0103 optezi pentru modele de adida\u0219i rezistente \u0219i calitative. Po\u021bi verifica modul \u00een care sunt confec\u021biona\u021bi adida\u0219ii, dar \u0219i calitatea materialelor folosite \u00eenainte de a face o alegere. Acestea sunt cele mai importante criterii pentru a identifica u\u0219or <a href=\"https:\/\/blog.ccc.eu\/ro\/adidasi-originali-vs-fake-sfaturi-pentru-a-i-identifica-usor-2\/\">adida\u0219ii originali vs fake<\/a>. De asemenea, po\u021bi c\u0103uta recenzii \u0219i evalu\u0103ri ale brandului sau modelului respectiv pentru a ob\u021bine informa\u021bii despre durabilitatea acestora.<\/p>\n\n\n\n\n\n\n<h2 class=\"wp-block-heading\"><strong>Cum s\u0103 asortezi modelele noi de adida\u0219i cu hainele<\/strong><\/h2>\n\n\n\n<p>Asortarea adida\u0219ilor cu hainele poate fi o sarcin\u0103 dificil\u0103, dar cu pu\u021bin\u0103 aten\u021bie \u0219i cuno\u0219tin\u021be despre mod\u0103, po\u021bi ob\u021bine un aspect stylish \u0219i armonios. Iat\u0103 c\u00e2teva sfaturi care te vor ajuta s\u0103 asortezi modelele noi de adida\u0219i cu hainele din garderoba de sezon!\u00a0<\/p>\n\n\n\n<h3 class=\"wp-block-heading\"><strong>\u00a0Asortarea adida\u0219ilor \u00een func\u021bie de culorile dominante<\/strong><\/h3>\n\n\n\n<p>Pentru a ob\u021bine o armonie cromatic\u0103 \u00een \u021binut\u0103, este important s\u0103 alegi adida\u0219ii \u00een func\u021bie de culorile dominante. De exemplu, dac\u0103 por\u021bi o \u021binut\u0103 \u00een culori neutre, po\u021bi ad\u0103uga o not\u0103 de culoare cu adida\u0219i \u00eentr-un ton mai vibrant. Adida\u0219ii albi sunt o op\u021biune excelent\u0103 \u0219i pot fi asorta\u021bi cu aproape orice tip de piese vestimentare.<\/p>\n\n\n\n<h3 class=\"wp-block-heading\"><strong>\u00a0Asortarea adida\u0219ilor \u00een func\u021bie de ocazie<\/strong><\/h3>\n\n\n\n<p>Este important s\u0103 iei \u00een considerare ocazia la care vei purta adida\u0219ii. Pentru activit\u0103\u021bi sportive sau casual, po\u021bi opta pentru adida\u0219i sport. Dac\u0103 vrei s\u0103 \u00eei por\u021bi la birou sau la evenimente mai formale, alege adida\u0219i cu un design mai elegant sau minimal. Doar \u0219tii deja c\u0103 po\u021bi purta foarte u\u0219or <a href=\"https:\/\/blog.ccc.eu\/ro\/costum-cu-adidasi-recomandari-cu-stil-pentru-femei-si-barbati\/\">costum cu adida\u0219i<\/a>, at\u00e2ta vreme c\u00e2t \u00eel vei asocia cu o pereche de sneakers de dam\u0103 din piele!\u00a0<\/p>\n\n\n\n<figure class=\"wp-block-image size-large\"><img loading=\"lazy\" decoding=\"async\" width=\"683\" height=\"1024\" src=\"https:\/\/blog.ccc.eu\/ro\/wp-content\/uploads\/2024\/02\/CCC_5904862853123_04-768x1152-1-683x1024.jpg\" alt=\"\" class=\"wp-image-7022\" srcset=\"https:\/\/blog.ccc.eu\/ro\/wp-content\/uploads\/2024\/02\/CCC_5904862853123_04-768x1152-1-683x1024.jpg 683w, https:\/\/blog.ccc.eu\/ro\/wp-content\/uploads\/2024\/02\/CCC_5904862853123_04-768x1152-1-200x300.jpg 200w, https:\/\/blog.ccc.eu\/ro\/wp-content\/uploads\/2024\/02\/CCC_5904862853123_04-768x1152-1-100x150.jpg 100w, https:\/\/blog.ccc.eu\/ro\/wp-content\/uploads\/2024\/02\/CCC_5904862853123_04-768x1152-1.jpg 768w\" sizes=\"auto, (max-width: 683px) 100vw, 683px\" \/><\/figure>\n\n\n\n<h3 class=\"wp-block-heading\"><strong>Asortarea adida\u0219ilor \u00een func\u021bie de stilul personal<\/strong><\/h3>\n\n\n\n<p>Fiecare persoan\u0103 are un stil vestimentar unic, iar adida\u0219ii trebuie s\u0103 se potriveasc\u0103 perfect cu acesta. Dac\u0103 stilul sport te reprezint\u0103, opteaz\u0103 pentru adida\u0219i cu un aspect sporty sau cu talp\u0103 chunky. Dac\u0103 preferi un stil mai retro, alege adida\u0219i cu accente retro sau \u00een culori \u0219i modele vintage.<\/p>\n\n\n\n<h3 class=\"wp-block-heading\"><strong>Asortarea adida\u0219ilor cu diferite tipuri de piese vestimentare<\/strong><\/h3>\n\n\n\n<p>Adida\u0219ii pot fi combina\u021bi cu o varietate de piese vestimentare, de la blugi \u0219i pantaloni, la fuste \u0219i rochii. Pentru o \u021binut\u0103 casual, po\u021bi purta adida\u0219i cu blugi \u0219i o c\u0103ma\u0219\u0103 simpl\u0103. Pentru un look mai feminin, \u00eencearc\u0103 s\u0103 asortezi adida\u0219ii cu o rochie sau o fust\u0103 midi. Exist\u0103 o mul\u021bime de <a href=\"https:\/\/blog.ccc.eu\/ro\/idei-de-tinute-in-care-sa-integrezi-rochiile-de-toamna\/\">rochii de toamn\u0103<\/a> pe care la po\u021bi asorta cu adida\u0219i la mod\u0103, pentru a ob\u021bine un look relaxat de sezon.Modelele de adida\u0219i prezentate \u00een acest articol domin\u0103 cu siguran\u021b\u0103 lumea modei \u00een acest sezon, at\u00e2t datorit\u0103 designului modern, dar \u0219i a calit\u0103\u021bii materialelor utilizate. Sper\u0103m ca sfaturile \u0219i recomand\u0103rile noastre s\u0103 te ajute s\u0103 alegi perechea ideal\u0103 de adida\u0219i. C\u00e2nd ai dubii, intr\u0103 pe <a href=\"https:\/\/ccc.eu\/ro\/mobile-app\">aplica\u021bia CCC<\/a> pentru a fi la curent \u00een permanen\u021b\u0103 cu cei mai trendy adida\u0219i ai momentului!<\/p>\n","protected":false},"excerpt":{"rendered":"<p>Toamna este aici \u0219i moda perpetueaz\u0103, sezon dup\u0103 sezon, modele de \u00eenc\u0103l\u021b\u0103minte care promoveaz\u0103 confortul \u0219i stilul relaxat &#8211; desigur, pe l\u00e2ng\u0103 tocurile ame\u021bitoare \u00een care defileaz\u0103 modelele la Fashion Week. Unele dintre aceste modele de \u00eenc\u0103l\u021b\u0103minte sunt adida\u0219ii, cunoscu\u021bi pentru nivelul ridicat de confort pe care-l ofer\u0103 \u0219i pentru u\u0219urin\u021ba cu care pot fi [&hellip;]<\/p>\n","protected":false},"author":14,"featured_media":7014,"comment_status":"closed","ping_status":"closed","sticky":false,"template":"","format":"standard","meta":{"_acf_changed":false,"footnotes":""},"categories":[6],"tags":[634,1916,1919,1917,1915,727,724,1918],"class_list":["post-7008","post","type-post","status-publish","format-standard","has-post-thumbnail","hentry","category-tendinte","tag-adidasi-dama","tag-adidasi-la-moda","tag-cum-porti-adidasi","tag-modele-de-adidasi","tag-modele-noi-adidasi","tag-sfaturi-de-moda","tag-tendinte","tag-tendinte-adidasi"],"acf":[],"yoast_head":"<!-- This site is optimized with the Yoast SEO plugin v26.9 - https:\/\/yoast.com\/product\/yoast-seo-wordpress\/ -->\n<title>5 modele noi de adida\u0219i care domin\u0103 sezonul acesta - CCC Fashion blog<\/title>\n<meta name=\"description\" content=\"2026\" \/>\n<meta name=\"robots\" content=\"index, follow, max-snippet:-1, max-image-preview:large, max-video-preview:-1\" \/>\n<link rel=\"canonical\" href=\"https:\/\/blog.ccc.eu\/ro\/modele-noi-de-adidasi-care-domina-sezonul-acesta\/\" \/>\n<meta property=\"og:locale\" content=\"ro_RO\" \/>\n<meta property=\"og:type\" content=\"article\" \/>\n<meta property=\"og:title\" content=\"5 modele noi de adida\u0219i care domin\u0103 sezonul acesta - CCC Fashion blog\" \/>\n<meta property=\"og:description\" content=\"Toamna este aici \u0219i moda perpetueaz\u0103, sezon dup\u0103 sezon, modele de \u00eenc\u0103l\u021b\u0103minte care promoveaz\u0103 confortul \u0219i stilul relaxat &#8211; desigur, pe l\u00e2ng\u0103 tocurile ame\u021bitoare \u00een care defileaz\u0103 modelele la Fashion Week. Unele dintre aceste modele de \u00eenc\u0103l\u021b\u0103minte sunt adida\u0219ii, cunoscu\u021bi pentru nivelul ridicat de confort pe care-l ofer\u0103 \u0219i pentru u\u0219urin\u021ba cu care pot fi [&hellip;]\" \/>\n<meta property=\"og:url\" content=\"https:\/\/blog.ccc.eu\/ro\/modele-noi-de-adidasi-care-domina-sezonul-acesta\/\" \/>\n<meta property=\"og:site_name\" content=\"CCC Fashion blog\" \/>\n<meta property=\"article:published_time\" content=\"2023-10-05T11:06:35+00:00\" \/>\n<meta property=\"article:modified_time\" content=\"2024-02-08T12:07:13+00:00\" \/>\n<meta property=\"og:image\" content=\"https:\/\/blog.ccc.eu\/ro\/wp-content\/uploads\/2024\/02\/230306_CCC_0292_final.jpg\" \/>\n\t<meta property=\"og:image:width\" content=\"765\" \/>\n\t<meta property=\"og:image:height\" content=\"1020\" \/>\n\t<meta property=\"og:image:type\" content=\"image\/jpeg\" \/>\n<meta name=\"author\" content=\"Andreea Stoian\u00a0\" \/>\n<meta name=\"twitter:card\" content=\"summary_large_image\" \/>\n<meta name=\"twitter:label1\" content=\"Scris de\" \/>\n\t<meta name=\"twitter:data1\" content=\"Andreea Stoian\u00a0\" \/>\n\t<meta name=\"twitter:label2\" content=\"Timp estimat pentru citire\" \/>\n\t<meta name=\"twitter:data2\" content=\"8 minute\" \/>\n<script type=\"application\/ld+json\" class=\"yoast-schema-graph\">{\"@context\":\"https:\/\/schema.org\",\"@graph\":[{\"@type\":\"Article\",\"@id\":\"https:\/\/blog.ccc.eu\/ro\/modele-noi-de-adidasi-care-domina-sezonul-acesta\/#article\",\"isPartOf\":{\"@id\":\"https:\/\/blog.ccc.eu\/ro\/modele-noi-de-adidasi-care-domina-sezonul-acesta\/\"},\"author\":{\"name\":\"Andreea Stoian\u00a0\",\"@id\":\"https:\/\/blog.ccc.eu\/ro\/#\/schema\/person\/0601bbc3e409e0a44a47df3630e6edf2\"},\"headline\":\"5 modele noi de adida\u0219i care domin\u0103 sezonul acesta\",\"datePublished\":\"2023-10-05T11:06:35+00:00\",\"dateModified\":\"2024-02-08T12:07:13+00:00\",\"mainEntityOfPage\":{\"@id\":\"https:\/\/blog.ccc.eu\/ro\/modele-noi-de-adidasi-care-domina-sezonul-acesta\/\"},\"wordCount\":1606,\"publisher\":{\"@id\":\"https:\/\/blog.ccc.eu\/ro\/#organization\"},\"image\":{\"@id\":\"https:\/\/blog.ccc.eu\/ro\/modele-noi-de-adidasi-care-domina-sezonul-acesta\/#primaryimage\"},\"thumbnailUrl\":\"https:\/\/blog.ccc.eu\/ro\/wp-content\/uploads\/2024\/02\/230306_CCC_0292_final.jpg\",\"keywords\":[\"adidasi dama\",\"adidasi la moda\",\"cum porti adidasi\",\"modele de adidasi\",\"modele noi adidasi\",\"sfaturi de moda\",\"tendinte\",\"tendinte adidasi\"],\"articleSection\":[\"TENDIN\u021aE\"],\"inLanguage\":\"ro-RO\"},{\"@type\":\"WebPage\",\"@id\":\"https:\/\/blog.ccc.eu\/ro\/modele-noi-de-adidasi-care-domina-sezonul-acesta\/\",\"url\":\"https:\/\/blog.ccc.eu\/ro\/modele-noi-de-adidasi-care-domina-sezonul-acesta\/\",\"name\":\"5 modele noi de adida\u0219i care domin\u0103 sezonul acesta - CCC Fashion blog\",\"isPartOf\":{\"@id\":\"https:\/\/blog.ccc.eu\/ro\/#website\"},\"primaryImageOfPage\":{\"@id\":\"https:\/\/blog.ccc.eu\/ro\/modele-noi-de-adidasi-care-domina-sezonul-acesta\/#primaryimage\"},\"image\":{\"@id\":\"https:\/\/blog.ccc.eu\/ro\/modele-noi-de-adidasi-care-domina-sezonul-acesta\/#primaryimage\"},\"thumbnailUrl\":\"https:\/\/blog.ccc.eu\/ro\/wp-content\/uploads\/2024\/02\/230306_CCC_0292_final.jpg\",\"datePublished\":\"2023-10-05T11:06:35+00:00\",\"dateModified\":\"2024-02-08T12:07:13+00:00\",\"breadcrumb\":{\"@id\":\"https:\/\/blog.ccc.eu\/ro\/modele-noi-de-adidasi-care-domina-sezonul-acesta\/#breadcrumb\"},\"inLanguage\":\"ro-RO\",\"potentialAction\":[{\"@type\":\"ReadAction\",\"target\":[\"https:\/\/blog.ccc.eu\/ro\/modele-noi-de-adidasi-care-domina-sezonul-acesta\/\"]}]},{\"@type\":\"ImageObject\",\"inLanguage\":\"ro-RO\",\"@id\":\"https:\/\/blog.ccc.eu\/ro\/modele-noi-de-adidasi-care-domina-sezonul-acesta\/#primaryimage\",\"url\":\"https:\/\/blog.ccc.eu\/ro\/wp-content\/uploads\/2024\/02\/230306_CCC_0292_final.jpg\",\"contentUrl\":\"https:\/\/blog.ccc.eu\/ro\/wp-content\/uploads\/2024\/02\/230306_CCC_0292_final.jpg\",\"width\":765,\"height\":1020},{\"@type\":\"BreadcrumbList\",\"@id\":\"https:\/\/blog.ccc.eu\/ro\/modele-noi-de-adidasi-care-domina-sezonul-acesta\/#breadcrumb\",\"itemListElement\":[{\"@type\":\"ListItem\",\"position\":1,\"name\":\"Strona g\u0142\u00f3wna\",\"item\":\"https:\/\/blog.ccc.eu\/ro\/\"},{\"@type\":\"ListItem\",\"position\":2,\"name\":\"5 modele noi de adida\u0219i care domin\u0103 sezonul acesta\"}]},{\"@type\":\"WebSite\",\"@id\":\"https:\/\/blog.ccc.eu\/ro\/#website\",\"url\":\"https:\/\/blog.ccc.eu\/ro\/\",\"name\":\"CCC Fashion blog\",\"description\":\"Locul t\u0103u plin de inspira\u021bii \u00een mod\u0103\",\"publisher\":{\"@id\":\"https:\/\/blog.ccc.eu\/ro\/#organization\"},\"potentialAction\":[{\"@type\":\"SearchAction\",\"target\":{\"@type\":\"EntryPoint\",\"urlTemplate\":\"https:\/\/blog.ccc.eu\/ro\/?s={search_term_string}\"},\"query-input\":{\"@type\":\"PropertyValueSpecification\",\"valueRequired\":true,\"valueName\":\"search_term_string\"}}],\"inLanguage\":\"ro-RO\"},{\"@type\":\"Organization\",\"@id\":\"https:\/\/blog.ccc.eu\/ro\/#organization\",\"name\":\"CCC S.A.\",\"url\":\"https:\/\/blog.ccc.eu\/ro\/\",\"logo\":{\"@type\":\"ImageObject\",\"inLanguage\":\"ro-RO\",\"@id\":\"https:\/\/blog.ccc.eu\/ro\/#\/schema\/logo\/image\/\",\"url\":\"https:\/\/blog.ccc.eu\/ro\/wp-content\/uploads\/2021\/11\/logo_ccc.png\",\"contentUrl\":\"https:\/\/blog.ccc.eu\/ro\/wp-content\/uploads\/2021\/11\/logo_ccc.png\",\"width\":730,\"height\":270,\"caption\":\"CCC S.A.\"},\"image\":{\"@id\":\"https:\/\/blog.ccc.eu\/ro\/#\/schema\/logo\/image\/\"}},{\"@type\":\"Person\",\"@id\":\"https:\/\/blog.ccc.eu\/ro\/#\/schema\/person\/0601bbc3e409e0a44a47df3630e6edf2\",\"name\":\"Andreea Stoian\u00a0\",\"image\":{\"@type\":\"ImageObject\",\"inLanguage\":\"ro-RO\",\"@id\":\"https:\/\/blog.ccc.eu\/ro\/#\/schema\/person\/image\/\",\"url\":\"https:\/\/blog.ccc.eu\/ro\/wp-content\/uploads\/2022\/01\/Andreea-Stoian-2-100x100.jpeg\",\"contentUrl\":\"https:\/\/blog.ccc.eu\/ro\/wp-content\/uploads\/2022\/01\/Andreea-Stoian-2-100x100.jpeg\",\"caption\":\"Andreea Stoian\u00a0\"},\"url\":\"https:\/\/blog.ccc.eu\/ro\/author\/andreea-stoian\/\"}]}<\/script>\n<!-- \/ Yoast SEO plugin. -->","yoast_head_json":{"title":"5 modele noi de adida\u0219i care domin\u0103 sezonul acesta - CCC Fashion blog","description":"2026","robots":{"index":"index","follow":"follow","max-snippet":"max-snippet:-1","max-image-preview":"max-image-preview:large","max-video-preview":"max-video-preview:-1"},"canonical":"https:\/\/blog.ccc.eu\/ro\/modele-noi-de-adidasi-care-domina-sezonul-acesta\/","og_locale":"ro_RO","og_type":"article","og_title":"5 modele noi de adida\u0219i care domin\u0103 sezonul acesta - CCC Fashion blog","og_description":"Toamna este aici \u0219i moda perpetueaz\u0103, sezon dup\u0103 sezon, modele de \u00eenc\u0103l\u021b\u0103minte care promoveaz\u0103 confortul \u0219i stilul relaxat &#8211; desigur, pe l\u00e2ng\u0103 tocurile ame\u021bitoare \u00een care defileaz\u0103 modelele la Fashion Week. Unele dintre aceste modele de \u00eenc\u0103l\u021b\u0103minte sunt adida\u0219ii, cunoscu\u021bi pentru nivelul ridicat de confort pe care-l ofer\u0103 \u0219i pentru u\u0219urin\u021ba cu care pot fi [&hellip;]","og_url":"https:\/\/blog.ccc.eu\/ro\/modele-noi-de-adidasi-care-domina-sezonul-acesta\/","og_site_name":"CCC Fashion blog","article_published_time":"2023-10-05T11:06:35+00:00","article_modified_time":"2024-02-08T12:07:13+00:00","og_image":[{"width":765,"height":1020,"url":"https:\/\/blog.ccc.eu\/ro\/wp-content\/uploads\/2024\/02\/230306_CCC_0292_final.jpg","type":"image\/jpeg"}],"author":"Andreea Stoian\u00a0","twitter_card":"summary_large_image","twitter_misc":{"Scris de":"Andreea Stoian\u00a0","Timp estimat pentru citire":"8 minute"},"schema":{"@context":"https:\/\/schema.org","@graph":[{"@type":"Article","@id":"https:\/\/blog.ccc.eu\/ro\/modele-noi-de-adidasi-care-domina-sezonul-acesta\/#article","isPartOf":{"@id":"https:\/\/blog.ccc.eu\/ro\/modele-noi-de-adidasi-care-domina-sezonul-acesta\/"},"author":{"name":"Andreea Stoian\u00a0","@id":"https:\/\/blog.ccc.eu\/ro\/#\/schema\/person\/0601bbc3e409e0a44a47df3630e6edf2"},"headline":"5 modele noi de adida\u0219i care domin\u0103 sezonul acesta","datePublished":"2023-10-05T11:06:35+00:00","dateModified":"2024-02-08T12:07:13+00:00","mainEntityOfPage":{"@id":"https:\/\/blog.ccc.eu\/ro\/modele-noi-de-adidasi-care-domina-sezonul-acesta\/"},"wordCount":1606,"publisher":{"@id":"https:\/\/blog.ccc.eu\/ro\/#organization"},"image":{"@id":"https:\/\/blog.ccc.eu\/ro\/modele-noi-de-adidasi-care-domina-sezonul-acesta\/#primaryimage"},"thumbnailUrl":"https:\/\/blog.ccc.eu\/ro\/wp-content\/uploads\/2024\/02\/230306_CCC_0292_final.jpg","keywords":["adidasi dama","adidasi la moda","cum porti adidasi","modele de adidasi","modele noi adidasi","sfaturi de moda","tendinte","tendinte adidasi"],"articleSection":["TENDIN\u021aE"],"inLanguage":"ro-RO"},{"@type":"WebPage","@id":"https:\/\/blog.ccc.eu\/ro\/modele-noi-de-adidasi-care-domina-sezonul-acesta\/","url":"https:\/\/blog.ccc.eu\/ro\/modele-noi-de-adidasi-care-domina-sezonul-acesta\/","name":"5 modele noi de adida\u0219i care domin\u0103 sezonul acesta - CCC Fashion blog","isPartOf":{"@id":"https:\/\/blog.ccc.eu\/ro\/#website"},"primaryImageOfPage":{"@id":"https:\/\/blog.ccc.eu\/ro\/modele-noi-de-adidasi-care-domina-sezonul-acesta\/#primaryimage"},"image":{"@id":"https:\/\/blog.ccc.eu\/ro\/modele-noi-de-adidasi-care-domina-sezonul-acesta\/#primaryimage"},"thumbnailUrl":"https:\/\/blog.ccc.eu\/ro\/wp-content\/uploads\/2024\/02\/230306_CCC_0292_final.jpg","datePublished":"2023-10-05T11:06:35+00:00","dateModified":"2024-02-08T12:07:13+00:00","breadcrumb":{"@id":"https:\/\/blog.ccc.eu\/ro\/modele-noi-de-adidasi-care-domina-sezonul-acesta\/#breadcrumb"},"inLanguage":"ro-RO","potentialAction":[{"@type":"ReadAction","target":["https:\/\/blog.ccc.eu\/ro\/modele-noi-de-adidasi-care-domina-sezonul-acesta\/"]}]},{"@type":"ImageObject","inLanguage":"ro-RO","@id":"https:\/\/blog.ccc.eu\/ro\/modele-noi-de-adidasi-care-domina-sezonul-acesta\/#primaryimage","url":"https:\/\/blog.ccc.eu\/ro\/wp-content\/uploads\/2024\/02\/230306_CCC_0292_final.jpg","contentUrl":"https:\/\/blog.ccc.eu\/ro\/wp-content\/uploads\/2024\/02\/230306_CCC_0292_final.jpg","width":765,"height":1020},{"@type":"BreadcrumbList","@id":"https:\/\/blog.ccc.eu\/ro\/modele-noi-de-adidasi-care-domina-sezonul-acesta\/#breadcrumb","itemListElement":[{"@type":"ListItem","position":1,"name":"Strona g\u0142\u00f3wna","item":"https:\/\/blog.ccc.eu\/ro\/"},{"@type":"ListItem","position":2,"name":"5 modele noi de adida\u0219i care domin\u0103 sezonul acesta"}]},{"@type":"WebSite","@id":"https:\/\/blog.ccc.eu\/ro\/#website","url":"https:\/\/blog.ccc.eu\/ro\/","name":"CCC Fashion blog","description":"Locul t\u0103u plin de inspira\u021bii \u00een mod\u0103","publisher":{"@id":"https:\/\/blog.ccc.eu\/ro\/#organization"},"potentialAction":[{"@type":"SearchAction","target":{"@type":"EntryPoint","urlTemplate":"https:\/\/blog.ccc.eu\/ro\/?s={search_term_string}"},"query-input":{"@type":"PropertyValueSpecification","valueRequired":true,"valueName":"search_term_string"}}],"inLanguage":"ro-RO"},{"@type":"Organization","@id":"https:\/\/blog.ccc.eu\/ro\/#organization","name":"CCC S.A.","url":"https:\/\/blog.ccc.eu\/ro\/","logo":{"@type":"ImageObject","inLanguage":"ro-RO","@id":"https:\/\/blog.ccc.eu\/ro\/#\/schema\/logo\/image\/","url":"https:\/\/blog.ccc.eu\/ro\/wp-content\/uploads\/2021\/11\/logo_ccc.png","contentUrl":"https:\/\/blog.ccc.eu\/ro\/wp-content\/uploads\/2021\/11\/logo_ccc.png","width":730,"height":270,"caption":"CCC S.A."},"image":{"@id":"https:\/\/blog.ccc.eu\/ro\/#\/schema\/logo\/image\/"}},{"@type":"Person","@id":"https:\/\/blog.ccc.eu\/ro\/#\/schema\/person\/0601bbc3e409e0a44a47df3630e6edf2","name":"Andreea Stoian\u00a0","image":{"@type":"ImageObject","inLanguage":"ro-RO","@id":"https:\/\/blog.ccc.eu\/ro\/#\/schema\/person\/image\/","url":"https:\/\/blog.ccc.eu\/ro\/wp-content\/uploads\/2022\/01\/Andreea-Stoian-2-100x100.jpeg","contentUrl":"https:\/\/blog.ccc.eu\/ro\/wp-content\/uploads\/2022\/01\/Andreea-Stoian-2-100x100.jpeg","caption":"Andreea Stoian\u00a0"},"url":"https:\/\/blog.ccc.eu\/ro\/author\/andreea-stoian\/"}]}},"_links":{"self":[{"href":"https:\/\/blog.ccc.eu\/ro\/wp-json\/wp\/v2\/posts\/7008","targetHints":{"allow":["GET"]}}],"collection":[{"href":"https:\/\/blog.ccc.eu\/ro\/wp-json\/wp\/v2\/posts"}],"about":[{"href":"https:\/\/blog.ccc.eu\/ro\/wp-json\/wp\/v2\/types\/post"}],"author":[{"embeddable":true,"href":"https:\/\/blog.ccc.eu\/ro\/wp-json\/wp\/v2\/users\/14"}],"replies":[{"embeddable":true,"href":"https:\/\/blog.ccc.eu\/ro\/wp-json\/wp\/v2\/comments?post=7008"}],"version-history":[{"count":5,"href":"https:\/\/blog.ccc.eu\/ro\/wp-json\/wp\/v2\/posts\/7008\/revisions"}],"predecessor-version":[{"id":7023,"href":"https:\/\/blog.ccc.eu\/ro\/wp-json\/wp\/v2\/posts\/7008\/revisions\/7023"}],"wp:featuredmedia":[{"embeddable":true,"href":"https:\/\/blog.ccc.eu\/ro\/wp-json\/wp\/v2\/media\/7014"}],"wp:attachment":[{"href":"https:\/\/blog.ccc.eu\/ro\/wp-json\/wp\/v2\/media?parent=7008"}],"wp:term":[{"taxonomy":"category","embeddable":true,"href":"https:\/\/blog.ccc.eu\/ro\/wp-json\/wp\/v2\/categories?post=7008"},{"taxonomy":"post_tag","embeddable":true,"href":"https:\/\/blog.ccc.eu\/ro\/wp-json\/wp\/v2\/tags?post=7008"}],"curies":[{"name":"wp","href":"https:\/\/api.w.org\/{rel}","templated":true}]}}